{"id":9988,"date":"2020-02-24T15:30:06","date_gmt":"2020-02-24T14:30:06","guid":{"rendered":"https:\/\/encompaniastj.org\/oracao-com-catequistas-diocese-de-saragoca-casa-de-oracao-saragoca\/"},"modified":"2025-07-07T16:21:14","modified_gmt":"2025-07-07T14:21:14","slug":"oracao-com-catequistas-diocese-de-saragoca-casa-de-oracao-saragoca","status":"publish","type":"post","link":"https:\/\/encompaniastj.org\/pt-pt\/oracao-com-catequistas-diocese-de-saragoca-casa-de-oracao-saragoca\/","title":{"rendered":"Ora\u00e7\u00e3o com Catequistas, diocese de Sarago\u00e7a \u2013 Casa de Ora\u00e7\u00e3o, Sarago\u00e7a"},"content":{"rendered":"\n<p>O secretariado de catequese pediu novamente \u00e0 comunidade teresiana da Casa de Ora\u00e7\u00e3o para orientarmos a ora\u00e7\u00e3o a partir de Santo Henrique. \u00c9 o segundo ano que celebramos a festa de Santo Henrique com os catequistas da Diocese de Sarago\u00e7a. Reunimo-nos na Igreja do Mosteiro da Ressurrei\u00e7\u00e3o, S. Nicolau, uma Igreja famosa e muito bonita na parte antiga da cidade.<\/p>\n\n\n\n<p>Depois de uma breve e simples introdu\u00e7\u00e3o na qual coment\u00e1mos algo do perfil de Henrique como catequista e como mestre de ora\u00e7\u00e3o, deix\u00e1mo-nos acompanhar por ele. Seguimos os passos que nos indica no Quarto de Hora, e desenvolvemos a medita\u00e7\u00e3o introdut\u00f3ria do seu livro <em>Um m\u00eas na escola do cora\u00e7\u00e3o de Jesus<\/em> \u00e0 luz do texto que Santo Henrique apresenta como fundamental: \u201c<strong>Vinde<\/strong> a mim todos os que estais cansados e oprimidos e eu vos aliviarei; <strong>aprendei <\/strong>de mim que sou manso e <strong>humilde<\/strong> de cora\u00e7\u00e3o e encontrareis descanso para as vossas almas\u201d (Mt. 11,28).<\/p>\n\n\n\n<p>Ambient\u00e1mos o lugar com a imagem de Jesus que h\u00e1 em muitos lugares teresianos. Estivemos rezando com serenidade e com um ritmo tranquilo; notava-se que est\u00e1vamos concentrados, e que o ambiente favorecia a participa\u00e7\u00e3o serena. Termin\u00e1mos orando com a ora\u00e7\u00e3o de Santo Henrique, <em>S\u00faplica a Jesus Cristo<\/em>, que o Diretor da catequese tinha preparado num postal; unimo-nos pedindo pelos nossos meninos e meninas, jovens ou adultos das nossas catequeses. Termin\u00e1mos, todos contentes e agradecidos.<\/p>\n\n\n\n<p>No folheto para acompanhar a ora\u00e7\u00e3o, pusemos um breve guia de ora\u00e7\u00e3o para os ajudar no seu trabalho de catequistas e na vida pessoal.<\/p>\n\n\n\n<p>M\u00aa Jos\u00e9 Palos<\/p>\n\n\n\n<ul class=\"wp-block-gallery columns-2 is-cropped wp-block-gallery-1 is-layout-flex wp-block-gallery-is-layout-flex\">\n<li class=\"blocks-gallery-item\">\n<figure><a href=\"https:\/\/encompaniastj.org\/wp-content\/uploads\/2025\/05\/3-Zaragoza.jpg\"><img decoding=\"async\" class=\"wp-image-6067\" src=\"https:\/\/encompaniastj.org\/wp-content\/uploads\/2025\/05\/3-Zaragoza.jpg\" alt=\"\" data-id=\"6067\" data-link=\"https:\/\/encompaniastj.org\/?attachment_id=6067\" \/><\/a><\/figure>\n<\/li>\n<li class=\"blocks-gallery-item\">\n<figure><a href=\"https:\/\/encompaniastj.org\/wp-content\/uploads\/2025\/05\/1-Zaragoza.jpg\"><img decoding=\"async\" class=\"wp-image-6065\" src=\"https:\/\/encompaniastj.org\/wp-content\/uploads\/2025\/05\/1-Zaragoza.jpg\" alt=\"\" data-id=\"6065\" data-link=\"https:\/\/encompaniastj.org\/?attachment_id=6065\" \/><\/a><\/figure>\n<\/li>\n<li class=\"blocks-gallery-item\">\n<figure><a href=\"https:\/\/encompaniastj.org\/wp-content\/uploads\/2025\/05\/5-Zaragoza.jpg\"><img decoding=\"async\" class=\"wp-image-6069\" src=\"https:\/\/encompaniastj.org\/wp-content\/uploads\/2025\/05\/5-Zaragoza.jpg\" alt=\"\" data-id=\"6069\" data-link=\"https:\/\/encompaniastj.org\/?attachment_id=6069\" \/><\/a><\/figure>\n<\/li>\n<\/ul>\n","protected":false},"excerpt":{"rendered":"<p>O secretariado de catequese pediu novamente \u00e0 comunidade teresiana da Casa de Ora\u00e7\u00e3o para orientarmos a ora\u00e7\u00e3o a partir de Santo Henrique. \u00c9 o segundo ano que celebramos a festa [&hellip;]<\/p>\n","protected":false},"author":1,"featured_media":7347,"comment_status":"open","ping_status":"open","sticky":false,"template":"","format":"standard","meta":{"_acf_changed":false,"footnotes":""},"categories":[61,80,78],"tags":[],"class_list":["post-9988","post","type-post","status-publish","format-standard","has-post-thumbnail","hentry","category-noticias","category-paroquial-eclesial","category-parroquial-eclesial"],"acf":[],"yoast_head":"<!-- This site is optimized with the Yoast SEO plugin v27.5 - https:\/\/yoast.com\/product\/yoast-seo-wordpress\/ -->\n<title>Ora\u00e7\u00e3o com Catequistas, diocese de Sarago\u00e7a \u2013 Casa de Ora\u00e7\u00e3o, Sarago\u00e7a - En Compa\u00f1\u00eda STJ<\/title>\n<meta name=\"robots\" content=\"index, follow, max-snippet:-1, max-image-preview:large, max-video-preview:-1\" \/>\n<link rel=\"canonical\" href=\"https:\/\/encompaniastj.org\/pt-pt\/oracao-com-catequistas-diocese-de-saragoca-casa-de-oracao-saragoca\/\" \/>\n<meta property=\"og:locale\" content=\"pt_PT\" \/>\n<meta property=\"og:type\" content=\"article\" \/>\n<meta property=\"og:title\" content=\"Ora\u00e7\u00e3o com Catequistas, diocese de Sarago\u00e7a \u2013 Casa de Ora\u00e7\u00e3o, Sarago\u00e7a - En Compa\u00f1\u00eda STJ\" \/>\n<meta property=\"og:description\" content=\"O secretariado de catequese pediu novamente \u00e0 comunidade teresiana da Casa de Ora\u00e7\u00e3o para orientarmos a ora\u00e7\u00e3o a partir de Santo Henrique. \u00c9 o segundo ano que celebramos a festa [&hellip;]\" \/>\n<meta property=\"og:url\" content=\"https:\/\/encompaniastj.org\/pt-pt\/oracao-com-catequistas-diocese-de-saragoca-casa-de-oracao-saragoca\/\" \/>\n<meta property=\"og:site_name\" content=\"En Compa\u00f1\u00eda STJ\" \/>\n<meta property=\"article:published_time\" content=\"2020-02-24T14:30:06+00:00\" \/>\n<meta property=\"article:modified_time\" content=\"2025-07-07T14:21:14+00:00\" \/>\n<meta property=\"og:image\" content=\"https:\/\/encompaniastj.org\/wp-content\/uploads\/2025\/05\/5-Zaragoza.jpg\" \/>\n\t<meta property=\"og:image:width\" content=\"1600\" \/>\n\t<meta property=\"og:image:height\" content=\"1200\" \/>\n\t<meta property=\"og:image:type\" content=\"image\/jpeg\" \/>\n<meta name=\"author\" content=\"admin\" \/>\n<meta name=\"twitter:card\" content=\"summary_large_image\" \/>\n<meta name=\"twitter:label1\" content=\"Escrito por\" \/>\n\t<meta name=\"twitter:data1\" content=\"admin\" \/>\n\t<meta name=\"twitter:label2\" content=\"Tempo estimado de leitura\" \/>\n\t<meta name=\"twitter:data2\" content=\"2 minutos\" \/>\n<script type=\"application\/ld+json\" class=\"yoast-schema-graph\">{\"@context\":\"https:\\\/\\\/schema.org\",\"@graph\":[{\"@type\":\"Article\",\"@id\":\"https:\\\/\\\/encompaniastj.org\\\/pt-pt\\\/oracao-com-catequistas-diocese-de-saragoca-casa-de-oracao-saragoca\\\/#article\",\"isPartOf\":{\"@id\":\"https:\\\/\\\/encompaniastj.org\\\/pt-pt\\\/oracao-com-catequistas-diocese-de-saragoca-casa-de-oracao-saragoca\\\/\"},\"author\":{\"name\":\"admin\",\"@id\":\"https:\\\/\\\/encompaniastj.org\\\/pt-pt\\\/#\\\/schema\\\/person\\\/520e7ecc314793d40091993c2a02b651\"},\"headline\":\"Ora\u00e7\u00e3o com Catequistas, diocese de Sarago\u00e7a \u2013 Casa de Ora\u00e7\u00e3o, Sarago\u00e7a\",\"datePublished\":\"2020-02-24T14:30:06+00:00\",\"dateModified\":\"2025-07-07T14:21:14+00:00\",\"mainEntityOfPage\":{\"@id\":\"https:\\\/\\\/encompaniastj.org\\\/pt-pt\\\/oracao-com-catequistas-diocese-de-saragoca-casa-de-oracao-saragoca\\\/\"},\"wordCount\":288,\"commentCount\":0,\"publisher\":{\"@id\":\"https:\\\/\\\/encompaniastj.org\\\/pt-pt\\\/#organization\"},\"image\":{\"@id\":\"https:\\\/\\\/encompaniastj.org\\\/pt-pt\\\/oracao-com-catequistas-diocese-de-saragoca-casa-de-oracao-saragoca\\\/#primaryimage\"},\"thumbnailUrl\":\"https:\\\/\\\/encompaniastj.org\\\/wp-content\\\/uploads\\\/2025\\\/05\\\/5-Zaragoza.jpg\",\"articleSection\":[\"Noticias\",\"Paroquial - eclesial\",\"Parroquial - Eclesial\"],\"inLanguage\":\"pt-PT\",\"potentialAction\":[{\"@type\":\"CommentAction\",\"name\":\"Comment\",\"target\":[\"https:\\\/\\\/encompaniastj.org\\\/pt-pt\\\/oracao-com-catequistas-diocese-de-saragoca-casa-de-oracao-saragoca\\\/#respond\"]}]},{\"@type\":\"WebPage\",\"@id\":\"https:\\\/\\\/encompaniastj.org\\\/pt-pt\\\/oracao-com-catequistas-diocese-de-saragoca-casa-de-oracao-saragoca\\\/\",\"url\":\"https:\\\/\\\/encompaniastj.org\\\/pt-pt\\\/oracao-com-catequistas-diocese-de-saragoca-casa-de-oracao-saragoca\\\/\",\"name\":\"Ora\u00e7\u00e3o com Catequistas, diocese de Sarago\u00e7a \u2013 Casa de Ora\u00e7\u00e3o, Sarago\u00e7a - En Compa\u00f1\u00eda STJ\",\"isPartOf\":{\"@id\":\"https:\\\/\\\/encompaniastj.org\\\/pt-pt\\\/#website\"},\"primaryImageOfPage\":{\"@id\":\"https:\\\/\\\/encompaniastj.org\\\/pt-pt\\\/oracao-com-catequistas-diocese-de-saragoca-casa-de-oracao-saragoca\\\/#primaryimage\"},\"image\":{\"@id\":\"https:\\\/\\\/encompaniastj.org\\\/pt-pt\\\/oracao-com-catequistas-diocese-de-saragoca-casa-de-oracao-saragoca\\\/#primaryimage\"},\"thumbnailUrl\":\"https:\\\/\\\/encompaniastj.org\\\/wp-content\\\/uploads\\\/2025\\\/05\\\/5-Zaragoza.jpg\",\"datePublished\":\"2020-02-24T14:30:06+00:00\",\"dateModified\":\"2025-07-07T14:21:14+00:00\",\"breadcrumb\":{\"@id\":\"https:\\\/\\\/encompaniastj.org\\\/pt-pt\\\/oracao-com-catequistas-diocese-de-saragoca-casa-de-oracao-saragoca\\\/#breadcrumb\"},\"inLanguage\":\"pt-PT\",\"potentialAction\":[{\"@type\":\"ReadAction\",\"target\":[\"https:\\\/\\\/encompaniastj.org\\\/pt-pt\\\/oracao-com-catequistas-diocese-de-saragoca-casa-de-oracao-saragoca\\\/\"]}]},{\"@type\":\"ImageObject\",\"inLanguage\":\"pt-PT\",\"@id\":\"https:\\\/\\\/encompaniastj.org\\\/pt-pt\\\/oracao-com-catequistas-diocese-de-saragoca-casa-de-oracao-saragoca\\\/#primaryimage\",\"url\":\"https:\\\/\\\/encompaniastj.org\\\/wp-content\\\/uploads\\\/2025\\\/05\\\/5-Zaragoza.jpg\",\"contentUrl\":\"https:\\\/\\\/encompaniastj.org\\\/wp-content\\\/uploads\\\/2025\\\/05\\\/5-Zaragoza.jpg\",\"width\":1600,\"height\":1200},{\"@type\":\"BreadcrumbList\",\"@id\":\"https:\\\/\\\/encompaniastj.org\\\/pt-pt\\\/oracao-com-catequistas-diocese-de-saragoca-casa-de-oracao-saragoca\\\/#breadcrumb\",\"itemListElement\":[{\"@type\":\"ListItem\",\"position\":1,\"name\":\"Portada\",\"item\":\"https:\\\/\\\/encompaniastj.org\\\/pt-pt\\\/\"},{\"@type\":\"ListItem\",\"position\":2,\"name\":\"Ora\u00e7\u00e3o com Catequistas, diocese de Sarago\u00e7a \u2013 Casa de Ora\u00e7\u00e3o, Sarago\u00e7a\"}]},{\"@type\":\"WebSite\",\"@id\":\"https:\\\/\\\/encompaniastj.org\\\/pt-pt\\\/#website\",\"url\":\"https:\\\/\\\/encompaniastj.org\\\/pt-pt\\\/\",\"name\":\"En Compa\u00f1\u00eda STJ\",\"description\":\"Bolet\u00edn de la Compa\u00f1\u00eda de Santa Teresa de Jes\u00fas\",\"publisher\":{\"@id\":\"https:\\\/\\\/encompaniastj.org\\\/pt-pt\\\/#organization\"},\"potentialAction\":[{\"@type\":\"SearchAction\",\"target\":{\"@type\":\"EntryPoint\",\"urlTemplate\":\"https:\\\/\\\/encompaniastj.org\\\/pt-pt\\\/?s={search_term_string}\"},\"query-input\":{\"@type\":\"PropertyValueSpecification\",\"valueRequired\":true,\"valueName\":\"search_term_string\"}}],\"inLanguage\":\"pt-PT\"},{\"@type\":\"Organization\",\"@id\":\"https:\\\/\\\/encompaniastj.org\\\/pt-pt\\\/#organization\",\"name\":\"Compa\u00f1\u00eda de Santa Teresa de Jes\u00fas\",\"url\":\"https:\\\/\\\/encompaniastj.org\\\/pt-pt\\\/\",\"logo\":{\"@type\":\"ImageObject\",\"inLanguage\":\"pt-PT\",\"@id\":\"https:\\\/\\\/encompaniastj.org\\\/pt-pt\\\/#\\\/schema\\\/logo\\\/image\\\/\",\"url\":\"https:\\\/\\\/encompaniastj.org\\\/wp-content\\\/uploads\\\/2025\\\/04\\\/logo_provincias02-1-3.png\",\"contentUrl\":\"https:\\\/\\\/encompaniastj.org\\\/wp-content\\\/uploads\\\/2025\\\/04\\\/logo_provincias02-1-3.png\",\"width\":2368,\"height\":825,\"caption\":\"Compa\u00f1\u00eda de Santa Teresa de Jes\u00fas\"},\"image\":{\"@id\":\"https:\\\/\\\/encompaniastj.org\\\/pt-pt\\\/#\\\/schema\\\/logo\\\/image\\\/\"}},{\"@type\":\"Person\",\"@id\":\"https:\\\/\\\/encompaniastj.org\\\/pt-pt\\\/#\\\/schema\\\/person\\\/520e7ecc314793d40091993c2a02b651\",\"name\":\"admin\",\"image\":{\"@type\":\"ImageObject\",\"inLanguage\":\"pt-PT\",\"@id\":\"https:\\\/\\\/secure.gravatar.com\\\/avatar\\\/948b492cce32b586ac2db0eaa926ee87024f7afe218d73b397ea5ddfc5f43ea1?s=96&d=mm&r=g\",\"url\":\"https:\\\/\\\/secure.gravatar.com\\\/avatar\\\/948b492cce32b586ac2db0eaa926ee87024f7afe218d73b397ea5ddfc5f43ea1?s=96&d=mm&r=g\",\"contentUrl\":\"https:\\\/\\\/secure.gravatar.com\\\/avatar\\\/948b492cce32b586ac2db0eaa926ee87024f7afe218d73b397ea5ddfc5f43ea1?s=96&d=mm&r=g\",\"caption\":\"admin\"},\"sameAs\":[\"https:\\\/\\\/encompaniastj.org\"],\"url\":\"https:\\\/\\\/encompaniastj.org\\\/pt-pt\\\/author\\\/sjdigital\\\/\"}]}<\/script>\n<!-- \/ Yoast SEO plugin. -->","yoast_head_json":{"title":"Ora\u00e7\u00e3o com Catequistas, diocese de Sarago\u00e7a \u2013 Casa de Ora\u00e7\u00e3o, Sarago\u00e7a - En Compa\u00f1\u00eda STJ","robots":{"index":"index","follow":"follow","max-snippet":"max-snippet:-1","max-image-preview":"max-image-preview:large","max-video-preview":"max-video-preview:-1"},"canonical":"https:\/\/encompaniastj.org\/pt-pt\/oracao-com-catequistas-diocese-de-saragoca-casa-de-oracao-saragoca\/","og_locale":"pt_PT","og_type":"article","og_title":"Ora\u00e7\u00e3o com Catequistas, diocese de Sarago\u00e7a \u2013 Casa de Ora\u00e7\u00e3o, Sarago\u00e7a - En Compa\u00f1\u00eda STJ","og_description":"O secretariado de catequese pediu novamente \u00e0 comunidade teresiana da Casa de Ora\u00e7\u00e3o para orientarmos a ora\u00e7\u00e3o a partir de Santo Henrique. \u00c9 o segundo ano que celebramos a festa [&hellip;]","og_url":"https:\/\/encompaniastj.org\/pt-pt\/oracao-com-catequistas-diocese-de-saragoca-casa-de-oracao-saragoca\/","og_site_name":"En Compa\u00f1\u00eda STJ","article_published_time":"2020-02-24T14:30:06+00:00","article_modified_time":"2025-07-07T14:21:14+00:00","og_image":[{"width":1600,"height":1200,"url":"https:\/\/encompaniastj.org\/wp-content\/uploads\/2025\/05\/5-Zaragoza.jpg","type":"image\/jpeg"}],"author":"admin","twitter_card":"summary_large_image","twitter_misc":{"Escrito por":"admin","Tempo estimado de leitura":"2 minutos"},"schema":{"@context":"https:\/\/schema.org","@graph":[{"@type":"Article","@id":"https:\/\/encompaniastj.org\/pt-pt\/oracao-com-catequistas-diocese-de-saragoca-casa-de-oracao-saragoca\/#article","isPartOf":{"@id":"https:\/\/encompaniastj.org\/pt-pt\/oracao-com-catequistas-diocese-de-saragoca-casa-de-oracao-saragoca\/"},"author":{"name":"admin","@id":"https:\/\/encompaniastj.org\/pt-pt\/#\/schema\/person\/520e7ecc314793d40091993c2a02b651"},"headline":"Ora\u00e7\u00e3o com Catequistas, diocese de Sarago\u00e7a \u2013 Casa de Ora\u00e7\u00e3o, Sarago\u00e7a","datePublished":"2020-02-24T14:30:06+00:00","dateModified":"2025-07-07T14:21:14+00:00","mainEntityOfPage":{"@id":"https:\/\/encompaniastj.org\/pt-pt\/oracao-com-catequistas-diocese-de-saragoca-casa-de-oracao-saragoca\/"},"wordCount":288,"commentCount":0,"publisher":{"@id":"https:\/\/encompaniastj.org\/pt-pt\/#organization"},"image":{"@id":"https:\/\/encompaniastj.org\/pt-pt\/oracao-com-catequistas-diocese-de-saragoca-casa-de-oracao-saragoca\/#primaryimage"},"thumbnailUrl":"https:\/\/encompaniastj.org\/wp-content\/uploads\/2025\/05\/5-Zaragoza.jpg","articleSection":["Noticias","Paroquial - eclesial","Parroquial - Eclesial"],"inLanguage":"pt-PT","potentialAction":[{"@type":"CommentAction","name":"Comment","target":["https:\/\/encompaniastj.org\/pt-pt\/oracao-com-catequistas-diocese-de-saragoca-casa-de-oracao-saragoca\/#respond"]}]},{"@type":"WebPage","@id":"https:\/\/encompaniastj.org\/pt-pt\/oracao-com-catequistas-diocese-de-saragoca-casa-de-oracao-saragoca\/","url":"https:\/\/encompaniastj.org\/pt-pt\/oracao-com-catequistas-diocese-de-saragoca-casa-de-oracao-saragoca\/","name":"Ora\u00e7\u00e3o com Catequistas, diocese de Sarago\u00e7a \u2013 Casa de Ora\u00e7\u00e3o, Sarago\u00e7a - En Compa\u00f1\u00eda STJ","isPartOf":{"@id":"https:\/\/encompaniastj.org\/pt-pt\/#website"},"primaryImageOfPage":{"@id":"https:\/\/encompaniastj.org\/pt-pt\/oracao-com-catequistas-diocese-de-saragoca-casa-de-oracao-saragoca\/#primaryimage"},"image":{"@id":"https:\/\/encompaniastj.org\/pt-pt\/oracao-com-catequistas-diocese-de-saragoca-casa-de-oracao-saragoca\/#primaryimage"},"thumbnailUrl":"https:\/\/encompaniastj.org\/wp-content\/uploads\/2025\/05\/5-Zaragoza.jpg","datePublished":"2020-02-24T14:30:06+00:00","dateModified":"2025-07-07T14:21:14+00:00","breadcrumb":{"@id":"https:\/\/encompaniastj.org\/pt-pt\/oracao-com-catequistas-diocese-de-saragoca-casa-de-oracao-saragoca\/#breadcrumb"},"inLanguage":"pt-PT","potentialAction":[{"@type":"ReadAction","target":["https:\/\/encompaniastj.org\/pt-pt\/oracao-com-catequistas-diocese-de-saragoca-casa-de-oracao-saragoca\/"]}]},{"@type":"ImageObject","inLanguage":"pt-PT","@id":"https:\/\/encompaniastj.org\/pt-pt\/oracao-com-catequistas-diocese-de-saragoca-casa-de-oracao-saragoca\/#primaryimage","url":"https:\/\/encompaniastj.org\/wp-content\/uploads\/2025\/05\/5-Zaragoza.jpg","contentUrl":"https:\/\/encompaniastj.org\/wp-content\/uploads\/2025\/05\/5-Zaragoza.jpg","width":1600,"height":1200},{"@type":"BreadcrumbList","@id":"https:\/\/encompaniastj.org\/pt-pt\/oracao-com-catequistas-diocese-de-saragoca-casa-de-oracao-saragoca\/#breadcrumb","itemListElement":[{"@type":"ListItem","position":1,"name":"Portada","item":"https:\/\/encompaniastj.org\/pt-pt\/"},{"@type":"ListItem","position":2,"name":"Ora\u00e7\u00e3o com Catequistas, diocese de Sarago\u00e7a \u2013 Casa de Ora\u00e7\u00e3o, Sarago\u00e7a"}]},{"@type":"WebSite","@id":"https:\/\/encompaniastj.org\/pt-pt\/#website","url":"https:\/\/encompaniastj.org\/pt-pt\/","name":"En Compa\u00f1\u00eda STJ","description":"Bolet\u00edn de la Compa\u00f1\u00eda de Santa Teresa de Jes\u00fas","publisher":{"@id":"https:\/\/encompaniastj.org\/pt-pt\/#organization"},"potentialAction":[{"@type":"SearchAction","target":{"@type":"EntryPoint","urlTemplate":"https:\/\/encompaniastj.org\/pt-pt\/?s={search_term_string}"},"query-input":{"@type":"PropertyValueSpecification","valueRequired":true,"valueName":"search_term_string"}}],"inLanguage":"pt-PT"},{"@type":"Organization","@id":"https:\/\/encompaniastj.org\/pt-pt\/#organization","name":"Compa\u00f1\u00eda de Santa Teresa de Jes\u00fas","url":"https:\/\/encompaniastj.org\/pt-pt\/","logo":{"@type":"ImageObject","inLanguage":"pt-PT","@id":"https:\/\/encompaniastj.org\/pt-pt\/#\/schema\/logo\/image\/","url":"https:\/\/encompaniastj.org\/wp-content\/uploads\/2025\/04\/logo_provincias02-1-3.png","contentUrl":"https:\/\/encompaniastj.org\/wp-content\/uploads\/2025\/04\/logo_provincias02-1-3.png","width":2368,"height":825,"caption":"Compa\u00f1\u00eda de Santa Teresa de Jes\u00fas"},"image":{"@id":"https:\/\/encompaniastj.org\/pt-pt\/#\/schema\/logo\/image\/"}},{"@type":"Person","@id":"https:\/\/encompaniastj.org\/pt-pt\/#\/schema\/person\/520e7ecc314793d40091993c2a02b651","name":"admin","image":{"@type":"ImageObject","inLanguage":"pt-PT","@id":"https:\/\/secure.gravatar.com\/avatar\/948b492cce32b586ac2db0eaa926ee87024f7afe218d73b397ea5ddfc5f43ea1?s=96&d=mm&r=g","url":"https:\/\/secure.gravatar.com\/avatar\/948b492cce32b586ac2db0eaa926ee87024f7afe218d73b397ea5ddfc5f43ea1?s=96&d=mm&r=g","contentUrl":"https:\/\/secure.gravatar.com\/avatar\/948b492cce32b586ac2db0eaa926ee87024f7afe218d73b397ea5ddfc5f43ea1?s=96&d=mm&r=g","caption":"admin"},"sameAs":["https:\/\/encompaniastj.org"],"url":"https:\/\/encompaniastj.org\/pt-pt\/author\/sjdigital\/"}]}},"_links":{"self":[{"href":"https:\/\/encompaniastj.org\/pt-pt\/wp-json\/wp\/v2\/posts\/9988","targetHints":{"allow":["GET"]}}],"collection":[{"href":"https:\/\/encompaniastj.org\/pt-pt\/wp-json\/wp\/v2\/posts"}],"about":[{"href":"https:\/\/encompaniastj.org\/pt-pt\/wp-json\/wp\/v2\/types\/post"}],"author":[{"embeddable":true,"href":"https:\/\/encompaniastj.org\/pt-pt\/wp-json\/wp\/v2\/users\/1"}],"replies":[{"embeddable":true,"href":"https:\/\/encompaniastj.org\/pt-pt\/wp-json\/wp\/v2\/comments?post=9988"}],"version-history":[{"count":1,"href":"https:\/\/encompaniastj.org\/pt-pt\/wp-json\/wp\/v2\/posts\/9988\/revisions"}],"predecessor-version":[{"id":9989,"href":"https:\/\/encompaniastj.org\/pt-pt\/wp-json\/wp\/v2\/posts\/9988\/revisions\/9989"}],"wp:featuredmedia":[{"embeddable":true,"href":"https:\/\/encompaniastj.org\/pt-pt\/wp-json\/wp\/v2\/media\/7347"}],"wp:attachment":[{"href":"https:\/\/encompaniastj.org\/pt-pt\/wp-json\/wp\/v2\/media?parent=9988"}],"wp:term":[{"taxonomy":"category","embeddable":true,"href":"https:\/\/encompaniastj.org\/pt-pt\/wp-json\/wp\/v2\/categories?post=9988"},{"taxonomy":"post_tag","embeddable":true,"href":"https:\/\/encompaniastj.org\/pt-pt\/wp-json\/wp\/v2\/tags?post=9988"}],"curies":[{"name":"wp","href":"https:\/\/api.w.org\/{rel}","templated":true}]}}