{"id":9984,"date":"2020-02-24T15:19:26","date_gmt":"2020-02-24T14:19:26","guid":{"rendered":"https:\/\/encompaniastj.org\/celebracao-da-vida-consagrada-em-huelva\/"},"modified":"2025-07-07T16:21:13","modified_gmt":"2025-07-07T14:21:13","slug":"celebracao-da-vida-consagrada-em-huelva","status":"publish","type":"post","link":"https:\/\/encompaniastj.org\/pt-pt\/celebracao-da-vida-consagrada-em-huelva\/","title":{"rendered":"Celebra\u00e7\u00e3o da Vida Consagrada em Huelva"},"content":{"rendered":"\n<p>No dia 2 de fevereiro a CONFER de Huelva celebrou com o nosso bispo D. Jos\u00e9 Vilaplana, na Par\u00f3quia Nossa Senhora M\u00e3e da Igreja, a alegria de termos sido chamadas a seguir a Jesus na VIDA CONSAGRADA.<\/p>\n\n<p>O nosso desejo, \u201cSer com Maria, esperan\u00e7a de um mundo sofredor\u201d. <\/p>\n\n<p>Vivemos uma manh\u00e3 maravilhosa de fraternidade e A\u00c7\u00c3O DE GRA\u00c7AS, que nos fez experimentar a alegria de Jesus, e que nos leva a partilhar alguns momentos do que vivemos.<\/p>\n\n<p><em>Bem-aventurados os pobres, os mansos, os puros de cora\u00e7\u00e3o\u2026felizes os que t\u00eam o seu cora\u00e7\u00e3o em Deus e o seu programa \u00e9 o das BEM-AVENTURAN\u00c7AS.<\/em><\/p>\n\n<p><em>OBRIGADA JESUS pela clareza da tua mensagem. Obrigada porque nos d\u00e1s a capacidade para poder escolher o caminho do Evangelho.<\/em><\/p>\n\n<p><em>Sabemos que este caminho evang\u00e9lico n\u00e3o \u00e9 outro se n\u00e3o o do AMOR: \u201dVede como se amam\u201d ser\u00e1 sempre o maior testemunho, a profecia eloquente para todos os que te seguimos.<\/em><\/p>\n\n<p><em>Chamas-nos a ser profetas, a n\u00e3o ocultar a viol\u00eancia, nem as injusti\u00e7as, para isto necessitamos estar ligados \u00e0 fonte de perd\u00e3o e vida que \u00e9s TU porque s\u00f3 TU nos d\u00e1s a energia para mudar e reconciliar-nos contigo, connosco mesmos, com os outros e com a cria\u00e7\u00e3o ferida. <\/em><\/p>\n\n<ul class=\"wp-block-list\">\n<li><em>O voto de obedi\u00eancia como escuta ao Esp\u00edrito levar-nos-\u00e1 a silenciar ru\u00eddos ego\u00edstas para escutar os que sofrem, os mais d\u00e9beis e pequenos deste mundo. Obedecer implica discernimento pessoal e comunit\u00e1rio, ler a presen\u00e7a de Deus nos sinais dos tempos para buscar A TUA VONTADE.<\/em><\/li>\n<li><em>O voto de castidade n\u00e3o \u00e9 aus\u00eancia de amor, mas sim express\u00e3o de um amor extremo capaz de perdoar o imperdo\u00e1vel, de amar o que n\u00e3o \u00e9 am\u00e1vel, de anunciar uma paz que nasce de um cora\u00e7\u00e3o humilde e misericordioso. A castidade prof\u00e9tica \u00e9 um abra\u00e7o a toda a humanidade, como fam\u00edlia \u00fanica e universal e leva-nos a acolher a diversidade e a diferen\u00e7a gerando pontes e derrubando muros.<\/em><\/li>\n<li><em>Com o nosso voto de pobreza abra\u00e7amos uma vida simples para estar mais perto dos pobres; tamb\u00e9m abra\u00e7amos as nossas pobrezas pessoais, feridas e dores para estar mais perto da humanidade que sofre. A aceita\u00e7\u00e3o das nossas limita\u00e7\u00f5es e debilidade torna-nos mais compassivos com todo o ser humano. Deus \u00e9 a nossa riqueza e a fonte de vida para poder transformar e ressuscitar o carente de vida e tudo o que n\u00e3o conduz \u00e0 verdadeira dignidade humana.<\/em><\/li>\n<\/ul>\n<p>Obrigada Maria por seres luz e esperan\u00e7a para todos os que queremos seguir incondicionalmente o teu FILHO JESUS. Deixamos os nossos desejos no teu cora\u00e7\u00e3o de M\u00c3E e acolhemos o teu conselho: \u201dFAZEI O QUE ELE VOS DISSER\u201d<\/p>\n\n<ul class=\"wp-block-gallery columns-2 is-cropped wp-block-gallery-1 is-layout-flex wp-block-gallery-is-layout-flex\">\n<li class=\"blocks-gallery-item\"><figure><a href=\"https:\/\/encompaniastj.org\/wp-content\/uploads\/2025\/05\/Huelva-VC-3.jpg\"><img decoding=\"async\" src=\"https:\/\/encompaniastj.org\/wp-content\/uploads\/2025\/05\/Huelva-VC-3.jpg\" alt=\"\" data-id=\"6059\" data-link=\"https:\/\/encompaniastj.org\/?attachment_id=6059\" class=\"wp-image-6059\"><\/a><\/figure><\/li>\n<li class=\"blocks-gallery-item\"><figure><a href=\"https:\/\/encompaniastj.org\/wp-content\/uploads\/2025\/05\/Huelva-VC-2.jpg\"><img decoding=\"async\" src=\"https:\/\/encompaniastj.org\/wp-content\/uploads\/2025\/05\/Huelva-VC-2.jpg\" alt=\"\" data-id=\"6057\" data-link=\"https:\/\/encompaniastj.org\/?attachment_id=6057\" class=\"wp-image-6057\"><\/a><\/figure><\/li>\n<li class=\"blocks-gallery-item\"><figure><a href=\"https:\/\/encompaniastj.org\/wp-content\/uploads\/2025\/05\/Huelva-VC-1.jpg\"><img decoding=\"async\" src=\"https:\/\/encompaniastj.org\/wp-content\/uploads\/2025\/05\/Huelva-VC-1.jpg\" alt=\"\" data-id=\"6055\" data-link=\"https:\/\/encompaniastj.org\/?attachment_id=6055\" class=\"wp-image-6055\"><\/a><\/figure><\/li>\n<\/ul>","protected":false},"excerpt":{"rendered":"<p>No dia 2 de fevereiro a CONFER de Huelva celebrou com o nosso bispo D. Jos\u00e9 Vilaplana, na Par\u00f3quia Nossa Senhora M\u00e3e da Igreja, a alegria de termos sido chamadas [&hellip;]<\/p>\n","protected":false},"author":1,"featured_media":7344,"comment_status":"open","ping_status":"open","sticky":false,"template":"","format":"standard","meta":{"_acf_changed":false,"footnotes":""},"categories":[61,62,68],"tags":[],"class_list":["post-9984","post","type-post","status-publish","format-standard","has-post-thumbnail","hentry","category-noticias","category-otras","category-outras"],"acf":[],"yoast_head":"<!-- This site is optimized with the Yoast SEO plugin v27.5 - https:\/\/yoast.com\/product\/yoast-seo-wordpress\/ -->\n<title>Celebra\u00e7\u00e3o da Vida Consagrada em Huelva - En Compa\u00f1\u00eda STJ<\/title>\n<meta name=\"robots\" content=\"index, follow, max-snippet:-1, max-image-preview:large, max-video-preview:-1\" \/>\n<link rel=\"canonical\" href=\"https:\/\/encompaniastj.org\/pt-pt\/celebracao-da-vida-consagrada-em-huelva\/\" \/>\n<meta property=\"og:locale\" content=\"pt_PT\" \/>\n<meta property=\"og:type\" content=\"article\" \/>\n<meta property=\"og:title\" content=\"Celebra\u00e7\u00e3o da Vida Consagrada em Huelva - En Compa\u00f1\u00eda STJ\" \/>\n<meta property=\"og:description\" content=\"No dia 2 de fevereiro a CONFER de Huelva celebrou com o nosso bispo D. Jos\u00e9 Vilaplana, na Par\u00f3quia Nossa Senhora M\u00e3e da Igreja, a alegria de termos sido chamadas [&hellip;]\" \/>\n<meta property=\"og:url\" content=\"https:\/\/encompaniastj.org\/pt-pt\/celebracao-da-vida-consagrada-em-huelva\/\" \/>\n<meta property=\"og:site_name\" content=\"En Compa\u00f1\u00eda STJ\" \/>\n<meta property=\"article:published_time\" content=\"2020-02-24T14:19:26+00:00\" \/>\n<meta property=\"article:modified_time\" content=\"2025-07-07T14:21:13+00:00\" \/>\n<meta property=\"og:image\" content=\"https:\/\/encompaniastj.org\/wp-content\/uploads\/2025\/05\/Huelva-VC-1.jpg\" \/>\n\t<meta property=\"og:image:width\" content=\"1500\" \/>\n\t<meta property=\"og:image:height\" content=\"844\" \/>\n\t<meta property=\"og:image:type\" content=\"image\/jpeg\" \/>\n<meta name=\"author\" content=\"admin\" \/>\n<meta name=\"twitter:card\" content=\"summary_large_image\" \/>\n<meta name=\"twitter:label1\" content=\"Escrito por\" \/>\n\t<meta name=\"twitter:data1\" content=\"admin\" \/>\n\t<meta name=\"twitter:label2\" content=\"Tempo estimado de leitura\" \/>\n\t<meta name=\"twitter:data2\" content=\"2 minutos\" \/>\n<script type=\"application\/ld+json\" class=\"yoast-schema-graph\">{\"@context\":\"https:\\\/\\\/schema.org\",\"@graph\":[{\"@type\":\"Article\",\"@id\":\"https:\\\/\\\/encompaniastj.org\\\/pt-pt\\\/celebracao-da-vida-consagrada-em-huelva\\\/#article\",\"isPartOf\":{\"@id\":\"https:\\\/\\\/encompaniastj.org\\\/pt-pt\\\/celebracao-da-vida-consagrada-em-huelva\\\/\"},\"author\":{\"name\":\"admin\",\"@id\":\"https:\\\/\\\/encompaniastj.org\\\/pt-pt\\\/#\\\/schema\\\/person\\\/520e7ecc314793d40091993c2a02b651\"},\"headline\":\"Celebra\u00e7\u00e3o da Vida Consagrada em Huelva\",\"datePublished\":\"2020-02-24T14:19:26+00:00\",\"dateModified\":\"2025-07-07T14:21:13+00:00\",\"mainEntityOfPage\":{\"@id\":\"https:\\\/\\\/encompaniastj.org\\\/pt-pt\\\/celebracao-da-vida-consagrada-em-huelva\\\/\"},\"wordCount\":475,\"commentCount\":0,\"publisher\":{\"@id\":\"https:\\\/\\\/encompaniastj.org\\\/pt-pt\\\/#organization\"},\"image\":{\"@id\":\"https:\\\/\\\/encompaniastj.org\\\/pt-pt\\\/celebracao-da-vida-consagrada-em-huelva\\\/#primaryimage\"},\"thumbnailUrl\":\"https:\\\/\\\/encompaniastj.org\\\/wp-content\\\/uploads\\\/2025\\\/05\\\/Huelva-VC-1.jpg\",\"articleSection\":[\"Noticias\",\"Otras\",\"Outras\"],\"inLanguage\":\"pt-PT\",\"potentialAction\":[{\"@type\":\"CommentAction\",\"name\":\"Comment\",\"target\":[\"https:\\\/\\\/encompaniastj.org\\\/pt-pt\\\/celebracao-da-vida-consagrada-em-huelva\\\/#respond\"]}]},{\"@type\":\"WebPage\",\"@id\":\"https:\\\/\\\/encompaniastj.org\\\/pt-pt\\\/celebracao-da-vida-consagrada-em-huelva\\\/\",\"url\":\"https:\\\/\\\/encompaniastj.org\\\/pt-pt\\\/celebracao-da-vida-consagrada-em-huelva\\\/\",\"name\":\"Celebra\u00e7\u00e3o da Vida Consagrada em Huelva - En Compa\u00f1\u00eda STJ\",\"isPartOf\":{\"@id\":\"https:\\\/\\\/encompaniastj.org\\\/pt-pt\\\/#website\"},\"primaryImageOfPage\":{\"@id\":\"https:\\\/\\\/encompaniastj.org\\\/pt-pt\\\/celebracao-da-vida-consagrada-em-huelva\\\/#primaryimage\"},\"image\":{\"@id\":\"https:\\\/\\\/encompaniastj.org\\\/pt-pt\\\/celebracao-da-vida-consagrada-em-huelva\\\/#primaryimage\"},\"thumbnailUrl\":\"https:\\\/\\\/encompaniastj.org\\\/wp-content\\\/uploads\\\/2025\\\/05\\\/Huelva-VC-1.jpg\",\"datePublished\":\"2020-02-24T14:19:26+00:00\",\"dateModified\":\"2025-07-07T14:21:13+00:00\",\"breadcrumb\":{\"@id\":\"https:\\\/\\\/encompaniastj.org\\\/pt-pt\\\/celebracao-da-vida-consagrada-em-huelva\\\/#breadcrumb\"},\"inLanguage\":\"pt-PT\",\"potentialAction\":[{\"@type\":\"ReadAction\",\"target\":[\"https:\\\/\\\/encompaniastj.org\\\/pt-pt\\\/celebracao-da-vida-consagrada-em-huelva\\\/\"]}]},{\"@type\":\"ImageObject\",\"inLanguage\":\"pt-PT\",\"@id\":\"https:\\\/\\\/encompaniastj.org\\\/pt-pt\\\/celebracao-da-vida-consagrada-em-huelva\\\/#primaryimage\",\"url\":\"https:\\\/\\\/encompaniastj.org\\\/wp-content\\\/uploads\\\/2025\\\/05\\\/Huelva-VC-1.jpg\",\"contentUrl\":\"https:\\\/\\\/encompaniastj.org\\\/wp-content\\\/uploads\\\/2025\\\/05\\\/Huelva-VC-1.jpg\",\"width\":1500,\"height\":844},{\"@type\":\"BreadcrumbList\",\"@id\":\"https:\\\/\\\/encompaniastj.org\\\/pt-pt\\\/celebracao-da-vida-consagrada-em-huelva\\\/#breadcrumb\",\"itemListElement\":[{\"@type\":\"ListItem\",\"position\":1,\"name\":\"Portada\",\"item\":\"https:\\\/\\\/encompaniastj.org\\\/pt-pt\\\/\"},{\"@type\":\"ListItem\",\"position\":2,\"name\":\"Celebra\u00e7\u00e3o da Vida Consagrada em Huelva\"}]},{\"@type\":\"WebSite\",\"@id\":\"https:\\\/\\\/encompaniastj.org\\\/pt-pt\\\/#website\",\"url\":\"https:\\\/\\\/encompaniastj.org\\\/pt-pt\\\/\",\"name\":\"En Compa\u00f1\u00eda STJ\",\"description\":\"Bolet\u00edn de la Compa\u00f1\u00eda de Santa Teresa de Jes\u00fas\",\"publisher\":{\"@id\":\"https:\\\/\\\/encompaniastj.org\\\/pt-pt\\\/#organization\"},\"potentialAction\":[{\"@type\":\"SearchAction\",\"target\":{\"@type\":\"EntryPoint\",\"urlTemplate\":\"https:\\\/\\\/encompaniastj.org\\\/pt-pt\\\/?s={search_term_string}\"},\"query-input\":{\"@type\":\"PropertyValueSpecification\",\"valueRequired\":true,\"valueName\":\"search_term_string\"}}],\"inLanguage\":\"pt-PT\"},{\"@type\":\"Organization\",\"@id\":\"https:\\\/\\\/encompaniastj.org\\\/pt-pt\\\/#organization\",\"name\":\"Compa\u00f1\u00eda de Santa Teresa de Jes\u00fas\",\"url\":\"https:\\\/\\\/encompaniastj.org\\\/pt-pt\\\/\",\"logo\":{\"@type\":\"ImageObject\",\"inLanguage\":\"pt-PT\",\"@id\":\"https:\\\/\\\/encompaniastj.org\\\/pt-pt\\\/#\\\/schema\\\/logo\\\/image\\\/\",\"url\":\"https:\\\/\\\/encompaniastj.org\\\/wp-content\\\/uploads\\\/2025\\\/04\\\/logo_provincias02-1-3.png\",\"contentUrl\":\"https:\\\/\\\/encompaniastj.org\\\/wp-content\\\/uploads\\\/2025\\\/04\\\/logo_provincias02-1-3.png\",\"width\":2368,\"height\":825,\"caption\":\"Compa\u00f1\u00eda de Santa Teresa de Jes\u00fas\"},\"image\":{\"@id\":\"https:\\\/\\\/encompaniastj.org\\\/pt-pt\\\/#\\\/schema\\\/logo\\\/image\\\/\"}},{\"@type\":\"Person\",\"@id\":\"https:\\\/\\\/encompaniastj.org\\\/pt-pt\\\/#\\\/schema\\\/person\\\/520e7ecc314793d40091993c2a02b651\",\"name\":\"admin\",\"image\":{\"@type\":\"ImageObject\",\"inLanguage\":\"pt-PT\",\"@id\":\"https:\\\/\\\/secure.gravatar.com\\\/avatar\\\/948b492cce32b586ac2db0eaa926ee87024f7afe218d73b397ea5ddfc5f43ea1?s=96&d=mm&r=g\",\"url\":\"https:\\\/\\\/secure.gravatar.com\\\/avatar\\\/948b492cce32b586ac2db0eaa926ee87024f7afe218d73b397ea5ddfc5f43ea1?s=96&d=mm&r=g\",\"contentUrl\":\"https:\\\/\\\/secure.gravatar.com\\\/avatar\\\/948b492cce32b586ac2db0eaa926ee87024f7afe218d73b397ea5ddfc5f43ea1?s=96&d=mm&r=g\",\"caption\":\"admin\"},\"sameAs\":[\"https:\\\/\\\/encompaniastj.org\"],\"url\":\"https:\\\/\\\/encompaniastj.org\\\/pt-pt\\\/author\\\/sjdigital\\\/\"}]}<\/script>\n<!-- \/ Yoast SEO plugin. -->","yoast_head_json":{"title":"Celebra\u00e7\u00e3o da Vida Consagrada em Huelva - En Compa\u00f1\u00eda STJ","robots":{"index":"index","follow":"follow","max-snippet":"max-snippet:-1","max-image-preview":"max-image-preview:large","max-video-preview":"max-video-preview:-1"},"canonical":"https:\/\/encompaniastj.org\/pt-pt\/celebracao-da-vida-consagrada-em-huelva\/","og_locale":"pt_PT","og_type":"article","og_title":"Celebra\u00e7\u00e3o da Vida Consagrada em Huelva - En Compa\u00f1\u00eda STJ","og_description":"No dia 2 de fevereiro a CONFER de Huelva celebrou com o nosso bispo D. Jos\u00e9 Vilaplana, na Par\u00f3quia Nossa Senhora M\u00e3e da Igreja, a alegria de termos sido chamadas [&hellip;]","og_url":"https:\/\/encompaniastj.org\/pt-pt\/celebracao-da-vida-consagrada-em-huelva\/","og_site_name":"En Compa\u00f1\u00eda STJ","article_published_time":"2020-02-24T14:19:26+00:00","article_modified_time":"2025-07-07T14:21:13+00:00","og_image":[{"width":1500,"height":844,"url":"https:\/\/encompaniastj.org\/wp-content\/uploads\/2025\/05\/Huelva-VC-1.jpg","type":"image\/jpeg"}],"author":"admin","twitter_card":"summary_large_image","twitter_misc":{"Escrito por":"admin","Tempo estimado de leitura":"2 minutos"},"schema":{"@context":"https:\/\/schema.org","@graph":[{"@type":"Article","@id":"https:\/\/encompaniastj.org\/pt-pt\/celebracao-da-vida-consagrada-em-huelva\/#article","isPartOf":{"@id":"https:\/\/encompaniastj.org\/pt-pt\/celebracao-da-vida-consagrada-em-huelva\/"},"author":{"name":"admin","@id":"https:\/\/encompaniastj.org\/pt-pt\/#\/schema\/person\/520e7ecc314793d40091993c2a02b651"},"headline":"Celebra\u00e7\u00e3o da Vida Consagrada em Huelva","datePublished":"2020-02-24T14:19:26+00:00","dateModified":"2025-07-07T14:21:13+00:00","mainEntityOfPage":{"@id":"https:\/\/encompaniastj.org\/pt-pt\/celebracao-da-vida-consagrada-em-huelva\/"},"wordCount":475,"commentCount":0,"publisher":{"@id":"https:\/\/encompaniastj.org\/pt-pt\/#organization"},"image":{"@id":"https:\/\/encompaniastj.org\/pt-pt\/celebracao-da-vida-consagrada-em-huelva\/#primaryimage"},"thumbnailUrl":"https:\/\/encompaniastj.org\/wp-content\/uploads\/2025\/05\/Huelva-VC-1.jpg","articleSection":["Noticias","Otras","Outras"],"inLanguage":"pt-PT","potentialAction":[{"@type":"CommentAction","name":"Comment","target":["https:\/\/encompaniastj.org\/pt-pt\/celebracao-da-vida-consagrada-em-huelva\/#respond"]}]},{"@type":"WebPage","@id":"https:\/\/encompaniastj.org\/pt-pt\/celebracao-da-vida-consagrada-em-huelva\/","url":"https:\/\/encompaniastj.org\/pt-pt\/celebracao-da-vida-consagrada-em-huelva\/","name":"Celebra\u00e7\u00e3o da Vida Consagrada em Huelva - En Compa\u00f1\u00eda STJ","isPartOf":{"@id":"https:\/\/encompaniastj.org\/pt-pt\/#website"},"primaryImageOfPage":{"@id":"https:\/\/encompaniastj.org\/pt-pt\/celebracao-da-vida-consagrada-em-huelva\/#primaryimage"},"image":{"@id":"https:\/\/encompaniastj.org\/pt-pt\/celebracao-da-vida-consagrada-em-huelva\/#primaryimage"},"thumbnailUrl":"https:\/\/encompaniastj.org\/wp-content\/uploads\/2025\/05\/Huelva-VC-1.jpg","datePublished":"2020-02-24T14:19:26+00:00","dateModified":"2025-07-07T14:21:13+00:00","breadcrumb":{"@id":"https:\/\/encompaniastj.org\/pt-pt\/celebracao-da-vida-consagrada-em-huelva\/#breadcrumb"},"inLanguage":"pt-PT","potentialAction":[{"@type":"ReadAction","target":["https:\/\/encompaniastj.org\/pt-pt\/celebracao-da-vida-consagrada-em-huelva\/"]}]},{"@type":"ImageObject","inLanguage":"pt-PT","@id":"https:\/\/encompaniastj.org\/pt-pt\/celebracao-da-vida-consagrada-em-huelva\/#primaryimage","url":"https:\/\/encompaniastj.org\/wp-content\/uploads\/2025\/05\/Huelva-VC-1.jpg","contentUrl":"https:\/\/encompaniastj.org\/wp-content\/uploads\/2025\/05\/Huelva-VC-1.jpg","width":1500,"height":844},{"@type":"BreadcrumbList","@id":"https:\/\/encompaniastj.org\/pt-pt\/celebracao-da-vida-consagrada-em-huelva\/#breadcrumb","itemListElement":[{"@type":"ListItem","position":1,"name":"Portada","item":"https:\/\/encompaniastj.org\/pt-pt\/"},{"@type":"ListItem","position":2,"name":"Celebra\u00e7\u00e3o da Vida Consagrada em Huelva"}]},{"@type":"WebSite","@id":"https:\/\/encompaniastj.org\/pt-pt\/#website","url":"https:\/\/encompaniastj.org\/pt-pt\/","name":"En Compa\u00f1\u00eda STJ","description":"Bolet\u00edn de la Compa\u00f1\u00eda de Santa Teresa de Jes\u00fas","publisher":{"@id":"https:\/\/encompaniastj.org\/pt-pt\/#organization"},"potentialAction":[{"@type":"SearchAction","target":{"@type":"EntryPoint","urlTemplate":"https:\/\/encompaniastj.org\/pt-pt\/?s={search_term_string}"},"query-input":{"@type":"PropertyValueSpecification","valueRequired":true,"valueName":"search_term_string"}}],"inLanguage":"pt-PT"},{"@type":"Organization","@id":"https:\/\/encompaniastj.org\/pt-pt\/#organization","name":"Compa\u00f1\u00eda de Santa Teresa de Jes\u00fas","url":"https:\/\/encompaniastj.org\/pt-pt\/","logo":{"@type":"ImageObject","inLanguage":"pt-PT","@id":"https:\/\/encompaniastj.org\/pt-pt\/#\/schema\/logo\/image\/","url":"https:\/\/encompaniastj.org\/wp-content\/uploads\/2025\/04\/logo_provincias02-1-3.png","contentUrl":"https:\/\/encompaniastj.org\/wp-content\/uploads\/2025\/04\/logo_provincias02-1-3.png","width":2368,"height":825,"caption":"Compa\u00f1\u00eda de Santa Teresa de Jes\u00fas"},"image":{"@id":"https:\/\/encompaniastj.org\/pt-pt\/#\/schema\/logo\/image\/"}},{"@type":"Person","@id":"https:\/\/encompaniastj.org\/pt-pt\/#\/schema\/person\/520e7ecc314793d40091993c2a02b651","name":"admin","image":{"@type":"ImageObject","inLanguage":"pt-PT","@id":"https:\/\/secure.gravatar.com\/avatar\/948b492cce32b586ac2db0eaa926ee87024f7afe218d73b397ea5ddfc5f43ea1?s=96&d=mm&r=g","url":"https:\/\/secure.gravatar.com\/avatar\/948b492cce32b586ac2db0eaa926ee87024f7afe218d73b397ea5ddfc5f43ea1?s=96&d=mm&r=g","contentUrl":"https:\/\/secure.gravatar.com\/avatar\/948b492cce32b586ac2db0eaa926ee87024f7afe218d73b397ea5ddfc5f43ea1?s=96&d=mm&r=g","caption":"admin"},"sameAs":["https:\/\/encompaniastj.org"],"url":"https:\/\/encompaniastj.org\/pt-pt\/author\/sjdigital\/"}]}},"_links":{"self":[{"href":"https:\/\/encompaniastj.org\/pt-pt\/wp-json\/wp\/v2\/posts\/9984","targetHints":{"allow":["GET"]}}],"collection":[{"href":"https:\/\/encompaniastj.org\/pt-pt\/wp-json\/wp\/v2\/posts"}],"about":[{"href":"https:\/\/encompaniastj.org\/pt-pt\/wp-json\/wp\/v2\/types\/post"}],"author":[{"embeddable":true,"href":"https:\/\/encompaniastj.org\/pt-pt\/wp-json\/wp\/v2\/users\/1"}],"replies":[{"embeddable":true,"href":"https:\/\/encompaniastj.org\/pt-pt\/wp-json\/wp\/v2\/comments?post=9984"}],"version-history":[{"count":1,"href":"https:\/\/encompaniastj.org\/pt-pt\/wp-json\/wp\/v2\/posts\/9984\/revisions"}],"predecessor-version":[{"id":9985,"href":"https:\/\/encompaniastj.org\/pt-pt\/wp-json\/wp\/v2\/posts\/9984\/revisions\/9985"}],"wp:featuredmedia":[{"embeddable":true,"href":"https:\/\/encompaniastj.org\/pt-pt\/wp-json\/wp\/v2\/media\/7344"}],"wp:attachment":[{"href":"https:\/\/encompaniastj.org\/pt-pt\/wp-json\/wp\/v2\/media?parent=9984"}],"wp:term":[{"taxonomy":"category","embeddable":true,"href":"https:\/\/encompaniastj.org\/pt-pt\/wp-json\/wp\/v2\/categories?post=9984"},{"taxonomy":"post_tag","embeddable":true,"href":"https:\/\/encompaniastj.org\/pt-pt\/wp-json\/wp\/v2\/tags?post=9984"}],"curies":[{"name":"wp","href":"https:\/\/api.w.org\/{rel}","templated":true}]}}