{"id":9978,"date":"2020-02-24T14:47:05","date_gmt":"2020-02-24T13:47:05","guid":{"rendered":"https:\/\/encompaniastj.org\/passagem-de-santo-henrique-a-vida-verdadeira-mosteiro-de-santo-espirito\/"},"modified":"2025-07-07T16:21:12","modified_gmt":"2025-07-07T14:21:12","slug":"passagem-de-santo-henrique-a-vida-verdadeira-mosteiro-de-santo-espirito","status":"publish","type":"post","link":"https:\/\/encompaniastj.org\/pt-pt\/passagem-de-santo-henrique-a-vida-verdadeira-mosteiro-de-santo-espirito\/","title":{"rendered":"Passagem de Santo Henrique \u00e0 VIDA verdadeira (Mosteiro de Santo Esp\u00edrito)"},"content":{"rendered":"\n<p>A ideia foi dos franciscanos. H\u00e1 cinco anos, em 2015, Frei Fernando Hueso, abade do mosteiro de Santo Esp\u00edrito disse-nos: \u201cn\u00f3s celebramos cada ano <em>a passagem para a Vida Verdadeira <\/em>de S. Francisco de Assis, e aqui, no nosso convento morreu outro santo que merece a pena ser celebrado tamb\u00e9m\u201d. Pareceu-nos uma ideia maravilhosa, e desde ent\u00e3o, em cada 26 de janeiro \u00e0s nove da noite encontramo-nos no sil\u00eancio do Mosteiro.<\/p>\n\n<p>No primeiro ano fomos s\u00f3 irm\u00e3s das tr\u00eas comunidades de Torrente. Depressa correu a not\u00edcia e agora encontramo-nos irm\u00e3s de Torrente e Val\u00eancia e alguma que tenha a oportunidade de se unir, o p\u00e1roco da nossa par\u00f3quia de Torrent, professores do col\u00e9gio, pais, antigas alunas\u2026, enfim: todos, irm\u00e3os da fam\u00edlia teresiana e a comunidade franciscana que nos abre as portas da sua casa com um acolhimento realmente fraterno, como teria sido o que deram ao nosso padre naquele m\u00eas de janeiro de 1896.<\/p>\n\n<p>Cheg\u00e1mos j\u00e1 de noite. O c\u00e9u, as montanhas, as estrelas, a lua s\u00e3o as mesmas que Henrique contemplava, atravess\u00e1mos o mesmo claustro e apert\u00e1mo-nos \u00e0 volta, no quarto que ocupou. Os franciscanos prepararam um folheto para a celebra\u00e7\u00e3o; a n\u00f3s tocou-nos os c\u00e2nticos. eles entram processionalmente e orientam a ora\u00e7\u00e3o de completas: o Abade introduz a ora\u00e7\u00e3o brevemente e entoamos o hino: \u201cDesde o teu sil\u00eancio de eternidade\u2026\u201d Toca-se realmente esse sil\u00eancio e essa presen\u00e7a. Vamos cantando os salmos. Depois, um deles l\u00ea uma carta de um dos frades que o acompanhou nos seus \u00faltimos momentos.<\/p>\n\n<p><em>No arquivo geral STJ guardam-se duas: uma de Fr. Francisco Domingo Pay\u00e1, escrita no dia 11 de Fevereiro de 1896 a D. Francisco Marsal \u2011um dos melhores amigos do nosso Padre\u2011, e outra de Fr. Boaventura Ivars escrita no dia 17 de outubro de 1896 \u00e0 superiora geral Ros\u00e1rio El\u00edes<\/em>.<\/p>\n\n<p>Seguiu-se a ora\u00e7\u00e3o de completas e o Abade incensa o quarto e as escadas que Henrique subiu para pedir ajuda. Enquanto cantamos \u201cTudo por Jesus\u201d e nos dirigimos pelo claustro ao templo em prociss\u00e3o levando a rel\u00edquia e duas velas. No presbit\u00e9rio espera-nos a imagem do nosso Padre. Cantamos \u201cPadre\u201d e veneramos a sua rel\u00edquia. Depois, dirigimo-nos \u00e0 capela onde se encontra a Nossa Senhora das Gra\u00e7as, em cujo altar Henrique orou todos os dias e celebrou as suas \u00faltimas Eucaristias.<\/p>\n\n<p>A festa termina no refeit\u00f3rio da comunidade franciscana onde nos preparam um chocolate muito bom e um doce excelente. O melhor, o conv\u00edvio fraterno de franciscanos e fam\u00edlia teresiana antes de voltar para os carros que pela meia-noite, nos levam a casa. <\/p>\n\n<p>Voltamos contentes porque sabemos tamb\u00e9m que no dia seguinte, como cada dia 27 de janeiro, a Fam\u00edlia Teresiana unir-se-\u00e1 novamente para celebra a Eucaristia na Par\u00f3quia de Torrent. <\/p>\n\n<ul class=\"wp-block-gallery columns-3 is-cropped wp-block-gallery-1 is-layout-flex wp-block-gallery-is-layout-flex\">\n<li class=\"blocks-gallery-item\"><figure><a href=\"https:\/\/encompaniastj.org\/wp-content\/uploads\/2025\/05\/Transito-1.jpg\"><img decoding=\"async\" src=\"https:\/\/encompaniastj.org\/wp-content\/uploads\/2025\/05\/Transito-1.jpg\" alt=\"\" data-id=\"6021\" data-link=\"https:\/\/encompaniastj.org\/?attachment_id=6021\" class=\"wp-image-6021\"><\/a><\/figure><\/li>\n<li class=\"blocks-gallery-item\"><figure><a href=\"https:\/\/encompaniastj.org\/wp-content\/uploads\/2025\/05\/Transito-2.jpg\"><img decoding=\"async\" src=\"https:\/\/encompaniastj.org\/wp-content\/uploads\/2025\/05\/Transito-2.jpg\" alt=\"\" data-id=\"6023\" data-link=\"https:\/\/encompaniastj.org\/?attachment_id=6023\" class=\"wp-image-6023\"><\/a><\/figure><\/li>\n<li class=\"blocks-gallery-item\"><figure><a href=\"https:\/\/encompaniastj.org\/wp-content\/uploads\/2025\/05\/Transito-3.jpg\"><img decoding=\"async\" src=\"https:\/\/encompaniastj.org\/wp-content\/uploads\/2025\/05\/Transito-3.jpg\" alt=\"\" data-id=\"6025\" data-link=\"https:\/\/encompaniastj.org\/?attachment_id=6025\" class=\"wp-image-6025\"><\/a><\/figure><\/li>\n<li class=\"blocks-gallery-item\"><figure><a href=\"https:\/\/encompaniastj.org\/wp-content\/uploads\/2025\/05\/Transito-5.jpg\"><img decoding=\"async\" src=\"https:\/\/encompaniastj.org\/wp-content\/uploads\/2025\/05\/Transito-5.jpg\" alt=\"\" data-id=\"6027\" data-link=\"https:\/\/encompaniastj.org\/?attachment_id=6027\" class=\"wp-image-6027\"><\/a><\/figure><\/li>\n<li class=\"blocks-gallery-item\"><figure><a href=\"https:\/\/encompaniastj.org\/wp-content\/uploads\/2025\/05\/Transito-6.jpg\"><img decoding=\"async\" src=\"https:\/\/encompaniastj.org\/wp-content\/uploads\/2025\/05\/Transito-6.jpg\" alt=\"\" data-id=\"6029\" data-link=\"https:\/\/encompaniastj.org\/?attachment_id=6029\" class=\"wp-image-6029\"><\/a><\/figure><\/li>\n<li class=\"blocks-gallery-item\"><figure><a href=\"https:\/\/encompaniastj.org\/wp-content\/uploads\/2025\/05\/Transito-7.jpg\"><img decoding=\"async\" src=\"https:\/\/encompaniastj.org\/wp-content\/uploads\/2025\/05\/Transito-7.jpg\" alt=\"\" data-id=\"6031\" data-link=\"https:\/\/encompaniastj.org\/?attachment_id=6031\" class=\"wp-image-6031\"><\/a><\/figure><\/li>\n<\/ul>","protected":false},"excerpt":{"rendered":"<p>A ideia foi dos franciscanos. H\u00e1 cinco anos, em 2015, Frei Fernando Hueso, abade do mosteiro de Santo Esp\u00edrito disse-nos: \u201cn\u00f3s celebramos cada ano a passagem para a Vida Verdadeira [&hellip;]<\/p>\n","protected":false},"author":1,"featured_media":7329,"comment_status":"open","ping_status":"open","sticky":false,"template":"","format":"standard","meta":{"_acf_changed":false,"footnotes":""},"categories":[61,62,68],"tags":[],"class_list":["post-9978","post","type-post","status-publish","format-standard","has-post-thumbnail","hentry","category-noticias","category-otras","category-outras"],"acf":[],"yoast_head":"<!-- This site is optimized with the Yoast SEO plugin v27.5 - https:\/\/yoast.com\/product\/yoast-seo-wordpress\/ -->\n<title>Passagem de Santo Henrique \u00e0 VIDA verdadeira (Mosteiro de Santo Esp\u00edrito) - En Compa\u00f1\u00eda STJ<\/title>\n<meta name=\"robots\" content=\"index, follow, max-snippet:-1, max-image-preview:large, max-video-preview:-1\" \/>\n<link rel=\"canonical\" href=\"https:\/\/encompaniastj.org\/pt-pt\/passagem-de-santo-henrique-a-vida-verdadeira-mosteiro-de-santo-espirito\/\" \/>\n<meta property=\"og:locale\" content=\"pt_PT\" \/>\n<meta property=\"og:type\" content=\"article\" \/>\n<meta property=\"og:title\" content=\"Passagem de Santo Henrique \u00e0 VIDA verdadeira (Mosteiro de Santo Esp\u00edrito) - En Compa\u00f1\u00eda STJ\" \/>\n<meta property=\"og:description\" content=\"A ideia foi dos franciscanos. H\u00e1 cinco anos, em 2015, Frei Fernando Hueso, abade do mosteiro de Santo Esp\u00edrito disse-nos: \u201cn\u00f3s celebramos cada ano a passagem para a Vida Verdadeira [&hellip;]\" \/>\n<meta property=\"og:url\" content=\"https:\/\/encompaniastj.org\/pt-pt\/passagem-de-santo-henrique-a-vida-verdadeira-mosteiro-de-santo-espirito\/\" \/>\n<meta property=\"og:site_name\" content=\"En Compa\u00f1\u00eda STJ\" \/>\n<meta property=\"article:published_time\" content=\"2020-02-24T13:47:05+00:00\" \/>\n<meta property=\"article:modified_time\" content=\"2025-07-07T14:21:12+00:00\" \/>\n<meta property=\"og:image\" content=\"https:\/\/encompaniastj.org\/wp-content\/uploads\/2025\/05\/Transito-6.jpg\" \/>\n\t<meta property=\"og:image:width\" content=\"1600\" \/>\n\t<meta property=\"og:image:height\" content=\"1166\" \/>\n\t<meta property=\"og:image:type\" content=\"image\/jpeg\" \/>\n<meta name=\"author\" content=\"admin\" \/>\n<meta name=\"twitter:card\" content=\"summary_large_image\" \/>\n<meta name=\"twitter:label1\" content=\"Escrito por\" \/>\n\t<meta name=\"twitter:data1\" content=\"admin\" \/>\n\t<meta name=\"twitter:label2\" content=\"Tempo estimado de leitura\" \/>\n\t<meta name=\"twitter:data2\" content=\"2 minutos\" \/>\n<script type=\"application\/ld+json\" class=\"yoast-schema-graph\">{\"@context\":\"https:\\\/\\\/schema.org\",\"@graph\":[{\"@type\":\"Article\",\"@id\":\"https:\\\/\\\/encompaniastj.org\\\/pt-pt\\\/passagem-de-santo-henrique-a-vida-verdadeira-mosteiro-de-santo-espirito\\\/#article\",\"isPartOf\":{\"@id\":\"https:\\\/\\\/encompaniastj.org\\\/pt-pt\\\/passagem-de-santo-henrique-a-vida-verdadeira-mosteiro-de-santo-espirito\\\/\"},\"author\":{\"name\":\"admin\",\"@id\":\"https:\\\/\\\/encompaniastj.org\\\/pt-pt\\\/#\\\/schema\\\/person\\\/520e7ecc314793d40091993c2a02b651\"},\"headline\":\"Passagem de Santo Henrique \u00e0 VIDA verdadeira (Mosteiro de Santo Esp\u00edrito)\",\"datePublished\":\"2020-02-24T13:47:05+00:00\",\"dateModified\":\"2025-07-07T14:21:12+00:00\",\"mainEntityOfPage\":{\"@id\":\"https:\\\/\\\/encompaniastj.org\\\/pt-pt\\\/passagem-de-santo-henrique-a-vida-verdadeira-mosteiro-de-santo-espirito\\\/\"},\"wordCount\":494,\"commentCount\":0,\"publisher\":{\"@id\":\"https:\\\/\\\/encompaniastj.org\\\/pt-pt\\\/#organization\"},\"image\":{\"@id\":\"https:\\\/\\\/encompaniastj.org\\\/pt-pt\\\/passagem-de-santo-henrique-a-vida-verdadeira-mosteiro-de-santo-espirito\\\/#primaryimage\"},\"thumbnailUrl\":\"https:\\\/\\\/encompaniastj.org\\\/wp-content\\\/uploads\\\/2025\\\/05\\\/Transito-6.jpg\",\"articleSection\":[\"Noticias\",\"Otras\",\"Outras\"],\"inLanguage\":\"pt-PT\",\"potentialAction\":[{\"@type\":\"CommentAction\",\"name\":\"Comment\",\"target\":[\"https:\\\/\\\/encompaniastj.org\\\/pt-pt\\\/passagem-de-santo-henrique-a-vida-verdadeira-mosteiro-de-santo-espirito\\\/#respond\"]}]},{\"@type\":\"WebPage\",\"@id\":\"https:\\\/\\\/encompaniastj.org\\\/pt-pt\\\/passagem-de-santo-henrique-a-vida-verdadeira-mosteiro-de-santo-espirito\\\/\",\"url\":\"https:\\\/\\\/encompaniastj.org\\\/pt-pt\\\/passagem-de-santo-henrique-a-vida-verdadeira-mosteiro-de-santo-espirito\\\/\",\"name\":\"Passagem de Santo Henrique \u00e0 VIDA verdadeira (Mosteiro de Santo Esp\u00edrito) - En Compa\u00f1\u00eda STJ\",\"isPartOf\":{\"@id\":\"https:\\\/\\\/encompaniastj.org\\\/pt-pt\\\/#website\"},\"primaryImageOfPage\":{\"@id\":\"https:\\\/\\\/encompaniastj.org\\\/pt-pt\\\/passagem-de-santo-henrique-a-vida-verdadeira-mosteiro-de-santo-espirito\\\/#primaryimage\"},\"image\":{\"@id\":\"https:\\\/\\\/encompaniastj.org\\\/pt-pt\\\/passagem-de-santo-henrique-a-vida-verdadeira-mosteiro-de-santo-espirito\\\/#primaryimage\"},\"thumbnailUrl\":\"https:\\\/\\\/encompaniastj.org\\\/wp-content\\\/uploads\\\/2025\\\/05\\\/Transito-6.jpg\",\"datePublished\":\"2020-02-24T13:47:05+00:00\",\"dateModified\":\"2025-07-07T14:21:12+00:00\",\"breadcrumb\":{\"@id\":\"https:\\\/\\\/encompaniastj.org\\\/pt-pt\\\/passagem-de-santo-henrique-a-vida-verdadeira-mosteiro-de-santo-espirito\\\/#breadcrumb\"},\"inLanguage\":\"pt-PT\",\"potentialAction\":[{\"@type\":\"ReadAction\",\"target\":[\"https:\\\/\\\/encompaniastj.org\\\/pt-pt\\\/passagem-de-santo-henrique-a-vida-verdadeira-mosteiro-de-santo-espirito\\\/\"]}]},{\"@type\":\"ImageObject\",\"inLanguage\":\"pt-PT\",\"@id\":\"https:\\\/\\\/encompaniastj.org\\\/pt-pt\\\/passagem-de-santo-henrique-a-vida-verdadeira-mosteiro-de-santo-espirito\\\/#primaryimage\",\"url\":\"https:\\\/\\\/encompaniastj.org\\\/wp-content\\\/uploads\\\/2025\\\/05\\\/Transito-6.jpg\",\"contentUrl\":\"https:\\\/\\\/encompaniastj.org\\\/wp-content\\\/uploads\\\/2025\\\/05\\\/Transito-6.jpg\",\"width\":1600,\"height\":1166},{\"@type\":\"BreadcrumbList\",\"@id\":\"https:\\\/\\\/encompaniastj.org\\\/pt-pt\\\/passagem-de-santo-henrique-a-vida-verdadeira-mosteiro-de-santo-espirito\\\/#breadcrumb\",\"itemListElement\":[{\"@type\":\"ListItem\",\"position\":1,\"name\":\"Portada\",\"item\":\"https:\\\/\\\/encompaniastj.org\\\/pt-pt\\\/\"},{\"@type\":\"ListItem\",\"position\":2,\"name\":\"Passagem de Santo Henrique \u00e0 VIDA verdadeira (Mosteiro de Santo Esp\u00edrito)\"}]},{\"@type\":\"WebSite\",\"@id\":\"https:\\\/\\\/encompaniastj.org\\\/pt-pt\\\/#website\",\"url\":\"https:\\\/\\\/encompaniastj.org\\\/pt-pt\\\/\",\"name\":\"En Compa\u00f1\u00eda STJ\",\"description\":\"Bolet\u00edn de la Compa\u00f1\u00eda de Santa Teresa de Jes\u00fas\",\"publisher\":{\"@id\":\"https:\\\/\\\/encompaniastj.org\\\/pt-pt\\\/#organization\"},\"potentialAction\":[{\"@type\":\"SearchAction\",\"target\":{\"@type\":\"EntryPoint\",\"urlTemplate\":\"https:\\\/\\\/encompaniastj.org\\\/pt-pt\\\/?s={search_term_string}\"},\"query-input\":{\"@type\":\"PropertyValueSpecification\",\"valueRequired\":true,\"valueName\":\"search_term_string\"}}],\"inLanguage\":\"pt-PT\"},{\"@type\":\"Organization\",\"@id\":\"https:\\\/\\\/encompaniastj.org\\\/pt-pt\\\/#organization\",\"name\":\"Compa\u00f1\u00eda de Santa Teresa de Jes\u00fas\",\"url\":\"https:\\\/\\\/encompaniastj.org\\\/pt-pt\\\/\",\"logo\":{\"@type\":\"ImageObject\",\"inLanguage\":\"pt-PT\",\"@id\":\"https:\\\/\\\/encompaniastj.org\\\/pt-pt\\\/#\\\/schema\\\/logo\\\/image\\\/\",\"url\":\"https:\\\/\\\/encompaniastj.org\\\/wp-content\\\/uploads\\\/2025\\\/04\\\/logo_provincias02-1-3.png\",\"contentUrl\":\"https:\\\/\\\/encompaniastj.org\\\/wp-content\\\/uploads\\\/2025\\\/04\\\/logo_provincias02-1-3.png\",\"width\":2368,\"height\":825,\"caption\":\"Compa\u00f1\u00eda de Santa Teresa de Jes\u00fas\"},\"image\":{\"@id\":\"https:\\\/\\\/encompaniastj.org\\\/pt-pt\\\/#\\\/schema\\\/logo\\\/image\\\/\"}},{\"@type\":\"Person\",\"@id\":\"https:\\\/\\\/encompaniastj.org\\\/pt-pt\\\/#\\\/schema\\\/person\\\/520e7ecc314793d40091993c2a02b651\",\"name\":\"admin\",\"image\":{\"@type\":\"ImageObject\",\"inLanguage\":\"pt-PT\",\"@id\":\"https:\\\/\\\/secure.gravatar.com\\\/avatar\\\/948b492cce32b586ac2db0eaa926ee87024f7afe218d73b397ea5ddfc5f43ea1?s=96&d=mm&r=g\",\"url\":\"https:\\\/\\\/secure.gravatar.com\\\/avatar\\\/948b492cce32b586ac2db0eaa926ee87024f7afe218d73b397ea5ddfc5f43ea1?s=96&d=mm&r=g\",\"contentUrl\":\"https:\\\/\\\/secure.gravatar.com\\\/avatar\\\/948b492cce32b586ac2db0eaa926ee87024f7afe218d73b397ea5ddfc5f43ea1?s=96&d=mm&r=g\",\"caption\":\"admin\"},\"sameAs\":[\"https:\\\/\\\/encompaniastj.org\"],\"url\":\"https:\\\/\\\/encompaniastj.org\\\/pt-pt\\\/author\\\/sjdigital\\\/\"}]}<\/script>\n<!-- \/ Yoast SEO plugin. -->","yoast_head_json":{"title":"Passagem de Santo Henrique \u00e0 VIDA verdadeira (Mosteiro de Santo Esp\u00edrito) - En Compa\u00f1\u00eda STJ","robots":{"index":"index","follow":"follow","max-snippet":"max-snippet:-1","max-image-preview":"max-image-preview:large","max-video-preview":"max-video-preview:-1"},"canonical":"https:\/\/encompaniastj.org\/pt-pt\/passagem-de-santo-henrique-a-vida-verdadeira-mosteiro-de-santo-espirito\/","og_locale":"pt_PT","og_type":"article","og_title":"Passagem de Santo Henrique \u00e0 VIDA verdadeira (Mosteiro de Santo Esp\u00edrito) - En Compa\u00f1\u00eda STJ","og_description":"A ideia foi dos franciscanos. H\u00e1 cinco anos, em 2015, Frei Fernando Hueso, abade do mosteiro de Santo Esp\u00edrito disse-nos: \u201cn\u00f3s celebramos cada ano a passagem para a Vida Verdadeira [&hellip;]","og_url":"https:\/\/encompaniastj.org\/pt-pt\/passagem-de-santo-henrique-a-vida-verdadeira-mosteiro-de-santo-espirito\/","og_site_name":"En Compa\u00f1\u00eda STJ","article_published_time":"2020-02-24T13:47:05+00:00","article_modified_time":"2025-07-07T14:21:12+00:00","og_image":[{"width":1600,"height":1166,"url":"https:\/\/encompaniastj.org\/wp-content\/uploads\/2025\/05\/Transito-6.jpg","type":"image\/jpeg"}],"author":"admin","twitter_card":"summary_large_image","twitter_misc":{"Escrito por":"admin","Tempo estimado de leitura":"2 minutos"},"schema":{"@context":"https:\/\/schema.org","@graph":[{"@type":"Article","@id":"https:\/\/encompaniastj.org\/pt-pt\/passagem-de-santo-henrique-a-vida-verdadeira-mosteiro-de-santo-espirito\/#article","isPartOf":{"@id":"https:\/\/encompaniastj.org\/pt-pt\/passagem-de-santo-henrique-a-vida-verdadeira-mosteiro-de-santo-espirito\/"},"author":{"name":"admin","@id":"https:\/\/encompaniastj.org\/pt-pt\/#\/schema\/person\/520e7ecc314793d40091993c2a02b651"},"headline":"Passagem de Santo Henrique \u00e0 VIDA verdadeira (Mosteiro de Santo Esp\u00edrito)","datePublished":"2020-02-24T13:47:05+00:00","dateModified":"2025-07-07T14:21:12+00:00","mainEntityOfPage":{"@id":"https:\/\/encompaniastj.org\/pt-pt\/passagem-de-santo-henrique-a-vida-verdadeira-mosteiro-de-santo-espirito\/"},"wordCount":494,"commentCount":0,"publisher":{"@id":"https:\/\/encompaniastj.org\/pt-pt\/#organization"},"image":{"@id":"https:\/\/encompaniastj.org\/pt-pt\/passagem-de-santo-henrique-a-vida-verdadeira-mosteiro-de-santo-espirito\/#primaryimage"},"thumbnailUrl":"https:\/\/encompaniastj.org\/wp-content\/uploads\/2025\/05\/Transito-6.jpg","articleSection":["Noticias","Otras","Outras"],"inLanguage":"pt-PT","potentialAction":[{"@type":"CommentAction","name":"Comment","target":["https:\/\/encompaniastj.org\/pt-pt\/passagem-de-santo-henrique-a-vida-verdadeira-mosteiro-de-santo-espirito\/#respond"]}]},{"@type":"WebPage","@id":"https:\/\/encompaniastj.org\/pt-pt\/passagem-de-santo-henrique-a-vida-verdadeira-mosteiro-de-santo-espirito\/","url":"https:\/\/encompaniastj.org\/pt-pt\/passagem-de-santo-henrique-a-vida-verdadeira-mosteiro-de-santo-espirito\/","name":"Passagem de Santo Henrique \u00e0 VIDA verdadeira (Mosteiro de Santo Esp\u00edrito) - En Compa\u00f1\u00eda STJ","isPartOf":{"@id":"https:\/\/encompaniastj.org\/pt-pt\/#website"},"primaryImageOfPage":{"@id":"https:\/\/encompaniastj.org\/pt-pt\/passagem-de-santo-henrique-a-vida-verdadeira-mosteiro-de-santo-espirito\/#primaryimage"},"image":{"@id":"https:\/\/encompaniastj.org\/pt-pt\/passagem-de-santo-henrique-a-vida-verdadeira-mosteiro-de-santo-espirito\/#primaryimage"},"thumbnailUrl":"https:\/\/encompaniastj.org\/wp-content\/uploads\/2025\/05\/Transito-6.jpg","datePublished":"2020-02-24T13:47:05+00:00","dateModified":"2025-07-07T14:21:12+00:00","breadcrumb":{"@id":"https:\/\/encompaniastj.org\/pt-pt\/passagem-de-santo-henrique-a-vida-verdadeira-mosteiro-de-santo-espirito\/#breadcrumb"},"inLanguage":"pt-PT","potentialAction":[{"@type":"ReadAction","target":["https:\/\/encompaniastj.org\/pt-pt\/passagem-de-santo-henrique-a-vida-verdadeira-mosteiro-de-santo-espirito\/"]}]},{"@type":"ImageObject","inLanguage":"pt-PT","@id":"https:\/\/encompaniastj.org\/pt-pt\/passagem-de-santo-henrique-a-vida-verdadeira-mosteiro-de-santo-espirito\/#primaryimage","url":"https:\/\/encompaniastj.org\/wp-content\/uploads\/2025\/05\/Transito-6.jpg","contentUrl":"https:\/\/encompaniastj.org\/wp-content\/uploads\/2025\/05\/Transito-6.jpg","width":1600,"height":1166},{"@type":"BreadcrumbList","@id":"https:\/\/encompaniastj.org\/pt-pt\/passagem-de-santo-henrique-a-vida-verdadeira-mosteiro-de-santo-espirito\/#breadcrumb","itemListElement":[{"@type":"ListItem","position":1,"name":"Portada","item":"https:\/\/encompaniastj.org\/pt-pt\/"},{"@type":"ListItem","position":2,"name":"Passagem de Santo Henrique \u00e0 VIDA verdadeira (Mosteiro de Santo Esp\u00edrito)"}]},{"@type":"WebSite","@id":"https:\/\/encompaniastj.org\/pt-pt\/#website","url":"https:\/\/encompaniastj.org\/pt-pt\/","name":"En Compa\u00f1\u00eda STJ","description":"Bolet\u00edn de la Compa\u00f1\u00eda de Santa Teresa de Jes\u00fas","publisher":{"@id":"https:\/\/encompaniastj.org\/pt-pt\/#organization"},"potentialAction":[{"@type":"SearchAction","target":{"@type":"EntryPoint","urlTemplate":"https:\/\/encompaniastj.org\/pt-pt\/?s={search_term_string}"},"query-input":{"@type":"PropertyValueSpecification","valueRequired":true,"valueName":"search_term_string"}}],"inLanguage":"pt-PT"},{"@type":"Organization","@id":"https:\/\/encompaniastj.org\/pt-pt\/#organization","name":"Compa\u00f1\u00eda de Santa Teresa de Jes\u00fas","url":"https:\/\/encompaniastj.org\/pt-pt\/","logo":{"@type":"ImageObject","inLanguage":"pt-PT","@id":"https:\/\/encompaniastj.org\/pt-pt\/#\/schema\/logo\/image\/","url":"https:\/\/encompaniastj.org\/wp-content\/uploads\/2025\/04\/logo_provincias02-1-3.png","contentUrl":"https:\/\/encompaniastj.org\/wp-content\/uploads\/2025\/04\/logo_provincias02-1-3.png","width":2368,"height":825,"caption":"Compa\u00f1\u00eda de Santa Teresa de Jes\u00fas"},"image":{"@id":"https:\/\/encompaniastj.org\/pt-pt\/#\/schema\/logo\/image\/"}},{"@type":"Person","@id":"https:\/\/encompaniastj.org\/pt-pt\/#\/schema\/person\/520e7ecc314793d40091993c2a02b651","name":"admin","image":{"@type":"ImageObject","inLanguage":"pt-PT","@id":"https:\/\/secure.gravatar.com\/avatar\/948b492cce32b586ac2db0eaa926ee87024f7afe218d73b397ea5ddfc5f43ea1?s=96&d=mm&r=g","url":"https:\/\/secure.gravatar.com\/avatar\/948b492cce32b586ac2db0eaa926ee87024f7afe218d73b397ea5ddfc5f43ea1?s=96&d=mm&r=g","contentUrl":"https:\/\/secure.gravatar.com\/avatar\/948b492cce32b586ac2db0eaa926ee87024f7afe218d73b397ea5ddfc5f43ea1?s=96&d=mm&r=g","caption":"admin"},"sameAs":["https:\/\/encompaniastj.org"],"url":"https:\/\/encompaniastj.org\/pt-pt\/author\/sjdigital\/"}]}},"_links":{"self":[{"href":"https:\/\/encompaniastj.org\/pt-pt\/wp-json\/wp\/v2\/posts\/9978","targetHints":{"allow":["GET"]}}],"collection":[{"href":"https:\/\/encompaniastj.org\/pt-pt\/wp-json\/wp\/v2\/posts"}],"about":[{"href":"https:\/\/encompaniastj.org\/pt-pt\/wp-json\/wp\/v2\/types\/post"}],"author":[{"embeddable":true,"href":"https:\/\/encompaniastj.org\/pt-pt\/wp-json\/wp\/v2\/users\/1"}],"replies":[{"embeddable":true,"href":"https:\/\/encompaniastj.org\/pt-pt\/wp-json\/wp\/v2\/comments?post=9978"}],"version-history":[{"count":1,"href":"https:\/\/encompaniastj.org\/pt-pt\/wp-json\/wp\/v2\/posts\/9978\/revisions"}],"predecessor-version":[{"id":9979,"href":"https:\/\/encompaniastj.org\/pt-pt\/wp-json\/wp\/v2\/posts\/9978\/revisions\/9979"}],"wp:featuredmedia":[{"embeddable":true,"href":"https:\/\/encompaniastj.org\/pt-pt\/wp-json\/wp\/v2\/media\/7329"}],"wp:attachment":[{"href":"https:\/\/encompaniastj.org\/pt-pt\/wp-json\/wp\/v2\/media?parent=9978"}],"wp:term":[{"taxonomy":"category","embeddable":true,"href":"https:\/\/encompaniastj.org\/pt-pt\/wp-json\/wp\/v2\/categories?post=9978"},{"taxonomy":"post_tag","embeddable":true,"href":"https:\/\/encompaniastj.org\/pt-pt\/wp-json\/wp\/v2\/tags?post=9978"}],"curies":[{"name":"wp","href":"https:\/\/api.w.org\/{rel}","templated":true}]}}