{"id":9954,"date":"2020-01-20T22:22:44","date_gmt":"2020-01-20T21:22:44","guid":{"rendered":"https:\/\/encompaniastj.org\/um-passo-mais-no-processo-de-discernimiento-provincial\/"},"modified":"2025-07-07T16:21:09","modified_gmt":"2025-07-07T14:21:09","slug":"um-passo-mais-no-processo-de-discernimiento-provincial","status":"publish","type":"post","link":"https:\/\/encompaniastj.org\/pt-pt\/um-passo-mais-no-processo-de-discernimiento-provincial\/","title":{"rendered":"Um passo mais no processo de discernimiento provincial"},"content":{"rendered":"\n<p>As Equipas de Governo e Anima\u00e7\u00e3o Apost\u00f3lica encontr\u00e1mo-nos na Casa Provincial, nos dias 11 e 12 de janeiro e demos mais um passo no caminho tra\u00e7ado para avan\u00e7ar no processo de discernimento provincial. <\/p>\n\n\n\n<p>Foram dois dias de trabalho intenso, mas tamb\u00e9m de nos sentirmos irm\u00e3s em busca, com o desejo de acolher n\u00e3o s\u00f3 o que cada uma podia dar, mas tamb\u00e9m a vida de tantas comunidades, obras e projetos que de uma forma ou outra estiveram presentes. Al\u00e9m das j\u00e1 esperadas horas de reuni\u00e3o, tivemos tempo para conviver, rezar e celebrar o in\u00edcio do ano com pequenos presentes e com a celebra\u00e7\u00e3o da Eucaristia que nos ajudou a colocar nas m\u00e3os de Deus tudo o que t\u00ednhamos feito. <\/p>\n\n\n\n<p>Durante estes dois dias cont\u00e1mos com a presen\u00e7a e o acompanhamento de Patxi \u00c1lvarez de los Mozos sj, que desde o in\u00edcio deste processo de discernimento nos est\u00e1 acompanhando a partir da experi\u00eancia dos jesu\u00edtas na Prov\u00edncia de Espanha; a sua capacidade de escuta, a sua palavra oportuna e iluminadora, o seu estar como irm\u00e3o entre n\u00f3s, foram importantes durante estes dias de encontro.<\/p>\n\n\n\n<p>O trabalho partiu do trabalho realizado por um grupo de irm\u00e3s nos dias 9 e 10, sobre os trabalhos das comunidades, e tamb\u00e9m do que a Equipa de Anima\u00e7\u00e3o Apost\u00f3lica recolheu das propostas das obras e projectos, e do encontro de equipas de \u00e2mbito provinciais que teve lugar nos dias 14 e 15 de dezembro em Barcelona. <\/p>\n\n\n\n<p>A leitura, o di\u00e1logo, a ora\u00e7\u00e3o, o ir e vir com a mente e o cora\u00e7\u00e3o a tantos lugares e projetos, estiveram presentes ao longo dos dois dias, que terminaram com a recolha do que, pouco a pouco, ir\u00e1 tendo forma para partilhar com a prov\u00edncia sobre a nossa realidade e sobre o que temos que cuidar para continuar dando VIDA. \n\n<\/p>\n\n\n\n<p>DAR VIDA, essa \u00e9 a \u00fanica raz\u00e3o do processo de discernimento provincial, e d\u00e1-la agradecendo quanto somos e temos, acolhendo as nossas possibilidades e confiando em que colocadas nas m\u00e3os de Deus, iremos descobrindo onde, como e o que quer Deus n\u00e3o s\u00f3 de n\u00f3s, mas tamb\u00e9m de tantos irm\u00e3os e irm\u00e3s com quem temos a oportunidade e o desafio de partilhar a miss\u00e3o.  <\/p>\n\n\n\n<p>Oxal\u00e1 vamos repetindo no cora\u00e7\u00e3o, com frequ\u00eancia: DAR VIDA\u2026 E FAZER TUDO POR JESUS. <\/p>\n\n\n\n<ul class=\"wp-block-gallery columns-2 is-cropped wp-block-gallery-1 is-layout-flex wp-block-gallery-is-layout-flex\"><li class=\"blocks-gallery-item\"><figure><a href=\"https:\/\/encompaniastj.org\/wp-content\/uploads\/2025\/05\/r-1-2.jpg\"><img decoding=\"async\" src=\"https:\/\/encompaniastj.org\/wp-content\/uploads\/2025\/05\/r-1-2.jpg\" alt=\"\" data-id=\"5930\" data-link=\"https:\/\/encompaniastj.org\/pt-pt\/um-passo-mais-no-processo-de-discernimiento-provincial\/r-1-3-2\/\" class=\"wp-image-5930\"\/><\/a><\/figure><\/li><li class=\"blocks-gallery-item\"><figure><a href=\"https:\/\/encompaniastj.org\/wp-content\/uploads\/2025\/05\/foto-eeaa-2-scaled.jpg\"><img decoding=\"async\" src=\"https:\/\/encompaniastj.org\/wp-content\/uploads\/2025\/05\/foto-eeaa-2-scaled.jpg\" alt=\"\" data-id=\"5969\" data-link=\"https:\/\/encompaniastj.org\/pt-pt\/um-passo-mais-no-processo-de-discernimiento-provincial\/foto-eeaa-2\/\" class=\"wp-image-5969\"\/><\/a><\/figure><\/li><li class=\"blocks-gallery-item\"><figure><a href=\"https:\/\/encompaniastj.org\/wp-content\/uploads\/2025\/05\/r2.jpg\"><img decoding=\"async\" src=\"https:\/\/encompaniastj.org\/wp-content\/uploads\/2025\/05\/r2.jpg\" alt=\"\" data-id=\"5932\" data-link=\"https:\/\/encompaniastj.org\/pt-pt\/um-passo-mais-no-processo-de-discernimiento-provincial\/r2-2\/\" class=\"wp-image-5932\"\/><\/a><\/figure><\/li><\/ul>\n","protected":false},"excerpt":{"rendered":"<p>As Equipas de Governo e Anima\u00e7\u00e3o Apost\u00f3lica encontr\u00e1mo-nos na Casa Provincial, nos dias 11 e 12 de janeiro e demos mais um passo no caminho tra\u00e7ado para avan\u00e7ar no processo [&hellip;]<\/p>\n","protected":false},"author":1,"featured_media":7299,"comment_status":"open","ping_status":"open","sticky":false,"template":"","format":"standard","meta":{"_acf_changed":false,"footnotes":""},"categories":[61,62,68],"tags":[],"class_list":["post-9954","post","type-post","status-publish","format-standard","has-post-thumbnail","hentry","category-noticias","category-otras","category-outras"],"acf":[],"yoast_head":"<!-- This site is optimized with the Yoast SEO plugin v27.5 - https:\/\/yoast.com\/product\/yoast-seo-wordpress\/ -->\n<title>Um passo mais no processo de discernimiento provincial - En Compa\u00f1\u00eda STJ<\/title>\n<meta name=\"robots\" content=\"index, follow, max-snippet:-1, max-image-preview:large, max-video-preview:-1\" \/>\n<link rel=\"canonical\" href=\"https:\/\/encompaniastj.org\/pt-pt\/um-passo-mais-no-processo-de-discernimiento-provincial\/\" \/>\n<meta property=\"og:locale\" content=\"pt_PT\" \/>\n<meta property=\"og:type\" content=\"article\" \/>\n<meta property=\"og:title\" content=\"Um passo mais no processo de discernimiento provincial - En Compa\u00f1\u00eda STJ\" \/>\n<meta property=\"og:description\" content=\"As Equipas de Governo e Anima\u00e7\u00e3o Apost\u00f3lica encontr\u00e1mo-nos na Casa Provincial, nos dias 11 e 12 de janeiro e demos mais um passo no caminho tra\u00e7ado para avan\u00e7ar no processo [&hellip;]\" \/>\n<meta property=\"og:url\" content=\"https:\/\/encompaniastj.org\/pt-pt\/um-passo-mais-no-processo-de-discernimiento-provincial\/\" \/>\n<meta property=\"og:site_name\" content=\"En Compa\u00f1\u00eda STJ\" \/>\n<meta property=\"article:published_time\" content=\"2020-01-20T21:22:44+00:00\" \/>\n<meta property=\"article:modified_time\" content=\"2025-07-07T14:21:09+00:00\" \/>\n<meta property=\"og:image\" content=\"https:\/\/encompaniastj.org\/wp-content\/uploads\/2025\/05\/foto-gobierno-EEAA-scaled.jpg\" \/>\n\t<meta property=\"og:image:width\" content=\"2560\" \/>\n\t<meta property=\"og:image:height\" content=\"1920\" \/>\n\t<meta property=\"og:image:type\" content=\"image\/jpeg\" \/>\n<meta name=\"author\" content=\"admin\" \/>\n<meta name=\"twitter:card\" content=\"summary_large_image\" \/>\n<meta name=\"twitter:label1\" content=\"Escrito por\" \/>\n\t<meta name=\"twitter:data1\" content=\"admin\" \/>\n\t<meta name=\"twitter:label2\" content=\"Tempo estimado de leitura\" \/>\n\t<meta name=\"twitter:data2\" content=\"2 minutos\" \/>\n<script type=\"application\/ld+json\" class=\"yoast-schema-graph\">{\"@context\":\"https:\\\/\\\/schema.org\",\"@graph\":[{\"@type\":\"Article\",\"@id\":\"https:\\\/\\\/encompaniastj.org\\\/pt-pt\\\/um-passo-mais-no-processo-de-discernimiento-provincial\\\/#article\",\"isPartOf\":{\"@id\":\"https:\\\/\\\/encompaniastj.org\\\/pt-pt\\\/um-passo-mais-no-processo-de-discernimiento-provincial\\\/\"},\"author\":{\"name\":\"admin\",\"@id\":\"https:\\\/\\\/encompaniastj.org\\\/pt-pt\\\/#\\\/schema\\\/person\\\/520e7ecc314793d40091993c2a02b651\"},\"headline\":\"Um passo mais no processo de discernimiento provincial\",\"datePublished\":\"2020-01-20T21:22:44+00:00\",\"dateModified\":\"2025-07-07T14:21:09+00:00\",\"mainEntityOfPage\":{\"@id\":\"https:\\\/\\\/encompaniastj.org\\\/pt-pt\\\/um-passo-mais-no-processo-de-discernimiento-provincial\\\/\"},\"wordCount\":422,\"commentCount\":0,\"publisher\":{\"@id\":\"https:\\\/\\\/encompaniastj.org\\\/pt-pt\\\/#organization\"},\"image\":{\"@id\":\"https:\\\/\\\/encompaniastj.org\\\/pt-pt\\\/um-passo-mais-no-processo-de-discernimiento-provincial\\\/#primaryimage\"},\"thumbnailUrl\":\"https:\\\/\\\/encompaniastj.org\\\/wp-content\\\/uploads\\\/2025\\\/05\\\/foto-gobierno-EEAA-scaled.jpg\",\"articleSection\":[\"Noticias\",\"Otras\",\"Outras\"],\"inLanguage\":\"pt-PT\",\"potentialAction\":[{\"@type\":\"CommentAction\",\"name\":\"Comment\",\"target\":[\"https:\\\/\\\/encompaniastj.org\\\/pt-pt\\\/um-passo-mais-no-processo-de-discernimiento-provincial\\\/#respond\"]}]},{\"@type\":\"WebPage\",\"@id\":\"https:\\\/\\\/encompaniastj.org\\\/pt-pt\\\/um-passo-mais-no-processo-de-discernimiento-provincial\\\/\",\"url\":\"https:\\\/\\\/encompaniastj.org\\\/pt-pt\\\/um-passo-mais-no-processo-de-discernimiento-provincial\\\/\",\"name\":\"Um passo mais no processo de discernimiento provincial - En Compa\u00f1\u00eda STJ\",\"isPartOf\":{\"@id\":\"https:\\\/\\\/encompaniastj.org\\\/pt-pt\\\/#website\"},\"primaryImageOfPage\":{\"@id\":\"https:\\\/\\\/encompaniastj.org\\\/pt-pt\\\/um-passo-mais-no-processo-de-discernimiento-provincial\\\/#primaryimage\"},\"image\":{\"@id\":\"https:\\\/\\\/encompaniastj.org\\\/pt-pt\\\/um-passo-mais-no-processo-de-discernimiento-provincial\\\/#primaryimage\"},\"thumbnailUrl\":\"https:\\\/\\\/encompaniastj.org\\\/wp-content\\\/uploads\\\/2025\\\/05\\\/foto-gobierno-EEAA-scaled.jpg\",\"datePublished\":\"2020-01-20T21:22:44+00:00\",\"dateModified\":\"2025-07-07T14:21:09+00:00\",\"breadcrumb\":{\"@id\":\"https:\\\/\\\/encompaniastj.org\\\/pt-pt\\\/um-passo-mais-no-processo-de-discernimiento-provincial\\\/#breadcrumb\"},\"inLanguage\":\"pt-PT\",\"potentialAction\":[{\"@type\":\"ReadAction\",\"target\":[\"https:\\\/\\\/encompaniastj.org\\\/pt-pt\\\/um-passo-mais-no-processo-de-discernimiento-provincial\\\/\"]}]},{\"@type\":\"ImageObject\",\"inLanguage\":\"pt-PT\",\"@id\":\"https:\\\/\\\/encompaniastj.org\\\/pt-pt\\\/um-passo-mais-no-processo-de-discernimiento-provincial\\\/#primaryimage\",\"url\":\"https:\\\/\\\/encompaniastj.org\\\/wp-content\\\/uploads\\\/2025\\\/05\\\/foto-gobierno-EEAA-scaled.jpg\",\"contentUrl\":\"https:\\\/\\\/encompaniastj.org\\\/wp-content\\\/uploads\\\/2025\\\/05\\\/foto-gobierno-EEAA-scaled.jpg\",\"width\":2560,\"height\":1920},{\"@type\":\"BreadcrumbList\",\"@id\":\"https:\\\/\\\/encompaniastj.org\\\/pt-pt\\\/um-passo-mais-no-processo-de-discernimiento-provincial\\\/#breadcrumb\",\"itemListElement\":[{\"@type\":\"ListItem\",\"position\":1,\"name\":\"Portada\",\"item\":\"https:\\\/\\\/encompaniastj.org\\\/pt-pt\\\/\"},{\"@type\":\"ListItem\",\"position\":2,\"name\":\"Um passo mais no processo de discernimiento provincial\"}]},{\"@type\":\"WebSite\",\"@id\":\"https:\\\/\\\/encompaniastj.org\\\/pt-pt\\\/#website\",\"url\":\"https:\\\/\\\/encompaniastj.org\\\/pt-pt\\\/\",\"name\":\"En Compa\u00f1\u00eda STJ\",\"description\":\"Bolet\u00edn de la Compa\u00f1\u00eda de Santa Teresa de Jes\u00fas\",\"publisher\":{\"@id\":\"https:\\\/\\\/encompaniastj.org\\\/pt-pt\\\/#organization\"},\"potentialAction\":[{\"@type\":\"SearchAction\",\"target\":{\"@type\":\"EntryPoint\",\"urlTemplate\":\"https:\\\/\\\/encompaniastj.org\\\/pt-pt\\\/?s={search_term_string}\"},\"query-input\":{\"@type\":\"PropertyValueSpecification\",\"valueRequired\":true,\"valueName\":\"search_term_string\"}}],\"inLanguage\":\"pt-PT\"},{\"@type\":\"Organization\",\"@id\":\"https:\\\/\\\/encompaniastj.org\\\/pt-pt\\\/#organization\",\"name\":\"Compa\u00f1\u00eda de Santa Teresa de Jes\u00fas\",\"url\":\"https:\\\/\\\/encompaniastj.org\\\/pt-pt\\\/\",\"logo\":{\"@type\":\"ImageObject\",\"inLanguage\":\"pt-PT\",\"@id\":\"https:\\\/\\\/encompaniastj.org\\\/pt-pt\\\/#\\\/schema\\\/logo\\\/image\\\/\",\"url\":\"https:\\\/\\\/encompaniastj.org\\\/wp-content\\\/uploads\\\/2025\\\/04\\\/logo_provincias02-1-3.png\",\"contentUrl\":\"https:\\\/\\\/encompaniastj.org\\\/wp-content\\\/uploads\\\/2025\\\/04\\\/logo_provincias02-1-3.png\",\"width\":2368,\"height\":825,\"caption\":\"Compa\u00f1\u00eda de Santa Teresa de Jes\u00fas\"},\"image\":{\"@id\":\"https:\\\/\\\/encompaniastj.org\\\/pt-pt\\\/#\\\/schema\\\/logo\\\/image\\\/\"}},{\"@type\":\"Person\",\"@id\":\"https:\\\/\\\/encompaniastj.org\\\/pt-pt\\\/#\\\/schema\\\/person\\\/520e7ecc314793d40091993c2a02b651\",\"name\":\"admin\",\"image\":{\"@type\":\"ImageObject\",\"inLanguage\":\"pt-PT\",\"@id\":\"https:\\\/\\\/secure.gravatar.com\\\/avatar\\\/948b492cce32b586ac2db0eaa926ee87024f7afe218d73b397ea5ddfc5f43ea1?s=96&d=mm&r=g\",\"url\":\"https:\\\/\\\/secure.gravatar.com\\\/avatar\\\/948b492cce32b586ac2db0eaa926ee87024f7afe218d73b397ea5ddfc5f43ea1?s=96&d=mm&r=g\",\"contentUrl\":\"https:\\\/\\\/secure.gravatar.com\\\/avatar\\\/948b492cce32b586ac2db0eaa926ee87024f7afe218d73b397ea5ddfc5f43ea1?s=96&d=mm&r=g\",\"caption\":\"admin\"},\"sameAs\":[\"https:\\\/\\\/encompaniastj.org\"],\"url\":\"https:\\\/\\\/encompaniastj.org\\\/pt-pt\\\/author\\\/sjdigital\\\/\"}]}<\/script>\n<!-- \/ Yoast SEO plugin. -->","yoast_head_json":{"title":"Um passo mais no processo de discernimiento provincial - En Compa\u00f1\u00eda STJ","robots":{"index":"index","follow":"follow","max-snippet":"max-snippet:-1","max-image-preview":"max-image-preview:large","max-video-preview":"max-video-preview:-1"},"canonical":"https:\/\/encompaniastj.org\/pt-pt\/um-passo-mais-no-processo-de-discernimiento-provincial\/","og_locale":"pt_PT","og_type":"article","og_title":"Um passo mais no processo de discernimiento provincial - En Compa\u00f1\u00eda STJ","og_description":"As Equipas de Governo e Anima\u00e7\u00e3o Apost\u00f3lica encontr\u00e1mo-nos na Casa Provincial, nos dias 11 e 12 de janeiro e demos mais um passo no caminho tra\u00e7ado para avan\u00e7ar no processo [&hellip;]","og_url":"https:\/\/encompaniastj.org\/pt-pt\/um-passo-mais-no-processo-de-discernimiento-provincial\/","og_site_name":"En Compa\u00f1\u00eda STJ","article_published_time":"2020-01-20T21:22:44+00:00","article_modified_time":"2025-07-07T14:21:09+00:00","og_image":[{"width":2560,"height":1920,"url":"https:\/\/encompaniastj.org\/wp-content\/uploads\/2025\/05\/foto-gobierno-EEAA-scaled.jpg","type":"image\/jpeg"}],"author":"admin","twitter_card":"summary_large_image","twitter_misc":{"Escrito por":"admin","Tempo estimado de leitura":"2 minutos"},"schema":{"@context":"https:\/\/schema.org","@graph":[{"@type":"Article","@id":"https:\/\/encompaniastj.org\/pt-pt\/um-passo-mais-no-processo-de-discernimiento-provincial\/#article","isPartOf":{"@id":"https:\/\/encompaniastj.org\/pt-pt\/um-passo-mais-no-processo-de-discernimiento-provincial\/"},"author":{"name":"admin","@id":"https:\/\/encompaniastj.org\/pt-pt\/#\/schema\/person\/520e7ecc314793d40091993c2a02b651"},"headline":"Um passo mais no processo de discernimiento provincial","datePublished":"2020-01-20T21:22:44+00:00","dateModified":"2025-07-07T14:21:09+00:00","mainEntityOfPage":{"@id":"https:\/\/encompaniastj.org\/pt-pt\/um-passo-mais-no-processo-de-discernimiento-provincial\/"},"wordCount":422,"commentCount":0,"publisher":{"@id":"https:\/\/encompaniastj.org\/pt-pt\/#organization"},"image":{"@id":"https:\/\/encompaniastj.org\/pt-pt\/um-passo-mais-no-processo-de-discernimiento-provincial\/#primaryimage"},"thumbnailUrl":"https:\/\/encompaniastj.org\/wp-content\/uploads\/2025\/05\/foto-gobierno-EEAA-scaled.jpg","articleSection":["Noticias","Otras","Outras"],"inLanguage":"pt-PT","potentialAction":[{"@type":"CommentAction","name":"Comment","target":["https:\/\/encompaniastj.org\/pt-pt\/um-passo-mais-no-processo-de-discernimiento-provincial\/#respond"]}]},{"@type":"WebPage","@id":"https:\/\/encompaniastj.org\/pt-pt\/um-passo-mais-no-processo-de-discernimiento-provincial\/","url":"https:\/\/encompaniastj.org\/pt-pt\/um-passo-mais-no-processo-de-discernimiento-provincial\/","name":"Um passo mais no processo de discernimiento provincial - En Compa\u00f1\u00eda STJ","isPartOf":{"@id":"https:\/\/encompaniastj.org\/pt-pt\/#website"},"primaryImageOfPage":{"@id":"https:\/\/encompaniastj.org\/pt-pt\/um-passo-mais-no-processo-de-discernimiento-provincial\/#primaryimage"},"image":{"@id":"https:\/\/encompaniastj.org\/pt-pt\/um-passo-mais-no-processo-de-discernimiento-provincial\/#primaryimage"},"thumbnailUrl":"https:\/\/encompaniastj.org\/wp-content\/uploads\/2025\/05\/foto-gobierno-EEAA-scaled.jpg","datePublished":"2020-01-20T21:22:44+00:00","dateModified":"2025-07-07T14:21:09+00:00","breadcrumb":{"@id":"https:\/\/encompaniastj.org\/pt-pt\/um-passo-mais-no-processo-de-discernimiento-provincial\/#breadcrumb"},"inLanguage":"pt-PT","potentialAction":[{"@type":"ReadAction","target":["https:\/\/encompaniastj.org\/pt-pt\/um-passo-mais-no-processo-de-discernimiento-provincial\/"]}]},{"@type":"ImageObject","inLanguage":"pt-PT","@id":"https:\/\/encompaniastj.org\/pt-pt\/um-passo-mais-no-processo-de-discernimiento-provincial\/#primaryimage","url":"https:\/\/encompaniastj.org\/wp-content\/uploads\/2025\/05\/foto-gobierno-EEAA-scaled.jpg","contentUrl":"https:\/\/encompaniastj.org\/wp-content\/uploads\/2025\/05\/foto-gobierno-EEAA-scaled.jpg","width":2560,"height":1920},{"@type":"BreadcrumbList","@id":"https:\/\/encompaniastj.org\/pt-pt\/um-passo-mais-no-processo-de-discernimiento-provincial\/#breadcrumb","itemListElement":[{"@type":"ListItem","position":1,"name":"Portada","item":"https:\/\/encompaniastj.org\/pt-pt\/"},{"@type":"ListItem","position":2,"name":"Um passo mais no processo de discernimiento provincial"}]},{"@type":"WebSite","@id":"https:\/\/encompaniastj.org\/pt-pt\/#website","url":"https:\/\/encompaniastj.org\/pt-pt\/","name":"En Compa\u00f1\u00eda STJ","description":"Bolet\u00edn de la Compa\u00f1\u00eda de Santa Teresa de Jes\u00fas","publisher":{"@id":"https:\/\/encompaniastj.org\/pt-pt\/#organization"},"potentialAction":[{"@type":"SearchAction","target":{"@type":"EntryPoint","urlTemplate":"https:\/\/encompaniastj.org\/pt-pt\/?s={search_term_string}"},"query-input":{"@type":"PropertyValueSpecification","valueRequired":true,"valueName":"search_term_string"}}],"inLanguage":"pt-PT"},{"@type":"Organization","@id":"https:\/\/encompaniastj.org\/pt-pt\/#organization","name":"Compa\u00f1\u00eda de Santa Teresa de Jes\u00fas","url":"https:\/\/encompaniastj.org\/pt-pt\/","logo":{"@type":"ImageObject","inLanguage":"pt-PT","@id":"https:\/\/encompaniastj.org\/pt-pt\/#\/schema\/logo\/image\/","url":"https:\/\/encompaniastj.org\/wp-content\/uploads\/2025\/04\/logo_provincias02-1-3.png","contentUrl":"https:\/\/encompaniastj.org\/wp-content\/uploads\/2025\/04\/logo_provincias02-1-3.png","width":2368,"height":825,"caption":"Compa\u00f1\u00eda de Santa Teresa de Jes\u00fas"},"image":{"@id":"https:\/\/encompaniastj.org\/pt-pt\/#\/schema\/logo\/image\/"}},{"@type":"Person","@id":"https:\/\/encompaniastj.org\/pt-pt\/#\/schema\/person\/520e7ecc314793d40091993c2a02b651","name":"admin","image":{"@type":"ImageObject","inLanguage":"pt-PT","@id":"https:\/\/secure.gravatar.com\/avatar\/948b492cce32b586ac2db0eaa926ee87024f7afe218d73b397ea5ddfc5f43ea1?s=96&d=mm&r=g","url":"https:\/\/secure.gravatar.com\/avatar\/948b492cce32b586ac2db0eaa926ee87024f7afe218d73b397ea5ddfc5f43ea1?s=96&d=mm&r=g","contentUrl":"https:\/\/secure.gravatar.com\/avatar\/948b492cce32b586ac2db0eaa926ee87024f7afe218d73b397ea5ddfc5f43ea1?s=96&d=mm&r=g","caption":"admin"},"sameAs":["https:\/\/encompaniastj.org"],"url":"https:\/\/encompaniastj.org\/pt-pt\/author\/sjdigital\/"}]}},"_links":{"self":[{"href":"https:\/\/encompaniastj.org\/pt-pt\/wp-json\/wp\/v2\/posts\/9954","targetHints":{"allow":["GET"]}}],"collection":[{"href":"https:\/\/encompaniastj.org\/pt-pt\/wp-json\/wp\/v2\/posts"}],"about":[{"href":"https:\/\/encompaniastj.org\/pt-pt\/wp-json\/wp\/v2\/types\/post"}],"author":[{"embeddable":true,"href":"https:\/\/encompaniastj.org\/pt-pt\/wp-json\/wp\/v2\/users\/1"}],"replies":[{"embeddable":true,"href":"https:\/\/encompaniastj.org\/pt-pt\/wp-json\/wp\/v2\/comments?post=9954"}],"version-history":[{"count":1,"href":"https:\/\/encompaniastj.org\/pt-pt\/wp-json\/wp\/v2\/posts\/9954\/revisions"}],"predecessor-version":[{"id":9955,"href":"https:\/\/encompaniastj.org\/pt-pt\/wp-json\/wp\/v2\/posts\/9954\/revisions\/9955"}],"wp:featuredmedia":[{"embeddable":true,"href":"https:\/\/encompaniastj.org\/pt-pt\/wp-json\/wp\/v2\/media\/7299"}],"wp:attachment":[{"href":"https:\/\/encompaniastj.org\/pt-pt\/wp-json\/wp\/v2\/media?parent=9954"}],"wp:term":[{"taxonomy":"category","embeddable":true,"href":"https:\/\/encompaniastj.org\/pt-pt\/wp-json\/wp\/v2\/categories?post=9954"},{"taxonomy":"post_tag","embeddable":true,"href":"https:\/\/encompaniastj.org\/pt-pt\/wp-json\/wp\/v2\/tags?post=9954"}],"curies":[{"name":"wp","href":"https:\/\/api.w.org\/{rel}","templated":true}]}}