{"id":9950,"date":"2020-01-20T22:12:24","date_gmt":"2020-01-20T21:12:24","guid":{"rendered":"https:\/\/encompaniastj.org\/palavras-que-unem-processo-de-discernimento-provincial\/"},"modified":"2025-07-07T16:21:09","modified_gmt":"2025-07-07T14:21:09","slug":"palavras-que-unem-processo-de-discernimento-provincial","status":"publish","type":"post","link":"https:\/\/encompaniastj.org\/pt-pt\/palavras-que-unem-processo-de-discernimento-provincial\/","title":{"rendered":"Palavras que unem \u2013 Processo de discernimento provincial"},"content":{"rendered":"\n<p>\u00c0s vezes olhar para tr\u00e1s e ler a vida numa perspectiva diferente, ajuda-nos a descobrir os la\u00e7os que nos unem sem nos darmos conta.  <\/p>\n\n<p>Ao longo do primeiro trimestre, irm\u00e3s e comunidades par\u00e1mos para olhar para o nosso contexto e questionarmo-nos sobre a nossa vida \u00e0 luz de uns crit\u00e9rios para ver as nossas possibilidades em ordem ao futuro. As nossas reuni\u00f5es traduziram-se em palavras e folhas escritas, que ajudadas pela magia da tecnologia, viajaram rumo ao governo provincial.<\/p>\n\n<p>E ao terminar a viagem encontraram-se com muitas outras palavras que vinham das diferentes comunidades da prov\u00edncia, e deixaram de ser palavras e folhas soltas para se juntarem com muitas outras e ser capazes de gerar conversa\u00e7\u00e3o<\/p>\n\n<p>Convocadas pelo governo provincial, e tal como estava tra\u00e7ado na planifica\u00e7\u00e3o anual, um grupo de 18 encontraram-se em Madrid nos dias 9 e 10 de janeiro, e com elas, atrav\u00e9s das nossas palavras e folhas, unimo-nos todas as irm\u00e3s e comunidades. Dois dias para acolher o que t\u00ednhamos enviado, para iluminar o momento que como prov\u00edncia vivemos hoje, dias para reconhecer a vida e tamb\u00e9m para acolher a debilidade que tamb\u00e9m temos. Foram dois dias de trabalho intenso, dias para ler, escrever, redigir, acrescentar dados.., mas dias durante os quais experiment\u00e1mos que responder hoje a Deus, passa por nos unirmos \u00e0s nossas irm\u00e3s e  discernir juntas a vontade de Deus. <\/p>\n\n<p>Aparentemente eram s\u00f3 palavras que chegaram de todos os lugares, mas na verdade, era a vida de cada uma de n\u00f3s, das nossas comunidades integrada no corpo provincial; chegaram palavras do passado e do presente, mas ao encontrarem-se com as outras, come\u00e7aram a escrever palavras de futuro que oxal\u00e1 nos ajudem a discernir como, onde e com quem estar. Tudo por Jesus. <\/p>\n\n<ul class=\"wp-block-gallery columns-2 is-cropped wp-block-gallery-1 is-layout-flex wp-block-gallery-is-layout-flex\">\n<li class=\"blocks-gallery-item\"><figure><a href=\"https:\/\/encompaniastj.org\/wp-content\/uploads\/2025\/05\/r-2-palabras-scaled.jpg\"><img decoding=\"async\" src=\"https:\/\/encompaniastj.org\/wp-content\/uploads\/2025\/05\/r-2-palabras-scaled.jpg\" alt=\"\" data-id=\"5914\" data-link=\"https:\/\/encompaniastj.org\/palabras-que-unen-proceso-de-discernimiento-provincial\/r-2-palabras\/\" class=\"wp-image-5914\"><\/a><\/figure><\/li>\n<li class=\"blocks-gallery-item\"><figure><a href=\"https:\/\/encompaniastj.org\/wp-content\/uploads\/2025\/05\/r-3-palabras.jpg\"><img decoding=\"async\" src=\"https:\/\/encompaniastj.org\/wp-content\/uploads\/2025\/05\/r-3-palabras.jpg\" alt=\"\" data-id=\"5916\" data-link=\"https:\/\/encompaniastj.org\/palabras-que-unen-proceso-de-discernimiento-provincial\/r-3-palabras\/\" class=\"wp-image-5916\"><\/a><\/figure><\/li>\n<li class=\"blocks-gallery-item\"><figure><a href=\"https:\/\/encompaniastj.org\/wp-content\/uploads\/2025\/05\/r-4-palabras-.jpg\"><img decoding=\"async\" src=\"https:\/\/encompaniastj.org\/wp-content\/uploads\/2025\/05\/r-4-palabras-.jpg\" alt=\"\" data-id=\"5918\" data-link=\"https:\/\/encompaniastj.org\/palabras-que-unen-proceso-de-discernimiento-provincial\/r-4-palabras\/\" class=\"wp-image-5918\"><\/a><\/figure><\/li>\n<li class=\"blocks-gallery-item\"><figure><a href=\"https:\/\/encompaniastj.org\/wp-content\/uploads\/2025\/05\/r-7-palabras-.jpg\"><img decoding=\"async\" src=\"https:\/\/encompaniastj.org\/wp-content\/uploads\/2025\/05\/r-7-palabras-.jpg\" alt=\"\" data-id=\"5920\" data-link=\"https:\/\/encompaniastj.org\/palabras-que-unen-proceso-de-discernimiento-provincial\/r-7-palabras\/\" class=\"wp-image-5920\"><\/a><\/figure><\/li>\n<li class=\"blocks-gallery-item\"><figure><a href=\"https:\/\/encompaniastj.org\/wp-content\/uploads\/2025\/05\/r-mesa-vela-.jpg\"><img decoding=\"async\" src=\"https:\/\/encompaniastj.org\/wp-content\/uploads\/2025\/05\/r-mesa-vela-.jpg\" alt=\"\" data-id=\"5922\" data-link=\"https:\/\/encompaniastj.org\/palabras-que-unen-proceso-de-discernimiento-provincial\/r-mesa-vela\/\" class=\"wp-image-5922\"><\/a><\/figure><\/li>\n<\/ul>","protected":false},"excerpt":{"rendered":"<p>\u00c0s vezes olhar para tr\u00e1s e ler a vida numa perspectiva diferente, ajuda-nos a descobrir os la\u00e7os que nos unem sem nos darmos conta. Ao longo do primeiro trimestre, irm\u00e3s [&hellip;]<\/p>\n","protected":false},"author":1,"featured_media":7296,"comment_status":"open","ping_status":"open","sticky":false,"template":"","format":"standard","meta":{"_acf_changed":false,"_et_pb_use_builder":"","_et_pb_old_content":"","_et_gb_content_width":"","footnotes":""},"categories":[61,62,68],"tags":[],"class_list":["post-9950","post","type-post","status-publish","format-standard","has-post-thumbnail","hentry","category-noticias","category-otras","category-outras"],"acf":[],"yoast_head":"<!-- This site is optimized with the Yoast SEO plugin v27.5 - https:\/\/yoast.com\/product\/yoast-seo-wordpress\/ -->\n<title>Palavras que unem \u2013 Processo de discernimento provincial - En Compa\u00f1\u00eda STJ<\/title>\n<meta name=\"robots\" content=\"index, follow, max-snippet:-1, max-image-preview:large, max-video-preview:-1\" \/>\n<link rel=\"canonical\" href=\"https:\/\/encompaniastj.org\/pt-pt\/palavras-que-unem-processo-de-discernimento-provincial\/\" \/>\n<meta property=\"og:locale\" content=\"pt_PT\" \/>\n<meta property=\"og:type\" content=\"article\" \/>\n<meta property=\"og:title\" content=\"Palavras que unem \u2013 Processo de discernimento provincial - En Compa\u00f1\u00eda STJ\" \/>\n<meta property=\"og:description\" content=\"\u00c0s vezes olhar para tr\u00e1s e ler a vida numa perspectiva diferente, ajuda-nos a descobrir os la\u00e7os que nos unem sem nos darmos conta. Ao longo do primeiro trimestre, irm\u00e3s [&hellip;]\" \/>\n<meta property=\"og:url\" content=\"https:\/\/encompaniastj.org\/pt-pt\/palavras-que-unem-processo-de-discernimento-provincial\/\" \/>\n<meta property=\"og:site_name\" content=\"En Compa\u00f1\u00eda STJ\" \/>\n<meta property=\"article:published_time\" content=\"2020-01-20T21:12:24+00:00\" \/>\n<meta property=\"article:modified_time\" content=\"2025-07-07T14:21:09+00:00\" \/>\n<meta property=\"og:image\" content=\"https:\/\/encompaniastj.org\/wp-content\/uploads\/2025\/05\/r-mesa-vela-.jpg\" \/>\n\t<meta property=\"og:image:width\" content=\"1920\" \/>\n\t<meta property=\"og:image:height\" content=\"1080\" \/>\n\t<meta property=\"og:image:type\" content=\"image\/jpeg\" \/>\n<meta name=\"author\" content=\"admin\" \/>\n<meta name=\"twitter:card\" content=\"summary_large_image\" \/>\n<meta name=\"twitter:label1\" content=\"Escrito por\" \/>\n\t<meta name=\"twitter:data1\" content=\"admin\" \/>\n\t<meta name=\"twitter:label2\" content=\"Tempo estimado de leitura\" \/>\n\t<meta name=\"twitter:data2\" content=\"2 minutos\" \/>\n<script type=\"application\/ld+json\" class=\"yoast-schema-graph\">{\"@context\":\"https:\\\/\\\/schema.org\",\"@graph\":[{\"@type\":\"Article\",\"@id\":\"https:\\\/\\\/encompaniastj.org\\\/pt-pt\\\/palavras-que-unem-processo-de-discernimento-provincial\\\/#article\",\"isPartOf\":{\"@id\":\"https:\\\/\\\/encompaniastj.org\\\/pt-pt\\\/palavras-que-unem-processo-de-discernimento-provincial\\\/\"},\"author\":{\"name\":\"admin\",\"@id\":\"https:\\\/\\\/encompaniastj.org\\\/pt-pt\\\/#\\\/schema\\\/person\\\/520e7ecc314793d40091993c2a02b651\"},\"headline\":\"Palavras que unem \u2013 Processo de discernimento provincial\",\"datePublished\":\"2020-01-20T21:12:24+00:00\",\"dateModified\":\"2025-07-07T14:21:09+00:00\",\"mainEntityOfPage\":{\"@id\":\"https:\\\/\\\/encompaniastj.org\\\/pt-pt\\\/palavras-que-unem-processo-de-discernimento-provincial\\\/\"},\"wordCount\":311,\"commentCount\":0,\"publisher\":{\"@id\":\"https:\\\/\\\/encompaniastj.org\\\/pt-pt\\\/#organization\"},\"image\":{\"@id\":\"https:\\\/\\\/encompaniastj.org\\\/pt-pt\\\/palavras-que-unem-processo-de-discernimento-provincial\\\/#primaryimage\"},\"thumbnailUrl\":\"https:\\\/\\\/encompaniastj.org\\\/wp-content\\\/uploads\\\/2025\\\/05\\\/r-mesa-vela-.jpg\",\"articleSection\":[\"Noticias\",\"Otras\",\"Outras\"],\"inLanguage\":\"pt-PT\",\"potentialAction\":[{\"@type\":\"CommentAction\",\"name\":\"Comment\",\"target\":[\"https:\\\/\\\/encompaniastj.org\\\/pt-pt\\\/palavras-que-unem-processo-de-discernimento-provincial\\\/#respond\"]}]},{\"@type\":\"WebPage\",\"@id\":\"https:\\\/\\\/encompaniastj.org\\\/pt-pt\\\/palavras-que-unem-processo-de-discernimento-provincial\\\/\",\"url\":\"https:\\\/\\\/encompaniastj.org\\\/pt-pt\\\/palavras-que-unem-processo-de-discernimento-provincial\\\/\",\"name\":\"Palavras que unem \u2013 Processo de discernimento provincial - En Compa\u00f1\u00eda STJ\",\"isPartOf\":{\"@id\":\"https:\\\/\\\/encompaniastj.org\\\/pt-pt\\\/#website\"},\"primaryImageOfPage\":{\"@id\":\"https:\\\/\\\/encompaniastj.org\\\/pt-pt\\\/palavras-que-unem-processo-de-discernimento-provincial\\\/#primaryimage\"},\"image\":{\"@id\":\"https:\\\/\\\/encompaniastj.org\\\/pt-pt\\\/palavras-que-unem-processo-de-discernimento-provincial\\\/#primaryimage\"},\"thumbnailUrl\":\"https:\\\/\\\/encompaniastj.org\\\/wp-content\\\/uploads\\\/2025\\\/05\\\/r-mesa-vela-.jpg\",\"datePublished\":\"2020-01-20T21:12:24+00:00\",\"dateModified\":\"2025-07-07T14:21:09+00:00\",\"breadcrumb\":{\"@id\":\"https:\\\/\\\/encompaniastj.org\\\/pt-pt\\\/palavras-que-unem-processo-de-discernimento-provincial\\\/#breadcrumb\"},\"inLanguage\":\"pt-PT\",\"potentialAction\":[{\"@type\":\"ReadAction\",\"target\":[\"https:\\\/\\\/encompaniastj.org\\\/pt-pt\\\/palavras-que-unem-processo-de-discernimento-provincial\\\/\"]}]},{\"@type\":\"ImageObject\",\"inLanguage\":\"pt-PT\",\"@id\":\"https:\\\/\\\/encompaniastj.org\\\/pt-pt\\\/palavras-que-unem-processo-de-discernimento-provincial\\\/#primaryimage\",\"url\":\"https:\\\/\\\/encompaniastj.org\\\/wp-content\\\/uploads\\\/2025\\\/05\\\/r-mesa-vela-.jpg\",\"contentUrl\":\"https:\\\/\\\/encompaniastj.org\\\/wp-content\\\/uploads\\\/2025\\\/05\\\/r-mesa-vela-.jpg\",\"width\":1920,\"height\":1080},{\"@type\":\"BreadcrumbList\",\"@id\":\"https:\\\/\\\/encompaniastj.org\\\/pt-pt\\\/palavras-que-unem-processo-de-discernimento-provincial\\\/#breadcrumb\",\"itemListElement\":[{\"@type\":\"ListItem\",\"position\":1,\"name\":\"Portada\",\"item\":\"https:\\\/\\\/encompaniastj.org\\\/pt-pt\\\/\"},{\"@type\":\"ListItem\",\"position\":2,\"name\":\"Palavras que unem \u2013 Processo de discernimento provincial\"}]},{\"@type\":\"WebSite\",\"@id\":\"https:\\\/\\\/encompaniastj.org\\\/pt-pt\\\/#website\",\"url\":\"https:\\\/\\\/encompaniastj.org\\\/pt-pt\\\/\",\"name\":\"En Compa\u00f1\u00eda STJ\",\"description\":\"Bolet\u00edn de la Compa\u00f1\u00eda de Santa Teresa de Jes\u00fas\",\"publisher\":{\"@id\":\"https:\\\/\\\/encompaniastj.org\\\/pt-pt\\\/#organization\"},\"potentialAction\":[{\"@type\":\"SearchAction\",\"target\":{\"@type\":\"EntryPoint\",\"urlTemplate\":\"https:\\\/\\\/encompaniastj.org\\\/pt-pt\\\/?s={search_term_string}\"},\"query-input\":{\"@type\":\"PropertyValueSpecification\",\"valueRequired\":true,\"valueName\":\"search_term_string\"}}],\"inLanguage\":\"pt-PT\"},{\"@type\":\"Organization\",\"@id\":\"https:\\\/\\\/encompaniastj.org\\\/pt-pt\\\/#organization\",\"name\":\"Compa\u00f1\u00eda de Santa Teresa de Jes\u00fas\",\"url\":\"https:\\\/\\\/encompaniastj.org\\\/pt-pt\\\/\",\"logo\":{\"@type\":\"ImageObject\",\"inLanguage\":\"pt-PT\",\"@id\":\"https:\\\/\\\/encompaniastj.org\\\/pt-pt\\\/#\\\/schema\\\/logo\\\/image\\\/\",\"url\":\"https:\\\/\\\/encompaniastj.org\\\/wp-content\\\/uploads\\\/2025\\\/04\\\/logo_provincias02-1-3.png\",\"contentUrl\":\"https:\\\/\\\/encompaniastj.org\\\/wp-content\\\/uploads\\\/2025\\\/04\\\/logo_provincias02-1-3.png\",\"width\":2368,\"height\":825,\"caption\":\"Compa\u00f1\u00eda de Santa Teresa de Jes\u00fas\"},\"image\":{\"@id\":\"https:\\\/\\\/encompaniastj.org\\\/pt-pt\\\/#\\\/schema\\\/logo\\\/image\\\/\"}},{\"@type\":\"Person\",\"@id\":\"https:\\\/\\\/encompaniastj.org\\\/pt-pt\\\/#\\\/schema\\\/person\\\/520e7ecc314793d40091993c2a02b651\",\"name\":\"admin\",\"image\":{\"@type\":\"ImageObject\",\"inLanguage\":\"pt-PT\",\"@id\":\"https:\\\/\\\/secure.gravatar.com\\\/avatar\\\/948b492cce32b586ac2db0eaa926ee87024f7afe218d73b397ea5ddfc5f43ea1?s=96&d=mm&r=g\",\"url\":\"https:\\\/\\\/secure.gravatar.com\\\/avatar\\\/948b492cce32b586ac2db0eaa926ee87024f7afe218d73b397ea5ddfc5f43ea1?s=96&d=mm&r=g\",\"contentUrl\":\"https:\\\/\\\/secure.gravatar.com\\\/avatar\\\/948b492cce32b586ac2db0eaa926ee87024f7afe218d73b397ea5ddfc5f43ea1?s=96&d=mm&r=g\",\"caption\":\"admin\"},\"sameAs\":[\"https:\\\/\\\/encompaniastj.org\"],\"url\":\"https:\\\/\\\/encompaniastj.org\\\/pt-pt\\\/author\\\/sjdigital\\\/\"}]}<\/script>\n<!-- \/ Yoast SEO plugin. -->","yoast_head_json":{"title":"Palavras que unem \u2013 Processo de discernimento provincial - En Compa\u00f1\u00eda STJ","robots":{"index":"index","follow":"follow","max-snippet":"max-snippet:-1","max-image-preview":"max-image-preview:large","max-video-preview":"max-video-preview:-1"},"canonical":"https:\/\/encompaniastj.org\/pt-pt\/palavras-que-unem-processo-de-discernimento-provincial\/","og_locale":"pt_PT","og_type":"article","og_title":"Palavras que unem \u2013 Processo de discernimento provincial - En Compa\u00f1\u00eda STJ","og_description":"\u00c0s vezes olhar para tr\u00e1s e ler a vida numa perspectiva diferente, ajuda-nos a descobrir os la\u00e7os que nos unem sem nos darmos conta. Ao longo do primeiro trimestre, irm\u00e3s [&hellip;]","og_url":"https:\/\/encompaniastj.org\/pt-pt\/palavras-que-unem-processo-de-discernimento-provincial\/","og_site_name":"En Compa\u00f1\u00eda STJ","article_published_time":"2020-01-20T21:12:24+00:00","article_modified_time":"2025-07-07T14:21:09+00:00","og_image":[{"width":1920,"height":1080,"url":"https:\/\/encompaniastj.org\/wp-content\/uploads\/2025\/05\/r-mesa-vela-.jpg","type":"image\/jpeg"}],"author":"admin","twitter_card":"summary_large_image","twitter_misc":{"Escrito por":"admin","Tempo estimado de leitura":"2 minutos"},"schema":{"@context":"https:\/\/schema.org","@graph":[{"@type":"Article","@id":"https:\/\/encompaniastj.org\/pt-pt\/palavras-que-unem-processo-de-discernimento-provincial\/#article","isPartOf":{"@id":"https:\/\/encompaniastj.org\/pt-pt\/palavras-que-unem-processo-de-discernimento-provincial\/"},"author":{"name":"admin","@id":"https:\/\/encompaniastj.org\/pt-pt\/#\/schema\/person\/520e7ecc314793d40091993c2a02b651"},"headline":"Palavras que unem \u2013 Processo de discernimento provincial","datePublished":"2020-01-20T21:12:24+00:00","dateModified":"2025-07-07T14:21:09+00:00","mainEntityOfPage":{"@id":"https:\/\/encompaniastj.org\/pt-pt\/palavras-que-unem-processo-de-discernimento-provincial\/"},"wordCount":311,"commentCount":0,"publisher":{"@id":"https:\/\/encompaniastj.org\/pt-pt\/#organization"},"image":{"@id":"https:\/\/encompaniastj.org\/pt-pt\/palavras-que-unem-processo-de-discernimento-provincial\/#primaryimage"},"thumbnailUrl":"https:\/\/encompaniastj.org\/wp-content\/uploads\/2025\/05\/r-mesa-vela-.jpg","articleSection":["Noticias","Otras","Outras"],"inLanguage":"pt-PT","potentialAction":[{"@type":"CommentAction","name":"Comment","target":["https:\/\/encompaniastj.org\/pt-pt\/palavras-que-unem-processo-de-discernimento-provincial\/#respond"]}]},{"@type":"WebPage","@id":"https:\/\/encompaniastj.org\/pt-pt\/palavras-que-unem-processo-de-discernimento-provincial\/","url":"https:\/\/encompaniastj.org\/pt-pt\/palavras-que-unem-processo-de-discernimento-provincial\/","name":"Palavras que unem \u2013 Processo de discernimento provincial - En Compa\u00f1\u00eda STJ","isPartOf":{"@id":"https:\/\/encompaniastj.org\/pt-pt\/#website"},"primaryImageOfPage":{"@id":"https:\/\/encompaniastj.org\/pt-pt\/palavras-que-unem-processo-de-discernimento-provincial\/#primaryimage"},"image":{"@id":"https:\/\/encompaniastj.org\/pt-pt\/palavras-que-unem-processo-de-discernimento-provincial\/#primaryimage"},"thumbnailUrl":"https:\/\/encompaniastj.org\/wp-content\/uploads\/2025\/05\/r-mesa-vela-.jpg","datePublished":"2020-01-20T21:12:24+00:00","dateModified":"2025-07-07T14:21:09+00:00","breadcrumb":{"@id":"https:\/\/encompaniastj.org\/pt-pt\/palavras-que-unem-processo-de-discernimento-provincial\/#breadcrumb"},"inLanguage":"pt-PT","potentialAction":[{"@type":"ReadAction","target":["https:\/\/encompaniastj.org\/pt-pt\/palavras-que-unem-processo-de-discernimento-provincial\/"]}]},{"@type":"ImageObject","inLanguage":"pt-PT","@id":"https:\/\/encompaniastj.org\/pt-pt\/palavras-que-unem-processo-de-discernimento-provincial\/#primaryimage","url":"https:\/\/encompaniastj.org\/wp-content\/uploads\/2025\/05\/r-mesa-vela-.jpg","contentUrl":"https:\/\/encompaniastj.org\/wp-content\/uploads\/2025\/05\/r-mesa-vela-.jpg","width":1920,"height":1080},{"@type":"BreadcrumbList","@id":"https:\/\/encompaniastj.org\/pt-pt\/palavras-que-unem-processo-de-discernimento-provincial\/#breadcrumb","itemListElement":[{"@type":"ListItem","position":1,"name":"Portada","item":"https:\/\/encompaniastj.org\/pt-pt\/"},{"@type":"ListItem","position":2,"name":"Palavras que unem \u2013 Processo de discernimento provincial"}]},{"@type":"WebSite","@id":"https:\/\/encompaniastj.org\/pt-pt\/#website","url":"https:\/\/encompaniastj.org\/pt-pt\/","name":"En Compa\u00f1\u00eda STJ","description":"Bolet\u00edn de la Compa\u00f1\u00eda de Santa Teresa de Jes\u00fas","publisher":{"@id":"https:\/\/encompaniastj.org\/pt-pt\/#organization"},"potentialAction":[{"@type":"SearchAction","target":{"@type":"EntryPoint","urlTemplate":"https:\/\/encompaniastj.org\/pt-pt\/?s={search_term_string}"},"query-input":{"@type":"PropertyValueSpecification","valueRequired":true,"valueName":"search_term_string"}}],"inLanguage":"pt-PT"},{"@type":"Organization","@id":"https:\/\/encompaniastj.org\/pt-pt\/#organization","name":"Compa\u00f1\u00eda de Santa Teresa de Jes\u00fas","url":"https:\/\/encompaniastj.org\/pt-pt\/","logo":{"@type":"ImageObject","inLanguage":"pt-PT","@id":"https:\/\/encompaniastj.org\/pt-pt\/#\/schema\/logo\/image\/","url":"https:\/\/encompaniastj.org\/wp-content\/uploads\/2025\/04\/logo_provincias02-1-3.png","contentUrl":"https:\/\/encompaniastj.org\/wp-content\/uploads\/2025\/04\/logo_provincias02-1-3.png","width":2368,"height":825,"caption":"Compa\u00f1\u00eda de Santa Teresa de Jes\u00fas"},"image":{"@id":"https:\/\/encompaniastj.org\/pt-pt\/#\/schema\/logo\/image\/"}},{"@type":"Person","@id":"https:\/\/encompaniastj.org\/pt-pt\/#\/schema\/person\/520e7ecc314793d40091993c2a02b651","name":"admin","image":{"@type":"ImageObject","inLanguage":"pt-PT","@id":"https:\/\/secure.gravatar.com\/avatar\/948b492cce32b586ac2db0eaa926ee87024f7afe218d73b397ea5ddfc5f43ea1?s=96&d=mm&r=g","url":"https:\/\/secure.gravatar.com\/avatar\/948b492cce32b586ac2db0eaa926ee87024f7afe218d73b397ea5ddfc5f43ea1?s=96&d=mm&r=g","contentUrl":"https:\/\/secure.gravatar.com\/avatar\/948b492cce32b586ac2db0eaa926ee87024f7afe218d73b397ea5ddfc5f43ea1?s=96&d=mm&r=g","caption":"admin"},"sameAs":["https:\/\/encompaniastj.org"],"url":"https:\/\/encompaniastj.org\/pt-pt\/author\/sjdigital\/"}]}},"_links":{"self":[{"href":"https:\/\/encompaniastj.org\/pt-pt\/wp-json\/wp\/v2\/posts\/9950","targetHints":{"allow":["GET"]}}],"collection":[{"href":"https:\/\/encompaniastj.org\/pt-pt\/wp-json\/wp\/v2\/posts"}],"about":[{"href":"https:\/\/encompaniastj.org\/pt-pt\/wp-json\/wp\/v2\/types\/post"}],"author":[{"embeddable":true,"href":"https:\/\/encompaniastj.org\/pt-pt\/wp-json\/wp\/v2\/users\/1"}],"replies":[{"embeddable":true,"href":"https:\/\/encompaniastj.org\/pt-pt\/wp-json\/wp\/v2\/comments?post=9950"}],"version-history":[{"count":1,"href":"https:\/\/encompaniastj.org\/pt-pt\/wp-json\/wp\/v2\/posts\/9950\/revisions"}],"predecessor-version":[{"id":9951,"href":"https:\/\/encompaniastj.org\/pt-pt\/wp-json\/wp\/v2\/posts\/9950\/revisions\/9951"}],"wp:featuredmedia":[{"embeddable":true,"href":"https:\/\/encompaniastj.org\/pt-pt\/wp-json\/wp\/v2\/media\/7296"}],"wp:attachment":[{"href":"https:\/\/encompaniastj.org\/pt-pt\/wp-json\/wp\/v2\/media?parent=9950"}],"wp:term":[{"taxonomy":"category","embeddable":true,"href":"https:\/\/encompaniastj.org\/pt-pt\/wp-json\/wp\/v2\/categories?post=9950"},{"taxonomy":"post_tag","embeddable":true,"href":"https:\/\/encompaniastj.org\/pt-pt\/wp-json\/wp\/v2\/tags?post=9950"}],"curies":[{"name":"wp","href":"https:\/\/api.w.org\/{rel}","templated":true}]}}