{"id":9946,"date":"2020-01-20T22:04:08","date_gmt":"2020-01-20T21:04:08","guid":{"rendered":"https:\/\/encompaniastj.org\/arte-urbana-ao-servico-da-interculturalidade-rego-telherias-sul\/"},"modified":"2025-07-07T16:21:08","modified_gmt":"2025-07-07T14:21:08","slug":"arte-urbana-ao-servico-da-interculturalidade-rego-telherias-sul","status":"publish","type":"post","link":"https:\/\/encompaniastj.org\/pt-pt\/arte-urbana-ao-servico-da-interculturalidade-rego-telherias-sul\/","title":{"rendered":"Arte urbana ao servi\u00e7o da interculturalidade \u2013 Rego. Telherias Sul"},"content":{"rendered":"\n<p>Nos grandes centros urbanos, cruzamo-nos e convivemos com uma grande variedades de gentes e de culturas que chegam at\u00e9 n\u00f3s, dos v\u00e1rios cantos da Terra e nos v\u00e3o colocando desafios ao di\u00e1logo, \u00e0 abertura e \u00e0 escuta desarmada. E ficamos todos mais ricos, porque somos seres em rela\u00e7\u00e3o.<\/p>\n\n<p>Tamb\u00e9m a arte urbana, devidamente valorizada e assumida n\u00e3o s\u00f3 embeleza os espa\u00e7os fisicamente empobrecidos, como tamb\u00e9m favorece o di\u00e1logo e a rela\u00e7\u00e3o entre todos. Nos lugares onde antes s\u00f3 existiam grafitis interpretados como s\u00edmbolo de revolta jovem e sinal de contesta\u00e7\u00e3o, foram aparecendo verdadeiras obras de arte que fazem tanta gente pensar, \u201cque pena n\u00e3o poder levar isto para casa!&#8230;\u201d <\/p>\n\n<p>Em Lisboa, os autarcas come\u00e7am a valorizar esta arte urbana. Cada vez mais, surgem verdadeiras obras de arte por todo o lado, assinadas pelos respectivos artistas. <\/p>\n\n<p>Nos Bairros sociais, como acontece em Telheiras Sul e no Rego, tem-se notado essa integra\u00e7\u00e3o e cuidado na rela\u00e7\u00e3o das diferentes culturas, das diferentes pessoas vindas de fora e de maneira particular os africanos e as pessoas da etnia cigana. Por isso, no Bairro de Santos (Rego) o p\u00e1tio de todo o pr\u00e9dio foi decorado por artistas urbanos que pintaram nas paredes e no tecto, paisagens e cenas mais t\u00edpicas da vida dessas pessoas. Pode-se dizer que o ambiente entre todos, \u00e9 melhorado pelo embelezamento e cuidado dos espa\u00e7os e tamb\u00e9m pela ajuda e apoio de v\u00e1rias Associa\u00e7\u00f5es e ONGs que ocupam algumas salas ao longo desse p\u00e1tio, e que a autarquia local cede a troco de uma renda mensal. <\/p>\n\n<p>Numa dessas salas, o n\u00ba 36 A, pode-se ler num pequeno quadro de madeira, a informa\u00e7\u00e3o da nossa Associa\u00e7\u00e3o de Santa Teresa de Jesus \u2013 Dignidade e Desenvolvimento. A principal atividade a\u00ed desenvolvida \u00e9 um projeto de alfabetiza\u00e7\u00e3o de adultos que pela a\u00e7\u00e3o de duas volunt\u00e1rias, uma irm\u00e3 teresiana e uma estudante, semanalmente se dirigem a este Bairro para ajudar os adultos africanos e ciganos na aprendizagem da leitura e da escrita da l\u00edngua portuguesa. <\/p>\n\n<ul class=\"wp-block-gallery columns-3 is-cropped wp-block-gallery-1 is-layout-flex wp-block-gallery-is-layout-flex\">\n<li class=\"blocks-gallery-item\"><figure><a href=\"https:\/\/encompaniastj.org\/wp-content\/uploads\/2025\/05\/cores.jpg\"><img decoding=\"async\" src=\"https:\/\/encompaniastj.org\/wp-content\/uploads\/2025\/05\/cores.jpg\" alt=\"\" data-id=\"5908\" data-link=\"https:\/\/encompaniastj.org\/?attachment_id=5908\" class=\"wp-image-5908\"><\/a><\/figure><\/li>\n<li class=\"blocks-gallery-item\"><figure><a href=\"https:\/\/encompaniastj.org\/wp-content\/uploads\/2025\/05\/ciganos.jpg\"><img decoding=\"async\" src=\"https:\/\/encompaniastj.org\/wp-content\/uploads\/2025\/05\/ciganos.jpg\" alt=\"\" data-id=\"5906\" data-link=\"https:\/\/encompaniastj.org\/?attachment_id=5906\" class=\"wp-image-5906\"><\/a><\/figure><\/li>\n<li class=\"blocks-gallery-item\"><figure><a href=\"https:\/\/encompaniastj.org\/wp-content\/uploads\/2025\/05\/Associacao.jpg\"><img decoding=\"async\" src=\"https:\/\/encompaniastj.org\/wp-content\/uploads\/2025\/05\/Associacao.jpg\" alt=\"\" data-id=\"5904\" data-link=\"https:\/\/encompaniastj.org\/?attachment_id=5904\" class=\"wp-image-5904\"><\/a><\/figure><\/li>\n<li class=\"blocks-gallery-item\"><figure><a href=\"https:\/\/encompaniastj.org\/wp-content\/uploads\/2025\/05\/artista.jpg\"><img decoding=\"async\" src=\"https:\/\/encompaniastj.org\/wp-content\/uploads\/2025\/05\/artista.jpg\" alt=\"\" data-id=\"5902\" data-link=\"https:\/\/encompaniastj.org\/?attachment_id=5902\" class=\"wp-image-5902\"><\/a><\/figure><\/li>\n<li class=\"blocks-gallery-item\"><figure><a href=\"https:\/\/encompaniastj.org\/wp-content\/uploads\/2025\/05\/africana.jpg\"><img decoding=\"async\" src=\"https:\/\/encompaniastj.org\/wp-content\/uploads\/2025\/05\/africana.jpg\" alt=\"\" data-id=\"5900\" data-link=\"https:\/\/encompaniastj.org\/?attachment_id=5900\" class=\"wp-image-5900\"><\/a><\/figure><\/li>\n<li class=\"blocks-gallery-item\"><figure><a href=\"https:\/\/encompaniastj.org\/wp-content\/uploads\/2025\/05\/africa.jpg\"><img decoding=\"async\" src=\"https:\/\/encompaniastj.org\/wp-content\/uploads\/2025\/05\/africa.jpg\" alt=\"\" data-id=\"5898\" data-link=\"https:\/\/encompaniastj.org\/?attachment_id=5898\" class=\"wp-image-5898\"><\/a><\/figure><\/li>\n<\/ul>","protected":false},"excerpt":{"rendered":"<p>Nos grandes centros urbanos, cruzamo-nos e convivemos com uma grande variedades de gentes e de culturas que chegam at\u00e9 n\u00f3s, dos v\u00e1rios cantos da Terra e nos v\u00e3o colocando desafios [&hellip;]<\/p>\n","protected":false},"author":1,"featured_media":7285,"comment_status":"open","ping_status":"open","sticky":false,"template":"","format":"standard","meta":{"_acf_changed":false,"_et_pb_use_builder":"","_et_pb_old_content":"","_et_gb_content_width":"","footnotes":""},"categories":[76,74,61],"tags":[],"class_list":["post-9946","post","type-post","status-publish","format-standard","has-post-thumbnail","hentry","category-acao-social","category-accion-social","category-noticias"],"acf":[],"yoast_head":"<!-- This site is optimized with the Yoast SEO plugin v27.5 - https:\/\/yoast.com\/product\/yoast-seo-wordpress\/ -->\n<title>Arte urbana ao servi\u00e7o da interculturalidade \u2013 Rego. Telherias Sul - En Compa\u00f1\u00eda STJ<\/title>\n<meta name=\"robots\" content=\"index, follow, max-snippet:-1, max-image-preview:large, max-video-preview:-1\" \/>\n<link rel=\"canonical\" href=\"https:\/\/encompaniastj.org\/pt-pt\/arte-urbana-ao-servico-da-interculturalidade-rego-telherias-sul\/\" \/>\n<meta property=\"og:locale\" content=\"pt_PT\" \/>\n<meta property=\"og:type\" content=\"article\" \/>\n<meta property=\"og:title\" content=\"Arte urbana ao servi\u00e7o da interculturalidade \u2013 Rego. Telherias Sul - En Compa\u00f1\u00eda STJ\" \/>\n<meta property=\"og:description\" content=\"Nos grandes centros urbanos, cruzamo-nos e convivemos com uma grande variedades de gentes e de culturas que chegam at\u00e9 n\u00f3s, dos v\u00e1rios cantos da Terra e nos v\u00e3o colocando desafios [&hellip;]\" \/>\n<meta property=\"og:url\" content=\"https:\/\/encompaniastj.org\/pt-pt\/arte-urbana-ao-servico-da-interculturalidade-rego-telherias-sul\/\" \/>\n<meta property=\"og:site_name\" content=\"En Compa\u00f1\u00eda STJ\" \/>\n<meta property=\"article:published_time\" content=\"2020-01-20T21:04:08+00:00\" \/>\n<meta property=\"article:modified_time\" content=\"2025-07-07T14:21:08+00:00\" \/>\n<meta property=\"og:image\" content=\"https:\/\/encompaniastj.org\/wp-content\/uploads\/2025\/05\/ciganos.jpg\" \/>\n\t<meta property=\"og:image:width\" content=\"1536\" \/>\n\t<meta property=\"og:image:height\" content=\"1143\" \/>\n\t<meta property=\"og:image:type\" content=\"image\/jpeg\" \/>\n<meta name=\"author\" content=\"admin\" \/>\n<meta name=\"twitter:card\" content=\"summary_large_image\" \/>\n<meta name=\"twitter:label1\" content=\"Escrito por\" \/>\n\t<meta name=\"twitter:data1\" content=\"admin\" \/>\n\t<meta name=\"twitter:label2\" content=\"Tempo estimado de leitura\" \/>\n\t<meta name=\"twitter:data2\" content=\"2 minutos\" \/>\n<script type=\"application\/ld+json\" class=\"yoast-schema-graph\">{\"@context\":\"https:\\\/\\\/schema.org\",\"@graph\":[{\"@type\":\"Article\",\"@id\":\"https:\\\/\\\/encompaniastj.org\\\/pt-pt\\\/arte-urbana-ao-servico-da-interculturalidade-rego-telherias-sul\\\/#article\",\"isPartOf\":{\"@id\":\"https:\\\/\\\/encompaniastj.org\\\/pt-pt\\\/arte-urbana-ao-servico-da-interculturalidade-rego-telherias-sul\\\/\"},\"author\":{\"name\":\"admin\",\"@id\":\"https:\\\/\\\/encompaniastj.org\\\/pt-pt\\\/#\\\/schema\\\/person\\\/520e7ecc314793d40091993c2a02b651\"},\"headline\":\"Arte urbana ao servi\u00e7o da interculturalidade \u2013 Rego. Telherias Sul\",\"datePublished\":\"2020-01-20T21:04:08+00:00\",\"dateModified\":\"2025-07-07T14:21:08+00:00\",\"mainEntityOfPage\":{\"@id\":\"https:\\\/\\\/encompaniastj.org\\\/pt-pt\\\/arte-urbana-ao-servico-da-interculturalidade-rego-telherias-sul\\\/\"},\"wordCount\":365,\"commentCount\":0,\"publisher\":{\"@id\":\"https:\\\/\\\/encompaniastj.org\\\/pt-pt\\\/#organization\"},\"image\":{\"@id\":\"https:\\\/\\\/encompaniastj.org\\\/pt-pt\\\/arte-urbana-ao-servico-da-interculturalidade-rego-telherias-sul\\\/#primaryimage\"},\"thumbnailUrl\":\"https:\\\/\\\/encompaniastj.org\\\/wp-content\\\/uploads\\\/2025\\\/05\\\/ciganos.jpg\",\"articleSection\":[\"A\u00e7\u00e3o Social\",\"Acci\u00f3n Social\",\"Noticias\"],\"inLanguage\":\"pt-PT\",\"potentialAction\":[{\"@type\":\"CommentAction\",\"name\":\"Comment\",\"target\":[\"https:\\\/\\\/encompaniastj.org\\\/pt-pt\\\/arte-urbana-ao-servico-da-interculturalidade-rego-telherias-sul\\\/#respond\"]}]},{\"@type\":\"WebPage\",\"@id\":\"https:\\\/\\\/encompaniastj.org\\\/pt-pt\\\/arte-urbana-ao-servico-da-interculturalidade-rego-telherias-sul\\\/\",\"url\":\"https:\\\/\\\/encompaniastj.org\\\/pt-pt\\\/arte-urbana-ao-servico-da-interculturalidade-rego-telherias-sul\\\/\",\"name\":\"Arte urbana ao servi\u00e7o da interculturalidade \u2013 Rego. Telherias Sul - En Compa\u00f1\u00eda STJ\",\"isPartOf\":{\"@id\":\"https:\\\/\\\/encompaniastj.org\\\/pt-pt\\\/#website\"},\"primaryImageOfPage\":{\"@id\":\"https:\\\/\\\/encompaniastj.org\\\/pt-pt\\\/arte-urbana-ao-servico-da-interculturalidade-rego-telherias-sul\\\/#primaryimage\"},\"image\":{\"@id\":\"https:\\\/\\\/encompaniastj.org\\\/pt-pt\\\/arte-urbana-ao-servico-da-interculturalidade-rego-telherias-sul\\\/#primaryimage\"},\"thumbnailUrl\":\"https:\\\/\\\/encompaniastj.org\\\/wp-content\\\/uploads\\\/2025\\\/05\\\/ciganos.jpg\",\"datePublished\":\"2020-01-20T21:04:08+00:00\",\"dateModified\":\"2025-07-07T14:21:08+00:00\",\"breadcrumb\":{\"@id\":\"https:\\\/\\\/encompaniastj.org\\\/pt-pt\\\/arte-urbana-ao-servico-da-interculturalidade-rego-telherias-sul\\\/#breadcrumb\"},\"inLanguage\":\"pt-PT\",\"potentialAction\":[{\"@type\":\"ReadAction\",\"target\":[\"https:\\\/\\\/encompaniastj.org\\\/pt-pt\\\/arte-urbana-ao-servico-da-interculturalidade-rego-telherias-sul\\\/\"]}]},{\"@type\":\"ImageObject\",\"inLanguage\":\"pt-PT\",\"@id\":\"https:\\\/\\\/encompaniastj.org\\\/pt-pt\\\/arte-urbana-ao-servico-da-interculturalidade-rego-telherias-sul\\\/#primaryimage\",\"url\":\"https:\\\/\\\/encompaniastj.org\\\/wp-content\\\/uploads\\\/2025\\\/05\\\/ciganos.jpg\",\"contentUrl\":\"https:\\\/\\\/encompaniastj.org\\\/wp-content\\\/uploads\\\/2025\\\/05\\\/ciganos.jpg\",\"width\":1536,\"height\":1143},{\"@type\":\"BreadcrumbList\",\"@id\":\"https:\\\/\\\/encompaniastj.org\\\/pt-pt\\\/arte-urbana-ao-servico-da-interculturalidade-rego-telherias-sul\\\/#breadcrumb\",\"itemListElement\":[{\"@type\":\"ListItem\",\"position\":1,\"name\":\"Portada\",\"item\":\"https:\\\/\\\/encompaniastj.org\\\/pt-pt\\\/\"},{\"@type\":\"ListItem\",\"position\":2,\"name\":\"Arte urbana ao servi\u00e7o da interculturalidade \u2013 Rego. Telherias Sul\"}]},{\"@type\":\"WebSite\",\"@id\":\"https:\\\/\\\/encompaniastj.org\\\/pt-pt\\\/#website\",\"url\":\"https:\\\/\\\/encompaniastj.org\\\/pt-pt\\\/\",\"name\":\"En Compa\u00f1\u00eda STJ\",\"description\":\"Bolet\u00edn de la Compa\u00f1\u00eda de Santa Teresa de Jes\u00fas\",\"publisher\":{\"@id\":\"https:\\\/\\\/encompaniastj.org\\\/pt-pt\\\/#organization\"},\"potentialAction\":[{\"@type\":\"SearchAction\",\"target\":{\"@type\":\"EntryPoint\",\"urlTemplate\":\"https:\\\/\\\/encompaniastj.org\\\/pt-pt\\\/?s={search_term_string}\"},\"query-input\":{\"@type\":\"PropertyValueSpecification\",\"valueRequired\":true,\"valueName\":\"search_term_string\"}}],\"inLanguage\":\"pt-PT\"},{\"@type\":\"Organization\",\"@id\":\"https:\\\/\\\/encompaniastj.org\\\/pt-pt\\\/#organization\",\"name\":\"Compa\u00f1\u00eda de Santa Teresa de Jes\u00fas\",\"url\":\"https:\\\/\\\/encompaniastj.org\\\/pt-pt\\\/\",\"logo\":{\"@type\":\"ImageObject\",\"inLanguage\":\"pt-PT\",\"@id\":\"https:\\\/\\\/encompaniastj.org\\\/pt-pt\\\/#\\\/schema\\\/logo\\\/image\\\/\",\"url\":\"https:\\\/\\\/encompaniastj.org\\\/wp-content\\\/uploads\\\/2025\\\/04\\\/logo_provincias02-1-3.png\",\"contentUrl\":\"https:\\\/\\\/encompaniastj.org\\\/wp-content\\\/uploads\\\/2025\\\/04\\\/logo_provincias02-1-3.png\",\"width\":2368,\"height\":825,\"caption\":\"Compa\u00f1\u00eda de Santa Teresa de Jes\u00fas\"},\"image\":{\"@id\":\"https:\\\/\\\/encompaniastj.org\\\/pt-pt\\\/#\\\/schema\\\/logo\\\/image\\\/\"}},{\"@type\":\"Person\",\"@id\":\"https:\\\/\\\/encompaniastj.org\\\/pt-pt\\\/#\\\/schema\\\/person\\\/520e7ecc314793d40091993c2a02b651\",\"name\":\"admin\",\"image\":{\"@type\":\"ImageObject\",\"inLanguage\":\"pt-PT\",\"@id\":\"https:\\\/\\\/secure.gravatar.com\\\/avatar\\\/948b492cce32b586ac2db0eaa926ee87024f7afe218d73b397ea5ddfc5f43ea1?s=96&d=mm&r=g\",\"url\":\"https:\\\/\\\/secure.gravatar.com\\\/avatar\\\/948b492cce32b586ac2db0eaa926ee87024f7afe218d73b397ea5ddfc5f43ea1?s=96&d=mm&r=g\",\"contentUrl\":\"https:\\\/\\\/secure.gravatar.com\\\/avatar\\\/948b492cce32b586ac2db0eaa926ee87024f7afe218d73b397ea5ddfc5f43ea1?s=96&d=mm&r=g\",\"caption\":\"admin\"},\"sameAs\":[\"https:\\\/\\\/encompaniastj.org\"],\"url\":\"https:\\\/\\\/encompaniastj.org\\\/pt-pt\\\/author\\\/sjdigital\\\/\"}]}<\/script>\n<!-- \/ Yoast SEO plugin. -->","yoast_head_json":{"title":"Arte urbana ao servi\u00e7o da interculturalidade \u2013 Rego. Telherias Sul - En Compa\u00f1\u00eda STJ","robots":{"index":"index","follow":"follow","max-snippet":"max-snippet:-1","max-image-preview":"max-image-preview:large","max-video-preview":"max-video-preview:-1"},"canonical":"https:\/\/encompaniastj.org\/pt-pt\/arte-urbana-ao-servico-da-interculturalidade-rego-telherias-sul\/","og_locale":"pt_PT","og_type":"article","og_title":"Arte urbana ao servi\u00e7o da interculturalidade \u2013 Rego. Telherias Sul - En Compa\u00f1\u00eda STJ","og_description":"Nos grandes centros urbanos, cruzamo-nos e convivemos com uma grande variedades de gentes e de culturas que chegam at\u00e9 n\u00f3s, dos v\u00e1rios cantos da Terra e nos v\u00e3o colocando desafios [&hellip;]","og_url":"https:\/\/encompaniastj.org\/pt-pt\/arte-urbana-ao-servico-da-interculturalidade-rego-telherias-sul\/","og_site_name":"En Compa\u00f1\u00eda STJ","article_published_time":"2020-01-20T21:04:08+00:00","article_modified_time":"2025-07-07T14:21:08+00:00","og_image":[{"width":1536,"height":1143,"url":"https:\/\/encompaniastj.org\/wp-content\/uploads\/2025\/05\/ciganos.jpg","type":"image\/jpeg"}],"author":"admin","twitter_card":"summary_large_image","twitter_misc":{"Escrito por":"admin","Tempo estimado de leitura":"2 minutos"},"schema":{"@context":"https:\/\/schema.org","@graph":[{"@type":"Article","@id":"https:\/\/encompaniastj.org\/pt-pt\/arte-urbana-ao-servico-da-interculturalidade-rego-telherias-sul\/#article","isPartOf":{"@id":"https:\/\/encompaniastj.org\/pt-pt\/arte-urbana-ao-servico-da-interculturalidade-rego-telherias-sul\/"},"author":{"name":"admin","@id":"https:\/\/encompaniastj.org\/pt-pt\/#\/schema\/person\/520e7ecc314793d40091993c2a02b651"},"headline":"Arte urbana ao servi\u00e7o da interculturalidade \u2013 Rego. Telherias Sul","datePublished":"2020-01-20T21:04:08+00:00","dateModified":"2025-07-07T14:21:08+00:00","mainEntityOfPage":{"@id":"https:\/\/encompaniastj.org\/pt-pt\/arte-urbana-ao-servico-da-interculturalidade-rego-telherias-sul\/"},"wordCount":365,"commentCount":0,"publisher":{"@id":"https:\/\/encompaniastj.org\/pt-pt\/#organization"},"image":{"@id":"https:\/\/encompaniastj.org\/pt-pt\/arte-urbana-ao-servico-da-interculturalidade-rego-telherias-sul\/#primaryimage"},"thumbnailUrl":"https:\/\/encompaniastj.org\/wp-content\/uploads\/2025\/05\/ciganos.jpg","articleSection":["A\u00e7\u00e3o Social","Acci\u00f3n Social","Noticias"],"inLanguage":"pt-PT","potentialAction":[{"@type":"CommentAction","name":"Comment","target":["https:\/\/encompaniastj.org\/pt-pt\/arte-urbana-ao-servico-da-interculturalidade-rego-telherias-sul\/#respond"]}]},{"@type":"WebPage","@id":"https:\/\/encompaniastj.org\/pt-pt\/arte-urbana-ao-servico-da-interculturalidade-rego-telherias-sul\/","url":"https:\/\/encompaniastj.org\/pt-pt\/arte-urbana-ao-servico-da-interculturalidade-rego-telherias-sul\/","name":"Arte urbana ao servi\u00e7o da interculturalidade \u2013 Rego. Telherias Sul - En Compa\u00f1\u00eda STJ","isPartOf":{"@id":"https:\/\/encompaniastj.org\/pt-pt\/#website"},"primaryImageOfPage":{"@id":"https:\/\/encompaniastj.org\/pt-pt\/arte-urbana-ao-servico-da-interculturalidade-rego-telherias-sul\/#primaryimage"},"image":{"@id":"https:\/\/encompaniastj.org\/pt-pt\/arte-urbana-ao-servico-da-interculturalidade-rego-telherias-sul\/#primaryimage"},"thumbnailUrl":"https:\/\/encompaniastj.org\/wp-content\/uploads\/2025\/05\/ciganos.jpg","datePublished":"2020-01-20T21:04:08+00:00","dateModified":"2025-07-07T14:21:08+00:00","breadcrumb":{"@id":"https:\/\/encompaniastj.org\/pt-pt\/arte-urbana-ao-servico-da-interculturalidade-rego-telherias-sul\/#breadcrumb"},"inLanguage":"pt-PT","potentialAction":[{"@type":"ReadAction","target":["https:\/\/encompaniastj.org\/pt-pt\/arte-urbana-ao-servico-da-interculturalidade-rego-telherias-sul\/"]}]},{"@type":"ImageObject","inLanguage":"pt-PT","@id":"https:\/\/encompaniastj.org\/pt-pt\/arte-urbana-ao-servico-da-interculturalidade-rego-telherias-sul\/#primaryimage","url":"https:\/\/encompaniastj.org\/wp-content\/uploads\/2025\/05\/ciganos.jpg","contentUrl":"https:\/\/encompaniastj.org\/wp-content\/uploads\/2025\/05\/ciganos.jpg","width":1536,"height":1143},{"@type":"BreadcrumbList","@id":"https:\/\/encompaniastj.org\/pt-pt\/arte-urbana-ao-servico-da-interculturalidade-rego-telherias-sul\/#breadcrumb","itemListElement":[{"@type":"ListItem","position":1,"name":"Portada","item":"https:\/\/encompaniastj.org\/pt-pt\/"},{"@type":"ListItem","position":2,"name":"Arte urbana ao servi\u00e7o da interculturalidade \u2013 Rego. Telherias Sul"}]},{"@type":"WebSite","@id":"https:\/\/encompaniastj.org\/pt-pt\/#website","url":"https:\/\/encompaniastj.org\/pt-pt\/","name":"En Compa\u00f1\u00eda STJ","description":"Bolet\u00edn de la Compa\u00f1\u00eda de Santa Teresa de Jes\u00fas","publisher":{"@id":"https:\/\/encompaniastj.org\/pt-pt\/#organization"},"potentialAction":[{"@type":"SearchAction","target":{"@type":"EntryPoint","urlTemplate":"https:\/\/encompaniastj.org\/pt-pt\/?s={search_term_string}"},"query-input":{"@type":"PropertyValueSpecification","valueRequired":true,"valueName":"search_term_string"}}],"inLanguage":"pt-PT"},{"@type":"Organization","@id":"https:\/\/encompaniastj.org\/pt-pt\/#organization","name":"Compa\u00f1\u00eda de Santa Teresa de Jes\u00fas","url":"https:\/\/encompaniastj.org\/pt-pt\/","logo":{"@type":"ImageObject","inLanguage":"pt-PT","@id":"https:\/\/encompaniastj.org\/pt-pt\/#\/schema\/logo\/image\/","url":"https:\/\/encompaniastj.org\/wp-content\/uploads\/2025\/04\/logo_provincias02-1-3.png","contentUrl":"https:\/\/encompaniastj.org\/wp-content\/uploads\/2025\/04\/logo_provincias02-1-3.png","width":2368,"height":825,"caption":"Compa\u00f1\u00eda de Santa Teresa de Jes\u00fas"},"image":{"@id":"https:\/\/encompaniastj.org\/pt-pt\/#\/schema\/logo\/image\/"}},{"@type":"Person","@id":"https:\/\/encompaniastj.org\/pt-pt\/#\/schema\/person\/520e7ecc314793d40091993c2a02b651","name":"admin","image":{"@type":"ImageObject","inLanguage":"pt-PT","@id":"https:\/\/secure.gravatar.com\/avatar\/948b492cce32b586ac2db0eaa926ee87024f7afe218d73b397ea5ddfc5f43ea1?s=96&d=mm&r=g","url":"https:\/\/secure.gravatar.com\/avatar\/948b492cce32b586ac2db0eaa926ee87024f7afe218d73b397ea5ddfc5f43ea1?s=96&d=mm&r=g","contentUrl":"https:\/\/secure.gravatar.com\/avatar\/948b492cce32b586ac2db0eaa926ee87024f7afe218d73b397ea5ddfc5f43ea1?s=96&d=mm&r=g","caption":"admin"},"sameAs":["https:\/\/encompaniastj.org"],"url":"https:\/\/encompaniastj.org\/pt-pt\/author\/sjdigital\/"}]}},"_links":{"self":[{"href":"https:\/\/encompaniastj.org\/pt-pt\/wp-json\/wp\/v2\/posts\/9946","targetHints":{"allow":["GET"]}}],"collection":[{"href":"https:\/\/encompaniastj.org\/pt-pt\/wp-json\/wp\/v2\/posts"}],"about":[{"href":"https:\/\/encompaniastj.org\/pt-pt\/wp-json\/wp\/v2\/types\/post"}],"author":[{"embeddable":true,"href":"https:\/\/encompaniastj.org\/pt-pt\/wp-json\/wp\/v2\/users\/1"}],"replies":[{"embeddable":true,"href":"https:\/\/encompaniastj.org\/pt-pt\/wp-json\/wp\/v2\/comments?post=9946"}],"version-history":[{"count":1,"href":"https:\/\/encompaniastj.org\/pt-pt\/wp-json\/wp\/v2\/posts\/9946\/revisions"}],"predecessor-version":[{"id":9947,"href":"https:\/\/encompaniastj.org\/pt-pt\/wp-json\/wp\/v2\/posts\/9946\/revisions\/9947"}],"wp:featuredmedia":[{"embeddable":true,"href":"https:\/\/encompaniastj.org\/pt-pt\/wp-json\/wp\/v2\/media\/7285"}],"wp:attachment":[{"href":"https:\/\/encompaniastj.org\/pt-pt\/wp-json\/wp\/v2\/media?parent=9946"}],"wp:term":[{"taxonomy":"category","embeddable":true,"href":"https:\/\/encompaniastj.org\/pt-pt\/wp-json\/wp\/v2\/categories?post=9946"},{"taxonomy":"post_tag","embeddable":true,"href":"https:\/\/encompaniastj.org\/pt-pt\/wp-json\/wp\/v2\/tags?post=9946"}],"curies":[{"name":"wp","href":"https:\/\/api.w.org\/{rel}","templated":true}]}}