{"id":9942,"date":"2020-01-22T08:00:25","date_gmt":"2020-01-22T07:00:25","guid":{"rendered":"https:\/\/encompaniastj.org\/aos-que-se-interessam\/"},"modified":"2025-07-07T16:21:08","modified_gmt":"2025-07-07T14:21:08","slug":"aos-que-se-interessam","status":"publish","type":"post","link":"https:\/\/encompaniastj.org\/pt-pt\/aos-que-se-interessam\/","title":{"rendered":"\u201cAos que se interessam&#8230;\u201d"},"content":{"rendered":"\n<p>Desde o princ\u00edpio at\u00e9 ao fim da sua vida, encontramos em Santo Henrique de Oss\u00f3 uma paix\u00e3o por <em>conhecer e amar a Jesus e torn\u00e1-lo conhecido e amado <\/em>\u2026 por partilhar a sua miss\u00e3o e ser <em>seu ap\u00f3stolo, seu mission\u00e1rio de paz e amor.<\/em><\/p>\n\n\n\n<p>Ao come\u00e7ar o seu caminho, ele tinha-se encontrado com Teresa de Jesus, e com a mesma paix\u00e3o que a moveu a ela, a sua maneira de ser ap\u00f3stolo foi tendo a indiscut\u00edvel marca teresiana. No Deserto de Las Palmas tinha tra\u00e7ado um plano para mudar o mundo segundo o esp\u00edrito de Teresa de Jesus. E viveu perguntando-se, em cada novo sonho, <em>\u201cDeus o quer? Jesus o quer?, Teresa de Jesus o quer?\u201d<\/em>. Tinha aprendido a sair do seu pr\u00f3prio interesse e tudo o que fosse <em>promover os interesses de Jesus <\/em>movia a sua vida e imprimia o car\u00e1cter das suas obras.<\/p>\n\n\n\n<p><em>Como pode aceitar com gosto o que promove e aumenta os interesses de Jesus, um cora\u00e7\u00e3o que s\u00f3 busca os seus pr\u00f3prios? \u2026 Admiro-me e pasmo com a indiferen\u00e7a com que cuidam os interesses deste mesmo Jesus, muitos cora\u00e7\u00f5es que todos os dias recebem a Jesus<a href=\"#_ftn1\" name=\"_ftnref1\"><strong>[1]<\/strong><\/a>.<\/em>\n\n&nbsp;<\/p>\n\n\n\n<p>No fim da sua vida, no meio das suas lutas, com cora\u00e7\u00e3o abrasado no amor de Jesus, Henrique de Oss\u00f3 continuava com sede de d\u00e1-lo a conhecer e de buscar os seus interesses: Habitua-te <em>a buscar a Deus em todas as coisas e a referi-las a Ele, como seu primeiro princ\u00edpio e \u00faltimo fim.<a href=\"#_ftn1\" name=\"_ftnref1\"><strong>(2)<\/strong><\/a>\u2026 N\u00e3o parta eu deste mundo, meu Jesus, sem ter-te amado e tornado conhecido e amado quanto me for poss\u00edvel<a href=\"#_ftn2\" name=\"_ftnref2\"><strong>[3]<\/strong><\/a><\/em>.\n\nHoje tamb\u00e9m queremos celebrar a sua vida aprendendo a sua forma de buscar <em>os interesses de Jesus <\/em>em tudo, as suas perguntas pelo que Deus quer em cada dia, como modo de discernir o que \u00e9 do seu Reino e da sua justi\u00e7a\u2026 <em>ver\u00e1 por experi\u00eancia, e melhor talvez do que n\u00f3s sabemos dizer-lhe, quanto ama Jesus aos que se interessam<\/em> por d\u00e1-lo a conhecer, disse ele aos catequistas\u2026 aos que vivem com <em>zelo e delicadeza pelos interesses de Jesus<a href=\"#_ftn1\" name=\"_ftnref1\"><strong>[4]<\/strong><\/a>. <\/em>\n\n&nbsp;\n\n&nbsp;<\/p>\n\n\n\n<p style=\"text-align:right\">Irm\u00e3 Isabel del Valle, stj<\/p>\n\n\n\n<hr class=\"wp-block-separator\"\/>\n\n\n\n<p><a href=\"#_ftnref1\" name=\"_ftn1\">[1]<\/a> Gu\u00eda pr\u00e1ctica del catequista<\/p>\n\n\n\n<p><a href=\"#_ftnref1\" name=\"_ftn1\">[2]<\/a> Novena al Esp\u00edritu Santo. Enero de 1896<\/p>\n\n\n\n<p><a href=\"#_ftnref2\" name=\"_ftn2\">[3]<\/a> \u201cDesde la Soledad\u201d. R. T. Enerode 1896.<\/p>\n\n\n\n<p><a href=\"#_ftnref1\" name=\"_ftn1\">[4]<\/a> Un mes en la escuela del Sagrado Coraz\u00f3n de Jes\u00fas. 1894<\/p>\n","protected":false},"excerpt":{"rendered":"<p>Desde o princ\u00edpio at\u00e9 ao fim da sua vida, encontramos em Santo Henrique de Oss\u00f3 uma paix\u00e3o por conhecer e amar a Jesus e torn\u00e1-lo conhecido e amado \u2026 por [&hellip;]<\/p>\n","protected":false},"author":1,"featured_media":7283,"comment_status":"open","ping_status":"open","sticky":false,"template":"","format":"standard","meta":{"_acf_changed":false,"footnotes":""},"categories":[77],"tags":[],"class_list":["post-9942","post","type-post","status-publish","format-standard","has-post-thumbnail","hentry","category-palabras"],"acf":[],"yoast_head":"<!-- This site is optimized with the Yoast SEO plugin v27.5 - https:\/\/yoast.com\/product\/yoast-seo-wordpress\/ -->\n<title>\u201cAos que se interessam...\u201d - En Compa\u00f1\u00eda STJ<\/title>\n<meta name=\"robots\" content=\"index, follow, max-snippet:-1, max-image-preview:large, max-video-preview:-1\" \/>\n<link rel=\"canonical\" href=\"https:\/\/encompaniastj.org\/pt-pt\/aos-que-se-interessam\/\" \/>\n<meta property=\"og:locale\" content=\"pt_PT\" \/>\n<meta property=\"og:type\" content=\"article\" \/>\n<meta property=\"og:title\" content=\"\u201cAos que se interessam...\u201d - En Compa\u00f1\u00eda STJ\" \/>\n<meta property=\"og:description\" content=\"Desde o princ\u00edpio at\u00e9 ao fim da sua vida, encontramos em Santo Henrique de Oss\u00f3 uma paix\u00e3o por conhecer e amar a Jesus e torn\u00e1-lo conhecido e amado \u2026 por [&hellip;]\" \/>\n<meta property=\"og:url\" content=\"https:\/\/encompaniastj.org\/pt-pt\/aos-que-se-interessam\/\" \/>\n<meta property=\"og:site_name\" content=\"En Compa\u00f1\u00eda STJ\" \/>\n<meta property=\"article:published_time\" content=\"2020-01-22T07:00:25+00:00\" \/>\n<meta property=\"article:modified_time\" content=\"2025-07-07T14:21:08+00:00\" \/>\n<meta property=\"og:image\" content=\"https:\/\/encompaniastj.org\/wp-content\/uploads\/2025\/05\/r-vitral.jpg\" \/>\n\t<meta property=\"og:image:width\" content=\"1451\" \/>\n\t<meta property=\"og:image:height\" content=\"816\" \/>\n\t<meta property=\"og:image:type\" content=\"image\/jpeg\" \/>\n<meta name=\"author\" content=\"admin\" \/>\n<meta name=\"twitter:card\" content=\"summary_large_image\" \/>\n<meta name=\"twitter:label1\" content=\"Escrito por\" \/>\n\t<meta name=\"twitter:data1\" content=\"admin\" \/>\n\t<meta name=\"twitter:label2\" content=\"Tempo estimado de leitura\" \/>\n\t<meta name=\"twitter:data2\" content=\"2 minutos\" \/>\n<script type=\"application\/ld+json\" class=\"yoast-schema-graph\">{\"@context\":\"https:\\\/\\\/schema.org\",\"@graph\":[{\"@type\":\"Article\",\"@id\":\"https:\\\/\\\/encompaniastj.org\\\/pt-pt\\\/aos-que-se-interessam\\\/#article\",\"isPartOf\":{\"@id\":\"https:\\\/\\\/encompaniastj.org\\\/pt-pt\\\/aos-que-se-interessam\\\/\"},\"author\":{\"name\":\"admin\",\"@id\":\"https:\\\/\\\/encompaniastj.org\\\/pt-pt\\\/#\\\/schema\\\/person\\\/520e7ecc314793d40091993c2a02b651\"},\"headline\":\"\u201cAos que se interessam&#8230;\u201d\",\"datePublished\":\"2020-01-22T07:00:25+00:00\",\"dateModified\":\"2025-07-07T14:21:08+00:00\",\"mainEntityOfPage\":{\"@id\":\"https:\\\/\\\/encompaniastj.org\\\/pt-pt\\\/aos-que-se-interessam\\\/\"},\"wordCount\":412,\"commentCount\":0,\"publisher\":{\"@id\":\"https:\\\/\\\/encompaniastj.org\\\/pt-pt\\\/#organization\"},\"image\":{\"@id\":\"https:\\\/\\\/encompaniastj.org\\\/pt-pt\\\/aos-que-se-interessam\\\/#primaryimage\"},\"thumbnailUrl\":\"https:\\\/\\\/encompaniastj.org\\\/wp-content\\\/uploads\\\/2025\\\/05\\\/r-vitral.jpg\",\"articleSection\":[\"Palabras\"],\"inLanguage\":\"pt-PT\",\"potentialAction\":[{\"@type\":\"CommentAction\",\"name\":\"Comment\",\"target\":[\"https:\\\/\\\/encompaniastj.org\\\/pt-pt\\\/aos-que-se-interessam\\\/#respond\"]}]},{\"@type\":\"WebPage\",\"@id\":\"https:\\\/\\\/encompaniastj.org\\\/pt-pt\\\/aos-que-se-interessam\\\/\",\"url\":\"https:\\\/\\\/encompaniastj.org\\\/pt-pt\\\/aos-que-se-interessam\\\/\",\"name\":\"\u201cAos que se interessam...\u201d - En Compa\u00f1\u00eda STJ\",\"isPartOf\":{\"@id\":\"https:\\\/\\\/encompaniastj.org\\\/pt-pt\\\/#website\"},\"primaryImageOfPage\":{\"@id\":\"https:\\\/\\\/encompaniastj.org\\\/pt-pt\\\/aos-que-se-interessam\\\/#primaryimage\"},\"image\":{\"@id\":\"https:\\\/\\\/encompaniastj.org\\\/pt-pt\\\/aos-que-se-interessam\\\/#primaryimage\"},\"thumbnailUrl\":\"https:\\\/\\\/encompaniastj.org\\\/wp-content\\\/uploads\\\/2025\\\/05\\\/r-vitral.jpg\",\"datePublished\":\"2020-01-22T07:00:25+00:00\",\"dateModified\":\"2025-07-07T14:21:08+00:00\",\"breadcrumb\":{\"@id\":\"https:\\\/\\\/encompaniastj.org\\\/pt-pt\\\/aos-que-se-interessam\\\/#breadcrumb\"},\"inLanguage\":\"pt-PT\",\"potentialAction\":[{\"@type\":\"ReadAction\",\"target\":[\"https:\\\/\\\/encompaniastj.org\\\/pt-pt\\\/aos-que-se-interessam\\\/\"]}]},{\"@type\":\"ImageObject\",\"inLanguage\":\"pt-PT\",\"@id\":\"https:\\\/\\\/encompaniastj.org\\\/pt-pt\\\/aos-que-se-interessam\\\/#primaryimage\",\"url\":\"https:\\\/\\\/encompaniastj.org\\\/wp-content\\\/uploads\\\/2025\\\/05\\\/r-vitral.jpg\",\"contentUrl\":\"https:\\\/\\\/encompaniastj.org\\\/wp-content\\\/uploads\\\/2025\\\/05\\\/r-vitral.jpg\",\"width\":1451,\"height\":816},{\"@type\":\"BreadcrumbList\",\"@id\":\"https:\\\/\\\/encompaniastj.org\\\/pt-pt\\\/aos-que-se-interessam\\\/#breadcrumb\",\"itemListElement\":[{\"@type\":\"ListItem\",\"position\":1,\"name\":\"Portada\",\"item\":\"https:\\\/\\\/encompaniastj.org\\\/pt-pt\\\/\"},{\"@type\":\"ListItem\",\"position\":2,\"name\":\"\u201cAos que se interessam&#8230;\u201d\"}]},{\"@type\":\"WebSite\",\"@id\":\"https:\\\/\\\/encompaniastj.org\\\/pt-pt\\\/#website\",\"url\":\"https:\\\/\\\/encompaniastj.org\\\/pt-pt\\\/\",\"name\":\"En Compa\u00f1\u00eda STJ\",\"description\":\"Bolet\u00edn de la Compa\u00f1\u00eda de Santa Teresa de Jes\u00fas\",\"publisher\":{\"@id\":\"https:\\\/\\\/encompaniastj.org\\\/pt-pt\\\/#organization\"},\"potentialAction\":[{\"@type\":\"SearchAction\",\"target\":{\"@type\":\"EntryPoint\",\"urlTemplate\":\"https:\\\/\\\/encompaniastj.org\\\/pt-pt\\\/?s={search_term_string}\"},\"query-input\":{\"@type\":\"PropertyValueSpecification\",\"valueRequired\":true,\"valueName\":\"search_term_string\"}}],\"inLanguage\":\"pt-PT\"},{\"@type\":\"Organization\",\"@id\":\"https:\\\/\\\/encompaniastj.org\\\/pt-pt\\\/#organization\",\"name\":\"Compa\u00f1\u00eda de Santa Teresa de Jes\u00fas\",\"url\":\"https:\\\/\\\/encompaniastj.org\\\/pt-pt\\\/\",\"logo\":{\"@type\":\"ImageObject\",\"inLanguage\":\"pt-PT\",\"@id\":\"https:\\\/\\\/encompaniastj.org\\\/pt-pt\\\/#\\\/schema\\\/logo\\\/image\\\/\",\"url\":\"https:\\\/\\\/encompaniastj.org\\\/wp-content\\\/uploads\\\/2025\\\/04\\\/logo_provincias02-1-3.png\",\"contentUrl\":\"https:\\\/\\\/encompaniastj.org\\\/wp-content\\\/uploads\\\/2025\\\/04\\\/logo_provincias02-1-3.png\",\"width\":2368,\"height\":825,\"caption\":\"Compa\u00f1\u00eda de Santa Teresa de Jes\u00fas\"},\"image\":{\"@id\":\"https:\\\/\\\/encompaniastj.org\\\/pt-pt\\\/#\\\/schema\\\/logo\\\/image\\\/\"}},{\"@type\":\"Person\",\"@id\":\"https:\\\/\\\/encompaniastj.org\\\/pt-pt\\\/#\\\/schema\\\/person\\\/520e7ecc314793d40091993c2a02b651\",\"name\":\"admin\",\"image\":{\"@type\":\"ImageObject\",\"inLanguage\":\"pt-PT\",\"@id\":\"https:\\\/\\\/secure.gravatar.com\\\/avatar\\\/948b492cce32b586ac2db0eaa926ee87024f7afe218d73b397ea5ddfc5f43ea1?s=96&d=mm&r=g\",\"url\":\"https:\\\/\\\/secure.gravatar.com\\\/avatar\\\/948b492cce32b586ac2db0eaa926ee87024f7afe218d73b397ea5ddfc5f43ea1?s=96&d=mm&r=g\",\"contentUrl\":\"https:\\\/\\\/secure.gravatar.com\\\/avatar\\\/948b492cce32b586ac2db0eaa926ee87024f7afe218d73b397ea5ddfc5f43ea1?s=96&d=mm&r=g\",\"caption\":\"admin\"},\"sameAs\":[\"https:\\\/\\\/encompaniastj.org\"],\"url\":\"https:\\\/\\\/encompaniastj.org\\\/pt-pt\\\/author\\\/sjdigital\\\/\"}]}<\/script>\n<!-- \/ Yoast SEO plugin. -->","yoast_head_json":{"title":"\u201cAos que se interessam...\u201d - En Compa\u00f1\u00eda STJ","robots":{"index":"index","follow":"follow","max-snippet":"max-snippet:-1","max-image-preview":"max-image-preview:large","max-video-preview":"max-video-preview:-1"},"canonical":"https:\/\/encompaniastj.org\/pt-pt\/aos-que-se-interessam\/","og_locale":"pt_PT","og_type":"article","og_title":"\u201cAos que se interessam...\u201d - En Compa\u00f1\u00eda STJ","og_description":"Desde o princ\u00edpio at\u00e9 ao fim da sua vida, encontramos em Santo Henrique de Oss\u00f3 uma paix\u00e3o por conhecer e amar a Jesus e torn\u00e1-lo conhecido e amado \u2026 por [&hellip;]","og_url":"https:\/\/encompaniastj.org\/pt-pt\/aos-que-se-interessam\/","og_site_name":"En Compa\u00f1\u00eda STJ","article_published_time":"2020-01-22T07:00:25+00:00","article_modified_time":"2025-07-07T14:21:08+00:00","og_image":[{"width":1451,"height":816,"url":"https:\/\/encompaniastj.org\/wp-content\/uploads\/2025\/05\/r-vitral.jpg","type":"image\/jpeg"}],"author":"admin","twitter_card":"summary_large_image","twitter_misc":{"Escrito por":"admin","Tempo estimado de leitura":"2 minutos"},"schema":{"@context":"https:\/\/schema.org","@graph":[{"@type":"Article","@id":"https:\/\/encompaniastj.org\/pt-pt\/aos-que-se-interessam\/#article","isPartOf":{"@id":"https:\/\/encompaniastj.org\/pt-pt\/aos-que-se-interessam\/"},"author":{"name":"admin","@id":"https:\/\/encompaniastj.org\/pt-pt\/#\/schema\/person\/520e7ecc314793d40091993c2a02b651"},"headline":"\u201cAos que se interessam&#8230;\u201d","datePublished":"2020-01-22T07:00:25+00:00","dateModified":"2025-07-07T14:21:08+00:00","mainEntityOfPage":{"@id":"https:\/\/encompaniastj.org\/pt-pt\/aos-que-se-interessam\/"},"wordCount":412,"commentCount":0,"publisher":{"@id":"https:\/\/encompaniastj.org\/pt-pt\/#organization"},"image":{"@id":"https:\/\/encompaniastj.org\/pt-pt\/aos-que-se-interessam\/#primaryimage"},"thumbnailUrl":"https:\/\/encompaniastj.org\/wp-content\/uploads\/2025\/05\/r-vitral.jpg","articleSection":["Palabras"],"inLanguage":"pt-PT","potentialAction":[{"@type":"CommentAction","name":"Comment","target":["https:\/\/encompaniastj.org\/pt-pt\/aos-que-se-interessam\/#respond"]}]},{"@type":"WebPage","@id":"https:\/\/encompaniastj.org\/pt-pt\/aos-que-se-interessam\/","url":"https:\/\/encompaniastj.org\/pt-pt\/aos-que-se-interessam\/","name":"\u201cAos que se interessam...\u201d - En Compa\u00f1\u00eda STJ","isPartOf":{"@id":"https:\/\/encompaniastj.org\/pt-pt\/#website"},"primaryImageOfPage":{"@id":"https:\/\/encompaniastj.org\/pt-pt\/aos-que-se-interessam\/#primaryimage"},"image":{"@id":"https:\/\/encompaniastj.org\/pt-pt\/aos-que-se-interessam\/#primaryimage"},"thumbnailUrl":"https:\/\/encompaniastj.org\/wp-content\/uploads\/2025\/05\/r-vitral.jpg","datePublished":"2020-01-22T07:00:25+00:00","dateModified":"2025-07-07T14:21:08+00:00","breadcrumb":{"@id":"https:\/\/encompaniastj.org\/pt-pt\/aos-que-se-interessam\/#breadcrumb"},"inLanguage":"pt-PT","potentialAction":[{"@type":"ReadAction","target":["https:\/\/encompaniastj.org\/pt-pt\/aos-que-se-interessam\/"]}]},{"@type":"ImageObject","inLanguage":"pt-PT","@id":"https:\/\/encompaniastj.org\/pt-pt\/aos-que-se-interessam\/#primaryimage","url":"https:\/\/encompaniastj.org\/wp-content\/uploads\/2025\/05\/r-vitral.jpg","contentUrl":"https:\/\/encompaniastj.org\/wp-content\/uploads\/2025\/05\/r-vitral.jpg","width":1451,"height":816},{"@type":"BreadcrumbList","@id":"https:\/\/encompaniastj.org\/pt-pt\/aos-que-se-interessam\/#breadcrumb","itemListElement":[{"@type":"ListItem","position":1,"name":"Portada","item":"https:\/\/encompaniastj.org\/pt-pt\/"},{"@type":"ListItem","position":2,"name":"\u201cAos que se interessam&#8230;\u201d"}]},{"@type":"WebSite","@id":"https:\/\/encompaniastj.org\/pt-pt\/#website","url":"https:\/\/encompaniastj.org\/pt-pt\/","name":"En Compa\u00f1\u00eda STJ","description":"Bolet\u00edn de la Compa\u00f1\u00eda de Santa Teresa de Jes\u00fas","publisher":{"@id":"https:\/\/encompaniastj.org\/pt-pt\/#organization"},"potentialAction":[{"@type":"SearchAction","target":{"@type":"EntryPoint","urlTemplate":"https:\/\/encompaniastj.org\/pt-pt\/?s={search_term_string}"},"query-input":{"@type":"PropertyValueSpecification","valueRequired":true,"valueName":"search_term_string"}}],"inLanguage":"pt-PT"},{"@type":"Organization","@id":"https:\/\/encompaniastj.org\/pt-pt\/#organization","name":"Compa\u00f1\u00eda de Santa Teresa de Jes\u00fas","url":"https:\/\/encompaniastj.org\/pt-pt\/","logo":{"@type":"ImageObject","inLanguage":"pt-PT","@id":"https:\/\/encompaniastj.org\/pt-pt\/#\/schema\/logo\/image\/","url":"https:\/\/encompaniastj.org\/wp-content\/uploads\/2025\/04\/logo_provincias02-1-3.png","contentUrl":"https:\/\/encompaniastj.org\/wp-content\/uploads\/2025\/04\/logo_provincias02-1-3.png","width":2368,"height":825,"caption":"Compa\u00f1\u00eda de Santa Teresa de Jes\u00fas"},"image":{"@id":"https:\/\/encompaniastj.org\/pt-pt\/#\/schema\/logo\/image\/"}},{"@type":"Person","@id":"https:\/\/encompaniastj.org\/pt-pt\/#\/schema\/person\/520e7ecc314793d40091993c2a02b651","name":"admin","image":{"@type":"ImageObject","inLanguage":"pt-PT","@id":"https:\/\/secure.gravatar.com\/avatar\/948b492cce32b586ac2db0eaa926ee87024f7afe218d73b397ea5ddfc5f43ea1?s=96&d=mm&r=g","url":"https:\/\/secure.gravatar.com\/avatar\/948b492cce32b586ac2db0eaa926ee87024f7afe218d73b397ea5ddfc5f43ea1?s=96&d=mm&r=g","contentUrl":"https:\/\/secure.gravatar.com\/avatar\/948b492cce32b586ac2db0eaa926ee87024f7afe218d73b397ea5ddfc5f43ea1?s=96&d=mm&r=g","caption":"admin"},"sameAs":["https:\/\/encompaniastj.org"],"url":"https:\/\/encompaniastj.org\/pt-pt\/author\/sjdigital\/"}]}},"_links":{"self":[{"href":"https:\/\/encompaniastj.org\/pt-pt\/wp-json\/wp\/v2\/posts\/9942","targetHints":{"allow":["GET"]}}],"collection":[{"href":"https:\/\/encompaniastj.org\/pt-pt\/wp-json\/wp\/v2\/posts"}],"about":[{"href":"https:\/\/encompaniastj.org\/pt-pt\/wp-json\/wp\/v2\/types\/post"}],"author":[{"embeddable":true,"href":"https:\/\/encompaniastj.org\/pt-pt\/wp-json\/wp\/v2\/users\/1"}],"replies":[{"embeddable":true,"href":"https:\/\/encompaniastj.org\/pt-pt\/wp-json\/wp\/v2\/comments?post=9942"}],"version-history":[{"count":1,"href":"https:\/\/encompaniastj.org\/pt-pt\/wp-json\/wp\/v2\/posts\/9942\/revisions"}],"predecessor-version":[{"id":9943,"href":"https:\/\/encompaniastj.org\/pt-pt\/wp-json\/wp\/v2\/posts\/9942\/revisions\/9943"}],"wp:featuredmedia":[{"embeddable":true,"href":"https:\/\/encompaniastj.org\/pt-pt\/wp-json\/wp\/v2\/media\/7283"}],"wp:attachment":[{"href":"https:\/\/encompaniastj.org\/pt-pt\/wp-json\/wp\/v2\/media?parent=9942"}],"wp:term":[{"taxonomy":"category","embeddable":true,"href":"https:\/\/encompaniastj.org\/pt-pt\/wp-json\/wp\/v2\/categories?post=9942"},{"taxonomy":"post_tag","embeddable":true,"href":"https:\/\/encompaniastj.org\/pt-pt\/wp-json\/wp\/v2\/tags?post=9942"}],"curies":[{"name":"wp","href":"https:\/\/api.w.org\/{rel}","templated":true}]}}