{"id":9930,"date":"2020-01-20T08:39:53","date_gmt":"2020-01-20T07:39:53","guid":{"rendered":"https:\/\/encompaniastj.org\/irma-angelina-pedrosa-11-de-janeiro-de-2020-braga-residencia\/"},"modified":"2025-07-07T16:21:06","modified_gmt":"2025-07-07T14:21:06","slug":"irma-angelina-pedrosa-11-de-janeiro-de-2020-braga-residencia","status":"publish","type":"post","link":"https:\/\/encompaniastj.org\/pt-pt\/irma-angelina-pedrosa-11-de-janeiro-de-2020-braga-residencia\/","title":{"rendered":"Irm\u00e3 Angelina Pedrosa. 11 de janeiro de 2020 (Braga-Resid\u00eancia)"},"content":{"rendered":"\n<p>A irm\u00e3 Angelina Pedrosa de Melo nasceu\nem Gilmonde \u2013 Barcelos no dia 2 de Junho de 1938. Entrou na Companhia de Santa\nTeresa de Jesus, no Noviciado de Braga, no ano 1962. Faleceu no dia 11 de\nJaneiro de 2020 aos 81 anos de idade.<\/p>\n\n\n\n<p>A irm\u00e3 Angelina foi sempre aquela\npessoa simples, atenta, aberta e criativa e com muito sentido de humor. Foi dedicando toda a sua vida com\nverdadeiro esp\u00edrito mission\u00e1rio. Muitos foram os lugares por onde passou e\ndiversificadas as tarefas que realizou. No Col\u00e9gio de Braga e no Lar de Lisboa\ncomo recepcionista; a todos acolhia com afabilidade e simplicidade. Nas d\u00e9cadas\nde 70 e 80, acompanhou outras irm\u00e3s nas funda\u00e7\u00f5es de novas comunidades nas\nperiferias geogr\u00e1ficas: Arcos\nde Valdevez, Torres Vedras, Alpalh\u00e3o, Verim, Elvas \u2013 Casa de Ora\u00e7\u00e3o, locais\nonde exerceu com empenho e dedica\u00e7\u00e3o a sua miss\u00e3o de educadora. Nos seus\n\u00faltimos 10 anos de vida ativa dedicou-se \u00e0s crian\u00e7as e aos idosos no bairro de\nTelheiras Sul em Lisboa. Aqui conviveu e apoiou as pessoas mais desfavorecidas,\nentre elas as fam\u00edlias de etnia cigana, partilhando as mesmas dificuldades que\nvivem essas pessoas. Aqui, revelou bem\neste seu modo de entrega exemplar: num lugar dif\u00edcil, ela soube de modo mais\nbem silencioso mas perspicaz, conquistar as crian\u00e7as, que agora j\u00e1 jovens ou\nadolescentes a recordam com saudades, e os idosos, um grupo que ela acompanhou\nem todos estes anos. <\/p>\n\n\n\n<p>Nos \u00faltimos meses de vida,\nsurpreendeu-a uma doen\u00e7a que veio a agravar-se com rapidez. Estando j\u00e1 muito\ndebilitada, a comunidade da Resid\u00eancia Teresiana de Braga acolheu-a e\nacompanhou-a desde o m\u00eas de agosto, data em que se despediu do bairro de\nTelheiras Sul - Lisboa para vir residir em Braga. <\/p>\n\n\n\n<p>\u00c0 irm\u00e3 Angelina dizemos o nosso muito obrigada por\ntanto bem que realizou e por tantas marcas que deixou.&nbsp; Damos gra\u00e7as ao Senhor pela sua\nvida e pela sua entrega generosa \u00e0 miss\u00e3o que o Senhor lhe confiou, na\nCompanhia de Santa Teresa de Jesus. Comprovamos a sua dedica\u00e7\u00e3o, esp\u00edrito de\nentrega e servi\u00e7o entre os mais pobres. <\/p>\n\n\n\n<p>Por tudo isto que sabemos e presenciamos na Irm\u00e3 Angelina,\nn\u00e3o duvidamos de que, neste momento, ela j\u00e1 tenha ouvido\nde Jesus aquelas palavras proferidas por Ele no seu evangelho: \u201cVinde benditos\nde meu Pai recebei em heran\u00e7a o Reino que vos est\u00e1 preparado\u2026\u201d <\/p>\n","protected":false},"excerpt":{"rendered":"<p>A irm\u00e3 Angelina Pedrosa de Melo nasceu em Gilmonde \u2013 Barcelos no dia 2 de Junho de 1938. Entrou na Companhia de Santa Teresa de Jesus, no Noviciado de Braga, [&hellip;]<\/p>\n","protected":false},"author":1,"featured_media":7278,"comment_status":"open","ping_status":"open","sticky":false,"template":"","format":"standard","meta":{"_acf_changed":false,"footnotes":""},"categories":[69],"tags":[],"class_list":["post-9930","post","type-post","status-publish","format-standard","has-post-thumbnail","hentry","category-falecimentos"],"acf":[],"yoast_head":"<!-- This site is optimized with the Yoast SEO plugin v27.5 - https:\/\/yoast.com\/product\/yoast-seo-wordpress\/ -->\n<title>Irm\u00e3 Angelina Pedrosa. 11 de janeiro de 2020 (Braga-Resid\u00eancia) - En Compa\u00f1\u00eda STJ<\/title>\n<meta name=\"robots\" content=\"index, follow, max-snippet:-1, max-image-preview:large, max-video-preview:-1\" \/>\n<link rel=\"canonical\" href=\"https:\/\/encompaniastj.org\/pt-pt\/irma-angelina-pedrosa-11-de-janeiro-de-2020-braga-residencia\/\" \/>\n<meta property=\"og:locale\" content=\"pt_PT\" \/>\n<meta property=\"og:type\" content=\"article\" \/>\n<meta property=\"og:title\" content=\"Irm\u00e3 Angelina Pedrosa. 11 de janeiro de 2020 (Braga-Resid\u00eancia) - En Compa\u00f1\u00eda STJ\" \/>\n<meta property=\"og:description\" content=\"A irm\u00e3 Angelina Pedrosa de Melo nasceu em Gilmonde \u2013 Barcelos no dia 2 de Junho de 1938. Entrou na Companhia de Santa Teresa de Jesus, no Noviciado de Braga, [&hellip;]\" \/>\n<meta property=\"og:url\" content=\"https:\/\/encompaniastj.org\/pt-pt\/irma-angelina-pedrosa-11-de-janeiro-de-2020-braga-residencia\/\" \/>\n<meta property=\"og:site_name\" content=\"En Compa\u00f1\u00eda STJ\" \/>\n<meta property=\"article:published_time\" content=\"2020-01-20T07:39:53+00:00\" \/>\n<meta property=\"article:modified_time\" content=\"2025-07-07T14:21:06+00:00\" \/>\n<meta property=\"og:image\" content=\"https:\/\/encompaniastj.org\/wp-content\/uploads\/2025\/05\/foto-defuncion-Angelina-Pedrosa-de-Melo.jpg\" \/>\n\t<meta property=\"og:image:width\" content=\"1920\" \/>\n\t<meta property=\"og:image:height\" content=\"1280\" \/>\n\t<meta property=\"og:image:type\" content=\"image\/jpeg\" \/>\n<meta name=\"author\" content=\"admin\" \/>\n<meta name=\"twitter:card\" content=\"summary_large_image\" \/>\n<meta name=\"twitter:label1\" content=\"Escrito por\" \/>\n\t<meta name=\"twitter:data1\" content=\"admin\" \/>\n\t<meta name=\"twitter:label2\" content=\"Tempo estimado de leitura\" \/>\n\t<meta name=\"twitter:data2\" content=\"2 minutos\" \/>\n<script type=\"application\/ld+json\" class=\"yoast-schema-graph\">{\"@context\":\"https:\\\/\\\/schema.org\",\"@graph\":[{\"@type\":\"Article\",\"@id\":\"https:\\\/\\\/encompaniastj.org\\\/pt-pt\\\/irma-angelina-pedrosa-11-de-janeiro-de-2020-braga-residencia\\\/#article\",\"isPartOf\":{\"@id\":\"https:\\\/\\\/encompaniastj.org\\\/pt-pt\\\/irma-angelina-pedrosa-11-de-janeiro-de-2020-braga-residencia\\\/\"},\"author\":{\"name\":\"admin\",\"@id\":\"https:\\\/\\\/encompaniastj.org\\\/pt-pt\\\/#\\\/schema\\\/person\\\/520e7ecc314793d40091993c2a02b651\"},\"headline\":\"Irm\u00e3 Angelina Pedrosa. 11 de janeiro de 2020 (Braga-Resid\u00eancia)\",\"datePublished\":\"2020-01-20T07:39:53+00:00\",\"dateModified\":\"2025-07-07T14:21:06+00:00\",\"mainEntityOfPage\":{\"@id\":\"https:\\\/\\\/encompaniastj.org\\\/pt-pt\\\/irma-angelina-pedrosa-11-de-janeiro-de-2020-braga-residencia\\\/\"},\"wordCount\":409,\"commentCount\":0,\"publisher\":{\"@id\":\"https:\\\/\\\/encompaniastj.org\\\/pt-pt\\\/#organization\"},\"image\":{\"@id\":\"https:\\\/\\\/encompaniastj.org\\\/pt-pt\\\/irma-angelina-pedrosa-11-de-janeiro-de-2020-braga-residencia\\\/#primaryimage\"},\"thumbnailUrl\":\"https:\\\/\\\/encompaniastj.org\\\/wp-content\\\/uploads\\\/2025\\\/05\\\/foto-defuncion-Angelina-Pedrosa-de-Melo.jpg\",\"articleSection\":[\"Falecimentos\"],\"inLanguage\":\"pt-PT\",\"potentialAction\":[{\"@type\":\"CommentAction\",\"name\":\"Comment\",\"target\":[\"https:\\\/\\\/encompaniastj.org\\\/pt-pt\\\/irma-angelina-pedrosa-11-de-janeiro-de-2020-braga-residencia\\\/#respond\"]}]},{\"@type\":\"WebPage\",\"@id\":\"https:\\\/\\\/encompaniastj.org\\\/pt-pt\\\/irma-angelina-pedrosa-11-de-janeiro-de-2020-braga-residencia\\\/\",\"url\":\"https:\\\/\\\/encompaniastj.org\\\/pt-pt\\\/irma-angelina-pedrosa-11-de-janeiro-de-2020-braga-residencia\\\/\",\"name\":\"Irm\u00e3 Angelina Pedrosa. 11 de janeiro de 2020 (Braga-Resid\u00eancia) - En Compa\u00f1\u00eda STJ\",\"isPartOf\":{\"@id\":\"https:\\\/\\\/encompaniastj.org\\\/pt-pt\\\/#website\"},\"primaryImageOfPage\":{\"@id\":\"https:\\\/\\\/encompaniastj.org\\\/pt-pt\\\/irma-angelina-pedrosa-11-de-janeiro-de-2020-braga-residencia\\\/#primaryimage\"},\"image\":{\"@id\":\"https:\\\/\\\/encompaniastj.org\\\/pt-pt\\\/irma-angelina-pedrosa-11-de-janeiro-de-2020-braga-residencia\\\/#primaryimage\"},\"thumbnailUrl\":\"https:\\\/\\\/encompaniastj.org\\\/wp-content\\\/uploads\\\/2025\\\/05\\\/foto-defuncion-Angelina-Pedrosa-de-Melo.jpg\",\"datePublished\":\"2020-01-20T07:39:53+00:00\",\"dateModified\":\"2025-07-07T14:21:06+00:00\",\"breadcrumb\":{\"@id\":\"https:\\\/\\\/encompaniastj.org\\\/pt-pt\\\/irma-angelina-pedrosa-11-de-janeiro-de-2020-braga-residencia\\\/#breadcrumb\"},\"inLanguage\":\"pt-PT\",\"potentialAction\":[{\"@type\":\"ReadAction\",\"target\":[\"https:\\\/\\\/encompaniastj.org\\\/pt-pt\\\/irma-angelina-pedrosa-11-de-janeiro-de-2020-braga-residencia\\\/\"]}]},{\"@type\":\"ImageObject\",\"inLanguage\":\"pt-PT\",\"@id\":\"https:\\\/\\\/encompaniastj.org\\\/pt-pt\\\/irma-angelina-pedrosa-11-de-janeiro-de-2020-braga-residencia\\\/#primaryimage\",\"url\":\"https:\\\/\\\/encompaniastj.org\\\/wp-content\\\/uploads\\\/2025\\\/05\\\/foto-defuncion-Angelina-Pedrosa-de-Melo.jpg\",\"contentUrl\":\"https:\\\/\\\/encompaniastj.org\\\/wp-content\\\/uploads\\\/2025\\\/05\\\/foto-defuncion-Angelina-Pedrosa-de-Melo.jpg\",\"width\":1920,\"height\":1280},{\"@type\":\"BreadcrumbList\",\"@id\":\"https:\\\/\\\/encompaniastj.org\\\/pt-pt\\\/irma-angelina-pedrosa-11-de-janeiro-de-2020-braga-residencia\\\/#breadcrumb\",\"itemListElement\":[{\"@type\":\"ListItem\",\"position\":1,\"name\":\"Portada\",\"item\":\"https:\\\/\\\/encompaniastj.org\\\/pt-pt\\\/\"},{\"@type\":\"ListItem\",\"position\":2,\"name\":\"Irm\u00e3 Angelina Pedrosa. 11 de janeiro de 2020 (Braga-Resid\u00eancia)\"}]},{\"@type\":\"WebSite\",\"@id\":\"https:\\\/\\\/encompaniastj.org\\\/pt-pt\\\/#website\",\"url\":\"https:\\\/\\\/encompaniastj.org\\\/pt-pt\\\/\",\"name\":\"En Compa\u00f1\u00eda STJ\",\"description\":\"Bolet\u00edn de la Compa\u00f1\u00eda de Santa Teresa de Jes\u00fas\",\"publisher\":{\"@id\":\"https:\\\/\\\/encompaniastj.org\\\/pt-pt\\\/#organization\"},\"potentialAction\":[{\"@type\":\"SearchAction\",\"target\":{\"@type\":\"EntryPoint\",\"urlTemplate\":\"https:\\\/\\\/encompaniastj.org\\\/pt-pt\\\/?s={search_term_string}\"},\"query-input\":{\"@type\":\"PropertyValueSpecification\",\"valueRequired\":true,\"valueName\":\"search_term_string\"}}],\"inLanguage\":\"pt-PT\"},{\"@type\":\"Organization\",\"@id\":\"https:\\\/\\\/encompaniastj.org\\\/pt-pt\\\/#organization\",\"name\":\"Compa\u00f1\u00eda de Santa Teresa de Jes\u00fas\",\"url\":\"https:\\\/\\\/encompaniastj.org\\\/pt-pt\\\/\",\"logo\":{\"@type\":\"ImageObject\",\"inLanguage\":\"pt-PT\",\"@id\":\"https:\\\/\\\/encompaniastj.org\\\/pt-pt\\\/#\\\/schema\\\/logo\\\/image\\\/\",\"url\":\"https:\\\/\\\/encompaniastj.org\\\/wp-content\\\/uploads\\\/2025\\\/04\\\/logo_provincias02-1-3.png\",\"contentUrl\":\"https:\\\/\\\/encompaniastj.org\\\/wp-content\\\/uploads\\\/2025\\\/04\\\/logo_provincias02-1-3.png\",\"width\":2368,\"height\":825,\"caption\":\"Compa\u00f1\u00eda de Santa Teresa de Jes\u00fas\"},\"image\":{\"@id\":\"https:\\\/\\\/encompaniastj.org\\\/pt-pt\\\/#\\\/schema\\\/logo\\\/image\\\/\"}},{\"@type\":\"Person\",\"@id\":\"https:\\\/\\\/encompaniastj.org\\\/pt-pt\\\/#\\\/schema\\\/person\\\/520e7ecc314793d40091993c2a02b651\",\"name\":\"admin\",\"image\":{\"@type\":\"ImageObject\",\"inLanguage\":\"pt-PT\",\"@id\":\"https:\\\/\\\/secure.gravatar.com\\\/avatar\\\/948b492cce32b586ac2db0eaa926ee87024f7afe218d73b397ea5ddfc5f43ea1?s=96&d=mm&r=g\",\"url\":\"https:\\\/\\\/secure.gravatar.com\\\/avatar\\\/948b492cce32b586ac2db0eaa926ee87024f7afe218d73b397ea5ddfc5f43ea1?s=96&d=mm&r=g\",\"contentUrl\":\"https:\\\/\\\/secure.gravatar.com\\\/avatar\\\/948b492cce32b586ac2db0eaa926ee87024f7afe218d73b397ea5ddfc5f43ea1?s=96&d=mm&r=g\",\"caption\":\"admin\"},\"sameAs\":[\"https:\\\/\\\/encompaniastj.org\"],\"url\":\"https:\\\/\\\/encompaniastj.org\\\/pt-pt\\\/author\\\/sjdigital\\\/\"}]}<\/script>\n<!-- \/ Yoast SEO plugin. -->","yoast_head_json":{"title":"Irm\u00e3 Angelina Pedrosa. 11 de janeiro de 2020 (Braga-Resid\u00eancia) - En Compa\u00f1\u00eda STJ","robots":{"index":"index","follow":"follow","max-snippet":"max-snippet:-1","max-image-preview":"max-image-preview:large","max-video-preview":"max-video-preview:-1"},"canonical":"https:\/\/encompaniastj.org\/pt-pt\/irma-angelina-pedrosa-11-de-janeiro-de-2020-braga-residencia\/","og_locale":"pt_PT","og_type":"article","og_title":"Irm\u00e3 Angelina Pedrosa. 11 de janeiro de 2020 (Braga-Resid\u00eancia) - En Compa\u00f1\u00eda STJ","og_description":"A irm\u00e3 Angelina Pedrosa de Melo nasceu em Gilmonde \u2013 Barcelos no dia 2 de Junho de 1938. Entrou na Companhia de Santa Teresa de Jesus, no Noviciado de Braga, [&hellip;]","og_url":"https:\/\/encompaniastj.org\/pt-pt\/irma-angelina-pedrosa-11-de-janeiro-de-2020-braga-residencia\/","og_site_name":"En Compa\u00f1\u00eda STJ","article_published_time":"2020-01-20T07:39:53+00:00","article_modified_time":"2025-07-07T14:21:06+00:00","og_image":[{"width":1920,"height":1280,"url":"https:\/\/encompaniastj.org\/wp-content\/uploads\/2025\/05\/foto-defuncion-Angelina-Pedrosa-de-Melo.jpg","type":"image\/jpeg"}],"author":"admin","twitter_card":"summary_large_image","twitter_misc":{"Escrito por":"admin","Tempo estimado de leitura":"2 minutos"},"schema":{"@context":"https:\/\/schema.org","@graph":[{"@type":"Article","@id":"https:\/\/encompaniastj.org\/pt-pt\/irma-angelina-pedrosa-11-de-janeiro-de-2020-braga-residencia\/#article","isPartOf":{"@id":"https:\/\/encompaniastj.org\/pt-pt\/irma-angelina-pedrosa-11-de-janeiro-de-2020-braga-residencia\/"},"author":{"name":"admin","@id":"https:\/\/encompaniastj.org\/pt-pt\/#\/schema\/person\/520e7ecc314793d40091993c2a02b651"},"headline":"Irm\u00e3 Angelina Pedrosa. 11 de janeiro de 2020 (Braga-Resid\u00eancia)","datePublished":"2020-01-20T07:39:53+00:00","dateModified":"2025-07-07T14:21:06+00:00","mainEntityOfPage":{"@id":"https:\/\/encompaniastj.org\/pt-pt\/irma-angelina-pedrosa-11-de-janeiro-de-2020-braga-residencia\/"},"wordCount":409,"commentCount":0,"publisher":{"@id":"https:\/\/encompaniastj.org\/pt-pt\/#organization"},"image":{"@id":"https:\/\/encompaniastj.org\/pt-pt\/irma-angelina-pedrosa-11-de-janeiro-de-2020-braga-residencia\/#primaryimage"},"thumbnailUrl":"https:\/\/encompaniastj.org\/wp-content\/uploads\/2025\/05\/foto-defuncion-Angelina-Pedrosa-de-Melo.jpg","articleSection":["Falecimentos"],"inLanguage":"pt-PT","potentialAction":[{"@type":"CommentAction","name":"Comment","target":["https:\/\/encompaniastj.org\/pt-pt\/irma-angelina-pedrosa-11-de-janeiro-de-2020-braga-residencia\/#respond"]}]},{"@type":"WebPage","@id":"https:\/\/encompaniastj.org\/pt-pt\/irma-angelina-pedrosa-11-de-janeiro-de-2020-braga-residencia\/","url":"https:\/\/encompaniastj.org\/pt-pt\/irma-angelina-pedrosa-11-de-janeiro-de-2020-braga-residencia\/","name":"Irm\u00e3 Angelina Pedrosa. 11 de janeiro de 2020 (Braga-Resid\u00eancia) - En Compa\u00f1\u00eda STJ","isPartOf":{"@id":"https:\/\/encompaniastj.org\/pt-pt\/#website"},"primaryImageOfPage":{"@id":"https:\/\/encompaniastj.org\/pt-pt\/irma-angelina-pedrosa-11-de-janeiro-de-2020-braga-residencia\/#primaryimage"},"image":{"@id":"https:\/\/encompaniastj.org\/pt-pt\/irma-angelina-pedrosa-11-de-janeiro-de-2020-braga-residencia\/#primaryimage"},"thumbnailUrl":"https:\/\/encompaniastj.org\/wp-content\/uploads\/2025\/05\/foto-defuncion-Angelina-Pedrosa-de-Melo.jpg","datePublished":"2020-01-20T07:39:53+00:00","dateModified":"2025-07-07T14:21:06+00:00","breadcrumb":{"@id":"https:\/\/encompaniastj.org\/pt-pt\/irma-angelina-pedrosa-11-de-janeiro-de-2020-braga-residencia\/#breadcrumb"},"inLanguage":"pt-PT","potentialAction":[{"@type":"ReadAction","target":["https:\/\/encompaniastj.org\/pt-pt\/irma-angelina-pedrosa-11-de-janeiro-de-2020-braga-residencia\/"]}]},{"@type":"ImageObject","inLanguage":"pt-PT","@id":"https:\/\/encompaniastj.org\/pt-pt\/irma-angelina-pedrosa-11-de-janeiro-de-2020-braga-residencia\/#primaryimage","url":"https:\/\/encompaniastj.org\/wp-content\/uploads\/2025\/05\/foto-defuncion-Angelina-Pedrosa-de-Melo.jpg","contentUrl":"https:\/\/encompaniastj.org\/wp-content\/uploads\/2025\/05\/foto-defuncion-Angelina-Pedrosa-de-Melo.jpg","width":1920,"height":1280},{"@type":"BreadcrumbList","@id":"https:\/\/encompaniastj.org\/pt-pt\/irma-angelina-pedrosa-11-de-janeiro-de-2020-braga-residencia\/#breadcrumb","itemListElement":[{"@type":"ListItem","position":1,"name":"Portada","item":"https:\/\/encompaniastj.org\/pt-pt\/"},{"@type":"ListItem","position":2,"name":"Irm\u00e3 Angelina Pedrosa. 11 de janeiro de 2020 (Braga-Resid\u00eancia)"}]},{"@type":"WebSite","@id":"https:\/\/encompaniastj.org\/pt-pt\/#website","url":"https:\/\/encompaniastj.org\/pt-pt\/","name":"En Compa\u00f1\u00eda STJ","description":"Bolet\u00edn de la Compa\u00f1\u00eda de Santa Teresa de Jes\u00fas","publisher":{"@id":"https:\/\/encompaniastj.org\/pt-pt\/#organization"},"potentialAction":[{"@type":"SearchAction","target":{"@type":"EntryPoint","urlTemplate":"https:\/\/encompaniastj.org\/pt-pt\/?s={search_term_string}"},"query-input":{"@type":"PropertyValueSpecification","valueRequired":true,"valueName":"search_term_string"}}],"inLanguage":"pt-PT"},{"@type":"Organization","@id":"https:\/\/encompaniastj.org\/pt-pt\/#organization","name":"Compa\u00f1\u00eda de Santa Teresa de Jes\u00fas","url":"https:\/\/encompaniastj.org\/pt-pt\/","logo":{"@type":"ImageObject","inLanguage":"pt-PT","@id":"https:\/\/encompaniastj.org\/pt-pt\/#\/schema\/logo\/image\/","url":"https:\/\/encompaniastj.org\/wp-content\/uploads\/2025\/04\/logo_provincias02-1-3.png","contentUrl":"https:\/\/encompaniastj.org\/wp-content\/uploads\/2025\/04\/logo_provincias02-1-3.png","width":2368,"height":825,"caption":"Compa\u00f1\u00eda de Santa Teresa de Jes\u00fas"},"image":{"@id":"https:\/\/encompaniastj.org\/pt-pt\/#\/schema\/logo\/image\/"}},{"@type":"Person","@id":"https:\/\/encompaniastj.org\/pt-pt\/#\/schema\/person\/520e7ecc314793d40091993c2a02b651","name":"admin","image":{"@type":"ImageObject","inLanguage":"pt-PT","@id":"https:\/\/secure.gravatar.com\/avatar\/948b492cce32b586ac2db0eaa926ee87024f7afe218d73b397ea5ddfc5f43ea1?s=96&d=mm&r=g","url":"https:\/\/secure.gravatar.com\/avatar\/948b492cce32b586ac2db0eaa926ee87024f7afe218d73b397ea5ddfc5f43ea1?s=96&d=mm&r=g","contentUrl":"https:\/\/secure.gravatar.com\/avatar\/948b492cce32b586ac2db0eaa926ee87024f7afe218d73b397ea5ddfc5f43ea1?s=96&d=mm&r=g","caption":"admin"},"sameAs":["https:\/\/encompaniastj.org"],"url":"https:\/\/encompaniastj.org\/pt-pt\/author\/sjdigital\/"}]}},"_links":{"self":[{"href":"https:\/\/encompaniastj.org\/pt-pt\/wp-json\/wp\/v2\/posts\/9930","targetHints":{"allow":["GET"]}}],"collection":[{"href":"https:\/\/encompaniastj.org\/pt-pt\/wp-json\/wp\/v2\/posts"}],"about":[{"href":"https:\/\/encompaniastj.org\/pt-pt\/wp-json\/wp\/v2\/types\/post"}],"author":[{"embeddable":true,"href":"https:\/\/encompaniastj.org\/pt-pt\/wp-json\/wp\/v2\/users\/1"}],"replies":[{"embeddable":true,"href":"https:\/\/encompaniastj.org\/pt-pt\/wp-json\/wp\/v2\/comments?post=9930"}],"version-history":[{"count":1,"href":"https:\/\/encompaniastj.org\/pt-pt\/wp-json\/wp\/v2\/posts\/9930\/revisions"}],"predecessor-version":[{"id":9931,"href":"https:\/\/encompaniastj.org\/pt-pt\/wp-json\/wp\/v2\/posts\/9930\/revisions\/9931"}],"wp:featuredmedia":[{"embeddable":true,"href":"https:\/\/encompaniastj.org\/pt-pt\/wp-json\/wp\/v2\/media\/7278"}],"wp:attachment":[{"href":"https:\/\/encompaniastj.org\/pt-pt\/wp-json\/wp\/v2\/media?parent=9930"}],"wp:term":[{"taxonomy":"category","embeddable":true,"href":"https:\/\/encompaniastj.org\/pt-pt\/wp-json\/wp\/v2\/categories?post=9930"},{"taxonomy":"post_tag","embeddable":true,"href":"https:\/\/encompaniastj.org\/pt-pt\/wp-json\/wp\/v2\/tags?post=9930"}],"curies":[{"name":"wp","href":"https:\/\/api.w.org\/{rel}","templated":true}]}}