{"id":9900,"date":"2019-12-23T22:22:13","date_gmt":"2019-12-23T21:22:13","guid":{"rendered":"https:\/\/encompaniastj.org\/se-a-montanha-nao-vai-a-maome-vai-maome-a-montanha-comunidade-avila-residencia\/"},"modified":"2025-07-07T16:21:02","modified_gmt":"2025-07-07T14:21:02","slug":"se-a-montanha-nao-vai-a-maome-vai-maome-a-montanha-comunidade-avila-residencia","status":"publish","type":"post","link":"https:\/\/encompaniastj.org\/pt-pt\/se-a-montanha-nao-vai-a-maome-vai-maome-a-montanha-comunidade-avila-residencia\/","title":{"rendered":"Se a montanha n\u00e3o vai a Maom\u00e9, vai Maom\u00e9 \u00e0 montanha. Comunidade \u00c1vila-Resid\u00eancia"},"content":{"rendered":"\n<p>\u00c9 isso o que nos aconteceu em \u00c1vila, porque os <em>ateliers para assumir a \u00e9tica do cuidado<\/em> vieram \u00e0 comunidade da enfermaria de \u00c1vila, a nossa casa.<\/p>\n\n<p>Embora com mais idade, e algumas doentes, gostamos de participar da vida da Prov\u00edncia e estar em sintonia com o que a Igreja nos convida a viver a partir do cuidado da nossa casa comum. \u201cS\u00e3o coisas nossas\u201d, diz-nos uma irm\u00e3. <\/p>\n\n<p>Em cada trimestre participaremos num atelier; no fim de novembro tivemos o primeiro. E, como n\u00f3s n\u00e3o pod\u00edamos passear vendo cada um dos pain\u00e9is, os pain\u00e9is \u201cpassearam\u201d diante dos nossos olhos projectados no ecr\u00e3 da sala de comunidade.<\/p>\n\n<p>Damo-nos conta de que na atualidade a nossa vida \u00e9 \u201cmelhor\u201d, num sentido, mais c\u00f3moda, mas isso levou a um maior consumo e a uma maior produ\u00e7\u00e3o de res\u00edduos. Outra irm\u00e3 comenta que aumentou a nossa sensibilidade por estes temas, como o valorizar mais a \u00e1gua e n\u00e3o desperdi\u00e7\u00e1-la tanto, mas ainda nos falta melhorar noutros aspetos, como na redu\u00e7\u00e3o de produtos que usamos s\u00f3 uma vez, os guardanapos de papel, por exemplo.<\/p>\n\n<p>As imagens da praia cheia de pl\u00e1sticos ou de um barco cheio de gente no meio do mar, criaram-nos um grande impacto. \u00c9 bom que possamos recordar estas realidades, comenta uma irm\u00e3, porque renovamos o nosso compromisso de cuidar o nosso ambiente, que tamb\u00e9m aparece no nosso projeto comunit\u00e1rio.<\/p>\n\n<p>Outra, diz-nos que a impressionou, ter constatado como todos estes aspetos de descuido e maltrato do nosso ambiente, no fim atingem os de sempre, os mais pobres e vulner\u00e1veis.<\/p>\n\n<p>E terminamos contando-vos a nossa experi\u00eancia com as palavras de outra irm\u00e3 da comunidade, muito apropriadas para este tempo de Advento: \u201cA mim ajudou-me a viver mais vigilante\u201d.<\/p>\n\n<figure class=\"wp-block-image\"><a href=\"Obrigada%20por%20estas%20experi%C3%AAncias%20que%20nos%20tocam%20a%20vida%20e%20que%20nos%20fazem%20correspons%C3%A1veis%20no%20cuidado%20da%20casa%20comum.\"><img decoding=\"async\" src=\"https:\/\/encompaniastj.org\/wp-content\/uploads\/2025\/05\/si-la-montana-no-va.jpg\" alt=\"\" class=\"wp-image-5763\"><\/a><\/figure>","protected":false},"excerpt":{"rendered":"<p>\u00c9 isso o que nos aconteceu em \u00c1vila, porque os ateliers para assumir a \u00e9tica do cuidado vieram \u00e0 comunidade da enfermaria de \u00c1vila, a nossa casa. Embora com mais [&hellip;]<\/p>\n","protected":false},"author":1,"featured_media":7252,"comment_status":"open","ping_status":"open","sticky":false,"template":"","format":"standard","meta":{"_acf_changed":false,"footnotes":""},"categories":[61,62,68],"tags":[],"class_list":["post-9900","post","type-post","status-publish","format-standard","has-post-thumbnail","hentry","category-noticias","category-otras","category-outras"],"acf":[],"yoast_head":"<!-- This site is optimized with the Yoast SEO plugin v27.5 - https:\/\/yoast.com\/product\/yoast-seo-wordpress\/ -->\n<title>Se a montanha n\u00e3o vai a Maom\u00e9, vai Maom\u00e9 \u00e0 montanha. Comunidade \u00c1vila-Resid\u00eancia - En Compa\u00f1\u00eda STJ<\/title>\n<meta name=\"robots\" content=\"index, follow, max-snippet:-1, max-image-preview:large, max-video-preview:-1\" \/>\n<link rel=\"canonical\" href=\"https:\/\/encompaniastj.org\/pt-pt\/se-a-montanha-nao-vai-a-maome-vai-maome-a-montanha-comunidade-avila-residencia\/\" \/>\n<meta property=\"og:locale\" content=\"pt_PT\" \/>\n<meta property=\"og:type\" content=\"article\" \/>\n<meta property=\"og:title\" content=\"Se a montanha n\u00e3o vai a Maom\u00e9, vai Maom\u00e9 \u00e0 montanha. Comunidade \u00c1vila-Resid\u00eancia - En Compa\u00f1\u00eda STJ\" \/>\n<meta property=\"og:description\" content=\"\u00c9 isso o que nos aconteceu em \u00c1vila, porque os ateliers para assumir a \u00e9tica do cuidado vieram \u00e0 comunidade da enfermaria de \u00c1vila, a nossa casa. Embora com mais [&hellip;]\" \/>\n<meta property=\"og:url\" content=\"https:\/\/encompaniastj.org\/pt-pt\/se-a-montanha-nao-vai-a-maome-vai-maome-a-montanha-comunidade-avila-residencia\/\" \/>\n<meta property=\"og:site_name\" content=\"En Compa\u00f1\u00eda STJ\" \/>\n<meta property=\"article:published_time\" content=\"2019-12-23T21:22:13+00:00\" \/>\n<meta property=\"article:modified_time\" content=\"2025-07-07T14:21:02+00:00\" \/>\n<meta property=\"og:image\" content=\"https:\/\/encompaniastj.org\/wp-content\/uploads\/2025\/05\/hnas-avila.jpg\" \/>\n\t<meta property=\"og:image:width\" content=\"1560\" \/>\n\t<meta property=\"og:image:height\" content=\"877\" \/>\n\t<meta property=\"og:image:type\" content=\"image\/jpeg\" \/>\n<meta name=\"author\" content=\"admin\" \/>\n<meta name=\"twitter:card\" content=\"summary_large_image\" \/>\n<meta name=\"twitter:label1\" content=\"Escrito por\" \/>\n\t<meta name=\"twitter:data1\" content=\"admin\" \/>\n\t<meta name=\"twitter:label2\" content=\"Tempo estimado de leitura\" \/>\n\t<meta name=\"twitter:data2\" content=\"1 minuto\" \/>\n<script type=\"application\/ld+json\" class=\"yoast-schema-graph\">{\"@context\":\"https:\\\/\\\/schema.org\",\"@graph\":[{\"@type\":\"Article\",\"@id\":\"https:\\\/\\\/encompaniastj.org\\\/pt-pt\\\/se-a-montanha-nao-vai-a-maome-vai-maome-a-montanha-comunidade-avila-residencia\\\/#article\",\"isPartOf\":{\"@id\":\"https:\\\/\\\/encompaniastj.org\\\/pt-pt\\\/se-a-montanha-nao-vai-a-maome-vai-maome-a-montanha-comunidade-avila-residencia\\\/\"},\"author\":{\"name\":\"admin\",\"@id\":\"https:\\\/\\\/encompaniastj.org\\\/pt-pt\\\/#\\\/schema\\\/person\\\/520e7ecc314793d40091993c2a02b651\"},\"headline\":\"Se a montanha n\u00e3o vai a Maom\u00e9, vai Maom\u00e9 \u00e0 montanha. Comunidade \u00c1vila-Resid\u00eancia\",\"datePublished\":\"2019-12-23T21:22:13+00:00\",\"dateModified\":\"2025-07-07T14:21:02+00:00\",\"mainEntityOfPage\":{\"@id\":\"https:\\\/\\\/encompaniastj.org\\\/pt-pt\\\/se-a-montanha-nao-vai-a-maome-vai-maome-a-montanha-comunidade-avila-residencia\\\/\"},\"wordCount\":313,\"commentCount\":0,\"publisher\":{\"@id\":\"https:\\\/\\\/encompaniastj.org\\\/pt-pt\\\/#organization\"},\"image\":{\"@id\":\"https:\\\/\\\/encompaniastj.org\\\/pt-pt\\\/se-a-montanha-nao-vai-a-maome-vai-maome-a-montanha-comunidade-avila-residencia\\\/#primaryimage\"},\"thumbnailUrl\":\"https:\\\/\\\/encompaniastj.org\\\/wp-content\\\/uploads\\\/2025\\\/05\\\/hnas-avila.jpg\",\"articleSection\":[\"Noticias\",\"Otras\",\"Outras\"],\"inLanguage\":\"pt-PT\",\"potentialAction\":[{\"@type\":\"CommentAction\",\"name\":\"Comment\",\"target\":[\"https:\\\/\\\/encompaniastj.org\\\/pt-pt\\\/se-a-montanha-nao-vai-a-maome-vai-maome-a-montanha-comunidade-avila-residencia\\\/#respond\"]}]},{\"@type\":\"WebPage\",\"@id\":\"https:\\\/\\\/encompaniastj.org\\\/pt-pt\\\/se-a-montanha-nao-vai-a-maome-vai-maome-a-montanha-comunidade-avila-residencia\\\/\",\"url\":\"https:\\\/\\\/encompaniastj.org\\\/pt-pt\\\/se-a-montanha-nao-vai-a-maome-vai-maome-a-montanha-comunidade-avila-residencia\\\/\",\"name\":\"Se a montanha n\u00e3o vai a Maom\u00e9, vai Maom\u00e9 \u00e0 montanha. Comunidade \u00c1vila-Resid\u00eancia - En Compa\u00f1\u00eda STJ\",\"isPartOf\":{\"@id\":\"https:\\\/\\\/encompaniastj.org\\\/pt-pt\\\/#website\"},\"primaryImageOfPage\":{\"@id\":\"https:\\\/\\\/encompaniastj.org\\\/pt-pt\\\/se-a-montanha-nao-vai-a-maome-vai-maome-a-montanha-comunidade-avila-residencia\\\/#primaryimage\"},\"image\":{\"@id\":\"https:\\\/\\\/encompaniastj.org\\\/pt-pt\\\/se-a-montanha-nao-vai-a-maome-vai-maome-a-montanha-comunidade-avila-residencia\\\/#primaryimage\"},\"thumbnailUrl\":\"https:\\\/\\\/encompaniastj.org\\\/wp-content\\\/uploads\\\/2025\\\/05\\\/hnas-avila.jpg\",\"datePublished\":\"2019-12-23T21:22:13+00:00\",\"dateModified\":\"2025-07-07T14:21:02+00:00\",\"breadcrumb\":{\"@id\":\"https:\\\/\\\/encompaniastj.org\\\/pt-pt\\\/se-a-montanha-nao-vai-a-maome-vai-maome-a-montanha-comunidade-avila-residencia\\\/#breadcrumb\"},\"inLanguage\":\"pt-PT\",\"potentialAction\":[{\"@type\":\"ReadAction\",\"target\":[\"https:\\\/\\\/encompaniastj.org\\\/pt-pt\\\/se-a-montanha-nao-vai-a-maome-vai-maome-a-montanha-comunidade-avila-residencia\\\/\"]}]},{\"@type\":\"ImageObject\",\"inLanguage\":\"pt-PT\",\"@id\":\"https:\\\/\\\/encompaniastj.org\\\/pt-pt\\\/se-a-montanha-nao-vai-a-maome-vai-maome-a-montanha-comunidade-avila-residencia\\\/#primaryimage\",\"url\":\"https:\\\/\\\/encompaniastj.org\\\/wp-content\\\/uploads\\\/2025\\\/05\\\/hnas-avila.jpg\",\"contentUrl\":\"https:\\\/\\\/encompaniastj.org\\\/wp-content\\\/uploads\\\/2025\\\/05\\\/hnas-avila.jpg\",\"width\":1560,\"height\":877},{\"@type\":\"BreadcrumbList\",\"@id\":\"https:\\\/\\\/encompaniastj.org\\\/pt-pt\\\/se-a-montanha-nao-vai-a-maome-vai-maome-a-montanha-comunidade-avila-residencia\\\/#breadcrumb\",\"itemListElement\":[{\"@type\":\"ListItem\",\"position\":1,\"name\":\"Portada\",\"item\":\"https:\\\/\\\/encompaniastj.org\\\/pt-pt\\\/\"},{\"@type\":\"ListItem\",\"position\":2,\"name\":\"Se a montanha n\u00e3o vai a Maom\u00e9, vai Maom\u00e9 \u00e0 montanha. Comunidade \u00c1vila-Resid\u00eancia\"}]},{\"@type\":\"WebSite\",\"@id\":\"https:\\\/\\\/encompaniastj.org\\\/pt-pt\\\/#website\",\"url\":\"https:\\\/\\\/encompaniastj.org\\\/pt-pt\\\/\",\"name\":\"En Compa\u00f1\u00eda STJ\",\"description\":\"Bolet\u00edn de la Compa\u00f1\u00eda de Santa Teresa de Jes\u00fas\",\"publisher\":{\"@id\":\"https:\\\/\\\/encompaniastj.org\\\/pt-pt\\\/#organization\"},\"potentialAction\":[{\"@type\":\"SearchAction\",\"target\":{\"@type\":\"EntryPoint\",\"urlTemplate\":\"https:\\\/\\\/encompaniastj.org\\\/pt-pt\\\/?s={search_term_string}\"},\"query-input\":{\"@type\":\"PropertyValueSpecification\",\"valueRequired\":true,\"valueName\":\"search_term_string\"}}],\"inLanguage\":\"pt-PT\"},{\"@type\":\"Organization\",\"@id\":\"https:\\\/\\\/encompaniastj.org\\\/pt-pt\\\/#organization\",\"name\":\"Compa\u00f1\u00eda de Santa Teresa de Jes\u00fas\",\"url\":\"https:\\\/\\\/encompaniastj.org\\\/pt-pt\\\/\",\"logo\":{\"@type\":\"ImageObject\",\"inLanguage\":\"pt-PT\",\"@id\":\"https:\\\/\\\/encompaniastj.org\\\/pt-pt\\\/#\\\/schema\\\/logo\\\/image\\\/\",\"url\":\"https:\\\/\\\/encompaniastj.org\\\/wp-content\\\/uploads\\\/2025\\\/04\\\/logo_provincias02-1-3.png\",\"contentUrl\":\"https:\\\/\\\/encompaniastj.org\\\/wp-content\\\/uploads\\\/2025\\\/04\\\/logo_provincias02-1-3.png\",\"width\":2368,\"height\":825,\"caption\":\"Compa\u00f1\u00eda de Santa Teresa de Jes\u00fas\"},\"image\":{\"@id\":\"https:\\\/\\\/encompaniastj.org\\\/pt-pt\\\/#\\\/schema\\\/logo\\\/image\\\/\"}},{\"@type\":\"Person\",\"@id\":\"https:\\\/\\\/encompaniastj.org\\\/pt-pt\\\/#\\\/schema\\\/person\\\/520e7ecc314793d40091993c2a02b651\",\"name\":\"admin\",\"image\":{\"@type\":\"ImageObject\",\"inLanguage\":\"pt-PT\",\"@id\":\"https:\\\/\\\/secure.gravatar.com\\\/avatar\\\/948b492cce32b586ac2db0eaa926ee87024f7afe218d73b397ea5ddfc5f43ea1?s=96&d=mm&r=g\",\"url\":\"https:\\\/\\\/secure.gravatar.com\\\/avatar\\\/948b492cce32b586ac2db0eaa926ee87024f7afe218d73b397ea5ddfc5f43ea1?s=96&d=mm&r=g\",\"contentUrl\":\"https:\\\/\\\/secure.gravatar.com\\\/avatar\\\/948b492cce32b586ac2db0eaa926ee87024f7afe218d73b397ea5ddfc5f43ea1?s=96&d=mm&r=g\",\"caption\":\"admin\"},\"sameAs\":[\"https:\\\/\\\/encompaniastj.org\"],\"url\":\"https:\\\/\\\/encompaniastj.org\\\/pt-pt\\\/author\\\/sjdigital\\\/\"}]}<\/script>\n<!-- \/ Yoast SEO plugin. -->","yoast_head_json":{"title":"Se a montanha n\u00e3o vai a Maom\u00e9, vai Maom\u00e9 \u00e0 montanha. Comunidade \u00c1vila-Resid\u00eancia - En Compa\u00f1\u00eda STJ","robots":{"index":"index","follow":"follow","max-snippet":"max-snippet:-1","max-image-preview":"max-image-preview:large","max-video-preview":"max-video-preview:-1"},"canonical":"https:\/\/encompaniastj.org\/pt-pt\/se-a-montanha-nao-vai-a-maome-vai-maome-a-montanha-comunidade-avila-residencia\/","og_locale":"pt_PT","og_type":"article","og_title":"Se a montanha n\u00e3o vai a Maom\u00e9, vai Maom\u00e9 \u00e0 montanha. Comunidade \u00c1vila-Resid\u00eancia - En Compa\u00f1\u00eda STJ","og_description":"\u00c9 isso o que nos aconteceu em \u00c1vila, porque os ateliers para assumir a \u00e9tica do cuidado vieram \u00e0 comunidade da enfermaria de \u00c1vila, a nossa casa. Embora com mais [&hellip;]","og_url":"https:\/\/encompaniastj.org\/pt-pt\/se-a-montanha-nao-vai-a-maome-vai-maome-a-montanha-comunidade-avila-residencia\/","og_site_name":"En Compa\u00f1\u00eda STJ","article_published_time":"2019-12-23T21:22:13+00:00","article_modified_time":"2025-07-07T14:21:02+00:00","og_image":[{"width":1560,"height":877,"url":"https:\/\/encompaniastj.org\/wp-content\/uploads\/2025\/05\/hnas-avila.jpg","type":"image\/jpeg"}],"author":"admin","twitter_card":"summary_large_image","twitter_misc":{"Escrito por":"admin","Tempo estimado de leitura":"1 minuto"},"schema":{"@context":"https:\/\/schema.org","@graph":[{"@type":"Article","@id":"https:\/\/encompaniastj.org\/pt-pt\/se-a-montanha-nao-vai-a-maome-vai-maome-a-montanha-comunidade-avila-residencia\/#article","isPartOf":{"@id":"https:\/\/encompaniastj.org\/pt-pt\/se-a-montanha-nao-vai-a-maome-vai-maome-a-montanha-comunidade-avila-residencia\/"},"author":{"name":"admin","@id":"https:\/\/encompaniastj.org\/pt-pt\/#\/schema\/person\/520e7ecc314793d40091993c2a02b651"},"headline":"Se a montanha n\u00e3o vai a Maom\u00e9, vai Maom\u00e9 \u00e0 montanha. Comunidade \u00c1vila-Resid\u00eancia","datePublished":"2019-12-23T21:22:13+00:00","dateModified":"2025-07-07T14:21:02+00:00","mainEntityOfPage":{"@id":"https:\/\/encompaniastj.org\/pt-pt\/se-a-montanha-nao-vai-a-maome-vai-maome-a-montanha-comunidade-avila-residencia\/"},"wordCount":313,"commentCount":0,"publisher":{"@id":"https:\/\/encompaniastj.org\/pt-pt\/#organization"},"image":{"@id":"https:\/\/encompaniastj.org\/pt-pt\/se-a-montanha-nao-vai-a-maome-vai-maome-a-montanha-comunidade-avila-residencia\/#primaryimage"},"thumbnailUrl":"https:\/\/encompaniastj.org\/wp-content\/uploads\/2025\/05\/hnas-avila.jpg","articleSection":["Noticias","Otras","Outras"],"inLanguage":"pt-PT","potentialAction":[{"@type":"CommentAction","name":"Comment","target":["https:\/\/encompaniastj.org\/pt-pt\/se-a-montanha-nao-vai-a-maome-vai-maome-a-montanha-comunidade-avila-residencia\/#respond"]}]},{"@type":"WebPage","@id":"https:\/\/encompaniastj.org\/pt-pt\/se-a-montanha-nao-vai-a-maome-vai-maome-a-montanha-comunidade-avila-residencia\/","url":"https:\/\/encompaniastj.org\/pt-pt\/se-a-montanha-nao-vai-a-maome-vai-maome-a-montanha-comunidade-avila-residencia\/","name":"Se a montanha n\u00e3o vai a Maom\u00e9, vai Maom\u00e9 \u00e0 montanha. Comunidade \u00c1vila-Resid\u00eancia - En Compa\u00f1\u00eda STJ","isPartOf":{"@id":"https:\/\/encompaniastj.org\/pt-pt\/#website"},"primaryImageOfPage":{"@id":"https:\/\/encompaniastj.org\/pt-pt\/se-a-montanha-nao-vai-a-maome-vai-maome-a-montanha-comunidade-avila-residencia\/#primaryimage"},"image":{"@id":"https:\/\/encompaniastj.org\/pt-pt\/se-a-montanha-nao-vai-a-maome-vai-maome-a-montanha-comunidade-avila-residencia\/#primaryimage"},"thumbnailUrl":"https:\/\/encompaniastj.org\/wp-content\/uploads\/2025\/05\/hnas-avila.jpg","datePublished":"2019-12-23T21:22:13+00:00","dateModified":"2025-07-07T14:21:02+00:00","breadcrumb":{"@id":"https:\/\/encompaniastj.org\/pt-pt\/se-a-montanha-nao-vai-a-maome-vai-maome-a-montanha-comunidade-avila-residencia\/#breadcrumb"},"inLanguage":"pt-PT","potentialAction":[{"@type":"ReadAction","target":["https:\/\/encompaniastj.org\/pt-pt\/se-a-montanha-nao-vai-a-maome-vai-maome-a-montanha-comunidade-avila-residencia\/"]}]},{"@type":"ImageObject","inLanguage":"pt-PT","@id":"https:\/\/encompaniastj.org\/pt-pt\/se-a-montanha-nao-vai-a-maome-vai-maome-a-montanha-comunidade-avila-residencia\/#primaryimage","url":"https:\/\/encompaniastj.org\/wp-content\/uploads\/2025\/05\/hnas-avila.jpg","contentUrl":"https:\/\/encompaniastj.org\/wp-content\/uploads\/2025\/05\/hnas-avila.jpg","width":1560,"height":877},{"@type":"BreadcrumbList","@id":"https:\/\/encompaniastj.org\/pt-pt\/se-a-montanha-nao-vai-a-maome-vai-maome-a-montanha-comunidade-avila-residencia\/#breadcrumb","itemListElement":[{"@type":"ListItem","position":1,"name":"Portada","item":"https:\/\/encompaniastj.org\/pt-pt\/"},{"@type":"ListItem","position":2,"name":"Se a montanha n\u00e3o vai a Maom\u00e9, vai Maom\u00e9 \u00e0 montanha. Comunidade \u00c1vila-Resid\u00eancia"}]},{"@type":"WebSite","@id":"https:\/\/encompaniastj.org\/pt-pt\/#website","url":"https:\/\/encompaniastj.org\/pt-pt\/","name":"En Compa\u00f1\u00eda STJ","description":"Bolet\u00edn de la Compa\u00f1\u00eda de Santa Teresa de Jes\u00fas","publisher":{"@id":"https:\/\/encompaniastj.org\/pt-pt\/#organization"},"potentialAction":[{"@type":"SearchAction","target":{"@type":"EntryPoint","urlTemplate":"https:\/\/encompaniastj.org\/pt-pt\/?s={search_term_string}"},"query-input":{"@type":"PropertyValueSpecification","valueRequired":true,"valueName":"search_term_string"}}],"inLanguage":"pt-PT"},{"@type":"Organization","@id":"https:\/\/encompaniastj.org\/pt-pt\/#organization","name":"Compa\u00f1\u00eda de Santa Teresa de Jes\u00fas","url":"https:\/\/encompaniastj.org\/pt-pt\/","logo":{"@type":"ImageObject","inLanguage":"pt-PT","@id":"https:\/\/encompaniastj.org\/pt-pt\/#\/schema\/logo\/image\/","url":"https:\/\/encompaniastj.org\/wp-content\/uploads\/2025\/04\/logo_provincias02-1-3.png","contentUrl":"https:\/\/encompaniastj.org\/wp-content\/uploads\/2025\/04\/logo_provincias02-1-3.png","width":2368,"height":825,"caption":"Compa\u00f1\u00eda de Santa Teresa de Jes\u00fas"},"image":{"@id":"https:\/\/encompaniastj.org\/pt-pt\/#\/schema\/logo\/image\/"}},{"@type":"Person","@id":"https:\/\/encompaniastj.org\/pt-pt\/#\/schema\/person\/520e7ecc314793d40091993c2a02b651","name":"admin","image":{"@type":"ImageObject","inLanguage":"pt-PT","@id":"https:\/\/secure.gravatar.com\/avatar\/948b492cce32b586ac2db0eaa926ee87024f7afe218d73b397ea5ddfc5f43ea1?s=96&d=mm&r=g","url":"https:\/\/secure.gravatar.com\/avatar\/948b492cce32b586ac2db0eaa926ee87024f7afe218d73b397ea5ddfc5f43ea1?s=96&d=mm&r=g","contentUrl":"https:\/\/secure.gravatar.com\/avatar\/948b492cce32b586ac2db0eaa926ee87024f7afe218d73b397ea5ddfc5f43ea1?s=96&d=mm&r=g","caption":"admin"},"sameAs":["https:\/\/encompaniastj.org"],"url":"https:\/\/encompaniastj.org\/pt-pt\/author\/sjdigital\/"}]}},"_links":{"self":[{"href":"https:\/\/encompaniastj.org\/pt-pt\/wp-json\/wp\/v2\/posts\/9900","targetHints":{"allow":["GET"]}}],"collection":[{"href":"https:\/\/encompaniastj.org\/pt-pt\/wp-json\/wp\/v2\/posts"}],"about":[{"href":"https:\/\/encompaniastj.org\/pt-pt\/wp-json\/wp\/v2\/types\/post"}],"author":[{"embeddable":true,"href":"https:\/\/encompaniastj.org\/pt-pt\/wp-json\/wp\/v2\/users\/1"}],"replies":[{"embeddable":true,"href":"https:\/\/encompaniastj.org\/pt-pt\/wp-json\/wp\/v2\/comments?post=9900"}],"version-history":[{"count":1,"href":"https:\/\/encompaniastj.org\/pt-pt\/wp-json\/wp\/v2\/posts\/9900\/revisions"}],"predecessor-version":[{"id":9901,"href":"https:\/\/encompaniastj.org\/pt-pt\/wp-json\/wp\/v2\/posts\/9900\/revisions\/9901"}],"wp:featuredmedia":[{"embeddable":true,"href":"https:\/\/encompaniastj.org\/pt-pt\/wp-json\/wp\/v2\/media\/7252"}],"wp:attachment":[{"href":"https:\/\/encompaniastj.org\/pt-pt\/wp-json\/wp\/v2\/media?parent=9900"}],"wp:term":[{"taxonomy":"category","embeddable":true,"href":"https:\/\/encompaniastj.org\/pt-pt\/wp-json\/wp\/v2\/categories?post=9900"},{"taxonomy":"post_tag","embeddable":true,"href":"https:\/\/encompaniastj.org\/pt-pt\/wp-json\/wp\/v2\/tags?post=9900"}],"curies":[{"name":"wp","href":"https:\/\/api.w.org\/{rel}","templated":true}]}}