{"id":9892,"date":"2019-12-23T17:20:08","date_gmt":"2019-12-23T16:20:08","guid":{"rendered":"https:\/\/encompaniastj.org\/colegio-santa-teresa-de-jesus-oviedo-fet\/"},"modified":"2025-07-07T16:20:59","modified_gmt":"2025-07-07T14:20:59","slug":"colegio-santa-teresa-de-jesus-oviedo-fet","status":"publish","type":"post","link":"https:\/\/encompaniastj.org\/pt-pt\/colegio-santa-teresa-de-jesus-oviedo-fet\/","title":{"rendered":"Col\u00e9gio Santa Teresa de Jesus \u2013 Oviedo (FET)"},"content":{"rendered":"\n<p>O col\u00e9gio Santa Teresa de Jesus de Oviedo realiza a sua miss\u00e3o nesta cidade desde 1920. No ano 1981 o col\u00e9gio trasladou-se para o seu lugar atual no sop\u00e9 do Monte Naranco. Ocupa um terreno de 30.000 m<sup>2 <\/sup>no qual os alunos podem gozar de amplos espa\u00e7os abertos e de zonas verdes.<\/p>\n\n<p>Disp\u00f5e de dois ciclos educativos, desde 1\u00ba de Educa\u00e7\u00e3o Infantil (3 anos) at\u00e9 3\u00ba Ciclo do Ensino B\u00e1sico. Conta com uma ampla oferta de atividades extra-escolares, assim como de diferentes servi\u00e7os \u00e0 disposi\u00e7\u00e3o dos alunos e das suas fam\u00edlias: refeit\u00f3rio escolar, transporte, loja dos uniformes, livros e material escolar.<\/p>\n\n<p>Temos um claro car\u00e1cter familiar e acolhedor, que promove rela\u00e7\u00f5es pessoais pr\u00f3ximas entre todos os membros da Comunidade Educativa. <\/p>\n\n<p>Como escola em Pastoral, buscamos promover experi\u00eancias que facilitem aos alunos o reconhecimento da presen\u00e7a de Jesus nas suas vidas e que termine numa op\u00e7\u00e3o de vida crist\u00e3. Contamos com uma s\u00e9rie de pr\u00e1ticas teresianas que nos caracterizam: o Quarto de Hora de Ora\u00e7\u00e3o, Celebra\u00e7\u00f5es, Programa de Interioridade, Programa de A\u00e7\u00e3o de Acompanhamento, atividades pastorais\u2026 Na nossa a\u00e7\u00e3o educativa de <em>transformadores sociais<\/em>, a A\u00e7\u00e3o Social \u00e9 um grande pilar, fomentando a sensibiliza\u00e7\u00e3o atrav\u00e9s de diferentes projetos.<\/p>\n\n<p>Constatamos a aten\u00e7\u00e3o \u00e0 diversidade como um dos eixos fundamentais do nosso trabalho, tendo sempre a pessoa como centro da nossa a\u00e7\u00e3o educativa.<\/p>\n\n<p>Tamb\u00e9m, promovemos a inova\u00e7\u00e3o metodol\u00f3gica situando o aluno como protagonista do seu processo de aprendizagem. Propomos uma s\u00e9rie de Projetos atrav\u00e9s de metodologias ativas, como utiliza\u00e7\u00e3o de livros digitais, aprendizagem em ambientes de TIC, aprendizagem cooperativa, ludifica\u00e7\u00e3o, PBL... O ensino de l\u00ednguas \u00e9 outro dos nossos pilares e desenvolvemos m\u00faltiplas atividades de imers\u00e3o lingu\u00edstica, tanto a n\u00edvel local como internacional. Contamos com um projeto de bilinguismo, estadias no estrangeiro, somos examinadores de Cambridge e Trinity, participamos em projetos e-Twinning e Erasmus + e dispomos do Programa de Bacharelato Dual Internacional.<\/p>\n\n<p>A partir deste ano escolar pertencemos \u00e0 Rede de Empresas Saud\u00e1veis do Principado de Ast\u00farias e estamos ligados \u00e0 Declara\u00e7\u00e3o de Luxemburgo, destacando o cuidado da promo\u00e7\u00e3o da sa\u00fade e seguran\u00e7a no trabalho.<\/p>\n\n<p>Nos \u00faltimos anos constatamos excelentes resultados acad\u00e9micos, tanto em indicadores internos como externos. Tamb\u00e9m nos sentimos orgulhosos do bom ambiente educativo existente e do bom n\u00edvel de conv\u00edvio em toda a Comunidade Educativa. <\/p>\n\n<ul class=\"wp-block-gallery columns-2 is-cropped wp-block-gallery-1 is-layout-flex wp-block-gallery-is-layout-flex\">\n<li class=\"blocks-gallery-item\"><figure><a href=\"https:\/\/encompaniastj.org\/wp-content\/uploads\/2025\/05\/Oviedo-2.jpg\"><img decoding=\"async\" src=\"https:\/\/encompaniastj.org\/wp-content\/uploads\/2025\/05\/Oviedo-2.jpg\" alt=\"\" data-id=\"5729\" data-link=\"https:\/\/encompaniastj.org\/?attachment_id=5729\" class=\"wp-image-5729\"><\/a><\/figure><\/li>\n<li class=\"blocks-gallery-item\"><figure><a href=\"https:\/\/encompaniastj.org\/wp-content\/uploads\/2025\/05\/Oviedo-3.jpg\"><img decoding=\"async\" src=\"https:\/\/encompaniastj.org\/wp-content\/uploads\/2025\/05\/Oviedo-3.jpg\" alt=\"\" data-id=\"5731\" data-link=\"https:\/\/encompaniastj.org\/?attachment_id=5731\" class=\"wp-image-5731\"><\/a><\/figure><\/li>\n<li class=\"blocks-gallery-item\"><figure><a href=\"https:\/\/encompaniastj.org\/wp-content\/uploads\/2025\/05\/Oviedo-4.jpg\"><img decoding=\"async\" src=\"https:\/\/encompaniastj.org\/wp-content\/uploads\/2025\/05\/Oviedo-4.jpg\" alt=\"\" data-id=\"5733\" data-link=\"https:\/\/encompaniastj.org\/?attachment_id=5733\" class=\"wp-image-5733\"><\/a><\/figure><\/li>\n<li class=\"blocks-gallery-item\"><figure><a href=\"https:\/\/encompaniastj.org\/wp-content\/uploads\/2025\/05\/Oviedo-5.jpg\"><img decoding=\"async\" src=\"https:\/\/encompaniastj.org\/wp-content\/uploads\/2025\/05\/Oviedo-5.jpg\" alt=\"\" data-id=\"5735\" data-link=\"https:\/\/encompaniastj.org\/?attachment_id=5735\" class=\"wp-image-5735\"><\/a><\/figure><\/li>\n<li class=\"blocks-gallery-item\"><figure><a href=\"https:\/\/encompaniastj.org\/wp-content\/uploads\/2025\/05\/Oviedo-6-scaled.jpg\"><img decoding=\"async\" src=\"https:\/\/encompaniastj.org\/wp-content\/uploads\/2025\/05\/Oviedo-6-scaled.jpg\" alt=\"\" data-id=\"5737\" data-link=\"https:\/\/encompaniastj.org\/?attachment_id=5737\" class=\"wp-image-5737\"><\/a><\/figure><\/li>\n<li class=\"blocks-gallery-item\"><figure><a href=\"https:\/\/encompaniastj.org\/wp-content\/uploads\/2025\/05\/Oviedo-1.jpg\"><img decoding=\"async\" src=\"https:\/\/encompaniastj.org\/wp-content\/uploads\/2025\/05\/Oviedo-1.jpg\" alt=\"\" data-id=\"5727\" data-link=\"https:\/\/encompaniastj.org\/?attachment_id=5727\" class=\"wp-image-5727\"><\/a><\/figure><\/li>\n<\/ul>","protected":false},"excerpt":{"rendered":"<p>O col\u00e9gio Santa Teresa de Jesus de Oviedo realiza a sua miss\u00e3o nesta cidade desde 1920. No ano 1981 o col\u00e9gio trasladou-se para o seu lugar atual no sop\u00e9 do [&hellip;]<\/p>\n","protected":false},"author":1,"featured_media":7243,"comment_status":"open","ping_status":"open","sticky":false,"template":"","format":"standard","meta":{"_acf_changed":false,"footnotes":""},"categories":[66,59,70,60],"tags":[],"class_list":["post-9892","post","type-post","status-publish","format-standard","has-post-thumbnail","hentry","category-conhecemo-nos","category-nos-conocemos","category-projetos","category-proyectos"],"acf":[],"yoast_head":"<!-- This site is optimized with the Yoast SEO plugin v27.5 - https:\/\/yoast.com\/product\/yoast-seo-wordpress\/ -->\n<title>Col\u00e9gio Santa Teresa de Jesus \u2013 Oviedo (FET) - En Compa\u00f1\u00eda STJ<\/title>\n<meta name=\"robots\" content=\"index, follow, max-snippet:-1, max-image-preview:large, max-video-preview:-1\" \/>\n<link rel=\"canonical\" href=\"https:\/\/encompaniastj.org\/pt-pt\/colegio-santa-teresa-de-jesus-oviedo-fet\/\" \/>\n<meta property=\"og:locale\" content=\"pt_PT\" \/>\n<meta property=\"og:type\" content=\"article\" \/>\n<meta property=\"og:title\" content=\"Col\u00e9gio Santa Teresa de Jesus \u2013 Oviedo (FET) - En Compa\u00f1\u00eda STJ\" \/>\n<meta property=\"og:description\" content=\"O col\u00e9gio Santa Teresa de Jesus de Oviedo realiza a sua miss\u00e3o nesta cidade desde 1920. No ano 1981 o col\u00e9gio trasladou-se para o seu lugar atual no sop\u00e9 do [&hellip;]\" \/>\n<meta property=\"og:url\" content=\"https:\/\/encompaniastj.org\/pt-pt\/colegio-santa-teresa-de-jesus-oviedo-fet\/\" \/>\n<meta property=\"og:site_name\" content=\"En Compa\u00f1\u00eda STJ\" \/>\n<meta property=\"article:published_time\" content=\"2019-12-23T16:20:08+00:00\" \/>\n<meta property=\"article:modified_time\" content=\"2025-07-07T14:20:59+00:00\" \/>\n<meta property=\"og:image\" content=\"https:\/\/encompaniastj.org\/wp-content\/uploads\/2025\/05\/Oviedo-1.jpg\" \/>\n\t<meta property=\"og:image:width\" content=\"1920\" \/>\n\t<meta property=\"og:image:height\" content=\"1080\" \/>\n\t<meta property=\"og:image:type\" content=\"image\/jpeg\" \/>\n<meta name=\"author\" content=\"admin\" \/>\n<meta name=\"twitter:card\" content=\"summary_large_image\" \/>\n<meta name=\"twitter:label1\" content=\"Escrito por\" \/>\n\t<meta name=\"twitter:data1\" content=\"admin\" \/>\n\t<meta name=\"twitter:label2\" content=\"Tempo estimado de leitura\" \/>\n\t<meta name=\"twitter:data2\" content=\"2 minutos\" \/>\n<script type=\"application\/ld+json\" class=\"yoast-schema-graph\">{\"@context\":\"https:\\\/\\\/schema.org\",\"@graph\":[{\"@type\":\"Article\",\"@id\":\"https:\\\/\\\/encompaniastj.org\\\/pt-pt\\\/colegio-santa-teresa-de-jesus-oviedo-fet\\\/#article\",\"isPartOf\":{\"@id\":\"https:\\\/\\\/encompaniastj.org\\\/pt-pt\\\/colegio-santa-teresa-de-jesus-oviedo-fet\\\/\"},\"author\":{\"name\":\"admin\",\"@id\":\"https:\\\/\\\/encompaniastj.org\\\/pt-pt\\\/#\\\/schema\\\/person\\\/520e7ecc314793d40091993c2a02b651\"},\"headline\":\"Col\u00e9gio Santa Teresa de Jesus \u2013 Oviedo (FET)\",\"datePublished\":\"2019-12-23T16:20:08+00:00\",\"dateModified\":\"2025-07-07T14:20:59+00:00\",\"mainEntityOfPage\":{\"@id\":\"https:\\\/\\\/encompaniastj.org\\\/pt-pt\\\/colegio-santa-teresa-de-jesus-oviedo-fet\\\/\"},\"wordCount\":420,\"commentCount\":0,\"publisher\":{\"@id\":\"https:\\\/\\\/encompaniastj.org\\\/pt-pt\\\/#organization\"},\"image\":{\"@id\":\"https:\\\/\\\/encompaniastj.org\\\/pt-pt\\\/colegio-santa-teresa-de-jesus-oviedo-fet\\\/#primaryimage\"},\"thumbnailUrl\":\"https:\\\/\\\/encompaniastj.org\\\/wp-content\\\/uploads\\\/2025\\\/05\\\/Oviedo-1.jpg\",\"articleSection\":[\"Conhecemo-nos\",\"Nos conocemos\",\"Projetos\",\"Proyectos\"],\"inLanguage\":\"pt-PT\",\"potentialAction\":[{\"@type\":\"CommentAction\",\"name\":\"Comment\",\"target\":[\"https:\\\/\\\/encompaniastj.org\\\/pt-pt\\\/colegio-santa-teresa-de-jesus-oviedo-fet\\\/#respond\"]}]},{\"@type\":\"WebPage\",\"@id\":\"https:\\\/\\\/encompaniastj.org\\\/pt-pt\\\/colegio-santa-teresa-de-jesus-oviedo-fet\\\/\",\"url\":\"https:\\\/\\\/encompaniastj.org\\\/pt-pt\\\/colegio-santa-teresa-de-jesus-oviedo-fet\\\/\",\"name\":\"Col\u00e9gio Santa Teresa de Jesus \u2013 Oviedo (FET) - En Compa\u00f1\u00eda STJ\",\"isPartOf\":{\"@id\":\"https:\\\/\\\/encompaniastj.org\\\/pt-pt\\\/#website\"},\"primaryImageOfPage\":{\"@id\":\"https:\\\/\\\/encompaniastj.org\\\/pt-pt\\\/colegio-santa-teresa-de-jesus-oviedo-fet\\\/#primaryimage\"},\"image\":{\"@id\":\"https:\\\/\\\/encompaniastj.org\\\/pt-pt\\\/colegio-santa-teresa-de-jesus-oviedo-fet\\\/#primaryimage\"},\"thumbnailUrl\":\"https:\\\/\\\/encompaniastj.org\\\/wp-content\\\/uploads\\\/2025\\\/05\\\/Oviedo-1.jpg\",\"datePublished\":\"2019-12-23T16:20:08+00:00\",\"dateModified\":\"2025-07-07T14:20:59+00:00\",\"breadcrumb\":{\"@id\":\"https:\\\/\\\/encompaniastj.org\\\/pt-pt\\\/colegio-santa-teresa-de-jesus-oviedo-fet\\\/#breadcrumb\"},\"inLanguage\":\"pt-PT\",\"potentialAction\":[{\"@type\":\"ReadAction\",\"target\":[\"https:\\\/\\\/encompaniastj.org\\\/pt-pt\\\/colegio-santa-teresa-de-jesus-oviedo-fet\\\/\"]}]},{\"@type\":\"ImageObject\",\"inLanguage\":\"pt-PT\",\"@id\":\"https:\\\/\\\/encompaniastj.org\\\/pt-pt\\\/colegio-santa-teresa-de-jesus-oviedo-fet\\\/#primaryimage\",\"url\":\"https:\\\/\\\/encompaniastj.org\\\/wp-content\\\/uploads\\\/2025\\\/05\\\/Oviedo-1.jpg\",\"contentUrl\":\"https:\\\/\\\/encompaniastj.org\\\/wp-content\\\/uploads\\\/2025\\\/05\\\/Oviedo-1.jpg\",\"width\":1920,\"height\":1080},{\"@type\":\"BreadcrumbList\",\"@id\":\"https:\\\/\\\/encompaniastj.org\\\/pt-pt\\\/colegio-santa-teresa-de-jesus-oviedo-fet\\\/#breadcrumb\",\"itemListElement\":[{\"@type\":\"ListItem\",\"position\":1,\"name\":\"Portada\",\"item\":\"https:\\\/\\\/encompaniastj.org\\\/pt-pt\\\/\"},{\"@type\":\"ListItem\",\"position\":2,\"name\":\"Col\u00e9gio Santa Teresa de Jesus \u2013 Oviedo (FET)\"}]},{\"@type\":\"WebSite\",\"@id\":\"https:\\\/\\\/encompaniastj.org\\\/pt-pt\\\/#website\",\"url\":\"https:\\\/\\\/encompaniastj.org\\\/pt-pt\\\/\",\"name\":\"En Compa\u00f1\u00eda STJ\",\"description\":\"Bolet\u00edn de la Compa\u00f1\u00eda de Santa Teresa de Jes\u00fas\",\"publisher\":{\"@id\":\"https:\\\/\\\/encompaniastj.org\\\/pt-pt\\\/#organization\"},\"potentialAction\":[{\"@type\":\"SearchAction\",\"target\":{\"@type\":\"EntryPoint\",\"urlTemplate\":\"https:\\\/\\\/encompaniastj.org\\\/pt-pt\\\/?s={search_term_string}\"},\"query-input\":{\"@type\":\"PropertyValueSpecification\",\"valueRequired\":true,\"valueName\":\"search_term_string\"}}],\"inLanguage\":\"pt-PT\"},{\"@type\":\"Organization\",\"@id\":\"https:\\\/\\\/encompaniastj.org\\\/pt-pt\\\/#organization\",\"name\":\"Compa\u00f1\u00eda de Santa Teresa de Jes\u00fas\",\"url\":\"https:\\\/\\\/encompaniastj.org\\\/pt-pt\\\/\",\"logo\":{\"@type\":\"ImageObject\",\"inLanguage\":\"pt-PT\",\"@id\":\"https:\\\/\\\/encompaniastj.org\\\/pt-pt\\\/#\\\/schema\\\/logo\\\/image\\\/\",\"url\":\"https:\\\/\\\/encompaniastj.org\\\/wp-content\\\/uploads\\\/2025\\\/04\\\/logo_provincias02-1-3.png\",\"contentUrl\":\"https:\\\/\\\/encompaniastj.org\\\/wp-content\\\/uploads\\\/2025\\\/04\\\/logo_provincias02-1-3.png\",\"width\":2368,\"height\":825,\"caption\":\"Compa\u00f1\u00eda de Santa Teresa de Jes\u00fas\"},\"image\":{\"@id\":\"https:\\\/\\\/encompaniastj.org\\\/pt-pt\\\/#\\\/schema\\\/logo\\\/image\\\/\"}},{\"@type\":\"Person\",\"@id\":\"https:\\\/\\\/encompaniastj.org\\\/pt-pt\\\/#\\\/schema\\\/person\\\/520e7ecc314793d40091993c2a02b651\",\"name\":\"admin\",\"image\":{\"@type\":\"ImageObject\",\"inLanguage\":\"pt-PT\",\"@id\":\"https:\\\/\\\/secure.gravatar.com\\\/avatar\\\/948b492cce32b586ac2db0eaa926ee87024f7afe218d73b397ea5ddfc5f43ea1?s=96&d=mm&r=g\",\"url\":\"https:\\\/\\\/secure.gravatar.com\\\/avatar\\\/948b492cce32b586ac2db0eaa926ee87024f7afe218d73b397ea5ddfc5f43ea1?s=96&d=mm&r=g\",\"contentUrl\":\"https:\\\/\\\/secure.gravatar.com\\\/avatar\\\/948b492cce32b586ac2db0eaa926ee87024f7afe218d73b397ea5ddfc5f43ea1?s=96&d=mm&r=g\",\"caption\":\"admin\"},\"sameAs\":[\"https:\\\/\\\/encompaniastj.org\"],\"url\":\"https:\\\/\\\/encompaniastj.org\\\/pt-pt\\\/author\\\/sjdigital\\\/\"}]}<\/script>\n<!-- \/ Yoast SEO plugin. -->","yoast_head_json":{"title":"Col\u00e9gio Santa Teresa de Jesus \u2013 Oviedo (FET) - En Compa\u00f1\u00eda STJ","robots":{"index":"index","follow":"follow","max-snippet":"max-snippet:-1","max-image-preview":"max-image-preview:large","max-video-preview":"max-video-preview:-1"},"canonical":"https:\/\/encompaniastj.org\/pt-pt\/colegio-santa-teresa-de-jesus-oviedo-fet\/","og_locale":"pt_PT","og_type":"article","og_title":"Col\u00e9gio Santa Teresa de Jesus \u2013 Oviedo (FET) - En Compa\u00f1\u00eda STJ","og_description":"O col\u00e9gio Santa Teresa de Jesus de Oviedo realiza a sua miss\u00e3o nesta cidade desde 1920. No ano 1981 o col\u00e9gio trasladou-se para o seu lugar atual no sop\u00e9 do [&hellip;]","og_url":"https:\/\/encompaniastj.org\/pt-pt\/colegio-santa-teresa-de-jesus-oviedo-fet\/","og_site_name":"En Compa\u00f1\u00eda STJ","article_published_time":"2019-12-23T16:20:08+00:00","article_modified_time":"2025-07-07T14:20:59+00:00","og_image":[{"width":1920,"height":1080,"url":"https:\/\/encompaniastj.org\/wp-content\/uploads\/2025\/05\/Oviedo-1.jpg","type":"image\/jpeg"}],"author":"admin","twitter_card":"summary_large_image","twitter_misc":{"Escrito por":"admin","Tempo estimado de leitura":"2 minutos"},"schema":{"@context":"https:\/\/schema.org","@graph":[{"@type":"Article","@id":"https:\/\/encompaniastj.org\/pt-pt\/colegio-santa-teresa-de-jesus-oviedo-fet\/#article","isPartOf":{"@id":"https:\/\/encompaniastj.org\/pt-pt\/colegio-santa-teresa-de-jesus-oviedo-fet\/"},"author":{"name":"admin","@id":"https:\/\/encompaniastj.org\/pt-pt\/#\/schema\/person\/520e7ecc314793d40091993c2a02b651"},"headline":"Col\u00e9gio Santa Teresa de Jesus \u2013 Oviedo (FET)","datePublished":"2019-12-23T16:20:08+00:00","dateModified":"2025-07-07T14:20:59+00:00","mainEntityOfPage":{"@id":"https:\/\/encompaniastj.org\/pt-pt\/colegio-santa-teresa-de-jesus-oviedo-fet\/"},"wordCount":420,"commentCount":0,"publisher":{"@id":"https:\/\/encompaniastj.org\/pt-pt\/#organization"},"image":{"@id":"https:\/\/encompaniastj.org\/pt-pt\/colegio-santa-teresa-de-jesus-oviedo-fet\/#primaryimage"},"thumbnailUrl":"https:\/\/encompaniastj.org\/wp-content\/uploads\/2025\/05\/Oviedo-1.jpg","articleSection":["Conhecemo-nos","Nos conocemos","Projetos","Proyectos"],"inLanguage":"pt-PT","potentialAction":[{"@type":"CommentAction","name":"Comment","target":["https:\/\/encompaniastj.org\/pt-pt\/colegio-santa-teresa-de-jesus-oviedo-fet\/#respond"]}]},{"@type":"WebPage","@id":"https:\/\/encompaniastj.org\/pt-pt\/colegio-santa-teresa-de-jesus-oviedo-fet\/","url":"https:\/\/encompaniastj.org\/pt-pt\/colegio-santa-teresa-de-jesus-oviedo-fet\/","name":"Col\u00e9gio Santa Teresa de Jesus \u2013 Oviedo (FET) - En Compa\u00f1\u00eda STJ","isPartOf":{"@id":"https:\/\/encompaniastj.org\/pt-pt\/#website"},"primaryImageOfPage":{"@id":"https:\/\/encompaniastj.org\/pt-pt\/colegio-santa-teresa-de-jesus-oviedo-fet\/#primaryimage"},"image":{"@id":"https:\/\/encompaniastj.org\/pt-pt\/colegio-santa-teresa-de-jesus-oviedo-fet\/#primaryimage"},"thumbnailUrl":"https:\/\/encompaniastj.org\/wp-content\/uploads\/2025\/05\/Oviedo-1.jpg","datePublished":"2019-12-23T16:20:08+00:00","dateModified":"2025-07-07T14:20:59+00:00","breadcrumb":{"@id":"https:\/\/encompaniastj.org\/pt-pt\/colegio-santa-teresa-de-jesus-oviedo-fet\/#breadcrumb"},"inLanguage":"pt-PT","potentialAction":[{"@type":"ReadAction","target":["https:\/\/encompaniastj.org\/pt-pt\/colegio-santa-teresa-de-jesus-oviedo-fet\/"]}]},{"@type":"ImageObject","inLanguage":"pt-PT","@id":"https:\/\/encompaniastj.org\/pt-pt\/colegio-santa-teresa-de-jesus-oviedo-fet\/#primaryimage","url":"https:\/\/encompaniastj.org\/wp-content\/uploads\/2025\/05\/Oviedo-1.jpg","contentUrl":"https:\/\/encompaniastj.org\/wp-content\/uploads\/2025\/05\/Oviedo-1.jpg","width":1920,"height":1080},{"@type":"BreadcrumbList","@id":"https:\/\/encompaniastj.org\/pt-pt\/colegio-santa-teresa-de-jesus-oviedo-fet\/#breadcrumb","itemListElement":[{"@type":"ListItem","position":1,"name":"Portada","item":"https:\/\/encompaniastj.org\/pt-pt\/"},{"@type":"ListItem","position":2,"name":"Col\u00e9gio Santa Teresa de Jesus \u2013 Oviedo (FET)"}]},{"@type":"WebSite","@id":"https:\/\/encompaniastj.org\/pt-pt\/#website","url":"https:\/\/encompaniastj.org\/pt-pt\/","name":"En Compa\u00f1\u00eda STJ","description":"Bolet\u00edn de la Compa\u00f1\u00eda de Santa Teresa de Jes\u00fas","publisher":{"@id":"https:\/\/encompaniastj.org\/pt-pt\/#organization"},"potentialAction":[{"@type":"SearchAction","target":{"@type":"EntryPoint","urlTemplate":"https:\/\/encompaniastj.org\/pt-pt\/?s={search_term_string}"},"query-input":{"@type":"PropertyValueSpecification","valueRequired":true,"valueName":"search_term_string"}}],"inLanguage":"pt-PT"},{"@type":"Organization","@id":"https:\/\/encompaniastj.org\/pt-pt\/#organization","name":"Compa\u00f1\u00eda de Santa Teresa de Jes\u00fas","url":"https:\/\/encompaniastj.org\/pt-pt\/","logo":{"@type":"ImageObject","inLanguage":"pt-PT","@id":"https:\/\/encompaniastj.org\/pt-pt\/#\/schema\/logo\/image\/","url":"https:\/\/encompaniastj.org\/wp-content\/uploads\/2025\/04\/logo_provincias02-1-3.png","contentUrl":"https:\/\/encompaniastj.org\/wp-content\/uploads\/2025\/04\/logo_provincias02-1-3.png","width":2368,"height":825,"caption":"Compa\u00f1\u00eda de Santa Teresa de Jes\u00fas"},"image":{"@id":"https:\/\/encompaniastj.org\/pt-pt\/#\/schema\/logo\/image\/"}},{"@type":"Person","@id":"https:\/\/encompaniastj.org\/pt-pt\/#\/schema\/person\/520e7ecc314793d40091993c2a02b651","name":"admin","image":{"@type":"ImageObject","inLanguage":"pt-PT","@id":"https:\/\/secure.gravatar.com\/avatar\/948b492cce32b586ac2db0eaa926ee87024f7afe218d73b397ea5ddfc5f43ea1?s=96&d=mm&r=g","url":"https:\/\/secure.gravatar.com\/avatar\/948b492cce32b586ac2db0eaa926ee87024f7afe218d73b397ea5ddfc5f43ea1?s=96&d=mm&r=g","contentUrl":"https:\/\/secure.gravatar.com\/avatar\/948b492cce32b586ac2db0eaa926ee87024f7afe218d73b397ea5ddfc5f43ea1?s=96&d=mm&r=g","caption":"admin"},"sameAs":["https:\/\/encompaniastj.org"],"url":"https:\/\/encompaniastj.org\/pt-pt\/author\/sjdigital\/"}]}},"_links":{"self":[{"href":"https:\/\/encompaniastj.org\/pt-pt\/wp-json\/wp\/v2\/posts\/9892","targetHints":{"allow":["GET"]}}],"collection":[{"href":"https:\/\/encompaniastj.org\/pt-pt\/wp-json\/wp\/v2\/posts"}],"about":[{"href":"https:\/\/encompaniastj.org\/pt-pt\/wp-json\/wp\/v2\/types\/post"}],"author":[{"embeddable":true,"href":"https:\/\/encompaniastj.org\/pt-pt\/wp-json\/wp\/v2\/users\/1"}],"replies":[{"embeddable":true,"href":"https:\/\/encompaniastj.org\/pt-pt\/wp-json\/wp\/v2\/comments?post=9892"}],"version-history":[{"count":1,"href":"https:\/\/encompaniastj.org\/pt-pt\/wp-json\/wp\/v2\/posts\/9892\/revisions"}],"predecessor-version":[{"id":9893,"href":"https:\/\/encompaniastj.org\/pt-pt\/wp-json\/wp\/v2\/posts\/9892\/revisions\/9893"}],"wp:featuredmedia":[{"embeddable":true,"href":"https:\/\/encompaniastj.org\/pt-pt\/wp-json\/wp\/v2\/media\/7243"}],"wp:attachment":[{"href":"https:\/\/encompaniastj.org\/pt-pt\/wp-json\/wp\/v2\/media?parent=9892"}],"wp:term":[{"taxonomy":"category","embeddable":true,"href":"https:\/\/encompaniastj.org\/pt-pt\/wp-json\/wp\/v2\/categories?post=9892"},{"taxonomy":"post_tag","embeddable":true,"href":"https:\/\/encompaniastj.org\/pt-pt\/wp-json\/wp\/v2\/tags?post=9892"}],"curies":[{"name":"wp","href":"https:\/\/api.w.org\/{rel}","templated":true}]}}