{"id":9888,"date":"2019-12-22T22:25:29","date_gmt":"2019-12-22T21:25:29","guid":{"rendered":"https:\/\/encompaniastj.org\/catequistas-e-mestras-de-oracao-riqueza-do-nosso-carisma\/"},"modified":"2025-07-07T16:20:59","modified_gmt":"2025-07-07T14:20:59","slug":"catequistas-e-mestras-de-oracao-riqueza-do-nosso-carisma","status":"publish","type":"post","link":"https:\/\/encompaniastj.org\/pt-pt\/catequistas-e-mestras-de-oracao-riqueza-do-nosso-carisma\/","title":{"rendered":"Catequistas e mestras de ora\u00e7\u00e3o \u2013 riqueza do nosso carisma."},"content":{"rendered":"\n<p>No m\u00eas de outubro, duas irm\u00e3s da prov\u00edncia, Resu Bazt\u00e1n e Neus Artacho, particip\u00e1mos num encontro de forma\u00e7\u00e3o em Vic (Barcelona). O pedido foi-nos feito pelo secretariado interdiocesano de catequese da Catalunha e Baleares. O tema que nos propuseram para partilhar, era \u201corar com os adultos\u201d. <\/p>\n\n<p>Como teresianas, como catequistas, sabemos que temos uma miss\u00e3o de Igreja: \u201cSer mensageiras da Boa Not\u00edcia\u201d e com uma atitude humilde de mestras e disc\u00edpulas, ao mesmo tempo, desenvolvemos o tema proposto.<\/p>\n\n<p>Insistimos em que n\u00e3o podemos transmitir aquilo que n\u00e3o experimentamos. Henrique de Oss\u00f3 e o Papa Francisco, ajudaram-nos com os seus testemunhos, atrav\u00e9s do \u201c Guia pr\u00e1tico do catequista\u201d, e o livro: \u201cSaiam a buscar cora\u00e7\u00f5es\u201d. <\/p>\n\n<p>Partindo da experi\u00eancia de cada um dos catequistas ali presentes, fizemos uma reflex\u00e3o com eles e convid\u00e1mo-los a perguntarem-se o que era para eles a ora\u00e7\u00e3o. Das suas respostas, e com a ajuda de Teresa de Jesus, fomos descobrindo e explicando a defini\u00e7\u00e3o <em>\u201cora\u00e7\u00e3o \u00e9 tratar de amizade com quem sabemos que nos ama\u201d<\/em>. Tamb\u00e9m, constat\u00e1mos as condi\u00e7\u00f5es que t\u00ednhamos que ter em conta para que se tornasse realidade: n\u00e3o olhar para as coisas exteriores, estar a s\u00f3s com quem sabemos que nos ama, pensar com quem vamos falar, representar o Senhor junto de n\u00f3s, olhar para Jesus\u2026<\/p>\n\n<p>Por fim, fizemos a experi\u00eancia de tudo o que t\u00ednhamos estado a falar na forma\u00e7\u00e3o, fazendo o Quarto de Hora de Ora\u00e7\u00e3o.<\/p>\n\n<p>Queremos terminar este texto, da mesma forma como acab\u00e1mos a forma\u00e7\u00e3o com os catequistas: <\/p>\n\n<p>Este encontro com Deus, com Jesus, h\u00e1-de levar-nos a ser mensageiros, testemunhas, como catequistas, da presen\u00e7a de Deus na nossa sociedade, de tal maneira a revelarmos que:<\/p>\n\n<p>-Temos a miss\u00e3o de <em>escutar e comunicar<\/em>, no nosso mundo, que Deus, \u00e9 um <em>Deus de Amor.<\/em><\/p>\n\n<p>-Temos a miss\u00e3o de <em>escutar e comunicar<\/em>, no nosso mundo, que Deus, \u00e9 um <em>Deus libertador.<\/em><\/p>\n\n<p><strong>\u00a0\u00a0\u00a0\u00a0\u00a0\u00a0\u00a0\u00a0\u00a0\u00a0\u00a0 <\/strong>Resu Baztan e Neus Artacho<\/p>\n\n<ul class=\"wp-block-gallery columns-2 is-cropped wp-block-gallery-1 is-layout-flex wp-block-gallery-is-layout-flex\">\n<li class=\"blocks-gallery-item\"><figure><a href=\"https:\/\/encompaniastj.org\/wp-content\/uploads\/2025\/05\/Ambientacion.jpg\"><img decoding=\"async\" src=\"https:\/\/encompaniastj.org\/wp-content\/uploads\/2025\/05\/Ambientacion.jpg\" alt=\"\" data-id=\"5721\" data-link=\"https:\/\/encompaniastj.org\/?attachment_id=5721\" class=\"wp-image-5721\"><\/a><\/figure><\/li>\n<li class=\"blocks-gallery-item\"><figure><a href=\"https:\/\/encompaniastj.org\/wp-content\/uploads\/2025\/05\/seminario-de-vic.jpg\"><img decoding=\"async\" src=\"https:\/\/encompaniastj.org\/wp-content\/uploads\/2025\/05\/seminario-de-vic.jpg\" alt=\"\" data-id=\"5719\" data-link=\"https:\/\/encompaniastj.org\/?attachment_id=5719\" class=\"wp-image-5719\"><\/a><\/figure><\/li>\n<\/ul>","protected":false},"excerpt":{"rendered":"<p>No m\u00eas de outubro, duas irm\u00e3s da prov\u00edncia, Resu Bazt\u00e1n e Neus Artacho, particip\u00e1mos num encontro de forma\u00e7\u00e3o em Vic (Barcelona). O pedido foi-nos feito pelo secretariado interdiocesano de catequese [&hellip;]<\/p>\n","protected":false},"author":1,"featured_media":7236,"comment_status":"open","ping_status":"open","sticky":false,"template":"","format":"standard","meta":{"_acf_changed":false,"footnotes":""},"categories":[61,80,78],"tags":[],"class_list":["post-9888","post","type-post","status-publish","format-standard","has-post-thumbnail","hentry","category-noticias","category-paroquial-eclesial","category-parroquial-eclesial"],"acf":[],"yoast_head":"<!-- This site is optimized with the Yoast SEO plugin v27.5 - https:\/\/yoast.com\/product\/yoast-seo-wordpress\/ -->\n<title>Catequistas e mestras de ora\u00e7\u00e3o \u2013 riqueza do nosso carisma. - En Compa\u00f1\u00eda STJ<\/title>\n<meta name=\"robots\" content=\"index, follow, max-snippet:-1, max-image-preview:large, max-video-preview:-1\" \/>\n<link rel=\"canonical\" href=\"https:\/\/encompaniastj.org\/pt-pt\/catequistas-e-mestras-de-oracao-riqueza-do-nosso-carisma\/\" \/>\n<meta property=\"og:locale\" content=\"pt_PT\" \/>\n<meta property=\"og:type\" content=\"article\" \/>\n<meta property=\"og:title\" content=\"Catequistas e mestras de ora\u00e7\u00e3o \u2013 riqueza do nosso carisma. - En Compa\u00f1\u00eda STJ\" \/>\n<meta property=\"og:description\" content=\"No m\u00eas de outubro, duas irm\u00e3s da prov\u00edncia, Resu Bazt\u00e1n e Neus Artacho, particip\u00e1mos num encontro de forma\u00e7\u00e3o em Vic (Barcelona). O pedido foi-nos feito pelo secretariado interdiocesano de catequese [&hellip;]\" \/>\n<meta property=\"og:url\" content=\"https:\/\/encompaniastj.org\/pt-pt\/catequistas-e-mestras-de-oracao-riqueza-do-nosso-carisma\/\" \/>\n<meta property=\"og:site_name\" content=\"En Compa\u00f1\u00eda STJ\" \/>\n<meta property=\"article:published_time\" content=\"2019-12-22T21:25:29+00:00\" \/>\n<meta property=\"article:modified_time\" content=\"2025-07-07T14:20:59+00:00\" \/>\n<meta property=\"og:image\" content=\"https:\/\/encompaniastj.org\/wp-content\/uploads\/2025\/05\/seminario-de-vic.jpg\" \/>\n\t<meta property=\"og:image:width\" content=\"927\" \/>\n\t<meta property=\"og:image:height\" content=\"521\" \/>\n\t<meta property=\"og:image:type\" content=\"image\/jpeg\" \/>\n<meta name=\"author\" content=\"admin\" \/>\n<meta name=\"twitter:card\" content=\"summary_large_image\" \/>\n<meta name=\"twitter:label1\" content=\"Escrito por\" \/>\n\t<meta name=\"twitter:data1\" content=\"admin\" \/>\n\t<meta name=\"twitter:label2\" content=\"Tempo estimado de leitura\" \/>\n\t<meta name=\"twitter:data2\" content=\"2 minutos\" \/>\n<script type=\"application\/ld+json\" class=\"yoast-schema-graph\">{\"@context\":\"https:\\\/\\\/schema.org\",\"@graph\":[{\"@type\":\"Article\",\"@id\":\"https:\\\/\\\/encompaniastj.org\\\/pt-pt\\\/catequistas-e-mestras-de-oracao-riqueza-do-nosso-carisma\\\/#article\",\"isPartOf\":{\"@id\":\"https:\\\/\\\/encompaniastj.org\\\/pt-pt\\\/catequistas-e-mestras-de-oracao-riqueza-do-nosso-carisma\\\/\"},\"author\":{\"name\":\"admin\",\"@id\":\"https:\\\/\\\/encompaniastj.org\\\/pt-pt\\\/#\\\/schema\\\/person\\\/520e7ecc314793d40091993c2a02b651\"},\"headline\":\"Catequistas e mestras de ora\u00e7\u00e3o \u2013 riqueza do nosso carisma.\",\"datePublished\":\"2019-12-22T21:25:29+00:00\",\"dateModified\":\"2025-07-07T14:20:59+00:00\",\"mainEntityOfPage\":{\"@id\":\"https:\\\/\\\/encompaniastj.org\\\/pt-pt\\\/catequistas-e-mestras-de-oracao-riqueza-do-nosso-carisma\\\/\"},\"wordCount\":356,\"commentCount\":0,\"publisher\":{\"@id\":\"https:\\\/\\\/encompaniastj.org\\\/pt-pt\\\/#organization\"},\"image\":{\"@id\":\"https:\\\/\\\/encompaniastj.org\\\/pt-pt\\\/catequistas-e-mestras-de-oracao-riqueza-do-nosso-carisma\\\/#primaryimage\"},\"thumbnailUrl\":\"https:\\\/\\\/encompaniastj.org\\\/wp-content\\\/uploads\\\/2025\\\/05\\\/seminario-de-vic.jpg\",\"articleSection\":[\"Noticias\",\"Paroquial - eclesial\",\"Parroquial - Eclesial\"],\"inLanguage\":\"pt-PT\",\"potentialAction\":[{\"@type\":\"CommentAction\",\"name\":\"Comment\",\"target\":[\"https:\\\/\\\/encompaniastj.org\\\/pt-pt\\\/catequistas-e-mestras-de-oracao-riqueza-do-nosso-carisma\\\/#respond\"]}]},{\"@type\":\"WebPage\",\"@id\":\"https:\\\/\\\/encompaniastj.org\\\/pt-pt\\\/catequistas-e-mestras-de-oracao-riqueza-do-nosso-carisma\\\/\",\"url\":\"https:\\\/\\\/encompaniastj.org\\\/pt-pt\\\/catequistas-e-mestras-de-oracao-riqueza-do-nosso-carisma\\\/\",\"name\":\"Catequistas e mestras de ora\u00e7\u00e3o \u2013 riqueza do nosso carisma. - En Compa\u00f1\u00eda STJ\",\"isPartOf\":{\"@id\":\"https:\\\/\\\/encompaniastj.org\\\/pt-pt\\\/#website\"},\"primaryImageOfPage\":{\"@id\":\"https:\\\/\\\/encompaniastj.org\\\/pt-pt\\\/catequistas-e-mestras-de-oracao-riqueza-do-nosso-carisma\\\/#primaryimage\"},\"image\":{\"@id\":\"https:\\\/\\\/encompaniastj.org\\\/pt-pt\\\/catequistas-e-mestras-de-oracao-riqueza-do-nosso-carisma\\\/#primaryimage\"},\"thumbnailUrl\":\"https:\\\/\\\/encompaniastj.org\\\/wp-content\\\/uploads\\\/2025\\\/05\\\/seminario-de-vic.jpg\",\"datePublished\":\"2019-12-22T21:25:29+00:00\",\"dateModified\":\"2025-07-07T14:20:59+00:00\",\"breadcrumb\":{\"@id\":\"https:\\\/\\\/encompaniastj.org\\\/pt-pt\\\/catequistas-e-mestras-de-oracao-riqueza-do-nosso-carisma\\\/#breadcrumb\"},\"inLanguage\":\"pt-PT\",\"potentialAction\":[{\"@type\":\"ReadAction\",\"target\":[\"https:\\\/\\\/encompaniastj.org\\\/pt-pt\\\/catequistas-e-mestras-de-oracao-riqueza-do-nosso-carisma\\\/\"]}]},{\"@type\":\"ImageObject\",\"inLanguage\":\"pt-PT\",\"@id\":\"https:\\\/\\\/encompaniastj.org\\\/pt-pt\\\/catequistas-e-mestras-de-oracao-riqueza-do-nosso-carisma\\\/#primaryimage\",\"url\":\"https:\\\/\\\/encompaniastj.org\\\/wp-content\\\/uploads\\\/2025\\\/05\\\/seminario-de-vic.jpg\",\"contentUrl\":\"https:\\\/\\\/encompaniastj.org\\\/wp-content\\\/uploads\\\/2025\\\/05\\\/seminario-de-vic.jpg\",\"width\":927,\"height\":521},{\"@type\":\"BreadcrumbList\",\"@id\":\"https:\\\/\\\/encompaniastj.org\\\/pt-pt\\\/catequistas-e-mestras-de-oracao-riqueza-do-nosso-carisma\\\/#breadcrumb\",\"itemListElement\":[{\"@type\":\"ListItem\",\"position\":1,\"name\":\"Portada\",\"item\":\"https:\\\/\\\/encompaniastj.org\\\/pt-pt\\\/\"},{\"@type\":\"ListItem\",\"position\":2,\"name\":\"Catequistas e mestras de ora\u00e7\u00e3o \u2013 riqueza do nosso carisma.\"}]},{\"@type\":\"WebSite\",\"@id\":\"https:\\\/\\\/encompaniastj.org\\\/pt-pt\\\/#website\",\"url\":\"https:\\\/\\\/encompaniastj.org\\\/pt-pt\\\/\",\"name\":\"En Compa\u00f1\u00eda STJ\",\"description\":\"Bolet\u00edn de la Compa\u00f1\u00eda de Santa Teresa de Jes\u00fas\",\"publisher\":{\"@id\":\"https:\\\/\\\/encompaniastj.org\\\/pt-pt\\\/#organization\"},\"potentialAction\":[{\"@type\":\"SearchAction\",\"target\":{\"@type\":\"EntryPoint\",\"urlTemplate\":\"https:\\\/\\\/encompaniastj.org\\\/pt-pt\\\/?s={search_term_string}\"},\"query-input\":{\"@type\":\"PropertyValueSpecification\",\"valueRequired\":true,\"valueName\":\"search_term_string\"}}],\"inLanguage\":\"pt-PT\"},{\"@type\":\"Organization\",\"@id\":\"https:\\\/\\\/encompaniastj.org\\\/pt-pt\\\/#organization\",\"name\":\"Compa\u00f1\u00eda de Santa Teresa de Jes\u00fas\",\"url\":\"https:\\\/\\\/encompaniastj.org\\\/pt-pt\\\/\",\"logo\":{\"@type\":\"ImageObject\",\"inLanguage\":\"pt-PT\",\"@id\":\"https:\\\/\\\/encompaniastj.org\\\/pt-pt\\\/#\\\/schema\\\/logo\\\/image\\\/\",\"url\":\"https:\\\/\\\/encompaniastj.org\\\/wp-content\\\/uploads\\\/2025\\\/04\\\/logo_provincias02-1-3.png\",\"contentUrl\":\"https:\\\/\\\/encompaniastj.org\\\/wp-content\\\/uploads\\\/2025\\\/04\\\/logo_provincias02-1-3.png\",\"width\":2368,\"height\":825,\"caption\":\"Compa\u00f1\u00eda de Santa Teresa de Jes\u00fas\"},\"image\":{\"@id\":\"https:\\\/\\\/encompaniastj.org\\\/pt-pt\\\/#\\\/schema\\\/logo\\\/image\\\/\"}},{\"@type\":\"Person\",\"@id\":\"https:\\\/\\\/encompaniastj.org\\\/pt-pt\\\/#\\\/schema\\\/person\\\/520e7ecc314793d40091993c2a02b651\",\"name\":\"admin\",\"image\":{\"@type\":\"ImageObject\",\"inLanguage\":\"pt-PT\",\"@id\":\"https:\\\/\\\/secure.gravatar.com\\\/avatar\\\/948b492cce32b586ac2db0eaa926ee87024f7afe218d73b397ea5ddfc5f43ea1?s=96&d=mm&r=g\",\"url\":\"https:\\\/\\\/secure.gravatar.com\\\/avatar\\\/948b492cce32b586ac2db0eaa926ee87024f7afe218d73b397ea5ddfc5f43ea1?s=96&d=mm&r=g\",\"contentUrl\":\"https:\\\/\\\/secure.gravatar.com\\\/avatar\\\/948b492cce32b586ac2db0eaa926ee87024f7afe218d73b397ea5ddfc5f43ea1?s=96&d=mm&r=g\",\"caption\":\"admin\"},\"sameAs\":[\"https:\\\/\\\/encompaniastj.org\"],\"url\":\"https:\\\/\\\/encompaniastj.org\\\/pt-pt\\\/author\\\/sjdigital\\\/\"}]}<\/script>\n<!-- \/ Yoast SEO plugin. -->","yoast_head_json":{"title":"Catequistas e mestras de ora\u00e7\u00e3o \u2013 riqueza do nosso carisma. - En Compa\u00f1\u00eda STJ","robots":{"index":"index","follow":"follow","max-snippet":"max-snippet:-1","max-image-preview":"max-image-preview:large","max-video-preview":"max-video-preview:-1"},"canonical":"https:\/\/encompaniastj.org\/pt-pt\/catequistas-e-mestras-de-oracao-riqueza-do-nosso-carisma\/","og_locale":"pt_PT","og_type":"article","og_title":"Catequistas e mestras de ora\u00e7\u00e3o \u2013 riqueza do nosso carisma. - En Compa\u00f1\u00eda STJ","og_description":"No m\u00eas de outubro, duas irm\u00e3s da prov\u00edncia, Resu Bazt\u00e1n e Neus Artacho, particip\u00e1mos num encontro de forma\u00e7\u00e3o em Vic (Barcelona). O pedido foi-nos feito pelo secretariado interdiocesano de catequese [&hellip;]","og_url":"https:\/\/encompaniastj.org\/pt-pt\/catequistas-e-mestras-de-oracao-riqueza-do-nosso-carisma\/","og_site_name":"En Compa\u00f1\u00eda STJ","article_published_time":"2019-12-22T21:25:29+00:00","article_modified_time":"2025-07-07T14:20:59+00:00","og_image":[{"width":927,"height":521,"url":"https:\/\/encompaniastj.org\/wp-content\/uploads\/2025\/05\/seminario-de-vic.jpg","type":"image\/jpeg"}],"author":"admin","twitter_card":"summary_large_image","twitter_misc":{"Escrito por":"admin","Tempo estimado de leitura":"2 minutos"},"schema":{"@context":"https:\/\/schema.org","@graph":[{"@type":"Article","@id":"https:\/\/encompaniastj.org\/pt-pt\/catequistas-e-mestras-de-oracao-riqueza-do-nosso-carisma\/#article","isPartOf":{"@id":"https:\/\/encompaniastj.org\/pt-pt\/catequistas-e-mestras-de-oracao-riqueza-do-nosso-carisma\/"},"author":{"name":"admin","@id":"https:\/\/encompaniastj.org\/pt-pt\/#\/schema\/person\/520e7ecc314793d40091993c2a02b651"},"headline":"Catequistas e mestras de ora\u00e7\u00e3o \u2013 riqueza do nosso carisma.","datePublished":"2019-12-22T21:25:29+00:00","dateModified":"2025-07-07T14:20:59+00:00","mainEntityOfPage":{"@id":"https:\/\/encompaniastj.org\/pt-pt\/catequistas-e-mestras-de-oracao-riqueza-do-nosso-carisma\/"},"wordCount":356,"commentCount":0,"publisher":{"@id":"https:\/\/encompaniastj.org\/pt-pt\/#organization"},"image":{"@id":"https:\/\/encompaniastj.org\/pt-pt\/catequistas-e-mestras-de-oracao-riqueza-do-nosso-carisma\/#primaryimage"},"thumbnailUrl":"https:\/\/encompaniastj.org\/wp-content\/uploads\/2025\/05\/seminario-de-vic.jpg","articleSection":["Noticias","Paroquial - eclesial","Parroquial - Eclesial"],"inLanguage":"pt-PT","potentialAction":[{"@type":"CommentAction","name":"Comment","target":["https:\/\/encompaniastj.org\/pt-pt\/catequistas-e-mestras-de-oracao-riqueza-do-nosso-carisma\/#respond"]}]},{"@type":"WebPage","@id":"https:\/\/encompaniastj.org\/pt-pt\/catequistas-e-mestras-de-oracao-riqueza-do-nosso-carisma\/","url":"https:\/\/encompaniastj.org\/pt-pt\/catequistas-e-mestras-de-oracao-riqueza-do-nosso-carisma\/","name":"Catequistas e mestras de ora\u00e7\u00e3o \u2013 riqueza do nosso carisma. - En Compa\u00f1\u00eda STJ","isPartOf":{"@id":"https:\/\/encompaniastj.org\/pt-pt\/#website"},"primaryImageOfPage":{"@id":"https:\/\/encompaniastj.org\/pt-pt\/catequistas-e-mestras-de-oracao-riqueza-do-nosso-carisma\/#primaryimage"},"image":{"@id":"https:\/\/encompaniastj.org\/pt-pt\/catequistas-e-mestras-de-oracao-riqueza-do-nosso-carisma\/#primaryimage"},"thumbnailUrl":"https:\/\/encompaniastj.org\/wp-content\/uploads\/2025\/05\/seminario-de-vic.jpg","datePublished":"2019-12-22T21:25:29+00:00","dateModified":"2025-07-07T14:20:59+00:00","breadcrumb":{"@id":"https:\/\/encompaniastj.org\/pt-pt\/catequistas-e-mestras-de-oracao-riqueza-do-nosso-carisma\/#breadcrumb"},"inLanguage":"pt-PT","potentialAction":[{"@type":"ReadAction","target":["https:\/\/encompaniastj.org\/pt-pt\/catequistas-e-mestras-de-oracao-riqueza-do-nosso-carisma\/"]}]},{"@type":"ImageObject","inLanguage":"pt-PT","@id":"https:\/\/encompaniastj.org\/pt-pt\/catequistas-e-mestras-de-oracao-riqueza-do-nosso-carisma\/#primaryimage","url":"https:\/\/encompaniastj.org\/wp-content\/uploads\/2025\/05\/seminario-de-vic.jpg","contentUrl":"https:\/\/encompaniastj.org\/wp-content\/uploads\/2025\/05\/seminario-de-vic.jpg","width":927,"height":521},{"@type":"BreadcrumbList","@id":"https:\/\/encompaniastj.org\/pt-pt\/catequistas-e-mestras-de-oracao-riqueza-do-nosso-carisma\/#breadcrumb","itemListElement":[{"@type":"ListItem","position":1,"name":"Portada","item":"https:\/\/encompaniastj.org\/pt-pt\/"},{"@type":"ListItem","position":2,"name":"Catequistas e mestras de ora\u00e7\u00e3o \u2013 riqueza do nosso carisma."}]},{"@type":"WebSite","@id":"https:\/\/encompaniastj.org\/pt-pt\/#website","url":"https:\/\/encompaniastj.org\/pt-pt\/","name":"En Compa\u00f1\u00eda STJ","description":"Bolet\u00edn de la Compa\u00f1\u00eda de Santa Teresa de Jes\u00fas","publisher":{"@id":"https:\/\/encompaniastj.org\/pt-pt\/#organization"},"potentialAction":[{"@type":"SearchAction","target":{"@type":"EntryPoint","urlTemplate":"https:\/\/encompaniastj.org\/pt-pt\/?s={search_term_string}"},"query-input":{"@type":"PropertyValueSpecification","valueRequired":true,"valueName":"search_term_string"}}],"inLanguage":"pt-PT"},{"@type":"Organization","@id":"https:\/\/encompaniastj.org\/pt-pt\/#organization","name":"Compa\u00f1\u00eda de Santa Teresa de Jes\u00fas","url":"https:\/\/encompaniastj.org\/pt-pt\/","logo":{"@type":"ImageObject","inLanguage":"pt-PT","@id":"https:\/\/encompaniastj.org\/pt-pt\/#\/schema\/logo\/image\/","url":"https:\/\/encompaniastj.org\/wp-content\/uploads\/2025\/04\/logo_provincias02-1-3.png","contentUrl":"https:\/\/encompaniastj.org\/wp-content\/uploads\/2025\/04\/logo_provincias02-1-3.png","width":2368,"height":825,"caption":"Compa\u00f1\u00eda de Santa Teresa de Jes\u00fas"},"image":{"@id":"https:\/\/encompaniastj.org\/pt-pt\/#\/schema\/logo\/image\/"}},{"@type":"Person","@id":"https:\/\/encompaniastj.org\/pt-pt\/#\/schema\/person\/520e7ecc314793d40091993c2a02b651","name":"admin","image":{"@type":"ImageObject","inLanguage":"pt-PT","@id":"https:\/\/secure.gravatar.com\/avatar\/948b492cce32b586ac2db0eaa926ee87024f7afe218d73b397ea5ddfc5f43ea1?s=96&d=mm&r=g","url":"https:\/\/secure.gravatar.com\/avatar\/948b492cce32b586ac2db0eaa926ee87024f7afe218d73b397ea5ddfc5f43ea1?s=96&d=mm&r=g","contentUrl":"https:\/\/secure.gravatar.com\/avatar\/948b492cce32b586ac2db0eaa926ee87024f7afe218d73b397ea5ddfc5f43ea1?s=96&d=mm&r=g","caption":"admin"},"sameAs":["https:\/\/encompaniastj.org"],"url":"https:\/\/encompaniastj.org\/pt-pt\/author\/sjdigital\/"}]}},"_links":{"self":[{"href":"https:\/\/encompaniastj.org\/pt-pt\/wp-json\/wp\/v2\/posts\/9888","targetHints":{"allow":["GET"]}}],"collection":[{"href":"https:\/\/encompaniastj.org\/pt-pt\/wp-json\/wp\/v2\/posts"}],"about":[{"href":"https:\/\/encompaniastj.org\/pt-pt\/wp-json\/wp\/v2\/types\/post"}],"author":[{"embeddable":true,"href":"https:\/\/encompaniastj.org\/pt-pt\/wp-json\/wp\/v2\/users\/1"}],"replies":[{"embeddable":true,"href":"https:\/\/encompaniastj.org\/pt-pt\/wp-json\/wp\/v2\/comments?post=9888"}],"version-history":[{"count":1,"href":"https:\/\/encompaniastj.org\/pt-pt\/wp-json\/wp\/v2\/posts\/9888\/revisions"}],"predecessor-version":[{"id":9889,"href":"https:\/\/encompaniastj.org\/pt-pt\/wp-json\/wp\/v2\/posts\/9888\/revisions\/9889"}],"wp:featuredmedia":[{"embeddable":true,"href":"https:\/\/encompaniastj.org\/pt-pt\/wp-json\/wp\/v2\/media\/7236"}],"wp:attachment":[{"href":"https:\/\/encompaniastj.org\/pt-pt\/wp-json\/wp\/v2\/media?parent=9888"}],"wp:term":[{"taxonomy":"category","embeddable":true,"href":"https:\/\/encompaniastj.org\/pt-pt\/wp-json\/wp\/v2\/categories?post=9888"},{"taxonomy":"post_tag","embeddable":true,"href":"https:\/\/encompaniastj.org\/pt-pt\/wp-json\/wp\/v2\/tags?post=9888"}],"curies":[{"name":"wp","href":"https:\/\/api.w.org\/{rel}","templated":true}]}}