{"id":9880,"date":"2019-11-26T16:31:49","date_gmt":"2019-11-26T15:31:49","guid":{"rendered":"https:\/\/encompaniastj.org\/segundo-o-dom-que-deus-me-deu\/"},"modified":"2025-07-07T16:20:58","modified_gmt":"2025-07-07T14:20:58","slug":"segundo-o-dom-que-deus-me-deu","status":"publish","type":"post","link":"https:\/\/encompaniastj.org\/pt-pt\/segundo-o-dom-que-deus-me-deu\/","title":{"rendered":"\u201cSegundo o dom que Deus me deu\u201d"},"content":{"rendered":"\n<p>Quando escrevo, o Papa est\u00e1 na Tail\u00e2ndia e amanh\u00e3 vai para o Jap\u00e3o \u2026 se olh\u00e1ssemos para a sua idade, dir\u00edamos, - que loucura! Mas, conhecendo \u201ca idade\u201d do seu cora\u00e7\u00e3o apost\u00f3lico e mission\u00e1rio, n\u00f3s agradecemos a sua inquieta\u00e7\u00e3o evangelizadora e a coer\u00eancia com a miss\u00e3o recebida, a sua proximidade aos pequenos e mais fr\u00e1geis e a valentia para lhes dar voz e visibiliz\u00e1-los\u2026 esse \u00e9 o seu dom.<\/p>\n\n<p>Dizemos no nosso projeto de miss\u00e3o: Seremos Boa Not\u00edcia \u201cSe gravarmos unicamente no nosso cora\u00e7\u00e3o que a \u00fanica coisa necess\u00e1ria, a que estamos chamadas por voca\u00e7\u00e3o,<em> \u00e9 manter viva a mem\u00f3ria de Jesus, conhec\u00ea-lo e am\u00e1-lo, e torn\u00e1-lo conhecido e amado <\/em>\u201d. Este \u00e9 o dom do nosso carisma teresiano e da nossa miss\u00e3o\u2026 como viv\u00ea-lo no dia-a-dia? Como ajudar-nos a reconhecer e agradecer os dons recebidos e oferec\u00ea-los juntamente com outros, onde vivemos?<\/p>\n\n<p>Diz Paulo aos cor\u00edntios: \u201cN\u00f3s somos colaboradores de Deus, v\u00f3s sois louvor de Deus e constru\u00e7\u00e3o de Deus. Segundo a gra\u00e7a de Deus que me foi dada, eu como s\u00e1bio arquitecto, assentei o alicerce. Mas outro edifica sobre ele. Veja cada um, como edifica\u201d. Antes j\u00e1 tinha dito: \u201cEu plantei, Apolo regou, mas era Deus quem fazia crescer. Assim que n\u00e3o conta quem planta, nem quem rega, mas s\u00f3 Deus que faz crescer\u201d. Cada um segundo o dom de Deus.<\/p>\n\n<p>Chega o tempo de Advento e dispomo-nos, como esses \u201ccolaboradores de Deus\u201d, a preparar o seu caminho e a nossa terra. Acolheremos palavras de esperan\u00e7a que se concretizam em estimular-nos a despertar, em <em>forjar arados das espadas e das lan\u00e7as tesouras da poda<\/em>, em caminhar para a luz e na paz, em conduzir-nos com dignidade e buscar a dos outros; em viver com olhar atento e pacificador, em tomar consci\u00eancia de como nos situamos na vida, e eleger sempre, o modo de Jesus\u2026<\/p>\n\n<p>Nisto de concretizar, S. Paulo dizia assim: \u201cNingu\u00e9m pode p\u00f4r outro alicerce, diferente daquele que p\u00f4s Jesus Cristo. Sobre esse alicerce um coloca ouro, outro prata, pedras preciosas, madeira, erva, palha\u201d\u2026 segundo o dom recebido. D\u00e1rio Moll\u00e1 sj, falava tamb\u00e9m de concretizar o amor e com disposi\u00e7\u00e3o de viver em discernimento com estes sinais na vida quotidiana: agradecimento do que se busca na entrega e no servi\u00e7o, ora\u00e7\u00e3o para assimilar os crit\u00e9rios evang\u00e9licos contemplando a Jesus e enriquecer-nos com os seus sentimentos e atitudes, com a escuta que nos faz estar presentes sem pressas e atentos aos batimentos do cora\u00e7\u00e3o da outra pessoa e humildade que me faz reconhecer o que sou e recebo e me disp\u00f5e novamente a agradecer\u2026<\/p>\n\n<p>Henrique de Oss\u00f3 falava de construir juntos com estes \u201cmateriais\u201d recebidos \u2013 ele chamava-lhe o caudal: <em>\u201c<\/em><em>Ao tratar de se organizar, de ordenar, de edificar, n\u00e3o se deve descurar o que h\u00e1-de contribuir mais eficazmente para manter a uni\u00e3o neste organismo; o que h\u00e1-de unir as pedras para levantar o edif\u00edcio\u201d\u2026 <\/em>segundo o dom que Deus me deu. Ajudamo-nos, cada uma e juntas a reconhec\u00ea-lo e agradec\u00ea-lo?<\/p>\n\n<p>Sim, juntas! Assim o dissemos no projecto de miss\u00e3o ao olharmo-nos como nova prov\u00edncia: \u201cse queremos revitalizar a vida da Companhia nas nossas realidades, s\u00f3 podemos faz\u00ea-lo juntas, unidas e, sobretudo, tendo como certo, que o que nos motiva \u00e9 a miss\u00e3o. \u00c9 ela a que d\u00e1 sentido a toda a nossa vida, a todo o nosso ser e agir\u201d\u2026 segundo o dom que Deus nos deu. \n<\/p>\n\n<p>Irm\u00e3 Isabel del Valle, stj<\/p>\n","protected":false},"excerpt":{"rendered":"<p>Quando escrevo, o Papa est\u00e1 na Tail\u00e2ndia e amanh\u00e3 vai para o Jap\u00e3o \u2026 se olh\u00e1ssemos para a sua idade, dir\u00edamos, - que loucura! Mas, conhecendo \u201ca idade\u201d do seu [&hellip;]<\/p>\n","protected":false},"author":1,"featured_media":7230,"comment_status":"open","ping_status":"open","sticky":false,"template":"","format":"standard","meta":{"_acf_changed":false,"_et_pb_use_builder":"","_et_pb_old_content":"","_et_gb_content_width":"","footnotes":""},"categories":[77],"tags":[],"class_list":["post-9880","post","type-post","status-publish","format-standard","has-post-thumbnail","hentry","category-palabras"],"acf":[],"yoast_head":"<!-- This site is optimized with the Yoast SEO plugin v27.5 - https:\/\/yoast.com\/product\/yoast-seo-wordpress\/ -->\n<title>\u201cSegundo o dom que Deus me deu\u201d - En Compa\u00f1\u00eda STJ<\/title>\n<meta name=\"robots\" content=\"index, follow, max-snippet:-1, max-image-preview:large, max-video-preview:-1\" \/>\n<link rel=\"canonical\" href=\"https:\/\/encompaniastj.org\/pt-pt\/segundo-o-dom-que-deus-me-deu\/\" \/>\n<meta property=\"og:locale\" content=\"pt_PT\" \/>\n<meta property=\"og:type\" content=\"article\" \/>\n<meta property=\"og:title\" content=\"\u201cSegundo o dom que Deus me deu\u201d - En Compa\u00f1\u00eda STJ\" \/>\n<meta property=\"og:description\" content=\"Quando escrevo, o Papa est\u00e1 na Tail\u00e2ndia e amanh\u00e3 vai para o Jap\u00e3o \u2026 se olh\u00e1ssemos para a sua idade, dir\u00edamos, - que loucura! Mas, conhecendo \u201ca idade\u201d do seu [&hellip;]\" \/>\n<meta property=\"og:url\" content=\"https:\/\/encompaniastj.org\/pt-pt\/segundo-o-dom-que-deus-me-deu\/\" \/>\n<meta property=\"og:site_name\" content=\"En Compa\u00f1\u00eda STJ\" \/>\n<meta property=\"article:published_time\" content=\"2019-11-26T15:31:49+00:00\" \/>\n<meta property=\"article:modified_time\" content=\"2025-07-07T14:20:58+00:00\" \/>\n<meta property=\"og:image\" content=\"https:\/\/encompaniastj.org\/wp-content\/uploads\/2025\/05\/regalo-de-Dios.jpg\" \/>\n\t<meta property=\"og:image:width\" content=\"1280\" \/>\n\t<meta property=\"og:image:height\" content=\"853\" \/>\n\t<meta property=\"og:image:type\" content=\"image\/jpeg\" \/>\n<meta name=\"author\" content=\"admin\" \/>\n<meta name=\"twitter:card\" content=\"summary_large_image\" \/>\n<meta name=\"twitter:label1\" content=\"Escrito por\" \/>\n\t<meta name=\"twitter:data1\" content=\"admin\" \/>\n\t<meta name=\"twitter:label2\" content=\"Tempo estimado de leitura\" \/>\n\t<meta name=\"twitter:data2\" content=\"3 minutos\" \/>\n<script type=\"application\/ld+json\" class=\"yoast-schema-graph\">{\"@context\":\"https:\\\/\\\/schema.org\",\"@graph\":[{\"@type\":\"Article\",\"@id\":\"https:\\\/\\\/encompaniastj.org\\\/pt-pt\\\/segundo-o-dom-que-deus-me-deu\\\/#article\",\"isPartOf\":{\"@id\":\"https:\\\/\\\/encompaniastj.org\\\/pt-pt\\\/segundo-o-dom-que-deus-me-deu\\\/\"},\"author\":{\"name\":\"admin\",\"@id\":\"https:\\\/\\\/encompaniastj.org\\\/pt-pt\\\/#\\\/schema\\\/person\\\/520e7ecc314793d40091993c2a02b651\"},\"headline\":\"\u201cSegundo o dom que Deus me deu\u201d\",\"datePublished\":\"2019-11-26T15:31:49+00:00\",\"dateModified\":\"2025-07-07T14:20:58+00:00\",\"mainEntityOfPage\":{\"@id\":\"https:\\\/\\\/encompaniastj.org\\\/pt-pt\\\/segundo-o-dom-que-deus-me-deu\\\/\"},\"wordCount\":622,\"commentCount\":0,\"publisher\":{\"@id\":\"https:\\\/\\\/encompaniastj.org\\\/pt-pt\\\/#organization\"},\"image\":{\"@id\":\"https:\\\/\\\/encompaniastj.org\\\/pt-pt\\\/segundo-o-dom-que-deus-me-deu\\\/#primaryimage\"},\"thumbnailUrl\":\"https:\\\/\\\/encompaniastj.org\\\/wp-content\\\/uploads\\\/2025\\\/05\\\/regalo-de-Dios.jpg\",\"articleSection\":[\"Palabras\"],\"inLanguage\":\"pt-PT\",\"potentialAction\":[{\"@type\":\"CommentAction\",\"name\":\"Comment\",\"target\":[\"https:\\\/\\\/encompaniastj.org\\\/pt-pt\\\/segundo-o-dom-que-deus-me-deu\\\/#respond\"]}]},{\"@type\":\"WebPage\",\"@id\":\"https:\\\/\\\/encompaniastj.org\\\/pt-pt\\\/segundo-o-dom-que-deus-me-deu\\\/\",\"url\":\"https:\\\/\\\/encompaniastj.org\\\/pt-pt\\\/segundo-o-dom-que-deus-me-deu\\\/\",\"name\":\"\u201cSegundo o dom que Deus me deu\u201d - En Compa\u00f1\u00eda STJ\",\"isPartOf\":{\"@id\":\"https:\\\/\\\/encompaniastj.org\\\/pt-pt\\\/#website\"},\"primaryImageOfPage\":{\"@id\":\"https:\\\/\\\/encompaniastj.org\\\/pt-pt\\\/segundo-o-dom-que-deus-me-deu\\\/#primaryimage\"},\"image\":{\"@id\":\"https:\\\/\\\/encompaniastj.org\\\/pt-pt\\\/segundo-o-dom-que-deus-me-deu\\\/#primaryimage\"},\"thumbnailUrl\":\"https:\\\/\\\/encompaniastj.org\\\/wp-content\\\/uploads\\\/2025\\\/05\\\/regalo-de-Dios.jpg\",\"datePublished\":\"2019-11-26T15:31:49+00:00\",\"dateModified\":\"2025-07-07T14:20:58+00:00\",\"breadcrumb\":{\"@id\":\"https:\\\/\\\/encompaniastj.org\\\/pt-pt\\\/segundo-o-dom-que-deus-me-deu\\\/#breadcrumb\"},\"inLanguage\":\"pt-PT\",\"potentialAction\":[{\"@type\":\"ReadAction\",\"target\":[\"https:\\\/\\\/encompaniastj.org\\\/pt-pt\\\/segundo-o-dom-que-deus-me-deu\\\/\"]}]},{\"@type\":\"ImageObject\",\"inLanguage\":\"pt-PT\",\"@id\":\"https:\\\/\\\/encompaniastj.org\\\/pt-pt\\\/segundo-o-dom-que-deus-me-deu\\\/#primaryimage\",\"url\":\"https:\\\/\\\/encompaniastj.org\\\/wp-content\\\/uploads\\\/2025\\\/05\\\/regalo-de-Dios.jpg\",\"contentUrl\":\"https:\\\/\\\/encompaniastj.org\\\/wp-content\\\/uploads\\\/2025\\\/05\\\/regalo-de-Dios.jpg\",\"width\":1280,\"height\":853},{\"@type\":\"BreadcrumbList\",\"@id\":\"https:\\\/\\\/encompaniastj.org\\\/pt-pt\\\/segundo-o-dom-que-deus-me-deu\\\/#breadcrumb\",\"itemListElement\":[{\"@type\":\"ListItem\",\"position\":1,\"name\":\"Portada\",\"item\":\"https:\\\/\\\/encompaniastj.org\\\/pt-pt\\\/\"},{\"@type\":\"ListItem\",\"position\":2,\"name\":\"\u201cSegundo o dom que Deus me deu\u201d\"}]},{\"@type\":\"WebSite\",\"@id\":\"https:\\\/\\\/encompaniastj.org\\\/pt-pt\\\/#website\",\"url\":\"https:\\\/\\\/encompaniastj.org\\\/pt-pt\\\/\",\"name\":\"En Compa\u00f1\u00eda STJ\",\"description\":\"Bolet\u00edn de la Compa\u00f1\u00eda de Santa Teresa de Jes\u00fas\",\"publisher\":{\"@id\":\"https:\\\/\\\/encompaniastj.org\\\/pt-pt\\\/#organization\"},\"potentialAction\":[{\"@type\":\"SearchAction\",\"target\":{\"@type\":\"EntryPoint\",\"urlTemplate\":\"https:\\\/\\\/encompaniastj.org\\\/pt-pt\\\/?s={search_term_string}\"},\"query-input\":{\"@type\":\"PropertyValueSpecification\",\"valueRequired\":true,\"valueName\":\"search_term_string\"}}],\"inLanguage\":\"pt-PT\"},{\"@type\":\"Organization\",\"@id\":\"https:\\\/\\\/encompaniastj.org\\\/pt-pt\\\/#organization\",\"name\":\"Compa\u00f1\u00eda de Santa Teresa de Jes\u00fas\",\"url\":\"https:\\\/\\\/encompaniastj.org\\\/pt-pt\\\/\",\"logo\":{\"@type\":\"ImageObject\",\"inLanguage\":\"pt-PT\",\"@id\":\"https:\\\/\\\/encompaniastj.org\\\/pt-pt\\\/#\\\/schema\\\/logo\\\/image\\\/\",\"url\":\"https:\\\/\\\/encompaniastj.org\\\/wp-content\\\/uploads\\\/2025\\\/04\\\/logo_provincias02-1-3.png\",\"contentUrl\":\"https:\\\/\\\/encompaniastj.org\\\/wp-content\\\/uploads\\\/2025\\\/04\\\/logo_provincias02-1-3.png\",\"width\":2368,\"height\":825,\"caption\":\"Compa\u00f1\u00eda de Santa Teresa de Jes\u00fas\"},\"image\":{\"@id\":\"https:\\\/\\\/encompaniastj.org\\\/pt-pt\\\/#\\\/schema\\\/logo\\\/image\\\/\"}},{\"@type\":\"Person\",\"@id\":\"https:\\\/\\\/encompaniastj.org\\\/pt-pt\\\/#\\\/schema\\\/person\\\/520e7ecc314793d40091993c2a02b651\",\"name\":\"admin\",\"image\":{\"@type\":\"ImageObject\",\"inLanguage\":\"pt-PT\",\"@id\":\"https:\\\/\\\/secure.gravatar.com\\\/avatar\\\/948b492cce32b586ac2db0eaa926ee87024f7afe218d73b397ea5ddfc5f43ea1?s=96&d=mm&r=g\",\"url\":\"https:\\\/\\\/secure.gravatar.com\\\/avatar\\\/948b492cce32b586ac2db0eaa926ee87024f7afe218d73b397ea5ddfc5f43ea1?s=96&d=mm&r=g\",\"contentUrl\":\"https:\\\/\\\/secure.gravatar.com\\\/avatar\\\/948b492cce32b586ac2db0eaa926ee87024f7afe218d73b397ea5ddfc5f43ea1?s=96&d=mm&r=g\",\"caption\":\"admin\"},\"sameAs\":[\"https:\\\/\\\/encompaniastj.org\"],\"url\":\"https:\\\/\\\/encompaniastj.org\\\/pt-pt\\\/author\\\/sjdigital\\\/\"}]}<\/script>\n<!-- \/ Yoast SEO plugin. -->","yoast_head_json":{"title":"\u201cSegundo o dom que Deus me deu\u201d - En Compa\u00f1\u00eda STJ","robots":{"index":"index","follow":"follow","max-snippet":"max-snippet:-1","max-image-preview":"max-image-preview:large","max-video-preview":"max-video-preview:-1"},"canonical":"https:\/\/encompaniastj.org\/pt-pt\/segundo-o-dom-que-deus-me-deu\/","og_locale":"pt_PT","og_type":"article","og_title":"\u201cSegundo o dom que Deus me deu\u201d - En Compa\u00f1\u00eda STJ","og_description":"Quando escrevo, o Papa est\u00e1 na Tail\u00e2ndia e amanh\u00e3 vai para o Jap\u00e3o \u2026 se olh\u00e1ssemos para a sua idade, dir\u00edamos, - que loucura! Mas, conhecendo \u201ca idade\u201d do seu [&hellip;]","og_url":"https:\/\/encompaniastj.org\/pt-pt\/segundo-o-dom-que-deus-me-deu\/","og_site_name":"En Compa\u00f1\u00eda STJ","article_published_time":"2019-11-26T15:31:49+00:00","article_modified_time":"2025-07-07T14:20:58+00:00","og_image":[{"width":1280,"height":853,"url":"https:\/\/encompaniastj.org\/wp-content\/uploads\/2025\/05\/regalo-de-Dios.jpg","type":"image\/jpeg"}],"author":"admin","twitter_card":"summary_large_image","twitter_misc":{"Escrito por":"admin","Tempo estimado de leitura":"3 minutos"},"schema":{"@context":"https:\/\/schema.org","@graph":[{"@type":"Article","@id":"https:\/\/encompaniastj.org\/pt-pt\/segundo-o-dom-que-deus-me-deu\/#article","isPartOf":{"@id":"https:\/\/encompaniastj.org\/pt-pt\/segundo-o-dom-que-deus-me-deu\/"},"author":{"name":"admin","@id":"https:\/\/encompaniastj.org\/pt-pt\/#\/schema\/person\/520e7ecc314793d40091993c2a02b651"},"headline":"\u201cSegundo o dom que Deus me deu\u201d","datePublished":"2019-11-26T15:31:49+00:00","dateModified":"2025-07-07T14:20:58+00:00","mainEntityOfPage":{"@id":"https:\/\/encompaniastj.org\/pt-pt\/segundo-o-dom-que-deus-me-deu\/"},"wordCount":622,"commentCount":0,"publisher":{"@id":"https:\/\/encompaniastj.org\/pt-pt\/#organization"},"image":{"@id":"https:\/\/encompaniastj.org\/pt-pt\/segundo-o-dom-que-deus-me-deu\/#primaryimage"},"thumbnailUrl":"https:\/\/encompaniastj.org\/wp-content\/uploads\/2025\/05\/regalo-de-Dios.jpg","articleSection":["Palabras"],"inLanguage":"pt-PT","potentialAction":[{"@type":"CommentAction","name":"Comment","target":["https:\/\/encompaniastj.org\/pt-pt\/segundo-o-dom-que-deus-me-deu\/#respond"]}]},{"@type":"WebPage","@id":"https:\/\/encompaniastj.org\/pt-pt\/segundo-o-dom-que-deus-me-deu\/","url":"https:\/\/encompaniastj.org\/pt-pt\/segundo-o-dom-que-deus-me-deu\/","name":"\u201cSegundo o dom que Deus me deu\u201d - En Compa\u00f1\u00eda STJ","isPartOf":{"@id":"https:\/\/encompaniastj.org\/pt-pt\/#website"},"primaryImageOfPage":{"@id":"https:\/\/encompaniastj.org\/pt-pt\/segundo-o-dom-que-deus-me-deu\/#primaryimage"},"image":{"@id":"https:\/\/encompaniastj.org\/pt-pt\/segundo-o-dom-que-deus-me-deu\/#primaryimage"},"thumbnailUrl":"https:\/\/encompaniastj.org\/wp-content\/uploads\/2025\/05\/regalo-de-Dios.jpg","datePublished":"2019-11-26T15:31:49+00:00","dateModified":"2025-07-07T14:20:58+00:00","breadcrumb":{"@id":"https:\/\/encompaniastj.org\/pt-pt\/segundo-o-dom-que-deus-me-deu\/#breadcrumb"},"inLanguage":"pt-PT","potentialAction":[{"@type":"ReadAction","target":["https:\/\/encompaniastj.org\/pt-pt\/segundo-o-dom-que-deus-me-deu\/"]}]},{"@type":"ImageObject","inLanguage":"pt-PT","@id":"https:\/\/encompaniastj.org\/pt-pt\/segundo-o-dom-que-deus-me-deu\/#primaryimage","url":"https:\/\/encompaniastj.org\/wp-content\/uploads\/2025\/05\/regalo-de-Dios.jpg","contentUrl":"https:\/\/encompaniastj.org\/wp-content\/uploads\/2025\/05\/regalo-de-Dios.jpg","width":1280,"height":853},{"@type":"BreadcrumbList","@id":"https:\/\/encompaniastj.org\/pt-pt\/segundo-o-dom-que-deus-me-deu\/#breadcrumb","itemListElement":[{"@type":"ListItem","position":1,"name":"Portada","item":"https:\/\/encompaniastj.org\/pt-pt\/"},{"@type":"ListItem","position":2,"name":"\u201cSegundo o dom que Deus me deu\u201d"}]},{"@type":"WebSite","@id":"https:\/\/encompaniastj.org\/pt-pt\/#website","url":"https:\/\/encompaniastj.org\/pt-pt\/","name":"En Compa\u00f1\u00eda STJ","description":"Bolet\u00edn de la Compa\u00f1\u00eda de Santa Teresa de Jes\u00fas","publisher":{"@id":"https:\/\/encompaniastj.org\/pt-pt\/#organization"},"potentialAction":[{"@type":"SearchAction","target":{"@type":"EntryPoint","urlTemplate":"https:\/\/encompaniastj.org\/pt-pt\/?s={search_term_string}"},"query-input":{"@type":"PropertyValueSpecification","valueRequired":true,"valueName":"search_term_string"}}],"inLanguage":"pt-PT"},{"@type":"Organization","@id":"https:\/\/encompaniastj.org\/pt-pt\/#organization","name":"Compa\u00f1\u00eda de Santa Teresa de Jes\u00fas","url":"https:\/\/encompaniastj.org\/pt-pt\/","logo":{"@type":"ImageObject","inLanguage":"pt-PT","@id":"https:\/\/encompaniastj.org\/pt-pt\/#\/schema\/logo\/image\/","url":"https:\/\/encompaniastj.org\/wp-content\/uploads\/2025\/04\/logo_provincias02-1-3.png","contentUrl":"https:\/\/encompaniastj.org\/wp-content\/uploads\/2025\/04\/logo_provincias02-1-3.png","width":2368,"height":825,"caption":"Compa\u00f1\u00eda de Santa Teresa de Jes\u00fas"},"image":{"@id":"https:\/\/encompaniastj.org\/pt-pt\/#\/schema\/logo\/image\/"}},{"@type":"Person","@id":"https:\/\/encompaniastj.org\/pt-pt\/#\/schema\/person\/520e7ecc314793d40091993c2a02b651","name":"admin","image":{"@type":"ImageObject","inLanguage":"pt-PT","@id":"https:\/\/secure.gravatar.com\/avatar\/948b492cce32b586ac2db0eaa926ee87024f7afe218d73b397ea5ddfc5f43ea1?s=96&d=mm&r=g","url":"https:\/\/secure.gravatar.com\/avatar\/948b492cce32b586ac2db0eaa926ee87024f7afe218d73b397ea5ddfc5f43ea1?s=96&d=mm&r=g","contentUrl":"https:\/\/secure.gravatar.com\/avatar\/948b492cce32b586ac2db0eaa926ee87024f7afe218d73b397ea5ddfc5f43ea1?s=96&d=mm&r=g","caption":"admin"},"sameAs":["https:\/\/encompaniastj.org"],"url":"https:\/\/encompaniastj.org\/pt-pt\/author\/sjdigital\/"}]}},"_links":{"self":[{"href":"https:\/\/encompaniastj.org\/pt-pt\/wp-json\/wp\/v2\/posts\/9880","targetHints":{"allow":["GET"]}}],"collection":[{"href":"https:\/\/encompaniastj.org\/pt-pt\/wp-json\/wp\/v2\/posts"}],"about":[{"href":"https:\/\/encompaniastj.org\/pt-pt\/wp-json\/wp\/v2\/types\/post"}],"author":[{"embeddable":true,"href":"https:\/\/encompaniastj.org\/pt-pt\/wp-json\/wp\/v2\/users\/1"}],"replies":[{"embeddable":true,"href":"https:\/\/encompaniastj.org\/pt-pt\/wp-json\/wp\/v2\/comments?post=9880"}],"version-history":[{"count":1,"href":"https:\/\/encompaniastj.org\/pt-pt\/wp-json\/wp\/v2\/posts\/9880\/revisions"}],"predecessor-version":[{"id":9881,"href":"https:\/\/encompaniastj.org\/pt-pt\/wp-json\/wp\/v2\/posts\/9880\/revisions\/9881"}],"wp:featuredmedia":[{"embeddable":true,"href":"https:\/\/encompaniastj.org\/pt-pt\/wp-json\/wp\/v2\/media\/7230"}],"wp:attachment":[{"href":"https:\/\/encompaniastj.org\/pt-pt\/wp-json\/wp\/v2\/media?parent=9880"}],"wp:term":[{"taxonomy":"category","embeddable":true,"href":"https:\/\/encompaniastj.org\/pt-pt\/wp-json\/wp\/v2\/categories?post=9880"},{"taxonomy":"post_tag","embeddable":true,"href":"https:\/\/encompaniastj.org\/pt-pt\/wp-json\/wp\/v2\/tags?post=9880"}],"curies":[{"name":"wp","href":"https:\/\/api.w.org\/{rel}","templated":true}]}}