{"id":9854,"date":"2019-11-26T10:42:01","date_gmt":"2019-11-26T09:42:01","guid":{"rendered":"https:\/\/encompaniastj.org\/ambito-paroquial-e-outros-servicos-eclesiais-comunidade-de-cidade-rodrigo\/"},"modified":"2025-07-07T16:20:55","modified_gmt":"2025-07-07T14:20:55","slug":"ambito-paroquial-e-outros-servicos-eclesiais-comunidade-de-cidade-rodrigo","status":"publish","type":"post","link":"https:\/\/encompaniastj.org\/pt-pt\/ambito-paroquial-e-outros-servicos-eclesiais-comunidade-de-cidade-rodrigo\/","title":{"rendered":"\u00c2mbito paroquial e outros servi\u00e7os eclesiais - Comunidade de Cidade Rodrigo"},"content":{"rendered":"\n<p>Vivemos em Cidade Rodrigo (Salamanca), uma realidade rural e urbana ao mesmo tempo, na zona que se chama \u201ca raia\u201d pela proximidade a Portugal. A presen\u00e7a da Companhia nesta terra, tem j\u00e1 132 anos, e \u00e9 terra que contemplou a Henrique de Oss\u00f3. <\/p>\n\n\n\n<p>Quatro irm\u00e3s formamos a comunidade: Amparo, Angelina, Gl\u00f3ria e Josefa. Fomos convocadas por Jesus e seu Reino a viver a miss\u00e3o implicando-nos para que se multiplique a vida aqui nesta terra charra , e oferecer o melhor servi\u00e7o que possamos como mulheres e teresianas nesta Diocese de Cidade Rodrigo.<\/p>\n\n\n\n<p>Realizamos a nossa miss\u00e3o, sendo pr\u00f3ximas das pessoas e sens\u00edveis \u00e0 realidade em que vivemos, com o olhar atento ao que o Senhor quer e nos vai manifestando atrav\u00e9s da realidade que vivemos e as situa\u00e7\u00f5es que encontramos.<\/p>\n\n\n\n<p>O nosso trabalho \u00e9: <\/p>\n\n\n\n<p><em>Na par\u00f3quia<\/em>: catequese de crian\u00e7as e de adultos. Anima\u00e7\u00e3o lit\u00fargica nos domingos. Equipa de pastoral paroquial.<\/p>\n\n\n\n<p><em>No Arciprestado \u201cCampo Charro\u201d<\/em> - um dos 7 da Diocese \u00e0 qual fomos enviadas pelo Sr. Bispo-: Celebra\u00e7\u00e3o da Palavra na aus\u00eancia de presb\u00edtero. Anima\u00e7\u00e3o lit\u00fargica. Ensaio de cantos. Catequese de 1\u00aa Comunh\u00e3o e de Confirma\u00e7\u00e3o. Forma\u00e7\u00e3o de catequistas.<\/p>\n\n\n\n<p><em>Na Diocese<\/em>: Temos a responsabilidade da Delega\u00e7\u00e3o Diocesana de Catequese, visitamos cada Arciprestado cinco vezes no ano, para acompanhar e dar forma\u00e7\u00e3o aos catequistas. Pertencemos ao Conselho Pastoral Diocesano.<\/p>\n\n\n\n<p><em>A modo de voluntariado estamos<\/em> nos seguintes lugares: No col\u00e9gio. C\u00e1ritas. Pastoral da sa\u00fade. Apoio escolar a crian\u00e7as necessitadas.<\/p>\n\n\n\n<p><em>Em casa, que est\u00e1 aberta para todos<\/em>: Temos um grupo semanal de ora\u00e7\u00e3o teresiana. O grupo de Leitura Teresiana. Tamb\u00e9m acolhemos e ajudamos o grupo de ora\u00e7\u00e3o da Renova\u00e7\u00e3o Carism\u00e1tica Cat\u00f3lica.<\/p>\n\n\n\n<p>Partilhamos a nossa f\u00e9 com a gente do bairro e dos povos onde trabalhamos. Em casa celebramos com os paroquianos e a Fam\u00edlia Teresiana as nossas festas: Santa Teresa e Santo Henrique de Oss\u00f3.\nSentimos que a nossa presen\u00e7a, tanto na cidade como na Diocese, \u00e9 muito bem acolhida, querida e valorizada. Queremos continuar a tornar presente a Jesus desde o nosso ser de teresianas, semeando sementes do Reino nesta terra.\n<\/p>\n\n\n\n<ul class=\"wp-block-gallery columns-2 is-cropped wp-block-gallery-1 is-layout-flex wp-block-gallery-is-layout-flex\"><li class=\"blocks-gallery-item\"><figure><a href=\"https:\/\/encompaniastj.org\/wp-content\/uploads\/2025\/05\/1-Ciudad-Rodrigo.jpg\"><img decoding=\"async\" src=\"https:\/\/encompaniastj.org\/wp-content\/uploads\/2025\/05\/1-Ciudad-Rodrigo.jpg\" alt=\"\" data-id=\"5606\" data-link=\"https:\/\/encompaniastj.org\/?attachment_id=5606\" class=\"wp-image-5606\"\/><\/a><\/figure><\/li><li class=\"blocks-gallery-item\"><figure><a href=\"https:\/\/encompaniastj.org\/wp-content\/uploads\/2025\/05\/2-Ciudad-Rodrigo.jpg\"><img decoding=\"async\" src=\"https:\/\/encompaniastj.org\/wp-content\/uploads\/2025\/05\/2-Ciudad-Rodrigo.jpg\" alt=\"\" data-id=\"5608\" data-link=\"https:\/\/encompaniastj.org\/?attachment_id=5608\" class=\"wp-image-5608\"\/><\/a><\/figure><\/li><li class=\"blocks-gallery-item\"><figure><a href=\"https:\/\/encompaniastj.org\/wp-content\/uploads\/2025\/05\/3-Ciudad-Rodrigo.jpg\"><img decoding=\"async\" src=\"https:\/\/encompaniastj.org\/wp-content\/uploads\/2025\/05\/3-Ciudad-Rodrigo.jpg\" alt=\"\" data-id=\"5610\" data-link=\"https:\/\/encompaniastj.org\/?attachment_id=5610\" class=\"wp-image-5610\"\/><\/a><\/figure><\/li><li class=\"blocks-gallery-item\"><figure><a href=\"https:\/\/encompaniastj.org\/wp-content\/uploads\/2025\/05\/4-Ciudad-Rodrigo-scaled.jpg\"><img decoding=\"async\" src=\"https:\/\/encompaniastj.org\/wp-content\/uploads\/2025\/05\/4-Ciudad-Rodrigo-scaled.jpg\" alt=\"\" data-id=\"5612\" data-link=\"https:\/\/encompaniastj.org\/?attachment_id=5612\" class=\"wp-image-5612\"\/><\/a><\/figure><\/li><li class=\"blocks-gallery-item\"><figure><a href=\"https:\/\/encompaniastj.org\/wp-content\/uploads\/2025\/05\/5-Ciudad-Rodrigo-scaled.jpg\"><img decoding=\"async\" src=\"https:\/\/encompaniastj.org\/wp-content\/uploads\/2025\/05\/5-Ciudad-Rodrigo-scaled.jpg\" alt=\"\" data-id=\"5614\" data-link=\"https:\/\/encompaniastj.org\/?attachment_id=5614\" class=\"wp-image-5614\"\/><\/a><\/figure><\/li><li class=\"blocks-gallery-item\"><figure><a href=\"https:\/\/encompaniastj.org\/wp-content\/uploads\/2025\/05\/0-Ciudad-Rodrigo.jpg\"><img decoding=\"async\" src=\"https:\/\/encompaniastj.org\/wp-content\/uploads\/2025\/05\/0-Ciudad-Rodrigo.jpg\" alt=\"\" data-id=\"5604\" data-link=\"https:\/\/encompaniastj.org\/?attachment_id=5604\" class=\"wp-image-5604\"\/><\/a><\/figure><\/li><\/ul>\n","protected":false},"excerpt":{"rendered":"<p>Vivemos em Cidade Rodrigo (Salamanca), uma realidade rural e urbana ao mesmo tempo, na zona que se chama \u201ca raia\u201d pela proximidade a Portugal. A presen\u00e7a da Companhia nesta terra, [&hellip;]<\/p>\n","protected":false},"author":1,"featured_media":7210,"comment_status":"open","ping_status":"open","sticky":false,"template":"","format":"standard","meta":{"_acf_changed":false,"footnotes":""},"categories":[66,59,70,60],"tags":[],"class_list":["post-9854","post","type-post","status-publish","format-standard","has-post-thumbnail","hentry","category-conhecemo-nos","category-nos-conocemos","category-projetos","category-proyectos"],"acf":[],"yoast_head":"<!-- This site is optimized with the Yoast SEO plugin v27.5 - https:\/\/yoast.com\/product\/yoast-seo-wordpress\/ -->\n<title>\u00c2mbito paroquial e outros servi\u00e7os eclesiais - Comunidade de Cidade Rodrigo - En Compa\u00f1\u00eda STJ<\/title>\n<meta name=\"robots\" content=\"index, follow, max-snippet:-1, max-image-preview:large, max-video-preview:-1\" \/>\n<link rel=\"canonical\" href=\"https:\/\/encompaniastj.org\/pt-pt\/ambito-paroquial-e-outros-servicos-eclesiais-comunidade-de-cidade-rodrigo\/\" \/>\n<meta property=\"og:locale\" content=\"pt_PT\" \/>\n<meta property=\"og:type\" content=\"article\" \/>\n<meta property=\"og:title\" content=\"\u00c2mbito paroquial e outros servi\u00e7os eclesiais - Comunidade de Cidade Rodrigo - En Compa\u00f1\u00eda STJ\" \/>\n<meta property=\"og:description\" content=\"Vivemos em Cidade Rodrigo (Salamanca), uma realidade rural e urbana ao mesmo tempo, na zona que se chama \u201ca raia\u201d pela proximidade a Portugal. A presen\u00e7a da Companhia nesta terra, [&hellip;]\" \/>\n<meta property=\"og:url\" content=\"https:\/\/encompaniastj.org\/pt-pt\/ambito-paroquial-e-outros-servicos-eclesiais-comunidade-de-cidade-rodrigo\/\" \/>\n<meta property=\"og:site_name\" content=\"En Compa\u00f1\u00eda STJ\" \/>\n<meta property=\"article:published_time\" content=\"2019-11-26T09:42:01+00:00\" \/>\n<meta property=\"article:modified_time\" content=\"2025-07-07T14:20:55+00:00\" \/>\n<meta property=\"og:image\" content=\"https:\/\/encompaniastj.org\/wp-content\/uploads\/2025\/05\/5-Ciudad-Rodrigo-scaled.jpg\" \/>\n\t<meta property=\"og:image:width\" content=\"2560\" \/>\n\t<meta property=\"og:image:height\" content=\"1441\" \/>\n\t<meta property=\"og:image:type\" content=\"image\/jpeg\" \/>\n<meta name=\"author\" content=\"admin\" \/>\n<meta name=\"twitter:card\" content=\"summary_large_image\" \/>\n<meta name=\"twitter:label1\" content=\"Escrito por\" \/>\n\t<meta name=\"twitter:data1\" content=\"admin\" \/>\n\t<meta name=\"twitter:label2\" content=\"Tempo estimado de leitura\" \/>\n\t<meta name=\"twitter:data2\" content=\"2 minutos\" \/>\n<script type=\"application\/ld+json\" class=\"yoast-schema-graph\">{\"@context\":\"https:\\\/\\\/schema.org\",\"@graph\":[{\"@type\":\"Article\",\"@id\":\"https:\\\/\\\/encompaniastj.org\\\/pt-pt\\\/ambito-paroquial-e-outros-servicos-eclesiais-comunidade-de-cidade-rodrigo\\\/#article\",\"isPartOf\":{\"@id\":\"https:\\\/\\\/encompaniastj.org\\\/pt-pt\\\/ambito-paroquial-e-outros-servicos-eclesiais-comunidade-de-cidade-rodrigo\\\/\"},\"author\":{\"name\":\"admin\",\"@id\":\"https:\\\/\\\/encompaniastj.org\\\/pt-pt\\\/#\\\/schema\\\/person\\\/520e7ecc314793d40091993c2a02b651\"},\"headline\":\"\u00c2mbito paroquial e outros servi\u00e7os eclesiais - Comunidade de Cidade Rodrigo\",\"datePublished\":\"2019-11-26T09:42:01+00:00\",\"dateModified\":\"2025-07-07T14:20:55+00:00\",\"mainEntityOfPage\":{\"@id\":\"https:\\\/\\\/encompaniastj.org\\\/pt-pt\\\/ambito-paroquial-e-outros-servicos-eclesiais-comunidade-de-cidade-rodrigo\\\/\"},\"wordCount\":378,\"commentCount\":0,\"publisher\":{\"@id\":\"https:\\\/\\\/encompaniastj.org\\\/pt-pt\\\/#organization\"},\"image\":{\"@id\":\"https:\\\/\\\/encompaniastj.org\\\/pt-pt\\\/ambito-paroquial-e-outros-servicos-eclesiais-comunidade-de-cidade-rodrigo\\\/#primaryimage\"},\"thumbnailUrl\":\"https:\\\/\\\/encompaniastj.org\\\/wp-content\\\/uploads\\\/2025\\\/05\\\/5-Ciudad-Rodrigo-scaled.jpg\",\"articleSection\":[\"Conhecemo-nos\",\"Nos conocemos\",\"Projetos\",\"Proyectos\"],\"inLanguage\":\"pt-PT\",\"potentialAction\":[{\"@type\":\"CommentAction\",\"name\":\"Comment\",\"target\":[\"https:\\\/\\\/encompaniastj.org\\\/pt-pt\\\/ambito-paroquial-e-outros-servicos-eclesiais-comunidade-de-cidade-rodrigo\\\/#respond\"]}]},{\"@type\":\"WebPage\",\"@id\":\"https:\\\/\\\/encompaniastj.org\\\/pt-pt\\\/ambito-paroquial-e-outros-servicos-eclesiais-comunidade-de-cidade-rodrigo\\\/\",\"url\":\"https:\\\/\\\/encompaniastj.org\\\/pt-pt\\\/ambito-paroquial-e-outros-servicos-eclesiais-comunidade-de-cidade-rodrigo\\\/\",\"name\":\"\u00c2mbito paroquial e outros servi\u00e7os eclesiais - Comunidade de Cidade Rodrigo - En Compa\u00f1\u00eda STJ\",\"isPartOf\":{\"@id\":\"https:\\\/\\\/encompaniastj.org\\\/pt-pt\\\/#website\"},\"primaryImageOfPage\":{\"@id\":\"https:\\\/\\\/encompaniastj.org\\\/pt-pt\\\/ambito-paroquial-e-outros-servicos-eclesiais-comunidade-de-cidade-rodrigo\\\/#primaryimage\"},\"image\":{\"@id\":\"https:\\\/\\\/encompaniastj.org\\\/pt-pt\\\/ambito-paroquial-e-outros-servicos-eclesiais-comunidade-de-cidade-rodrigo\\\/#primaryimage\"},\"thumbnailUrl\":\"https:\\\/\\\/encompaniastj.org\\\/wp-content\\\/uploads\\\/2025\\\/05\\\/5-Ciudad-Rodrigo-scaled.jpg\",\"datePublished\":\"2019-11-26T09:42:01+00:00\",\"dateModified\":\"2025-07-07T14:20:55+00:00\",\"breadcrumb\":{\"@id\":\"https:\\\/\\\/encompaniastj.org\\\/pt-pt\\\/ambito-paroquial-e-outros-servicos-eclesiais-comunidade-de-cidade-rodrigo\\\/#breadcrumb\"},\"inLanguage\":\"pt-PT\",\"potentialAction\":[{\"@type\":\"ReadAction\",\"target\":[\"https:\\\/\\\/encompaniastj.org\\\/pt-pt\\\/ambito-paroquial-e-outros-servicos-eclesiais-comunidade-de-cidade-rodrigo\\\/\"]}]},{\"@type\":\"ImageObject\",\"inLanguage\":\"pt-PT\",\"@id\":\"https:\\\/\\\/encompaniastj.org\\\/pt-pt\\\/ambito-paroquial-e-outros-servicos-eclesiais-comunidade-de-cidade-rodrigo\\\/#primaryimage\",\"url\":\"https:\\\/\\\/encompaniastj.org\\\/wp-content\\\/uploads\\\/2025\\\/05\\\/5-Ciudad-Rodrigo-scaled.jpg\",\"contentUrl\":\"https:\\\/\\\/encompaniastj.org\\\/wp-content\\\/uploads\\\/2025\\\/05\\\/5-Ciudad-Rodrigo-scaled.jpg\",\"width\":2560,\"height\":1441},{\"@type\":\"BreadcrumbList\",\"@id\":\"https:\\\/\\\/encompaniastj.org\\\/pt-pt\\\/ambito-paroquial-e-outros-servicos-eclesiais-comunidade-de-cidade-rodrigo\\\/#breadcrumb\",\"itemListElement\":[{\"@type\":\"ListItem\",\"position\":1,\"name\":\"Portada\",\"item\":\"https:\\\/\\\/encompaniastj.org\\\/pt-pt\\\/\"},{\"@type\":\"ListItem\",\"position\":2,\"name\":\"\u00c2mbito paroquial e outros servi\u00e7os eclesiais - Comunidade de Cidade Rodrigo\"}]},{\"@type\":\"WebSite\",\"@id\":\"https:\\\/\\\/encompaniastj.org\\\/pt-pt\\\/#website\",\"url\":\"https:\\\/\\\/encompaniastj.org\\\/pt-pt\\\/\",\"name\":\"En Compa\u00f1\u00eda STJ\",\"description\":\"Bolet\u00edn de la Compa\u00f1\u00eda de Santa Teresa de Jes\u00fas\",\"publisher\":{\"@id\":\"https:\\\/\\\/encompaniastj.org\\\/pt-pt\\\/#organization\"},\"potentialAction\":[{\"@type\":\"SearchAction\",\"target\":{\"@type\":\"EntryPoint\",\"urlTemplate\":\"https:\\\/\\\/encompaniastj.org\\\/pt-pt\\\/?s={search_term_string}\"},\"query-input\":{\"@type\":\"PropertyValueSpecification\",\"valueRequired\":true,\"valueName\":\"search_term_string\"}}],\"inLanguage\":\"pt-PT\"},{\"@type\":\"Organization\",\"@id\":\"https:\\\/\\\/encompaniastj.org\\\/pt-pt\\\/#organization\",\"name\":\"Compa\u00f1\u00eda de Santa Teresa de Jes\u00fas\",\"url\":\"https:\\\/\\\/encompaniastj.org\\\/pt-pt\\\/\",\"logo\":{\"@type\":\"ImageObject\",\"inLanguage\":\"pt-PT\",\"@id\":\"https:\\\/\\\/encompaniastj.org\\\/pt-pt\\\/#\\\/schema\\\/logo\\\/image\\\/\",\"url\":\"https:\\\/\\\/encompaniastj.org\\\/wp-content\\\/uploads\\\/2025\\\/04\\\/logo_provincias02-1-3.png\",\"contentUrl\":\"https:\\\/\\\/encompaniastj.org\\\/wp-content\\\/uploads\\\/2025\\\/04\\\/logo_provincias02-1-3.png\",\"width\":2368,\"height\":825,\"caption\":\"Compa\u00f1\u00eda de Santa Teresa de Jes\u00fas\"},\"image\":{\"@id\":\"https:\\\/\\\/encompaniastj.org\\\/pt-pt\\\/#\\\/schema\\\/logo\\\/image\\\/\"}},{\"@type\":\"Person\",\"@id\":\"https:\\\/\\\/encompaniastj.org\\\/pt-pt\\\/#\\\/schema\\\/person\\\/520e7ecc314793d40091993c2a02b651\",\"name\":\"admin\",\"image\":{\"@type\":\"ImageObject\",\"inLanguage\":\"pt-PT\",\"@id\":\"https:\\\/\\\/secure.gravatar.com\\\/avatar\\\/948b492cce32b586ac2db0eaa926ee87024f7afe218d73b397ea5ddfc5f43ea1?s=96&d=mm&r=g\",\"url\":\"https:\\\/\\\/secure.gravatar.com\\\/avatar\\\/948b492cce32b586ac2db0eaa926ee87024f7afe218d73b397ea5ddfc5f43ea1?s=96&d=mm&r=g\",\"contentUrl\":\"https:\\\/\\\/secure.gravatar.com\\\/avatar\\\/948b492cce32b586ac2db0eaa926ee87024f7afe218d73b397ea5ddfc5f43ea1?s=96&d=mm&r=g\",\"caption\":\"admin\"},\"sameAs\":[\"https:\\\/\\\/encompaniastj.org\"],\"url\":\"https:\\\/\\\/encompaniastj.org\\\/pt-pt\\\/author\\\/sjdigital\\\/\"}]}<\/script>\n<!-- \/ Yoast SEO plugin. -->","yoast_head_json":{"title":"\u00c2mbito paroquial e outros servi\u00e7os eclesiais - Comunidade de Cidade Rodrigo - En Compa\u00f1\u00eda STJ","robots":{"index":"index","follow":"follow","max-snippet":"max-snippet:-1","max-image-preview":"max-image-preview:large","max-video-preview":"max-video-preview:-1"},"canonical":"https:\/\/encompaniastj.org\/pt-pt\/ambito-paroquial-e-outros-servicos-eclesiais-comunidade-de-cidade-rodrigo\/","og_locale":"pt_PT","og_type":"article","og_title":"\u00c2mbito paroquial e outros servi\u00e7os eclesiais - Comunidade de Cidade Rodrigo - En Compa\u00f1\u00eda STJ","og_description":"Vivemos em Cidade Rodrigo (Salamanca), uma realidade rural e urbana ao mesmo tempo, na zona que se chama \u201ca raia\u201d pela proximidade a Portugal. A presen\u00e7a da Companhia nesta terra, [&hellip;]","og_url":"https:\/\/encompaniastj.org\/pt-pt\/ambito-paroquial-e-outros-servicos-eclesiais-comunidade-de-cidade-rodrigo\/","og_site_name":"En Compa\u00f1\u00eda STJ","article_published_time":"2019-11-26T09:42:01+00:00","article_modified_time":"2025-07-07T14:20:55+00:00","og_image":[{"width":2560,"height":1441,"url":"https:\/\/encompaniastj.org\/wp-content\/uploads\/2025\/05\/5-Ciudad-Rodrigo-scaled.jpg","type":"image\/jpeg"}],"author":"admin","twitter_card":"summary_large_image","twitter_misc":{"Escrito por":"admin","Tempo estimado de leitura":"2 minutos"},"schema":{"@context":"https:\/\/schema.org","@graph":[{"@type":"Article","@id":"https:\/\/encompaniastj.org\/pt-pt\/ambito-paroquial-e-outros-servicos-eclesiais-comunidade-de-cidade-rodrigo\/#article","isPartOf":{"@id":"https:\/\/encompaniastj.org\/pt-pt\/ambito-paroquial-e-outros-servicos-eclesiais-comunidade-de-cidade-rodrigo\/"},"author":{"name":"admin","@id":"https:\/\/encompaniastj.org\/pt-pt\/#\/schema\/person\/520e7ecc314793d40091993c2a02b651"},"headline":"\u00c2mbito paroquial e outros servi\u00e7os eclesiais - Comunidade de Cidade Rodrigo","datePublished":"2019-11-26T09:42:01+00:00","dateModified":"2025-07-07T14:20:55+00:00","mainEntityOfPage":{"@id":"https:\/\/encompaniastj.org\/pt-pt\/ambito-paroquial-e-outros-servicos-eclesiais-comunidade-de-cidade-rodrigo\/"},"wordCount":378,"commentCount":0,"publisher":{"@id":"https:\/\/encompaniastj.org\/pt-pt\/#organization"},"image":{"@id":"https:\/\/encompaniastj.org\/pt-pt\/ambito-paroquial-e-outros-servicos-eclesiais-comunidade-de-cidade-rodrigo\/#primaryimage"},"thumbnailUrl":"https:\/\/encompaniastj.org\/wp-content\/uploads\/2025\/05\/5-Ciudad-Rodrigo-scaled.jpg","articleSection":["Conhecemo-nos","Nos conocemos","Projetos","Proyectos"],"inLanguage":"pt-PT","potentialAction":[{"@type":"CommentAction","name":"Comment","target":["https:\/\/encompaniastj.org\/pt-pt\/ambito-paroquial-e-outros-servicos-eclesiais-comunidade-de-cidade-rodrigo\/#respond"]}]},{"@type":"WebPage","@id":"https:\/\/encompaniastj.org\/pt-pt\/ambito-paroquial-e-outros-servicos-eclesiais-comunidade-de-cidade-rodrigo\/","url":"https:\/\/encompaniastj.org\/pt-pt\/ambito-paroquial-e-outros-servicos-eclesiais-comunidade-de-cidade-rodrigo\/","name":"\u00c2mbito paroquial e outros servi\u00e7os eclesiais - Comunidade de Cidade Rodrigo - En Compa\u00f1\u00eda STJ","isPartOf":{"@id":"https:\/\/encompaniastj.org\/pt-pt\/#website"},"primaryImageOfPage":{"@id":"https:\/\/encompaniastj.org\/pt-pt\/ambito-paroquial-e-outros-servicos-eclesiais-comunidade-de-cidade-rodrigo\/#primaryimage"},"image":{"@id":"https:\/\/encompaniastj.org\/pt-pt\/ambito-paroquial-e-outros-servicos-eclesiais-comunidade-de-cidade-rodrigo\/#primaryimage"},"thumbnailUrl":"https:\/\/encompaniastj.org\/wp-content\/uploads\/2025\/05\/5-Ciudad-Rodrigo-scaled.jpg","datePublished":"2019-11-26T09:42:01+00:00","dateModified":"2025-07-07T14:20:55+00:00","breadcrumb":{"@id":"https:\/\/encompaniastj.org\/pt-pt\/ambito-paroquial-e-outros-servicos-eclesiais-comunidade-de-cidade-rodrigo\/#breadcrumb"},"inLanguage":"pt-PT","potentialAction":[{"@type":"ReadAction","target":["https:\/\/encompaniastj.org\/pt-pt\/ambito-paroquial-e-outros-servicos-eclesiais-comunidade-de-cidade-rodrigo\/"]}]},{"@type":"ImageObject","inLanguage":"pt-PT","@id":"https:\/\/encompaniastj.org\/pt-pt\/ambito-paroquial-e-outros-servicos-eclesiais-comunidade-de-cidade-rodrigo\/#primaryimage","url":"https:\/\/encompaniastj.org\/wp-content\/uploads\/2025\/05\/5-Ciudad-Rodrigo-scaled.jpg","contentUrl":"https:\/\/encompaniastj.org\/wp-content\/uploads\/2025\/05\/5-Ciudad-Rodrigo-scaled.jpg","width":2560,"height":1441},{"@type":"BreadcrumbList","@id":"https:\/\/encompaniastj.org\/pt-pt\/ambito-paroquial-e-outros-servicos-eclesiais-comunidade-de-cidade-rodrigo\/#breadcrumb","itemListElement":[{"@type":"ListItem","position":1,"name":"Portada","item":"https:\/\/encompaniastj.org\/pt-pt\/"},{"@type":"ListItem","position":2,"name":"\u00c2mbito paroquial e outros servi\u00e7os eclesiais - Comunidade de Cidade Rodrigo"}]},{"@type":"WebSite","@id":"https:\/\/encompaniastj.org\/pt-pt\/#website","url":"https:\/\/encompaniastj.org\/pt-pt\/","name":"En Compa\u00f1\u00eda STJ","description":"Bolet\u00edn de la Compa\u00f1\u00eda de Santa Teresa de Jes\u00fas","publisher":{"@id":"https:\/\/encompaniastj.org\/pt-pt\/#organization"},"potentialAction":[{"@type":"SearchAction","target":{"@type":"EntryPoint","urlTemplate":"https:\/\/encompaniastj.org\/pt-pt\/?s={search_term_string}"},"query-input":{"@type":"PropertyValueSpecification","valueRequired":true,"valueName":"search_term_string"}}],"inLanguage":"pt-PT"},{"@type":"Organization","@id":"https:\/\/encompaniastj.org\/pt-pt\/#organization","name":"Compa\u00f1\u00eda de Santa Teresa de Jes\u00fas","url":"https:\/\/encompaniastj.org\/pt-pt\/","logo":{"@type":"ImageObject","inLanguage":"pt-PT","@id":"https:\/\/encompaniastj.org\/pt-pt\/#\/schema\/logo\/image\/","url":"https:\/\/encompaniastj.org\/wp-content\/uploads\/2025\/04\/logo_provincias02-1-3.png","contentUrl":"https:\/\/encompaniastj.org\/wp-content\/uploads\/2025\/04\/logo_provincias02-1-3.png","width":2368,"height":825,"caption":"Compa\u00f1\u00eda de Santa Teresa de Jes\u00fas"},"image":{"@id":"https:\/\/encompaniastj.org\/pt-pt\/#\/schema\/logo\/image\/"}},{"@type":"Person","@id":"https:\/\/encompaniastj.org\/pt-pt\/#\/schema\/person\/520e7ecc314793d40091993c2a02b651","name":"admin","image":{"@type":"ImageObject","inLanguage":"pt-PT","@id":"https:\/\/secure.gravatar.com\/avatar\/948b492cce32b586ac2db0eaa926ee87024f7afe218d73b397ea5ddfc5f43ea1?s=96&d=mm&r=g","url":"https:\/\/secure.gravatar.com\/avatar\/948b492cce32b586ac2db0eaa926ee87024f7afe218d73b397ea5ddfc5f43ea1?s=96&d=mm&r=g","contentUrl":"https:\/\/secure.gravatar.com\/avatar\/948b492cce32b586ac2db0eaa926ee87024f7afe218d73b397ea5ddfc5f43ea1?s=96&d=mm&r=g","caption":"admin"},"sameAs":["https:\/\/encompaniastj.org"],"url":"https:\/\/encompaniastj.org\/pt-pt\/author\/sjdigital\/"}]}},"_links":{"self":[{"href":"https:\/\/encompaniastj.org\/pt-pt\/wp-json\/wp\/v2\/posts\/9854","targetHints":{"allow":["GET"]}}],"collection":[{"href":"https:\/\/encompaniastj.org\/pt-pt\/wp-json\/wp\/v2\/posts"}],"about":[{"href":"https:\/\/encompaniastj.org\/pt-pt\/wp-json\/wp\/v2\/types\/post"}],"author":[{"embeddable":true,"href":"https:\/\/encompaniastj.org\/pt-pt\/wp-json\/wp\/v2\/users\/1"}],"replies":[{"embeddable":true,"href":"https:\/\/encompaniastj.org\/pt-pt\/wp-json\/wp\/v2\/comments?post=9854"}],"version-history":[{"count":1,"href":"https:\/\/encompaniastj.org\/pt-pt\/wp-json\/wp\/v2\/posts\/9854\/revisions"}],"predecessor-version":[{"id":9855,"href":"https:\/\/encompaniastj.org\/pt-pt\/wp-json\/wp\/v2\/posts\/9854\/revisions\/9855"}],"wp:featuredmedia":[{"embeddable":true,"href":"https:\/\/encompaniastj.org\/pt-pt\/wp-json\/wp\/v2\/media\/7210"}],"wp:attachment":[{"href":"https:\/\/encompaniastj.org\/pt-pt\/wp-json\/wp\/v2\/media?parent=9854"}],"wp:term":[{"taxonomy":"category","embeddable":true,"href":"https:\/\/encompaniastj.org\/pt-pt\/wp-json\/wp\/v2\/categories?post=9854"},{"taxonomy":"post_tag","embeddable":true,"href":"https:\/\/encompaniastj.org\/pt-pt\/wp-json\/wp\/v2\/tags?post=9854"}],"curies":[{"name":"wp","href":"https:\/\/api.w.org\/{rel}","templated":true}]}}