{"id":9850,"date":"2019-11-26T09:59:28","date_gmt":"2019-11-26T08:59:28","guid":{"rendered":"https:\/\/encompaniastj.org\/50-anos-da-nossa-paroquia-las-palmas-tarahales\/"},"modified":"2025-07-07T16:20:53","modified_gmt":"2025-07-07T14:20:53","slug":"50-anos-da-nossa-paroquia-las-palmas-tarahales","status":"publish","type":"post","link":"https:\/\/encompaniastj.org\/pt-pt\/50-anos-da-nossa-paroquia-las-palmas-tarahales\/","title":{"rendered":"50 anos da nossa Par\u00f3quia. Las Palmas-Tarahales"},"content":{"rendered":"\n<p>Hoje, 24 de novembro, celebr\u00e1mos os 50 anos de vida da par\u00f3quia de CRISTO REI no bairro de Los Tarahales-Las Palmas. <\/p>\n\n<p>Foi uma Eucaristia emotiva na qual se fez um pequeno percurso hist\u00f3rico destes 50 anos de vida. Tamb\u00e9m fizemos mem\u00f3ria agradecida de todas \u00abas pessoas que formaram parte da Comunidade paroquial e hoje j\u00e1 n\u00e3o est\u00e3o entre n\u00f3s. <\/p>\n\n<p>O nosso cora\u00e7\u00e3o n\u00e3o p\u00f4de deixar de pensar na nossa querida irm\u00e3 Paz Labrador - como teria sido feliz neste dia! Embora estejamos certas que de alguma maneira, ela esteve connosco. E tamb\u00e9m damos gra\u00e7as por todas as irm\u00e3s que foram passando pelo bairro, deixando \u201co seu gr\u00e3ozinho de areia\u201d.<\/p>\n\n<p>M\u00e1rio, o nosso atual p\u00e1roco, convidou-nos a n\u00e3o viver de \u201csaudades\u201d do que foi e j\u00e1 n\u00e3o \u00e9\u2026  e a continuar dando vida, cada um como \u00e9 e pode, muito conscientes de que o bairro  foi mudando e as \u201cfor\u00e7as vivas\u201d da par\u00f3quia foram-se diminuindo\u2026Ao mesmo tempo, lan\u00e7ou-nos um desafio: que a par\u00f3quia celebre o seu centen\u00e1rio, embora nenhum de n\u00f3s possa v\u00ea-lo, porque isso significar\u00e1 que pass\u00e1mos o testemunho.<\/p>\n\n<p>Dai gra\u00e7as a Deus connosco por esta gente generosa e simples que nos acolheu no seu bairro e a sua comunidade paroquial com os bra\u00e7os abertos. <\/p>\n\n<p>Comunidade Las Palmas-Tarahales<\/p>\n\n<ul class=\"wp-block-gallery columns-2 is-cropped wp-block-gallery-1 is-layout-flex wp-block-gallery-is-layout-flex\">\n<li class=\"blocks-gallery-item\"><figure><a href=\"https:\/\/encompaniastj.org\/wp-content\/uploads\/2025\/05\/4-3-scaled.jpg\"><img decoding=\"async\" src=\"https:\/\/encompaniastj.org\/wp-content\/uploads\/2025\/05\/4-3-scaled.jpg\" alt=\"\" data-id=\"5590\" data-link=\"https:\/\/encompaniastj.org\/?attachment_id=5590\" class=\"wp-image-5590\"><\/a><\/figure><\/li>\n<li class=\"blocks-gallery-item\"><figure><a href=\"https:\/\/encompaniastj.org\/wp-content\/uploads\/2025\/05\/1-parroquia-Los-Tarahales.jpg\"><img decoding=\"async\" src=\"https:\/\/encompaniastj.org\/wp-content\/uploads\/2025\/05\/1-parroquia-Los-Tarahales.jpg\" alt=\"\" data-id=\"5592\" data-link=\"https:\/\/encompaniastj.org\/?attachment_id=5592\" class=\"wp-image-5592\"><\/a><\/figure><\/li>\n<li class=\"blocks-gallery-item\"><figure><a href=\"https:\/\/encompaniastj.org\/wp-content\/uploads\/2025\/05\/2-4.jpg\"><img decoding=\"async\" src=\"https:\/\/encompaniastj.org\/wp-content\/uploads\/2025\/05\/2-4.jpg\" alt=\"\" data-id=\"5594\" data-link=\"https:\/\/encompaniastj.org\/?attachment_id=5594\" class=\"wp-image-5594\"><\/a><\/figure><\/li>\n<li class=\"blocks-gallery-item\"><figure><a href=\"https:\/\/encompaniastj.org\/wp-content\/uploads\/2025\/05\/5-4.jpg\"><img decoding=\"async\" src=\"https:\/\/encompaniastj.org\/wp-content\/uploads\/2025\/05\/5-4.jpg\" alt=\"\" data-id=\"5596\" data-link=\"https:\/\/encompaniastj.org\/?attachment_id=5596\" class=\"wp-image-5596\"><\/a><\/figure><\/li>\n<li class=\"blocks-gallery-item\"><figure><a href=\"https:\/\/encompaniastj.org\/wp-content\/uploads\/2025\/05\/6-1.jpg\"><img decoding=\"async\" src=\"https:\/\/encompaniastj.org\/wp-content\/uploads\/2025\/05\/6-1.jpg\" alt=\"\" data-id=\"5598\" data-link=\"https:\/\/encompaniastj.org\/?attachment_id=5598\" class=\"wp-image-5598\"><\/a><\/figure><\/li>\n<\/ul>","protected":false},"excerpt":{"rendered":"<p>Hoje, 24 de novembro, celebr\u00e1mos os 50 anos de vida da par\u00f3quia de CRISTO REI no bairro de Los Tarahales-Las Palmas. Foi uma Eucaristia emotiva na qual se fez um [&hellip;]<\/p>\n","protected":false},"author":1,"featured_media":7201,"comment_status":"open","ping_status":"open","sticky":false,"template":"","format":"standard","meta":{"_acf_changed":false,"footnotes":""},"categories":[61,80,78],"tags":[],"class_list":["post-9850","post","type-post","status-publish","format-standard","has-post-thumbnail","hentry","category-noticias","category-paroquial-eclesial","category-parroquial-eclesial"],"acf":[],"yoast_head":"<!-- This site is optimized with the Yoast SEO plugin v27.5 - https:\/\/yoast.com\/product\/yoast-seo-wordpress\/ -->\n<title>50 anos da nossa Par\u00f3quia. Las Palmas-Tarahales - En Compa\u00f1\u00eda STJ<\/title>\n<meta name=\"robots\" content=\"index, follow, max-snippet:-1, max-image-preview:large, max-video-preview:-1\" \/>\n<link rel=\"canonical\" href=\"https:\/\/encompaniastj.org\/pt-pt\/50-anos-da-nossa-paroquia-las-palmas-tarahales\/\" \/>\n<meta property=\"og:locale\" content=\"pt_PT\" \/>\n<meta property=\"og:type\" content=\"article\" \/>\n<meta property=\"og:title\" content=\"50 anos da nossa Par\u00f3quia. Las Palmas-Tarahales - En Compa\u00f1\u00eda STJ\" \/>\n<meta property=\"og:description\" content=\"Hoje, 24 de novembro, celebr\u00e1mos os 50 anos de vida da par\u00f3quia de CRISTO REI no bairro de Los Tarahales-Las Palmas. Foi uma Eucaristia emotiva na qual se fez um [&hellip;]\" \/>\n<meta property=\"og:url\" content=\"https:\/\/encompaniastj.org\/pt-pt\/50-anos-da-nossa-paroquia-las-palmas-tarahales\/\" \/>\n<meta property=\"og:site_name\" content=\"En Compa\u00f1\u00eda STJ\" \/>\n<meta property=\"article:published_time\" content=\"2019-11-26T08:59:28+00:00\" \/>\n<meta property=\"article:modified_time\" content=\"2025-07-07T14:20:53+00:00\" \/>\n<meta property=\"og:image\" content=\"https:\/\/encompaniastj.org\/wp-content\/uploads\/2025\/05\/4-3-scaled.jpg\" \/>\n\t<meta property=\"og:image:width\" content=\"2560\" \/>\n\t<meta property=\"og:image:height\" content=\"1440\" \/>\n\t<meta property=\"og:image:type\" content=\"image\/jpeg\" \/>\n<meta name=\"author\" content=\"admin\" \/>\n<meta name=\"twitter:card\" content=\"summary_large_image\" \/>\n<meta name=\"twitter:label1\" content=\"Escrito por\" \/>\n\t<meta name=\"twitter:data1\" content=\"admin\" \/>\n\t<meta name=\"twitter:label2\" content=\"Tempo estimado de leitura\" \/>\n\t<meta name=\"twitter:data2\" content=\"1 minuto\" \/>\n<script type=\"application\/ld+json\" class=\"yoast-schema-graph\">{\"@context\":\"https:\\\/\\\/schema.org\",\"@graph\":[{\"@type\":\"Article\",\"@id\":\"https:\\\/\\\/encompaniastj.org\\\/pt-pt\\\/50-anos-da-nossa-paroquia-las-palmas-tarahales\\\/#article\",\"isPartOf\":{\"@id\":\"https:\\\/\\\/encompaniastj.org\\\/pt-pt\\\/50-anos-da-nossa-paroquia-las-palmas-tarahales\\\/\"},\"author\":{\"name\":\"admin\",\"@id\":\"https:\\\/\\\/encompaniastj.org\\\/pt-pt\\\/#\\\/schema\\\/person\\\/520e7ecc314793d40091993c2a02b651\"},\"headline\":\"50 anos da nossa Par\u00f3quia. Las Palmas-Tarahales\",\"datePublished\":\"2019-11-26T08:59:28+00:00\",\"dateModified\":\"2025-07-07T14:20:53+00:00\",\"mainEntityOfPage\":{\"@id\":\"https:\\\/\\\/encompaniastj.org\\\/pt-pt\\\/50-anos-da-nossa-paroquia-las-palmas-tarahales\\\/\"},\"wordCount\":240,\"commentCount\":0,\"publisher\":{\"@id\":\"https:\\\/\\\/encompaniastj.org\\\/pt-pt\\\/#organization\"},\"image\":{\"@id\":\"https:\\\/\\\/encompaniastj.org\\\/pt-pt\\\/50-anos-da-nossa-paroquia-las-palmas-tarahales\\\/#primaryimage\"},\"thumbnailUrl\":\"https:\\\/\\\/encompaniastj.org\\\/wp-content\\\/uploads\\\/2025\\\/05\\\/4-3-scaled.jpg\",\"articleSection\":[\"Noticias\",\"Paroquial - eclesial\",\"Parroquial - Eclesial\"],\"inLanguage\":\"pt-PT\",\"potentialAction\":[{\"@type\":\"CommentAction\",\"name\":\"Comment\",\"target\":[\"https:\\\/\\\/encompaniastj.org\\\/pt-pt\\\/50-anos-da-nossa-paroquia-las-palmas-tarahales\\\/#respond\"]}]},{\"@type\":\"WebPage\",\"@id\":\"https:\\\/\\\/encompaniastj.org\\\/pt-pt\\\/50-anos-da-nossa-paroquia-las-palmas-tarahales\\\/\",\"url\":\"https:\\\/\\\/encompaniastj.org\\\/pt-pt\\\/50-anos-da-nossa-paroquia-las-palmas-tarahales\\\/\",\"name\":\"50 anos da nossa Par\u00f3quia. Las Palmas-Tarahales - En Compa\u00f1\u00eda STJ\",\"isPartOf\":{\"@id\":\"https:\\\/\\\/encompaniastj.org\\\/pt-pt\\\/#website\"},\"primaryImageOfPage\":{\"@id\":\"https:\\\/\\\/encompaniastj.org\\\/pt-pt\\\/50-anos-da-nossa-paroquia-las-palmas-tarahales\\\/#primaryimage\"},\"image\":{\"@id\":\"https:\\\/\\\/encompaniastj.org\\\/pt-pt\\\/50-anos-da-nossa-paroquia-las-palmas-tarahales\\\/#primaryimage\"},\"thumbnailUrl\":\"https:\\\/\\\/encompaniastj.org\\\/wp-content\\\/uploads\\\/2025\\\/05\\\/4-3-scaled.jpg\",\"datePublished\":\"2019-11-26T08:59:28+00:00\",\"dateModified\":\"2025-07-07T14:20:53+00:00\",\"breadcrumb\":{\"@id\":\"https:\\\/\\\/encompaniastj.org\\\/pt-pt\\\/50-anos-da-nossa-paroquia-las-palmas-tarahales\\\/#breadcrumb\"},\"inLanguage\":\"pt-PT\",\"potentialAction\":[{\"@type\":\"ReadAction\",\"target\":[\"https:\\\/\\\/encompaniastj.org\\\/pt-pt\\\/50-anos-da-nossa-paroquia-las-palmas-tarahales\\\/\"]}]},{\"@type\":\"ImageObject\",\"inLanguage\":\"pt-PT\",\"@id\":\"https:\\\/\\\/encompaniastj.org\\\/pt-pt\\\/50-anos-da-nossa-paroquia-las-palmas-tarahales\\\/#primaryimage\",\"url\":\"https:\\\/\\\/encompaniastj.org\\\/wp-content\\\/uploads\\\/2025\\\/05\\\/4-3-scaled.jpg\",\"contentUrl\":\"https:\\\/\\\/encompaniastj.org\\\/wp-content\\\/uploads\\\/2025\\\/05\\\/4-3-scaled.jpg\",\"width\":2560,\"height\":1440},{\"@type\":\"BreadcrumbList\",\"@id\":\"https:\\\/\\\/encompaniastj.org\\\/pt-pt\\\/50-anos-da-nossa-paroquia-las-palmas-tarahales\\\/#breadcrumb\",\"itemListElement\":[{\"@type\":\"ListItem\",\"position\":1,\"name\":\"Portada\",\"item\":\"https:\\\/\\\/encompaniastj.org\\\/pt-pt\\\/\"},{\"@type\":\"ListItem\",\"position\":2,\"name\":\"50 anos da nossa Par\u00f3quia. Las Palmas-Tarahales\"}]},{\"@type\":\"WebSite\",\"@id\":\"https:\\\/\\\/encompaniastj.org\\\/pt-pt\\\/#website\",\"url\":\"https:\\\/\\\/encompaniastj.org\\\/pt-pt\\\/\",\"name\":\"En Compa\u00f1\u00eda STJ\",\"description\":\"Bolet\u00edn de la Compa\u00f1\u00eda de Santa Teresa de Jes\u00fas\",\"publisher\":{\"@id\":\"https:\\\/\\\/encompaniastj.org\\\/pt-pt\\\/#organization\"},\"potentialAction\":[{\"@type\":\"SearchAction\",\"target\":{\"@type\":\"EntryPoint\",\"urlTemplate\":\"https:\\\/\\\/encompaniastj.org\\\/pt-pt\\\/?s={search_term_string}\"},\"query-input\":{\"@type\":\"PropertyValueSpecification\",\"valueRequired\":true,\"valueName\":\"search_term_string\"}}],\"inLanguage\":\"pt-PT\"},{\"@type\":\"Organization\",\"@id\":\"https:\\\/\\\/encompaniastj.org\\\/pt-pt\\\/#organization\",\"name\":\"Compa\u00f1\u00eda de Santa Teresa de Jes\u00fas\",\"url\":\"https:\\\/\\\/encompaniastj.org\\\/pt-pt\\\/\",\"logo\":{\"@type\":\"ImageObject\",\"inLanguage\":\"pt-PT\",\"@id\":\"https:\\\/\\\/encompaniastj.org\\\/pt-pt\\\/#\\\/schema\\\/logo\\\/image\\\/\",\"url\":\"https:\\\/\\\/encompaniastj.org\\\/wp-content\\\/uploads\\\/2025\\\/04\\\/logo_provincias02-1-3.png\",\"contentUrl\":\"https:\\\/\\\/encompaniastj.org\\\/wp-content\\\/uploads\\\/2025\\\/04\\\/logo_provincias02-1-3.png\",\"width\":2368,\"height\":825,\"caption\":\"Compa\u00f1\u00eda de Santa Teresa de Jes\u00fas\"},\"image\":{\"@id\":\"https:\\\/\\\/encompaniastj.org\\\/pt-pt\\\/#\\\/schema\\\/logo\\\/image\\\/\"}},{\"@type\":\"Person\",\"@id\":\"https:\\\/\\\/encompaniastj.org\\\/pt-pt\\\/#\\\/schema\\\/person\\\/520e7ecc314793d40091993c2a02b651\",\"name\":\"admin\",\"image\":{\"@type\":\"ImageObject\",\"inLanguage\":\"pt-PT\",\"@id\":\"https:\\\/\\\/secure.gravatar.com\\\/avatar\\\/948b492cce32b586ac2db0eaa926ee87024f7afe218d73b397ea5ddfc5f43ea1?s=96&d=mm&r=g\",\"url\":\"https:\\\/\\\/secure.gravatar.com\\\/avatar\\\/948b492cce32b586ac2db0eaa926ee87024f7afe218d73b397ea5ddfc5f43ea1?s=96&d=mm&r=g\",\"contentUrl\":\"https:\\\/\\\/secure.gravatar.com\\\/avatar\\\/948b492cce32b586ac2db0eaa926ee87024f7afe218d73b397ea5ddfc5f43ea1?s=96&d=mm&r=g\",\"caption\":\"admin\"},\"sameAs\":[\"https:\\\/\\\/encompaniastj.org\"],\"url\":\"https:\\\/\\\/encompaniastj.org\\\/pt-pt\\\/author\\\/sjdigital\\\/\"}]}<\/script>\n<!-- \/ Yoast SEO plugin. -->","yoast_head_json":{"title":"50 anos da nossa Par\u00f3quia. Las Palmas-Tarahales - En Compa\u00f1\u00eda STJ","robots":{"index":"index","follow":"follow","max-snippet":"max-snippet:-1","max-image-preview":"max-image-preview:large","max-video-preview":"max-video-preview:-1"},"canonical":"https:\/\/encompaniastj.org\/pt-pt\/50-anos-da-nossa-paroquia-las-palmas-tarahales\/","og_locale":"pt_PT","og_type":"article","og_title":"50 anos da nossa Par\u00f3quia. Las Palmas-Tarahales - En Compa\u00f1\u00eda STJ","og_description":"Hoje, 24 de novembro, celebr\u00e1mos os 50 anos de vida da par\u00f3quia de CRISTO REI no bairro de Los Tarahales-Las Palmas. Foi uma Eucaristia emotiva na qual se fez um [&hellip;]","og_url":"https:\/\/encompaniastj.org\/pt-pt\/50-anos-da-nossa-paroquia-las-palmas-tarahales\/","og_site_name":"En Compa\u00f1\u00eda STJ","article_published_time":"2019-11-26T08:59:28+00:00","article_modified_time":"2025-07-07T14:20:53+00:00","og_image":[{"width":2560,"height":1440,"url":"https:\/\/encompaniastj.org\/wp-content\/uploads\/2025\/05\/4-3-scaled.jpg","type":"image\/jpeg"}],"author":"admin","twitter_card":"summary_large_image","twitter_misc":{"Escrito por":"admin","Tempo estimado de leitura":"1 minuto"},"schema":{"@context":"https:\/\/schema.org","@graph":[{"@type":"Article","@id":"https:\/\/encompaniastj.org\/pt-pt\/50-anos-da-nossa-paroquia-las-palmas-tarahales\/#article","isPartOf":{"@id":"https:\/\/encompaniastj.org\/pt-pt\/50-anos-da-nossa-paroquia-las-palmas-tarahales\/"},"author":{"name":"admin","@id":"https:\/\/encompaniastj.org\/pt-pt\/#\/schema\/person\/520e7ecc314793d40091993c2a02b651"},"headline":"50 anos da nossa Par\u00f3quia. Las Palmas-Tarahales","datePublished":"2019-11-26T08:59:28+00:00","dateModified":"2025-07-07T14:20:53+00:00","mainEntityOfPage":{"@id":"https:\/\/encompaniastj.org\/pt-pt\/50-anos-da-nossa-paroquia-las-palmas-tarahales\/"},"wordCount":240,"commentCount":0,"publisher":{"@id":"https:\/\/encompaniastj.org\/pt-pt\/#organization"},"image":{"@id":"https:\/\/encompaniastj.org\/pt-pt\/50-anos-da-nossa-paroquia-las-palmas-tarahales\/#primaryimage"},"thumbnailUrl":"https:\/\/encompaniastj.org\/wp-content\/uploads\/2025\/05\/4-3-scaled.jpg","articleSection":["Noticias","Paroquial - eclesial","Parroquial - Eclesial"],"inLanguage":"pt-PT","potentialAction":[{"@type":"CommentAction","name":"Comment","target":["https:\/\/encompaniastj.org\/pt-pt\/50-anos-da-nossa-paroquia-las-palmas-tarahales\/#respond"]}]},{"@type":"WebPage","@id":"https:\/\/encompaniastj.org\/pt-pt\/50-anos-da-nossa-paroquia-las-palmas-tarahales\/","url":"https:\/\/encompaniastj.org\/pt-pt\/50-anos-da-nossa-paroquia-las-palmas-tarahales\/","name":"50 anos da nossa Par\u00f3quia. Las Palmas-Tarahales - En Compa\u00f1\u00eda STJ","isPartOf":{"@id":"https:\/\/encompaniastj.org\/pt-pt\/#website"},"primaryImageOfPage":{"@id":"https:\/\/encompaniastj.org\/pt-pt\/50-anos-da-nossa-paroquia-las-palmas-tarahales\/#primaryimage"},"image":{"@id":"https:\/\/encompaniastj.org\/pt-pt\/50-anos-da-nossa-paroquia-las-palmas-tarahales\/#primaryimage"},"thumbnailUrl":"https:\/\/encompaniastj.org\/wp-content\/uploads\/2025\/05\/4-3-scaled.jpg","datePublished":"2019-11-26T08:59:28+00:00","dateModified":"2025-07-07T14:20:53+00:00","breadcrumb":{"@id":"https:\/\/encompaniastj.org\/pt-pt\/50-anos-da-nossa-paroquia-las-palmas-tarahales\/#breadcrumb"},"inLanguage":"pt-PT","potentialAction":[{"@type":"ReadAction","target":["https:\/\/encompaniastj.org\/pt-pt\/50-anos-da-nossa-paroquia-las-palmas-tarahales\/"]}]},{"@type":"ImageObject","inLanguage":"pt-PT","@id":"https:\/\/encompaniastj.org\/pt-pt\/50-anos-da-nossa-paroquia-las-palmas-tarahales\/#primaryimage","url":"https:\/\/encompaniastj.org\/wp-content\/uploads\/2025\/05\/4-3-scaled.jpg","contentUrl":"https:\/\/encompaniastj.org\/wp-content\/uploads\/2025\/05\/4-3-scaled.jpg","width":2560,"height":1440},{"@type":"BreadcrumbList","@id":"https:\/\/encompaniastj.org\/pt-pt\/50-anos-da-nossa-paroquia-las-palmas-tarahales\/#breadcrumb","itemListElement":[{"@type":"ListItem","position":1,"name":"Portada","item":"https:\/\/encompaniastj.org\/pt-pt\/"},{"@type":"ListItem","position":2,"name":"50 anos da nossa Par\u00f3quia. Las Palmas-Tarahales"}]},{"@type":"WebSite","@id":"https:\/\/encompaniastj.org\/pt-pt\/#website","url":"https:\/\/encompaniastj.org\/pt-pt\/","name":"En Compa\u00f1\u00eda STJ","description":"Bolet\u00edn de la Compa\u00f1\u00eda de Santa Teresa de Jes\u00fas","publisher":{"@id":"https:\/\/encompaniastj.org\/pt-pt\/#organization"},"potentialAction":[{"@type":"SearchAction","target":{"@type":"EntryPoint","urlTemplate":"https:\/\/encompaniastj.org\/pt-pt\/?s={search_term_string}"},"query-input":{"@type":"PropertyValueSpecification","valueRequired":true,"valueName":"search_term_string"}}],"inLanguage":"pt-PT"},{"@type":"Organization","@id":"https:\/\/encompaniastj.org\/pt-pt\/#organization","name":"Compa\u00f1\u00eda de Santa Teresa de Jes\u00fas","url":"https:\/\/encompaniastj.org\/pt-pt\/","logo":{"@type":"ImageObject","inLanguage":"pt-PT","@id":"https:\/\/encompaniastj.org\/pt-pt\/#\/schema\/logo\/image\/","url":"https:\/\/encompaniastj.org\/wp-content\/uploads\/2025\/04\/logo_provincias02-1-3.png","contentUrl":"https:\/\/encompaniastj.org\/wp-content\/uploads\/2025\/04\/logo_provincias02-1-3.png","width":2368,"height":825,"caption":"Compa\u00f1\u00eda de Santa Teresa de Jes\u00fas"},"image":{"@id":"https:\/\/encompaniastj.org\/pt-pt\/#\/schema\/logo\/image\/"}},{"@type":"Person","@id":"https:\/\/encompaniastj.org\/pt-pt\/#\/schema\/person\/520e7ecc314793d40091993c2a02b651","name":"admin","image":{"@type":"ImageObject","inLanguage":"pt-PT","@id":"https:\/\/secure.gravatar.com\/avatar\/948b492cce32b586ac2db0eaa926ee87024f7afe218d73b397ea5ddfc5f43ea1?s=96&d=mm&r=g","url":"https:\/\/secure.gravatar.com\/avatar\/948b492cce32b586ac2db0eaa926ee87024f7afe218d73b397ea5ddfc5f43ea1?s=96&d=mm&r=g","contentUrl":"https:\/\/secure.gravatar.com\/avatar\/948b492cce32b586ac2db0eaa926ee87024f7afe218d73b397ea5ddfc5f43ea1?s=96&d=mm&r=g","caption":"admin"},"sameAs":["https:\/\/encompaniastj.org"],"url":"https:\/\/encompaniastj.org\/pt-pt\/author\/sjdigital\/"}]}},"_links":{"self":[{"href":"https:\/\/encompaniastj.org\/pt-pt\/wp-json\/wp\/v2\/posts\/9850","targetHints":{"allow":["GET"]}}],"collection":[{"href":"https:\/\/encompaniastj.org\/pt-pt\/wp-json\/wp\/v2\/posts"}],"about":[{"href":"https:\/\/encompaniastj.org\/pt-pt\/wp-json\/wp\/v2\/types\/post"}],"author":[{"embeddable":true,"href":"https:\/\/encompaniastj.org\/pt-pt\/wp-json\/wp\/v2\/users\/1"}],"replies":[{"embeddable":true,"href":"https:\/\/encompaniastj.org\/pt-pt\/wp-json\/wp\/v2\/comments?post=9850"}],"version-history":[{"count":1,"href":"https:\/\/encompaniastj.org\/pt-pt\/wp-json\/wp\/v2\/posts\/9850\/revisions"}],"predecessor-version":[{"id":9851,"href":"https:\/\/encompaniastj.org\/pt-pt\/wp-json\/wp\/v2\/posts\/9850\/revisions\/9851"}],"wp:featuredmedia":[{"embeddable":true,"href":"https:\/\/encompaniastj.org\/pt-pt\/wp-json\/wp\/v2\/media\/7201"}],"wp:attachment":[{"href":"https:\/\/encompaniastj.org\/pt-pt\/wp-json\/wp\/v2\/media?parent=9850"}],"wp:term":[{"taxonomy":"category","embeddable":true,"href":"https:\/\/encompaniastj.org\/pt-pt\/wp-json\/wp\/v2\/categories?post=9850"},{"taxonomy":"post_tag","embeddable":true,"href":"https:\/\/encompaniastj.org\/pt-pt\/wp-json\/wp\/v2\/tags?post=9850"}],"curies":[{"name":"wp","href":"https:\/\/api.w.org\/{rel}","templated":true}]}}