{"id":9838,"date":"2019-11-25T16:13:03","date_gmt":"2019-11-25T15:13:03","guid":{"rendered":"https:\/\/encompaniastj.org\/encontro-em-fatima-processo-discernimento-provincial\/"},"modified":"2025-07-07T16:20:52","modified_gmt":"2025-07-07T14:20:52","slug":"encontro-em-fatima-processo-discernimento-provincial","status":"publish","type":"post","link":"https:\/\/encompaniastj.org\/pt-pt\/encontro-em-fatima-processo-discernimento-provincial\/","title":{"rendered":"Encontro em F\u00e1tima - Processo Discernimento Provincial"},"content":{"rendered":"\n<p>Quarenta irm\u00e3s representantes das comunidades de Portugal responderam ao convite do governo provincial da Europa, para um encontro em F\u00e1tima, no dia 16 de Novembro. O governo provincial - representado neste encontro pela coordenadora provincial Isabel del Valle, as Delegadas Maria Am\u00e9lia Caldas e Pepi Garcia - quis aproximar-se mais da realidade comunit\u00e1ria e de miss\u00e3o desta zona da prov\u00edncia num encontro com as irm\u00e3s, e chegar a uma vis\u00e3o conjunta para em atitude de discernimento, ir esbo\u00e7ando resposta ao apelo feito no cap\u00edtulo provincial: <em>Discernimento de presen\u00e7as, comunidades e obras\/projetos, tendo em conta as nossas possibilidades e realidade<\/em>\u2026<\/p>\n\n\n\n<p>Acompanharam e animaram os trabalhos desta reuni\u00e3o as irm\u00e3s Catalina Gonz\u00e1lez coordenadora de \u00e2mbito social e Ana Fuentes coordenadora do \u00e2mbito escolar.  <\/p>\n\n\n\n<p>Inici\u00e1mos este encontro pelas 10:00h com um tempo de ora\u00e7\u00e3o, abrindo-nos ao Esp\u00edrito, escutando a Palavra da Sab. 18, 14 e encaminhadas pelo nosso Fundador, escut\u00e1mos a nossa Santa Madre Teresa de Jesus em V. 16, 7:<\/p>\n\n\n\n<p><em>\u201cEste contrato quisera eu que fiz\u00e9ssemos os cinco que, ao presente, nos amamos em Cristo. Como outros que nestes tempos se juntavam em segredo para ir contra Sua Majestade e ordenar maldades e heresias, procur\u00e1ssemos n\u00f3s juntarmo-nos alguma vez para nos desenganarmos uns aos outros e dizer em que nos poder\u00edamos emendar e contentar mais a Deus\u201d<\/em>. <\/p>\n\n\n\n<p>A Irm\u00e3 Provincial Isabel del Valle convidou-nos a contemplar a realidade das nossas comunidades com dados expostos nas paredes do sal\u00e3o real\u00e7ando os projetos que realizam, as idades das Irm\u00e3s que nelos se encontram e a interrogarmo-nos \u00e0 luz dessa realidade.<\/p>\n\n\n\n<p>Houve ainda a oportunidade de acolher a realidade dos diferentes \u00e2mbitos, e da Pastoral Juvenil, orientadas pelas Irm\u00e3s Cata, Ana Fuentes, Pepi e pelas Irm\u00e3s Diretoras Titulares dos tr\u00eas Col\u00e9gios, a Diretora da Resid\u00eancia Universit\u00e1ria de Coimbra, as respons\u00e1veis dos projetos sociais (Alpalh\u00e3o, Telheiras e Verim) e das coordenadoras das comunidades presentes, que exercem a sua atividade nessas obras.<\/p>\n\n\n\n<p>Pela tarde tom\u00e1mos conhecimento do trabalho realizado pela Equipa da Pastoral Juvenil \/ Vocacional, do MTA e da situa\u00e7\u00e3o da resid\u00eancia universit\u00e1ria de Coimbra. Express\u00e1mos por palavras algumas das nossas debilidades e as nossas fortalezas, tendo a Irm\u00e3 Provincial focado com insist\u00eancia que \u00e0 medida que surgem as debilidades exteriores, o interior se deve ir fortalecendo vivendo do essencial. <\/p>\n\n\n\n<p>E j\u00e1 em jeito de terminar, a Irm\u00e3 Provincial lan\u00e7ou-nos nova pergunta: Estamos dispostas a seguir avan\u00e7ando em discernimento nesta Prov\u00edncia da Europa, a n\u00e3o p\u00f4r resist\u00eancias?<\/p>\n\n\n\n<p>Ao longo do dia, foram muitas as perguntas que nos fizemos, tendo ficado com uma certeza: Deus atua atrav\u00e9s da nossa pobreza e da nossa confian\u00e7a n\u2019Ele.\nAgradecemos esta oportunidade que o governo provincial nos ofereceu, n\u00e3o s\u00f3 pela responsabilidade de construirmos juntas, mas tamb\u00e9m por nos podermos encontrar como Irm\u00e3s do mesmo pa\u00eds.<\/p>\n\n\n\n<ul class=\"wp-block-gallery columns-3 is-cropped wp-block-gallery-1 is-layout-flex wp-block-gallery-is-layout-flex\"><li class=\"blocks-gallery-item\"><figure><a href=\"https:\/\/encompaniastj.org\/wp-content\/uploads\/2025\/05\/2-1-1.jpg\"><img decoding=\"async\" src=\"https:\/\/encompaniastj.org\/wp-content\/uploads\/2025\/05\/2-1-1.jpg\" alt=\"\" data-id=\"5544\" data-link=\"https:\/\/encompaniastj.org\/?attachment_id=5544\" class=\"wp-image-5544\"\/><\/a><\/figure><\/li><li class=\"blocks-gallery-item\"><figure><a href=\"https:\/\/encompaniastj.org\/wp-content\/uploads\/2025\/05\/3-1-1.jpg\"><img decoding=\"async\" src=\"https:\/\/encompaniastj.org\/wp-content\/uploads\/2025\/05\/3-1-1.jpg\" alt=\"\" data-id=\"5546\" data-link=\"https:\/\/encompaniastj.org\/?attachment_id=5546\" class=\"wp-image-5546\"\/><\/a><\/figure><\/li><li class=\"blocks-gallery-item\"><figure><a href=\"https:\/\/encompaniastj.org\/wp-content\/uploads\/2025\/05\/4.-1.jpg\"><img decoding=\"async\" src=\"https:\/\/encompaniastj.org\/wp-content\/uploads\/2025\/05\/4.-1.jpg\" alt=\"\" data-id=\"5548\" data-link=\"https:\/\/encompaniastj.org\/?attachment_id=5548\" class=\"wp-image-5548\"\/><\/a><\/figure><\/li><li class=\"blocks-gallery-item\"><figure><a href=\"https:\/\/encompaniastj.org\/wp-content\/uploads\/2025\/05\/5.-1.jpg\"><img decoding=\"async\" src=\"https:\/\/encompaniastj.org\/wp-content\/uploads\/2025\/05\/5.-1.jpg\" alt=\"\" data-id=\"5550\" data-link=\"https:\/\/encompaniastj.org\/?attachment_id=5550\" class=\"wp-image-5550\"\/><\/a><\/figure><\/li><li class=\"blocks-gallery-item\"><figure><a href=\"https:\/\/encompaniastj.org\/wp-content\/uploads\/2025\/05\/5-3.jpg\"><img decoding=\"async\" src=\"https:\/\/encompaniastj.org\/wp-content\/uploads\/2025\/05\/5-3.jpg\" alt=\"\" data-id=\"5538\" data-link=\"https:\/\/encompaniastj.org\/?attachment_id=5538\" class=\"wp-image-5538\"\/><\/a><\/figure><\/li><li class=\"blocks-gallery-item\"><figure><a href=\"https:\/\/encompaniastj.org\/wp-content\/uploads\/2025\/05\/10.jpg\"><img decoding=\"async\" src=\"https:\/\/encompaniastj.org\/wp-content\/uploads\/2025\/05\/10.jpg\" alt=\"\" data-id=\"5542\" data-link=\"https:\/\/encompaniastj.org\/?attachment_id=5542\" class=\"wp-image-5542\"\/><\/a><\/figure><\/li><li class=\"blocks-gallery-item\"><figure><a href=\"https:\/\/encompaniastj.org\/wp-content\/uploads\/2025\/05\/9.jpg\"><img decoding=\"async\" src=\"https:\/\/encompaniastj.org\/wp-content\/uploads\/2025\/05\/9.jpg\" alt=\"\" data-id=\"5540\" data-link=\"https:\/\/encompaniastj.org\/?attachment_id=5540\" class=\"wp-image-5540\"\/><\/a><\/figure><\/li><\/ul>\n","protected":false},"excerpt":{"rendered":"<p>Quarenta irm\u00e3s representantes das comunidades de Portugal responderam ao convite do governo provincial da Europa, para um encontro em F\u00e1tima, no dia 16 de Novembro. O governo provincial - representado [&hellip;]<\/p>\n","protected":false},"author":1,"featured_media":7184,"comment_status":"open","ping_status":"open","sticky":false,"template":"","format":"standard","meta":{"_acf_changed":false,"footnotes":""},"categories":[61,62,68],"tags":[],"class_list":["post-9838","post","type-post","status-publish","format-standard","has-post-thumbnail","hentry","category-noticias","category-otras","category-outras"],"acf":[],"yoast_head":"<!-- This site is optimized with the Yoast SEO plugin v27.5 - https:\/\/yoast.com\/product\/yoast-seo-wordpress\/ -->\n<title>Encontro em F\u00e1tima - Processo Discernimento Provincial - En Compa\u00f1\u00eda STJ<\/title>\n<meta name=\"robots\" content=\"index, follow, max-snippet:-1, max-image-preview:large, max-video-preview:-1\" \/>\n<link rel=\"canonical\" href=\"https:\/\/encompaniastj.org\/pt-pt\/encontro-em-fatima-processo-discernimento-provincial\/\" \/>\n<meta property=\"og:locale\" content=\"pt_PT\" \/>\n<meta property=\"og:type\" content=\"article\" \/>\n<meta property=\"og:title\" content=\"Encontro em F\u00e1tima - Processo Discernimento Provincial - En Compa\u00f1\u00eda STJ\" \/>\n<meta property=\"og:description\" content=\"Quarenta irm\u00e3s representantes das comunidades de Portugal responderam ao convite do governo provincial da Europa, para um encontro em F\u00e1tima, no dia 16 de Novembro. O governo provincial - representado [&hellip;]\" \/>\n<meta property=\"og:url\" content=\"https:\/\/encompaniastj.org\/pt-pt\/encontro-em-fatima-processo-discernimento-provincial\/\" \/>\n<meta property=\"og:site_name\" content=\"En Compa\u00f1\u00eda STJ\" \/>\n<meta property=\"article:published_time\" content=\"2019-11-25T15:13:03+00:00\" \/>\n<meta property=\"article:modified_time\" content=\"2025-07-07T14:20:52+00:00\" \/>\n<meta property=\"og:image\" content=\"https:\/\/encompaniastj.org\/wp-content\/uploads\/2025\/05\/9.jpg\" \/>\n\t<meta property=\"og:image:width\" content=\"1976\" \/>\n\t<meta property=\"og:image:height\" content=\"1112\" \/>\n\t<meta property=\"og:image:type\" content=\"image\/jpeg\" \/>\n<meta name=\"author\" content=\"admin\" \/>\n<meta name=\"twitter:card\" content=\"summary_large_image\" \/>\n<meta name=\"twitter:label1\" content=\"Escrito por\" \/>\n\t<meta name=\"twitter:data1\" content=\"admin\" \/>\n\t<meta name=\"twitter:label2\" content=\"Tempo estimado de leitura\" \/>\n\t<meta name=\"twitter:data2\" content=\"3 minutos\" \/>\n<script type=\"application\/ld+json\" class=\"yoast-schema-graph\">{\"@context\":\"https:\\\/\\\/schema.org\",\"@graph\":[{\"@type\":\"Article\",\"@id\":\"https:\\\/\\\/encompaniastj.org\\\/pt-pt\\\/encontro-em-fatima-processo-discernimento-provincial\\\/#article\",\"isPartOf\":{\"@id\":\"https:\\\/\\\/encompaniastj.org\\\/pt-pt\\\/encontro-em-fatima-processo-discernimento-provincial\\\/\"},\"author\":{\"name\":\"admin\",\"@id\":\"https:\\\/\\\/encompaniastj.org\\\/pt-pt\\\/#\\\/schema\\\/person\\\/520e7ecc314793d40091993c2a02b651\"},\"headline\":\"Encontro em F\u00e1tima - Processo Discernimento Provincial\",\"datePublished\":\"2019-11-25T15:13:03+00:00\",\"dateModified\":\"2025-07-07T14:20:52+00:00\",\"mainEntityOfPage\":{\"@id\":\"https:\\\/\\\/encompaniastj.org\\\/pt-pt\\\/encontro-em-fatima-processo-discernimento-provincial\\\/\"},\"wordCount\":508,\"commentCount\":0,\"publisher\":{\"@id\":\"https:\\\/\\\/encompaniastj.org\\\/pt-pt\\\/#organization\"},\"image\":{\"@id\":\"https:\\\/\\\/encompaniastj.org\\\/pt-pt\\\/encontro-em-fatima-processo-discernimento-provincial\\\/#primaryimage\"},\"thumbnailUrl\":\"https:\\\/\\\/encompaniastj.org\\\/wp-content\\\/uploads\\\/2025\\\/05\\\/9.jpg\",\"articleSection\":[\"Noticias\",\"Otras\",\"Outras\"],\"inLanguage\":\"pt-PT\",\"potentialAction\":[{\"@type\":\"CommentAction\",\"name\":\"Comment\",\"target\":[\"https:\\\/\\\/encompaniastj.org\\\/pt-pt\\\/encontro-em-fatima-processo-discernimento-provincial\\\/#respond\"]}]},{\"@type\":\"WebPage\",\"@id\":\"https:\\\/\\\/encompaniastj.org\\\/pt-pt\\\/encontro-em-fatima-processo-discernimento-provincial\\\/\",\"url\":\"https:\\\/\\\/encompaniastj.org\\\/pt-pt\\\/encontro-em-fatima-processo-discernimento-provincial\\\/\",\"name\":\"Encontro em F\u00e1tima - Processo Discernimento Provincial - En Compa\u00f1\u00eda STJ\",\"isPartOf\":{\"@id\":\"https:\\\/\\\/encompaniastj.org\\\/pt-pt\\\/#website\"},\"primaryImageOfPage\":{\"@id\":\"https:\\\/\\\/encompaniastj.org\\\/pt-pt\\\/encontro-em-fatima-processo-discernimento-provincial\\\/#primaryimage\"},\"image\":{\"@id\":\"https:\\\/\\\/encompaniastj.org\\\/pt-pt\\\/encontro-em-fatima-processo-discernimento-provincial\\\/#primaryimage\"},\"thumbnailUrl\":\"https:\\\/\\\/encompaniastj.org\\\/wp-content\\\/uploads\\\/2025\\\/05\\\/9.jpg\",\"datePublished\":\"2019-11-25T15:13:03+00:00\",\"dateModified\":\"2025-07-07T14:20:52+00:00\",\"breadcrumb\":{\"@id\":\"https:\\\/\\\/encompaniastj.org\\\/pt-pt\\\/encontro-em-fatima-processo-discernimento-provincial\\\/#breadcrumb\"},\"inLanguage\":\"pt-PT\",\"potentialAction\":[{\"@type\":\"ReadAction\",\"target\":[\"https:\\\/\\\/encompaniastj.org\\\/pt-pt\\\/encontro-em-fatima-processo-discernimento-provincial\\\/\"]}]},{\"@type\":\"ImageObject\",\"inLanguage\":\"pt-PT\",\"@id\":\"https:\\\/\\\/encompaniastj.org\\\/pt-pt\\\/encontro-em-fatima-processo-discernimento-provincial\\\/#primaryimage\",\"url\":\"https:\\\/\\\/encompaniastj.org\\\/wp-content\\\/uploads\\\/2025\\\/05\\\/9.jpg\",\"contentUrl\":\"https:\\\/\\\/encompaniastj.org\\\/wp-content\\\/uploads\\\/2025\\\/05\\\/9.jpg\",\"width\":1976,\"height\":1112},{\"@type\":\"BreadcrumbList\",\"@id\":\"https:\\\/\\\/encompaniastj.org\\\/pt-pt\\\/encontro-em-fatima-processo-discernimento-provincial\\\/#breadcrumb\",\"itemListElement\":[{\"@type\":\"ListItem\",\"position\":1,\"name\":\"Portada\",\"item\":\"https:\\\/\\\/encompaniastj.org\\\/pt-pt\\\/\"},{\"@type\":\"ListItem\",\"position\":2,\"name\":\"Encontro em F\u00e1tima - Processo Discernimento Provincial\"}]},{\"@type\":\"WebSite\",\"@id\":\"https:\\\/\\\/encompaniastj.org\\\/pt-pt\\\/#website\",\"url\":\"https:\\\/\\\/encompaniastj.org\\\/pt-pt\\\/\",\"name\":\"En Compa\u00f1\u00eda STJ\",\"description\":\"Bolet\u00edn de la Compa\u00f1\u00eda de Santa Teresa de Jes\u00fas\",\"publisher\":{\"@id\":\"https:\\\/\\\/encompaniastj.org\\\/pt-pt\\\/#organization\"},\"potentialAction\":[{\"@type\":\"SearchAction\",\"target\":{\"@type\":\"EntryPoint\",\"urlTemplate\":\"https:\\\/\\\/encompaniastj.org\\\/pt-pt\\\/?s={search_term_string}\"},\"query-input\":{\"@type\":\"PropertyValueSpecification\",\"valueRequired\":true,\"valueName\":\"search_term_string\"}}],\"inLanguage\":\"pt-PT\"},{\"@type\":\"Organization\",\"@id\":\"https:\\\/\\\/encompaniastj.org\\\/pt-pt\\\/#organization\",\"name\":\"Compa\u00f1\u00eda de Santa Teresa de Jes\u00fas\",\"url\":\"https:\\\/\\\/encompaniastj.org\\\/pt-pt\\\/\",\"logo\":{\"@type\":\"ImageObject\",\"inLanguage\":\"pt-PT\",\"@id\":\"https:\\\/\\\/encompaniastj.org\\\/pt-pt\\\/#\\\/schema\\\/logo\\\/image\\\/\",\"url\":\"https:\\\/\\\/encompaniastj.org\\\/wp-content\\\/uploads\\\/2025\\\/04\\\/logo_provincias02-1-3.png\",\"contentUrl\":\"https:\\\/\\\/encompaniastj.org\\\/wp-content\\\/uploads\\\/2025\\\/04\\\/logo_provincias02-1-3.png\",\"width\":2368,\"height\":825,\"caption\":\"Compa\u00f1\u00eda de Santa Teresa de Jes\u00fas\"},\"image\":{\"@id\":\"https:\\\/\\\/encompaniastj.org\\\/pt-pt\\\/#\\\/schema\\\/logo\\\/image\\\/\"}},{\"@type\":\"Person\",\"@id\":\"https:\\\/\\\/encompaniastj.org\\\/pt-pt\\\/#\\\/schema\\\/person\\\/520e7ecc314793d40091993c2a02b651\",\"name\":\"admin\",\"image\":{\"@type\":\"ImageObject\",\"inLanguage\":\"pt-PT\",\"@id\":\"https:\\\/\\\/secure.gravatar.com\\\/avatar\\\/948b492cce32b586ac2db0eaa926ee87024f7afe218d73b397ea5ddfc5f43ea1?s=96&d=mm&r=g\",\"url\":\"https:\\\/\\\/secure.gravatar.com\\\/avatar\\\/948b492cce32b586ac2db0eaa926ee87024f7afe218d73b397ea5ddfc5f43ea1?s=96&d=mm&r=g\",\"contentUrl\":\"https:\\\/\\\/secure.gravatar.com\\\/avatar\\\/948b492cce32b586ac2db0eaa926ee87024f7afe218d73b397ea5ddfc5f43ea1?s=96&d=mm&r=g\",\"caption\":\"admin\"},\"sameAs\":[\"https:\\\/\\\/encompaniastj.org\"],\"url\":\"https:\\\/\\\/encompaniastj.org\\\/pt-pt\\\/author\\\/sjdigital\\\/\"}]}<\/script>\n<!-- \/ Yoast SEO plugin. -->","yoast_head_json":{"title":"Encontro em F\u00e1tima - Processo Discernimento Provincial - En Compa\u00f1\u00eda STJ","robots":{"index":"index","follow":"follow","max-snippet":"max-snippet:-1","max-image-preview":"max-image-preview:large","max-video-preview":"max-video-preview:-1"},"canonical":"https:\/\/encompaniastj.org\/pt-pt\/encontro-em-fatima-processo-discernimento-provincial\/","og_locale":"pt_PT","og_type":"article","og_title":"Encontro em F\u00e1tima - Processo Discernimento Provincial - En Compa\u00f1\u00eda STJ","og_description":"Quarenta irm\u00e3s representantes das comunidades de Portugal responderam ao convite do governo provincial da Europa, para um encontro em F\u00e1tima, no dia 16 de Novembro. O governo provincial - representado [&hellip;]","og_url":"https:\/\/encompaniastj.org\/pt-pt\/encontro-em-fatima-processo-discernimento-provincial\/","og_site_name":"En Compa\u00f1\u00eda STJ","article_published_time":"2019-11-25T15:13:03+00:00","article_modified_time":"2025-07-07T14:20:52+00:00","og_image":[{"width":1976,"height":1112,"url":"https:\/\/encompaniastj.org\/wp-content\/uploads\/2025\/05\/9.jpg","type":"image\/jpeg"}],"author":"admin","twitter_card":"summary_large_image","twitter_misc":{"Escrito por":"admin","Tempo estimado de leitura":"3 minutos"},"schema":{"@context":"https:\/\/schema.org","@graph":[{"@type":"Article","@id":"https:\/\/encompaniastj.org\/pt-pt\/encontro-em-fatima-processo-discernimento-provincial\/#article","isPartOf":{"@id":"https:\/\/encompaniastj.org\/pt-pt\/encontro-em-fatima-processo-discernimento-provincial\/"},"author":{"name":"admin","@id":"https:\/\/encompaniastj.org\/pt-pt\/#\/schema\/person\/520e7ecc314793d40091993c2a02b651"},"headline":"Encontro em F\u00e1tima - Processo Discernimento Provincial","datePublished":"2019-11-25T15:13:03+00:00","dateModified":"2025-07-07T14:20:52+00:00","mainEntityOfPage":{"@id":"https:\/\/encompaniastj.org\/pt-pt\/encontro-em-fatima-processo-discernimento-provincial\/"},"wordCount":508,"commentCount":0,"publisher":{"@id":"https:\/\/encompaniastj.org\/pt-pt\/#organization"},"image":{"@id":"https:\/\/encompaniastj.org\/pt-pt\/encontro-em-fatima-processo-discernimento-provincial\/#primaryimage"},"thumbnailUrl":"https:\/\/encompaniastj.org\/wp-content\/uploads\/2025\/05\/9.jpg","articleSection":["Noticias","Otras","Outras"],"inLanguage":"pt-PT","potentialAction":[{"@type":"CommentAction","name":"Comment","target":["https:\/\/encompaniastj.org\/pt-pt\/encontro-em-fatima-processo-discernimento-provincial\/#respond"]}]},{"@type":"WebPage","@id":"https:\/\/encompaniastj.org\/pt-pt\/encontro-em-fatima-processo-discernimento-provincial\/","url":"https:\/\/encompaniastj.org\/pt-pt\/encontro-em-fatima-processo-discernimento-provincial\/","name":"Encontro em F\u00e1tima - Processo Discernimento Provincial - En Compa\u00f1\u00eda STJ","isPartOf":{"@id":"https:\/\/encompaniastj.org\/pt-pt\/#website"},"primaryImageOfPage":{"@id":"https:\/\/encompaniastj.org\/pt-pt\/encontro-em-fatima-processo-discernimento-provincial\/#primaryimage"},"image":{"@id":"https:\/\/encompaniastj.org\/pt-pt\/encontro-em-fatima-processo-discernimento-provincial\/#primaryimage"},"thumbnailUrl":"https:\/\/encompaniastj.org\/wp-content\/uploads\/2025\/05\/9.jpg","datePublished":"2019-11-25T15:13:03+00:00","dateModified":"2025-07-07T14:20:52+00:00","breadcrumb":{"@id":"https:\/\/encompaniastj.org\/pt-pt\/encontro-em-fatima-processo-discernimento-provincial\/#breadcrumb"},"inLanguage":"pt-PT","potentialAction":[{"@type":"ReadAction","target":["https:\/\/encompaniastj.org\/pt-pt\/encontro-em-fatima-processo-discernimento-provincial\/"]}]},{"@type":"ImageObject","inLanguage":"pt-PT","@id":"https:\/\/encompaniastj.org\/pt-pt\/encontro-em-fatima-processo-discernimento-provincial\/#primaryimage","url":"https:\/\/encompaniastj.org\/wp-content\/uploads\/2025\/05\/9.jpg","contentUrl":"https:\/\/encompaniastj.org\/wp-content\/uploads\/2025\/05\/9.jpg","width":1976,"height":1112},{"@type":"BreadcrumbList","@id":"https:\/\/encompaniastj.org\/pt-pt\/encontro-em-fatima-processo-discernimento-provincial\/#breadcrumb","itemListElement":[{"@type":"ListItem","position":1,"name":"Portada","item":"https:\/\/encompaniastj.org\/pt-pt\/"},{"@type":"ListItem","position":2,"name":"Encontro em F\u00e1tima - Processo Discernimento Provincial"}]},{"@type":"WebSite","@id":"https:\/\/encompaniastj.org\/pt-pt\/#website","url":"https:\/\/encompaniastj.org\/pt-pt\/","name":"En Compa\u00f1\u00eda STJ","description":"Bolet\u00edn de la Compa\u00f1\u00eda de Santa Teresa de Jes\u00fas","publisher":{"@id":"https:\/\/encompaniastj.org\/pt-pt\/#organization"},"potentialAction":[{"@type":"SearchAction","target":{"@type":"EntryPoint","urlTemplate":"https:\/\/encompaniastj.org\/pt-pt\/?s={search_term_string}"},"query-input":{"@type":"PropertyValueSpecification","valueRequired":true,"valueName":"search_term_string"}}],"inLanguage":"pt-PT"},{"@type":"Organization","@id":"https:\/\/encompaniastj.org\/pt-pt\/#organization","name":"Compa\u00f1\u00eda de Santa Teresa de Jes\u00fas","url":"https:\/\/encompaniastj.org\/pt-pt\/","logo":{"@type":"ImageObject","inLanguage":"pt-PT","@id":"https:\/\/encompaniastj.org\/pt-pt\/#\/schema\/logo\/image\/","url":"https:\/\/encompaniastj.org\/wp-content\/uploads\/2025\/04\/logo_provincias02-1-3.png","contentUrl":"https:\/\/encompaniastj.org\/wp-content\/uploads\/2025\/04\/logo_provincias02-1-3.png","width":2368,"height":825,"caption":"Compa\u00f1\u00eda de Santa Teresa de Jes\u00fas"},"image":{"@id":"https:\/\/encompaniastj.org\/pt-pt\/#\/schema\/logo\/image\/"}},{"@type":"Person","@id":"https:\/\/encompaniastj.org\/pt-pt\/#\/schema\/person\/520e7ecc314793d40091993c2a02b651","name":"admin","image":{"@type":"ImageObject","inLanguage":"pt-PT","@id":"https:\/\/secure.gravatar.com\/avatar\/948b492cce32b586ac2db0eaa926ee87024f7afe218d73b397ea5ddfc5f43ea1?s=96&d=mm&r=g","url":"https:\/\/secure.gravatar.com\/avatar\/948b492cce32b586ac2db0eaa926ee87024f7afe218d73b397ea5ddfc5f43ea1?s=96&d=mm&r=g","contentUrl":"https:\/\/secure.gravatar.com\/avatar\/948b492cce32b586ac2db0eaa926ee87024f7afe218d73b397ea5ddfc5f43ea1?s=96&d=mm&r=g","caption":"admin"},"sameAs":["https:\/\/encompaniastj.org"],"url":"https:\/\/encompaniastj.org\/pt-pt\/author\/sjdigital\/"}]}},"_links":{"self":[{"href":"https:\/\/encompaniastj.org\/pt-pt\/wp-json\/wp\/v2\/posts\/9838","targetHints":{"allow":["GET"]}}],"collection":[{"href":"https:\/\/encompaniastj.org\/pt-pt\/wp-json\/wp\/v2\/posts"}],"about":[{"href":"https:\/\/encompaniastj.org\/pt-pt\/wp-json\/wp\/v2\/types\/post"}],"author":[{"embeddable":true,"href":"https:\/\/encompaniastj.org\/pt-pt\/wp-json\/wp\/v2\/users\/1"}],"replies":[{"embeddable":true,"href":"https:\/\/encompaniastj.org\/pt-pt\/wp-json\/wp\/v2\/comments?post=9838"}],"version-history":[{"count":1,"href":"https:\/\/encompaniastj.org\/pt-pt\/wp-json\/wp\/v2\/posts\/9838\/revisions"}],"predecessor-version":[{"id":9839,"href":"https:\/\/encompaniastj.org\/pt-pt\/wp-json\/wp\/v2\/posts\/9838\/revisions\/9839"}],"wp:featuredmedia":[{"embeddable":true,"href":"https:\/\/encompaniastj.org\/pt-pt\/wp-json\/wp\/v2\/media\/7184"}],"wp:attachment":[{"href":"https:\/\/encompaniastj.org\/pt-pt\/wp-json\/wp\/v2\/media?parent=9838"}],"wp:term":[{"taxonomy":"category","embeddable":true,"href":"https:\/\/encompaniastj.org\/pt-pt\/wp-json\/wp\/v2\/categories?post=9838"},{"taxonomy":"post_tag","embeddable":true,"href":"https:\/\/encompaniastj.org\/pt-pt\/wp-json\/wp\/v2\/tags?post=9838"}],"curies":[{"name":"wp","href":"https:\/\/api.w.org\/{rel}","templated":true}]}}