{"id":9834,"date":"2019-11-25T12:45:34","date_gmt":"2019-11-25T11:45:34","guid":{"rendered":"https:\/\/encompaniastj.org\/participacipacao-na-cirp\/"},"modified":"2025-07-07T16:20:51","modified_gmt":"2025-07-07T14:20:51","slug":"participacipacao-na-cirp","status":"publish","type":"post","link":"https:\/\/encompaniastj.org\/pt-pt\/participacipacao-na-cirp\/","title":{"rendered":"Participacipa\u00e7\u00e3o na CIRP"},"content":{"rendered":"\n<p>A Ir. Am\u00e9lia Martins, participou, como Delegada Provincial, na Assembleia Geral da Confer\u00eancia dos Institutos Religiosos de Portugal (CIRP), que decorreu em F\u00e1tima, nos dias dezanove e vinte de novembro.  <\/p>\n\n\n\n<p>A tarde do primeiro dia foi dedicada a assuntos da vida da CIRP. A Assembleia foi informada sobre a <em>Jornada Mundial da Juventude Lisboa 2022<\/em>, atrav\u00e9s dos Srs. Bispos, coordenadores gerais das Jornada, D. Joaquim Mendes para a \u00e1rea pastoral e D. Am\u00e9rico Aguiar para o setor log\u00edstico-operativo. D. Joaquim Mendes recordou que a JMJ 2022, anunciada para Lisboa pelo Papa Francisco no Panam\u00e1, ter\u00e1 como tema <em>\u201cMaria levantou-se e partiu apressadamente\u201d<\/em> (Lc 1,39). Os jovens ser\u00e3o os protagonistas e poder\u00e3o inscrever-se dos 14 aos 30 anos. Os tr\u00eas anos de prepara\u00e7\u00e3o s\u00e3o um tempo privilegiado de evangeliza\u00e7\u00e3o que deve envolver toda a comunidade eclesial e, obviamente, tamb\u00e9m os Institutos Religiosos. Solicitou a participa\u00e7\u00e3o das Congrega\u00e7\u00f5es Religiosas atrav\u00e9s da nomea\u00e7\u00e3o de representantes dos movimentos juvenis. Apelou para que o encontro com o Papa seja marcante na vida de todos os jovens, pois a JMJ, embora de identidade cat\u00f3lica, est\u00e1 aberta a todos. D. Am\u00e9rico Aguiar apresentou aspetos mais pragm\u00e1ticos para a JMJ 2022, referindo que o sucesso do encontro s\u00f3 poder\u00e1 acontecer se os jovens se inscreverem. Solicitou a nossa colabora\u00e7\u00e3o para isso, destacando que se dar\u00e1 prefer\u00eancia aos grupos de fam\u00edlias religiosas com presen\u00e7a internacional. Pediu a colabora\u00e7\u00e3o de volunt\u00e1rios nacionais e internacionais e de tradutores dos materiais a divulgar. Solicitou ainda apoio econ\u00f3mico e informou sobre o concurso que est\u00e1 a decorrer para o log\u00f3tipo e para o hino da JMJ 2022. Informou ainda que, no pr\u00f3ximo Domingo de Ramos, o Papa Francisco vai entregar a Cruz e o \u00cdcone Mariano da JMJ a uma representa\u00e7\u00e3o portuguesa.<\/p>\n\n\n\n<p>No segundo dia participaram tamb\u00e9m as irm\u00e3s Isabel Rocha e Lourdes Quint\u00e3os, como convidadas. Este dia foi dedicado \u00e0 forma\u00e7\u00e3o orientada pelo te\u00f3logo Claretiano, Padre Jos\u00e9 Cristo Rey Garc\u00eda Paredes, com a reflex\u00e3o sobre o tema \u201cOutra comunidade \u00e9 poss\u00edvel\u201d, a partir do seu livro publicado em portugu\u00eas. Abordou seis temas interrelacionados: 1. Comunidades configuradas pela miss\u00e3o. 2. Comunidades \u2013 morada: espa\u00e7os de comunh\u00e3o. 3. Comunidades organizadas \u2013 o novo paradigma. 4. Comunidades lideradas pelo Esp\u00edrito: l\u00edderes e colaboradores. 5. Comunidades perante o conflito: reconcilia\u00e7\u00e3o transformadora. 6. Comunidades em processo de transforma\u00e7\u00e3o: voar, viajar, contemplar e sonhar, como itiner\u00e1rio para concretizar o sonho de que \u00e9 poss\u00edvel viver em Comunidades, sob a lideran\u00e7a do Esp\u00edrito. Uma reflex\u00e3o pertinente, provocadora e criativa sobre a miss\u00e3o que somos em comunidade: mais do que considerar a \u201ccomunidade com uma miss\u00e3o\u201d, somos uma \u201ccomunidade configurada pela Miss\u00e3o de Deus, a Miss\u00e3o do Esp\u00edrito\u201d. <\/p>\n\n\n\n<ul class=\"wp-block-gallery columns-1 is-cropped wp-block-gallery-1 is-layout-flex wp-block-gallery-is-layout-flex\"><li class=\"blocks-gallery-item\"><figure><a href=\"https:\/\/encompaniastj.org\/wp-content\/uploads\/2025\/05\/cirp.jpg\"><img decoding=\"async\" src=\"https:\/\/encompaniastj.org\/wp-content\/uploads\/2025\/05\/cirp.jpg\" alt=\"\" data-id=\"5514\" data-link=\"https:\/\/encompaniastj.org\/?attachment_id=5514\" class=\"wp-image-5514\"\/><\/a><\/figure><\/li><\/ul>\n","protected":false},"excerpt":{"rendered":"<p>A Ir. Am\u00e9lia Martins, participou, como Delegada Provincial, na Assembleia Geral da Confer\u00eancia dos Institutos Religiosos de Portugal (CIRP), que decorreu em F\u00e1tima, nos dias dezanove e vinte de novembro. [&hellip;]<\/p>\n","protected":false},"author":1,"featured_media":7177,"comment_status":"open","ping_status":"open","sticky":false,"template":"","format":"standard","meta":{"_acf_changed":false,"footnotes":""},"categories":[61,62,68],"tags":[],"class_list":["post-9834","post","type-post","status-publish","format-standard","has-post-thumbnail","hentry","category-noticias","category-otras","category-outras"],"acf":[],"yoast_head":"<!-- This site is optimized with the Yoast SEO plugin v27.5 - https:\/\/yoast.com\/product\/yoast-seo-wordpress\/ -->\n<title>Participacipa\u00e7\u00e3o na CIRP - En Compa\u00f1\u00eda STJ<\/title>\n<meta name=\"robots\" content=\"index, follow, max-snippet:-1, max-image-preview:large, max-video-preview:-1\" \/>\n<link rel=\"canonical\" href=\"https:\/\/encompaniastj.org\/pt-pt\/participacipacao-na-cirp\/\" \/>\n<meta property=\"og:locale\" content=\"pt_PT\" \/>\n<meta property=\"og:type\" content=\"article\" \/>\n<meta property=\"og:title\" content=\"Participacipa\u00e7\u00e3o na CIRP - En Compa\u00f1\u00eda STJ\" \/>\n<meta property=\"og:description\" content=\"A Ir. Am\u00e9lia Martins, participou, como Delegada Provincial, na Assembleia Geral da Confer\u00eancia dos Institutos Religiosos de Portugal (CIRP), que decorreu em F\u00e1tima, nos dias dezanove e vinte de novembro. [&hellip;]\" \/>\n<meta property=\"og:url\" content=\"https:\/\/encompaniastj.org\/pt-pt\/participacipacao-na-cirp\/\" \/>\n<meta property=\"og:site_name\" content=\"En Compa\u00f1\u00eda STJ\" \/>\n<meta property=\"article:published_time\" content=\"2019-11-25T11:45:34+00:00\" \/>\n<meta property=\"article:modified_time\" content=\"2025-07-07T14:20:51+00:00\" \/>\n<meta property=\"og:image\" content=\"https:\/\/encompaniastj.org\/wp-content\/uploads\/2025\/05\/logo-cirp.jpg\" \/>\n\t<meta property=\"og:image:width\" content=\"944\" \/>\n\t<meta property=\"og:image:height\" content=\"531\" \/>\n\t<meta property=\"og:image:type\" content=\"image\/jpeg\" \/>\n<meta name=\"author\" content=\"admin\" \/>\n<meta name=\"twitter:card\" content=\"summary_large_image\" \/>\n<meta name=\"twitter:label1\" content=\"Escrito por\" \/>\n\t<meta name=\"twitter:data1\" content=\"admin\" \/>\n\t<meta name=\"twitter:label2\" content=\"Tempo estimado de leitura\" \/>\n\t<meta name=\"twitter:data2\" content=\"2 minutos\" \/>\n<script type=\"application\/ld+json\" class=\"yoast-schema-graph\">{\"@context\":\"https:\\\/\\\/schema.org\",\"@graph\":[{\"@type\":\"Article\",\"@id\":\"https:\\\/\\\/encompaniastj.org\\\/pt-pt\\\/participacipacao-na-cirp\\\/#article\",\"isPartOf\":{\"@id\":\"https:\\\/\\\/encompaniastj.org\\\/pt-pt\\\/participacipacao-na-cirp\\\/\"},\"author\":{\"name\":\"admin\",\"@id\":\"https:\\\/\\\/encompaniastj.org\\\/pt-pt\\\/#\\\/schema\\\/person\\\/520e7ecc314793d40091993c2a02b651\"},\"headline\":\"Participacipa\u00e7\u00e3o na CIRP\",\"datePublished\":\"2019-11-25T11:45:34+00:00\",\"dateModified\":\"2025-07-07T14:20:51+00:00\",\"mainEntityOfPage\":{\"@id\":\"https:\\\/\\\/encompaniastj.org\\\/pt-pt\\\/participacipacao-na-cirp\\\/\"},\"wordCount\":480,\"commentCount\":0,\"publisher\":{\"@id\":\"https:\\\/\\\/encompaniastj.org\\\/pt-pt\\\/#organization\"},\"image\":{\"@id\":\"https:\\\/\\\/encompaniastj.org\\\/pt-pt\\\/participacipacao-na-cirp\\\/#primaryimage\"},\"thumbnailUrl\":\"https:\\\/\\\/encompaniastj.org\\\/wp-content\\\/uploads\\\/2025\\\/05\\\/logo-cirp.jpg\",\"articleSection\":[\"Noticias\",\"Otras\",\"Outras\"],\"inLanguage\":\"pt-PT\",\"potentialAction\":[{\"@type\":\"CommentAction\",\"name\":\"Comment\",\"target\":[\"https:\\\/\\\/encompaniastj.org\\\/pt-pt\\\/participacipacao-na-cirp\\\/#respond\"]}]},{\"@type\":\"WebPage\",\"@id\":\"https:\\\/\\\/encompaniastj.org\\\/pt-pt\\\/participacipacao-na-cirp\\\/\",\"url\":\"https:\\\/\\\/encompaniastj.org\\\/pt-pt\\\/participacipacao-na-cirp\\\/\",\"name\":\"Participacipa\u00e7\u00e3o na CIRP - En Compa\u00f1\u00eda STJ\",\"isPartOf\":{\"@id\":\"https:\\\/\\\/encompaniastj.org\\\/pt-pt\\\/#website\"},\"primaryImageOfPage\":{\"@id\":\"https:\\\/\\\/encompaniastj.org\\\/pt-pt\\\/participacipacao-na-cirp\\\/#primaryimage\"},\"image\":{\"@id\":\"https:\\\/\\\/encompaniastj.org\\\/pt-pt\\\/participacipacao-na-cirp\\\/#primaryimage\"},\"thumbnailUrl\":\"https:\\\/\\\/encompaniastj.org\\\/wp-content\\\/uploads\\\/2025\\\/05\\\/logo-cirp.jpg\",\"datePublished\":\"2019-11-25T11:45:34+00:00\",\"dateModified\":\"2025-07-07T14:20:51+00:00\",\"breadcrumb\":{\"@id\":\"https:\\\/\\\/encompaniastj.org\\\/pt-pt\\\/participacipacao-na-cirp\\\/#breadcrumb\"},\"inLanguage\":\"pt-PT\",\"potentialAction\":[{\"@type\":\"ReadAction\",\"target\":[\"https:\\\/\\\/encompaniastj.org\\\/pt-pt\\\/participacipacao-na-cirp\\\/\"]}]},{\"@type\":\"ImageObject\",\"inLanguage\":\"pt-PT\",\"@id\":\"https:\\\/\\\/encompaniastj.org\\\/pt-pt\\\/participacipacao-na-cirp\\\/#primaryimage\",\"url\":\"https:\\\/\\\/encompaniastj.org\\\/wp-content\\\/uploads\\\/2025\\\/05\\\/logo-cirp.jpg\",\"contentUrl\":\"https:\\\/\\\/encompaniastj.org\\\/wp-content\\\/uploads\\\/2025\\\/05\\\/logo-cirp.jpg\",\"width\":944,\"height\":531},{\"@type\":\"BreadcrumbList\",\"@id\":\"https:\\\/\\\/encompaniastj.org\\\/pt-pt\\\/participacipacao-na-cirp\\\/#breadcrumb\",\"itemListElement\":[{\"@type\":\"ListItem\",\"position\":1,\"name\":\"Portada\",\"item\":\"https:\\\/\\\/encompaniastj.org\\\/pt-pt\\\/\"},{\"@type\":\"ListItem\",\"position\":2,\"name\":\"Participacipa\u00e7\u00e3o na CIRP\"}]},{\"@type\":\"WebSite\",\"@id\":\"https:\\\/\\\/encompaniastj.org\\\/pt-pt\\\/#website\",\"url\":\"https:\\\/\\\/encompaniastj.org\\\/pt-pt\\\/\",\"name\":\"En Compa\u00f1\u00eda STJ\",\"description\":\"Bolet\u00edn de la Compa\u00f1\u00eda de Santa Teresa de Jes\u00fas\",\"publisher\":{\"@id\":\"https:\\\/\\\/encompaniastj.org\\\/pt-pt\\\/#organization\"},\"potentialAction\":[{\"@type\":\"SearchAction\",\"target\":{\"@type\":\"EntryPoint\",\"urlTemplate\":\"https:\\\/\\\/encompaniastj.org\\\/pt-pt\\\/?s={search_term_string}\"},\"query-input\":{\"@type\":\"PropertyValueSpecification\",\"valueRequired\":true,\"valueName\":\"search_term_string\"}}],\"inLanguage\":\"pt-PT\"},{\"@type\":\"Organization\",\"@id\":\"https:\\\/\\\/encompaniastj.org\\\/pt-pt\\\/#organization\",\"name\":\"Compa\u00f1\u00eda de Santa Teresa de Jes\u00fas\",\"url\":\"https:\\\/\\\/encompaniastj.org\\\/pt-pt\\\/\",\"logo\":{\"@type\":\"ImageObject\",\"inLanguage\":\"pt-PT\",\"@id\":\"https:\\\/\\\/encompaniastj.org\\\/pt-pt\\\/#\\\/schema\\\/logo\\\/image\\\/\",\"url\":\"https:\\\/\\\/encompaniastj.org\\\/wp-content\\\/uploads\\\/2025\\\/04\\\/logo_provincias02-1-3.png\",\"contentUrl\":\"https:\\\/\\\/encompaniastj.org\\\/wp-content\\\/uploads\\\/2025\\\/04\\\/logo_provincias02-1-3.png\",\"width\":2368,\"height\":825,\"caption\":\"Compa\u00f1\u00eda de Santa Teresa de Jes\u00fas\"},\"image\":{\"@id\":\"https:\\\/\\\/encompaniastj.org\\\/pt-pt\\\/#\\\/schema\\\/logo\\\/image\\\/\"}},{\"@type\":\"Person\",\"@id\":\"https:\\\/\\\/encompaniastj.org\\\/pt-pt\\\/#\\\/schema\\\/person\\\/520e7ecc314793d40091993c2a02b651\",\"name\":\"admin\",\"image\":{\"@type\":\"ImageObject\",\"inLanguage\":\"pt-PT\",\"@id\":\"https:\\\/\\\/secure.gravatar.com\\\/avatar\\\/948b492cce32b586ac2db0eaa926ee87024f7afe218d73b397ea5ddfc5f43ea1?s=96&d=mm&r=g\",\"url\":\"https:\\\/\\\/secure.gravatar.com\\\/avatar\\\/948b492cce32b586ac2db0eaa926ee87024f7afe218d73b397ea5ddfc5f43ea1?s=96&d=mm&r=g\",\"contentUrl\":\"https:\\\/\\\/secure.gravatar.com\\\/avatar\\\/948b492cce32b586ac2db0eaa926ee87024f7afe218d73b397ea5ddfc5f43ea1?s=96&d=mm&r=g\",\"caption\":\"admin\"},\"sameAs\":[\"https:\\\/\\\/encompaniastj.org\"],\"url\":\"https:\\\/\\\/encompaniastj.org\\\/pt-pt\\\/author\\\/sjdigital\\\/\"}]}<\/script>\n<!-- \/ Yoast SEO plugin. -->","yoast_head_json":{"title":"Participacipa\u00e7\u00e3o na CIRP - En Compa\u00f1\u00eda STJ","robots":{"index":"index","follow":"follow","max-snippet":"max-snippet:-1","max-image-preview":"max-image-preview:large","max-video-preview":"max-video-preview:-1"},"canonical":"https:\/\/encompaniastj.org\/pt-pt\/participacipacao-na-cirp\/","og_locale":"pt_PT","og_type":"article","og_title":"Participacipa\u00e7\u00e3o na CIRP - En Compa\u00f1\u00eda STJ","og_description":"A Ir. Am\u00e9lia Martins, participou, como Delegada Provincial, na Assembleia Geral da Confer\u00eancia dos Institutos Religiosos de Portugal (CIRP), que decorreu em F\u00e1tima, nos dias dezanove e vinte de novembro. [&hellip;]","og_url":"https:\/\/encompaniastj.org\/pt-pt\/participacipacao-na-cirp\/","og_site_name":"En Compa\u00f1\u00eda STJ","article_published_time":"2019-11-25T11:45:34+00:00","article_modified_time":"2025-07-07T14:20:51+00:00","og_image":[{"width":944,"height":531,"url":"https:\/\/encompaniastj.org\/wp-content\/uploads\/2025\/05\/logo-cirp.jpg","type":"image\/jpeg"}],"author":"admin","twitter_card":"summary_large_image","twitter_misc":{"Escrito por":"admin","Tempo estimado de leitura":"2 minutos"},"schema":{"@context":"https:\/\/schema.org","@graph":[{"@type":"Article","@id":"https:\/\/encompaniastj.org\/pt-pt\/participacipacao-na-cirp\/#article","isPartOf":{"@id":"https:\/\/encompaniastj.org\/pt-pt\/participacipacao-na-cirp\/"},"author":{"name":"admin","@id":"https:\/\/encompaniastj.org\/pt-pt\/#\/schema\/person\/520e7ecc314793d40091993c2a02b651"},"headline":"Participacipa\u00e7\u00e3o na CIRP","datePublished":"2019-11-25T11:45:34+00:00","dateModified":"2025-07-07T14:20:51+00:00","mainEntityOfPage":{"@id":"https:\/\/encompaniastj.org\/pt-pt\/participacipacao-na-cirp\/"},"wordCount":480,"commentCount":0,"publisher":{"@id":"https:\/\/encompaniastj.org\/pt-pt\/#organization"},"image":{"@id":"https:\/\/encompaniastj.org\/pt-pt\/participacipacao-na-cirp\/#primaryimage"},"thumbnailUrl":"https:\/\/encompaniastj.org\/wp-content\/uploads\/2025\/05\/logo-cirp.jpg","articleSection":["Noticias","Otras","Outras"],"inLanguage":"pt-PT","potentialAction":[{"@type":"CommentAction","name":"Comment","target":["https:\/\/encompaniastj.org\/pt-pt\/participacipacao-na-cirp\/#respond"]}]},{"@type":"WebPage","@id":"https:\/\/encompaniastj.org\/pt-pt\/participacipacao-na-cirp\/","url":"https:\/\/encompaniastj.org\/pt-pt\/participacipacao-na-cirp\/","name":"Participacipa\u00e7\u00e3o na CIRP - En Compa\u00f1\u00eda STJ","isPartOf":{"@id":"https:\/\/encompaniastj.org\/pt-pt\/#website"},"primaryImageOfPage":{"@id":"https:\/\/encompaniastj.org\/pt-pt\/participacipacao-na-cirp\/#primaryimage"},"image":{"@id":"https:\/\/encompaniastj.org\/pt-pt\/participacipacao-na-cirp\/#primaryimage"},"thumbnailUrl":"https:\/\/encompaniastj.org\/wp-content\/uploads\/2025\/05\/logo-cirp.jpg","datePublished":"2019-11-25T11:45:34+00:00","dateModified":"2025-07-07T14:20:51+00:00","breadcrumb":{"@id":"https:\/\/encompaniastj.org\/pt-pt\/participacipacao-na-cirp\/#breadcrumb"},"inLanguage":"pt-PT","potentialAction":[{"@type":"ReadAction","target":["https:\/\/encompaniastj.org\/pt-pt\/participacipacao-na-cirp\/"]}]},{"@type":"ImageObject","inLanguage":"pt-PT","@id":"https:\/\/encompaniastj.org\/pt-pt\/participacipacao-na-cirp\/#primaryimage","url":"https:\/\/encompaniastj.org\/wp-content\/uploads\/2025\/05\/logo-cirp.jpg","contentUrl":"https:\/\/encompaniastj.org\/wp-content\/uploads\/2025\/05\/logo-cirp.jpg","width":944,"height":531},{"@type":"BreadcrumbList","@id":"https:\/\/encompaniastj.org\/pt-pt\/participacipacao-na-cirp\/#breadcrumb","itemListElement":[{"@type":"ListItem","position":1,"name":"Portada","item":"https:\/\/encompaniastj.org\/pt-pt\/"},{"@type":"ListItem","position":2,"name":"Participacipa\u00e7\u00e3o na CIRP"}]},{"@type":"WebSite","@id":"https:\/\/encompaniastj.org\/pt-pt\/#website","url":"https:\/\/encompaniastj.org\/pt-pt\/","name":"En Compa\u00f1\u00eda STJ","description":"Bolet\u00edn de la Compa\u00f1\u00eda de Santa Teresa de Jes\u00fas","publisher":{"@id":"https:\/\/encompaniastj.org\/pt-pt\/#organization"},"potentialAction":[{"@type":"SearchAction","target":{"@type":"EntryPoint","urlTemplate":"https:\/\/encompaniastj.org\/pt-pt\/?s={search_term_string}"},"query-input":{"@type":"PropertyValueSpecification","valueRequired":true,"valueName":"search_term_string"}}],"inLanguage":"pt-PT"},{"@type":"Organization","@id":"https:\/\/encompaniastj.org\/pt-pt\/#organization","name":"Compa\u00f1\u00eda de Santa Teresa de Jes\u00fas","url":"https:\/\/encompaniastj.org\/pt-pt\/","logo":{"@type":"ImageObject","inLanguage":"pt-PT","@id":"https:\/\/encompaniastj.org\/pt-pt\/#\/schema\/logo\/image\/","url":"https:\/\/encompaniastj.org\/wp-content\/uploads\/2025\/04\/logo_provincias02-1-3.png","contentUrl":"https:\/\/encompaniastj.org\/wp-content\/uploads\/2025\/04\/logo_provincias02-1-3.png","width":2368,"height":825,"caption":"Compa\u00f1\u00eda de Santa Teresa de Jes\u00fas"},"image":{"@id":"https:\/\/encompaniastj.org\/pt-pt\/#\/schema\/logo\/image\/"}},{"@type":"Person","@id":"https:\/\/encompaniastj.org\/pt-pt\/#\/schema\/person\/520e7ecc314793d40091993c2a02b651","name":"admin","image":{"@type":"ImageObject","inLanguage":"pt-PT","@id":"https:\/\/secure.gravatar.com\/avatar\/948b492cce32b586ac2db0eaa926ee87024f7afe218d73b397ea5ddfc5f43ea1?s=96&d=mm&r=g","url":"https:\/\/secure.gravatar.com\/avatar\/948b492cce32b586ac2db0eaa926ee87024f7afe218d73b397ea5ddfc5f43ea1?s=96&d=mm&r=g","contentUrl":"https:\/\/secure.gravatar.com\/avatar\/948b492cce32b586ac2db0eaa926ee87024f7afe218d73b397ea5ddfc5f43ea1?s=96&d=mm&r=g","caption":"admin"},"sameAs":["https:\/\/encompaniastj.org"],"url":"https:\/\/encompaniastj.org\/pt-pt\/author\/sjdigital\/"}]}},"_links":{"self":[{"href":"https:\/\/encompaniastj.org\/pt-pt\/wp-json\/wp\/v2\/posts\/9834","targetHints":{"allow":["GET"]}}],"collection":[{"href":"https:\/\/encompaniastj.org\/pt-pt\/wp-json\/wp\/v2\/posts"}],"about":[{"href":"https:\/\/encompaniastj.org\/pt-pt\/wp-json\/wp\/v2\/types\/post"}],"author":[{"embeddable":true,"href":"https:\/\/encompaniastj.org\/pt-pt\/wp-json\/wp\/v2\/users\/1"}],"replies":[{"embeddable":true,"href":"https:\/\/encompaniastj.org\/pt-pt\/wp-json\/wp\/v2\/comments?post=9834"}],"version-history":[{"count":1,"href":"https:\/\/encompaniastj.org\/pt-pt\/wp-json\/wp\/v2\/posts\/9834\/revisions"}],"predecessor-version":[{"id":9835,"href":"https:\/\/encompaniastj.org\/pt-pt\/wp-json\/wp\/v2\/posts\/9834\/revisions\/9835"}],"wp:featuredmedia":[{"embeddable":true,"href":"https:\/\/encompaniastj.org\/pt-pt\/wp-json\/wp\/v2\/media\/7177"}],"wp:attachment":[{"href":"https:\/\/encompaniastj.org\/pt-pt\/wp-json\/wp\/v2\/media?parent=9834"}],"wp:term":[{"taxonomy":"category","embeddable":true,"href":"https:\/\/encompaniastj.org\/pt-pt\/wp-json\/wp\/v2\/categories?post=9834"},{"taxonomy":"post_tag","embeddable":true,"href":"https:\/\/encompaniastj.org\/pt-pt\/wp-json\/wp\/v2\/tags?post=9834"}],"curies":[{"name":"wp","href":"https:\/\/api.w.org\/{rel}","templated":true}]}}