{"id":9830,"date":"2019-11-24T08:31:27","date_gmt":"2019-11-24T07:31:27","guid":{"rendered":"https:\/\/encompaniastj.org\/jesus-residencia-o-magusto\/"},"modified":"2025-07-07T16:20:50","modified_gmt":"2025-07-07T14:20:50","slug":"jesus-residencia-o-magusto","status":"publish","type":"post","link":"https:\/\/encompaniastj.org\/pt-pt\/jesus-residencia-o-magusto\/","title":{"rendered":"Jesus-Resid\u00eancia \u2013 O Magusto"},"content":{"rendered":"\n<p>O encontro festivo das irm\u00e3s de Jesus-Resid\u00eancia, pode compreender-se bem \u00e0 luz destas frases tiradas da Gaudete et Etxulate do Papa Francisco (n. 126-128): <\/p>\n\n\n\n<p>\u201cOrdinariamente a alegria crist\u00e3 est\u00e1 acompanhada do sentido de humor. \u00c9 tanto o que recebemos do Senhor, \u00abpara que o gozemos\u00bb (1Tm 6,17), que \u00e0s vezes a tristeza tem que ver com a ingratid\u00e3o, com estar t\u00e3o fechado em si mesmo que a pessoa se torna incapaz de reconhecer as b\u00ean\u00e7\u00e3os de Deus. O seu amor paterno convida-nos: \u00abFilho, enquanto te for poss\u00edvel, cuida de ti mesmo [\u2026]. N\u00e3o te prives de passar um dia feliz\u00bb (Si 14,11.14). Ele quer que sejamos positivos, agradecidos e n\u00e3o demasiado complicados. Em todo o caso, deve-se manter um esp\u00edrito flex\u00edvel, e fazer como S. Paulo: \u00abEu aprendi a bastar-me com o que tenho\u00bb (Fl. 4,11).<\/p>\n\n\n\n<p>N\u00e3o estou a falar da alegria consumista e individualista t\u00e3o presente nalgumas experi\u00eancias culturais de hoje. Refiro-me antes a essa alegria que se vive em comunh\u00e3o, que se partilha e se reparte, porque \u00abh\u00e1 mais alegria em dar que em receber\u00bb (Act. 20,35) e \u00abDeus ama a quem d\u00e1 com alegria\u00bb (2 Cor. 9,7). O amor fraterno multiplica a nossa capacidade de gozo, j\u00e1 que nos torna capazes de gozar com o bem dos outros: \u00abAlegrai-vos com os que est\u00e3o alegres\u00bb (Rm 12,15). \u00abAlegramo-nos quando somos fracos e v\u00f3s sois fortes\u00bb (2 Cor. 13,9).\u201d<\/p>\n\n\n\n<p>As nossas irm\u00e3s contam-nos: <\/p>\n\n\n\n<p>\u201cMais um ano e tivemos o magusto para celebrar Todos os Santos. Neste conv\u00edvio comem-se as castanhas, batatas-doces e os c\u00e9lebres <em>panellets,<\/em> uns doces feitos \u00e0 base de am\u00eandoa e a\u00e7\u00facar que, segundo dizem, s\u00e3o de origem \u00e1rabe. Este ano, as irm\u00e3s da enfermaria fizeram estes doces, dando-lhes v\u00e1rias formas.<\/p>\n\n\n\n<p>No dia 31 ao entardecer, reunimo-nos toda a comunidade e as t\u00e9cnicas dos cuidados para prov\u00e1-los e receber as organizadoras do magusto que nos explicaram algo da sua vida. Foi uma festa amiga e\u2026 proveitosa!\u201d<\/p>\n\n\n\n<p>\nAlegramo-nos porque nestes pequenos gestos, as nossas irm\u00e3s ensinam-nos a viver essa alegria que se vive em comunh\u00e3o, que se divide e se reparte. <\/p>\n\n\n\n<ul class=\"wp-block-gallery columns-2 is-cropped wp-block-gallery-1 is-layout-flex wp-block-gallery-is-layout-flex\"><li class=\"blocks-gallery-item\"><figure><a href=\"https:\/\/encompaniastj.org\/wp-content\/uploads\/2025\/05\/5-Panellets-2-scaled.jpg\"><img decoding=\"async\" src=\"https:\/\/encompaniastj.org\/wp-content\/uploads\/2025\/05\/5-Panellets-2-scaled.jpg\" alt=\"\" data-id=\"5503\" data-link=\"https:\/\/encompaniastj.org\/?attachment_id=5503\" class=\"wp-image-5503\"\/><\/a><\/figure><\/li><li class=\"blocks-gallery-item\"><figure><a href=\"https:\/\/encompaniastj.org\/wp-content\/uploads\/2025\/05\/4-Castanyada-scaled.jpg\"><img decoding=\"async\" src=\"https:\/\/encompaniastj.org\/wp-content\/uploads\/2025\/05\/4-Castanyada-scaled.jpg\" alt=\"\" data-id=\"5501\" data-link=\"https:\/\/encompaniastj.org\/?attachment_id=5501\" class=\"wp-image-5501\"\/><\/a><\/figure><\/li><li class=\"blocks-gallery-item\"><figure><a href=\"https:\/\/encompaniastj.org\/wp-content\/uploads\/2025\/05\/3-Panellets-6.jpg\"><img decoding=\"async\" src=\"https:\/\/encompaniastj.org\/wp-content\/uploads\/2025\/05\/3-Panellets-6.jpg\" alt=\"\" data-id=\"5499\" data-link=\"https:\/\/encompaniastj.org\/?attachment_id=5499\" class=\"wp-image-5499\"\/><\/a><\/figure><\/li><li class=\"blocks-gallery-item\"><figure><a href=\"https:\/\/encompaniastj.org\/wp-content\/uploads\/2025\/05\/2-CASTANYADA-19-16-scaled.jpg\"><img decoding=\"async\" src=\"https:\/\/encompaniastj.org\/wp-content\/uploads\/2025\/05\/2-CASTANYADA-19-16-scaled.jpg\" alt=\"\" data-id=\"5497\" data-link=\"https:\/\/encompaniastj.org\/?attachment_id=5497\" class=\"wp-image-5497\"\/><\/a><\/figure><\/li><li class=\"blocks-gallery-item\"><figure><a href=\"https:\/\/encompaniastj.org\/wp-content\/uploads\/2025\/05\/1-CASTANYADA-19-9-scaled.jpg\"><img decoding=\"async\" src=\"https:\/\/encompaniastj.org\/wp-content\/uploads\/2025\/05\/1-CASTANYADA-19-9-scaled.jpg\" alt=\"\" data-id=\"5495\" data-link=\"https:\/\/encompaniastj.org\/?attachment_id=5495\" class=\"wp-image-5495\"\/><\/a><\/figure><\/li><\/ul>\n","protected":false},"excerpt":{"rendered":"<p>O encontro festivo das irm\u00e3s de Jesus-Resid\u00eancia, pode compreender-se bem \u00e0 luz destas frases tiradas da Gaudete et Etxulate do Papa Francisco (n. 126-128): \u201cOrdinariamente a alegria crist\u00e3 est\u00e1 acompanhada [&hellip;]<\/p>\n","protected":false},"author":1,"featured_media":7175,"comment_status":"open","ping_status":"open","sticky":false,"template":"","format":"standard","meta":{"_acf_changed":false,"_et_pb_use_builder":"","_et_pb_old_content":"","_et_gb_content_width":"","footnotes":""},"categories":[61,62,68],"tags":[],"class_list":["post-9830","post","type-post","status-publish","format-standard","has-post-thumbnail","hentry","category-noticias","category-otras","category-outras"],"acf":[],"yoast_head":"<!-- This site is optimized with the Yoast SEO plugin v27.5 - https:\/\/yoast.com\/product\/yoast-seo-wordpress\/ -->\n<title>Jesus-Resid\u00eancia \u2013 O Magusto - En Compa\u00f1\u00eda STJ<\/title>\n<meta name=\"robots\" content=\"index, follow, max-snippet:-1, max-image-preview:large, max-video-preview:-1\" \/>\n<link rel=\"canonical\" href=\"https:\/\/encompaniastj.org\/pt-pt\/jesus-residencia-o-magusto\/\" \/>\n<meta property=\"og:locale\" content=\"pt_PT\" \/>\n<meta property=\"og:type\" content=\"article\" \/>\n<meta property=\"og:title\" content=\"Jesus-Resid\u00eancia \u2013 O Magusto - En Compa\u00f1\u00eda STJ\" \/>\n<meta property=\"og:description\" content=\"O encontro festivo das irm\u00e3s de Jesus-Resid\u00eancia, pode compreender-se bem \u00e0 luz destas frases tiradas da Gaudete et Etxulate do Papa Francisco (n. 126-128): \u201cOrdinariamente a alegria crist\u00e3 est\u00e1 acompanhada [&hellip;]\" \/>\n<meta property=\"og:url\" content=\"https:\/\/encompaniastj.org\/pt-pt\/jesus-residencia-o-magusto\/\" \/>\n<meta property=\"og:site_name\" content=\"En Compa\u00f1\u00eda STJ\" \/>\n<meta property=\"article:published_time\" content=\"2019-11-24T07:31:27+00:00\" \/>\n<meta property=\"article:modified_time\" content=\"2025-07-07T14:20:50+00:00\" \/>\n<meta property=\"og:image\" content=\"https:\/\/encompaniastj.org\/wp-content\/uploads\/2025\/05\/1-CASTANYADA-19-9-scaled.jpg\" \/>\n\t<meta property=\"og:image:width\" content=\"2560\" \/>\n\t<meta property=\"og:image:height\" content=\"1440\" \/>\n\t<meta property=\"og:image:type\" content=\"image\/jpeg\" \/>\n<meta name=\"author\" content=\"admin\" \/>\n<meta name=\"twitter:card\" content=\"summary_large_image\" \/>\n<meta name=\"twitter:label1\" content=\"Escrito por\" \/>\n\t<meta name=\"twitter:data1\" content=\"admin\" \/>\n\t<meta name=\"twitter:label2\" content=\"Tempo estimado de leitura\" \/>\n\t<meta name=\"twitter:data2\" content=\"2 minutos\" \/>\n<script type=\"application\/ld+json\" class=\"yoast-schema-graph\">{\"@context\":\"https:\\\/\\\/schema.org\",\"@graph\":[{\"@type\":\"Article\",\"@id\":\"https:\\\/\\\/encompaniastj.org\\\/pt-pt\\\/jesus-residencia-o-magusto\\\/#article\",\"isPartOf\":{\"@id\":\"https:\\\/\\\/encompaniastj.org\\\/pt-pt\\\/jesus-residencia-o-magusto\\\/\"},\"author\":{\"name\":\"admin\",\"@id\":\"https:\\\/\\\/encompaniastj.org\\\/pt-pt\\\/#\\\/schema\\\/person\\\/520e7ecc314793d40091993c2a02b651\"},\"headline\":\"Jesus-Resid\u00eancia \u2013 O Magusto\",\"datePublished\":\"2019-11-24T07:31:27+00:00\",\"dateModified\":\"2025-07-07T14:20:50+00:00\",\"mainEntityOfPage\":{\"@id\":\"https:\\\/\\\/encompaniastj.org\\\/pt-pt\\\/jesus-residencia-o-magusto\\\/\"},\"wordCount\":362,\"commentCount\":0,\"publisher\":{\"@id\":\"https:\\\/\\\/encompaniastj.org\\\/pt-pt\\\/#organization\"},\"image\":{\"@id\":\"https:\\\/\\\/encompaniastj.org\\\/pt-pt\\\/jesus-residencia-o-magusto\\\/#primaryimage\"},\"thumbnailUrl\":\"https:\\\/\\\/encompaniastj.org\\\/wp-content\\\/uploads\\\/2025\\\/05\\\/1-CASTANYADA-19-9-scaled.jpg\",\"articleSection\":[\"Noticias\",\"Otras\",\"Outras\"],\"inLanguage\":\"pt-PT\",\"potentialAction\":[{\"@type\":\"CommentAction\",\"name\":\"Comment\",\"target\":[\"https:\\\/\\\/encompaniastj.org\\\/pt-pt\\\/jesus-residencia-o-magusto\\\/#respond\"]}]},{\"@type\":\"WebPage\",\"@id\":\"https:\\\/\\\/encompaniastj.org\\\/pt-pt\\\/jesus-residencia-o-magusto\\\/\",\"url\":\"https:\\\/\\\/encompaniastj.org\\\/pt-pt\\\/jesus-residencia-o-magusto\\\/\",\"name\":\"Jesus-Resid\u00eancia \u2013 O Magusto - En Compa\u00f1\u00eda STJ\",\"isPartOf\":{\"@id\":\"https:\\\/\\\/encompaniastj.org\\\/pt-pt\\\/#website\"},\"primaryImageOfPage\":{\"@id\":\"https:\\\/\\\/encompaniastj.org\\\/pt-pt\\\/jesus-residencia-o-magusto\\\/#primaryimage\"},\"image\":{\"@id\":\"https:\\\/\\\/encompaniastj.org\\\/pt-pt\\\/jesus-residencia-o-magusto\\\/#primaryimage\"},\"thumbnailUrl\":\"https:\\\/\\\/encompaniastj.org\\\/wp-content\\\/uploads\\\/2025\\\/05\\\/1-CASTANYADA-19-9-scaled.jpg\",\"datePublished\":\"2019-11-24T07:31:27+00:00\",\"dateModified\":\"2025-07-07T14:20:50+00:00\",\"breadcrumb\":{\"@id\":\"https:\\\/\\\/encompaniastj.org\\\/pt-pt\\\/jesus-residencia-o-magusto\\\/#breadcrumb\"},\"inLanguage\":\"pt-PT\",\"potentialAction\":[{\"@type\":\"ReadAction\",\"target\":[\"https:\\\/\\\/encompaniastj.org\\\/pt-pt\\\/jesus-residencia-o-magusto\\\/\"]}]},{\"@type\":\"ImageObject\",\"inLanguage\":\"pt-PT\",\"@id\":\"https:\\\/\\\/encompaniastj.org\\\/pt-pt\\\/jesus-residencia-o-magusto\\\/#primaryimage\",\"url\":\"https:\\\/\\\/encompaniastj.org\\\/wp-content\\\/uploads\\\/2025\\\/05\\\/1-CASTANYADA-19-9-scaled.jpg\",\"contentUrl\":\"https:\\\/\\\/encompaniastj.org\\\/wp-content\\\/uploads\\\/2025\\\/05\\\/1-CASTANYADA-19-9-scaled.jpg\",\"width\":2560,\"height\":1440},{\"@type\":\"BreadcrumbList\",\"@id\":\"https:\\\/\\\/encompaniastj.org\\\/pt-pt\\\/jesus-residencia-o-magusto\\\/#breadcrumb\",\"itemListElement\":[{\"@type\":\"ListItem\",\"position\":1,\"name\":\"Portada\",\"item\":\"https:\\\/\\\/encompaniastj.org\\\/pt-pt\\\/\"},{\"@type\":\"ListItem\",\"position\":2,\"name\":\"Jesus-Resid\u00eancia \u2013 O Magusto\"}]},{\"@type\":\"WebSite\",\"@id\":\"https:\\\/\\\/encompaniastj.org\\\/pt-pt\\\/#website\",\"url\":\"https:\\\/\\\/encompaniastj.org\\\/pt-pt\\\/\",\"name\":\"En Compa\u00f1\u00eda STJ\",\"description\":\"Bolet\u00edn de la Compa\u00f1\u00eda de Santa Teresa de Jes\u00fas\",\"publisher\":{\"@id\":\"https:\\\/\\\/encompaniastj.org\\\/pt-pt\\\/#organization\"},\"potentialAction\":[{\"@type\":\"SearchAction\",\"target\":{\"@type\":\"EntryPoint\",\"urlTemplate\":\"https:\\\/\\\/encompaniastj.org\\\/pt-pt\\\/?s={search_term_string}\"},\"query-input\":{\"@type\":\"PropertyValueSpecification\",\"valueRequired\":true,\"valueName\":\"search_term_string\"}}],\"inLanguage\":\"pt-PT\"},{\"@type\":\"Organization\",\"@id\":\"https:\\\/\\\/encompaniastj.org\\\/pt-pt\\\/#organization\",\"name\":\"Compa\u00f1\u00eda de Santa Teresa de Jes\u00fas\",\"url\":\"https:\\\/\\\/encompaniastj.org\\\/pt-pt\\\/\",\"logo\":{\"@type\":\"ImageObject\",\"inLanguage\":\"pt-PT\",\"@id\":\"https:\\\/\\\/encompaniastj.org\\\/pt-pt\\\/#\\\/schema\\\/logo\\\/image\\\/\",\"url\":\"https:\\\/\\\/encompaniastj.org\\\/wp-content\\\/uploads\\\/2025\\\/04\\\/logo_provincias02-1-3.png\",\"contentUrl\":\"https:\\\/\\\/encompaniastj.org\\\/wp-content\\\/uploads\\\/2025\\\/04\\\/logo_provincias02-1-3.png\",\"width\":2368,\"height\":825,\"caption\":\"Compa\u00f1\u00eda de Santa Teresa de Jes\u00fas\"},\"image\":{\"@id\":\"https:\\\/\\\/encompaniastj.org\\\/pt-pt\\\/#\\\/schema\\\/logo\\\/image\\\/\"}},{\"@type\":\"Person\",\"@id\":\"https:\\\/\\\/encompaniastj.org\\\/pt-pt\\\/#\\\/schema\\\/person\\\/520e7ecc314793d40091993c2a02b651\",\"name\":\"admin\",\"image\":{\"@type\":\"ImageObject\",\"inLanguage\":\"pt-PT\",\"@id\":\"https:\\\/\\\/secure.gravatar.com\\\/avatar\\\/948b492cce32b586ac2db0eaa926ee87024f7afe218d73b397ea5ddfc5f43ea1?s=96&d=mm&r=g\",\"url\":\"https:\\\/\\\/secure.gravatar.com\\\/avatar\\\/948b492cce32b586ac2db0eaa926ee87024f7afe218d73b397ea5ddfc5f43ea1?s=96&d=mm&r=g\",\"contentUrl\":\"https:\\\/\\\/secure.gravatar.com\\\/avatar\\\/948b492cce32b586ac2db0eaa926ee87024f7afe218d73b397ea5ddfc5f43ea1?s=96&d=mm&r=g\",\"caption\":\"admin\"},\"sameAs\":[\"https:\\\/\\\/encompaniastj.org\"],\"url\":\"https:\\\/\\\/encompaniastj.org\\\/pt-pt\\\/author\\\/sjdigital\\\/\"}]}<\/script>\n<!-- \/ Yoast SEO plugin. -->","yoast_head_json":{"title":"Jesus-Resid\u00eancia \u2013 O Magusto - En Compa\u00f1\u00eda STJ","robots":{"index":"index","follow":"follow","max-snippet":"max-snippet:-1","max-image-preview":"max-image-preview:large","max-video-preview":"max-video-preview:-1"},"canonical":"https:\/\/encompaniastj.org\/pt-pt\/jesus-residencia-o-magusto\/","og_locale":"pt_PT","og_type":"article","og_title":"Jesus-Resid\u00eancia \u2013 O Magusto - En Compa\u00f1\u00eda STJ","og_description":"O encontro festivo das irm\u00e3s de Jesus-Resid\u00eancia, pode compreender-se bem \u00e0 luz destas frases tiradas da Gaudete et Etxulate do Papa Francisco (n. 126-128): \u201cOrdinariamente a alegria crist\u00e3 est\u00e1 acompanhada [&hellip;]","og_url":"https:\/\/encompaniastj.org\/pt-pt\/jesus-residencia-o-magusto\/","og_site_name":"En Compa\u00f1\u00eda STJ","article_published_time":"2019-11-24T07:31:27+00:00","article_modified_time":"2025-07-07T14:20:50+00:00","og_image":[{"width":2560,"height":1440,"url":"https:\/\/encompaniastj.org\/wp-content\/uploads\/2025\/05\/1-CASTANYADA-19-9-scaled.jpg","type":"image\/jpeg"}],"author":"admin","twitter_card":"summary_large_image","twitter_misc":{"Escrito por":"admin","Tempo estimado de leitura":"2 minutos"},"schema":{"@context":"https:\/\/schema.org","@graph":[{"@type":"Article","@id":"https:\/\/encompaniastj.org\/pt-pt\/jesus-residencia-o-magusto\/#article","isPartOf":{"@id":"https:\/\/encompaniastj.org\/pt-pt\/jesus-residencia-o-magusto\/"},"author":{"name":"admin","@id":"https:\/\/encompaniastj.org\/pt-pt\/#\/schema\/person\/520e7ecc314793d40091993c2a02b651"},"headline":"Jesus-Resid\u00eancia \u2013 O Magusto","datePublished":"2019-11-24T07:31:27+00:00","dateModified":"2025-07-07T14:20:50+00:00","mainEntityOfPage":{"@id":"https:\/\/encompaniastj.org\/pt-pt\/jesus-residencia-o-magusto\/"},"wordCount":362,"commentCount":0,"publisher":{"@id":"https:\/\/encompaniastj.org\/pt-pt\/#organization"},"image":{"@id":"https:\/\/encompaniastj.org\/pt-pt\/jesus-residencia-o-magusto\/#primaryimage"},"thumbnailUrl":"https:\/\/encompaniastj.org\/wp-content\/uploads\/2025\/05\/1-CASTANYADA-19-9-scaled.jpg","articleSection":["Noticias","Otras","Outras"],"inLanguage":"pt-PT","potentialAction":[{"@type":"CommentAction","name":"Comment","target":["https:\/\/encompaniastj.org\/pt-pt\/jesus-residencia-o-magusto\/#respond"]}]},{"@type":"WebPage","@id":"https:\/\/encompaniastj.org\/pt-pt\/jesus-residencia-o-magusto\/","url":"https:\/\/encompaniastj.org\/pt-pt\/jesus-residencia-o-magusto\/","name":"Jesus-Resid\u00eancia \u2013 O Magusto - En Compa\u00f1\u00eda STJ","isPartOf":{"@id":"https:\/\/encompaniastj.org\/pt-pt\/#website"},"primaryImageOfPage":{"@id":"https:\/\/encompaniastj.org\/pt-pt\/jesus-residencia-o-magusto\/#primaryimage"},"image":{"@id":"https:\/\/encompaniastj.org\/pt-pt\/jesus-residencia-o-magusto\/#primaryimage"},"thumbnailUrl":"https:\/\/encompaniastj.org\/wp-content\/uploads\/2025\/05\/1-CASTANYADA-19-9-scaled.jpg","datePublished":"2019-11-24T07:31:27+00:00","dateModified":"2025-07-07T14:20:50+00:00","breadcrumb":{"@id":"https:\/\/encompaniastj.org\/pt-pt\/jesus-residencia-o-magusto\/#breadcrumb"},"inLanguage":"pt-PT","potentialAction":[{"@type":"ReadAction","target":["https:\/\/encompaniastj.org\/pt-pt\/jesus-residencia-o-magusto\/"]}]},{"@type":"ImageObject","inLanguage":"pt-PT","@id":"https:\/\/encompaniastj.org\/pt-pt\/jesus-residencia-o-magusto\/#primaryimage","url":"https:\/\/encompaniastj.org\/wp-content\/uploads\/2025\/05\/1-CASTANYADA-19-9-scaled.jpg","contentUrl":"https:\/\/encompaniastj.org\/wp-content\/uploads\/2025\/05\/1-CASTANYADA-19-9-scaled.jpg","width":2560,"height":1440},{"@type":"BreadcrumbList","@id":"https:\/\/encompaniastj.org\/pt-pt\/jesus-residencia-o-magusto\/#breadcrumb","itemListElement":[{"@type":"ListItem","position":1,"name":"Portada","item":"https:\/\/encompaniastj.org\/pt-pt\/"},{"@type":"ListItem","position":2,"name":"Jesus-Resid\u00eancia \u2013 O Magusto"}]},{"@type":"WebSite","@id":"https:\/\/encompaniastj.org\/pt-pt\/#website","url":"https:\/\/encompaniastj.org\/pt-pt\/","name":"En Compa\u00f1\u00eda STJ","description":"Bolet\u00edn de la Compa\u00f1\u00eda de Santa Teresa de Jes\u00fas","publisher":{"@id":"https:\/\/encompaniastj.org\/pt-pt\/#organization"},"potentialAction":[{"@type":"SearchAction","target":{"@type":"EntryPoint","urlTemplate":"https:\/\/encompaniastj.org\/pt-pt\/?s={search_term_string}"},"query-input":{"@type":"PropertyValueSpecification","valueRequired":true,"valueName":"search_term_string"}}],"inLanguage":"pt-PT"},{"@type":"Organization","@id":"https:\/\/encompaniastj.org\/pt-pt\/#organization","name":"Compa\u00f1\u00eda de Santa Teresa de Jes\u00fas","url":"https:\/\/encompaniastj.org\/pt-pt\/","logo":{"@type":"ImageObject","inLanguage":"pt-PT","@id":"https:\/\/encompaniastj.org\/pt-pt\/#\/schema\/logo\/image\/","url":"https:\/\/encompaniastj.org\/wp-content\/uploads\/2025\/04\/logo_provincias02-1-3.png","contentUrl":"https:\/\/encompaniastj.org\/wp-content\/uploads\/2025\/04\/logo_provincias02-1-3.png","width":2368,"height":825,"caption":"Compa\u00f1\u00eda de Santa Teresa de Jes\u00fas"},"image":{"@id":"https:\/\/encompaniastj.org\/pt-pt\/#\/schema\/logo\/image\/"}},{"@type":"Person","@id":"https:\/\/encompaniastj.org\/pt-pt\/#\/schema\/person\/520e7ecc314793d40091993c2a02b651","name":"admin","image":{"@type":"ImageObject","inLanguage":"pt-PT","@id":"https:\/\/secure.gravatar.com\/avatar\/948b492cce32b586ac2db0eaa926ee87024f7afe218d73b397ea5ddfc5f43ea1?s=96&d=mm&r=g","url":"https:\/\/secure.gravatar.com\/avatar\/948b492cce32b586ac2db0eaa926ee87024f7afe218d73b397ea5ddfc5f43ea1?s=96&d=mm&r=g","contentUrl":"https:\/\/secure.gravatar.com\/avatar\/948b492cce32b586ac2db0eaa926ee87024f7afe218d73b397ea5ddfc5f43ea1?s=96&d=mm&r=g","caption":"admin"},"sameAs":["https:\/\/encompaniastj.org"],"url":"https:\/\/encompaniastj.org\/pt-pt\/author\/sjdigital\/"}]}},"_links":{"self":[{"href":"https:\/\/encompaniastj.org\/pt-pt\/wp-json\/wp\/v2\/posts\/9830","targetHints":{"allow":["GET"]}}],"collection":[{"href":"https:\/\/encompaniastj.org\/pt-pt\/wp-json\/wp\/v2\/posts"}],"about":[{"href":"https:\/\/encompaniastj.org\/pt-pt\/wp-json\/wp\/v2\/types\/post"}],"author":[{"embeddable":true,"href":"https:\/\/encompaniastj.org\/pt-pt\/wp-json\/wp\/v2\/users\/1"}],"replies":[{"embeddable":true,"href":"https:\/\/encompaniastj.org\/pt-pt\/wp-json\/wp\/v2\/comments?post=9830"}],"version-history":[{"count":1,"href":"https:\/\/encompaniastj.org\/pt-pt\/wp-json\/wp\/v2\/posts\/9830\/revisions"}],"predecessor-version":[{"id":9831,"href":"https:\/\/encompaniastj.org\/pt-pt\/wp-json\/wp\/v2\/posts\/9830\/revisions\/9831"}],"wp:featuredmedia":[{"embeddable":true,"href":"https:\/\/encompaniastj.org\/pt-pt\/wp-json\/wp\/v2\/media\/7175"}],"wp:attachment":[{"href":"https:\/\/encompaniastj.org\/pt-pt\/wp-json\/wp\/v2\/media?parent=9830"}],"wp:term":[{"taxonomy":"category","embeddable":true,"href":"https:\/\/encompaniastj.org\/pt-pt\/wp-json\/wp\/v2\/categories?post=9830"},{"taxonomy":"post_tag","embeddable":true,"href":"https:\/\/encompaniastj.org\/pt-pt\/wp-json\/wp\/v2\/tags?post=9830"}],"curies":[{"name":"wp","href":"https:\/\/api.w.org\/{rel}","templated":true}]}}