{"id":9826,"date":"2019-11-19T11:16:31","date_gmt":"2019-11-19T10:16:31","guid":{"rendered":"https:\/\/encompaniastj.org\/em-saida-desde-zaragoza-ate-s-sebastiao-para-o-cuidado\/"},"modified":"2025-07-07T16:20:49","modified_gmt":"2025-07-07T14:20:49","slug":"em-saida-desde-zaragoza-ate-s-sebastiao-para-o-cuidado","status":"publish","type":"post","link":"https:\/\/encompaniastj.org\/pt-pt\/em-saida-desde-zaragoza-ate-s-sebastiao-para-o-cuidado\/","title":{"rendered":"Em sa\u00edda desde Zaragoza at\u00e9 S. Sebasti\u00e3o, para o cuidado."},"content":{"rendered":"\n<p>Na nossa Planifica\u00e7\u00e3o Provincial (2018-2023) quisemos refletir sobre o que queremos cuidar como Prov\u00edncia Teresiana da Europa. Um dos objetivos que nos propusemos, e que estamos convidadas a concretizar em todas as comunidades, foi a de \u201cnos implicarmos em colaborar e garantir a proximidade de todas com as irm\u00e3s das resid\u00eancias-enfermarias\u201d.<\/p>\n\n\n\n<p>D\u00e1 alegria ver que o que ficou escrito se vai tornando vida em v\u00e1rias comunidades da prov\u00edncia, e que ao partilh\u00e1-la nos alegramos com os encontros fraternos que nos fazem valorizar a vida e os pormenores:  CUIDAR A VIDA E CUIDAR-NOS. <\/p>\n\n\n\n<p>As nossas irm\u00e3s da comunidade de Zaragoza-Teresiano do Pilar, contam-nos: <\/p>\n\n\n\n<p>\u201cNo dia dois\nde novembro, depois de celebrar a festa de Todos os Santos, a comunidade p\u00f4s-se\na caminho para S. Sebasti\u00e3o para ir ao encontro das irm\u00e3s da comunidade de S.\nSebasti\u00e3o-Resid\u00eancia. Mereceu a pena fazer o caminho para poder ter um diade\nconv\u00edvio, de encontros, de cuidar rela\u00e7\u00f5es.\n\nFoi\num dia para partilhar e fazer mem\u00f3ria de tantos momentos significativos e quotidianos\nque ficaram para tr\u00e1s no tempo, mas que foram criando v\u00ednculos que permanecem,\nque nos enchem e aumentam a alegria partilhada, a espontaneidade e os risos da\nFAM\u00cdLIA que unem.\u201d \n\n\n\n<\/p>\n\n\n\n<ul class=\"wp-block-gallery columns-2 is-cropped wp-block-gallery-1 is-layout-flex wp-block-gallery-is-layout-flex\"><li class=\"blocks-gallery-item\"><figure><a href=\"https:\/\/encompaniastj.org\/wp-content\/uploads\/2025\/05\/3-Visita-Donosti-Teresiano.jpg\"><img decoding=\"async\" src=\"https:\/\/encompaniastj.org\/wp-content\/uploads\/2025\/05\/3-Visita-Donosti-Teresiano.jpg\" alt=\"\" data-id=\"5484\" data-link=\"https:\/\/encompaniastj.org\/?attachment_id=5484\" class=\"wp-image-5484\"\/><\/a><\/figure><\/li><li class=\"blocks-gallery-item\"><figure><a href=\"https:\/\/encompaniastj.org\/wp-content\/uploads\/2025\/05\/2-Visita-Donosti-Teresiano.jpg\"><img decoding=\"async\" src=\"https:\/\/encompaniastj.org\/wp-content\/uploads\/2025\/05\/2-Visita-Donosti-Teresiano.jpg\" alt=\"\" data-id=\"5482\" data-link=\"https:\/\/encompaniastj.org\/?attachment_id=5482\" class=\"wp-image-5482\"\/><\/a><\/figure><\/li><li class=\"blocks-gallery-item\"><figure><a href=\"https:\/\/encompaniastj.org\/wp-content\/uploads\/2025\/05\/1-visita-Donosti-Teresiano-.jpg\"><img decoding=\"async\" src=\"https:\/\/encompaniastj.org\/wp-content\/uploads\/2025\/05\/1-visita-Donosti-Teresiano-.jpg\" alt=\"\" data-id=\"5480\" data-link=\"https:\/\/encompaniastj.org\/?attachment_id=5480\" class=\"wp-image-5480\"\/><\/a><\/figure><\/li><\/ul>\n","protected":false},"excerpt":{"rendered":"<p>Na nossa Planifica\u00e7\u00e3o Provincial (2018-2023) quisemos refletir sobre o que queremos cuidar como Prov\u00edncia Teresiana da Europa. Um dos objetivos que nos propusemos, e que estamos convidadas a concretizar em [&hellip;]<\/p>\n","protected":false},"author":1,"featured_media":7170,"comment_status":"open","ping_status":"open","sticky":false,"template":"","format":"standard","meta":{"_acf_changed":false,"footnotes":""},"categories":[61,62,68],"tags":[],"class_list":["post-9826","post","type-post","status-publish","format-standard","has-post-thumbnail","hentry","category-noticias","category-otras","category-outras"],"acf":[],"yoast_head":"<!-- This site is optimized with the Yoast SEO plugin v27.5 - https:\/\/yoast.com\/product\/yoast-seo-wordpress\/ -->\n<title>Em sa\u00edda desde Zaragoza at\u00e9 S. Sebasti\u00e3o, para o cuidado. - En Compa\u00f1\u00eda STJ<\/title>\n<meta name=\"robots\" content=\"index, follow, max-snippet:-1, max-image-preview:large, max-video-preview:-1\" \/>\n<link rel=\"canonical\" href=\"https:\/\/encompaniastj.org\/pt-pt\/em-saida-desde-zaragoza-ate-s-sebastiao-para-o-cuidado\/\" \/>\n<meta property=\"og:locale\" content=\"pt_PT\" \/>\n<meta property=\"og:type\" content=\"article\" \/>\n<meta property=\"og:title\" content=\"Em sa\u00edda desde Zaragoza at\u00e9 S. Sebasti\u00e3o, para o cuidado. - En Compa\u00f1\u00eda STJ\" \/>\n<meta property=\"og:description\" content=\"Na nossa Planifica\u00e7\u00e3o Provincial (2018-2023) quisemos refletir sobre o que queremos cuidar como Prov\u00edncia Teresiana da Europa. Um dos objetivos que nos propusemos, e que estamos convidadas a concretizar em [&hellip;]\" \/>\n<meta property=\"og:url\" content=\"https:\/\/encompaniastj.org\/pt-pt\/em-saida-desde-zaragoza-ate-s-sebastiao-para-o-cuidado\/\" \/>\n<meta property=\"og:site_name\" content=\"En Compa\u00f1\u00eda STJ\" \/>\n<meta property=\"article:published_time\" content=\"2019-11-19T10:16:31+00:00\" \/>\n<meta property=\"article:modified_time\" content=\"2025-07-07T14:20:49+00:00\" \/>\n<meta property=\"og:image\" content=\"https:\/\/encompaniastj.org\/wp-content\/uploads\/2025\/05\/1-visita-Donosti-Teresiano-.jpg\" \/>\n\t<meta property=\"og:image:width\" content=\"836\" \/>\n\t<meta property=\"og:image:height\" content=\"470\" \/>\n\t<meta property=\"og:image:type\" content=\"image\/jpeg\" \/>\n<meta name=\"author\" content=\"admin\" \/>\n<meta name=\"twitter:card\" content=\"summary_large_image\" \/>\n<meta name=\"twitter:label1\" content=\"Escrito por\" \/>\n\t<meta name=\"twitter:data1\" content=\"admin\" \/>\n\t<meta name=\"twitter:label2\" content=\"Tempo estimado de leitura\" \/>\n\t<meta name=\"twitter:data2\" content=\"1 minuto\" \/>\n<script type=\"application\/ld+json\" class=\"yoast-schema-graph\">{\"@context\":\"https:\\\/\\\/schema.org\",\"@graph\":[{\"@type\":\"Article\",\"@id\":\"https:\\\/\\\/encompaniastj.org\\\/pt-pt\\\/em-saida-desde-zaragoza-ate-s-sebastiao-para-o-cuidado\\\/#article\",\"isPartOf\":{\"@id\":\"https:\\\/\\\/encompaniastj.org\\\/pt-pt\\\/em-saida-desde-zaragoza-ate-s-sebastiao-para-o-cuidado\\\/\"},\"author\":{\"name\":\"admin\",\"@id\":\"https:\\\/\\\/encompaniastj.org\\\/pt-pt\\\/#\\\/schema\\\/person\\\/520e7ecc314793d40091993c2a02b651\"},\"headline\":\"Em sa\u00edda desde Zaragoza at\u00e9 S. Sebasti\u00e3o, para o cuidado.\",\"datePublished\":\"2019-11-19T10:16:31+00:00\",\"dateModified\":\"2025-07-07T14:20:49+00:00\",\"mainEntityOfPage\":{\"@id\":\"https:\\\/\\\/encompaniastj.org\\\/pt-pt\\\/em-saida-desde-zaragoza-ate-s-sebastiao-para-o-cuidado\\\/\"},\"wordCount\":227,\"commentCount\":0,\"publisher\":{\"@id\":\"https:\\\/\\\/encompaniastj.org\\\/pt-pt\\\/#organization\"},\"image\":{\"@id\":\"https:\\\/\\\/encompaniastj.org\\\/pt-pt\\\/em-saida-desde-zaragoza-ate-s-sebastiao-para-o-cuidado\\\/#primaryimage\"},\"thumbnailUrl\":\"https:\\\/\\\/encompaniastj.org\\\/wp-content\\\/uploads\\\/2025\\\/05\\\/1-visita-Donosti-Teresiano-.jpg\",\"articleSection\":[\"Noticias\",\"Otras\",\"Outras\"],\"inLanguage\":\"pt-PT\",\"potentialAction\":[{\"@type\":\"CommentAction\",\"name\":\"Comment\",\"target\":[\"https:\\\/\\\/encompaniastj.org\\\/pt-pt\\\/em-saida-desde-zaragoza-ate-s-sebastiao-para-o-cuidado\\\/#respond\"]}]},{\"@type\":\"WebPage\",\"@id\":\"https:\\\/\\\/encompaniastj.org\\\/pt-pt\\\/em-saida-desde-zaragoza-ate-s-sebastiao-para-o-cuidado\\\/\",\"url\":\"https:\\\/\\\/encompaniastj.org\\\/pt-pt\\\/em-saida-desde-zaragoza-ate-s-sebastiao-para-o-cuidado\\\/\",\"name\":\"Em sa\u00edda desde Zaragoza at\u00e9 S. Sebasti\u00e3o, para o cuidado. - En Compa\u00f1\u00eda STJ\",\"isPartOf\":{\"@id\":\"https:\\\/\\\/encompaniastj.org\\\/pt-pt\\\/#website\"},\"primaryImageOfPage\":{\"@id\":\"https:\\\/\\\/encompaniastj.org\\\/pt-pt\\\/em-saida-desde-zaragoza-ate-s-sebastiao-para-o-cuidado\\\/#primaryimage\"},\"image\":{\"@id\":\"https:\\\/\\\/encompaniastj.org\\\/pt-pt\\\/em-saida-desde-zaragoza-ate-s-sebastiao-para-o-cuidado\\\/#primaryimage\"},\"thumbnailUrl\":\"https:\\\/\\\/encompaniastj.org\\\/wp-content\\\/uploads\\\/2025\\\/05\\\/1-visita-Donosti-Teresiano-.jpg\",\"datePublished\":\"2019-11-19T10:16:31+00:00\",\"dateModified\":\"2025-07-07T14:20:49+00:00\",\"breadcrumb\":{\"@id\":\"https:\\\/\\\/encompaniastj.org\\\/pt-pt\\\/em-saida-desde-zaragoza-ate-s-sebastiao-para-o-cuidado\\\/#breadcrumb\"},\"inLanguage\":\"pt-PT\",\"potentialAction\":[{\"@type\":\"ReadAction\",\"target\":[\"https:\\\/\\\/encompaniastj.org\\\/pt-pt\\\/em-saida-desde-zaragoza-ate-s-sebastiao-para-o-cuidado\\\/\"]}]},{\"@type\":\"ImageObject\",\"inLanguage\":\"pt-PT\",\"@id\":\"https:\\\/\\\/encompaniastj.org\\\/pt-pt\\\/em-saida-desde-zaragoza-ate-s-sebastiao-para-o-cuidado\\\/#primaryimage\",\"url\":\"https:\\\/\\\/encompaniastj.org\\\/wp-content\\\/uploads\\\/2025\\\/05\\\/1-visita-Donosti-Teresiano-.jpg\",\"contentUrl\":\"https:\\\/\\\/encompaniastj.org\\\/wp-content\\\/uploads\\\/2025\\\/05\\\/1-visita-Donosti-Teresiano-.jpg\",\"width\":836,\"height\":470},{\"@type\":\"BreadcrumbList\",\"@id\":\"https:\\\/\\\/encompaniastj.org\\\/pt-pt\\\/em-saida-desde-zaragoza-ate-s-sebastiao-para-o-cuidado\\\/#breadcrumb\",\"itemListElement\":[{\"@type\":\"ListItem\",\"position\":1,\"name\":\"Portada\",\"item\":\"https:\\\/\\\/encompaniastj.org\\\/pt-pt\\\/\"},{\"@type\":\"ListItem\",\"position\":2,\"name\":\"Em sa\u00edda desde Zaragoza at\u00e9 S. Sebasti\u00e3o, para o cuidado.\"}]},{\"@type\":\"WebSite\",\"@id\":\"https:\\\/\\\/encompaniastj.org\\\/pt-pt\\\/#website\",\"url\":\"https:\\\/\\\/encompaniastj.org\\\/pt-pt\\\/\",\"name\":\"En Compa\u00f1\u00eda STJ\",\"description\":\"Bolet\u00edn de la Compa\u00f1\u00eda de Santa Teresa de Jes\u00fas\",\"publisher\":{\"@id\":\"https:\\\/\\\/encompaniastj.org\\\/pt-pt\\\/#organization\"},\"potentialAction\":[{\"@type\":\"SearchAction\",\"target\":{\"@type\":\"EntryPoint\",\"urlTemplate\":\"https:\\\/\\\/encompaniastj.org\\\/pt-pt\\\/?s={search_term_string}\"},\"query-input\":{\"@type\":\"PropertyValueSpecification\",\"valueRequired\":true,\"valueName\":\"search_term_string\"}}],\"inLanguage\":\"pt-PT\"},{\"@type\":\"Organization\",\"@id\":\"https:\\\/\\\/encompaniastj.org\\\/pt-pt\\\/#organization\",\"name\":\"Compa\u00f1\u00eda de Santa Teresa de Jes\u00fas\",\"url\":\"https:\\\/\\\/encompaniastj.org\\\/pt-pt\\\/\",\"logo\":{\"@type\":\"ImageObject\",\"inLanguage\":\"pt-PT\",\"@id\":\"https:\\\/\\\/encompaniastj.org\\\/pt-pt\\\/#\\\/schema\\\/logo\\\/image\\\/\",\"url\":\"https:\\\/\\\/encompaniastj.org\\\/wp-content\\\/uploads\\\/2025\\\/04\\\/logo_provincias02-1-3.png\",\"contentUrl\":\"https:\\\/\\\/encompaniastj.org\\\/wp-content\\\/uploads\\\/2025\\\/04\\\/logo_provincias02-1-3.png\",\"width\":2368,\"height\":825,\"caption\":\"Compa\u00f1\u00eda de Santa Teresa de Jes\u00fas\"},\"image\":{\"@id\":\"https:\\\/\\\/encompaniastj.org\\\/pt-pt\\\/#\\\/schema\\\/logo\\\/image\\\/\"}},{\"@type\":\"Person\",\"@id\":\"https:\\\/\\\/encompaniastj.org\\\/pt-pt\\\/#\\\/schema\\\/person\\\/520e7ecc314793d40091993c2a02b651\",\"name\":\"admin\",\"image\":{\"@type\":\"ImageObject\",\"inLanguage\":\"pt-PT\",\"@id\":\"https:\\\/\\\/secure.gravatar.com\\\/avatar\\\/948b492cce32b586ac2db0eaa926ee87024f7afe218d73b397ea5ddfc5f43ea1?s=96&d=mm&r=g\",\"url\":\"https:\\\/\\\/secure.gravatar.com\\\/avatar\\\/948b492cce32b586ac2db0eaa926ee87024f7afe218d73b397ea5ddfc5f43ea1?s=96&d=mm&r=g\",\"contentUrl\":\"https:\\\/\\\/secure.gravatar.com\\\/avatar\\\/948b492cce32b586ac2db0eaa926ee87024f7afe218d73b397ea5ddfc5f43ea1?s=96&d=mm&r=g\",\"caption\":\"admin\"},\"sameAs\":[\"https:\\\/\\\/encompaniastj.org\"],\"url\":\"https:\\\/\\\/encompaniastj.org\\\/pt-pt\\\/author\\\/sjdigital\\\/\"}]}<\/script>\n<!-- \/ Yoast SEO plugin. -->","yoast_head_json":{"title":"Em sa\u00edda desde Zaragoza at\u00e9 S. Sebasti\u00e3o, para o cuidado. - En Compa\u00f1\u00eda STJ","robots":{"index":"index","follow":"follow","max-snippet":"max-snippet:-1","max-image-preview":"max-image-preview:large","max-video-preview":"max-video-preview:-1"},"canonical":"https:\/\/encompaniastj.org\/pt-pt\/em-saida-desde-zaragoza-ate-s-sebastiao-para-o-cuidado\/","og_locale":"pt_PT","og_type":"article","og_title":"Em sa\u00edda desde Zaragoza at\u00e9 S. Sebasti\u00e3o, para o cuidado. - En Compa\u00f1\u00eda STJ","og_description":"Na nossa Planifica\u00e7\u00e3o Provincial (2018-2023) quisemos refletir sobre o que queremos cuidar como Prov\u00edncia Teresiana da Europa. Um dos objetivos que nos propusemos, e que estamos convidadas a concretizar em [&hellip;]","og_url":"https:\/\/encompaniastj.org\/pt-pt\/em-saida-desde-zaragoza-ate-s-sebastiao-para-o-cuidado\/","og_site_name":"En Compa\u00f1\u00eda STJ","article_published_time":"2019-11-19T10:16:31+00:00","article_modified_time":"2025-07-07T14:20:49+00:00","og_image":[{"width":836,"height":470,"url":"https:\/\/encompaniastj.org\/wp-content\/uploads\/2025\/05\/1-visita-Donosti-Teresiano-.jpg","type":"image\/jpeg"}],"author":"admin","twitter_card":"summary_large_image","twitter_misc":{"Escrito por":"admin","Tempo estimado de leitura":"1 minuto"},"schema":{"@context":"https:\/\/schema.org","@graph":[{"@type":"Article","@id":"https:\/\/encompaniastj.org\/pt-pt\/em-saida-desde-zaragoza-ate-s-sebastiao-para-o-cuidado\/#article","isPartOf":{"@id":"https:\/\/encompaniastj.org\/pt-pt\/em-saida-desde-zaragoza-ate-s-sebastiao-para-o-cuidado\/"},"author":{"name":"admin","@id":"https:\/\/encompaniastj.org\/pt-pt\/#\/schema\/person\/520e7ecc314793d40091993c2a02b651"},"headline":"Em sa\u00edda desde Zaragoza at\u00e9 S. Sebasti\u00e3o, para o cuidado.","datePublished":"2019-11-19T10:16:31+00:00","dateModified":"2025-07-07T14:20:49+00:00","mainEntityOfPage":{"@id":"https:\/\/encompaniastj.org\/pt-pt\/em-saida-desde-zaragoza-ate-s-sebastiao-para-o-cuidado\/"},"wordCount":227,"commentCount":0,"publisher":{"@id":"https:\/\/encompaniastj.org\/pt-pt\/#organization"},"image":{"@id":"https:\/\/encompaniastj.org\/pt-pt\/em-saida-desde-zaragoza-ate-s-sebastiao-para-o-cuidado\/#primaryimage"},"thumbnailUrl":"https:\/\/encompaniastj.org\/wp-content\/uploads\/2025\/05\/1-visita-Donosti-Teresiano-.jpg","articleSection":["Noticias","Otras","Outras"],"inLanguage":"pt-PT","potentialAction":[{"@type":"CommentAction","name":"Comment","target":["https:\/\/encompaniastj.org\/pt-pt\/em-saida-desde-zaragoza-ate-s-sebastiao-para-o-cuidado\/#respond"]}]},{"@type":"WebPage","@id":"https:\/\/encompaniastj.org\/pt-pt\/em-saida-desde-zaragoza-ate-s-sebastiao-para-o-cuidado\/","url":"https:\/\/encompaniastj.org\/pt-pt\/em-saida-desde-zaragoza-ate-s-sebastiao-para-o-cuidado\/","name":"Em sa\u00edda desde Zaragoza at\u00e9 S. Sebasti\u00e3o, para o cuidado. - En Compa\u00f1\u00eda STJ","isPartOf":{"@id":"https:\/\/encompaniastj.org\/pt-pt\/#website"},"primaryImageOfPage":{"@id":"https:\/\/encompaniastj.org\/pt-pt\/em-saida-desde-zaragoza-ate-s-sebastiao-para-o-cuidado\/#primaryimage"},"image":{"@id":"https:\/\/encompaniastj.org\/pt-pt\/em-saida-desde-zaragoza-ate-s-sebastiao-para-o-cuidado\/#primaryimage"},"thumbnailUrl":"https:\/\/encompaniastj.org\/wp-content\/uploads\/2025\/05\/1-visita-Donosti-Teresiano-.jpg","datePublished":"2019-11-19T10:16:31+00:00","dateModified":"2025-07-07T14:20:49+00:00","breadcrumb":{"@id":"https:\/\/encompaniastj.org\/pt-pt\/em-saida-desde-zaragoza-ate-s-sebastiao-para-o-cuidado\/#breadcrumb"},"inLanguage":"pt-PT","potentialAction":[{"@type":"ReadAction","target":["https:\/\/encompaniastj.org\/pt-pt\/em-saida-desde-zaragoza-ate-s-sebastiao-para-o-cuidado\/"]}]},{"@type":"ImageObject","inLanguage":"pt-PT","@id":"https:\/\/encompaniastj.org\/pt-pt\/em-saida-desde-zaragoza-ate-s-sebastiao-para-o-cuidado\/#primaryimage","url":"https:\/\/encompaniastj.org\/wp-content\/uploads\/2025\/05\/1-visita-Donosti-Teresiano-.jpg","contentUrl":"https:\/\/encompaniastj.org\/wp-content\/uploads\/2025\/05\/1-visita-Donosti-Teresiano-.jpg","width":836,"height":470},{"@type":"BreadcrumbList","@id":"https:\/\/encompaniastj.org\/pt-pt\/em-saida-desde-zaragoza-ate-s-sebastiao-para-o-cuidado\/#breadcrumb","itemListElement":[{"@type":"ListItem","position":1,"name":"Portada","item":"https:\/\/encompaniastj.org\/pt-pt\/"},{"@type":"ListItem","position":2,"name":"Em sa\u00edda desde Zaragoza at\u00e9 S. Sebasti\u00e3o, para o cuidado."}]},{"@type":"WebSite","@id":"https:\/\/encompaniastj.org\/pt-pt\/#website","url":"https:\/\/encompaniastj.org\/pt-pt\/","name":"En Compa\u00f1\u00eda STJ","description":"Bolet\u00edn de la Compa\u00f1\u00eda de Santa Teresa de Jes\u00fas","publisher":{"@id":"https:\/\/encompaniastj.org\/pt-pt\/#organization"},"potentialAction":[{"@type":"SearchAction","target":{"@type":"EntryPoint","urlTemplate":"https:\/\/encompaniastj.org\/pt-pt\/?s={search_term_string}"},"query-input":{"@type":"PropertyValueSpecification","valueRequired":true,"valueName":"search_term_string"}}],"inLanguage":"pt-PT"},{"@type":"Organization","@id":"https:\/\/encompaniastj.org\/pt-pt\/#organization","name":"Compa\u00f1\u00eda de Santa Teresa de Jes\u00fas","url":"https:\/\/encompaniastj.org\/pt-pt\/","logo":{"@type":"ImageObject","inLanguage":"pt-PT","@id":"https:\/\/encompaniastj.org\/pt-pt\/#\/schema\/logo\/image\/","url":"https:\/\/encompaniastj.org\/wp-content\/uploads\/2025\/04\/logo_provincias02-1-3.png","contentUrl":"https:\/\/encompaniastj.org\/wp-content\/uploads\/2025\/04\/logo_provincias02-1-3.png","width":2368,"height":825,"caption":"Compa\u00f1\u00eda de Santa Teresa de Jes\u00fas"},"image":{"@id":"https:\/\/encompaniastj.org\/pt-pt\/#\/schema\/logo\/image\/"}},{"@type":"Person","@id":"https:\/\/encompaniastj.org\/pt-pt\/#\/schema\/person\/520e7ecc314793d40091993c2a02b651","name":"admin","image":{"@type":"ImageObject","inLanguage":"pt-PT","@id":"https:\/\/secure.gravatar.com\/avatar\/948b492cce32b586ac2db0eaa926ee87024f7afe218d73b397ea5ddfc5f43ea1?s=96&d=mm&r=g","url":"https:\/\/secure.gravatar.com\/avatar\/948b492cce32b586ac2db0eaa926ee87024f7afe218d73b397ea5ddfc5f43ea1?s=96&d=mm&r=g","contentUrl":"https:\/\/secure.gravatar.com\/avatar\/948b492cce32b586ac2db0eaa926ee87024f7afe218d73b397ea5ddfc5f43ea1?s=96&d=mm&r=g","caption":"admin"},"sameAs":["https:\/\/encompaniastj.org"],"url":"https:\/\/encompaniastj.org\/pt-pt\/author\/sjdigital\/"}]}},"_links":{"self":[{"href":"https:\/\/encompaniastj.org\/pt-pt\/wp-json\/wp\/v2\/posts\/9826","targetHints":{"allow":["GET"]}}],"collection":[{"href":"https:\/\/encompaniastj.org\/pt-pt\/wp-json\/wp\/v2\/posts"}],"about":[{"href":"https:\/\/encompaniastj.org\/pt-pt\/wp-json\/wp\/v2\/types\/post"}],"author":[{"embeddable":true,"href":"https:\/\/encompaniastj.org\/pt-pt\/wp-json\/wp\/v2\/users\/1"}],"replies":[{"embeddable":true,"href":"https:\/\/encompaniastj.org\/pt-pt\/wp-json\/wp\/v2\/comments?post=9826"}],"version-history":[{"count":1,"href":"https:\/\/encompaniastj.org\/pt-pt\/wp-json\/wp\/v2\/posts\/9826\/revisions"}],"predecessor-version":[{"id":9827,"href":"https:\/\/encompaniastj.org\/pt-pt\/wp-json\/wp\/v2\/posts\/9826\/revisions\/9827"}],"wp:featuredmedia":[{"embeddable":true,"href":"https:\/\/encompaniastj.org\/pt-pt\/wp-json\/wp\/v2\/media\/7170"}],"wp:attachment":[{"href":"https:\/\/encompaniastj.org\/pt-pt\/wp-json\/wp\/v2\/media?parent=9826"}],"wp:term":[{"taxonomy":"category","embeddable":true,"href":"https:\/\/encompaniastj.org\/pt-pt\/wp-json\/wp\/v2\/categories?post=9826"},{"taxonomy":"post_tag","embeddable":true,"href":"https:\/\/encompaniastj.org\/pt-pt\/wp-json\/wp\/v2\/tags?post=9826"}],"curies":[{"name":"wp","href":"https:\/\/api.w.org\/{rel}","templated":true}]}}