{"id":9822,"date":"2019-11-24T15:57:45","date_gmt":"2019-11-24T14:57:45","guid":{"rendered":"https:\/\/encompaniastj.org\/xxvi-assembleia-geral-da-confer\/"},"modified":"2025-07-07T16:20:49","modified_gmt":"2025-07-07T14:20:49","slug":"xxvi-assembleia-geral-da-confer","status":"publish","type":"post","link":"https:\/\/encompaniastj.org\/pt-pt\/xxvi-assembleia-geral-da-confer\/","title":{"rendered":"XXVI Assembleia Geral da Confer"},"content":{"rendered":"\n<p>Com o lema: \u201cSabei qual \u00e9 a esperan\u00e7a \u00e0 qual fostes chamados\u201d (Ef. 1, 18), fomos convocados em Madrid, nos dias 11 a 13 de novembro, a participar na assembleia geral da Confer. Encontr\u00e1mo-nos superiores provinciais e gerais e representantes das Confer regionais\/diocesanas para renovar a certeza de que <em>Deus se comprometeu connosco, por pura gra\u00e7a. Fia-se de n\u00f3s e confia na nossa resposta. D\u00e1-nos a capacidade de poder encarar o futuro com a esperan\u00e7a dos que cr\u00eaem que o Reino \u00e9 poss\u00edvel no meio da complexidade do nosso mundo.&nbsp; <\/em><\/p>\n\n\n\n<p><em>E o futuro \u00e9 j\u00e1, hoje; \u00e9 o presente que se atualiza em cada gesto, em cada palavra, em cada obra de servi\u00e7o aos pequenos, em cada realiza\u00e7\u00e3o que faz brotar um raio de esperan\u00e7a em vidas destru\u00eddas pelo sem sentido ou pela indiferen\u00e7a<a href=\"#_ftn1\" name=\"_ftnref1\"><strong>[1]<\/strong><\/a>.<\/em>\n\n&nbsp;<\/p>\n\n\n\n<p>S\u00e3o dias de escuta e reflex\u00e3o, de apresenta\u00e7\u00e3o de mem\u00f3rias e de aprova\u00e7\u00e3o de or\u00e7amentos\u2026 e sobretudo dias de encontro na fraterna intercongregacionalidade que \u00e9 a Vida Consagrada, hoje, em Espanha. <\/p>\n\n\n\n<p>Nas suas palavras de acolhimento, o cardeal arcebispo de Madrid, D. Carlos Osoro, indicou-nos tr\u00eas caminhos para responder \u00e0s necessidades reais das pessoas -que para isso estamos, dizia ele-: orar e deixar-se olhar por Deus, aderirmos a Jesus na f\u00e9, e testemunh\u00e1-lo com o ouvido na Palavra e no povo, at\u00e9 que se possa dizer de n\u00f3s: toda a sua pessoa fala de Jesus.<\/p>\n\n\n\n<p>Durante estes dias, diversas pessoas religiosas e leigas partilharam, a partir de diversos lugares, como manter viva essa esperan\u00e7a que n\u00e3o engana: pela teologia, pelo contributo de algumas personagens b\u00edblicas, atrav\u00e9s do di\u00e1logo com as periferias, com o olhar da Vida Consagrada em reestrutura\u00e7\u00e3o para a miss\u00e3o, e atrav\u00e9s \u201cdos sonhos\u201d que religiosos jovens e mais velhos, partilharam numa mesa redonda. Tamb\u00e9m Mons. Jos\u00e9 Rodr\u00edguez Carballo ofm, secret\u00e1rio da CIVCSVA<a href=\"#_ftn1\" name=\"_ftnref1\">[2]<\/a>, completou estes di\u00e1logos com raz\u00f5es para a esperan\u00e7a. No fim, Mari\u00f1a R\u00edos odn, presidente da Confer, com tom suave e convic\u00e7\u00e3o forte, encerrou estas jornadas animando-nos a situar-nos a partir do Evangelho para interpretar a complexidade do nosso hoje com o dom gratuito de Deus que \u00e9 a esperan\u00e7a, e que tem que ver com o futuro que Deus quer para os seus filhos e filhas. Convidou-nos a ser testemunhas da esperan\u00e7a como contributo da Vida Consagrada para o mundo, sem ter medo de nos mostrarmos como somos nem de trabalhar juntos. Comprometeu-nos a arriscar, a tomar op\u00e7\u00f5es, a recriar, pois o Esp\u00edrito est\u00e1 falando na novidade. E a estar presentes nos lugares de morte para cuidar e fazer presente o Senhor da vida, como o fizeram as mulheres aos p\u00e9s da cruz. Enfim, a ser p\u00e3o bom para os nossos irm\u00e3os.\n\n&nbsp;<\/p>\n\n\n\n<p>No fim, Mari\u00f1a R\u00edos odn, presidente da Confer, com tom suave e convic\u00e7\u00e3o forte, encerrou estas jornadas animando-nos a situar-nos a partir do Evangelho para interpretar a complexidade do nosso hoje com o dom gratuito de Deus que \u00e9 a esperan\u00e7a, e que tem que ver com o futuro que Deus quer para os seus filhos e filhas. Convidou-nos a ser testemunhas da esperan\u00e7a como contributo da Vida Consagrada para o mundo, sem ter medo de nos mostrarmos como somos nem de trabalhar juntos. Comprometeu-nos a arriscar, a tomar op\u00e7\u00f5es, a recriar, pois o Esp\u00edrito est\u00e1 falando na novidade. E a estar presentes nos lugares de morte para cuidar e fazer presente o Senhor da vida, como o fizeram as mulheres aos p\u00e9s da cruz. Enfim, a ser p\u00e3o bom para os nossos irm\u00e3os. <\/p>\n\n\n\n<p>O Papa Francisco recorda-nos que \u201cSer Igreja \u00e9 ser Povo de Deus, de acordo com o grande projeto de amor do Pai. Isto implica ser o fermento de Deus no meio da humanidade. Isto \u00e9, anunciar e levar a salva\u00e7\u00e3o de Deus a este nosso mundo necessitado de ter respostas que alentem, que d\u00eaem esperan\u00e7a, que d\u00eaem novo vigor no caminho\u2026\u201d (EG 114).<\/p>\n\n\n\n<p>Acompanhamo-nos hoje, como Vida Consagrada aberta \u00e0 realidade escura, mas habitada pela esperan\u00e7a.  Irm\u00e3 Isabel del Valle, stj<\/p>\n\n\n\n<hr class=\"wp-block-separator\"\/>\n\n\n\n<p><a href=\"#_ftnref1\" name=\"_ftn1\">[1]<\/a> Carta convocatoria<\/p>\n\n\n\n<p><a href=\"#_ftnref1\" name=\"_ftn1\">[2]<\/a> Congragaci\u00f3n para los Institutos de Vida Consagrada y las Sociedades de Vida Apost\u00f3lica<\/p>\n\n\n\n<ul class=\"wp-block-gallery columns-2 is-cropped wp-block-gallery-1 is-layout-flex wp-block-gallery-is-layout-flex\"><li class=\"blocks-gallery-item\"><figure><a href=\"https:\/\/encompaniastj.org\/wp-content\/uploads\/2025\/05\/2-confer.jpeg\"><img decoding=\"async\" src=\"https:\/\/encompaniastj.org\/wp-content\/uploads\/2025\/05\/2-confer.jpeg\" alt=\"\" data-id=\"5463\" data-link=\"https:\/\/encompaniastj.org\/?attachment_id=5463\" class=\"wp-image-5463\"\/><\/a><\/figure><\/li><li class=\"blocks-gallery-item\"><figure><a href=\"https:\/\/encompaniastj.org\/wp-content\/uploads\/2025\/05\/3-confer.jpeg\"><img decoding=\"async\" src=\"https:\/\/encompaniastj.org\/wp-content\/uploads\/2025\/05\/3-confer.jpeg\" alt=\"\" data-id=\"5465\" data-link=\"https:\/\/encompaniastj.org\/?attachment_id=5465\" class=\"wp-image-5465\"\/><\/a><\/figure><\/li><li class=\"blocks-gallery-item\"><figure><a href=\"https:\/\/encompaniastj.org\/wp-content\/uploads\/2025\/05\/r-1-confer.jpg\"><img decoding=\"async\" src=\"https:\/\/encompaniastj.org\/wp-content\/uploads\/2025\/05\/r-1-confer.jpg\" alt=\"\" data-id=\"5467\" data-link=\"https:\/\/encompaniastj.org\/?attachment_id=5467\" class=\"wp-image-5467\"\/><\/a><\/figure><\/li><\/ul>\n","protected":false},"excerpt":{"rendered":"<p>Com o lema: \u201cSabei qual \u00e9 a esperan\u00e7a \u00e0 qual fostes chamados\u201d (Ef. 1, 18), fomos convocados em Madrid, nos dias 11 a 13 de novembro, a participar na assembleia [&hellip;]<\/p>\n","protected":false},"author":1,"featured_media":7167,"comment_status":"open","ping_status":"open","sticky":false,"template":"","format":"standard","meta":{"_acf_changed":false,"footnotes":""},"categories":[61,62,68],"tags":[],"class_list":["post-9822","post","type-post","status-publish","format-standard","has-post-thumbnail","hentry","category-noticias","category-otras","category-outras"],"acf":[],"yoast_head":"<!-- This site is optimized with the Yoast SEO plugin v27.5 - https:\/\/yoast.com\/product\/yoast-seo-wordpress\/ -->\n<title>XXVI Assembleia Geral da Confer - En Compa\u00f1\u00eda STJ<\/title>\n<meta name=\"robots\" content=\"index, follow, max-snippet:-1, max-image-preview:large, max-video-preview:-1\" \/>\n<link rel=\"canonical\" href=\"https:\/\/encompaniastj.org\/pt-pt\/xxvi-assembleia-geral-da-confer\/\" \/>\n<meta property=\"og:locale\" content=\"pt_PT\" \/>\n<meta property=\"og:type\" content=\"article\" \/>\n<meta property=\"og:title\" content=\"XXVI Assembleia Geral da Confer - En Compa\u00f1\u00eda STJ\" \/>\n<meta property=\"og:description\" content=\"Com o lema: \u201cSabei qual \u00e9 a esperan\u00e7a \u00e0 qual fostes chamados\u201d (Ef. 1, 18), fomos convocados em Madrid, nos dias 11 a 13 de novembro, a participar na assembleia [&hellip;]\" \/>\n<meta property=\"og:url\" content=\"https:\/\/encompaniastj.org\/pt-pt\/xxvi-assembleia-geral-da-confer\/\" \/>\n<meta property=\"og:site_name\" content=\"En Compa\u00f1\u00eda STJ\" \/>\n<meta property=\"article:published_time\" content=\"2019-11-24T14:57:45+00:00\" \/>\n<meta property=\"article:modified_time\" content=\"2025-07-07T14:20:49+00:00\" \/>\n<meta property=\"og:image\" content=\"https:\/\/encompaniastj.org\/wp-content\/uploads\/2025\/05\/4-confer-pan.jpeg\" \/>\n\t<meta property=\"og:image:width\" content=\"383\" \/>\n\t<meta property=\"og:image:height\" content=\"216\" \/>\n\t<meta property=\"og:image:type\" content=\"image\/jpeg\" \/>\n<meta name=\"author\" content=\"admin\" \/>\n<meta name=\"twitter:card\" content=\"summary_large_image\" \/>\n<meta name=\"twitter:label1\" content=\"Escrito por\" \/>\n\t<meta name=\"twitter:data1\" content=\"admin\" \/>\n\t<meta name=\"twitter:label2\" content=\"Tempo estimado de leitura\" \/>\n\t<meta name=\"twitter:data2\" content=\"4 minutos\" \/>\n<script type=\"application\/ld+json\" class=\"yoast-schema-graph\">{\"@context\":\"https:\\\/\\\/schema.org\",\"@graph\":[{\"@type\":\"Article\",\"@id\":\"https:\\\/\\\/encompaniastj.org\\\/pt-pt\\\/xxvi-assembleia-geral-da-confer\\\/#article\",\"isPartOf\":{\"@id\":\"https:\\\/\\\/encompaniastj.org\\\/pt-pt\\\/xxvi-assembleia-geral-da-confer\\\/\"},\"author\":{\"name\":\"admin\",\"@id\":\"https:\\\/\\\/encompaniastj.org\\\/pt-pt\\\/#\\\/schema\\\/person\\\/520e7ecc314793d40091993c2a02b651\"},\"headline\":\"XXVI Assembleia Geral da Confer\",\"datePublished\":\"2019-11-24T14:57:45+00:00\",\"dateModified\":\"2025-07-07T14:20:49+00:00\",\"mainEntityOfPage\":{\"@id\":\"https:\\\/\\\/encompaniastj.org\\\/pt-pt\\\/xxvi-assembleia-geral-da-confer\\\/\"},\"wordCount\":727,\"commentCount\":0,\"publisher\":{\"@id\":\"https:\\\/\\\/encompaniastj.org\\\/pt-pt\\\/#organization\"},\"image\":{\"@id\":\"https:\\\/\\\/encompaniastj.org\\\/pt-pt\\\/xxvi-assembleia-geral-da-confer\\\/#primaryimage\"},\"thumbnailUrl\":\"https:\\\/\\\/encompaniastj.org\\\/wp-content\\\/uploads\\\/2025\\\/05\\\/4-confer-pan.jpeg\",\"articleSection\":[\"Noticias\",\"Otras\",\"Outras\"],\"inLanguage\":\"pt-PT\",\"potentialAction\":[{\"@type\":\"CommentAction\",\"name\":\"Comment\",\"target\":[\"https:\\\/\\\/encompaniastj.org\\\/pt-pt\\\/xxvi-assembleia-geral-da-confer\\\/#respond\"]}]},{\"@type\":\"WebPage\",\"@id\":\"https:\\\/\\\/encompaniastj.org\\\/pt-pt\\\/xxvi-assembleia-geral-da-confer\\\/\",\"url\":\"https:\\\/\\\/encompaniastj.org\\\/pt-pt\\\/xxvi-assembleia-geral-da-confer\\\/\",\"name\":\"XXVI Assembleia Geral da Confer - En Compa\u00f1\u00eda STJ\",\"isPartOf\":{\"@id\":\"https:\\\/\\\/encompaniastj.org\\\/pt-pt\\\/#website\"},\"primaryImageOfPage\":{\"@id\":\"https:\\\/\\\/encompaniastj.org\\\/pt-pt\\\/xxvi-assembleia-geral-da-confer\\\/#primaryimage\"},\"image\":{\"@id\":\"https:\\\/\\\/encompaniastj.org\\\/pt-pt\\\/xxvi-assembleia-geral-da-confer\\\/#primaryimage\"},\"thumbnailUrl\":\"https:\\\/\\\/encompaniastj.org\\\/wp-content\\\/uploads\\\/2025\\\/05\\\/4-confer-pan.jpeg\",\"datePublished\":\"2019-11-24T14:57:45+00:00\",\"dateModified\":\"2025-07-07T14:20:49+00:00\",\"breadcrumb\":{\"@id\":\"https:\\\/\\\/encompaniastj.org\\\/pt-pt\\\/xxvi-assembleia-geral-da-confer\\\/#breadcrumb\"},\"inLanguage\":\"pt-PT\",\"potentialAction\":[{\"@type\":\"ReadAction\",\"target\":[\"https:\\\/\\\/encompaniastj.org\\\/pt-pt\\\/xxvi-assembleia-geral-da-confer\\\/\"]}]},{\"@type\":\"ImageObject\",\"inLanguage\":\"pt-PT\",\"@id\":\"https:\\\/\\\/encompaniastj.org\\\/pt-pt\\\/xxvi-assembleia-geral-da-confer\\\/#primaryimage\",\"url\":\"https:\\\/\\\/encompaniastj.org\\\/wp-content\\\/uploads\\\/2025\\\/05\\\/4-confer-pan.jpeg\",\"contentUrl\":\"https:\\\/\\\/encompaniastj.org\\\/wp-content\\\/uploads\\\/2025\\\/05\\\/4-confer-pan.jpeg\",\"width\":383,\"height\":216},{\"@type\":\"BreadcrumbList\",\"@id\":\"https:\\\/\\\/encompaniastj.org\\\/pt-pt\\\/xxvi-assembleia-geral-da-confer\\\/#breadcrumb\",\"itemListElement\":[{\"@type\":\"ListItem\",\"position\":1,\"name\":\"Portada\",\"item\":\"https:\\\/\\\/encompaniastj.org\\\/pt-pt\\\/\"},{\"@type\":\"ListItem\",\"position\":2,\"name\":\"XXVI Assembleia Geral da Confer\"}]},{\"@type\":\"WebSite\",\"@id\":\"https:\\\/\\\/encompaniastj.org\\\/pt-pt\\\/#website\",\"url\":\"https:\\\/\\\/encompaniastj.org\\\/pt-pt\\\/\",\"name\":\"En Compa\u00f1\u00eda STJ\",\"description\":\"Bolet\u00edn de la Compa\u00f1\u00eda de Santa Teresa de Jes\u00fas\",\"publisher\":{\"@id\":\"https:\\\/\\\/encompaniastj.org\\\/pt-pt\\\/#organization\"},\"potentialAction\":[{\"@type\":\"SearchAction\",\"target\":{\"@type\":\"EntryPoint\",\"urlTemplate\":\"https:\\\/\\\/encompaniastj.org\\\/pt-pt\\\/?s={search_term_string}\"},\"query-input\":{\"@type\":\"PropertyValueSpecification\",\"valueRequired\":true,\"valueName\":\"search_term_string\"}}],\"inLanguage\":\"pt-PT\"},{\"@type\":\"Organization\",\"@id\":\"https:\\\/\\\/encompaniastj.org\\\/pt-pt\\\/#organization\",\"name\":\"Compa\u00f1\u00eda de Santa Teresa de Jes\u00fas\",\"url\":\"https:\\\/\\\/encompaniastj.org\\\/pt-pt\\\/\",\"logo\":{\"@type\":\"ImageObject\",\"inLanguage\":\"pt-PT\",\"@id\":\"https:\\\/\\\/encompaniastj.org\\\/pt-pt\\\/#\\\/schema\\\/logo\\\/image\\\/\",\"url\":\"https:\\\/\\\/encompaniastj.org\\\/wp-content\\\/uploads\\\/2025\\\/04\\\/logo_provincias02-1-3.png\",\"contentUrl\":\"https:\\\/\\\/encompaniastj.org\\\/wp-content\\\/uploads\\\/2025\\\/04\\\/logo_provincias02-1-3.png\",\"width\":2368,\"height\":825,\"caption\":\"Compa\u00f1\u00eda de Santa Teresa de Jes\u00fas\"},\"image\":{\"@id\":\"https:\\\/\\\/encompaniastj.org\\\/pt-pt\\\/#\\\/schema\\\/logo\\\/image\\\/\"}},{\"@type\":\"Person\",\"@id\":\"https:\\\/\\\/encompaniastj.org\\\/pt-pt\\\/#\\\/schema\\\/person\\\/520e7ecc314793d40091993c2a02b651\",\"name\":\"admin\",\"image\":{\"@type\":\"ImageObject\",\"inLanguage\":\"pt-PT\",\"@id\":\"https:\\\/\\\/secure.gravatar.com\\\/avatar\\\/948b492cce32b586ac2db0eaa926ee87024f7afe218d73b397ea5ddfc5f43ea1?s=96&d=mm&r=g\",\"url\":\"https:\\\/\\\/secure.gravatar.com\\\/avatar\\\/948b492cce32b586ac2db0eaa926ee87024f7afe218d73b397ea5ddfc5f43ea1?s=96&d=mm&r=g\",\"contentUrl\":\"https:\\\/\\\/secure.gravatar.com\\\/avatar\\\/948b492cce32b586ac2db0eaa926ee87024f7afe218d73b397ea5ddfc5f43ea1?s=96&d=mm&r=g\",\"caption\":\"admin\"},\"sameAs\":[\"https:\\\/\\\/encompaniastj.org\"],\"url\":\"https:\\\/\\\/encompaniastj.org\\\/pt-pt\\\/author\\\/sjdigital\\\/\"}]}<\/script>\n<!-- \/ Yoast SEO plugin. -->","yoast_head_json":{"title":"XXVI Assembleia Geral da Confer - En Compa\u00f1\u00eda STJ","robots":{"index":"index","follow":"follow","max-snippet":"max-snippet:-1","max-image-preview":"max-image-preview:large","max-video-preview":"max-video-preview:-1"},"canonical":"https:\/\/encompaniastj.org\/pt-pt\/xxvi-assembleia-geral-da-confer\/","og_locale":"pt_PT","og_type":"article","og_title":"XXVI Assembleia Geral da Confer - En Compa\u00f1\u00eda STJ","og_description":"Com o lema: \u201cSabei qual \u00e9 a esperan\u00e7a \u00e0 qual fostes chamados\u201d (Ef. 1, 18), fomos convocados em Madrid, nos dias 11 a 13 de novembro, a participar na assembleia [&hellip;]","og_url":"https:\/\/encompaniastj.org\/pt-pt\/xxvi-assembleia-geral-da-confer\/","og_site_name":"En Compa\u00f1\u00eda STJ","article_published_time":"2019-11-24T14:57:45+00:00","article_modified_time":"2025-07-07T14:20:49+00:00","og_image":[{"width":383,"height":216,"url":"https:\/\/encompaniastj.org\/wp-content\/uploads\/2025\/05\/4-confer-pan.jpeg","type":"image\/jpeg"}],"author":"admin","twitter_card":"summary_large_image","twitter_misc":{"Escrito por":"admin","Tempo estimado de leitura":"4 minutos"},"schema":{"@context":"https:\/\/schema.org","@graph":[{"@type":"Article","@id":"https:\/\/encompaniastj.org\/pt-pt\/xxvi-assembleia-geral-da-confer\/#article","isPartOf":{"@id":"https:\/\/encompaniastj.org\/pt-pt\/xxvi-assembleia-geral-da-confer\/"},"author":{"name":"admin","@id":"https:\/\/encompaniastj.org\/pt-pt\/#\/schema\/person\/520e7ecc314793d40091993c2a02b651"},"headline":"XXVI Assembleia Geral da Confer","datePublished":"2019-11-24T14:57:45+00:00","dateModified":"2025-07-07T14:20:49+00:00","mainEntityOfPage":{"@id":"https:\/\/encompaniastj.org\/pt-pt\/xxvi-assembleia-geral-da-confer\/"},"wordCount":727,"commentCount":0,"publisher":{"@id":"https:\/\/encompaniastj.org\/pt-pt\/#organization"},"image":{"@id":"https:\/\/encompaniastj.org\/pt-pt\/xxvi-assembleia-geral-da-confer\/#primaryimage"},"thumbnailUrl":"https:\/\/encompaniastj.org\/wp-content\/uploads\/2025\/05\/4-confer-pan.jpeg","articleSection":["Noticias","Otras","Outras"],"inLanguage":"pt-PT","potentialAction":[{"@type":"CommentAction","name":"Comment","target":["https:\/\/encompaniastj.org\/pt-pt\/xxvi-assembleia-geral-da-confer\/#respond"]}]},{"@type":"WebPage","@id":"https:\/\/encompaniastj.org\/pt-pt\/xxvi-assembleia-geral-da-confer\/","url":"https:\/\/encompaniastj.org\/pt-pt\/xxvi-assembleia-geral-da-confer\/","name":"XXVI Assembleia Geral da Confer - En Compa\u00f1\u00eda STJ","isPartOf":{"@id":"https:\/\/encompaniastj.org\/pt-pt\/#website"},"primaryImageOfPage":{"@id":"https:\/\/encompaniastj.org\/pt-pt\/xxvi-assembleia-geral-da-confer\/#primaryimage"},"image":{"@id":"https:\/\/encompaniastj.org\/pt-pt\/xxvi-assembleia-geral-da-confer\/#primaryimage"},"thumbnailUrl":"https:\/\/encompaniastj.org\/wp-content\/uploads\/2025\/05\/4-confer-pan.jpeg","datePublished":"2019-11-24T14:57:45+00:00","dateModified":"2025-07-07T14:20:49+00:00","breadcrumb":{"@id":"https:\/\/encompaniastj.org\/pt-pt\/xxvi-assembleia-geral-da-confer\/#breadcrumb"},"inLanguage":"pt-PT","potentialAction":[{"@type":"ReadAction","target":["https:\/\/encompaniastj.org\/pt-pt\/xxvi-assembleia-geral-da-confer\/"]}]},{"@type":"ImageObject","inLanguage":"pt-PT","@id":"https:\/\/encompaniastj.org\/pt-pt\/xxvi-assembleia-geral-da-confer\/#primaryimage","url":"https:\/\/encompaniastj.org\/wp-content\/uploads\/2025\/05\/4-confer-pan.jpeg","contentUrl":"https:\/\/encompaniastj.org\/wp-content\/uploads\/2025\/05\/4-confer-pan.jpeg","width":383,"height":216},{"@type":"BreadcrumbList","@id":"https:\/\/encompaniastj.org\/pt-pt\/xxvi-assembleia-geral-da-confer\/#breadcrumb","itemListElement":[{"@type":"ListItem","position":1,"name":"Portada","item":"https:\/\/encompaniastj.org\/pt-pt\/"},{"@type":"ListItem","position":2,"name":"XXVI Assembleia Geral da Confer"}]},{"@type":"WebSite","@id":"https:\/\/encompaniastj.org\/pt-pt\/#website","url":"https:\/\/encompaniastj.org\/pt-pt\/","name":"En Compa\u00f1\u00eda STJ","description":"Bolet\u00edn de la Compa\u00f1\u00eda de Santa Teresa de Jes\u00fas","publisher":{"@id":"https:\/\/encompaniastj.org\/pt-pt\/#organization"},"potentialAction":[{"@type":"SearchAction","target":{"@type":"EntryPoint","urlTemplate":"https:\/\/encompaniastj.org\/pt-pt\/?s={search_term_string}"},"query-input":{"@type":"PropertyValueSpecification","valueRequired":true,"valueName":"search_term_string"}}],"inLanguage":"pt-PT"},{"@type":"Organization","@id":"https:\/\/encompaniastj.org\/pt-pt\/#organization","name":"Compa\u00f1\u00eda de Santa Teresa de Jes\u00fas","url":"https:\/\/encompaniastj.org\/pt-pt\/","logo":{"@type":"ImageObject","inLanguage":"pt-PT","@id":"https:\/\/encompaniastj.org\/pt-pt\/#\/schema\/logo\/image\/","url":"https:\/\/encompaniastj.org\/wp-content\/uploads\/2025\/04\/logo_provincias02-1-3.png","contentUrl":"https:\/\/encompaniastj.org\/wp-content\/uploads\/2025\/04\/logo_provincias02-1-3.png","width":2368,"height":825,"caption":"Compa\u00f1\u00eda de Santa Teresa de Jes\u00fas"},"image":{"@id":"https:\/\/encompaniastj.org\/pt-pt\/#\/schema\/logo\/image\/"}},{"@type":"Person","@id":"https:\/\/encompaniastj.org\/pt-pt\/#\/schema\/person\/520e7ecc314793d40091993c2a02b651","name":"admin","image":{"@type":"ImageObject","inLanguage":"pt-PT","@id":"https:\/\/secure.gravatar.com\/avatar\/948b492cce32b586ac2db0eaa926ee87024f7afe218d73b397ea5ddfc5f43ea1?s=96&d=mm&r=g","url":"https:\/\/secure.gravatar.com\/avatar\/948b492cce32b586ac2db0eaa926ee87024f7afe218d73b397ea5ddfc5f43ea1?s=96&d=mm&r=g","contentUrl":"https:\/\/secure.gravatar.com\/avatar\/948b492cce32b586ac2db0eaa926ee87024f7afe218d73b397ea5ddfc5f43ea1?s=96&d=mm&r=g","caption":"admin"},"sameAs":["https:\/\/encompaniastj.org"],"url":"https:\/\/encompaniastj.org\/pt-pt\/author\/sjdigital\/"}]}},"_links":{"self":[{"href":"https:\/\/encompaniastj.org\/pt-pt\/wp-json\/wp\/v2\/posts\/9822","targetHints":{"allow":["GET"]}}],"collection":[{"href":"https:\/\/encompaniastj.org\/pt-pt\/wp-json\/wp\/v2\/posts"}],"about":[{"href":"https:\/\/encompaniastj.org\/pt-pt\/wp-json\/wp\/v2\/types\/post"}],"author":[{"embeddable":true,"href":"https:\/\/encompaniastj.org\/pt-pt\/wp-json\/wp\/v2\/users\/1"}],"replies":[{"embeddable":true,"href":"https:\/\/encompaniastj.org\/pt-pt\/wp-json\/wp\/v2\/comments?post=9822"}],"version-history":[{"count":1,"href":"https:\/\/encompaniastj.org\/pt-pt\/wp-json\/wp\/v2\/posts\/9822\/revisions"}],"predecessor-version":[{"id":9823,"href":"https:\/\/encompaniastj.org\/pt-pt\/wp-json\/wp\/v2\/posts\/9822\/revisions\/9823"}],"wp:featuredmedia":[{"embeddable":true,"href":"https:\/\/encompaniastj.org\/pt-pt\/wp-json\/wp\/v2\/media\/7167"}],"wp:attachment":[{"href":"https:\/\/encompaniastj.org\/pt-pt\/wp-json\/wp\/v2\/media?parent=9822"}],"wp:term":[{"taxonomy":"category","embeddable":true,"href":"https:\/\/encompaniastj.org\/pt-pt\/wp-json\/wp\/v2\/categories?post=9822"},{"taxonomy":"post_tag","embeddable":true,"href":"https:\/\/encompaniastj.org\/pt-pt\/wp-json\/wp\/v2\/tags?post=9822"}],"curies":[{"name":"wp","href":"https:\/\/api.w.org\/{rel}","templated":true}]}}