{"id":9806,"date":"2019-11-14T14:33:34","date_gmt":"2019-11-14T13:33:34","guid":{"rendered":"https:\/\/encompaniastj.org\/irma-rosa-pereira-12-de-novembro-de-2019-fatima-residencia\/"},"modified":"2025-07-07T16:20:46","modified_gmt":"2025-07-07T14:20:46","slug":"irma-rosa-pereira-12-de-novembro-de-2019-fatima-residencia","status":"publish","type":"post","link":"https:\/\/encompaniastj.org\/pt-pt\/irma-rosa-pereira-12-de-novembro-de-2019-fatima-residencia\/","title":{"rendered":"Irm\u00e3 Rosa Pereira. 12 de novembro de 2019 (F\u00e1tima-Resid\u00eancia)"},"content":{"rendered":"\n<p>A\nIrm\u00e3 Rosa Pereira nasceu em Santa Maria de Oliveira \u2013 Famalic\u00e3o, no dia 29 de abril\nde 1929. Entrou na Companhia de Santa Teresa de Jesus, no noviciado de Braga no\ndia 02 de agosto de 1954.<\/p>\n\n\n\n<p>Na\nsua vida de teresiana passou por v\u00e1rias casas onde se entregou de alma e\ncora\u00e7\u00e3o \u00e0 miss\u00e3o evangelizadora: Em Roma - Casa Geral; Santo Tirso, Braga,\nPorto e Coimbra e da\u00ed passou \u00e0 comunidade de F\u00e1tima, onde viveu os seus \u00faltimos\nanos que foram marcados pela entrega, pelo oferecimento da sua vida e pela\nora\u00e7\u00e3o, apesar das limita\u00e7\u00f5es de sa\u00fade que deram continuidade \u00e0 miss\u00e3o e\nprojeto de vida que Deus tinha para ela. <\/p>\n\n\n\n<p>Dedicou toda a sua vida de consagrada ao\nservi\u00e7o da miss\u00e3o assumindo o of\u00edcio de cozinheira que desempenhou com\ncompet\u00eancia, esmero, dedica\u00e7\u00e3o e carinho. Uma vida simples, silenciosa, humilde\ne sacrificada, sempre com um sorriso nos l\u00e1bios. Pelas comunidades e obras por\nonde passou, deixou um rasto de luz e de saudade, pois, a todos acolhia com\namor e dedica\u00e7\u00e3o extrema. Era uma irm\u00e3 de vida interior, vida que alimentava\ncom a ora\u00e7\u00e3o di\u00e1ria, sem nunca descuidar o tempo a ela dedicado. Nas suas\natitudes di\u00e1rias, distinguia-se por dar gosto a todos: \u00e0s irm\u00e3s, aos alunos\/as,\nuniversit\u00e1rias e outros. N\u00e3o contabilizava o pre\u00e7o do sacrif\u00edcio que esses\ngestos lhe poderiam trazer. <\/p>\n\n\n\n<p>A\nIrm\u00e3 Rosa preparou a sua partida para o Pai, oferecendo o seu sofrimento do dia\na dia, sobretudo os seus \u00faltimos anos de vida, que ela aceitou com amor e\nesp\u00edrito de entrega a Deus, oferecendo o seu sacrif\u00edcio pela Companhia, pelo\nmundo e pela Igreja.<\/p>\n\n\n\n<p>\u00c9\ncom profunda gratid\u00e3o que enumeramos as pessoas que ao longo destes anos, e, de\num modo especial, nesta \u00faltima fase da sua exist\u00eancia terrena prestaram\nservi\u00e7os e cuidados \u00e0 Irm\u00e3 Rosa: as Irm\u00e3s da comunidade de F\u00e1tima e de outras\ncomunidades, os familiares que a acompanharam com amor e carinho; as\nfuncion\u00e1rias; os m\u00e9dicos e os sacerdotes que a acompanharam.<\/p>\n\n\n\n<p>A\nCompanhia de Santa Teresa de Jesus agradece profundamente a vida, a entrega e\ntoda a dedica\u00e7\u00e3o da nossa querida Irm\u00e3 Rosa a quem prestamos a nossa sentida\nhomenagem e pedimos a Deus que a guarde no seu Amor.<\/p>\n","protected":false},"excerpt":{"rendered":"<p>A Irm\u00e3 Rosa Pereira nasceu em Santa Maria de Oliveira \u2013 Famalic\u00e3o, no dia 29 de abril de 1929. Entrou na Companhia de Santa Teresa de Jesus, no noviciado de [&hellip;]<\/p>\n","protected":false},"author":1,"featured_media":7149,"comment_status":"open","ping_status":"open","sticky":false,"template":"","format":"standard","meta":{"_acf_changed":false,"footnotes":""},"categories":[69,63],"tags":[],"class_list":["post-9806","post","type-post","status-publish","format-standard","has-post-thumbnail","hentry","category-falecimentos","category-fallecimientos"],"acf":[],"yoast_head":"<!-- This site is optimized with the Yoast SEO plugin v27.5 - https:\/\/yoast.com\/product\/yoast-seo-wordpress\/ -->\n<title>Irm\u00e3 Rosa Pereira. 12 de novembro de 2019 (F\u00e1tima-Resid\u00eancia) - En Compa\u00f1\u00eda STJ<\/title>\n<meta name=\"robots\" content=\"index, follow, max-snippet:-1, max-image-preview:large, max-video-preview:-1\" \/>\n<link rel=\"canonical\" href=\"https:\/\/encompaniastj.org\/pt-pt\/irma-rosa-pereira-12-de-novembro-de-2019-fatima-residencia\/\" \/>\n<meta property=\"og:locale\" content=\"pt_PT\" \/>\n<meta property=\"og:type\" content=\"article\" \/>\n<meta property=\"og:title\" content=\"Irm\u00e3 Rosa Pereira. 12 de novembro de 2019 (F\u00e1tima-Resid\u00eancia) - En Compa\u00f1\u00eda STJ\" \/>\n<meta property=\"og:description\" content=\"A Irm\u00e3 Rosa Pereira nasceu em Santa Maria de Oliveira \u2013 Famalic\u00e3o, no dia 29 de abril de 1929. Entrou na Companhia de Santa Teresa de Jesus, no noviciado de [&hellip;]\" \/>\n<meta property=\"og:url\" content=\"https:\/\/encompaniastj.org\/pt-pt\/irma-rosa-pereira-12-de-novembro-de-2019-fatima-residencia\/\" \/>\n<meta property=\"og:site_name\" content=\"En Compa\u00f1\u00eda STJ\" \/>\n<meta property=\"article:published_time\" content=\"2019-11-14T13:33:34+00:00\" \/>\n<meta property=\"article:modified_time\" content=\"2025-07-07T14:20:46+00:00\" \/>\n<meta property=\"og:image\" content=\"https:\/\/encompaniastj.org\/wp-content\/uploads\/2025\/05\/fallecimientos-Rosa-Pereira.jpg\" \/>\n\t<meta property=\"og:image:width\" content=\"1650\" \/>\n\t<meta property=\"og:image:height\" content=\"1100\" \/>\n\t<meta property=\"og:image:type\" content=\"image\/jpeg\" \/>\n<meta name=\"author\" content=\"admin\" \/>\n<meta name=\"twitter:card\" content=\"summary_large_image\" \/>\n<meta name=\"twitter:label1\" content=\"Escrito por\" \/>\n\t<meta name=\"twitter:data1\" content=\"admin\" \/>\n\t<meta name=\"twitter:label2\" content=\"Tempo estimado de leitura\" \/>\n\t<meta name=\"twitter:data2\" content=\"2 minutos\" \/>\n<script type=\"application\/ld+json\" class=\"yoast-schema-graph\">{\"@context\":\"https:\\\/\\\/schema.org\",\"@graph\":[{\"@type\":\"Article\",\"@id\":\"https:\\\/\\\/encompaniastj.org\\\/pt-pt\\\/irma-rosa-pereira-12-de-novembro-de-2019-fatima-residencia\\\/#article\",\"isPartOf\":{\"@id\":\"https:\\\/\\\/encompaniastj.org\\\/pt-pt\\\/irma-rosa-pereira-12-de-novembro-de-2019-fatima-residencia\\\/\"},\"author\":{\"name\":\"admin\",\"@id\":\"https:\\\/\\\/encompaniastj.org\\\/pt-pt\\\/#\\\/schema\\\/person\\\/520e7ecc314793d40091993c2a02b651\"},\"headline\":\"Irm\u00e3 Rosa Pereira. 12 de novembro de 2019 (F\u00e1tima-Resid\u00eancia)\",\"datePublished\":\"2019-11-14T13:33:34+00:00\",\"dateModified\":\"2025-07-07T14:20:46+00:00\",\"mainEntityOfPage\":{\"@id\":\"https:\\\/\\\/encompaniastj.org\\\/pt-pt\\\/irma-rosa-pereira-12-de-novembro-de-2019-fatima-residencia\\\/\"},\"wordCount\":405,\"commentCount\":0,\"publisher\":{\"@id\":\"https:\\\/\\\/encompaniastj.org\\\/pt-pt\\\/#organization\"},\"image\":{\"@id\":\"https:\\\/\\\/encompaniastj.org\\\/pt-pt\\\/irma-rosa-pereira-12-de-novembro-de-2019-fatima-residencia\\\/#primaryimage\"},\"thumbnailUrl\":\"https:\\\/\\\/encompaniastj.org\\\/wp-content\\\/uploads\\\/2025\\\/05\\\/fallecimientos-Rosa-Pereira.jpg\",\"articleSection\":[\"Falecimentos\",\"Fallecimientos\"],\"inLanguage\":\"pt-PT\",\"potentialAction\":[{\"@type\":\"CommentAction\",\"name\":\"Comment\",\"target\":[\"https:\\\/\\\/encompaniastj.org\\\/pt-pt\\\/irma-rosa-pereira-12-de-novembro-de-2019-fatima-residencia\\\/#respond\"]}]},{\"@type\":\"WebPage\",\"@id\":\"https:\\\/\\\/encompaniastj.org\\\/pt-pt\\\/irma-rosa-pereira-12-de-novembro-de-2019-fatima-residencia\\\/\",\"url\":\"https:\\\/\\\/encompaniastj.org\\\/pt-pt\\\/irma-rosa-pereira-12-de-novembro-de-2019-fatima-residencia\\\/\",\"name\":\"Irm\u00e3 Rosa Pereira. 12 de novembro de 2019 (F\u00e1tima-Resid\u00eancia) - En Compa\u00f1\u00eda STJ\",\"isPartOf\":{\"@id\":\"https:\\\/\\\/encompaniastj.org\\\/pt-pt\\\/#website\"},\"primaryImageOfPage\":{\"@id\":\"https:\\\/\\\/encompaniastj.org\\\/pt-pt\\\/irma-rosa-pereira-12-de-novembro-de-2019-fatima-residencia\\\/#primaryimage\"},\"image\":{\"@id\":\"https:\\\/\\\/encompaniastj.org\\\/pt-pt\\\/irma-rosa-pereira-12-de-novembro-de-2019-fatima-residencia\\\/#primaryimage\"},\"thumbnailUrl\":\"https:\\\/\\\/encompaniastj.org\\\/wp-content\\\/uploads\\\/2025\\\/05\\\/fallecimientos-Rosa-Pereira.jpg\",\"datePublished\":\"2019-11-14T13:33:34+00:00\",\"dateModified\":\"2025-07-07T14:20:46+00:00\",\"breadcrumb\":{\"@id\":\"https:\\\/\\\/encompaniastj.org\\\/pt-pt\\\/irma-rosa-pereira-12-de-novembro-de-2019-fatima-residencia\\\/#breadcrumb\"},\"inLanguage\":\"pt-PT\",\"potentialAction\":[{\"@type\":\"ReadAction\",\"target\":[\"https:\\\/\\\/encompaniastj.org\\\/pt-pt\\\/irma-rosa-pereira-12-de-novembro-de-2019-fatima-residencia\\\/\"]}]},{\"@type\":\"ImageObject\",\"inLanguage\":\"pt-PT\",\"@id\":\"https:\\\/\\\/encompaniastj.org\\\/pt-pt\\\/irma-rosa-pereira-12-de-novembro-de-2019-fatima-residencia\\\/#primaryimage\",\"url\":\"https:\\\/\\\/encompaniastj.org\\\/wp-content\\\/uploads\\\/2025\\\/05\\\/fallecimientos-Rosa-Pereira.jpg\",\"contentUrl\":\"https:\\\/\\\/encompaniastj.org\\\/wp-content\\\/uploads\\\/2025\\\/05\\\/fallecimientos-Rosa-Pereira.jpg\",\"width\":1650,\"height\":1100},{\"@type\":\"BreadcrumbList\",\"@id\":\"https:\\\/\\\/encompaniastj.org\\\/pt-pt\\\/irma-rosa-pereira-12-de-novembro-de-2019-fatima-residencia\\\/#breadcrumb\",\"itemListElement\":[{\"@type\":\"ListItem\",\"position\":1,\"name\":\"Portada\",\"item\":\"https:\\\/\\\/encompaniastj.org\\\/pt-pt\\\/\"},{\"@type\":\"ListItem\",\"position\":2,\"name\":\"Irm\u00e3 Rosa Pereira. 12 de novembro de 2019 (F\u00e1tima-Resid\u00eancia)\"}]},{\"@type\":\"WebSite\",\"@id\":\"https:\\\/\\\/encompaniastj.org\\\/pt-pt\\\/#website\",\"url\":\"https:\\\/\\\/encompaniastj.org\\\/pt-pt\\\/\",\"name\":\"En Compa\u00f1\u00eda STJ\",\"description\":\"Bolet\u00edn de la Compa\u00f1\u00eda de Santa Teresa de Jes\u00fas\",\"publisher\":{\"@id\":\"https:\\\/\\\/encompaniastj.org\\\/pt-pt\\\/#organization\"},\"potentialAction\":[{\"@type\":\"SearchAction\",\"target\":{\"@type\":\"EntryPoint\",\"urlTemplate\":\"https:\\\/\\\/encompaniastj.org\\\/pt-pt\\\/?s={search_term_string}\"},\"query-input\":{\"@type\":\"PropertyValueSpecification\",\"valueRequired\":true,\"valueName\":\"search_term_string\"}}],\"inLanguage\":\"pt-PT\"},{\"@type\":\"Organization\",\"@id\":\"https:\\\/\\\/encompaniastj.org\\\/pt-pt\\\/#organization\",\"name\":\"Compa\u00f1\u00eda de Santa Teresa de Jes\u00fas\",\"url\":\"https:\\\/\\\/encompaniastj.org\\\/pt-pt\\\/\",\"logo\":{\"@type\":\"ImageObject\",\"inLanguage\":\"pt-PT\",\"@id\":\"https:\\\/\\\/encompaniastj.org\\\/pt-pt\\\/#\\\/schema\\\/logo\\\/image\\\/\",\"url\":\"https:\\\/\\\/encompaniastj.org\\\/wp-content\\\/uploads\\\/2025\\\/04\\\/logo_provincias02-1-3.png\",\"contentUrl\":\"https:\\\/\\\/encompaniastj.org\\\/wp-content\\\/uploads\\\/2025\\\/04\\\/logo_provincias02-1-3.png\",\"width\":2368,\"height\":825,\"caption\":\"Compa\u00f1\u00eda de Santa Teresa de Jes\u00fas\"},\"image\":{\"@id\":\"https:\\\/\\\/encompaniastj.org\\\/pt-pt\\\/#\\\/schema\\\/logo\\\/image\\\/\"}},{\"@type\":\"Person\",\"@id\":\"https:\\\/\\\/encompaniastj.org\\\/pt-pt\\\/#\\\/schema\\\/person\\\/520e7ecc314793d40091993c2a02b651\",\"name\":\"admin\",\"image\":{\"@type\":\"ImageObject\",\"inLanguage\":\"pt-PT\",\"@id\":\"https:\\\/\\\/secure.gravatar.com\\\/avatar\\\/948b492cce32b586ac2db0eaa926ee87024f7afe218d73b397ea5ddfc5f43ea1?s=96&d=mm&r=g\",\"url\":\"https:\\\/\\\/secure.gravatar.com\\\/avatar\\\/948b492cce32b586ac2db0eaa926ee87024f7afe218d73b397ea5ddfc5f43ea1?s=96&d=mm&r=g\",\"contentUrl\":\"https:\\\/\\\/secure.gravatar.com\\\/avatar\\\/948b492cce32b586ac2db0eaa926ee87024f7afe218d73b397ea5ddfc5f43ea1?s=96&d=mm&r=g\",\"caption\":\"admin\"},\"sameAs\":[\"https:\\\/\\\/encompaniastj.org\"],\"url\":\"https:\\\/\\\/encompaniastj.org\\\/pt-pt\\\/author\\\/sjdigital\\\/\"}]}<\/script>\n<!-- \/ Yoast SEO plugin. -->","yoast_head_json":{"title":"Irm\u00e3 Rosa Pereira. 12 de novembro de 2019 (F\u00e1tima-Resid\u00eancia) - En Compa\u00f1\u00eda STJ","robots":{"index":"index","follow":"follow","max-snippet":"max-snippet:-1","max-image-preview":"max-image-preview:large","max-video-preview":"max-video-preview:-1"},"canonical":"https:\/\/encompaniastj.org\/pt-pt\/irma-rosa-pereira-12-de-novembro-de-2019-fatima-residencia\/","og_locale":"pt_PT","og_type":"article","og_title":"Irm\u00e3 Rosa Pereira. 12 de novembro de 2019 (F\u00e1tima-Resid\u00eancia) - En Compa\u00f1\u00eda STJ","og_description":"A Irm\u00e3 Rosa Pereira nasceu em Santa Maria de Oliveira \u2013 Famalic\u00e3o, no dia 29 de abril de 1929. Entrou na Companhia de Santa Teresa de Jesus, no noviciado de [&hellip;]","og_url":"https:\/\/encompaniastj.org\/pt-pt\/irma-rosa-pereira-12-de-novembro-de-2019-fatima-residencia\/","og_site_name":"En Compa\u00f1\u00eda STJ","article_published_time":"2019-11-14T13:33:34+00:00","article_modified_time":"2025-07-07T14:20:46+00:00","og_image":[{"width":1650,"height":1100,"url":"https:\/\/encompaniastj.org\/wp-content\/uploads\/2025\/05\/fallecimientos-Rosa-Pereira.jpg","type":"image\/jpeg"}],"author":"admin","twitter_card":"summary_large_image","twitter_misc":{"Escrito por":"admin","Tempo estimado de leitura":"2 minutos"},"schema":{"@context":"https:\/\/schema.org","@graph":[{"@type":"Article","@id":"https:\/\/encompaniastj.org\/pt-pt\/irma-rosa-pereira-12-de-novembro-de-2019-fatima-residencia\/#article","isPartOf":{"@id":"https:\/\/encompaniastj.org\/pt-pt\/irma-rosa-pereira-12-de-novembro-de-2019-fatima-residencia\/"},"author":{"name":"admin","@id":"https:\/\/encompaniastj.org\/pt-pt\/#\/schema\/person\/520e7ecc314793d40091993c2a02b651"},"headline":"Irm\u00e3 Rosa Pereira. 12 de novembro de 2019 (F\u00e1tima-Resid\u00eancia)","datePublished":"2019-11-14T13:33:34+00:00","dateModified":"2025-07-07T14:20:46+00:00","mainEntityOfPage":{"@id":"https:\/\/encompaniastj.org\/pt-pt\/irma-rosa-pereira-12-de-novembro-de-2019-fatima-residencia\/"},"wordCount":405,"commentCount":0,"publisher":{"@id":"https:\/\/encompaniastj.org\/pt-pt\/#organization"},"image":{"@id":"https:\/\/encompaniastj.org\/pt-pt\/irma-rosa-pereira-12-de-novembro-de-2019-fatima-residencia\/#primaryimage"},"thumbnailUrl":"https:\/\/encompaniastj.org\/wp-content\/uploads\/2025\/05\/fallecimientos-Rosa-Pereira.jpg","articleSection":["Falecimentos","Fallecimientos"],"inLanguage":"pt-PT","potentialAction":[{"@type":"CommentAction","name":"Comment","target":["https:\/\/encompaniastj.org\/pt-pt\/irma-rosa-pereira-12-de-novembro-de-2019-fatima-residencia\/#respond"]}]},{"@type":"WebPage","@id":"https:\/\/encompaniastj.org\/pt-pt\/irma-rosa-pereira-12-de-novembro-de-2019-fatima-residencia\/","url":"https:\/\/encompaniastj.org\/pt-pt\/irma-rosa-pereira-12-de-novembro-de-2019-fatima-residencia\/","name":"Irm\u00e3 Rosa Pereira. 12 de novembro de 2019 (F\u00e1tima-Resid\u00eancia) - En Compa\u00f1\u00eda STJ","isPartOf":{"@id":"https:\/\/encompaniastj.org\/pt-pt\/#website"},"primaryImageOfPage":{"@id":"https:\/\/encompaniastj.org\/pt-pt\/irma-rosa-pereira-12-de-novembro-de-2019-fatima-residencia\/#primaryimage"},"image":{"@id":"https:\/\/encompaniastj.org\/pt-pt\/irma-rosa-pereira-12-de-novembro-de-2019-fatima-residencia\/#primaryimage"},"thumbnailUrl":"https:\/\/encompaniastj.org\/wp-content\/uploads\/2025\/05\/fallecimientos-Rosa-Pereira.jpg","datePublished":"2019-11-14T13:33:34+00:00","dateModified":"2025-07-07T14:20:46+00:00","breadcrumb":{"@id":"https:\/\/encompaniastj.org\/pt-pt\/irma-rosa-pereira-12-de-novembro-de-2019-fatima-residencia\/#breadcrumb"},"inLanguage":"pt-PT","potentialAction":[{"@type":"ReadAction","target":["https:\/\/encompaniastj.org\/pt-pt\/irma-rosa-pereira-12-de-novembro-de-2019-fatima-residencia\/"]}]},{"@type":"ImageObject","inLanguage":"pt-PT","@id":"https:\/\/encompaniastj.org\/pt-pt\/irma-rosa-pereira-12-de-novembro-de-2019-fatima-residencia\/#primaryimage","url":"https:\/\/encompaniastj.org\/wp-content\/uploads\/2025\/05\/fallecimientos-Rosa-Pereira.jpg","contentUrl":"https:\/\/encompaniastj.org\/wp-content\/uploads\/2025\/05\/fallecimientos-Rosa-Pereira.jpg","width":1650,"height":1100},{"@type":"BreadcrumbList","@id":"https:\/\/encompaniastj.org\/pt-pt\/irma-rosa-pereira-12-de-novembro-de-2019-fatima-residencia\/#breadcrumb","itemListElement":[{"@type":"ListItem","position":1,"name":"Portada","item":"https:\/\/encompaniastj.org\/pt-pt\/"},{"@type":"ListItem","position":2,"name":"Irm\u00e3 Rosa Pereira. 12 de novembro de 2019 (F\u00e1tima-Resid\u00eancia)"}]},{"@type":"WebSite","@id":"https:\/\/encompaniastj.org\/pt-pt\/#website","url":"https:\/\/encompaniastj.org\/pt-pt\/","name":"En Compa\u00f1\u00eda STJ","description":"Bolet\u00edn de la Compa\u00f1\u00eda de Santa Teresa de Jes\u00fas","publisher":{"@id":"https:\/\/encompaniastj.org\/pt-pt\/#organization"},"potentialAction":[{"@type":"SearchAction","target":{"@type":"EntryPoint","urlTemplate":"https:\/\/encompaniastj.org\/pt-pt\/?s={search_term_string}"},"query-input":{"@type":"PropertyValueSpecification","valueRequired":true,"valueName":"search_term_string"}}],"inLanguage":"pt-PT"},{"@type":"Organization","@id":"https:\/\/encompaniastj.org\/pt-pt\/#organization","name":"Compa\u00f1\u00eda de Santa Teresa de Jes\u00fas","url":"https:\/\/encompaniastj.org\/pt-pt\/","logo":{"@type":"ImageObject","inLanguage":"pt-PT","@id":"https:\/\/encompaniastj.org\/pt-pt\/#\/schema\/logo\/image\/","url":"https:\/\/encompaniastj.org\/wp-content\/uploads\/2025\/04\/logo_provincias02-1-3.png","contentUrl":"https:\/\/encompaniastj.org\/wp-content\/uploads\/2025\/04\/logo_provincias02-1-3.png","width":2368,"height":825,"caption":"Compa\u00f1\u00eda de Santa Teresa de Jes\u00fas"},"image":{"@id":"https:\/\/encompaniastj.org\/pt-pt\/#\/schema\/logo\/image\/"}},{"@type":"Person","@id":"https:\/\/encompaniastj.org\/pt-pt\/#\/schema\/person\/520e7ecc314793d40091993c2a02b651","name":"admin","image":{"@type":"ImageObject","inLanguage":"pt-PT","@id":"https:\/\/secure.gravatar.com\/avatar\/948b492cce32b586ac2db0eaa926ee87024f7afe218d73b397ea5ddfc5f43ea1?s=96&d=mm&r=g","url":"https:\/\/secure.gravatar.com\/avatar\/948b492cce32b586ac2db0eaa926ee87024f7afe218d73b397ea5ddfc5f43ea1?s=96&d=mm&r=g","contentUrl":"https:\/\/secure.gravatar.com\/avatar\/948b492cce32b586ac2db0eaa926ee87024f7afe218d73b397ea5ddfc5f43ea1?s=96&d=mm&r=g","caption":"admin"},"sameAs":["https:\/\/encompaniastj.org"],"url":"https:\/\/encompaniastj.org\/pt-pt\/author\/sjdigital\/"}]}},"_links":{"self":[{"href":"https:\/\/encompaniastj.org\/pt-pt\/wp-json\/wp\/v2\/posts\/9806","targetHints":{"allow":["GET"]}}],"collection":[{"href":"https:\/\/encompaniastj.org\/pt-pt\/wp-json\/wp\/v2\/posts"}],"about":[{"href":"https:\/\/encompaniastj.org\/pt-pt\/wp-json\/wp\/v2\/types\/post"}],"author":[{"embeddable":true,"href":"https:\/\/encompaniastj.org\/pt-pt\/wp-json\/wp\/v2\/users\/1"}],"replies":[{"embeddable":true,"href":"https:\/\/encompaniastj.org\/pt-pt\/wp-json\/wp\/v2\/comments?post=9806"}],"version-history":[{"count":1,"href":"https:\/\/encompaniastj.org\/pt-pt\/wp-json\/wp\/v2\/posts\/9806\/revisions"}],"predecessor-version":[{"id":9807,"href":"https:\/\/encompaniastj.org\/pt-pt\/wp-json\/wp\/v2\/posts\/9806\/revisions\/9807"}],"wp:featuredmedia":[{"embeddable":true,"href":"https:\/\/encompaniastj.org\/pt-pt\/wp-json\/wp\/v2\/media\/7149"}],"wp:attachment":[{"href":"https:\/\/encompaniastj.org\/pt-pt\/wp-json\/wp\/v2\/media?parent=9806"}],"wp:term":[{"taxonomy":"category","embeddable":true,"href":"https:\/\/encompaniastj.org\/pt-pt\/wp-json\/wp\/v2\/categories?post=9806"},{"taxonomy":"post_tag","embeddable":true,"href":"https:\/\/encompaniastj.org\/pt-pt\/wp-json\/wp\/v2\/tags?post=9806"}],"curies":[{"name":"wp","href":"https:\/\/api.w.org\/{rel}","templated":true}]}}