{"id":9802,"date":"2019-10-22T14:49:16","date_gmt":"2019-10-22T12:49:16","guid":{"rendered":"https:\/\/encompaniastj.org\/que-a-vida-nao-desminta\/"},"modified":"2025-07-07T16:20:46","modified_gmt":"2025-07-07T14:20:46","slug":"que-a-vida-nao-desminta","status":"publish","type":"post","link":"https:\/\/encompaniastj.org\/pt-pt\/que-a-vida-nao-desminta\/","title":{"rendered":"\u201cQue a vida n\u00e3o desminta&#8230;\u201d"},"content":{"rendered":"\n<p>\u00c9 outubro; para os teresianos, m\u00eas de Teresa de Jesus. \u201cObsequiai muito a Santa Madre e pedi-lhe muitas gra\u00e7as, que est\u00e1 de festa\u2026 sobretudo, imitai as suas virtudes. Orai pelas necessidades espirituais e temporais da Companhia e dos seus col\u00e9gios\u2026\u201d, dizia Santo Henrique. <\/p>\n\n<p>Hoje escrevo sentindo-me humildemente afortunada por pertencer a esta \u201cfam\u00edlia teresiana de Henrique de Oss\u00f3\u201d e por ter recebido o grande dom da \u201csua heran\u00e7a\u201d: Contar com um itiner\u00e1rio espiritual teresiano totalmente pessoal - ningu\u00e9m pode viv\u00ea-lo por mim-, \u00e9 caminho que fazemos com outras pessoas, que queremos esclarecer-nos e \u201cguardarmo-nos as costas \u201d desde essa ess\u00eancia crist\u00e3: crer que cada pessoa \u00e9 sagrada, \u00e9 imagem de Deus, com \u201cgrande formosura e dignidade\u201d (1 Moradas 1,1). <\/p>\n\n<p>Com um lema de vida: a de nos deixarmos amar, isto \u00e9, confiar. E p\u00f4r \u201cesse pouquinho que posso e est\u00e1 em mim\u201d tentando fazer, como diz tamb\u00e9m a Santa: \u201co que mais vos despertar a amar\u201d. \u201cPondo os olhos em Cristo\u201d cada dia como disc\u00edpulas, nesse \u201ctratar de amizade estando muitas vezes tratando a s\u00f3s com quem sabemos que nos ama\u201d (V 8,5) e perguntando-lhe qual \u00e9 a sua vontade para n\u00f3s (7M 3, 7). Assim come\u00e7a e termina este itiner\u00e1rio, olhando-nos em <em>Quem nos ama e nos habita<\/em>\u2026 Por fim, como no princ\u00edpio, \u201cpouco me aproveita estar muito recolhida a s\u00f3s, propondo e prometendo fazer maravilhas pelo servi\u00e7o de nosso Senhor, se ao sair dali, aparecendo a ocasi\u00e3o, fa\u00e7o tudo ao contr\u00e1rio\u2026 Para isto \u00e9 a ora\u00e7\u00e3o, para que nas\u00e7am sempre obras, obras\u201d (7 M 4,6).<\/p>\n\n<p>Teresa de Jesus escrevia para as suas companheiras e partilhava o seu sonho e o que ia entendendo por experi\u00eancia. Henrique de Oss\u00f3 enamorou-se por esta paix\u00e3o teresiana de encontrar em Jesus um Amigo e companheiro com quem andar na vida e por quem entreg\u00e1-la; e foi isto que quis para os teresianos\u2026 sonhou com essa regenera\u00e7\u00e3o social, olhou para as jovens e perguntou: \u201cOnde est\u00e1 essa m\u00e3o? Quem renovar\u00e1 esse fogo?... Sonhou com a educa\u00e7\u00e3o como meio transformador das pessoas e da sociedade, olhou para as teresianas e perguntou aos seus amigos: \u201cDeus o quer?, Jesus o quer?, Teresa de Jesus o quer?\u201d\u2026 Teresa e Henrique, sempre sonhadores inquietos buscando os caminhos de Deus, no seu hoje.<\/p>\n\n<p>Numas jornadas de vida religiosa, j\u00e1 h\u00e1 algum tempo, escutei \u201co sonho\u201d de M\u00aa Dolores L\u00f3pez Guzm\u00e1n, para n\u00f3s. Assim nos olhava e partilhava esta te\u00f3loga leiga, m\u00e3e de um antigo aluno teresiano: \u201cSonho uma vida religiosa pobre, mission\u00e1ria; menos preocupada pelos destinos e mais pela miss\u00e3o\u2026 que seja sempre para louvor de Deus; que acredite que os frutos pertencem a Deus, pois a n\u00f3s pertence transmitir o seu amor; que leia os sinais dos tempos e os seus \u201cgritos\u201d; que n\u00e3o fa\u00e7a o discernimento sobre n\u00fameros e obras imediatas, mas sobre como amamos, e que rosto de Deus queremos que prevale\u00e7a no que fazemos. Uma vida religiosa que pergunte ao mundo e a Deus: que posso fazer por ti? Que d\u00ea a vida com os outros e pelos outros. <em>Experiente em comunh\u00e3o, com a m\u00edstica do encontro, da escuta, do interesse pela outra, para ajudar ao mundo a despertar a verdadeira realidade e a Deus: denunciar injusti\u00e7as e anunciar a Deus<a href=\"#_ftn1\" name=\"_ftnref1\"><strong>[1]<\/strong><\/a><\/em>. E que a vida n\u00e3o desminta com as obras, que <em>s\u00f3 basta Deus<\/em>\u201d.\n\n\u00a0<\/p>\n\n<p>\u201cQue a vida n\u00e3o desminta com as obras\u201d \u00e9 caminho para <em>tornar verdade<\/em> na vida. A quem perguntaremos n\u00f3s para \u201cnos desenganarmos\u201d<a href=\"#_ftn1\" name=\"_ftnref1\">[2]<\/a> e ajudarmo-nos a viver o que dizemos e desejamos?\n\n\u00a0<\/p>\n\n<hr class=\"wp-block-separator\"\/>\n\n<p>[1] Papa Francisco<\/p>\n\n<p>[2] Vida 16,7<\/p>\n","protected":false},"excerpt":{"rendered":"<p>\u00c9 outubro; para os teresianos, m\u00eas de Teresa de Jesus. \u201cObsequiai muito a Santa Madre e pedi-lhe muitas gra\u00e7as, que est\u00e1 de festa\u2026 sobretudo, imitai as suas virtudes. Orai pelas [&hellip;]<\/p>\n","protected":false},"author":1,"featured_media":7148,"comment_status":"open","ping_status":"open","sticky":false,"template":"","format":"standard","meta":{"_acf_changed":false,"footnotes":""},"categories":[77],"tags":[],"class_list":["post-9802","post","type-post","status-publish","format-standard","has-post-thumbnail","hentry","category-palabras"],"acf":[],"yoast_head":"<!-- This site is optimized with the Yoast SEO plugin v27.5 - https:\/\/yoast.com\/product\/yoast-seo-wordpress\/ -->\n<title>\u201cQue a vida n\u00e3o desminta...\u201d - En Compa\u00f1\u00eda STJ<\/title>\n<meta name=\"robots\" content=\"index, follow, max-snippet:-1, max-image-preview:large, max-video-preview:-1\" \/>\n<link rel=\"canonical\" href=\"https:\/\/encompaniastj.org\/pt-pt\/que-a-vida-nao-desminta\/\" \/>\n<meta property=\"og:locale\" content=\"pt_PT\" \/>\n<meta property=\"og:type\" content=\"article\" \/>\n<meta property=\"og:title\" content=\"\u201cQue a vida n\u00e3o desminta...\u201d - En Compa\u00f1\u00eda STJ\" \/>\n<meta property=\"og:description\" content=\"\u00c9 outubro; para os teresianos, m\u00eas de Teresa de Jesus. \u201cObsequiai muito a Santa Madre e pedi-lhe muitas gra\u00e7as, que est\u00e1 de festa\u2026 sobretudo, imitai as suas virtudes. Orai pelas [&hellip;]\" \/>\n<meta property=\"og:url\" content=\"https:\/\/encompaniastj.org\/pt-pt\/que-a-vida-nao-desminta\/\" \/>\n<meta property=\"og:site_name\" content=\"En Compa\u00f1\u00eda STJ\" \/>\n<meta property=\"article:published_time\" content=\"2019-10-22T12:49:16+00:00\" \/>\n<meta property=\"article:modified_time\" content=\"2025-07-07T14:20:46+00:00\" \/>\n<meta property=\"og:image\" content=\"https:\/\/encompaniastj.org\/wp-content\/uploads\/2025\/05\/vela.jpg\" \/>\n\t<meta property=\"og:image:width\" content=\"1920\" \/>\n\t<meta property=\"og:image:height\" content=\"1260\" \/>\n\t<meta property=\"og:image:type\" content=\"image\/jpeg\" \/>\n<meta name=\"author\" content=\"admin\" \/>\n<meta name=\"twitter:card\" content=\"summary_large_image\" \/>\n<meta name=\"twitter:label1\" content=\"Escrito por\" \/>\n\t<meta name=\"twitter:data1\" content=\"admin\" \/>\n\t<meta name=\"twitter:label2\" content=\"Tempo estimado de leitura\" \/>\n\t<meta name=\"twitter:data2\" content=\"3 minutos\" \/>\n<script type=\"application\/ld+json\" class=\"yoast-schema-graph\">{\"@context\":\"https:\\\/\\\/schema.org\",\"@graph\":[{\"@type\":\"Article\",\"@id\":\"https:\\\/\\\/encompaniastj.org\\\/pt-pt\\\/que-a-vida-nao-desminta\\\/#article\",\"isPartOf\":{\"@id\":\"https:\\\/\\\/encompaniastj.org\\\/pt-pt\\\/que-a-vida-nao-desminta\\\/\"},\"author\":{\"name\":\"admin\",\"@id\":\"https:\\\/\\\/encompaniastj.org\\\/pt-pt\\\/#\\\/schema\\\/person\\\/520e7ecc314793d40091993c2a02b651\"},\"headline\":\"\u201cQue a vida n\u00e3o desminta&#8230;\u201d\",\"datePublished\":\"2019-10-22T12:49:16+00:00\",\"dateModified\":\"2025-07-07T14:20:46+00:00\",\"mainEntityOfPage\":{\"@id\":\"https:\\\/\\\/encompaniastj.org\\\/pt-pt\\\/que-a-vida-nao-desminta\\\/\"},\"wordCount\":622,\"commentCount\":0,\"publisher\":{\"@id\":\"https:\\\/\\\/encompaniastj.org\\\/pt-pt\\\/#organization\"},\"image\":{\"@id\":\"https:\\\/\\\/encompaniastj.org\\\/pt-pt\\\/que-a-vida-nao-desminta\\\/#primaryimage\"},\"thumbnailUrl\":\"https:\\\/\\\/encompaniastj.org\\\/wp-content\\\/uploads\\\/2025\\\/05\\\/vela.jpg\",\"articleSection\":[\"Palabras\"],\"inLanguage\":\"pt-PT\",\"potentialAction\":[{\"@type\":\"CommentAction\",\"name\":\"Comment\",\"target\":[\"https:\\\/\\\/encompaniastj.org\\\/pt-pt\\\/que-a-vida-nao-desminta\\\/#respond\"]}]},{\"@type\":\"WebPage\",\"@id\":\"https:\\\/\\\/encompaniastj.org\\\/pt-pt\\\/que-a-vida-nao-desminta\\\/\",\"url\":\"https:\\\/\\\/encompaniastj.org\\\/pt-pt\\\/que-a-vida-nao-desminta\\\/\",\"name\":\"\u201cQue a vida n\u00e3o desminta...\u201d - En Compa\u00f1\u00eda STJ\",\"isPartOf\":{\"@id\":\"https:\\\/\\\/encompaniastj.org\\\/pt-pt\\\/#website\"},\"primaryImageOfPage\":{\"@id\":\"https:\\\/\\\/encompaniastj.org\\\/pt-pt\\\/que-a-vida-nao-desminta\\\/#primaryimage\"},\"image\":{\"@id\":\"https:\\\/\\\/encompaniastj.org\\\/pt-pt\\\/que-a-vida-nao-desminta\\\/#primaryimage\"},\"thumbnailUrl\":\"https:\\\/\\\/encompaniastj.org\\\/wp-content\\\/uploads\\\/2025\\\/05\\\/vela.jpg\",\"datePublished\":\"2019-10-22T12:49:16+00:00\",\"dateModified\":\"2025-07-07T14:20:46+00:00\",\"breadcrumb\":{\"@id\":\"https:\\\/\\\/encompaniastj.org\\\/pt-pt\\\/que-a-vida-nao-desminta\\\/#breadcrumb\"},\"inLanguage\":\"pt-PT\",\"potentialAction\":[{\"@type\":\"ReadAction\",\"target\":[\"https:\\\/\\\/encompaniastj.org\\\/pt-pt\\\/que-a-vida-nao-desminta\\\/\"]}]},{\"@type\":\"ImageObject\",\"inLanguage\":\"pt-PT\",\"@id\":\"https:\\\/\\\/encompaniastj.org\\\/pt-pt\\\/que-a-vida-nao-desminta\\\/#primaryimage\",\"url\":\"https:\\\/\\\/encompaniastj.org\\\/wp-content\\\/uploads\\\/2025\\\/05\\\/vela.jpg\",\"contentUrl\":\"https:\\\/\\\/encompaniastj.org\\\/wp-content\\\/uploads\\\/2025\\\/05\\\/vela.jpg\",\"width\":1920,\"height\":1260},{\"@type\":\"BreadcrumbList\",\"@id\":\"https:\\\/\\\/encompaniastj.org\\\/pt-pt\\\/que-a-vida-nao-desminta\\\/#breadcrumb\",\"itemListElement\":[{\"@type\":\"ListItem\",\"position\":1,\"name\":\"Portada\",\"item\":\"https:\\\/\\\/encompaniastj.org\\\/pt-pt\\\/\"},{\"@type\":\"ListItem\",\"position\":2,\"name\":\"\u201cQue a vida n\u00e3o desminta&#8230;\u201d\"}]},{\"@type\":\"WebSite\",\"@id\":\"https:\\\/\\\/encompaniastj.org\\\/pt-pt\\\/#website\",\"url\":\"https:\\\/\\\/encompaniastj.org\\\/pt-pt\\\/\",\"name\":\"En Compa\u00f1\u00eda STJ\",\"description\":\"Bolet\u00edn de la Compa\u00f1\u00eda de Santa Teresa de Jes\u00fas\",\"publisher\":{\"@id\":\"https:\\\/\\\/encompaniastj.org\\\/pt-pt\\\/#organization\"},\"potentialAction\":[{\"@type\":\"SearchAction\",\"target\":{\"@type\":\"EntryPoint\",\"urlTemplate\":\"https:\\\/\\\/encompaniastj.org\\\/pt-pt\\\/?s={search_term_string}\"},\"query-input\":{\"@type\":\"PropertyValueSpecification\",\"valueRequired\":true,\"valueName\":\"search_term_string\"}}],\"inLanguage\":\"pt-PT\"},{\"@type\":\"Organization\",\"@id\":\"https:\\\/\\\/encompaniastj.org\\\/pt-pt\\\/#organization\",\"name\":\"Compa\u00f1\u00eda de Santa Teresa de Jes\u00fas\",\"url\":\"https:\\\/\\\/encompaniastj.org\\\/pt-pt\\\/\",\"logo\":{\"@type\":\"ImageObject\",\"inLanguage\":\"pt-PT\",\"@id\":\"https:\\\/\\\/encompaniastj.org\\\/pt-pt\\\/#\\\/schema\\\/logo\\\/image\\\/\",\"url\":\"https:\\\/\\\/encompaniastj.org\\\/wp-content\\\/uploads\\\/2025\\\/04\\\/logo_provincias02-1-3.png\",\"contentUrl\":\"https:\\\/\\\/encompaniastj.org\\\/wp-content\\\/uploads\\\/2025\\\/04\\\/logo_provincias02-1-3.png\",\"width\":2368,\"height\":825,\"caption\":\"Compa\u00f1\u00eda de Santa Teresa de Jes\u00fas\"},\"image\":{\"@id\":\"https:\\\/\\\/encompaniastj.org\\\/pt-pt\\\/#\\\/schema\\\/logo\\\/image\\\/\"}},{\"@type\":\"Person\",\"@id\":\"https:\\\/\\\/encompaniastj.org\\\/pt-pt\\\/#\\\/schema\\\/person\\\/520e7ecc314793d40091993c2a02b651\",\"name\":\"admin\",\"image\":{\"@type\":\"ImageObject\",\"inLanguage\":\"pt-PT\",\"@id\":\"https:\\\/\\\/secure.gravatar.com\\\/avatar\\\/948b492cce32b586ac2db0eaa926ee87024f7afe218d73b397ea5ddfc5f43ea1?s=96&d=mm&r=g\",\"url\":\"https:\\\/\\\/secure.gravatar.com\\\/avatar\\\/948b492cce32b586ac2db0eaa926ee87024f7afe218d73b397ea5ddfc5f43ea1?s=96&d=mm&r=g\",\"contentUrl\":\"https:\\\/\\\/secure.gravatar.com\\\/avatar\\\/948b492cce32b586ac2db0eaa926ee87024f7afe218d73b397ea5ddfc5f43ea1?s=96&d=mm&r=g\",\"caption\":\"admin\"},\"sameAs\":[\"https:\\\/\\\/encompaniastj.org\"],\"url\":\"https:\\\/\\\/encompaniastj.org\\\/pt-pt\\\/author\\\/sjdigital\\\/\"}]}<\/script>\n<!-- \/ Yoast SEO plugin. -->","yoast_head_json":{"title":"\u201cQue a vida n\u00e3o desminta...\u201d - En Compa\u00f1\u00eda STJ","robots":{"index":"index","follow":"follow","max-snippet":"max-snippet:-1","max-image-preview":"max-image-preview:large","max-video-preview":"max-video-preview:-1"},"canonical":"https:\/\/encompaniastj.org\/pt-pt\/que-a-vida-nao-desminta\/","og_locale":"pt_PT","og_type":"article","og_title":"\u201cQue a vida n\u00e3o desminta...\u201d - En Compa\u00f1\u00eda STJ","og_description":"\u00c9 outubro; para os teresianos, m\u00eas de Teresa de Jesus. \u201cObsequiai muito a Santa Madre e pedi-lhe muitas gra\u00e7as, que est\u00e1 de festa\u2026 sobretudo, imitai as suas virtudes. Orai pelas [&hellip;]","og_url":"https:\/\/encompaniastj.org\/pt-pt\/que-a-vida-nao-desminta\/","og_site_name":"En Compa\u00f1\u00eda STJ","article_published_time":"2019-10-22T12:49:16+00:00","article_modified_time":"2025-07-07T14:20:46+00:00","og_image":[{"width":1920,"height":1260,"url":"https:\/\/encompaniastj.org\/wp-content\/uploads\/2025\/05\/vela.jpg","type":"image\/jpeg"}],"author":"admin","twitter_card":"summary_large_image","twitter_misc":{"Escrito por":"admin","Tempo estimado de leitura":"3 minutos"},"schema":{"@context":"https:\/\/schema.org","@graph":[{"@type":"Article","@id":"https:\/\/encompaniastj.org\/pt-pt\/que-a-vida-nao-desminta\/#article","isPartOf":{"@id":"https:\/\/encompaniastj.org\/pt-pt\/que-a-vida-nao-desminta\/"},"author":{"name":"admin","@id":"https:\/\/encompaniastj.org\/pt-pt\/#\/schema\/person\/520e7ecc314793d40091993c2a02b651"},"headline":"\u201cQue a vida n\u00e3o desminta&#8230;\u201d","datePublished":"2019-10-22T12:49:16+00:00","dateModified":"2025-07-07T14:20:46+00:00","mainEntityOfPage":{"@id":"https:\/\/encompaniastj.org\/pt-pt\/que-a-vida-nao-desminta\/"},"wordCount":622,"commentCount":0,"publisher":{"@id":"https:\/\/encompaniastj.org\/pt-pt\/#organization"},"image":{"@id":"https:\/\/encompaniastj.org\/pt-pt\/que-a-vida-nao-desminta\/#primaryimage"},"thumbnailUrl":"https:\/\/encompaniastj.org\/wp-content\/uploads\/2025\/05\/vela.jpg","articleSection":["Palabras"],"inLanguage":"pt-PT","potentialAction":[{"@type":"CommentAction","name":"Comment","target":["https:\/\/encompaniastj.org\/pt-pt\/que-a-vida-nao-desminta\/#respond"]}]},{"@type":"WebPage","@id":"https:\/\/encompaniastj.org\/pt-pt\/que-a-vida-nao-desminta\/","url":"https:\/\/encompaniastj.org\/pt-pt\/que-a-vida-nao-desminta\/","name":"\u201cQue a vida n\u00e3o desminta...\u201d - En Compa\u00f1\u00eda STJ","isPartOf":{"@id":"https:\/\/encompaniastj.org\/pt-pt\/#website"},"primaryImageOfPage":{"@id":"https:\/\/encompaniastj.org\/pt-pt\/que-a-vida-nao-desminta\/#primaryimage"},"image":{"@id":"https:\/\/encompaniastj.org\/pt-pt\/que-a-vida-nao-desminta\/#primaryimage"},"thumbnailUrl":"https:\/\/encompaniastj.org\/wp-content\/uploads\/2025\/05\/vela.jpg","datePublished":"2019-10-22T12:49:16+00:00","dateModified":"2025-07-07T14:20:46+00:00","breadcrumb":{"@id":"https:\/\/encompaniastj.org\/pt-pt\/que-a-vida-nao-desminta\/#breadcrumb"},"inLanguage":"pt-PT","potentialAction":[{"@type":"ReadAction","target":["https:\/\/encompaniastj.org\/pt-pt\/que-a-vida-nao-desminta\/"]}]},{"@type":"ImageObject","inLanguage":"pt-PT","@id":"https:\/\/encompaniastj.org\/pt-pt\/que-a-vida-nao-desminta\/#primaryimage","url":"https:\/\/encompaniastj.org\/wp-content\/uploads\/2025\/05\/vela.jpg","contentUrl":"https:\/\/encompaniastj.org\/wp-content\/uploads\/2025\/05\/vela.jpg","width":1920,"height":1260},{"@type":"BreadcrumbList","@id":"https:\/\/encompaniastj.org\/pt-pt\/que-a-vida-nao-desminta\/#breadcrumb","itemListElement":[{"@type":"ListItem","position":1,"name":"Portada","item":"https:\/\/encompaniastj.org\/pt-pt\/"},{"@type":"ListItem","position":2,"name":"\u201cQue a vida n\u00e3o desminta&#8230;\u201d"}]},{"@type":"WebSite","@id":"https:\/\/encompaniastj.org\/pt-pt\/#website","url":"https:\/\/encompaniastj.org\/pt-pt\/","name":"En Compa\u00f1\u00eda STJ","description":"Bolet\u00edn de la Compa\u00f1\u00eda de Santa Teresa de Jes\u00fas","publisher":{"@id":"https:\/\/encompaniastj.org\/pt-pt\/#organization"},"potentialAction":[{"@type":"SearchAction","target":{"@type":"EntryPoint","urlTemplate":"https:\/\/encompaniastj.org\/pt-pt\/?s={search_term_string}"},"query-input":{"@type":"PropertyValueSpecification","valueRequired":true,"valueName":"search_term_string"}}],"inLanguage":"pt-PT"},{"@type":"Organization","@id":"https:\/\/encompaniastj.org\/pt-pt\/#organization","name":"Compa\u00f1\u00eda de Santa Teresa de Jes\u00fas","url":"https:\/\/encompaniastj.org\/pt-pt\/","logo":{"@type":"ImageObject","inLanguage":"pt-PT","@id":"https:\/\/encompaniastj.org\/pt-pt\/#\/schema\/logo\/image\/","url":"https:\/\/encompaniastj.org\/wp-content\/uploads\/2025\/04\/logo_provincias02-1-3.png","contentUrl":"https:\/\/encompaniastj.org\/wp-content\/uploads\/2025\/04\/logo_provincias02-1-3.png","width":2368,"height":825,"caption":"Compa\u00f1\u00eda de Santa Teresa de Jes\u00fas"},"image":{"@id":"https:\/\/encompaniastj.org\/pt-pt\/#\/schema\/logo\/image\/"}},{"@type":"Person","@id":"https:\/\/encompaniastj.org\/pt-pt\/#\/schema\/person\/520e7ecc314793d40091993c2a02b651","name":"admin","image":{"@type":"ImageObject","inLanguage":"pt-PT","@id":"https:\/\/secure.gravatar.com\/avatar\/948b492cce32b586ac2db0eaa926ee87024f7afe218d73b397ea5ddfc5f43ea1?s=96&d=mm&r=g","url":"https:\/\/secure.gravatar.com\/avatar\/948b492cce32b586ac2db0eaa926ee87024f7afe218d73b397ea5ddfc5f43ea1?s=96&d=mm&r=g","contentUrl":"https:\/\/secure.gravatar.com\/avatar\/948b492cce32b586ac2db0eaa926ee87024f7afe218d73b397ea5ddfc5f43ea1?s=96&d=mm&r=g","caption":"admin"},"sameAs":["https:\/\/encompaniastj.org"],"url":"https:\/\/encompaniastj.org\/pt-pt\/author\/sjdigital\/"}]}},"_links":{"self":[{"href":"https:\/\/encompaniastj.org\/pt-pt\/wp-json\/wp\/v2\/posts\/9802","targetHints":{"allow":["GET"]}}],"collection":[{"href":"https:\/\/encompaniastj.org\/pt-pt\/wp-json\/wp\/v2\/posts"}],"about":[{"href":"https:\/\/encompaniastj.org\/pt-pt\/wp-json\/wp\/v2\/types\/post"}],"author":[{"embeddable":true,"href":"https:\/\/encompaniastj.org\/pt-pt\/wp-json\/wp\/v2\/users\/1"}],"replies":[{"embeddable":true,"href":"https:\/\/encompaniastj.org\/pt-pt\/wp-json\/wp\/v2\/comments?post=9802"}],"version-history":[{"count":1,"href":"https:\/\/encompaniastj.org\/pt-pt\/wp-json\/wp\/v2\/posts\/9802\/revisions"}],"predecessor-version":[{"id":9803,"href":"https:\/\/encompaniastj.org\/pt-pt\/wp-json\/wp\/v2\/posts\/9802\/revisions\/9803"}],"wp:featuredmedia":[{"embeddable":true,"href":"https:\/\/encompaniastj.org\/pt-pt\/wp-json\/wp\/v2\/media\/7148"}],"wp:attachment":[{"href":"https:\/\/encompaniastj.org\/pt-pt\/wp-json\/wp\/v2\/media?parent=9802"}],"wp:term":[{"taxonomy":"category","embeddable":true,"href":"https:\/\/encompaniastj.org\/pt-pt\/wp-json\/wp\/v2\/categories?post=9802"},{"taxonomy":"post_tag","embeddable":true,"href":"https:\/\/encompaniastj.org\/pt-pt\/wp-json\/wp\/v2\/tags?post=9802"}],"curies":[{"name":"wp","href":"https:\/\/api.w.org\/{rel}","templated":true}]}}