{"id":9790,"date":"2019-10-22T10:14:05","date_gmt":"2019-10-22T08:14:05","guid":{"rendered":"https:\/\/encompaniastj.org\/festa-santa-teresa-mta-elvas\/"},"modified":"2025-07-07T16:20:45","modified_gmt":"2025-07-07T14:20:45","slug":"festa-santa-teresa-mta-elvas","status":"publish","type":"post","link":"https:\/\/encompaniastj.org\/pt-pt\/festa-santa-teresa-mta-elvas\/","title":{"rendered":"Festa Santa Teresa - MTA Elvas"},"content":{"rendered":"\n<p>O MTA, centro de Elvas \u2013 Portugal, celebrou a grande mestra, s\u00e1bia e santa, Teresa de Jesus, com um programa muito significativo.<\/p>\n\n<p>Para al\u00e9m de anunciarmos o dia nas redes sociais e com um programa na r\u00e1dio de Elvas, dando a conhecer \u00e0 cidade a vida e obra desta grande mulher atual\u00edssimas para o nosso mundo sedente de Deus e \u00e0 procura de sentido para a vida, realizamos v\u00e1rias atividades entre as quais salientamos:<\/p>\n\n<p><em>Velada de Ora\u00e7\u00e3o<\/em> no dia 13 de outubro, na capela do col\u00e9gio luso-Brit\u00e2nico. Estava repleta de pessoas ligadas ao MTA, jovens e adultos que louvaram a Deus por este dom de Teresa ao mundo e \u00e0 Igreja.\n\n\u00a0<\/p>\n\n<p><em>Concerto, \u201cMorro porque n\u00e3o morro<\/em><strong>\u201d, <\/strong>com o fadista espanhol, Juan Santamaria, que interpretou poemas de Santa Teresa em fado. Poemas como \u201cvivo sin vivir em m\u00ed\u201d, \u201cAlma buscarte has em m\u00ed\u201d, \u201cNada te turbe\u201d, etc, foram cantados com um estilo carater\u00edstico de m\u00fasica portuguesa, o fado. A Igreja de S. Domingos, a maior de Elvas, estava repleta de gente.<\/p>\n\n<p><em>Eucaristia e conv\u00edvio com todos os elementos do MTA na Par\u00f3quia de S. Luzia<\/em>\n\nTermin\u00e1mos as festas de Santa Teresa com uma Eucaristia, na nossa par\u00f3quia, presidida pelo Senhor Arcebispo, D. Jos\u00e9 Alves e o p\u00e1roco, Padre Ricardo. Os jovens do MTA responsabilizaram-se dos c\u00e2nticos e de toda a anima\u00e7\u00e3o lit\u00fargica e os adultos MTA da decora\u00e7\u00e3o da igreja e do conv\u00edvio final que decorreu no refeit\u00f3rio do Col\u00e9gio Luso-Brit\u00e2nico.<\/p>\n\n<p>\u201cObras quer o Senhor\u201d<\/p>\n\n<p>Pelo MTA de Elvas: Maria de F\u00e1tima Magalh\u00e3es stj<\/p>\n\n<ul class=\"wp-block-gallery columns-3 is-cropped wp-block-gallery-1 is-layout-flex wp-block-gallery-is-layout-flex\">\n<li class=\"blocks-gallery-item\"><figure><a href=\"https:\/\/encompaniastj.org\/wp-content\/uploads\/2025\/05\/1-Juan-Santamaria.jpg\"><img decoding=\"async\" src=\"https:\/\/encompaniastj.org\/wp-content\/uploads\/2025\/05\/1-Juan-Santamaria.jpg\" alt=\"\" data-id=\"5320\" data-link=\"https:\/\/encompaniastj.org\/?attachment_id=5320\" class=\"wp-image-5320\"><\/a><\/figure><\/li>\n<li class=\"blocks-gallery-item\"><figure><a href=\"https:\/\/encompaniastj.org\/wp-content\/uploads\/2025\/05\/6-MTA-Elvas.jpg\"><img decoding=\"async\" src=\"https:\/\/encompaniastj.org\/wp-content\/uploads\/2025\/05\/6-MTA-Elvas.jpg\" alt=\"\" data-id=\"5324\" data-link=\"https:\/\/encompaniastj.org\/?attachment_id=5324\" class=\"wp-image-5324\"><\/a><\/figure><\/li>\n<li class=\"blocks-gallery-item\"><figure><a href=\"https:\/\/encompaniastj.org\/wp-content\/uploads\/2025\/05\/7-MTA-Elvas.jpg\"><img decoding=\"async\" src=\"https:\/\/encompaniastj.org\/wp-content\/uploads\/2025\/05\/7-MTA-Elvas.jpg\" alt=\"\" data-id=\"5326\" data-link=\"https:\/\/encompaniastj.org\/?attachment_id=5326\" class=\"wp-image-5326\"><\/a><\/figure><\/li>\n<li class=\"blocks-gallery-item\"><figure><a href=\"https:\/\/encompaniastj.org\/wp-content\/uploads\/2025\/05\/2-MTA-Elvas-Concerto-1.jpg\"><img decoding=\"async\" src=\"https:\/\/encompaniastj.org\/wp-content\/uploads\/2025\/05\/2-MTA-Elvas-Concerto-1.jpg\" alt=\"\" data-id=\"5322\" data-link=\"https:\/\/encompaniastj.org\/?attachment_id=5322\" class=\"wp-image-5322\"><\/a><\/figure><\/li>\n<\/ul>","protected":false},"excerpt":{"rendered":"<p>O MTA, centro de Elvas \u2013 Portugal, celebrou a grande mestra, s\u00e1bia e santa, Teresa de Jesus, com um programa muito significativo. Para al\u00e9m de anunciarmos o dia nas redes [&hellip;]<\/p>\n","protected":false},"author":1,"featured_media":7139,"comment_status":"open","ping_status":"open","sticky":false,"template":"","format":"standard","meta":{"_acf_changed":false,"footnotes":""},"categories":[61,62,68],"tags":[],"class_list":["post-9790","post","type-post","status-publish","format-standard","has-post-thumbnail","hentry","category-noticias","category-otras","category-outras"],"acf":[],"yoast_head":"<!-- This site is optimized with the Yoast SEO plugin v27.5 - https:\/\/yoast.com\/product\/yoast-seo-wordpress\/ -->\n<title>Festa Santa Teresa - MTA Elvas - En Compa\u00f1\u00eda STJ<\/title>\n<meta name=\"robots\" content=\"index, follow, max-snippet:-1, max-image-preview:large, max-video-preview:-1\" \/>\n<link rel=\"canonical\" href=\"https:\/\/encompaniastj.org\/pt-pt\/festa-santa-teresa-mta-elvas\/\" \/>\n<meta property=\"og:locale\" content=\"pt_PT\" \/>\n<meta property=\"og:type\" content=\"article\" \/>\n<meta property=\"og:title\" content=\"Festa Santa Teresa - MTA Elvas - En Compa\u00f1\u00eda STJ\" \/>\n<meta property=\"og:description\" content=\"O MTA, centro de Elvas \u2013 Portugal, celebrou a grande mestra, s\u00e1bia e santa, Teresa de Jesus, com um programa muito significativo. Para al\u00e9m de anunciarmos o dia nas redes [&hellip;]\" \/>\n<meta property=\"og:url\" content=\"https:\/\/encompaniastj.org\/pt-pt\/festa-santa-teresa-mta-elvas\/\" \/>\n<meta property=\"og:site_name\" content=\"En Compa\u00f1\u00eda STJ\" \/>\n<meta property=\"article:published_time\" content=\"2019-10-22T08:14:05+00:00\" \/>\n<meta property=\"article:modified_time\" content=\"2025-07-07T14:20:45+00:00\" \/>\n<meta property=\"og:image\" content=\"https:\/\/encompaniastj.org\/wp-content\/uploads\/2025\/05\/4-MTA-Elvas2.jpg\" \/>\n\t<meta property=\"og:image:width\" content=\"1920\" \/>\n\t<meta property=\"og:image:height\" content=\"1080\" \/>\n\t<meta property=\"og:image:type\" content=\"image\/jpeg\" \/>\n<meta name=\"author\" content=\"admin\" \/>\n<meta name=\"twitter:card\" content=\"summary_large_image\" \/>\n<meta name=\"twitter:label1\" content=\"Escrito por\" \/>\n\t<meta name=\"twitter:data1\" content=\"admin\" \/>\n\t<meta name=\"twitter:label2\" content=\"Tempo estimado de leitura\" \/>\n\t<meta name=\"twitter:data2\" content=\"1 minuto\" \/>\n<script type=\"application\/ld+json\" class=\"yoast-schema-graph\">{\"@context\":\"https:\\\/\\\/schema.org\",\"@graph\":[{\"@type\":\"Article\",\"@id\":\"https:\\\/\\\/encompaniastj.org\\\/pt-pt\\\/festa-santa-teresa-mta-elvas\\\/#article\",\"isPartOf\":{\"@id\":\"https:\\\/\\\/encompaniastj.org\\\/pt-pt\\\/festa-santa-teresa-mta-elvas\\\/\"},\"author\":{\"name\":\"admin\",\"@id\":\"https:\\\/\\\/encompaniastj.org\\\/pt-pt\\\/#\\\/schema\\\/person\\\/520e7ecc314793d40091993c2a02b651\"},\"headline\":\"Festa Santa Teresa - MTA Elvas\",\"datePublished\":\"2019-10-22T08:14:05+00:00\",\"dateModified\":\"2025-07-07T14:20:45+00:00\",\"mainEntityOfPage\":{\"@id\":\"https:\\\/\\\/encompaniastj.org\\\/pt-pt\\\/festa-santa-teresa-mta-elvas\\\/\"},\"wordCount\":280,\"commentCount\":0,\"publisher\":{\"@id\":\"https:\\\/\\\/encompaniastj.org\\\/pt-pt\\\/#organization\"},\"image\":{\"@id\":\"https:\\\/\\\/encompaniastj.org\\\/pt-pt\\\/festa-santa-teresa-mta-elvas\\\/#primaryimage\"},\"thumbnailUrl\":\"https:\\\/\\\/encompaniastj.org\\\/wp-content\\\/uploads\\\/2025\\\/05\\\/4-MTA-Elvas2.jpg\",\"articleSection\":[\"Noticias\",\"Otras\",\"Outras\"],\"inLanguage\":\"pt-PT\",\"potentialAction\":[{\"@type\":\"CommentAction\",\"name\":\"Comment\",\"target\":[\"https:\\\/\\\/encompaniastj.org\\\/pt-pt\\\/festa-santa-teresa-mta-elvas\\\/#respond\"]}]},{\"@type\":\"WebPage\",\"@id\":\"https:\\\/\\\/encompaniastj.org\\\/pt-pt\\\/festa-santa-teresa-mta-elvas\\\/\",\"url\":\"https:\\\/\\\/encompaniastj.org\\\/pt-pt\\\/festa-santa-teresa-mta-elvas\\\/\",\"name\":\"Festa Santa Teresa - MTA Elvas - En Compa\u00f1\u00eda STJ\",\"isPartOf\":{\"@id\":\"https:\\\/\\\/encompaniastj.org\\\/pt-pt\\\/#website\"},\"primaryImageOfPage\":{\"@id\":\"https:\\\/\\\/encompaniastj.org\\\/pt-pt\\\/festa-santa-teresa-mta-elvas\\\/#primaryimage\"},\"image\":{\"@id\":\"https:\\\/\\\/encompaniastj.org\\\/pt-pt\\\/festa-santa-teresa-mta-elvas\\\/#primaryimage\"},\"thumbnailUrl\":\"https:\\\/\\\/encompaniastj.org\\\/wp-content\\\/uploads\\\/2025\\\/05\\\/4-MTA-Elvas2.jpg\",\"datePublished\":\"2019-10-22T08:14:05+00:00\",\"dateModified\":\"2025-07-07T14:20:45+00:00\",\"breadcrumb\":{\"@id\":\"https:\\\/\\\/encompaniastj.org\\\/pt-pt\\\/festa-santa-teresa-mta-elvas\\\/#breadcrumb\"},\"inLanguage\":\"pt-PT\",\"potentialAction\":[{\"@type\":\"ReadAction\",\"target\":[\"https:\\\/\\\/encompaniastj.org\\\/pt-pt\\\/festa-santa-teresa-mta-elvas\\\/\"]}]},{\"@type\":\"ImageObject\",\"inLanguage\":\"pt-PT\",\"@id\":\"https:\\\/\\\/encompaniastj.org\\\/pt-pt\\\/festa-santa-teresa-mta-elvas\\\/#primaryimage\",\"url\":\"https:\\\/\\\/encompaniastj.org\\\/wp-content\\\/uploads\\\/2025\\\/05\\\/4-MTA-Elvas2.jpg\",\"contentUrl\":\"https:\\\/\\\/encompaniastj.org\\\/wp-content\\\/uploads\\\/2025\\\/05\\\/4-MTA-Elvas2.jpg\",\"width\":1920,\"height\":1080},{\"@type\":\"BreadcrumbList\",\"@id\":\"https:\\\/\\\/encompaniastj.org\\\/pt-pt\\\/festa-santa-teresa-mta-elvas\\\/#breadcrumb\",\"itemListElement\":[{\"@type\":\"ListItem\",\"position\":1,\"name\":\"Portada\",\"item\":\"https:\\\/\\\/encompaniastj.org\\\/pt-pt\\\/\"},{\"@type\":\"ListItem\",\"position\":2,\"name\":\"Festa Santa Teresa - MTA Elvas\"}]},{\"@type\":\"WebSite\",\"@id\":\"https:\\\/\\\/encompaniastj.org\\\/pt-pt\\\/#website\",\"url\":\"https:\\\/\\\/encompaniastj.org\\\/pt-pt\\\/\",\"name\":\"En Compa\u00f1\u00eda STJ\",\"description\":\"Bolet\u00edn de la Compa\u00f1\u00eda de Santa Teresa de Jes\u00fas\",\"publisher\":{\"@id\":\"https:\\\/\\\/encompaniastj.org\\\/pt-pt\\\/#organization\"},\"potentialAction\":[{\"@type\":\"SearchAction\",\"target\":{\"@type\":\"EntryPoint\",\"urlTemplate\":\"https:\\\/\\\/encompaniastj.org\\\/pt-pt\\\/?s={search_term_string}\"},\"query-input\":{\"@type\":\"PropertyValueSpecification\",\"valueRequired\":true,\"valueName\":\"search_term_string\"}}],\"inLanguage\":\"pt-PT\"},{\"@type\":\"Organization\",\"@id\":\"https:\\\/\\\/encompaniastj.org\\\/pt-pt\\\/#organization\",\"name\":\"Compa\u00f1\u00eda de Santa Teresa de Jes\u00fas\",\"url\":\"https:\\\/\\\/encompaniastj.org\\\/pt-pt\\\/\",\"logo\":{\"@type\":\"ImageObject\",\"inLanguage\":\"pt-PT\",\"@id\":\"https:\\\/\\\/encompaniastj.org\\\/pt-pt\\\/#\\\/schema\\\/logo\\\/image\\\/\",\"url\":\"https:\\\/\\\/encompaniastj.org\\\/wp-content\\\/uploads\\\/2025\\\/04\\\/logo_provincias02-1-3.png\",\"contentUrl\":\"https:\\\/\\\/encompaniastj.org\\\/wp-content\\\/uploads\\\/2025\\\/04\\\/logo_provincias02-1-3.png\",\"width\":2368,\"height\":825,\"caption\":\"Compa\u00f1\u00eda de Santa Teresa de Jes\u00fas\"},\"image\":{\"@id\":\"https:\\\/\\\/encompaniastj.org\\\/pt-pt\\\/#\\\/schema\\\/logo\\\/image\\\/\"}},{\"@type\":\"Person\",\"@id\":\"https:\\\/\\\/encompaniastj.org\\\/pt-pt\\\/#\\\/schema\\\/person\\\/520e7ecc314793d40091993c2a02b651\",\"name\":\"admin\",\"image\":{\"@type\":\"ImageObject\",\"inLanguage\":\"pt-PT\",\"@id\":\"https:\\\/\\\/secure.gravatar.com\\\/avatar\\\/948b492cce32b586ac2db0eaa926ee87024f7afe218d73b397ea5ddfc5f43ea1?s=96&d=mm&r=g\",\"url\":\"https:\\\/\\\/secure.gravatar.com\\\/avatar\\\/948b492cce32b586ac2db0eaa926ee87024f7afe218d73b397ea5ddfc5f43ea1?s=96&d=mm&r=g\",\"contentUrl\":\"https:\\\/\\\/secure.gravatar.com\\\/avatar\\\/948b492cce32b586ac2db0eaa926ee87024f7afe218d73b397ea5ddfc5f43ea1?s=96&d=mm&r=g\",\"caption\":\"admin\"},\"sameAs\":[\"https:\\\/\\\/encompaniastj.org\"],\"url\":\"https:\\\/\\\/encompaniastj.org\\\/pt-pt\\\/author\\\/sjdigital\\\/\"}]}<\/script>\n<!-- \/ Yoast SEO plugin. -->","yoast_head_json":{"title":"Festa Santa Teresa - MTA Elvas - En Compa\u00f1\u00eda STJ","robots":{"index":"index","follow":"follow","max-snippet":"max-snippet:-1","max-image-preview":"max-image-preview:large","max-video-preview":"max-video-preview:-1"},"canonical":"https:\/\/encompaniastj.org\/pt-pt\/festa-santa-teresa-mta-elvas\/","og_locale":"pt_PT","og_type":"article","og_title":"Festa Santa Teresa - MTA Elvas - En Compa\u00f1\u00eda STJ","og_description":"O MTA, centro de Elvas \u2013 Portugal, celebrou a grande mestra, s\u00e1bia e santa, Teresa de Jesus, com um programa muito significativo. Para al\u00e9m de anunciarmos o dia nas redes [&hellip;]","og_url":"https:\/\/encompaniastj.org\/pt-pt\/festa-santa-teresa-mta-elvas\/","og_site_name":"En Compa\u00f1\u00eda STJ","article_published_time":"2019-10-22T08:14:05+00:00","article_modified_time":"2025-07-07T14:20:45+00:00","og_image":[{"width":1920,"height":1080,"url":"https:\/\/encompaniastj.org\/wp-content\/uploads\/2025\/05\/4-MTA-Elvas2.jpg","type":"image\/jpeg"}],"author":"admin","twitter_card":"summary_large_image","twitter_misc":{"Escrito por":"admin","Tempo estimado de leitura":"1 minuto"},"schema":{"@context":"https:\/\/schema.org","@graph":[{"@type":"Article","@id":"https:\/\/encompaniastj.org\/pt-pt\/festa-santa-teresa-mta-elvas\/#article","isPartOf":{"@id":"https:\/\/encompaniastj.org\/pt-pt\/festa-santa-teresa-mta-elvas\/"},"author":{"name":"admin","@id":"https:\/\/encompaniastj.org\/pt-pt\/#\/schema\/person\/520e7ecc314793d40091993c2a02b651"},"headline":"Festa Santa Teresa - MTA Elvas","datePublished":"2019-10-22T08:14:05+00:00","dateModified":"2025-07-07T14:20:45+00:00","mainEntityOfPage":{"@id":"https:\/\/encompaniastj.org\/pt-pt\/festa-santa-teresa-mta-elvas\/"},"wordCount":280,"commentCount":0,"publisher":{"@id":"https:\/\/encompaniastj.org\/pt-pt\/#organization"},"image":{"@id":"https:\/\/encompaniastj.org\/pt-pt\/festa-santa-teresa-mta-elvas\/#primaryimage"},"thumbnailUrl":"https:\/\/encompaniastj.org\/wp-content\/uploads\/2025\/05\/4-MTA-Elvas2.jpg","articleSection":["Noticias","Otras","Outras"],"inLanguage":"pt-PT","potentialAction":[{"@type":"CommentAction","name":"Comment","target":["https:\/\/encompaniastj.org\/pt-pt\/festa-santa-teresa-mta-elvas\/#respond"]}]},{"@type":"WebPage","@id":"https:\/\/encompaniastj.org\/pt-pt\/festa-santa-teresa-mta-elvas\/","url":"https:\/\/encompaniastj.org\/pt-pt\/festa-santa-teresa-mta-elvas\/","name":"Festa Santa Teresa - MTA Elvas - En Compa\u00f1\u00eda STJ","isPartOf":{"@id":"https:\/\/encompaniastj.org\/pt-pt\/#website"},"primaryImageOfPage":{"@id":"https:\/\/encompaniastj.org\/pt-pt\/festa-santa-teresa-mta-elvas\/#primaryimage"},"image":{"@id":"https:\/\/encompaniastj.org\/pt-pt\/festa-santa-teresa-mta-elvas\/#primaryimage"},"thumbnailUrl":"https:\/\/encompaniastj.org\/wp-content\/uploads\/2025\/05\/4-MTA-Elvas2.jpg","datePublished":"2019-10-22T08:14:05+00:00","dateModified":"2025-07-07T14:20:45+00:00","breadcrumb":{"@id":"https:\/\/encompaniastj.org\/pt-pt\/festa-santa-teresa-mta-elvas\/#breadcrumb"},"inLanguage":"pt-PT","potentialAction":[{"@type":"ReadAction","target":["https:\/\/encompaniastj.org\/pt-pt\/festa-santa-teresa-mta-elvas\/"]}]},{"@type":"ImageObject","inLanguage":"pt-PT","@id":"https:\/\/encompaniastj.org\/pt-pt\/festa-santa-teresa-mta-elvas\/#primaryimage","url":"https:\/\/encompaniastj.org\/wp-content\/uploads\/2025\/05\/4-MTA-Elvas2.jpg","contentUrl":"https:\/\/encompaniastj.org\/wp-content\/uploads\/2025\/05\/4-MTA-Elvas2.jpg","width":1920,"height":1080},{"@type":"BreadcrumbList","@id":"https:\/\/encompaniastj.org\/pt-pt\/festa-santa-teresa-mta-elvas\/#breadcrumb","itemListElement":[{"@type":"ListItem","position":1,"name":"Portada","item":"https:\/\/encompaniastj.org\/pt-pt\/"},{"@type":"ListItem","position":2,"name":"Festa Santa Teresa - MTA Elvas"}]},{"@type":"WebSite","@id":"https:\/\/encompaniastj.org\/pt-pt\/#website","url":"https:\/\/encompaniastj.org\/pt-pt\/","name":"En Compa\u00f1\u00eda STJ","description":"Bolet\u00edn de la Compa\u00f1\u00eda de Santa Teresa de Jes\u00fas","publisher":{"@id":"https:\/\/encompaniastj.org\/pt-pt\/#organization"},"potentialAction":[{"@type":"SearchAction","target":{"@type":"EntryPoint","urlTemplate":"https:\/\/encompaniastj.org\/pt-pt\/?s={search_term_string}"},"query-input":{"@type":"PropertyValueSpecification","valueRequired":true,"valueName":"search_term_string"}}],"inLanguage":"pt-PT"},{"@type":"Organization","@id":"https:\/\/encompaniastj.org\/pt-pt\/#organization","name":"Compa\u00f1\u00eda de Santa Teresa de Jes\u00fas","url":"https:\/\/encompaniastj.org\/pt-pt\/","logo":{"@type":"ImageObject","inLanguage":"pt-PT","@id":"https:\/\/encompaniastj.org\/pt-pt\/#\/schema\/logo\/image\/","url":"https:\/\/encompaniastj.org\/wp-content\/uploads\/2025\/04\/logo_provincias02-1-3.png","contentUrl":"https:\/\/encompaniastj.org\/wp-content\/uploads\/2025\/04\/logo_provincias02-1-3.png","width":2368,"height":825,"caption":"Compa\u00f1\u00eda de Santa Teresa de Jes\u00fas"},"image":{"@id":"https:\/\/encompaniastj.org\/pt-pt\/#\/schema\/logo\/image\/"}},{"@type":"Person","@id":"https:\/\/encompaniastj.org\/pt-pt\/#\/schema\/person\/520e7ecc314793d40091993c2a02b651","name":"admin","image":{"@type":"ImageObject","inLanguage":"pt-PT","@id":"https:\/\/secure.gravatar.com\/avatar\/948b492cce32b586ac2db0eaa926ee87024f7afe218d73b397ea5ddfc5f43ea1?s=96&d=mm&r=g","url":"https:\/\/secure.gravatar.com\/avatar\/948b492cce32b586ac2db0eaa926ee87024f7afe218d73b397ea5ddfc5f43ea1?s=96&d=mm&r=g","contentUrl":"https:\/\/secure.gravatar.com\/avatar\/948b492cce32b586ac2db0eaa926ee87024f7afe218d73b397ea5ddfc5f43ea1?s=96&d=mm&r=g","caption":"admin"},"sameAs":["https:\/\/encompaniastj.org"],"url":"https:\/\/encompaniastj.org\/pt-pt\/author\/sjdigital\/"}]}},"_links":{"self":[{"href":"https:\/\/encompaniastj.org\/pt-pt\/wp-json\/wp\/v2\/posts\/9790","targetHints":{"allow":["GET"]}}],"collection":[{"href":"https:\/\/encompaniastj.org\/pt-pt\/wp-json\/wp\/v2\/posts"}],"about":[{"href":"https:\/\/encompaniastj.org\/pt-pt\/wp-json\/wp\/v2\/types\/post"}],"author":[{"embeddable":true,"href":"https:\/\/encompaniastj.org\/pt-pt\/wp-json\/wp\/v2\/users\/1"}],"replies":[{"embeddable":true,"href":"https:\/\/encompaniastj.org\/pt-pt\/wp-json\/wp\/v2\/comments?post=9790"}],"version-history":[{"count":1,"href":"https:\/\/encompaniastj.org\/pt-pt\/wp-json\/wp\/v2\/posts\/9790\/revisions"}],"predecessor-version":[{"id":9791,"href":"https:\/\/encompaniastj.org\/pt-pt\/wp-json\/wp\/v2\/posts\/9790\/revisions\/9791"}],"wp:featuredmedia":[{"embeddable":true,"href":"https:\/\/encompaniastj.org\/pt-pt\/wp-json\/wp\/v2\/media\/7139"}],"wp:attachment":[{"href":"https:\/\/encompaniastj.org\/pt-pt\/wp-json\/wp\/v2\/media?parent=9790"}],"wp:term":[{"taxonomy":"category","embeddable":true,"href":"https:\/\/encompaniastj.org\/pt-pt\/wp-json\/wp\/v2\/categories?post=9790"},{"taxonomy":"post_tag","embeddable":true,"href":"https:\/\/encompaniastj.org\/pt-pt\/wp-json\/wp\/v2\/tags?post=9790"}],"curies":[{"name":"wp","href":"https:\/\/api.w.org\/{rel}","templated":true}]}}