{"id":9786,"date":"2019-10-22T10:01:51","date_gmt":"2019-10-22T08:01:51","guid":{"rendered":"https:\/\/encompaniastj.org\/a-cidade-de-avila-em-festa\/"},"modified":"2025-07-07T16:20:43","modified_gmt":"2025-07-07T14:20:43","slug":"a-cidade-de-avila-em-festa","status":"publish","type":"post","link":"https:\/\/encompaniastj.org\/pt-pt\/a-cidade-de-avila-em-festa\/","title":{"rendered":"A cidade de \u00c1vila em festa"},"content":{"rendered":"\n<p>Estamos certas que durante o m\u00eas de outubro toda a fam\u00edlia teresiana nos sentimos especialmente perto da terra de Santa Teresa. Por isso, partilhamos o que se viveu na cidade. <\/p>\n\n\n\n<p>Na primeira quinzena de outubro a cidade de \u00c1vila vibra \u00e0 volta da festa da sua patrona, Teresa de Jesus.<\/p>\n\n\n\n<p>No convite para as festas o Presidente da C\u00e2mara de \u00c1vila dizia: \u201cO seu esp\u00edrito e a sua imagem acompanham-nos de forma inevit\u00e1vel. O seu nome e o de \u00c1vila uniram-se ao longo dos s\u00e9culos e formam um todo indissol\u00favel que nos acompanha em cada momento\u201d.<\/p>\n\n\n\n<p>No princ\u00edpio do m\u00eas de outubro, a imagem da Santa (Greg\u00f3rio Fern\u00e1ndez) adornada de flores, abandona a sua capela para ocupar um lugar junto ao altar da Igreja, na sua Casa onde nasceu. Ali, chegam numerosas pessoas de \u00c1vila e turistas, para v\u00ea-la, tirar fotos, rezar\u2026<\/p>\n\n\n\n<p>No dia 7 come\u00e7ou a novena nesta Igreja-Casa onde nasceu Santa Teresa com a ora\u00e7\u00e3o do Ter\u00e7o e Missa Solene presidida pelo carmelita e bispo auxiliar de Man\u00e1gua D. S\u00edlvio Jos\u00e9 B\u00e1ez. <\/p>\n\n\n\n<p>No dia 11 foi a abertura das festas na cidade, com o preg\u00e3o a cargo da campe\u00e3 de Espanha de atletismo, Andreia Jim\u00e9nez; depois os foguetes e a actua\u00e7\u00e3o musical de \u201cNacha Pop\u201d. E a partir deste momento, m\u00faltiplas atividades: torneios desportivos, barracas, touros, atua\u00e7\u00f5es musicais, desfiles, abra\u00e7o \u00e0 muralha\u2026 Tamb\u00e9m, \u00e0 tarde do dia 12, no convento de S. Jos\u00e9, fez-se a leitura do livro das Funda\u00e7\u00f5es para continuar com a oferta floral ao monumento dedicado a Santa Teresa, ao p\u00e9 da muralha. Como e quanto ela \u00e9 amada! <\/p>\n\n\n\n<p>No dia 14, a imagem da Santa deixa a sua Casa natal para ser trasladada para a Catedral, onde, no dia seguinte, se celebra uma Missa Solene presidida pelo Bispo de \u00c1vila, D. Jos\u00e9 Mar\u00eda Gil Tamayo. Nesse dia n\u00e3o cabe nem um alfinete na Catedral. <\/p>\n\n\n\n<p>A seguir, centenas de pessoas esperam nas ruas pr\u00f3ximas, a passagem da prociss\u00e3o com as imagens de Santa Teresa e da Virgem da Caridade. Pela tarde, na casa da Santa, depois de escutar o texto do livro da Vida: \u201cLembro-me de que quando morreu a minha tinha eu uns 12 anos. Como eu comecei a entender o que tinha perdido, aflita fui junto de uma imagem de nossa Senhora e supliquei-lhe com muitas l\u00e1grimas, que fosse minha m\u00e3e\u201d, \u201cM\u00e3e e filha\u201d despedem-se e a Virgem regressa \u00e0 Catedral. Quanta emo\u00e7\u00e3o!<\/p>\n\n\n\n<p>A isto seguem-se uns bonitos fogos-de-artif\u00edcio que iluminam a cidade muralhada\u2026 E assim continua a festa at\u00e9 ao domingo, dia 20.<\/p>\n\n\n\n<p>A isto seguem-se uns bonitos fogos-de-artif\u00edcio que iluminam a cidade muralhada\u2026 E assim continua a festa at\u00e9 ao domingo, dia 20.<\/p>\n\n\n\n<ul class=\"wp-block-gallery columns-2 is-cropped wp-block-gallery-1 is-layout-flex wp-block-gallery-is-layout-flex\"><li class=\"blocks-gallery-item\"><figure><a href=\"https:\/\/encompaniastj.org\/wp-content\/uploads\/2025\/05\/7-Avila.jpg\"><img decoding=\"async\" src=\"https:\/\/encompaniastj.org\/wp-content\/uploads\/2025\/05\/7-Avila.jpg\" alt=\"\" data-id=\"5310\" data-link=\"https:\/\/encompaniastj.org\/?attachment_id=5310\" class=\"wp-image-5310\"\/><\/a><\/figure><\/li><li class=\"blocks-gallery-item\"><figure><a href=\"https:\/\/encompaniastj.org\/wp-content\/uploads\/2025\/05\/1-Avila.jpg\"><img decoding=\"async\" src=\"https:\/\/encompaniastj.org\/wp-content\/uploads\/2025\/05\/1-Avila.jpg\" alt=\"\" data-id=\"5304\" data-link=\"https:\/\/encompaniastj.org\/?attachment_id=5304\" class=\"wp-image-5304\"\/><\/a><\/figure><\/li><li class=\"blocks-gallery-item\"><figure><a href=\"https:\/\/encompaniastj.org\/wp-content\/uploads\/2025\/05\/2-Avila.jpg\"><img decoding=\"async\" src=\"https:\/\/encompaniastj.org\/wp-content\/uploads\/2025\/05\/2-Avila.jpg\" alt=\"\" data-id=\"5306\" data-link=\"https:\/\/encompaniastj.org\/?attachment_id=5306\" class=\"wp-image-5306\"\/><\/a><\/figure><\/li><\/ul>\n","protected":false},"excerpt":{"rendered":"<p>Estamos certas que durante o m\u00eas de outubro toda a fam\u00edlia teresiana nos sentimos especialmente perto da terra de Santa Teresa. Por isso, partilhamos o que se viveu na cidade. [&hellip;]<\/p>\n","protected":false},"author":1,"featured_media":7131,"comment_status":"open","ping_status":"open","sticky":false,"template":"","format":"standard","meta":{"_acf_changed":false,"footnotes":""},"categories":[61,62,68,82],"tags":[],"class_list":["post-9786","post","type-post","status-publish","format-standard","has-post-thumbnail","hentry","category-noticias","category-otras","category-outras","category-sin-categorizar"],"acf":[],"yoast_head":"<!-- This site is optimized with the Yoast SEO plugin v27.5 - https:\/\/yoast.com\/product\/yoast-seo-wordpress\/ -->\n<title>A cidade de \u00c1vila em festa - En Compa\u00f1\u00eda STJ<\/title>\n<meta name=\"robots\" content=\"index, follow, max-snippet:-1, max-image-preview:large, max-video-preview:-1\" \/>\n<link rel=\"canonical\" href=\"https:\/\/encompaniastj.org\/pt-pt\/a-cidade-de-avila-em-festa\/\" \/>\n<meta property=\"og:locale\" content=\"pt_PT\" \/>\n<meta property=\"og:type\" content=\"article\" \/>\n<meta property=\"og:title\" content=\"A cidade de \u00c1vila em festa - En Compa\u00f1\u00eda STJ\" \/>\n<meta property=\"og:description\" content=\"Estamos certas que durante o m\u00eas de outubro toda a fam\u00edlia teresiana nos sentimos especialmente perto da terra de Santa Teresa. Por isso, partilhamos o que se viveu na cidade. [&hellip;]\" \/>\n<meta property=\"og:url\" content=\"https:\/\/encompaniastj.org\/pt-pt\/a-cidade-de-avila-em-festa\/\" \/>\n<meta property=\"og:site_name\" content=\"En Compa\u00f1\u00eda STJ\" \/>\n<meta property=\"article:published_time\" content=\"2019-10-22T08:01:51+00:00\" \/>\n<meta property=\"article:modified_time\" content=\"2025-07-07T14:20:43+00:00\" \/>\n<meta property=\"og:image\" content=\"https:\/\/encompaniastj.org\/wp-content\/uploads\/2025\/05\/6-Avila-1.jpg\" \/>\n\t<meta property=\"og:image:width\" content=\"1917\" \/>\n\t<meta property=\"og:image:height\" content=\"1079\" \/>\n\t<meta property=\"og:image:type\" content=\"image\/jpeg\" \/>\n<meta name=\"author\" content=\"admin\" \/>\n<meta name=\"twitter:card\" content=\"summary_large_image\" \/>\n<meta name=\"twitter:label1\" content=\"Escrito por\" \/>\n\t<meta name=\"twitter:data1\" content=\"admin\" \/>\n\t<meta name=\"twitter:label2\" content=\"Tempo estimado de leitura\" \/>\n\t<meta name=\"twitter:data2\" content=\"2 minutos\" \/>\n<script type=\"application\/ld+json\" class=\"yoast-schema-graph\">{\"@context\":\"https:\\\/\\\/schema.org\",\"@graph\":[{\"@type\":\"Article\",\"@id\":\"https:\\\/\\\/encompaniastj.org\\\/pt-pt\\\/a-cidade-de-avila-em-festa\\\/#article\",\"isPartOf\":{\"@id\":\"https:\\\/\\\/encompaniastj.org\\\/pt-pt\\\/a-cidade-de-avila-em-festa\\\/\"},\"author\":{\"name\":\"admin\",\"@id\":\"https:\\\/\\\/encompaniastj.org\\\/pt-pt\\\/#\\\/schema\\\/person\\\/520e7ecc314793d40091993c2a02b651\"},\"headline\":\"A cidade de \u00c1vila em festa\",\"datePublished\":\"2019-10-22T08:01:51+00:00\",\"dateModified\":\"2025-07-07T14:20:43+00:00\",\"mainEntityOfPage\":{\"@id\":\"https:\\\/\\\/encompaniastj.org\\\/pt-pt\\\/a-cidade-de-avila-em-festa\\\/\"},\"wordCount\":472,\"commentCount\":0,\"publisher\":{\"@id\":\"https:\\\/\\\/encompaniastj.org\\\/pt-pt\\\/#organization\"},\"image\":{\"@id\":\"https:\\\/\\\/encompaniastj.org\\\/pt-pt\\\/a-cidade-de-avila-em-festa\\\/#primaryimage\"},\"thumbnailUrl\":\"https:\\\/\\\/encompaniastj.org\\\/wp-content\\\/uploads\\\/2025\\\/05\\\/6-Avila-1.jpg\",\"articleSection\":[\"Noticias\",\"Otras\",\"Outras\",\"Sin categorizar\"],\"inLanguage\":\"pt-PT\",\"potentialAction\":[{\"@type\":\"CommentAction\",\"name\":\"Comment\",\"target\":[\"https:\\\/\\\/encompaniastj.org\\\/pt-pt\\\/a-cidade-de-avila-em-festa\\\/#respond\"]}]},{\"@type\":\"WebPage\",\"@id\":\"https:\\\/\\\/encompaniastj.org\\\/pt-pt\\\/a-cidade-de-avila-em-festa\\\/\",\"url\":\"https:\\\/\\\/encompaniastj.org\\\/pt-pt\\\/a-cidade-de-avila-em-festa\\\/\",\"name\":\"A cidade de \u00c1vila em festa - En Compa\u00f1\u00eda STJ\",\"isPartOf\":{\"@id\":\"https:\\\/\\\/encompaniastj.org\\\/pt-pt\\\/#website\"},\"primaryImageOfPage\":{\"@id\":\"https:\\\/\\\/encompaniastj.org\\\/pt-pt\\\/a-cidade-de-avila-em-festa\\\/#primaryimage\"},\"image\":{\"@id\":\"https:\\\/\\\/encompaniastj.org\\\/pt-pt\\\/a-cidade-de-avila-em-festa\\\/#primaryimage\"},\"thumbnailUrl\":\"https:\\\/\\\/encompaniastj.org\\\/wp-content\\\/uploads\\\/2025\\\/05\\\/6-Avila-1.jpg\",\"datePublished\":\"2019-10-22T08:01:51+00:00\",\"dateModified\":\"2025-07-07T14:20:43+00:00\",\"breadcrumb\":{\"@id\":\"https:\\\/\\\/encompaniastj.org\\\/pt-pt\\\/a-cidade-de-avila-em-festa\\\/#breadcrumb\"},\"inLanguage\":\"pt-PT\",\"potentialAction\":[{\"@type\":\"ReadAction\",\"target\":[\"https:\\\/\\\/encompaniastj.org\\\/pt-pt\\\/a-cidade-de-avila-em-festa\\\/\"]}]},{\"@type\":\"ImageObject\",\"inLanguage\":\"pt-PT\",\"@id\":\"https:\\\/\\\/encompaniastj.org\\\/pt-pt\\\/a-cidade-de-avila-em-festa\\\/#primaryimage\",\"url\":\"https:\\\/\\\/encompaniastj.org\\\/wp-content\\\/uploads\\\/2025\\\/05\\\/6-Avila-1.jpg\",\"contentUrl\":\"https:\\\/\\\/encompaniastj.org\\\/wp-content\\\/uploads\\\/2025\\\/05\\\/6-Avila-1.jpg\",\"width\":1917,\"height\":1079},{\"@type\":\"BreadcrumbList\",\"@id\":\"https:\\\/\\\/encompaniastj.org\\\/pt-pt\\\/a-cidade-de-avila-em-festa\\\/#breadcrumb\",\"itemListElement\":[{\"@type\":\"ListItem\",\"position\":1,\"name\":\"Portada\",\"item\":\"https:\\\/\\\/encompaniastj.org\\\/pt-pt\\\/\"},{\"@type\":\"ListItem\",\"position\":2,\"name\":\"A cidade de \u00c1vila em festa\"}]},{\"@type\":\"WebSite\",\"@id\":\"https:\\\/\\\/encompaniastj.org\\\/pt-pt\\\/#website\",\"url\":\"https:\\\/\\\/encompaniastj.org\\\/pt-pt\\\/\",\"name\":\"En Compa\u00f1\u00eda STJ\",\"description\":\"Bolet\u00edn de la Compa\u00f1\u00eda de Santa Teresa de Jes\u00fas\",\"publisher\":{\"@id\":\"https:\\\/\\\/encompaniastj.org\\\/pt-pt\\\/#organization\"},\"potentialAction\":[{\"@type\":\"SearchAction\",\"target\":{\"@type\":\"EntryPoint\",\"urlTemplate\":\"https:\\\/\\\/encompaniastj.org\\\/pt-pt\\\/?s={search_term_string}\"},\"query-input\":{\"@type\":\"PropertyValueSpecification\",\"valueRequired\":true,\"valueName\":\"search_term_string\"}}],\"inLanguage\":\"pt-PT\"},{\"@type\":\"Organization\",\"@id\":\"https:\\\/\\\/encompaniastj.org\\\/pt-pt\\\/#organization\",\"name\":\"Compa\u00f1\u00eda de Santa Teresa de Jes\u00fas\",\"url\":\"https:\\\/\\\/encompaniastj.org\\\/pt-pt\\\/\",\"logo\":{\"@type\":\"ImageObject\",\"inLanguage\":\"pt-PT\",\"@id\":\"https:\\\/\\\/encompaniastj.org\\\/pt-pt\\\/#\\\/schema\\\/logo\\\/image\\\/\",\"url\":\"https:\\\/\\\/encompaniastj.org\\\/wp-content\\\/uploads\\\/2025\\\/04\\\/logo_provincias02-1-3.png\",\"contentUrl\":\"https:\\\/\\\/encompaniastj.org\\\/wp-content\\\/uploads\\\/2025\\\/04\\\/logo_provincias02-1-3.png\",\"width\":2368,\"height\":825,\"caption\":\"Compa\u00f1\u00eda de Santa Teresa de Jes\u00fas\"},\"image\":{\"@id\":\"https:\\\/\\\/encompaniastj.org\\\/pt-pt\\\/#\\\/schema\\\/logo\\\/image\\\/\"}},{\"@type\":\"Person\",\"@id\":\"https:\\\/\\\/encompaniastj.org\\\/pt-pt\\\/#\\\/schema\\\/person\\\/520e7ecc314793d40091993c2a02b651\",\"name\":\"admin\",\"image\":{\"@type\":\"ImageObject\",\"inLanguage\":\"pt-PT\",\"@id\":\"https:\\\/\\\/secure.gravatar.com\\\/avatar\\\/948b492cce32b586ac2db0eaa926ee87024f7afe218d73b397ea5ddfc5f43ea1?s=96&d=mm&r=g\",\"url\":\"https:\\\/\\\/secure.gravatar.com\\\/avatar\\\/948b492cce32b586ac2db0eaa926ee87024f7afe218d73b397ea5ddfc5f43ea1?s=96&d=mm&r=g\",\"contentUrl\":\"https:\\\/\\\/secure.gravatar.com\\\/avatar\\\/948b492cce32b586ac2db0eaa926ee87024f7afe218d73b397ea5ddfc5f43ea1?s=96&d=mm&r=g\",\"caption\":\"admin\"},\"sameAs\":[\"https:\\\/\\\/encompaniastj.org\"],\"url\":\"https:\\\/\\\/encompaniastj.org\\\/pt-pt\\\/author\\\/sjdigital\\\/\"}]}<\/script>\n<!-- \/ Yoast SEO plugin. -->","yoast_head_json":{"title":"A cidade de \u00c1vila em festa - En Compa\u00f1\u00eda STJ","robots":{"index":"index","follow":"follow","max-snippet":"max-snippet:-1","max-image-preview":"max-image-preview:large","max-video-preview":"max-video-preview:-1"},"canonical":"https:\/\/encompaniastj.org\/pt-pt\/a-cidade-de-avila-em-festa\/","og_locale":"pt_PT","og_type":"article","og_title":"A cidade de \u00c1vila em festa - En Compa\u00f1\u00eda STJ","og_description":"Estamos certas que durante o m\u00eas de outubro toda a fam\u00edlia teresiana nos sentimos especialmente perto da terra de Santa Teresa. Por isso, partilhamos o que se viveu na cidade. [&hellip;]","og_url":"https:\/\/encompaniastj.org\/pt-pt\/a-cidade-de-avila-em-festa\/","og_site_name":"En Compa\u00f1\u00eda STJ","article_published_time":"2019-10-22T08:01:51+00:00","article_modified_time":"2025-07-07T14:20:43+00:00","og_image":[{"width":1917,"height":1079,"url":"https:\/\/encompaniastj.org\/wp-content\/uploads\/2025\/05\/6-Avila-1.jpg","type":"image\/jpeg"}],"author":"admin","twitter_card":"summary_large_image","twitter_misc":{"Escrito por":"admin","Tempo estimado de leitura":"2 minutos"},"schema":{"@context":"https:\/\/schema.org","@graph":[{"@type":"Article","@id":"https:\/\/encompaniastj.org\/pt-pt\/a-cidade-de-avila-em-festa\/#article","isPartOf":{"@id":"https:\/\/encompaniastj.org\/pt-pt\/a-cidade-de-avila-em-festa\/"},"author":{"name":"admin","@id":"https:\/\/encompaniastj.org\/pt-pt\/#\/schema\/person\/520e7ecc314793d40091993c2a02b651"},"headline":"A cidade de \u00c1vila em festa","datePublished":"2019-10-22T08:01:51+00:00","dateModified":"2025-07-07T14:20:43+00:00","mainEntityOfPage":{"@id":"https:\/\/encompaniastj.org\/pt-pt\/a-cidade-de-avila-em-festa\/"},"wordCount":472,"commentCount":0,"publisher":{"@id":"https:\/\/encompaniastj.org\/pt-pt\/#organization"},"image":{"@id":"https:\/\/encompaniastj.org\/pt-pt\/a-cidade-de-avila-em-festa\/#primaryimage"},"thumbnailUrl":"https:\/\/encompaniastj.org\/wp-content\/uploads\/2025\/05\/6-Avila-1.jpg","articleSection":["Noticias","Otras","Outras","Sin categorizar"],"inLanguage":"pt-PT","potentialAction":[{"@type":"CommentAction","name":"Comment","target":["https:\/\/encompaniastj.org\/pt-pt\/a-cidade-de-avila-em-festa\/#respond"]}]},{"@type":"WebPage","@id":"https:\/\/encompaniastj.org\/pt-pt\/a-cidade-de-avila-em-festa\/","url":"https:\/\/encompaniastj.org\/pt-pt\/a-cidade-de-avila-em-festa\/","name":"A cidade de \u00c1vila em festa - En Compa\u00f1\u00eda STJ","isPartOf":{"@id":"https:\/\/encompaniastj.org\/pt-pt\/#website"},"primaryImageOfPage":{"@id":"https:\/\/encompaniastj.org\/pt-pt\/a-cidade-de-avila-em-festa\/#primaryimage"},"image":{"@id":"https:\/\/encompaniastj.org\/pt-pt\/a-cidade-de-avila-em-festa\/#primaryimage"},"thumbnailUrl":"https:\/\/encompaniastj.org\/wp-content\/uploads\/2025\/05\/6-Avila-1.jpg","datePublished":"2019-10-22T08:01:51+00:00","dateModified":"2025-07-07T14:20:43+00:00","breadcrumb":{"@id":"https:\/\/encompaniastj.org\/pt-pt\/a-cidade-de-avila-em-festa\/#breadcrumb"},"inLanguage":"pt-PT","potentialAction":[{"@type":"ReadAction","target":["https:\/\/encompaniastj.org\/pt-pt\/a-cidade-de-avila-em-festa\/"]}]},{"@type":"ImageObject","inLanguage":"pt-PT","@id":"https:\/\/encompaniastj.org\/pt-pt\/a-cidade-de-avila-em-festa\/#primaryimage","url":"https:\/\/encompaniastj.org\/wp-content\/uploads\/2025\/05\/6-Avila-1.jpg","contentUrl":"https:\/\/encompaniastj.org\/wp-content\/uploads\/2025\/05\/6-Avila-1.jpg","width":1917,"height":1079},{"@type":"BreadcrumbList","@id":"https:\/\/encompaniastj.org\/pt-pt\/a-cidade-de-avila-em-festa\/#breadcrumb","itemListElement":[{"@type":"ListItem","position":1,"name":"Portada","item":"https:\/\/encompaniastj.org\/pt-pt\/"},{"@type":"ListItem","position":2,"name":"A cidade de \u00c1vila em festa"}]},{"@type":"WebSite","@id":"https:\/\/encompaniastj.org\/pt-pt\/#website","url":"https:\/\/encompaniastj.org\/pt-pt\/","name":"En Compa\u00f1\u00eda STJ","description":"Bolet\u00edn de la Compa\u00f1\u00eda de Santa Teresa de Jes\u00fas","publisher":{"@id":"https:\/\/encompaniastj.org\/pt-pt\/#organization"},"potentialAction":[{"@type":"SearchAction","target":{"@type":"EntryPoint","urlTemplate":"https:\/\/encompaniastj.org\/pt-pt\/?s={search_term_string}"},"query-input":{"@type":"PropertyValueSpecification","valueRequired":true,"valueName":"search_term_string"}}],"inLanguage":"pt-PT"},{"@type":"Organization","@id":"https:\/\/encompaniastj.org\/pt-pt\/#organization","name":"Compa\u00f1\u00eda de Santa Teresa de Jes\u00fas","url":"https:\/\/encompaniastj.org\/pt-pt\/","logo":{"@type":"ImageObject","inLanguage":"pt-PT","@id":"https:\/\/encompaniastj.org\/pt-pt\/#\/schema\/logo\/image\/","url":"https:\/\/encompaniastj.org\/wp-content\/uploads\/2025\/04\/logo_provincias02-1-3.png","contentUrl":"https:\/\/encompaniastj.org\/wp-content\/uploads\/2025\/04\/logo_provincias02-1-3.png","width":2368,"height":825,"caption":"Compa\u00f1\u00eda de Santa Teresa de Jes\u00fas"},"image":{"@id":"https:\/\/encompaniastj.org\/pt-pt\/#\/schema\/logo\/image\/"}},{"@type":"Person","@id":"https:\/\/encompaniastj.org\/pt-pt\/#\/schema\/person\/520e7ecc314793d40091993c2a02b651","name":"admin","image":{"@type":"ImageObject","inLanguage":"pt-PT","@id":"https:\/\/secure.gravatar.com\/avatar\/948b492cce32b586ac2db0eaa926ee87024f7afe218d73b397ea5ddfc5f43ea1?s=96&d=mm&r=g","url":"https:\/\/secure.gravatar.com\/avatar\/948b492cce32b586ac2db0eaa926ee87024f7afe218d73b397ea5ddfc5f43ea1?s=96&d=mm&r=g","contentUrl":"https:\/\/secure.gravatar.com\/avatar\/948b492cce32b586ac2db0eaa926ee87024f7afe218d73b397ea5ddfc5f43ea1?s=96&d=mm&r=g","caption":"admin"},"sameAs":["https:\/\/encompaniastj.org"],"url":"https:\/\/encompaniastj.org\/pt-pt\/author\/sjdigital\/"}]}},"_links":{"self":[{"href":"https:\/\/encompaniastj.org\/pt-pt\/wp-json\/wp\/v2\/posts\/9786","targetHints":{"allow":["GET"]}}],"collection":[{"href":"https:\/\/encompaniastj.org\/pt-pt\/wp-json\/wp\/v2\/posts"}],"about":[{"href":"https:\/\/encompaniastj.org\/pt-pt\/wp-json\/wp\/v2\/types\/post"}],"author":[{"embeddable":true,"href":"https:\/\/encompaniastj.org\/pt-pt\/wp-json\/wp\/v2\/users\/1"}],"replies":[{"embeddable":true,"href":"https:\/\/encompaniastj.org\/pt-pt\/wp-json\/wp\/v2\/comments?post=9786"}],"version-history":[{"count":1,"href":"https:\/\/encompaniastj.org\/pt-pt\/wp-json\/wp\/v2\/posts\/9786\/revisions"}],"predecessor-version":[{"id":9787,"href":"https:\/\/encompaniastj.org\/pt-pt\/wp-json\/wp\/v2\/posts\/9786\/revisions\/9787"}],"wp:featuredmedia":[{"embeddable":true,"href":"https:\/\/encompaniastj.org\/pt-pt\/wp-json\/wp\/v2\/media\/7131"}],"wp:attachment":[{"href":"https:\/\/encompaniastj.org\/pt-pt\/wp-json\/wp\/v2\/media?parent=9786"}],"wp:term":[{"taxonomy":"category","embeddable":true,"href":"https:\/\/encompaniastj.org\/pt-pt\/wp-json\/wp\/v2\/categories?post=9786"},{"taxonomy":"post_tag","embeddable":true,"href":"https:\/\/encompaniastj.org\/pt-pt\/wp-json\/wp\/v2\/tags?post=9786"}],"curies":[{"name":"wp","href":"https:\/\/api.w.org\/{rel}","templated":true}]}}