{"id":9782,"date":"2019-10-22T09:31:45","date_gmt":"2019-10-22T07:31:45","guid":{"rendered":"https:\/\/encompaniastj.org\/dia-de-santa-teresa-e-especial-dia-de-acao-de-gracas\/"},"modified":"2025-07-07T16:20:43","modified_gmt":"2025-07-07T14:20:43","slug":"dia-de-santa-teresa-e-especial-dia-de-acao-de-gracas","status":"publish","type":"post","link":"https:\/\/encompaniastj.org\/pt-pt\/dia-de-santa-teresa-e-especial-dia-de-acao-de-gracas\/","title":{"rendered":"Dia de Santa Teresa e especial dia de a\u00e7\u00e3o de gra\u00e7as"},"content":{"rendered":"\n<p>Foi grande a festa do dia 15 na Casa Provincial Resid\u00eancia em Madrid! A solenidade da Santa Madre, como nas outras comunidades da Companhia, e as Bodas de diamante da nossa Irm\u00e3 Mercedes Fern\u00e1ndez e as Bodas de ouro da nossa Irm\u00e3 C\u00e1rmen Mu\u00f1oz. Desde a manh\u00e3, todas as irm\u00e3s, celebrando a sua entrega a Jesus na Companhia e todas renovando o nosso desejo de ser outras Teresas como queria o nosso Padre, Santo Henrique.<\/p>\n\n<p>Foi um dia de festa entranh\u00e1vel, onde tudo nos ajudou a viver com profunda a\u00e7\u00e3o de gra\u00e7as: a Eucaristia com a liturgia preparada com esmero, os pormenores de carinho e proximidade, a comida que com tanto carinho tinha sido preparado\u2026 Simples e grande ao mesmo tempo como muitos dos dias vividos pelas nossas queridas irm\u00e3s Mercedes e C\u00e1rmen.<\/p>\n\n<p>Queremos partilhar esta foto para que nela as possais ver juntas. A\u00ed as tendes, posando diante de um dos adornos do nosso refeit\u00f3rio: um cartaz com a a\u00e7\u00e3o de gra\u00e7as como protagonista, e no centro os an\u00e9is nos quais h\u00e1 um diamante e uma rosa de ouro.<\/p>\n\n<figure class=\"wp-block-image\"><img decoding=\"async\" src=\"https:\/\/encompaniastj.org\/wp-content\/uploads\/2025\/05\/Hnas-casa-provincial.jpg\" alt=\"\" class=\"wp-image-5296\"><\/figure>","protected":false},"excerpt":{"rendered":"<p>Foi grande a festa do dia 15 na Casa Provincial Resid\u00eancia em Madrid! A solenidade da Santa Madre, como nas outras comunidades da Companhia, e as Bodas de diamante da [&hellip;]<\/p>\n","protected":false},"author":1,"featured_media":7127,"comment_status":"open","ping_status":"open","sticky":false,"template":"","format":"standard","meta":{"_acf_changed":false,"_et_pb_use_builder":"","_et_pb_old_content":"","_et_gb_content_width":"","footnotes":""},"categories":[61,62,68,82],"tags":[],"class_list":["post-9782","post","type-post","status-publish","format-standard","has-post-thumbnail","hentry","category-noticias","category-otras","category-outras","category-sin-categorizar"],"acf":[],"yoast_head":"<!-- This site is optimized with the Yoast SEO plugin v27.5 - https:\/\/yoast.com\/product\/yoast-seo-wordpress\/ -->\n<title>Dia de Santa Teresa e especial dia de a\u00e7\u00e3o de gra\u00e7as - En Compa\u00f1\u00eda STJ<\/title>\n<meta name=\"robots\" content=\"index, follow, max-snippet:-1, max-image-preview:large, max-video-preview:-1\" \/>\n<link rel=\"canonical\" href=\"https:\/\/encompaniastj.org\/pt-pt\/dia-de-santa-teresa-e-especial-dia-de-acao-de-gracas\/\" \/>\n<meta property=\"og:locale\" content=\"pt_PT\" \/>\n<meta property=\"og:type\" content=\"article\" \/>\n<meta property=\"og:title\" content=\"Dia de Santa Teresa e especial dia de a\u00e7\u00e3o de gra\u00e7as - En Compa\u00f1\u00eda STJ\" \/>\n<meta property=\"og:description\" content=\"Foi grande a festa do dia 15 na Casa Provincial Resid\u00eancia em Madrid! A solenidade da Santa Madre, como nas outras comunidades da Companhia, e as Bodas de diamante da [&hellip;]\" \/>\n<meta property=\"og:url\" content=\"https:\/\/encompaniastj.org\/pt-pt\/dia-de-santa-teresa-e-especial-dia-de-acao-de-gracas\/\" \/>\n<meta property=\"og:site_name\" content=\"En Compa\u00f1\u00eda STJ\" \/>\n<meta property=\"article:published_time\" content=\"2019-10-22T07:31:45+00:00\" \/>\n<meta property=\"article:modified_time\" content=\"2025-07-07T14:20:43+00:00\" \/>\n<meta property=\"og:image\" content=\"https:\/\/encompaniastj.org\/wp-content\/uploads\/2025\/05\/Hnas-casa-provincial.jpg\" \/>\n\t<meta property=\"og:image:width\" content=\"1920\" \/>\n\t<meta property=\"og:image:height\" content=\"1080\" \/>\n\t<meta property=\"og:image:type\" content=\"image\/jpeg\" \/>\n<meta name=\"author\" content=\"admin\" \/>\n<meta name=\"twitter:card\" content=\"summary_large_image\" \/>\n<meta name=\"twitter:label1\" content=\"Escrito por\" \/>\n\t<meta name=\"twitter:data1\" content=\"admin\" \/>\n\t<meta name=\"twitter:label2\" content=\"Tempo estimado de leitura\" \/>\n\t<meta name=\"twitter:data2\" content=\"1 minuto\" \/>\n<script type=\"application\/ld+json\" class=\"yoast-schema-graph\">{\"@context\":\"https:\\\/\\\/schema.org\",\"@graph\":[{\"@type\":\"Article\",\"@id\":\"https:\\\/\\\/encompaniastj.org\\\/pt-pt\\\/dia-de-santa-teresa-e-especial-dia-de-acao-de-gracas\\\/#article\",\"isPartOf\":{\"@id\":\"https:\\\/\\\/encompaniastj.org\\\/pt-pt\\\/dia-de-santa-teresa-e-especial-dia-de-acao-de-gracas\\\/\"},\"author\":{\"name\":\"admin\",\"@id\":\"https:\\\/\\\/encompaniastj.org\\\/pt-pt\\\/#\\\/schema\\\/person\\\/520e7ecc314793d40091993c2a02b651\"},\"headline\":\"Dia de Santa Teresa e especial dia de a\u00e7\u00e3o de gra\u00e7as\",\"datePublished\":\"2019-10-22T07:31:45+00:00\",\"dateModified\":\"2025-07-07T14:20:43+00:00\",\"mainEntityOfPage\":{\"@id\":\"https:\\\/\\\/encompaniastj.org\\\/pt-pt\\\/dia-de-santa-teresa-e-especial-dia-de-acao-de-gracas\\\/\"},\"wordCount\":206,\"commentCount\":0,\"publisher\":{\"@id\":\"https:\\\/\\\/encompaniastj.org\\\/pt-pt\\\/#organization\"},\"image\":{\"@id\":\"https:\\\/\\\/encompaniastj.org\\\/pt-pt\\\/dia-de-santa-teresa-e-especial-dia-de-acao-de-gracas\\\/#primaryimage\"},\"thumbnailUrl\":\"https:\\\/\\\/encompaniastj.org\\\/wp-content\\\/uploads\\\/2025\\\/05\\\/Hnas-casa-provincial.jpg\",\"articleSection\":[\"Noticias\",\"Otras\",\"Outras\",\"Sin categorizar\"],\"inLanguage\":\"pt-PT\",\"potentialAction\":[{\"@type\":\"CommentAction\",\"name\":\"Comment\",\"target\":[\"https:\\\/\\\/encompaniastj.org\\\/pt-pt\\\/dia-de-santa-teresa-e-especial-dia-de-acao-de-gracas\\\/#respond\"]}]},{\"@type\":\"WebPage\",\"@id\":\"https:\\\/\\\/encompaniastj.org\\\/pt-pt\\\/dia-de-santa-teresa-e-especial-dia-de-acao-de-gracas\\\/\",\"url\":\"https:\\\/\\\/encompaniastj.org\\\/pt-pt\\\/dia-de-santa-teresa-e-especial-dia-de-acao-de-gracas\\\/\",\"name\":\"Dia de Santa Teresa e especial dia de a\u00e7\u00e3o de gra\u00e7as - En Compa\u00f1\u00eda STJ\",\"isPartOf\":{\"@id\":\"https:\\\/\\\/encompaniastj.org\\\/pt-pt\\\/#website\"},\"primaryImageOfPage\":{\"@id\":\"https:\\\/\\\/encompaniastj.org\\\/pt-pt\\\/dia-de-santa-teresa-e-especial-dia-de-acao-de-gracas\\\/#primaryimage\"},\"image\":{\"@id\":\"https:\\\/\\\/encompaniastj.org\\\/pt-pt\\\/dia-de-santa-teresa-e-especial-dia-de-acao-de-gracas\\\/#primaryimage\"},\"thumbnailUrl\":\"https:\\\/\\\/encompaniastj.org\\\/wp-content\\\/uploads\\\/2025\\\/05\\\/Hnas-casa-provincial.jpg\",\"datePublished\":\"2019-10-22T07:31:45+00:00\",\"dateModified\":\"2025-07-07T14:20:43+00:00\",\"breadcrumb\":{\"@id\":\"https:\\\/\\\/encompaniastj.org\\\/pt-pt\\\/dia-de-santa-teresa-e-especial-dia-de-acao-de-gracas\\\/#breadcrumb\"},\"inLanguage\":\"pt-PT\",\"potentialAction\":[{\"@type\":\"ReadAction\",\"target\":[\"https:\\\/\\\/encompaniastj.org\\\/pt-pt\\\/dia-de-santa-teresa-e-especial-dia-de-acao-de-gracas\\\/\"]}]},{\"@type\":\"ImageObject\",\"inLanguage\":\"pt-PT\",\"@id\":\"https:\\\/\\\/encompaniastj.org\\\/pt-pt\\\/dia-de-santa-teresa-e-especial-dia-de-acao-de-gracas\\\/#primaryimage\",\"url\":\"https:\\\/\\\/encompaniastj.org\\\/wp-content\\\/uploads\\\/2025\\\/05\\\/Hnas-casa-provincial.jpg\",\"contentUrl\":\"https:\\\/\\\/encompaniastj.org\\\/wp-content\\\/uploads\\\/2025\\\/05\\\/Hnas-casa-provincial.jpg\",\"width\":1920,\"height\":1080},{\"@type\":\"BreadcrumbList\",\"@id\":\"https:\\\/\\\/encompaniastj.org\\\/pt-pt\\\/dia-de-santa-teresa-e-especial-dia-de-acao-de-gracas\\\/#breadcrumb\",\"itemListElement\":[{\"@type\":\"ListItem\",\"position\":1,\"name\":\"Portada\",\"item\":\"https:\\\/\\\/encompaniastj.org\\\/pt-pt\\\/\"},{\"@type\":\"ListItem\",\"position\":2,\"name\":\"Dia de Santa Teresa e especial dia de a\u00e7\u00e3o de gra\u00e7as\"}]},{\"@type\":\"WebSite\",\"@id\":\"https:\\\/\\\/encompaniastj.org\\\/pt-pt\\\/#website\",\"url\":\"https:\\\/\\\/encompaniastj.org\\\/pt-pt\\\/\",\"name\":\"En Compa\u00f1\u00eda STJ\",\"description\":\"Bolet\u00edn de la Compa\u00f1\u00eda de Santa Teresa de Jes\u00fas\",\"publisher\":{\"@id\":\"https:\\\/\\\/encompaniastj.org\\\/pt-pt\\\/#organization\"},\"potentialAction\":[{\"@type\":\"SearchAction\",\"target\":{\"@type\":\"EntryPoint\",\"urlTemplate\":\"https:\\\/\\\/encompaniastj.org\\\/pt-pt\\\/?s={search_term_string}\"},\"query-input\":{\"@type\":\"PropertyValueSpecification\",\"valueRequired\":true,\"valueName\":\"search_term_string\"}}],\"inLanguage\":\"pt-PT\"},{\"@type\":\"Organization\",\"@id\":\"https:\\\/\\\/encompaniastj.org\\\/pt-pt\\\/#organization\",\"name\":\"Compa\u00f1\u00eda de Santa Teresa de Jes\u00fas\",\"url\":\"https:\\\/\\\/encompaniastj.org\\\/pt-pt\\\/\",\"logo\":{\"@type\":\"ImageObject\",\"inLanguage\":\"pt-PT\",\"@id\":\"https:\\\/\\\/encompaniastj.org\\\/pt-pt\\\/#\\\/schema\\\/logo\\\/image\\\/\",\"url\":\"https:\\\/\\\/encompaniastj.org\\\/wp-content\\\/uploads\\\/2025\\\/04\\\/logo_provincias02-1-3.png\",\"contentUrl\":\"https:\\\/\\\/encompaniastj.org\\\/wp-content\\\/uploads\\\/2025\\\/04\\\/logo_provincias02-1-3.png\",\"width\":2368,\"height\":825,\"caption\":\"Compa\u00f1\u00eda de Santa Teresa de Jes\u00fas\"},\"image\":{\"@id\":\"https:\\\/\\\/encompaniastj.org\\\/pt-pt\\\/#\\\/schema\\\/logo\\\/image\\\/\"}},{\"@type\":\"Person\",\"@id\":\"https:\\\/\\\/encompaniastj.org\\\/pt-pt\\\/#\\\/schema\\\/person\\\/520e7ecc314793d40091993c2a02b651\",\"name\":\"admin\",\"image\":{\"@type\":\"ImageObject\",\"inLanguage\":\"pt-PT\",\"@id\":\"https:\\\/\\\/secure.gravatar.com\\\/avatar\\\/948b492cce32b586ac2db0eaa926ee87024f7afe218d73b397ea5ddfc5f43ea1?s=96&d=mm&r=g\",\"url\":\"https:\\\/\\\/secure.gravatar.com\\\/avatar\\\/948b492cce32b586ac2db0eaa926ee87024f7afe218d73b397ea5ddfc5f43ea1?s=96&d=mm&r=g\",\"contentUrl\":\"https:\\\/\\\/secure.gravatar.com\\\/avatar\\\/948b492cce32b586ac2db0eaa926ee87024f7afe218d73b397ea5ddfc5f43ea1?s=96&d=mm&r=g\",\"caption\":\"admin\"},\"sameAs\":[\"https:\\\/\\\/encompaniastj.org\"],\"url\":\"https:\\\/\\\/encompaniastj.org\\\/pt-pt\\\/author\\\/sjdigital\\\/\"}]}<\/script>\n<!-- \/ Yoast SEO plugin. -->","yoast_head_json":{"title":"Dia de Santa Teresa e especial dia de a\u00e7\u00e3o de gra\u00e7as - En Compa\u00f1\u00eda STJ","robots":{"index":"index","follow":"follow","max-snippet":"max-snippet:-1","max-image-preview":"max-image-preview:large","max-video-preview":"max-video-preview:-1"},"canonical":"https:\/\/encompaniastj.org\/pt-pt\/dia-de-santa-teresa-e-especial-dia-de-acao-de-gracas\/","og_locale":"pt_PT","og_type":"article","og_title":"Dia de Santa Teresa e especial dia de a\u00e7\u00e3o de gra\u00e7as - En Compa\u00f1\u00eda STJ","og_description":"Foi grande a festa do dia 15 na Casa Provincial Resid\u00eancia em Madrid! A solenidade da Santa Madre, como nas outras comunidades da Companhia, e as Bodas de diamante da [&hellip;]","og_url":"https:\/\/encompaniastj.org\/pt-pt\/dia-de-santa-teresa-e-especial-dia-de-acao-de-gracas\/","og_site_name":"En Compa\u00f1\u00eda STJ","article_published_time":"2019-10-22T07:31:45+00:00","article_modified_time":"2025-07-07T14:20:43+00:00","og_image":[{"width":1920,"height":1080,"url":"https:\/\/encompaniastj.org\/wp-content\/uploads\/2025\/05\/Hnas-casa-provincial.jpg","type":"image\/jpeg"}],"author":"admin","twitter_card":"summary_large_image","twitter_misc":{"Escrito por":"admin","Tempo estimado de leitura":"1 minuto"},"schema":{"@context":"https:\/\/schema.org","@graph":[{"@type":"Article","@id":"https:\/\/encompaniastj.org\/pt-pt\/dia-de-santa-teresa-e-especial-dia-de-acao-de-gracas\/#article","isPartOf":{"@id":"https:\/\/encompaniastj.org\/pt-pt\/dia-de-santa-teresa-e-especial-dia-de-acao-de-gracas\/"},"author":{"name":"admin","@id":"https:\/\/encompaniastj.org\/pt-pt\/#\/schema\/person\/520e7ecc314793d40091993c2a02b651"},"headline":"Dia de Santa Teresa e especial dia de a\u00e7\u00e3o de gra\u00e7as","datePublished":"2019-10-22T07:31:45+00:00","dateModified":"2025-07-07T14:20:43+00:00","mainEntityOfPage":{"@id":"https:\/\/encompaniastj.org\/pt-pt\/dia-de-santa-teresa-e-especial-dia-de-acao-de-gracas\/"},"wordCount":206,"commentCount":0,"publisher":{"@id":"https:\/\/encompaniastj.org\/pt-pt\/#organization"},"image":{"@id":"https:\/\/encompaniastj.org\/pt-pt\/dia-de-santa-teresa-e-especial-dia-de-acao-de-gracas\/#primaryimage"},"thumbnailUrl":"https:\/\/encompaniastj.org\/wp-content\/uploads\/2025\/05\/Hnas-casa-provincial.jpg","articleSection":["Noticias","Otras","Outras","Sin categorizar"],"inLanguage":"pt-PT","potentialAction":[{"@type":"CommentAction","name":"Comment","target":["https:\/\/encompaniastj.org\/pt-pt\/dia-de-santa-teresa-e-especial-dia-de-acao-de-gracas\/#respond"]}]},{"@type":"WebPage","@id":"https:\/\/encompaniastj.org\/pt-pt\/dia-de-santa-teresa-e-especial-dia-de-acao-de-gracas\/","url":"https:\/\/encompaniastj.org\/pt-pt\/dia-de-santa-teresa-e-especial-dia-de-acao-de-gracas\/","name":"Dia de Santa Teresa e especial dia de a\u00e7\u00e3o de gra\u00e7as - En Compa\u00f1\u00eda STJ","isPartOf":{"@id":"https:\/\/encompaniastj.org\/pt-pt\/#website"},"primaryImageOfPage":{"@id":"https:\/\/encompaniastj.org\/pt-pt\/dia-de-santa-teresa-e-especial-dia-de-acao-de-gracas\/#primaryimage"},"image":{"@id":"https:\/\/encompaniastj.org\/pt-pt\/dia-de-santa-teresa-e-especial-dia-de-acao-de-gracas\/#primaryimage"},"thumbnailUrl":"https:\/\/encompaniastj.org\/wp-content\/uploads\/2025\/05\/Hnas-casa-provincial.jpg","datePublished":"2019-10-22T07:31:45+00:00","dateModified":"2025-07-07T14:20:43+00:00","breadcrumb":{"@id":"https:\/\/encompaniastj.org\/pt-pt\/dia-de-santa-teresa-e-especial-dia-de-acao-de-gracas\/#breadcrumb"},"inLanguage":"pt-PT","potentialAction":[{"@type":"ReadAction","target":["https:\/\/encompaniastj.org\/pt-pt\/dia-de-santa-teresa-e-especial-dia-de-acao-de-gracas\/"]}]},{"@type":"ImageObject","inLanguage":"pt-PT","@id":"https:\/\/encompaniastj.org\/pt-pt\/dia-de-santa-teresa-e-especial-dia-de-acao-de-gracas\/#primaryimage","url":"https:\/\/encompaniastj.org\/wp-content\/uploads\/2025\/05\/Hnas-casa-provincial.jpg","contentUrl":"https:\/\/encompaniastj.org\/wp-content\/uploads\/2025\/05\/Hnas-casa-provincial.jpg","width":1920,"height":1080},{"@type":"BreadcrumbList","@id":"https:\/\/encompaniastj.org\/pt-pt\/dia-de-santa-teresa-e-especial-dia-de-acao-de-gracas\/#breadcrumb","itemListElement":[{"@type":"ListItem","position":1,"name":"Portada","item":"https:\/\/encompaniastj.org\/pt-pt\/"},{"@type":"ListItem","position":2,"name":"Dia de Santa Teresa e especial dia de a\u00e7\u00e3o de gra\u00e7as"}]},{"@type":"WebSite","@id":"https:\/\/encompaniastj.org\/pt-pt\/#website","url":"https:\/\/encompaniastj.org\/pt-pt\/","name":"En Compa\u00f1\u00eda STJ","description":"Bolet\u00edn de la Compa\u00f1\u00eda de Santa Teresa de Jes\u00fas","publisher":{"@id":"https:\/\/encompaniastj.org\/pt-pt\/#organization"},"potentialAction":[{"@type":"SearchAction","target":{"@type":"EntryPoint","urlTemplate":"https:\/\/encompaniastj.org\/pt-pt\/?s={search_term_string}"},"query-input":{"@type":"PropertyValueSpecification","valueRequired":true,"valueName":"search_term_string"}}],"inLanguage":"pt-PT"},{"@type":"Organization","@id":"https:\/\/encompaniastj.org\/pt-pt\/#organization","name":"Compa\u00f1\u00eda de Santa Teresa de Jes\u00fas","url":"https:\/\/encompaniastj.org\/pt-pt\/","logo":{"@type":"ImageObject","inLanguage":"pt-PT","@id":"https:\/\/encompaniastj.org\/pt-pt\/#\/schema\/logo\/image\/","url":"https:\/\/encompaniastj.org\/wp-content\/uploads\/2025\/04\/logo_provincias02-1-3.png","contentUrl":"https:\/\/encompaniastj.org\/wp-content\/uploads\/2025\/04\/logo_provincias02-1-3.png","width":2368,"height":825,"caption":"Compa\u00f1\u00eda de Santa Teresa de Jes\u00fas"},"image":{"@id":"https:\/\/encompaniastj.org\/pt-pt\/#\/schema\/logo\/image\/"}},{"@type":"Person","@id":"https:\/\/encompaniastj.org\/pt-pt\/#\/schema\/person\/520e7ecc314793d40091993c2a02b651","name":"admin","image":{"@type":"ImageObject","inLanguage":"pt-PT","@id":"https:\/\/secure.gravatar.com\/avatar\/948b492cce32b586ac2db0eaa926ee87024f7afe218d73b397ea5ddfc5f43ea1?s=96&d=mm&r=g","url":"https:\/\/secure.gravatar.com\/avatar\/948b492cce32b586ac2db0eaa926ee87024f7afe218d73b397ea5ddfc5f43ea1?s=96&d=mm&r=g","contentUrl":"https:\/\/secure.gravatar.com\/avatar\/948b492cce32b586ac2db0eaa926ee87024f7afe218d73b397ea5ddfc5f43ea1?s=96&d=mm&r=g","caption":"admin"},"sameAs":["https:\/\/encompaniastj.org"],"url":"https:\/\/encompaniastj.org\/pt-pt\/author\/sjdigital\/"}]}},"_links":{"self":[{"href":"https:\/\/encompaniastj.org\/pt-pt\/wp-json\/wp\/v2\/posts\/9782","targetHints":{"allow":["GET"]}}],"collection":[{"href":"https:\/\/encompaniastj.org\/pt-pt\/wp-json\/wp\/v2\/posts"}],"about":[{"href":"https:\/\/encompaniastj.org\/pt-pt\/wp-json\/wp\/v2\/types\/post"}],"author":[{"embeddable":true,"href":"https:\/\/encompaniastj.org\/pt-pt\/wp-json\/wp\/v2\/users\/1"}],"replies":[{"embeddable":true,"href":"https:\/\/encompaniastj.org\/pt-pt\/wp-json\/wp\/v2\/comments?post=9782"}],"version-history":[{"count":1,"href":"https:\/\/encompaniastj.org\/pt-pt\/wp-json\/wp\/v2\/posts\/9782\/revisions"}],"predecessor-version":[{"id":9783,"href":"https:\/\/encompaniastj.org\/pt-pt\/wp-json\/wp\/v2\/posts\/9782\/revisions\/9783"}],"wp:featuredmedia":[{"embeddable":true,"href":"https:\/\/encompaniastj.org\/pt-pt\/wp-json\/wp\/v2\/media\/7127"}],"wp:attachment":[{"href":"https:\/\/encompaniastj.org\/pt-pt\/wp-json\/wp\/v2\/media?parent=9782"}],"wp:term":[{"taxonomy":"category","embeddable":true,"href":"https:\/\/encompaniastj.org\/pt-pt\/wp-json\/wp\/v2\/categories?post=9782"},{"taxonomy":"post_tag","embeddable":true,"href":"https:\/\/encompaniastj.org\/pt-pt\/wp-json\/wp\/v2\/tags?post=9782"}],"curies":[{"name":"wp","href":"https:\/\/api.w.org\/{rel}","templated":true}]}}