{"id":9778,"date":"2019-10-22T09:08:38","date_gmt":"2019-10-22T07:08:38","guid":{"rendered":"https:\/\/encompaniastj.org\/num-mundo-ferido-uma-boa-noticia-jantar-dos-sentidos-e-dos-sentimentos\/"},"modified":"2025-07-07T16:20:42","modified_gmt":"2025-07-07T14:20:42","slug":"num-mundo-ferido-uma-boa-noticia-jantar-dos-sentidos-e-dos-sentimentos","status":"publish","type":"post","link":"https:\/\/encompaniastj.org\/pt-pt\/num-mundo-ferido-uma-boa-noticia-jantar-dos-sentidos-e-dos-sentimentos\/","title":{"rendered":"Num mundo ferido, uma boa not\u00edcia: jantar \u201cdos sentidos e dos sentimentos\u201d"},"content":{"rendered":"\n<p>Certamente haver\u00e1 muitas boas not\u00edcias, mas costumamos tornar p\u00fablicas s\u00f3 as m\u00e1s, falamos das desgra\u00e7as muito mais que das \"gra\u00e7as\". <\/p>\n\n<p>Hoje tenho uma grande ilus\u00e3o: apresentar uma boa not\u00edcia que passar\u00e1 desapercebida para a maioria dos meios, mas que pelo menos poder\u00e3o ler aqueles a quem lhes interessar este tipo de not\u00edcias e que para as irm\u00e3s, ser\u00e1 motivo de alegria. <\/p>\n\n<p>No Hospital de Campanha de Santa Ana (Barcelona) juntam-se muitos volunt\u00e1rios: uns que, com grande const\u00e2ncia prestam servi\u00e7o semanalmente desde h\u00e1 certo tempo, e outros que o fazem esporadicamente ou em momentos especiais.<\/p>\n\n<p>Mas, quando chega uma data determinada e se prop\u00f5e alguma iniciativa para conseguir dinheiro que resolva a falta de apoios econ\u00f3micos, produzem-se verdadeiros milagres de coordena\u00e7\u00e3o: \"uma cadeia de favores\".<\/p>\n\n<p>Realmente, quando uma s\u00e9rie de pessoas com um ideal comum se prop\u00f5e levar a termo uma obra a favor dos irm\u00e3os, surge um milagre, o milagre \"da multiplica\u00e7\u00e3o dos p\u00e3es e dos peixes\". E a cadeia de favores desencadeia uma explos\u00e3o de amor e de fraternidade. Isso \u00e9 o que vivemos no dia 26 de setembro de 2019.<\/p>\n\n<p>E queremos cont\u00e1-lo pela grande implica\u00e7\u00e3o que nele tivemos, as teresianas.<\/p>\n\n<p>Tudo come\u00e7ou quando M. Jos\u00e9 Conde, uma volunt\u00e1ria, experiente em unir for\u00e7as em favor dos mais desfavorecidos, nos sugeriu fazer um jantar solid\u00e1rio com implica\u00e7\u00e3o de muita gente. N\u00e3o se tratava, pois, do t\u00edpico jantar organizado \u00e0 base de um catering que preparasse tudo pagando um tanto para \"os pobres\". N\u00e3o, tratava-se de unir esfor\u00e7os e de p\u00f4r em a\u00e7\u00e3o essa cadeia de favores.<\/p>\n\n<p>Era necess\u00e1rio conseguir pessoas e empresas que estivessem dispostas a dar  o seu tempo, o seu material, os seus produtos  e o seu dinheiro para que o resultado da recolha fosse o melhor poss\u00edvel. \"Maxipan\" proporcionou uns p\u00e3es saloios que dava gosto v\u00ea-los e ainda mais com\u00ea-los. Eram imprescind\u00edveis para a \"prova\" de azeites como primeiro prato que levasse depois a votar nos paladares que os provassem. \"Olis Anglada\" e \"Olis Casas de Hueldo\" foram os patrocinadores. Havia azeites de Siurana, de Empurdan, de C\u00e1ceres, de C\u00f3rdoba e de Toledo.<\/p>\n\n<p>A \"prova\" resultou de uma grande atra\u00e7\u00e3o para os participantes que entre prova e prova tinham de dar uma mordidela a uma deliciosa ma\u00e7\u00e3 tamb\u00e9m trazida pelos volunt\u00e1rios, e ali preparada para tirar o gosto, entre os azeites.<\/p>\n\n<p>O prato principal foi uma oferta do Restaurante \"Els Ocellets\" que j\u00e1 colaborou noutras ocasi\u00f5es. Uma equipa de cozinheiros com uma chefe extraordin\u00e1ria, seguindo o desejo do dono do estabelecimento, cozinharam um rosbife delicioso com acompanhamento, para 200 convidados. <\/p>\n\n<p>A sobremesa foi obra de uma volunt\u00e1ria que preparou os duzentos pastelinhos individuais. <\/p>\n\n<p>At\u00e9 aqui a comida toda preparada com amor.<\/p>\n\n<p>Mas ainda havia mais para que fosse uma noite m\u00e1gica! Por isso o t\u00edtulo do encontro era este: <em>\"Jantar dos sentidos e dos sentimentos\".<\/em> Os sentidos - desde o primeiro momento - viam-se acariciados pela beleza do claustro adornado com luzes de cores para a ocasi\u00e3o por \"Natura Biss\u00e9\", e as mesas eram uns primor de est\u00e9tica e pormenores gra\u00e7as \u00e0s volunt\u00e1rias que as tinham preparado com as toalhas dadas por \"Ribas i Casals\". O barulho da fonte no meio do claustro deleitava os ouvidos. N\u00e3o faltava pormenor para que \"a noite dos sentidos\" fosse muito m\u00e1gica.<\/p>\n\n<p>Mas n\u00e3o acaba aqui a cadeia dos favores. E aqui chega entre outras coisas, a participa\u00e7\u00e3o TERESIANA, o contributo das irm\u00e3s que sempre estamos implicadas. Como pod\u00edamos conseguir empregados\/as para 200 convidados, e 20 grandes mesas? Custaria muito dinheiro \u2026 E a solu\u00e7\u00e3o encontr\u00e1mo-la num grupo de jovens estudantes do Secund\u00e1rio e do Ensino Superior dos teresianos de Ganduxer e Gracia.<\/p>\n\n<p>Jovens que jamais tinham feito um servi\u00e7o desse tipo mas que, atendendo \u00e0s indica\u00e7\u00f5es que lhes deram, agiram como verdadeiros profissionais. Juntando ao encanto da sua idade, todos vestidos de negro, e \u00e0 grande vontade de ajudar com um sorriso maravilhoso. Nunca ter\u00edamos podido imaginar que pud\u00e9ssemos contar nada menos que com 48 jovens! Dois por cada mesa! E n\u00e3o s\u00f3 servindo, mas tamb\u00e9m ficando at\u00e9 ao fim para arrumar. Parab\u00e9ns aos nossos jovens estudantes. Antes de irem embora disseram-nos que pod\u00edamos voltar a contar com eles e com elas.<\/p>\n\n<p>Foi dado a cada um\/a um diploma que reflectia a sua ajuda durante o jantar.  <\/p>\n\n<p>Era tamb\u00e9m a noite <em>\"dos sentimentos\".<\/em> N\u00e3o quer\u00edamos que fosse s\u00f3 uma obra solid\u00e1ria para juntar o dinheiro para o Hospital de Campanha, mas tamb\u00e9m, que fosse algo mais. Uns sentimentos necess\u00e1rios para chegar aos mais desfavorecidos, aos sem-abrigo que encontram ref\u00fagio numa igreja aberta a todos - em especial aos \"invis\u00edveis\"-. Sentimentos de empatia, compaix\u00e3o, miseric\u00f3rdia, fraternidade e justi\u00e7a, de AMOR.<\/p>\n\n<p>As palavras de Monsenhor Peio e de Victoria Molins orientaram-se para alimentar estes sentimentos. Victoria falou da sua experi\u00eancia no mundo dos sem-abrigo, do perfil dos acolhidos e das suas necessidades, das causas que os levaram a viver na rua \u2026, sem esquecer o novo perfil que vai mudando: os jovens que sa\u00edram das institui\u00e7\u00f5es sem recursos.<\/p>\n\n<p>Peio S\u00e1nchez explicou o trabalho de cada dia. A partir da ideia do Papa Francisco de converter algumas igrejas em \"Hospitais de campanha\" onde a gente pudesse encontrar a cura da alma e do corpo, falou dos come\u00e7os da obra e da sua evolu\u00e7\u00e3o devido \u00e0s mudan\u00e7as da sociedade e \u00e0 chegada massiva dos menores n\u00e3o acompanhados e dos ex- institucionalizados. <\/p>\n\n<p>Uma noite que foi poss\u00edvel gra\u00e7as \u00e0 capacidade humana de unir esfor\u00e7os. N\u00e3o \u00e9 isto uma boa not\u00edcia?  <\/p>\n\n<p>M. Victoria Molins, stj<\/p>\n\n<ul class=\"wp-block-gallery columns-3 is-cropped wp-block-gallery-1 is-layout-flex wp-block-gallery-is-layout-flex\">\n<li class=\"blocks-gallery-item\"><figure><a href=\"https:\/\/encompaniastj.org\/wp-content\/uploads\/2025\/05\/r-7.jpg\"><img decoding=\"async\" src=\"https:\/\/encompaniastj.org\/wp-content\/uploads\/2025\/05\/r-7.jpg\" alt=\"\" data-id=\"5286\" data-link=\"https:\/\/encompaniastj.org\/en-un-mundo-herido-una-buena-noticia-cena-de-los-sentidos-y-los-sentimientos\/r-7\/\" class=\"wp-image-5286\"><\/a><\/figure><\/li>\n<li class=\"blocks-gallery-item\"><figure><a href=\"https:\/\/encompaniastj.org\/wp-content\/uploads\/2025\/05\/r-6.jpg\"><img decoding=\"async\" src=\"https:\/\/encompaniastj.org\/wp-content\/uploads\/2025\/05\/r-6.jpg\" alt=\"\" data-id=\"5284\" data-link=\"https:\/\/encompaniastj.org\/en-un-mundo-herido-una-buena-noticia-cena-de-los-sentidos-y-los-sentimientos\/r-6\/\" class=\"wp-image-5284\"><\/a><\/figure><\/li>\n<li class=\"blocks-gallery-item\"><figure><a href=\"https:\/\/encompaniastj.org\/wp-content\/uploads\/2025\/05\/r-5.jpg\"><img decoding=\"async\" src=\"https:\/\/encompaniastj.org\/wp-content\/uploads\/2025\/05\/r-5.jpg\" alt=\"\" data-id=\"5282\" data-link=\"https:\/\/encompaniastj.org\/en-un-mundo-herido-una-buena-noticia-cena-de-los-sentidos-y-los-sentimientos\/r-5\/\" class=\"wp-image-5282\"><\/a><\/figure><\/li>\n<li class=\"blocks-gallery-item\"><figure><a href=\"https:\/\/encompaniastj.org\/wp-content\/uploads\/2025\/05\/r-3.jpg\"><img decoding=\"async\" src=\"https:\/\/encompaniastj.org\/wp-content\/uploads\/2025\/05\/r-3.jpg\" alt=\"\" data-id=\"5278\" data-link=\"https:\/\/encompaniastj.org\/en-un-mundo-herido-una-buena-noticia-cena-de-los-sentidos-y-los-sentimientos\/r-3\/\" class=\"wp-image-5278\"><\/a><\/figure><\/li>\n<li class=\"blocks-gallery-item\"><figure><a href=\"https:\/\/encompaniastj.org\/wp-content\/uploads\/2025\/05\/r-2.jpg\"><img decoding=\"async\" src=\"https:\/\/encompaniastj.org\/wp-content\/uploads\/2025\/05\/r-2.jpg\" alt=\"\" data-id=\"5276\" data-link=\"https:\/\/encompaniastj.org\/en-un-mundo-herido-una-buena-noticia-cena-de-los-sentidos-y-los-sentimientos\/r-2\/\" class=\"wp-image-5276\"><\/a><\/figure><\/li>\n<\/ul>","protected":false},"excerpt":{"rendered":"<p>Certamente haver\u00e1 muitas boas not\u00edcias, mas costumamos tornar p\u00fablicas s\u00f3 as m\u00e1s, falamos das desgra\u00e7as muito mais que das &#8220;gra\u00e7as&#8221;. Hoje tenho uma grande ilus\u00e3o: apresentar uma boa not\u00edcia que [&hellip;]<\/p>\n","protected":false},"author":1,"featured_media":7125,"comment_status":"open","ping_status":"open","sticky":false,"template":"","format":"standard","meta":{"_acf_changed":false,"footnotes":""},"categories":[76,74,61],"tags":[],"class_list":["post-9778","post","type-post","status-publish","format-standard","has-post-thumbnail","hentry","category-acao-social","category-accion-social","category-noticias"],"acf":[],"yoast_head":"<!-- This site is optimized with the Yoast SEO plugin v27.5 - https:\/\/yoast.com\/product\/yoast-seo-wordpress\/ -->\n<title>Num mundo ferido, uma boa not\u00edcia: jantar \u201cdos sentidos e dos sentimentos\u201d - En Compa\u00f1\u00eda STJ<\/title>\n<meta name=\"robots\" content=\"index, follow, max-snippet:-1, max-image-preview:large, max-video-preview:-1\" \/>\n<link rel=\"canonical\" href=\"https:\/\/encompaniastj.org\/pt-pt\/num-mundo-ferido-uma-boa-noticia-jantar-dos-sentidos-e-dos-sentimentos\/\" \/>\n<meta property=\"og:locale\" content=\"pt_PT\" \/>\n<meta property=\"og:type\" content=\"article\" \/>\n<meta property=\"og:title\" content=\"Num mundo ferido, uma boa not\u00edcia: jantar \u201cdos sentidos e dos sentimentos\u201d - En Compa\u00f1\u00eda STJ\" \/>\n<meta property=\"og:description\" content=\"Certamente haver\u00e1 muitas boas not\u00edcias, mas costumamos tornar p\u00fablicas s\u00f3 as m\u00e1s, falamos das desgra\u00e7as muito mais que das &#8220;gra\u00e7as&#8221;. Hoje tenho uma grande ilus\u00e3o: apresentar uma boa not\u00edcia que [&hellip;]\" \/>\n<meta property=\"og:url\" content=\"https:\/\/encompaniastj.org\/pt-pt\/num-mundo-ferido-uma-boa-noticia-jantar-dos-sentidos-e-dos-sentimentos\/\" \/>\n<meta property=\"og:site_name\" content=\"En Compa\u00f1\u00eda STJ\" \/>\n<meta property=\"article:published_time\" content=\"2019-10-22T07:08:38+00:00\" \/>\n<meta property=\"article:modified_time\" content=\"2025-07-07T14:20:42+00:00\" \/>\n<meta property=\"og:image\" content=\"https:\/\/encompaniastj.org\/wp-content\/uploads\/2025\/05\/r-1.jpg\" \/>\n\t<meta property=\"og:image:width\" content=\"964\" \/>\n\t<meta property=\"og:image:height\" content=\"542\" \/>\n\t<meta property=\"og:image:type\" content=\"image\/jpeg\" \/>\n<meta name=\"author\" content=\"admin\" \/>\n<meta name=\"twitter:card\" content=\"summary_large_image\" \/>\n<meta name=\"twitter:label1\" content=\"Escrito por\" \/>\n\t<meta name=\"twitter:data1\" content=\"admin\" \/>\n\t<meta name=\"twitter:label2\" content=\"Tempo estimado de leitura\" \/>\n\t<meta name=\"twitter:data2\" content=\"5 minutos\" \/>\n<script type=\"application\/ld+json\" class=\"yoast-schema-graph\">{\"@context\":\"https:\\\/\\\/schema.org\",\"@graph\":[{\"@type\":\"Article\",\"@id\":\"https:\\\/\\\/encompaniastj.org\\\/pt-pt\\\/num-mundo-ferido-uma-boa-noticia-jantar-dos-sentidos-e-dos-sentimentos\\\/#article\",\"isPartOf\":{\"@id\":\"https:\\\/\\\/encompaniastj.org\\\/pt-pt\\\/num-mundo-ferido-uma-boa-noticia-jantar-dos-sentidos-e-dos-sentimentos\\\/\"},\"author\":{\"name\":\"admin\",\"@id\":\"https:\\\/\\\/encompaniastj.org\\\/pt-pt\\\/#\\\/schema\\\/person\\\/520e7ecc314793d40091993c2a02b651\"},\"headline\":\"Num mundo ferido, uma boa not\u00edcia: jantar \u201cdos sentidos e dos sentimentos\u201d\",\"datePublished\":\"2019-10-22T07:08:38+00:00\",\"dateModified\":\"2025-07-07T14:20:42+00:00\",\"mainEntityOfPage\":{\"@id\":\"https:\\\/\\\/encompaniastj.org\\\/pt-pt\\\/num-mundo-ferido-uma-boa-noticia-jantar-dos-sentidos-e-dos-sentimentos\\\/\"},\"wordCount\":1008,\"commentCount\":0,\"publisher\":{\"@id\":\"https:\\\/\\\/encompaniastj.org\\\/pt-pt\\\/#organization\"},\"image\":{\"@id\":\"https:\\\/\\\/encompaniastj.org\\\/pt-pt\\\/num-mundo-ferido-uma-boa-noticia-jantar-dos-sentidos-e-dos-sentimentos\\\/#primaryimage\"},\"thumbnailUrl\":\"https:\\\/\\\/encompaniastj.org\\\/wp-content\\\/uploads\\\/2025\\\/05\\\/r-1.jpg\",\"articleSection\":[\"A\u00e7\u00e3o Social\",\"Acci\u00f3n Social\",\"Noticias\"],\"inLanguage\":\"pt-PT\",\"potentialAction\":[{\"@type\":\"CommentAction\",\"name\":\"Comment\",\"target\":[\"https:\\\/\\\/encompaniastj.org\\\/pt-pt\\\/num-mundo-ferido-uma-boa-noticia-jantar-dos-sentidos-e-dos-sentimentos\\\/#respond\"]}]},{\"@type\":\"WebPage\",\"@id\":\"https:\\\/\\\/encompaniastj.org\\\/pt-pt\\\/num-mundo-ferido-uma-boa-noticia-jantar-dos-sentidos-e-dos-sentimentos\\\/\",\"url\":\"https:\\\/\\\/encompaniastj.org\\\/pt-pt\\\/num-mundo-ferido-uma-boa-noticia-jantar-dos-sentidos-e-dos-sentimentos\\\/\",\"name\":\"Num mundo ferido, uma boa not\u00edcia: jantar \u201cdos sentidos e dos sentimentos\u201d - En Compa\u00f1\u00eda STJ\",\"isPartOf\":{\"@id\":\"https:\\\/\\\/encompaniastj.org\\\/pt-pt\\\/#website\"},\"primaryImageOfPage\":{\"@id\":\"https:\\\/\\\/encompaniastj.org\\\/pt-pt\\\/num-mundo-ferido-uma-boa-noticia-jantar-dos-sentidos-e-dos-sentimentos\\\/#primaryimage\"},\"image\":{\"@id\":\"https:\\\/\\\/encompaniastj.org\\\/pt-pt\\\/num-mundo-ferido-uma-boa-noticia-jantar-dos-sentidos-e-dos-sentimentos\\\/#primaryimage\"},\"thumbnailUrl\":\"https:\\\/\\\/encompaniastj.org\\\/wp-content\\\/uploads\\\/2025\\\/05\\\/r-1.jpg\",\"datePublished\":\"2019-10-22T07:08:38+00:00\",\"dateModified\":\"2025-07-07T14:20:42+00:00\",\"breadcrumb\":{\"@id\":\"https:\\\/\\\/encompaniastj.org\\\/pt-pt\\\/num-mundo-ferido-uma-boa-noticia-jantar-dos-sentidos-e-dos-sentimentos\\\/#breadcrumb\"},\"inLanguage\":\"pt-PT\",\"potentialAction\":[{\"@type\":\"ReadAction\",\"target\":[\"https:\\\/\\\/encompaniastj.org\\\/pt-pt\\\/num-mundo-ferido-uma-boa-noticia-jantar-dos-sentidos-e-dos-sentimentos\\\/\"]}]},{\"@type\":\"ImageObject\",\"inLanguage\":\"pt-PT\",\"@id\":\"https:\\\/\\\/encompaniastj.org\\\/pt-pt\\\/num-mundo-ferido-uma-boa-noticia-jantar-dos-sentidos-e-dos-sentimentos\\\/#primaryimage\",\"url\":\"https:\\\/\\\/encompaniastj.org\\\/wp-content\\\/uploads\\\/2025\\\/05\\\/r-1.jpg\",\"contentUrl\":\"https:\\\/\\\/encompaniastj.org\\\/wp-content\\\/uploads\\\/2025\\\/05\\\/r-1.jpg\",\"width\":964,\"height\":542},{\"@type\":\"BreadcrumbList\",\"@id\":\"https:\\\/\\\/encompaniastj.org\\\/pt-pt\\\/num-mundo-ferido-uma-boa-noticia-jantar-dos-sentidos-e-dos-sentimentos\\\/#breadcrumb\",\"itemListElement\":[{\"@type\":\"ListItem\",\"position\":1,\"name\":\"Portada\",\"item\":\"https:\\\/\\\/encompaniastj.org\\\/pt-pt\\\/\"},{\"@type\":\"ListItem\",\"position\":2,\"name\":\"Num mundo ferido, uma boa not\u00edcia: jantar \u201cdos sentidos e dos sentimentos\u201d\"}]},{\"@type\":\"WebSite\",\"@id\":\"https:\\\/\\\/encompaniastj.org\\\/pt-pt\\\/#website\",\"url\":\"https:\\\/\\\/encompaniastj.org\\\/pt-pt\\\/\",\"name\":\"En Compa\u00f1\u00eda STJ\",\"description\":\"Bolet\u00edn de la Compa\u00f1\u00eda de Santa Teresa de Jes\u00fas\",\"publisher\":{\"@id\":\"https:\\\/\\\/encompaniastj.org\\\/pt-pt\\\/#organization\"},\"potentialAction\":[{\"@type\":\"SearchAction\",\"target\":{\"@type\":\"EntryPoint\",\"urlTemplate\":\"https:\\\/\\\/encompaniastj.org\\\/pt-pt\\\/?s={search_term_string}\"},\"query-input\":{\"@type\":\"PropertyValueSpecification\",\"valueRequired\":true,\"valueName\":\"search_term_string\"}}],\"inLanguage\":\"pt-PT\"},{\"@type\":\"Organization\",\"@id\":\"https:\\\/\\\/encompaniastj.org\\\/pt-pt\\\/#organization\",\"name\":\"Compa\u00f1\u00eda de Santa Teresa de Jes\u00fas\",\"url\":\"https:\\\/\\\/encompaniastj.org\\\/pt-pt\\\/\",\"logo\":{\"@type\":\"ImageObject\",\"inLanguage\":\"pt-PT\",\"@id\":\"https:\\\/\\\/encompaniastj.org\\\/pt-pt\\\/#\\\/schema\\\/logo\\\/image\\\/\",\"url\":\"https:\\\/\\\/encompaniastj.org\\\/wp-content\\\/uploads\\\/2025\\\/04\\\/logo_provincias02-1-3.png\",\"contentUrl\":\"https:\\\/\\\/encompaniastj.org\\\/wp-content\\\/uploads\\\/2025\\\/04\\\/logo_provincias02-1-3.png\",\"width\":2368,\"height\":825,\"caption\":\"Compa\u00f1\u00eda de Santa Teresa de Jes\u00fas\"},\"image\":{\"@id\":\"https:\\\/\\\/encompaniastj.org\\\/pt-pt\\\/#\\\/schema\\\/logo\\\/image\\\/\"}},{\"@type\":\"Person\",\"@id\":\"https:\\\/\\\/encompaniastj.org\\\/pt-pt\\\/#\\\/schema\\\/person\\\/520e7ecc314793d40091993c2a02b651\",\"name\":\"admin\",\"image\":{\"@type\":\"ImageObject\",\"inLanguage\":\"pt-PT\",\"@id\":\"https:\\\/\\\/secure.gravatar.com\\\/avatar\\\/948b492cce32b586ac2db0eaa926ee87024f7afe218d73b397ea5ddfc5f43ea1?s=96&d=mm&r=g\",\"url\":\"https:\\\/\\\/secure.gravatar.com\\\/avatar\\\/948b492cce32b586ac2db0eaa926ee87024f7afe218d73b397ea5ddfc5f43ea1?s=96&d=mm&r=g\",\"contentUrl\":\"https:\\\/\\\/secure.gravatar.com\\\/avatar\\\/948b492cce32b586ac2db0eaa926ee87024f7afe218d73b397ea5ddfc5f43ea1?s=96&d=mm&r=g\",\"caption\":\"admin\"},\"sameAs\":[\"https:\\\/\\\/encompaniastj.org\"],\"url\":\"https:\\\/\\\/encompaniastj.org\\\/pt-pt\\\/author\\\/sjdigital\\\/\"}]}<\/script>\n<!-- \/ Yoast SEO plugin. -->","yoast_head_json":{"title":"Num mundo ferido, uma boa not\u00edcia: jantar \u201cdos sentidos e dos sentimentos\u201d - En Compa\u00f1\u00eda STJ","robots":{"index":"index","follow":"follow","max-snippet":"max-snippet:-1","max-image-preview":"max-image-preview:large","max-video-preview":"max-video-preview:-1"},"canonical":"https:\/\/encompaniastj.org\/pt-pt\/num-mundo-ferido-uma-boa-noticia-jantar-dos-sentidos-e-dos-sentimentos\/","og_locale":"pt_PT","og_type":"article","og_title":"Num mundo ferido, uma boa not\u00edcia: jantar \u201cdos sentidos e dos sentimentos\u201d - En Compa\u00f1\u00eda STJ","og_description":"Certamente haver\u00e1 muitas boas not\u00edcias, mas costumamos tornar p\u00fablicas s\u00f3 as m\u00e1s, falamos das desgra\u00e7as muito mais que das &#8220;gra\u00e7as&#8221;. Hoje tenho uma grande ilus\u00e3o: apresentar uma boa not\u00edcia que [&hellip;]","og_url":"https:\/\/encompaniastj.org\/pt-pt\/num-mundo-ferido-uma-boa-noticia-jantar-dos-sentidos-e-dos-sentimentos\/","og_site_name":"En Compa\u00f1\u00eda STJ","article_published_time":"2019-10-22T07:08:38+00:00","article_modified_time":"2025-07-07T14:20:42+00:00","og_image":[{"width":964,"height":542,"url":"https:\/\/encompaniastj.org\/wp-content\/uploads\/2025\/05\/r-1.jpg","type":"image\/jpeg"}],"author":"admin","twitter_card":"summary_large_image","twitter_misc":{"Escrito por":"admin","Tempo estimado de leitura":"5 minutos"},"schema":{"@context":"https:\/\/schema.org","@graph":[{"@type":"Article","@id":"https:\/\/encompaniastj.org\/pt-pt\/num-mundo-ferido-uma-boa-noticia-jantar-dos-sentidos-e-dos-sentimentos\/#article","isPartOf":{"@id":"https:\/\/encompaniastj.org\/pt-pt\/num-mundo-ferido-uma-boa-noticia-jantar-dos-sentidos-e-dos-sentimentos\/"},"author":{"name":"admin","@id":"https:\/\/encompaniastj.org\/pt-pt\/#\/schema\/person\/520e7ecc314793d40091993c2a02b651"},"headline":"Num mundo ferido, uma boa not\u00edcia: jantar \u201cdos sentidos e dos sentimentos\u201d","datePublished":"2019-10-22T07:08:38+00:00","dateModified":"2025-07-07T14:20:42+00:00","mainEntityOfPage":{"@id":"https:\/\/encompaniastj.org\/pt-pt\/num-mundo-ferido-uma-boa-noticia-jantar-dos-sentidos-e-dos-sentimentos\/"},"wordCount":1008,"commentCount":0,"publisher":{"@id":"https:\/\/encompaniastj.org\/pt-pt\/#organization"},"image":{"@id":"https:\/\/encompaniastj.org\/pt-pt\/num-mundo-ferido-uma-boa-noticia-jantar-dos-sentidos-e-dos-sentimentos\/#primaryimage"},"thumbnailUrl":"https:\/\/encompaniastj.org\/wp-content\/uploads\/2025\/05\/r-1.jpg","articleSection":["A\u00e7\u00e3o Social","Acci\u00f3n Social","Noticias"],"inLanguage":"pt-PT","potentialAction":[{"@type":"CommentAction","name":"Comment","target":["https:\/\/encompaniastj.org\/pt-pt\/num-mundo-ferido-uma-boa-noticia-jantar-dos-sentidos-e-dos-sentimentos\/#respond"]}]},{"@type":"WebPage","@id":"https:\/\/encompaniastj.org\/pt-pt\/num-mundo-ferido-uma-boa-noticia-jantar-dos-sentidos-e-dos-sentimentos\/","url":"https:\/\/encompaniastj.org\/pt-pt\/num-mundo-ferido-uma-boa-noticia-jantar-dos-sentidos-e-dos-sentimentos\/","name":"Num mundo ferido, uma boa not\u00edcia: jantar \u201cdos sentidos e dos sentimentos\u201d - En Compa\u00f1\u00eda STJ","isPartOf":{"@id":"https:\/\/encompaniastj.org\/pt-pt\/#website"},"primaryImageOfPage":{"@id":"https:\/\/encompaniastj.org\/pt-pt\/num-mundo-ferido-uma-boa-noticia-jantar-dos-sentidos-e-dos-sentimentos\/#primaryimage"},"image":{"@id":"https:\/\/encompaniastj.org\/pt-pt\/num-mundo-ferido-uma-boa-noticia-jantar-dos-sentidos-e-dos-sentimentos\/#primaryimage"},"thumbnailUrl":"https:\/\/encompaniastj.org\/wp-content\/uploads\/2025\/05\/r-1.jpg","datePublished":"2019-10-22T07:08:38+00:00","dateModified":"2025-07-07T14:20:42+00:00","breadcrumb":{"@id":"https:\/\/encompaniastj.org\/pt-pt\/num-mundo-ferido-uma-boa-noticia-jantar-dos-sentidos-e-dos-sentimentos\/#breadcrumb"},"inLanguage":"pt-PT","potentialAction":[{"@type":"ReadAction","target":["https:\/\/encompaniastj.org\/pt-pt\/num-mundo-ferido-uma-boa-noticia-jantar-dos-sentidos-e-dos-sentimentos\/"]}]},{"@type":"ImageObject","inLanguage":"pt-PT","@id":"https:\/\/encompaniastj.org\/pt-pt\/num-mundo-ferido-uma-boa-noticia-jantar-dos-sentidos-e-dos-sentimentos\/#primaryimage","url":"https:\/\/encompaniastj.org\/wp-content\/uploads\/2025\/05\/r-1.jpg","contentUrl":"https:\/\/encompaniastj.org\/wp-content\/uploads\/2025\/05\/r-1.jpg","width":964,"height":542},{"@type":"BreadcrumbList","@id":"https:\/\/encompaniastj.org\/pt-pt\/num-mundo-ferido-uma-boa-noticia-jantar-dos-sentidos-e-dos-sentimentos\/#breadcrumb","itemListElement":[{"@type":"ListItem","position":1,"name":"Portada","item":"https:\/\/encompaniastj.org\/pt-pt\/"},{"@type":"ListItem","position":2,"name":"Num mundo ferido, uma boa not\u00edcia: jantar \u201cdos sentidos e dos sentimentos\u201d"}]},{"@type":"WebSite","@id":"https:\/\/encompaniastj.org\/pt-pt\/#website","url":"https:\/\/encompaniastj.org\/pt-pt\/","name":"En Compa\u00f1\u00eda STJ","description":"Bolet\u00edn de la Compa\u00f1\u00eda de Santa Teresa de Jes\u00fas","publisher":{"@id":"https:\/\/encompaniastj.org\/pt-pt\/#organization"},"potentialAction":[{"@type":"SearchAction","target":{"@type":"EntryPoint","urlTemplate":"https:\/\/encompaniastj.org\/pt-pt\/?s={search_term_string}"},"query-input":{"@type":"PropertyValueSpecification","valueRequired":true,"valueName":"search_term_string"}}],"inLanguage":"pt-PT"},{"@type":"Organization","@id":"https:\/\/encompaniastj.org\/pt-pt\/#organization","name":"Compa\u00f1\u00eda de Santa Teresa de Jes\u00fas","url":"https:\/\/encompaniastj.org\/pt-pt\/","logo":{"@type":"ImageObject","inLanguage":"pt-PT","@id":"https:\/\/encompaniastj.org\/pt-pt\/#\/schema\/logo\/image\/","url":"https:\/\/encompaniastj.org\/wp-content\/uploads\/2025\/04\/logo_provincias02-1-3.png","contentUrl":"https:\/\/encompaniastj.org\/wp-content\/uploads\/2025\/04\/logo_provincias02-1-3.png","width":2368,"height":825,"caption":"Compa\u00f1\u00eda de Santa Teresa de Jes\u00fas"},"image":{"@id":"https:\/\/encompaniastj.org\/pt-pt\/#\/schema\/logo\/image\/"}},{"@type":"Person","@id":"https:\/\/encompaniastj.org\/pt-pt\/#\/schema\/person\/520e7ecc314793d40091993c2a02b651","name":"admin","image":{"@type":"ImageObject","inLanguage":"pt-PT","@id":"https:\/\/secure.gravatar.com\/avatar\/948b492cce32b586ac2db0eaa926ee87024f7afe218d73b397ea5ddfc5f43ea1?s=96&d=mm&r=g","url":"https:\/\/secure.gravatar.com\/avatar\/948b492cce32b586ac2db0eaa926ee87024f7afe218d73b397ea5ddfc5f43ea1?s=96&d=mm&r=g","contentUrl":"https:\/\/secure.gravatar.com\/avatar\/948b492cce32b586ac2db0eaa926ee87024f7afe218d73b397ea5ddfc5f43ea1?s=96&d=mm&r=g","caption":"admin"},"sameAs":["https:\/\/encompaniastj.org"],"url":"https:\/\/encompaniastj.org\/pt-pt\/author\/sjdigital\/"}]}},"_links":{"self":[{"href":"https:\/\/encompaniastj.org\/pt-pt\/wp-json\/wp\/v2\/posts\/9778","targetHints":{"allow":["GET"]}}],"collection":[{"href":"https:\/\/encompaniastj.org\/pt-pt\/wp-json\/wp\/v2\/posts"}],"about":[{"href":"https:\/\/encompaniastj.org\/pt-pt\/wp-json\/wp\/v2\/types\/post"}],"author":[{"embeddable":true,"href":"https:\/\/encompaniastj.org\/pt-pt\/wp-json\/wp\/v2\/users\/1"}],"replies":[{"embeddable":true,"href":"https:\/\/encompaniastj.org\/pt-pt\/wp-json\/wp\/v2\/comments?post=9778"}],"version-history":[{"count":1,"href":"https:\/\/encompaniastj.org\/pt-pt\/wp-json\/wp\/v2\/posts\/9778\/revisions"}],"predecessor-version":[{"id":9779,"href":"https:\/\/encompaniastj.org\/pt-pt\/wp-json\/wp\/v2\/posts\/9778\/revisions\/9779"}],"wp:featuredmedia":[{"embeddable":true,"href":"https:\/\/encompaniastj.org\/pt-pt\/wp-json\/wp\/v2\/media\/7125"}],"wp:attachment":[{"href":"https:\/\/encompaniastj.org\/pt-pt\/wp-json\/wp\/v2\/media?parent=9778"}],"wp:term":[{"taxonomy":"category","embeddable":true,"href":"https:\/\/encompaniastj.org\/pt-pt\/wp-json\/wp\/v2\/categories?post=9778"},{"taxonomy":"post_tag","embeddable":true,"href":"https:\/\/encompaniastj.org\/pt-pt\/wp-json\/wp\/v2\/tags?post=9778"}],"curies":[{"name":"wp","href":"https:\/\/api.w.org\/{rel}","templated":true}]}}