{"id":9774,"date":"2019-10-21T13:47:06","date_gmt":"2019-10-21T11:47:06","guid":{"rendered":"https:\/\/encompaniastj.org\/comunidade-madrid-san-cirstobao\/"},"modified":"2025-07-07T16:20:42","modified_gmt":"2025-07-07T14:20:42","slug":"comunidade-madrid-san-cirstobao","status":"publish","type":"post","link":"https:\/\/encompaniastj.org\/pt-pt\/comunidade-madrid-san-cirstobao\/","title":{"rendered":"Comunidade Madrid - San Cirst\u00f3b\u00e3o"},"content":{"rendered":"\n<p>Ao ler este pequeno artigo da nossa Comunidade, convidamos-vos a ter como m\u00fasica de fundo: \u201cEste lugar \u00e9 terra sagrada, este lugar \u00e9 terra de encontro\u2026\u201d e por isso \u00e9 terra de Deus.<\/p>\n\n<p>Vivemos em S. Crist\u00f3v\u00e3o, um bairro situado na zona de Villaverde ao sul de Madrid. A nossa comunidade \u00e9 formada por Upe, Chus, Aquilina e C\u00e1rmen. Fomos convocadas por Jesus a viver aqui e agora, nesta realidade, com muitos desafios e muitas oportunidades. Temos a possibilidade de descobrir Jesus e v\u00ea-lo presente nas pessoas, diferentes nas suas cren\u00e7as, nas suas culturas, costumes e na sua forma de estar.<\/p>\n\n<p>Upe forma parte da equipa Provincial como respons\u00e1vel da forma\u00e7\u00e3o, o que lhe implica dedicar tempo, esfor\u00e7o e desloca\u00e7\u00f5es que compensa com as suas idas e vindas \u00e0 Comunidade.\n<\/p>\n\n<p>Chus traz-nos as inquieta\u00e7\u00f5es, dificuldades e possibilidades inerentes ao Col\u00e9gio de Puebla, uma presen\u00e7a com tantos anos de vida e tanta vida doada j\u00e1 desde o tempo do nosso Padre. <\/p>\n\n<p>Aquilina e C\u00e1rmen vivem cada dia, na aten\u00e7\u00e3o ao bairro. Cada manh\u00e3, participam, na Eucaristia com a gente simples. Participam em diversos projetos: Educa\u00e7\u00e3o e Cultura, C\u00e1ritas, que coincide com o que nosso Padre queria: ajudar na forma\u00e7\u00e3o e cuidado das mulheres e crian\u00e7as na aprendizagem escolar. <\/p>\n\n<p>A ora\u00e7\u00e3o da tarde \u00e9 um espa\u00e7o importante para n\u00f3s, \u00e9 a ora\u00e7\u00e3o e o encontro com Jesus. Tudo serve para dar gra\u00e7as. Nas sextas-feiras pela tarde abrimos a nossa casa a um grupo de mulheres simples com quem partilhamos o nosso carisma de ora\u00e7\u00e3o.<\/p>\n\n<p>Participamos na Catequese da 1\u00aa Comunh\u00e3o e da Confirma\u00e7\u00e3o. Nos domingos, as quatro procuramos ir juntas \u00e0 missa que animamos e colaboramos com a liturgia. <\/p>\n\n<p>Sentimos que a nossa presen\u00e7a como comunidade teresiana no bairro, \u00e9 apreciada e valorizada. A nossa rela\u00e7\u00e3o com os sacerdotes \u00e9 muito boa e juntos buscamos como dar resposta \u00e0s necessidades e desafios que descobrimos nesta realidade. <\/p>\n\n<p>Aqui, temos uma palavra que dizer e um gesto a realizar: <strong>tornar Jesus e o seu Reino presentes, com a nossa vida.<\/strong><\/p>\n\n<ul class=\"wp-block-gallery columns-2 is-cropped wp-block-gallery-1 is-layout-flex wp-block-gallery-is-layout-flex\">\n<li class=\"blocks-gallery-item\"><figure><a href=\"https:\/\/encompaniastj.org\/wp-content\/uploads\/2025\/05\/r-2-San-Cristobal.jpg\"><img decoding=\"async\" src=\"https:\/\/encompaniastj.org\/wp-content\/uploads\/2025\/05\/r-2-San-Cristobal.jpg\" alt=\"\" data-id=\"5258\" data-link=\"https:\/\/encompaniastj.org\/?attachment_id=5258\" class=\"wp-image-5258\"><\/a><\/figure><\/li>\n<li class=\"blocks-gallery-item\"><figure><a href=\"https:\/\/encompaniastj.org\/wp-content\/uploads\/2025\/05\/r-3-San-Cristobal.jpg\"><img decoding=\"async\" src=\"https:\/\/encompaniastj.org\/wp-content\/uploads\/2025\/05\/r-3-San-Cristobal.jpg\" alt=\"\" data-id=\"5260\" data-link=\"https:\/\/encompaniastj.org\/?attachment_id=5260\" class=\"wp-image-5260\"><\/a><\/figure><\/li>\n<li class=\"blocks-gallery-item\"><figure><a href=\"https:\/\/encompaniastj.org\/wp-content\/uploads\/2025\/05\/r-4-San-Cristobal.jpg\"><img decoding=\"async\" src=\"https:\/\/encompaniastj.org\/wp-content\/uploads\/2025\/05\/r-4-San-Cristobal.jpg\" alt=\"\" data-id=\"5262\" data-link=\"https:\/\/encompaniastj.org\/?attachment_id=5262\" class=\"wp-image-5262\"><\/a><\/figure><\/li>\n<li class=\"blocks-gallery-item\"><figure><a href=\"https:\/\/encompaniastj.org\/wp-content\/uploads\/2025\/05\/r-1-San-Cristobal.jpg\"><img decoding=\"async\" src=\"https:\/\/encompaniastj.org\/wp-content\/uploads\/2025\/05\/r-1-San-Cristobal.jpg\" alt=\"\" data-id=\"5256\" data-link=\"https:\/\/encompaniastj.org\/?attachment_id=5256\" class=\"wp-image-5256\"><\/a><\/figure><\/li>\n<\/ul>","protected":false},"excerpt":{"rendered":"<p>Ao ler este pequeno artigo da nossa Comunidade, convidamos-vos a ter como m\u00fasica de fundo: \u201cEste lugar \u00e9 terra sagrada, este lugar \u00e9 terra de encontro\u2026\u201d e por isso \u00e9 [&hellip;]<\/p>\n","protected":false},"author":1,"featured_media":7117,"comment_status":"open","ping_status":"open","sticky":false,"template":"","format":"standard","meta":{"_acf_changed":false,"footnotes":""},"categories":[65,67,66,59],"tags":[],"class_list":["post-9774","post","type-post","status-publish","format-standard","has-post-thumbnail","hentry","category-comunidades","category-comunidades-conhecemo-nos","category-conhecemo-nos","category-nos-conocemos"],"acf":[],"yoast_head":"<!-- This site is optimized with the Yoast SEO plugin v27.5 - https:\/\/yoast.com\/product\/yoast-seo-wordpress\/ -->\n<title>Comunidade Madrid - San Cirst\u00f3b\u00e3o - En Compa\u00f1\u00eda STJ<\/title>\n<meta name=\"robots\" content=\"index, follow, max-snippet:-1, max-image-preview:large, max-video-preview:-1\" \/>\n<link rel=\"canonical\" href=\"https:\/\/encompaniastj.org\/pt-pt\/comunidade-madrid-san-cirstobao\/\" \/>\n<meta property=\"og:locale\" content=\"pt_PT\" \/>\n<meta property=\"og:type\" content=\"article\" \/>\n<meta property=\"og:title\" content=\"Comunidade Madrid - San Cirst\u00f3b\u00e3o - En Compa\u00f1\u00eda STJ\" \/>\n<meta property=\"og:description\" content=\"Ao ler este pequeno artigo da nossa Comunidade, convidamos-vos a ter como m\u00fasica de fundo: \u201cEste lugar \u00e9 terra sagrada, este lugar \u00e9 terra de encontro\u2026\u201d e por isso \u00e9 [&hellip;]\" \/>\n<meta property=\"og:url\" content=\"https:\/\/encompaniastj.org\/pt-pt\/comunidade-madrid-san-cirstobao\/\" \/>\n<meta property=\"og:site_name\" content=\"En Compa\u00f1\u00eda STJ\" \/>\n<meta property=\"article:published_time\" content=\"2019-10-21T11:47:06+00:00\" \/>\n<meta property=\"article:modified_time\" content=\"2025-07-07T14:20:42+00:00\" \/>\n<meta property=\"og:image\" content=\"https:\/\/encompaniastj.org\/wp-content\/uploads\/2025\/05\/no-me-axnar.jpg\" \/>\n\t<meta property=\"og:image:width\" content=\"750\" \/>\n\t<meta property=\"og:image:height\" content=\"422\" \/>\n\t<meta property=\"og:image:type\" content=\"image\/jpeg\" \/>\n<meta name=\"author\" content=\"admin\" \/>\n<meta name=\"twitter:card\" content=\"summary_large_image\" \/>\n<meta name=\"twitter:label1\" content=\"Escrito por\" \/>\n\t<meta name=\"twitter:data1\" content=\"admin\" \/>\n\t<meta name=\"twitter:label2\" content=\"Tempo estimado de leitura\" \/>\n\t<meta name=\"twitter:data2\" content=\"2 minutos\" \/>\n<script type=\"application\/ld+json\" class=\"yoast-schema-graph\">{\"@context\":\"https:\\\/\\\/schema.org\",\"@graph\":[{\"@type\":\"Article\",\"@id\":\"https:\\\/\\\/encompaniastj.org\\\/pt-pt\\\/comunidade-madrid-san-cirstobao\\\/#article\",\"isPartOf\":{\"@id\":\"https:\\\/\\\/encompaniastj.org\\\/pt-pt\\\/comunidade-madrid-san-cirstobao\\\/\"},\"author\":{\"name\":\"admin\",\"@id\":\"https:\\\/\\\/encompaniastj.org\\\/pt-pt\\\/#\\\/schema\\\/person\\\/520e7ecc314793d40091993c2a02b651\"},\"headline\":\"Comunidade Madrid - San Cirst\u00f3b\u00e3o\",\"datePublished\":\"2019-10-21T11:47:06+00:00\",\"dateModified\":\"2025-07-07T14:20:42+00:00\",\"mainEntityOfPage\":{\"@id\":\"https:\\\/\\\/encompaniastj.org\\\/pt-pt\\\/comunidade-madrid-san-cirstobao\\\/\"},\"wordCount\":361,\"commentCount\":0,\"publisher\":{\"@id\":\"https:\\\/\\\/encompaniastj.org\\\/pt-pt\\\/#organization\"},\"image\":{\"@id\":\"https:\\\/\\\/encompaniastj.org\\\/pt-pt\\\/comunidade-madrid-san-cirstobao\\\/#primaryimage\"},\"thumbnailUrl\":\"https:\\\/\\\/encompaniastj.org\\\/wp-content\\\/uploads\\\/2025\\\/05\\\/no-me-axnar.jpg\",\"articleSection\":[\"Comunidades\",\"Comunidades\",\"Conhecemo-nos\",\"Nos conocemos\"],\"inLanguage\":\"pt-PT\",\"potentialAction\":[{\"@type\":\"CommentAction\",\"name\":\"Comment\",\"target\":[\"https:\\\/\\\/encompaniastj.org\\\/pt-pt\\\/comunidade-madrid-san-cirstobao\\\/#respond\"]}]},{\"@type\":\"WebPage\",\"@id\":\"https:\\\/\\\/encompaniastj.org\\\/pt-pt\\\/comunidade-madrid-san-cirstobao\\\/\",\"url\":\"https:\\\/\\\/encompaniastj.org\\\/pt-pt\\\/comunidade-madrid-san-cirstobao\\\/\",\"name\":\"Comunidade Madrid - San Cirst\u00f3b\u00e3o - En Compa\u00f1\u00eda STJ\",\"isPartOf\":{\"@id\":\"https:\\\/\\\/encompaniastj.org\\\/pt-pt\\\/#website\"},\"primaryImageOfPage\":{\"@id\":\"https:\\\/\\\/encompaniastj.org\\\/pt-pt\\\/comunidade-madrid-san-cirstobao\\\/#primaryimage\"},\"image\":{\"@id\":\"https:\\\/\\\/encompaniastj.org\\\/pt-pt\\\/comunidade-madrid-san-cirstobao\\\/#primaryimage\"},\"thumbnailUrl\":\"https:\\\/\\\/encompaniastj.org\\\/wp-content\\\/uploads\\\/2025\\\/05\\\/no-me-axnar.jpg\",\"datePublished\":\"2019-10-21T11:47:06+00:00\",\"dateModified\":\"2025-07-07T14:20:42+00:00\",\"breadcrumb\":{\"@id\":\"https:\\\/\\\/encompaniastj.org\\\/pt-pt\\\/comunidade-madrid-san-cirstobao\\\/#breadcrumb\"},\"inLanguage\":\"pt-PT\",\"potentialAction\":[{\"@type\":\"ReadAction\",\"target\":[\"https:\\\/\\\/encompaniastj.org\\\/pt-pt\\\/comunidade-madrid-san-cirstobao\\\/\"]}]},{\"@type\":\"ImageObject\",\"inLanguage\":\"pt-PT\",\"@id\":\"https:\\\/\\\/encompaniastj.org\\\/pt-pt\\\/comunidade-madrid-san-cirstobao\\\/#primaryimage\",\"url\":\"https:\\\/\\\/encompaniastj.org\\\/wp-content\\\/uploads\\\/2025\\\/05\\\/no-me-axnar.jpg\",\"contentUrl\":\"https:\\\/\\\/encompaniastj.org\\\/wp-content\\\/uploads\\\/2025\\\/05\\\/no-me-axnar.jpg\",\"width\":750,\"height\":422},{\"@type\":\"BreadcrumbList\",\"@id\":\"https:\\\/\\\/encompaniastj.org\\\/pt-pt\\\/comunidade-madrid-san-cirstobao\\\/#breadcrumb\",\"itemListElement\":[{\"@type\":\"ListItem\",\"position\":1,\"name\":\"Portada\",\"item\":\"https:\\\/\\\/encompaniastj.org\\\/pt-pt\\\/\"},{\"@type\":\"ListItem\",\"position\":2,\"name\":\"Comunidade Madrid - San Cirst\u00f3b\u00e3o\"}]},{\"@type\":\"WebSite\",\"@id\":\"https:\\\/\\\/encompaniastj.org\\\/pt-pt\\\/#website\",\"url\":\"https:\\\/\\\/encompaniastj.org\\\/pt-pt\\\/\",\"name\":\"En Compa\u00f1\u00eda STJ\",\"description\":\"Bolet\u00edn de la Compa\u00f1\u00eda de Santa Teresa de Jes\u00fas\",\"publisher\":{\"@id\":\"https:\\\/\\\/encompaniastj.org\\\/pt-pt\\\/#organization\"},\"potentialAction\":[{\"@type\":\"SearchAction\",\"target\":{\"@type\":\"EntryPoint\",\"urlTemplate\":\"https:\\\/\\\/encompaniastj.org\\\/pt-pt\\\/?s={search_term_string}\"},\"query-input\":{\"@type\":\"PropertyValueSpecification\",\"valueRequired\":true,\"valueName\":\"search_term_string\"}}],\"inLanguage\":\"pt-PT\"},{\"@type\":\"Organization\",\"@id\":\"https:\\\/\\\/encompaniastj.org\\\/pt-pt\\\/#organization\",\"name\":\"Compa\u00f1\u00eda de Santa Teresa de Jes\u00fas\",\"url\":\"https:\\\/\\\/encompaniastj.org\\\/pt-pt\\\/\",\"logo\":{\"@type\":\"ImageObject\",\"inLanguage\":\"pt-PT\",\"@id\":\"https:\\\/\\\/encompaniastj.org\\\/pt-pt\\\/#\\\/schema\\\/logo\\\/image\\\/\",\"url\":\"https:\\\/\\\/encompaniastj.org\\\/wp-content\\\/uploads\\\/2025\\\/04\\\/logo_provincias02-1-3.png\",\"contentUrl\":\"https:\\\/\\\/encompaniastj.org\\\/wp-content\\\/uploads\\\/2025\\\/04\\\/logo_provincias02-1-3.png\",\"width\":2368,\"height\":825,\"caption\":\"Compa\u00f1\u00eda de Santa Teresa de Jes\u00fas\"},\"image\":{\"@id\":\"https:\\\/\\\/encompaniastj.org\\\/pt-pt\\\/#\\\/schema\\\/logo\\\/image\\\/\"}},{\"@type\":\"Person\",\"@id\":\"https:\\\/\\\/encompaniastj.org\\\/pt-pt\\\/#\\\/schema\\\/person\\\/520e7ecc314793d40091993c2a02b651\",\"name\":\"admin\",\"image\":{\"@type\":\"ImageObject\",\"inLanguage\":\"pt-PT\",\"@id\":\"https:\\\/\\\/secure.gravatar.com\\\/avatar\\\/948b492cce32b586ac2db0eaa926ee87024f7afe218d73b397ea5ddfc5f43ea1?s=96&d=mm&r=g\",\"url\":\"https:\\\/\\\/secure.gravatar.com\\\/avatar\\\/948b492cce32b586ac2db0eaa926ee87024f7afe218d73b397ea5ddfc5f43ea1?s=96&d=mm&r=g\",\"contentUrl\":\"https:\\\/\\\/secure.gravatar.com\\\/avatar\\\/948b492cce32b586ac2db0eaa926ee87024f7afe218d73b397ea5ddfc5f43ea1?s=96&d=mm&r=g\",\"caption\":\"admin\"},\"sameAs\":[\"https:\\\/\\\/encompaniastj.org\"],\"url\":\"https:\\\/\\\/encompaniastj.org\\\/pt-pt\\\/author\\\/sjdigital\\\/\"}]}<\/script>\n<!-- \/ Yoast SEO plugin. -->","yoast_head_json":{"title":"Comunidade Madrid - San Cirst\u00f3b\u00e3o - En Compa\u00f1\u00eda STJ","robots":{"index":"index","follow":"follow","max-snippet":"max-snippet:-1","max-image-preview":"max-image-preview:large","max-video-preview":"max-video-preview:-1"},"canonical":"https:\/\/encompaniastj.org\/pt-pt\/comunidade-madrid-san-cirstobao\/","og_locale":"pt_PT","og_type":"article","og_title":"Comunidade Madrid - San Cirst\u00f3b\u00e3o - En Compa\u00f1\u00eda STJ","og_description":"Ao ler este pequeno artigo da nossa Comunidade, convidamos-vos a ter como m\u00fasica de fundo: \u201cEste lugar \u00e9 terra sagrada, este lugar \u00e9 terra de encontro\u2026\u201d e por isso \u00e9 [&hellip;]","og_url":"https:\/\/encompaniastj.org\/pt-pt\/comunidade-madrid-san-cirstobao\/","og_site_name":"En Compa\u00f1\u00eda STJ","article_published_time":"2019-10-21T11:47:06+00:00","article_modified_time":"2025-07-07T14:20:42+00:00","og_image":[{"width":750,"height":422,"url":"https:\/\/encompaniastj.org\/wp-content\/uploads\/2025\/05\/no-me-axnar.jpg","type":"image\/jpeg"}],"author":"admin","twitter_card":"summary_large_image","twitter_misc":{"Escrito por":"admin","Tempo estimado de leitura":"2 minutos"},"schema":{"@context":"https:\/\/schema.org","@graph":[{"@type":"Article","@id":"https:\/\/encompaniastj.org\/pt-pt\/comunidade-madrid-san-cirstobao\/#article","isPartOf":{"@id":"https:\/\/encompaniastj.org\/pt-pt\/comunidade-madrid-san-cirstobao\/"},"author":{"name":"admin","@id":"https:\/\/encompaniastj.org\/pt-pt\/#\/schema\/person\/520e7ecc314793d40091993c2a02b651"},"headline":"Comunidade Madrid - San Cirst\u00f3b\u00e3o","datePublished":"2019-10-21T11:47:06+00:00","dateModified":"2025-07-07T14:20:42+00:00","mainEntityOfPage":{"@id":"https:\/\/encompaniastj.org\/pt-pt\/comunidade-madrid-san-cirstobao\/"},"wordCount":361,"commentCount":0,"publisher":{"@id":"https:\/\/encompaniastj.org\/pt-pt\/#organization"},"image":{"@id":"https:\/\/encompaniastj.org\/pt-pt\/comunidade-madrid-san-cirstobao\/#primaryimage"},"thumbnailUrl":"https:\/\/encompaniastj.org\/wp-content\/uploads\/2025\/05\/no-me-axnar.jpg","articleSection":["Comunidades","Comunidades","Conhecemo-nos","Nos conocemos"],"inLanguage":"pt-PT","potentialAction":[{"@type":"CommentAction","name":"Comment","target":["https:\/\/encompaniastj.org\/pt-pt\/comunidade-madrid-san-cirstobao\/#respond"]}]},{"@type":"WebPage","@id":"https:\/\/encompaniastj.org\/pt-pt\/comunidade-madrid-san-cirstobao\/","url":"https:\/\/encompaniastj.org\/pt-pt\/comunidade-madrid-san-cirstobao\/","name":"Comunidade Madrid - San Cirst\u00f3b\u00e3o - En Compa\u00f1\u00eda STJ","isPartOf":{"@id":"https:\/\/encompaniastj.org\/pt-pt\/#website"},"primaryImageOfPage":{"@id":"https:\/\/encompaniastj.org\/pt-pt\/comunidade-madrid-san-cirstobao\/#primaryimage"},"image":{"@id":"https:\/\/encompaniastj.org\/pt-pt\/comunidade-madrid-san-cirstobao\/#primaryimage"},"thumbnailUrl":"https:\/\/encompaniastj.org\/wp-content\/uploads\/2025\/05\/no-me-axnar.jpg","datePublished":"2019-10-21T11:47:06+00:00","dateModified":"2025-07-07T14:20:42+00:00","breadcrumb":{"@id":"https:\/\/encompaniastj.org\/pt-pt\/comunidade-madrid-san-cirstobao\/#breadcrumb"},"inLanguage":"pt-PT","potentialAction":[{"@type":"ReadAction","target":["https:\/\/encompaniastj.org\/pt-pt\/comunidade-madrid-san-cirstobao\/"]}]},{"@type":"ImageObject","inLanguage":"pt-PT","@id":"https:\/\/encompaniastj.org\/pt-pt\/comunidade-madrid-san-cirstobao\/#primaryimage","url":"https:\/\/encompaniastj.org\/wp-content\/uploads\/2025\/05\/no-me-axnar.jpg","contentUrl":"https:\/\/encompaniastj.org\/wp-content\/uploads\/2025\/05\/no-me-axnar.jpg","width":750,"height":422},{"@type":"BreadcrumbList","@id":"https:\/\/encompaniastj.org\/pt-pt\/comunidade-madrid-san-cirstobao\/#breadcrumb","itemListElement":[{"@type":"ListItem","position":1,"name":"Portada","item":"https:\/\/encompaniastj.org\/pt-pt\/"},{"@type":"ListItem","position":2,"name":"Comunidade Madrid - San Cirst\u00f3b\u00e3o"}]},{"@type":"WebSite","@id":"https:\/\/encompaniastj.org\/pt-pt\/#website","url":"https:\/\/encompaniastj.org\/pt-pt\/","name":"En Compa\u00f1\u00eda STJ","description":"Bolet\u00edn de la Compa\u00f1\u00eda de Santa Teresa de Jes\u00fas","publisher":{"@id":"https:\/\/encompaniastj.org\/pt-pt\/#organization"},"potentialAction":[{"@type":"SearchAction","target":{"@type":"EntryPoint","urlTemplate":"https:\/\/encompaniastj.org\/pt-pt\/?s={search_term_string}"},"query-input":{"@type":"PropertyValueSpecification","valueRequired":true,"valueName":"search_term_string"}}],"inLanguage":"pt-PT"},{"@type":"Organization","@id":"https:\/\/encompaniastj.org\/pt-pt\/#organization","name":"Compa\u00f1\u00eda de Santa Teresa de Jes\u00fas","url":"https:\/\/encompaniastj.org\/pt-pt\/","logo":{"@type":"ImageObject","inLanguage":"pt-PT","@id":"https:\/\/encompaniastj.org\/pt-pt\/#\/schema\/logo\/image\/","url":"https:\/\/encompaniastj.org\/wp-content\/uploads\/2025\/04\/logo_provincias02-1-3.png","contentUrl":"https:\/\/encompaniastj.org\/wp-content\/uploads\/2025\/04\/logo_provincias02-1-3.png","width":2368,"height":825,"caption":"Compa\u00f1\u00eda de Santa Teresa de Jes\u00fas"},"image":{"@id":"https:\/\/encompaniastj.org\/pt-pt\/#\/schema\/logo\/image\/"}},{"@type":"Person","@id":"https:\/\/encompaniastj.org\/pt-pt\/#\/schema\/person\/520e7ecc314793d40091993c2a02b651","name":"admin","image":{"@type":"ImageObject","inLanguage":"pt-PT","@id":"https:\/\/secure.gravatar.com\/avatar\/948b492cce32b586ac2db0eaa926ee87024f7afe218d73b397ea5ddfc5f43ea1?s=96&d=mm&r=g","url":"https:\/\/secure.gravatar.com\/avatar\/948b492cce32b586ac2db0eaa926ee87024f7afe218d73b397ea5ddfc5f43ea1?s=96&d=mm&r=g","contentUrl":"https:\/\/secure.gravatar.com\/avatar\/948b492cce32b586ac2db0eaa926ee87024f7afe218d73b397ea5ddfc5f43ea1?s=96&d=mm&r=g","caption":"admin"},"sameAs":["https:\/\/encompaniastj.org"],"url":"https:\/\/encompaniastj.org\/pt-pt\/author\/sjdigital\/"}]}},"_links":{"self":[{"href":"https:\/\/encompaniastj.org\/pt-pt\/wp-json\/wp\/v2\/posts\/9774","targetHints":{"allow":["GET"]}}],"collection":[{"href":"https:\/\/encompaniastj.org\/pt-pt\/wp-json\/wp\/v2\/posts"}],"about":[{"href":"https:\/\/encompaniastj.org\/pt-pt\/wp-json\/wp\/v2\/types\/post"}],"author":[{"embeddable":true,"href":"https:\/\/encompaniastj.org\/pt-pt\/wp-json\/wp\/v2\/users\/1"}],"replies":[{"embeddable":true,"href":"https:\/\/encompaniastj.org\/pt-pt\/wp-json\/wp\/v2\/comments?post=9774"}],"version-history":[{"count":1,"href":"https:\/\/encompaniastj.org\/pt-pt\/wp-json\/wp\/v2\/posts\/9774\/revisions"}],"predecessor-version":[{"id":9775,"href":"https:\/\/encompaniastj.org\/pt-pt\/wp-json\/wp\/v2\/posts\/9774\/revisions\/9775"}],"wp:featuredmedia":[{"embeddable":true,"href":"https:\/\/encompaniastj.org\/pt-pt\/wp-json\/wp\/v2\/media\/7117"}],"wp:attachment":[{"href":"https:\/\/encompaniastj.org\/pt-pt\/wp-json\/wp\/v2\/media?parent=9774"}],"wp:term":[{"taxonomy":"category","embeddable":true,"href":"https:\/\/encompaniastj.org\/pt-pt\/wp-json\/wp\/v2\/categories?post=9774"},{"taxonomy":"post_tag","embeddable":true,"href":"https:\/\/encompaniastj.org\/pt-pt\/wp-json\/wp\/v2\/tags?post=9774"}],"curies":[{"name":"wp","href":"https:\/\/api.w.org\/{rel}","templated":true}]}}