{"id":9680,"date":"2019-09-09T11:07:50","date_gmt":"2019-09-09T09:07:50","guid":{"rendered":"https:\/\/encompaniastj.org\/hna-socorro-trobos-gomez-3-de-septiembre-de-2019-valladolid-residencia\/"},"modified":"2025-07-07T16:20:27","modified_gmt":"2025-07-07T14:20:27","slug":"hna-socorro-trobos-gomez-3-de-septiembre-de-2019-valladolid-residencia","status":"publish","type":"post","link":"https:\/\/encompaniastj.org\/pt-pt\/hna-socorro-trobos-gomez-3-de-septiembre-de-2019-valladolid-residencia\/","title":{"rendered":"Irm\u00e3 Socorro Trobos G\u00f3mez. 3 de setembro de 2019 (Valladolid-Resid\u00eancia)"},"content":{"rendered":"\n<p>A nossa irm\u00e3 Socorro encontrou-se com o Senhor na\nnoite do dia 3 de setembro, aos 93 anos de idade e 74 de entrega na Companhia. <\/p>\n\n\n\n<p>Nos primeiros anos de vida religiosa, enviada pela Companhia,\nesteve em Cuba e no M\u00e9xico. No ano 1964 chegou a Valladolid, onde desenvolveu a\nsua miss\u00e3o na portaria do col\u00e9gio durante muitos anos.<\/p>\n\n\n\n<p>Quantas recorda\u00e7\u00f5es na mem\u00f3ria de tantas gera\u00e7\u00f5es! O\nseu sorriso, a sua proximidade, a sua disponibilidade, o seu acolhimento, a sua\nentrega, a sua simplicidade\u2026. Quantas anedotas se poderiam contar.<\/p>\n\n\n\n<p>As irm\u00e3s que vivemos com Socorro sabemos da sua\nentrega e disposi\u00e7\u00e3o para todo o que fosse necess\u00e1rio. Mulher trabalhadora e\npersistente, mulher de f\u00e9 e ora\u00e7\u00e3o que a ajudavam a superar dificuldades. A sua\npresen\u00e7a na comunidade foi sempre fraterna e muito delicada.<\/p>\n\n\n\n<p>Uma vez reformada seguia com interesse a vida e\natividades do col\u00e9gio e da Companhia. N\u00e3o lhe passava despercebida nenhuma data\nimportante. Ficava contente com tudo e sempre tinha um pormenor com as irm\u00e3s e\ncom as pessoas que a visitavam.<\/p>\n\n\n\n<p>Em pouco tempo foi-se apagando devido \u00e0 sua enfermidade,\ncom muita paz e sempre rodeada do carinho e cuidado das irm\u00e3s, das suas sobrinhas\ne das cuidadoras que ajudam a comunidade.<\/p>\n\n\n\n<p>Agradecemos ao Senhor o testemunho da sua vida, e\nagora desde o c\u00e9u, estamos certas, de que interceder\u00e1 pela Companhia e por\ntantas pessoas que nos demonstrou o seu carinho com a sua presen\u00e7a e as suas\npalavras.<\/p>\n\n\n\n<p>Socorro, agora que te encontraste cara a cara com o teu\nSenhor, cuida de n\u00f3s e pede-lhe que sejamos as teresianas que o nosso Padre queria.<\/p>\n","protected":false},"excerpt":{"rendered":"<p>A nossa irm\u00e3 Socorro encontrou-se com o Senhor na noite do dia 3 de setembro, aos 93 anos de idade e 74 de entrega na Companhia. Nos primeiros anos de [&hellip;]<\/p>\n","protected":false},"author":1,"featured_media":7045,"comment_status":"open","ping_status":"open","sticky":false,"template":"","format":"standard","meta":{"_acf_changed":false,"footnotes":""},"categories":[69],"tags":[],"class_list":["post-9680","post","type-post","status-publish","format-standard","has-post-thumbnail","hentry","category-falecimentos"],"acf":[],"yoast_head":"<!-- This site is optimized with the Yoast SEO plugin v27.5 - https:\/\/yoast.com\/product\/yoast-seo-wordpress\/ -->\n<title>Irm\u00e3 Socorro Trobos G\u00f3mez. 3 de setembro de 2019 (Valladolid-Resid\u00eancia) - En Compa\u00f1\u00eda STJ<\/title>\n<meta name=\"robots\" content=\"index, follow, max-snippet:-1, max-image-preview:large, max-video-preview:-1\" \/>\n<link rel=\"canonical\" href=\"https:\/\/encompaniastj.org\/pt-pt\/hna-socorro-trobos-gomez-3-de-septiembre-de-2019-valladolid-residencia\/\" \/>\n<meta property=\"og:locale\" content=\"pt_PT\" \/>\n<meta property=\"og:type\" content=\"article\" \/>\n<meta property=\"og:title\" content=\"Irm\u00e3 Socorro Trobos G\u00f3mez. 3 de setembro de 2019 (Valladolid-Resid\u00eancia) - En Compa\u00f1\u00eda STJ\" \/>\n<meta property=\"og:description\" content=\"A nossa irm\u00e3 Socorro encontrou-se com o Senhor na noite do dia 3 de setembro, aos 93 anos de idade e 74 de entrega na Companhia. Nos primeiros anos de [&hellip;]\" \/>\n<meta property=\"og:url\" content=\"https:\/\/encompaniastj.org\/pt-pt\/hna-socorro-trobos-gomez-3-de-septiembre-de-2019-valladolid-residencia\/\" \/>\n<meta property=\"og:site_name\" content=\"En Compa\u00f1\u00eda STJ\" \/>\n<meta property=\"article:published_time\" content=\"2019-09-09T09:07:50+00:00\" \/>\n<meta property=\"article:modified_time\" content=\"2025-07-07T14:20:27+00:00\" \/>\n<meta property=\"og:image\" content=\"https:\/\/encompaniastj.org\/wp-content\/uploads\/2025\/05\/Socorro-Trobos.jpg\" \/>\n\t<meta property=\"og:image:width\" content=\"1920\" \/>\n\t<meta property=\"og:image:height\" content=\"1095\" \/>\n\t<meta property=\"og:image:type\" content=\"image\/jpeg\" \/>\n<meta name=\"author\" content=\"admin\" \/>\n<meta name=\"twitter:card\" content=\"summary_large_image\" \/>\n<meta name=\"twitter:label1\" content=\"Escrito por\" \/>\n\t<meta name=\"twitter:data1\" content=\"admin\" \/>\n\t<meta name=\"twitter:label2\" content=\"Tempo estimado de leitura\" \/>\n\t<meta name=\"twitter:data2\" content=\"1 minuto\" \/>\n<script type=\"application\/ld+json\" class=\"yoast-schema-graph\">{\"@context\":\"https:\\\/\\\/schema.org\",\"@graph\":[{\"@type\":\"Article\",\"@id\":\"https:\\\/\\\/encompaniastj.org\\\/pt-pt\\\/hna-socorro-trobos-gomez-3-de-septiembre-de-2019-valladolid-residencia\\\/#article\",\"isPartOf\":{\"@id\":\"https:\\\/\\\/encompaniastj.org\\\/pt-pt\\\/hna-socorro-trobos-gomez-3-de-septiembre-de-2019-valladolid-residencia\\\/\"},\"author\":{\"name\":\"admin\",\"@id\":\"https:\\\/\\\/encompaniastj.org\\\/pt-pt\\\/#\\\/schema\\\/person\\\/520e7ecc314793d40091993c2a02b651\"},\"headline\":\"Irm\u00e3 Socorro Trobos G\u00f3mez. 3 de setembro de 2019 (Valladolid-Resid\u00eancia)\",\"datePublished\":\"2019-09-09T09:07:50+00:00\",\"dateModified\":\"2025-07-07T14:20:27+00:00\",\"mainEntityOfPage\":{\"@id\":\"https:\\\/\\\/encompaniastj.org\\\/pt-pt\\\/hna-socorro-trobos-gomez-3-de-septiembre-de-2019-valladolid-residencia\\\/\"},\"wordCount\":292,\"commentCount\":0,\"publisher\":{\"@id\":\"https:\\\/\\\/encompaniastj.org\\\/pt-pt\\\/#organization\"},\"image\":{\"@id\":\"https:\\\/\\\/encompaniastj.org\\\/pt-pt\\\/hna-socorro-trobos-gomez-3-de-septiembre-de-2019-valladolid-residencia\\\/#primaryimage\"},\"thumbnailUrl\":\"https:\\\/\\\/encompaniastj.org\\\/wp-content\\\/uploads\\\/2025\\\/05\\\/Socorro-Trobos.jpg\",\"articleSection\":[\"Falecimentos\"],\"inLanguage\":\"pt-PT\",\"potentialAction\":[{\"@type\":\"CommentAction\",\"name\":\"Comment\",\"target\":[\"https:\\\/\\\/encompaniastj.org\\\/pt-pt\\\/hna-socorro-trobos-gomez-3-de-septiembre-de-2019-valladolid-residencia\\\/#respond\"]}]},{\"@type\":\"WebPage\",\"@id\":\"https:\\\/\\\/encompaniastj.org\\\/pt-pt\\\/hna-socorro-trobos-gomez-3-de-septiembre-de-2019-valladolid-residencia\\\/\",\"url\":\"https:\\\/\\\/encompaniastj.org\\\/pt-pt\\\/hna-socorro-trobos-gomez-3-de-septiembre-de-2019-valladolid-residencia\\\/\",\"name\":\"Irm\u00e3 Socorro Trobos G\u00f3mez. 3 de setembro de 2019 (Valladolid-Resid\u00eancia) - En Compa\u00f1\u00eda STJ\",\"isPartOf\":{\"@id\":\"https:\\\/\\\/encompaniastj.org\\\/pt-pt\\\/#website\"},\"primaryImageOfPage\":{\"@id\":\"https:\\\/\\\/encompaniastj.org\\\/pt-pt\\\/hna-socorro-trobos-gomez-3-de-septiembre-de-2019-valladolid-residencia\\\/#primaryimage\"},\"image\":{\"@id\":\"https:\\\/\\\/encompaniastj.org\\\/pt-pt\\\/hna-socorro-trobos-gomez-3-de-septiembre-de-2019-valladolid-residencia\\\/#primaryimage\"},\"thumbnailUrl\":\"https:\\\/\\\/encompaniastj.org\\\/wp-content\\\/uploads\\\/2025\\\/05\\\/Socorro-Trobos.jpg\",\"datePublished\":\"2019-09-09T09:07:50+00:00\",\"dateModified\":\"2025-07-07T14:20:27+00:00\",\"breadcrumb\":{\"@id\":\"https:\\\/\\\/encompaniastj.org\\\/pt-pt\\\/hna-socorro-trobos-gomez-3-de-septiembre-de-2019-valladolid-residencia\\\/#breadcrumb\"},\"inLanguage\":\"pt-PT\",\"potentialAction\":[{\"@type\":\"ReadAction\",\"target\":[\"https:\\\/\\\/encompaniastj.org\\\/pt-pt\\\/hna-socorro-trobos-gomez-3-de-septiembre-de-2019-valladolid-residencia\\\/\"]}]},{\"@type\":\"ImageObject\",\"inLanguage\":\"pt-PT\",\"@id\":\"https:\\\/\\\/encompaniastj.org\\\/pt-pt\\\/hna-socorro-trobos-gomez-3-de-septiembre-de-2019-valladolid-residencia\\\/#primaryimage\",\"url\":\"https:\\\/\\\/encompaniastj.org\\\/wp-content\\\/uploads\\\/2025\\\/05\\\/Socorro-Trobos.jpg\",\"contentUrl\":\"https:\\\/\\\/encompaniastj.org\\\/wp-content\\\/uploads\\\/2025\\\/05\\\/Socorro-Trobos.jpg\",\"width\":1920,\"height\":1095},{\"@type\":\"BreadcrumbList\",\"@id\":\"https:\\\/\\\/encompaniastj.org\\\/pt-pt\\\/hna-socorro-trobos-gomez-3-de-septiembre-de-2019-valladolid-residencia\\\/#breadcrumb\",\"itemListElement\":[{\"@type\":\"ListItem\",\"position\":1,\"name\":\"Portada\",\"item\":\"https:\\\/\\\/encompaniastj.org\\\/pt-pt\\\/\"},{\"@type\":\"ListItem\",\"position\":2,\"name\":\"Irm\u00e3 Socorro Trobos G\u00f3mez. 3 de setembro de 2019 (Valladolid-Resid\u00eancia)\"}]},{\"@type\":\"WebSite\",\"@id\":\"https:\\\/\\\/encompaniastj.org\\\/pt-pt\\\/#website\",\"url\":\"https:\\\/\\\/encompaniastj.org\\\/pt-pt\\\/\",\"name\":\"En Compa\u00f1\u00eda STJ\",\"description\":\"Bolet\u00edn de la Compa\u00f1\u00eda de Santa Teresa de Jes\u00fas\",\"publisher\":{\"@id\":\"https:\\\/\\\/encompaniastj.org\\\/pt-pt\\\/#organization\"},\"potentialAction\":[{\"@type\":\"SearchAction\",\"target\":{\"@type\":\"EntryPoint\",\"urlTemplate\":\"https:\\\/\\\/encompaniastj.org\\\/pt-pt\\\/?s={search_term_string}\"},\"query-input\":{\"@type\":\"PropertyValueSpecification\",\"valueRequired\":true,\"valueName\":\"search_term_string\"}}],\"inLanguage\":\"pt-PT\"},{\"@type\":\"Organization\",\"@id\":\"https:\\\/\\\/encompaniastj.org\\\/pt-pt\\\/#organization\",\"name\":\"Compa\u00f1\u00eda de Santa Teresa de Jes\u00fas\",\"url\":\"https:\\\/\\\/encompaniastj.org\\\/pt-pt\\\/\",\"logo\":{\"@type\":\"ImageObject\",\"inLanguage\":\"pt-PT\",\"@id\":\"https:\\\/\\\/encompaniastj.org\\\/pt-pt\\\/#\\\/schema\\\/logo\\\/image\\\/\",\"url\":\"https:\\\/\\\/encompaniastj.org\\\/wp-content\\\/uploads\\\/2025\\\/04\\\/logo_provincias02-1-3.png\",\"contentUrl\":\"https:\\\/\\\/encompaniastj.org\\\/wp-content\\\/uploads\\\/2025\\\/04\\\/logo_provincias02-1-3.png\",\"width\":2368,\"height\":825,\"caption\":\"Compa\u00f1\u00eda de Santa Teresa de Jes\u00fas\"},\"image\":{\"@id\":\"https:\\\/\\\/encompaniastj.org\\\/pt-pt\\\/#\\\/schema\\\/logo\\\/image\\\/\"}},{\"@type\":\"Person\",\"@id\":\"https:\\\/\\\/encompaniastj.org\\\/pt-pt\\\/#\\\/schema\\\/person\\\/520e7ecc314793d40091993c2a02b651\",\"name\":\"admin\",\"image\":{\"@type\":\"ImageObject\",\"inLanguage\":\"pt-PT\",\"@id\":\"https:\\\/\\\/secure.gravatar.com\\\/avatar\\\/948b492cce32b586ac2db0eaa926ee87024f7afe218d73b397ea5ddfc5f43ea1?s=96&d=mm&r=g\",\"url\":\"https:\\\/\\\/secure.gravatar.com\\\/avatar\\\/948b492cce32b586ac2db0eaa926ee87024f7afe218d73b397ea5ddfc5f43ea1?s=96&d=mm&r=g\",\"contentUrl\":\"https:\\\/\\\/secure.gravatar.com\\\/avatar\\\/948b492cce32b586ac2db0eaa926ee87024f7afe218d73b397ea5ddfc5f43ea1?s=96&d=mm&r=g\",\"caption\":\"admin\"},\"sameAs\":[\"https:\\\/\\\/encompaniastj.org\"],\"url\":\"https:\\\/\\\/encompaniastj.org\\\/pt-pt\\\/author\\\/sjdigital\\\/\"}]}<\/script>\n<!-- \/ Yoast SEO plugin. -->","yoast_head_json":{"title":"Irm\u00e3 Socorro Trobos G\u00f3mez. 3 de setembro de 2019 (Valladolid-Resid\u00eancia) - En Compa\u00f1\u00eda STJ","robots":{"index":"index","follow":"follow","max-snippet":"max-snippet:-1","max-image-preview":"max-image-preview:large","max-video-preview":"max-video-preview:-1"},"canonical":"https:\/\/encompaniastj.org\/pt-pt\/hna-socorro-trobos-gomez-3-de-septiembre-de-2019-valladolid-residencia\/","og_locale":"pt_PT","og_type":"article","og_title":"Irm\u00e3 Socorro Trobos G\u00f3mez. 3 de setembro de 2019 (Valladolid-Resid\u00eancia) - En Compa\u00f1\u00eda STJ","og_description":"A nossa irm\u00e3 Socorro encontrou-se com o Senhor na noite do dia 3 de setembro, aos 93 anos de idade e 74 de entrega na Companhia. Nos primeiros anos de [&hellip;]","og_url":"https:\/\/encompaniastj.org\/pt-pt\/hna-socorro-trobos-gomez-3-de-septiembre-de-2019-valladolid-residencia\/","og_site_name":"En Compa\u00f1\u00eda STJ","article_published_time":"2019-09-09T09:07:50+00:00","article_modified_time":"2025-07-07T14:20:27+00:00","og_image":[{"width":1920,"height":1095,"url":"https:\/\/encompaniastj.org\/wp-content\/uploads\/2025\/05\/Socorro-Trobos.jpg","type":"image\/jpeg"}],"author":"admin","twitter_card":"summary_large_image","twitter_misc":{"Escrito por":"admin","Tempo estimado de leitura":"1 minuto"},"schema":{"@context":"https:\/\/schema.org","@graph":[{"@type":"Article","@id":"https:\/\/encompaniastj.org\/pt-pt\/hna-socorro-trobos-gomez-3-de-septiembre-de-2019-valladolid-residencia\/#article","isPartOf":{"@id":"https:\/\/encompaniastj.org\/pt-pt\/hna-socorro-trobos-gomez-3-de-septiembre-de-2019-valladolid-residencia\/"},"author":{"name":"admin","@id":"https:\/\/encompaniastj.org\/pt-pt\/#\/schema\/person\/520e7ecc314793d40091993c2a02b651"},"headline":"Irm\u00e3 Socorro Trobos G\u00f3mez. 3 de setembro de 2019 (Valladolid-Resid\u00eancia)","datePublished":"2019-09-09T09:07:50+00:00","dateModified":"2025-07-07T14:20:27+00:00","mainEntityOfPage":{"@id":"https:\/\/encompaniastj.org\/pt-pt\/hna-socorro-trobos-gomez-3-de-septiembre-de-2019-valladolid-residencia\/"},"wordCount":292,"commentCount":0,"publisher":{"@id":"https:\/\/encompaniastj.org\/pt-pt\/#organization"},"image":{"@id":"https:\/\/encompaniastj.org\/pt-pt\/hna-socorro-trobos-gomez-3-de-septiembre-de-2019-valladolid-residencia\/#primaryimage"},"thumbnailUrl":"https:\/\/encompaniastj.org\/wp-content\/uploads\/2025\/05\/Socorro-Trobos.jpg","articleSection":["Falecimentos"],"inLanguage":"pt-PT","potentialAction":[{"@type":"CommentAction","name":"Comment","target":["https:\/\/encompaniastj.org\/pt-pt\/hna-socorro-trobos-gomez-3-de-septiembre-de-2019-valladolid-residencia\/#respond"]}]},{"@type":"WebPage","@id":"https:\/\/encompaniastj.org\/pt-pt\/hna-socorro-trobos-gomez-3-de-septiembre-de-2019-valladolid-residencia\/","url":"https:\/\/encompaniastj.org\/pt-pt\/hna-socorro-trobos-gomez-3-de-septiembre-de-2019-valladolid-residencia\/","name":"Irm\u00e3 Socorro Trobos G\u00f3mez. 3 de setembro de 2019 (Valladolid-Resid\u00eancia) - En Compa\u00f1\u00eda STJ","isPartOf":{"@id":"https:\/\/encompaniastj.org\/pt-pt\/#website"},"primaryImageOfPage":{"@id":"https:\/\/encompaniastj.org\/pt-pt\/hna-socorro-trobos-gomez-3-de-septiembre-de-2019-valladolid-residencia\/#primaryimage"},"image":{"@id":"https:\/\/encompaniastj.org\/pt-pt\/hna-socorro-trobos-gomez-3-de-septiembre-de-2019-valladolid-residencia\/#primaryimage"},"thumbnailUrl":"https:\/\/encompaniastj.org\/wp-content\/uploads\/2025\/05\/Socorro-Trobos.jpg","datePublished":"2019-09-09T09:07:50+00:00","dateModified":"2025-07-07T14:20:27+00:00","breadcrumb":{"@id":"https:\/\/encompaniastj.org\/pt-pt\/hna-socorro-trobos-gomez-3-de-septiembre-de-2019-valladolid-residencia\/#breadcrumb"},"inLanguage":"pt-PT","potentialAction":[{"@type":"ReadAction","target":["https:\/\/encompaniastj.org\/pt-pt\/hna-socorro-trobos-gomez-3-de-septiembre-de-2019-valladolid-residencia\/"]}]},{"@type":"ImageObject","inLanguage":"pt-PT","@id":"https:\/\/encompaniastj.org\/pt-pt\/hna-socorro-trobos-gomez-3-de-septiembre-de-2019-valladolid-residencia\/#primaryimage","url":"https:\/\/encompaniastj.org\/wp-content\/uploads\/2025\/05\/Socorro-Trobos.jpg","contentUrl":"https:\/\/encompaniastj.org\/wp-content\/uploads\/2025\/05\/Socorro-Trobos.jpg","width":1920,"height":1095},{"@type":"BreadcrumbList","@id":"https:\/\/encompaniastj.org\/pt-pt\/hna-socorro-trobos-gomez-3-de-septiembre-de-2019-valladolid-residencia\/#breadcrumb","itemListElement":[{"@type":"ListItem","position":1,"name":"Portada","item":"https:\/\/encompaniastj.org\/pt-pt\/"},{"@type":"ListItem","position":2,"name":"Irm\u00e3 Socorro Trobos G\u00f3mez. 3 de setembro de 2019 (Valladolid-Resid\u00eancia)"}]},{"@type":"WebSite","@id":"https:\/\/encompaniastj.org\/pt-pt\/#website","url":"https:\/\/encompaniastj.org\/pt-pt\/","name":"En Compa\u00f1\u00eda STJ","description":"Bolet\u00edn de la Compa\u00f1\u00eda de Santa Teresa de Jes\u00fas","publisher":{"@id":"https:\/\/encompaniastj.org\/pt-pt\/#organization"},"potentialAction":[{"@type":"SearchAction","target":{"@type":"EntryPoint","urlTemplate":"https:\/\/encompaniastj.org\/pt-pt\/?s={search_term_string}"},"query-input":{"@type":"PropertyValueSpecification","valueRequired":true,"valueName":"search_term_string"}}],"inLanguage":"pt-PT"},{"@type":"Organization","@id":"https:\/\/encompaniastj.org\/pt-pt\/#organization","name":"Compa\u00f1\u00eda de Santa Teresa de Jes\u00fas","url":"https:\/\/encompaniastj.org\/pt-pt\/","logo":{"@type":"ImageObject","inLanguage":"pt-PT","@id":"https:\/\/encompaniastj.org\/pt-pt\/#\/schema\/logo\/image\/","url":"https:\/\/encompaniastj.org\/wp-content\/uploads\/2025\/04\/logo_provincias02-1-3.png","contentUrl":"https:\/\/encompaniastj.org\/wp-content\/uploads\/2025\/04\/logo_provincias02-1-3.png","width":2368,"height":825,"caption":"Compa\u00f1\u00eda de Santa Teresa de Jes\u00fas"},"image":{"@id":"https:\/\/encompaniastj.org\/pt-pt\/#\/schema\/logo\/image\/"}},{"@type":"Person","@id":"https:\/\/encompaniastj.org\/pt-pt\/#\/schema\/person\/520e7ecc314793d40091993c2a02b651","name":"admin","image":{"@type":"ImageObject","inLanguage":"pt-PT","@id":"https:\/\/secure.gravatar.com\/avatar\/948b492cce32b586ac2db0eaa926ee87024f7afe218d73b397ea5ddfc5f43ea1?s=96&d=mm&r=g","url":"https:\/\/secure.gravatar.com\/avatar\/948b492cce32b586ac2db0eaa926ee87024f7afe218d73b397ea5ddfc5f43ea1?s=96&d=mm&r=g","contentUrl":"https:\/\/secure.gravatar.com\/avatar\/948b492cce32b586ac2db0eaa926ee87024f7afe218d73b397ea5ddfc5f43ea1?s=96&d=mm&r=g","caption":"admin"},"sameAs":["https:\/\/encompaniastj.org"],"url":"https:\/\/encompaniastj.org\/pt-pt\/author\/sjdigital\/"}]}},"_links":{"self":[{"href":"https:\/\/encompaniastj.org\/pt-pt\/wp-json\/wp\/v2\/posts\/9680","targetHints":{"allow":["GET"]}}],"collection":[{"href":"https:\/\/encompaniastj.org\/pt-pt\/wp-json\/wp\/v2\/posts"}],"about":[{"href":"https:\/\/encompaniastj.org\/pt-pt\/wp-json\/wp\/v2\/types\/post"}],"author":[{"embeddable":true,"href":"https:\/\/encompaniastj.org\/pt-pt\/wp-json\/wp\/v2\/users\/1"}],"replies":[{"embeddable":true,"href":"https:\/\/encompaniastj.org\/pt-pt\/wp-json\/wp\/v2\/comments?post=9680"}],"version-history":[{"count":1,"href":"https:\/\/encompaniastj.org\/pt-pt\/wp-json\/wp\/v2\/posts\/9680\/revisions"}],"predecessor-version":[{"id":9681,"href":"https:\/\/encompaniastj.org\/pt-pt\/wp-json\/wp\/v2\/posts\/9680\/revisions\/9681"}],"wp:featuredmedia":[{"embeddable":true,"href":"https:\/\/encompaniastj.org\/pt-pt\/wp-json\/wp\/v2\/media\/7045"}],"wp:attachment":[{"href":"https:\/\/encompaniastj.org\/pt-pt\/wp-json\/wp\/v2\/media?parent=9680"}],"wp:term":[{"taxonomy":"category","embeddable":true,"href":"https:\/\/encompaniastj.org\/pt-pt\/wp-json\/wp\/v2\/categories?post=9680"},{"taxonomy":"post_tag","embeddable":true,"href":"https:\/\/encompaniastj.org\/pt-pt\/wp-json\/wp\/v2\/tags?post=9680"}],"curies":[{"name":"wp","href":"https:\/\/api.w.org\/{rel}","templated":true}]}}