{"id":9660,"date":"2019-07-16T05:44:35","date_gmt":"2019-07-16T03:44:35","guid":{"rendered":"https:\/\/encompaniastj.org\/accion-de-gracias-comunidad-colegio-roma\/"},"modified":"2025-07-07T16:20:25","modified_gmt":"2025-07-07T14:20:25","slug":"accion-de-gracias-comunidad-colegio-roma","status":"publish","type":"post","link":"https:\/\/encompaniastj.org\/pt-pt\/accion-de-gracias-comunidad-colegio-roma\/","title":{"rendered":"A\u00e7\u00e3o de gra\u00e7as \u2013 Comunidade Col\u00e9gio Roma"},"content":{"rendered":"\n<p>Para a\nComunidade do Col\u00e9gio de Roma, este ano foi muito especial; foi um ano em que experiment\u00e1mos\no mist\u00e9rio pascal, na realidade quase prosaica da vida concreta. <\/p>\n\n\n\n<p>Falando entre\nn\u00f3s, em comunidade, decidimos que desta vez a festa tradicional de fim de curso\n<em>Festa della Famiglia Teresiana, <\/em>tinha\nque ser diferente, tinha que ser um encontro de fam\u00edlia, sim, mas toda ela com\no significado profundo de a\u00e7\u00e3o de gra\u00e7as. Encerravam-se 90 anos de presen\u00e7a\neducativa teresiana em Roma, no bairro <em>Appio\nLatino, quartiere San Giovanni <\/em>que significaram muitas gera\u00e7\u00f5es de fam\u00edlias\nformadas segundo o Projeto Educativo Teresiano, atrav\u00e9s de tantas irm\u00e3s que nos\ntinham precedido. <\/p>\n\n\n\n<p>No dia 28 de\nabril, a Comunidade escreveu uma carta convidando ex-alunos, fam\u00edlias de ex-alunos,\nex-professores, amigos, a reunirmo-nos uma vez mais no col\u00e9gio e a participar na\nEucaristia para dar gra\u00e7as a Deus por estes 90 anos de vida e agradecermo-nos uns\naos outros, porque cada um foi e \u00e9 parte fecunda deste tempo.<\/p>\n\n\n\n<p>A resposta foi\nextraordin\u00e1ria: reunimo-nos mais de 300 pessoas. Celebrou a Eucaristia o nosso p\u00e1roco,\nque teve palavras fraternamente entranh\u00e1veis para <em>le suore teresiane, <\/em>parte viva do bairro, da par\u00f3quia. A celebra\u00e7\u00e3o\nfoi no jardim, na praceta diante da entrada do col\u00e9gio para que coub\u00e9ssemos\ntodos. <\/p>\n\n\n\n<p>A seguir,\nenquanto tom\u00e1vamos um caf\u00e9, sauda\u00e7\u00f5es, abra\u00e7os, lembran\u00e7as, encontros de\ncompanheiros depois de muitos anos\u2026 emo\u00e7\u00f5es. <\/p>\n\n\n\n<p>Experiment\u00e1mos\nprofundamente que a educa\u00e7\u00e3o teresiana, a heran\u00e7a que Santo Henrique nos deixou,\na sua f\u00e9 na for\u00e7a transformadora da educa\u00e7\u00e3o, continua viva, foi e \u00e9 fecunda, e\nessa semente que caiu na terra romana em 1929 produziu muito fruto. OBRIGADA.<\/p>\n\n\n\n<p>Como recorda\u00e7\u00e3o deste dia e da escola, repartimos um postal c\u00f3pia do quadro que o senhor Rodolfo Romano, pai de um aluno, pintou na altura da canoniza\u00e7\u00e3o do nosso Padre, 16 de junho de 1993, precisamente h\u00e1 26 anos, e que apresentou no concurso \/jogos florais que organiz\u00e1mos no col\u00e9gio. O senhor Romano ganhou o primeiro pr\u00e9mio com o quadro que apresentou a carv\u00e3o e que depois pintou a \u00f3leo e ofereceu ao col\u00e9gio. Antes de iniciar a obra, quis documentar-se bem e leu a vida de Santo Henrique. O quadro mostra maravilhosamente o carisma educativo que inspirou a Companhia, por isso pusemos-lhe o nome do quadro do carisma e j\u00e1 \u00e9 \u201cfamoso\u201d entre n\u00f3s.&nbsp; <br>Nestes dias continuam chegando mensagens de agradecimento. Transmitimos aqui, algumas:<br><\/p>\n\n\n\n<ul class=\"wp-block-list\"><li><em>Grazie veramente con tutto il cuore per avermi formato come studente, come ragazzo e come uomo ora. Siete un dono che io porter\u00f2 sempre nel cuore e nella vita di tutti i giorni. <\/em> <br><em>Con tutto l\u2019affetto che provo vi ringrazio. Non dimenticher\u00f2 mai quello che siete state per me. <\/em>  <br><em>Un grande bacio e teniamoci in contatto.\ufeff<\/em> <br><em>Gianmaria (il vostro panda) <\/em>&nbsp;- Compagni e professori lo chiamavamo cos\u00ec -  <\/li><\/ul>\n\n\n\n<ul class=\"wp-block-list\"><li><em>Purtroppo chiude la scuola ma non si chiude il nostro rapporto di amicizia e di affetto ormai consolidato.<\/em> <br><em>Vi siamo grati per tutto ci\u00f2 che in questi anni avete offerto ai nostri ragazzi e a noi genitori in fatto di istruzione, formazione e crescita umana e spirituale.<\/em>  <br><em>Con grande stima ed affetto vi ringraziamo e abbracciamo tutte voi, ricordando anche chi non \u00e8 pi\u00f9 tra noi. &nbsp;&nbsp;Famiglia Borrelli\ufeff<\/em> <\/li><\/ul>\n\n\n\n<ul class=\"wp-block-list\"><li><em>Sono Rita Boccanelli e vedo che continuate a ringraziarci ma ripeto, come ha detto questa mattina Enrico Pernazza padre de ben tre alunni e&nbsp; sposato con una ex alunna), &nbsp;siamo noi che dobbiamo dirvi un enorme GRAZIE per tutto ci\u00f2 che ci avete dato a noi come genitori e ai nostri ragazzi; ci avete insegnato ed accolto sempre con amore e sono orgogliosa di essere cresciuta in questa meravigliosa famiglia. Un abbraccio con tanto affetto a tutte voi<\/em><\/li><li><em>Carissime mie Maestre (nel senso pi\u00f9 alto del termine), so di essere in ritardo rispetto alla data utile per dare risposta e mi scuso.<\/em> <br><em>Purtroppo non potr\u00f2, non potremo esserci questa volta in questa occasione.<\/em> <br><em>Credo nel valore di onorare le feste e di riunirci insieme per ringraziare e ringraziarci e mi dispiace non poter partecipare.<\/em>   <br><em>Non riesco per\u00f2 a nascondere l&#8217;istintiva sensazione di stretta al cuore che mi colpisce nel consapevolizzare sempre di pi\u00f9 che si tratterebbe dell&#8217;ultima occasione per riempire di vita tutti insieme, in modo del tutto teresianamente nostro, quel luogo dell&#8217;anima che \u00e8 per me l&#8217;Istituto Santa Teresa, l&#8217;Stj o pi\u00f9 semplicemente, la mia scuola.&nbsp;<\/em>  <br><em>Sono sicuro, in ogni caso, che la gioia non ceder\u00e0 mai il passo alla malinconia. &nbsp;In fondo chi, come me, ci \u00e8 passato, vissuto e stato davvero l\u00ec insieme a voi non pu\u00f2 aver dimenticato questo insegnamento di speranza.<\/em>  <br><em>Spero che potr\u00f2 comunque venire a trovarvi ed essere accolto da voi per scambiarci un nuovo &#8220;arrivederci&#8221; anche dopo la fine di questo ultimo anno scolastico. Nel frattempo vi auguro di cuore di trascorrere una bella mattinata.&nbsp;\ufeff<\/em> <br><em>Sempre allievo vostro. Con affetto e gratitudine. Giuseppe Gangemi\ufeff<\/em>  <\/li><li><\/li><\/ul>\n\n\n\n<ul class=\"wp-block-gallery columns-0 is-cropped wp-block-gallery-1 is-layout-flex wp-block-gallery-is-layout-flex\"><li class=\"blocks-gallery-item\"><figure><a href=\"https:\/\/encompaniastj.org\/wp-content\/uploads\/2025\/05\/3_16-giugno-2019.jpg\"><img decoding=\"async\" src=\"https:\/\/encompaniastj.org\/wp-content\/uploads\/2025\/05\/3_16-giugno-2019.jpg\" alt=\"\" data-id=\"4817\" data-link=\"https:\/\/encompaniastj.org\/pt-pt\/accion-de-gracias-comunidad-colegio-roma\/3_16-giugno-2019\/\" class=\"wp-image-4817\"\/><\/a><\/figure><\/li><li class=\"blocks-gallery-item\"><figure><a href=\"https:\/\/encompaniastj.org\/wp-content\/uploads\/2025\/05\/2_16-giugno-2019-1.jpg\"><img decoding=\"async\" src=\"https:\/\/encompaniastj.org\/wp-content\/uploads\/2025\/05\/2_16-giugno-2019-1.jpg\" alt=\"\" data-id=\"4825\" data-link=\"https:\/\/encompaniastj.org\/pt-pt\/accion-de-gracias-comunidad-colegio-roma\/2_16-giugno-2019-2\/\" class=\"wp-image-4825\"\/><\/a><\/figure><\/li><li class=\"blocks-gallery-item\"><figure><a href=\"https:\/\/encompaniastj.org\/wp-content\/uploads\/2025\/05\/1_16-giugno-2019.jpg\"><img decoding=\"async\" src=\"https:\/\/encompaniastj.org\/wp-content\/uploads\/2025\/05\/1_16-giugno-2019.jpg\" alt=\"\" data-id=\"4813\" data-link=\"https:\/\/encompaniastj.org\/pt-pt\/accion-de-gracias-comunidad-colegio-roma\/1_16-giugno-2019\/\" class=\"wp-image-4813\"\/><\/a><\/figure><\/li><\/ul>\n\n\n\n<p><\/p>\n\n\n\n<p><br><\/p>\n\n\n\n<p><\/p>\n\n\n\n<p><br><\/p>\n\n\n\n<p><br><\/p>\n","protected":false},"excerpt":{"rendered":"<p>Para a Comunidade do Col\u00e9gio de Roma, este ano foi muito especial; foi um ano em que experiment\u00e1mos o mist\u00e9rio pascal, na realidade quase prosaica da vida concreta. Falando entre [&hellip;]<\/p>\n","protected":false},"author":1,"featured_media":7029,"comment_status":"open","ping_status":"open","sticky":false,"template":"","format":"standard","meta":{"_acf_changed":false,"_et_pb_use_builder":"","_et_pb_old_content":"","_et_gb_content_width":"","footnotes":""},"categories":[75,61],"tags":[],"class_list":["post-9660","post","type-post","status-publish","format-standard","has-post-thumbnail","hentry","category-escolar-pt","category-noticias"],"acf":[],"yoast_head":"<!-- This site is optimized with the Yoast SEO plugin v27.5 - https:\/\/yoast.com\/product\/yoast-seo-wordpress\/ -->\n<title>A\u00e7\u00e3o de gra\u00e7as \u2013 Comunidade Col\u00e9gio Roma - En Compa\u00f1\u00eda STJ<\/title>\n<meta name=\"robots\" content=\"index, follow, max-snippet:-1, max-image-preview:large, max-video-preview:-1\" \/>\n<link rel=\"canonical\" href=\"https:\/\/encompaniastj.org\/pt-pt\/accion-de-gracias-comunidad-colegio-roma\/\" \/>\n<meta property=\"og:locale\" content=\"pt_PT\" \/>\n<meta property=\"og:type\" content=\"article\" \/>\n<meta property=\"og:title\" content=\"A\u00e7\u00e3o de gra\u00e7as \u2013 Comunidade Col\u00e9gio Roma - En Compa\u00f1\u00eda STJ\" \/>\n<meta property=\"og:description\" content=\"Para a Comunidade do Col\u00e9gio de Roma, este ano foi muito especial; foi um ano em que experiment\u00e1mos o mist\u00e9rio pascal, na realidade quase prosaica da vida concreta. Falando entre [&hellip;]\" \/>\n<meta property=\"og:url\" content=\"https:\/\/encompaniastj.org\/pt-pt\/accion-de-gracias-comunidad-colegio-roma\/\" \/>\n<meta property=\"og:site_name\" content=\"En Compa\u00f1\u00eda STJ\" \/>\n<meta property=\"article:published_time\" content=\"2019-07-16T03:44:35+00:00\" \/>\n<meta property=\"article:modified_time\" content=\"2025-07-07T14:20:25+00:00\" \/>\n<meta property=\"og:image\" content=\"https:\/\/encompaniastj.org\/wp-content\/uploads\/2025\/05\/grazie.jpg\" \/>\n\t<meta property=\"og:image:width\" content=\"934\" \/>\n\t<meta property=\"og:image:height\" content=\"526\" \/>\n\t<meta property=\"og:image:type\" content=\"image\/jpeg\" \/>\n<meta name=\"author\" content=\"admin\" \/>\n<meta name=\"twitter:card\" content=\"summary_large_image\" \/>\n<meta name=\"twitter:label1\" content=\"Escrito por\" \/>\n\t<meta name=\"twitter:data1\" content=\"admin\" \/>\n\t<meta name=\"twitter:label2\" content=\"Tempo estimado de leitura\" \/>\n\t<meta name=\"twitter:data2\" content=\"4 minutos\" \/>\n<script type=\"application\/ld+json\" class=\"yoast-schema-graph\">{\"@context\":\"https:\\\/\\\/schema.org\",\"@graph\":[{\"@type\":\"Article\",\"@id\":\"https:\\\/\\\/encompaniastj.org\\\/pt-pt\\\/accion-de-gracias-comunidad-colegio-roma\\\/#article\",\"isPartOf\":{\"@id\":\"https:\\\/\\\/encompaniastj.org\\\/pt-pt\\\/accion-de-gracias-comunidad-colegio-roma\\\/\"},\"author\":{\"name\":\"admin\",\"@id\":\"https:\\\/\\\/encompaniastj.org\\\/pt-pt\\\/#\\\/schema\\\/person\\\/520e7ecc314793d40091993c2a02b651\"},\"headline\":\"A\u00e7\u00e3o de gra\u00e7as \u2013 Comunidade Col\u00e9gio Roma\",\"datePublished\":\"2019-07-16T03:44:35+00:00\",\"dateModified\":\"2025-07-07T14:20:25+00:00\",\"mainEntityOfPage\":{\"@id\":\"https:\\\/\\\/encompaniastj.org\\\/pt-pt\\\/accion-de-gracias-comunidad-colegio-roma\\\/\"},\"wordCount\":850,\"commentCount\":0,\"publisher\":{\"@id\":\"https:\\\/\\\/encompaniastj.org\\\/pt-pt\\\/#organization\"},\"image\":{\"@id\":\"https:\\\/\\\/encompaniastj.org\\\/pt-pt\\\/accion-de-gracias-comunidad-colegio-roma\\\/#primaryimage\"},\"thumbnailUrl\":\"https:\\\/\\\/encompaniastj.org\\\/wp-content\\\/uploads\\\/2025\\\/05\\\/grazie.jpg\",\"articleSection\":[\"Escolar pt\",\"Noticias\"],\"inLanguage\":\"pt-PT\",\"potentialAction\":[{\"@type\":\"CommentAction\",\"name\":\"Comment\",\"target\":[\"https:\\\/\\\/encompaniastj.org\\\/pt-pt\\\/accion-de-gracias-comunidad-colegio-roma\\\/#respond\"]}]},{\"@type\":\"WebPage\",\"@id\":\"https:\\\/\\\/encompaniastj.org\\\/pt-pt\\\/accion-de-gracias-comunidad-colegio-roma\\\/\",\"url\":\"https:\\\/\\\/encompaniastj.org\\\/pt-pt\\\/accion-de-gracias-comunidad-colegio-roma\\\/\",\"name\":\"A\u00e7\u00e3o de gra\u00e7as \u2013 Comunidade Col\u00e9gio Roma - En Compa\u00f1\u00eda STJ\",\"isPartOf\":{\"@id\":\"https:\\\/\\\/encompaniastj.org\\\/pt-pt\\\/#website\"},\"primaryImageOfPage\":{\"@id\":\"https:\\\/\\\/encompaniastj.org\\\/pt-pt\\\/accion-de-gracias-comunidad-colegio-roma\\\/#primaryimage\"},\"image\":{\"@id\":\"https:\\\/\\\/encompaniastj.org\\\/pt-pt\\\/accion-de-gracias-comunidad-colegio-roma\\\/#primaryimage\"},\"thumbnailUrl\":\"https:\\\/\\\/encompaniastj.org\\\/wp-content\\\/uploads\\\/2025\\\/05\\\/grazie.jpg\",\"datePublished\":\"2019-07-16T03:44:35+00:00\",\"dateModified\":\"2025-07-07T14:20:25+00:00\",\"breadcrumb\":{\"@id\":\"https:\\\/\\\/encompaniastj.org\\\/pt-pt\\\/accion-de-gracias-comunidad-colegio-roma\\\/#breadcrumb\"},\"inLanguage\":\"pt-PT\",\"potentialAction\":[{\"@type\":\"ReadAction\",\"target\":[\"https:\\\/\\\/encompaniastj.org\\\/pt-pt\\\/accion-de-gracias-comunidad-colegio-roma\\\/\"]}]},{\"@type\":\"ImageObject\",\"inLanguage\":\"pt-PT\",\"@id\":\"https:\\\/\\\/encompaniastj.org\\\/pt-pt\\\/accion-de-gracias-comunidad-colegio-roma\\\/#primaryimage\",\"url\":\"https:\\\/\\\/encompaniastj.org\\\/wp-content\\\/uploads\\\/2025\\\/05\\\/grazie.jpg\",\"contentUrl\":\"https:\\\/\\\/encompaniastj.org\\\/wp-content\\\/uploads\\\/2025\\\/05\\\/grazie.jpg\",\"width\":934,\"height\":526},{\"@type\":\"BreadcrumbList\",\"@id\":\"https:\\\/\\\/encompaniastj.org\\\/pt-pt\\\/accion-de-gracias-comunidad-colegio-roma\\\/#breadcrumb\",\"itemListElement\":[{\"@type\":\"ListItem\",\"position\":1,\"name\":\"Portada\",\"item\":\"https:\\\/\\\/encompaniastj.org\\\/pt-pt\\\/\"},{\"@type\":\"ListItem\",\"position\":2,\"name\":\"A\u00e7\u00e3o de gra\u00e7as \u2013 Comunidade Col\u00e9gio Roma\"}]},{\"@type\":\"WebSite\",\"@id\":\"https:\\\/\\\/encompaniastj.org\\\/pt-pt\\\/#website\",\"url\":\"https:\\\/\\\/encompaniastj.org\\\/pt-pt\\\/\",\"name\":\"En Compa\u00f1\u00eda STJ\",\"description\":\"Bolet\u00edn de la Compa\u00f1\u00eda de Santa Teresa de Jes\u00fas\",\"publisher\":{\"@id\":\"https:\\\/\\\/encompaniastj.org\\\/pt-pt\\\/#organization\"},\"potentialAction\":[{\"@type\":\"SearchAction\",\"target\":{\"@type\":\"EntryPoint\",\"urlTemplate\":\"https:\\\/\\\/encompaniastj.org\\\/pt-pt\\\/?s={search_term_string}\"},\"query-input\":{\"@type\":\"PropertyValueSpecification\",\"valueRequired\":true,\"valueName\":\"search_term_string\"}}],\"inLanguage\":\"pt-PT\"},{\"@type\":\"Organization\",\"@id\":\"https:\\\/\\\/encompaniastj.org\\\/pt-pt\\\/#organization\",\"name\":\"Compa\u00f1\u00eda de Santa Teresa de Jes\u00fas\",\"url\":\"https:\\\/\\\/encompaniastj.org\\\/pt-pt\\\/\",\"logo\":{\"@type\":\"ImageObject\",\"inLanguage\":\"pt-PT\",\"@id\":\"https:\\\/\\\/encompaniastj.org\\\/pt-pt\\\/#\\\/schema\\\/logo\\\/image\\\/\",\"url\":\"https:\\\/\\\/encompaniastj.org\\\/wp-content\\\/uploads\\\/2025\\\/04\\\/logo_provincias02-1-3.png\",\"contentUrl\":\"https:\\\/\\\/encompaniastj.org\\\/wp-content\\\/uploads\\\/2025\\\/04\\\/logo_provincias02-1-3.png\",\"width\":2368,\"height\":825,\"caption\":\"Compa\u00f1\u00eda de Santa Teresa de Jes\u00fas\"},\"image\":{\"@id\":\"https:\\\/\\\/encompaniastj.org\\\/pt-pt\\\/#\\\/schema\\\/logo\\\/image\\\/\"}},{\"@type\":\"Person\",\"@id\":\"https:\\\/\\\/encompaniastj.org\\\/pt-pt\\\/#\\\/schema\\\/person\\\/520e7ecc314793d40091993c2a02b651\",\"name\":\"admin\",\"image\":{\"@type\":\"ImageObject\",\"inLanguage\":\"pt-PT\",\"@id\":\"https:\\\/\\\/secure.gravatar.com\\\/avatar\\\/948b492cce32b586ac2db0eaa926ee87024f7afe218d73b397ea5ddfc5f43ea1?s=96&d=mm&r=g\",\"url\":\"https:\\\/\\\/secure.gravatar.com\\\/avatar\\\/948b492cce32b586ac2db0eaa926ee87024f7afe218d73b397ea5ddfc5f43ea1?s=96&d=mm&r=g\",\"contentUrl\":\"https:\\\/\\\/secure.gravatar.com\\\/avatar\\\/948b492cce32b586ac2db0eaa926ee87024f7afe218d73b397ea5ddfc5f43ea1?s=96&d=mm&r=g\",\"caption\":\"admin\"},\"sameAs\":[\"https:\\\/\\\/encompaniastj.org\"],\"url\":\"https:\\\/\\\/encompaniastj.org\\\/pt-pt\\\/author\\\/sjdigital\\\/\"}]}<\/script>\n<!-- \/ Yoast SEO plugin. -->","yoast_head_json":{"title":"A\u00e7\u00e3o de gra\u00e7as \u2013 Comunidade Col\u00e9gio Roma - En Compa\u00f1\u00eda STJ","robots":{"index":"index","follow":"follow","max-snippet":"max-snippet:-1","max-image-preview":"max-image-preview:large","max-video-preview":"max-video-preview:-1"},"canonical":"https:\/\/encompaniastj.org\/pt-pt\/accion-de-gracias-comunidad-colegio-roma\/","og_locale":"pt_PT","og_type":"article","og_title":"A\u00e7\u00e3o de gra\u00e7as \u2013 Comunidade Col\u00e9gio Roma - En Compa\u00f1\u00eda STJ","og_description":"Para a Comunidade do Col\u00e9gio de Roma, este ano foi muito especial; foi um ano em que experiment\u00e1mos o mist\u00e9rio pascal, na realidade quase prosaica da vida concreta. Falando entre [&hellip;]","og_url":"https:\/\/encompaniastj.org\/pt-pt\/accion-de-gracias-comunidad-colegio-roma\/","og_site_name":"En Compa\u00f1\u00eda STJ","article_published_time":"2019-07-16T03:44:35+00:00","article_modified_time":"2025-07-07T14:20:25+00:00","og_image":[{"width":934,"height":526,"url":"https:\/\/encompaniastj.org\/wp-content\/uploads\/2025\/05\/grazie.jpg","type":"image\/jpeg"}],"author":"admin","twitter_card":"summary_large_image","twitter_misc":{"Escrito por":"admin","Tempo estimado de leitura":"4 minutos"},"schema":{"@context":"https:\/\/schema.org","@graph":[{"@type":"Article","@id":"https:\/\/encompaniastj.org\/pt-pt\/accion-de-gracias-comunidad-colegio-roma\/#article","isPartOf":{"@id":"https:\/\/encompaniastj.org\/pt-pt\/accion-de-gracias-comunidad-colegio-roma\/"},"author":{"name":"admin","@id":"https:\/\/encompaniastj.org\/pt-pt\/#\/schema\/person\/520e7ecc314793d40091993c2a02b651"},"headline":"A\u00e7\u00e3o de gra\u00e7as \u2013 Comunidade Col\u00e9gio Roma","datePublished":"2019-07-16T03:44:35+00:00","dateModified":"2025-07-07T14:20:25+00:00","mainEntityOfPage":{"@id":"https:\/\/encompaniastj.org\/pt-pt\/accion-de-gracias-comunidad-colegio-roma\/"},"wordCount":850,"commentCount":0,"publisher":{"@id":"https:\/\/encompaniastj.org\/pt-pt\/#organization"},"image":{"@id":"https:\/\/encompaniastj.org\/pt-pt\/accion-de-gracias-comunidad-colegio-roma\/#primaryimage"},"thumbnailUrl":"https:\/\/encompaniastj.org\/wp-content\/uploads\/2025\/05\/grazie.jpg","articleSection":["Escolar pt","Noticias"],"inLanguage":"pt-PT","potentialAction":[{"@type":"CommentAction","name":"Comment","target":["https:\/\/encompaniastj.org\/pt-pt\/accion-de-gracias-comunidad-colegio-roma\/#respond"]}]},{"@type":"WebPage","@id":"https:\/\/encompaniastj.org\/pt-pt\/accion-de-gracias-comunidad-colegio-roma\/","url":"https:\/\/encompaniastj.org\/pt-pt\/accion-de-gracias-comunidad-colegio-roma\/","name":"A\u00e7\u00e3o de gra\u00e7as \u2013 Comunidade Col\u00e9gio Roma - En Compa\u00f1\u00eda STJ","isPartOf":{"@id":"https:\/\/encompaniastj.org\/pt-pt\/#website"},"primaryImageOfPage":{"@id":"https:\/\/encompaniastj.org\/pt-pt\/accion-de-gracias-comunidad-colegio-roma\/#primaryimage"},"image":{"@id":"https:\/\/encompaniastj.org\/pt-pt\/accion-de-gracias-comunidad-colegio-roma\/#primaryimage"},"thumbnailUrl":"https:\/\/encompaniastj.org\/wp-content\/uploads\/2025\/05\/grazie.jpg","datePublished":"2019-07-16T03:44:35+00:00","dateModified":"2025-07-07T14:20:25+00:00","breadcrumb":{"@id":"https:\/\/encompaniastj.org\/pt-pt\/accion-de-gracias-comunidad-colegio-roma\/#breadcrumb"},"inLanguage":"pt-PT","potentialAction":[{"@type":"ReadAction","target":["https:\/\/encompaniastj.org\/pt-pt\/accion-de-gracias-comunidad-colegio-roma\/"]}]},{"@type":"ImageObject","inLanguage":"pt-PT","@id":"https:\/\/encompaniastj.org\/pt-pt\/accion-de-gracias-comunidad-colegio-roma\/#primaryimage","url":"https:\/\/encompaniastj.org\/wp-content\/uploads\/2025\/05\/grazie.jpg","contentUrl":"https:\/\/encompaniastj.org\/wp-content\/uploads\/2025\/05\/grazie.jpg","width":934,"height":526},{"@type":"BreadcrumbList","@id":"https:\/\/encompaniastj.org\/pt-pt\/accion-de-gracias-comunidad-colegio-roma\/#breadcrumb","itemListElement":[{"@type":"ListItem","position":1,"name":"Portada","item":"https:\/\/encompaniastj.org\/pt-pt\/"},{"@type":"ListItem","position":2,"name":"A\u00e7\u00e3o de gra\u00e7as \u2013 Comunidade Col\u00e9gio Roma"}]},{"@type":"WebSite","@id":"https:\/\/encompaniastj.org\/pt-pt\/#website","url":"https:\/\/encompaniastj.org\/pt-pt\/","name":"En Compa\u00f1\u00eda STJ","description":"Bolet\u00edn de la Compa\u00f1\u00eda de Santa Teresa de Jes\u00fas","publisher":{"@id":"https:\/\/encompaniastj.org\/pt-pt\/#organization"},"potentialAction":[{"@type":"SearchAction","target":{"@type":"EntryPoint","urlTemplate":"https:\/\/encompaniastj.org\/pt-pt\/?s={search_term_string}"},"query-input":{"@type":"PropertyValueSpecification","valueRequired":true,"valueName":"search_term_string"}}],"inLanguage":"pt-PT"},{"@type":"Organization","@id":"https:\/\/encompaniastj.org\/pt-pt\/#organization","name":"Compa\u00f1\u00eda de Santa Teresa de Jes\u00fas","url":"https:\/\/encompaniastj.org\/pt-pt\/","logo":{"@type":"ImageObject","inLanguage":"pt-PT","@id":"https:\/\/encompaniastj.org\/pt-pt\/#\/schema\/logo\/image\/","url":"https:\/\/encompaniastj.org\/wp-content\/uploads\/2025\/04\/logo_provincias02-1-3.png","contentUrl":"https:\/\/encompaniastj.org\/wp-content\/uploads\/2025\/04\/logo_provincias02-1-3.png","width":2368,"height":825,"caption":"Compa\u00f1\u00eda de Santa Teresa de Jes\u00fas"},"image":{"@id":"https:\/\/encompaniastj.org\/pt-pt\/#\/schema\/logo\/image\/"}},{"@type":"Person","@id":"https:\/\/encompaniastj.org\/pt-pt\/#\/schema\/person\/520e7ecc314793d40091993c2a02b651","name":"admin","image":{"@type":"ImageObject","inLanguage":"pt-PT","@id":"https:\/\/secure.gravatar.com\/avatar\/948b492cce32b586ac2db0eaa926ee87024f7afe218d73b397ea5ddfc5f43ea1?s=96&d=mm&r=g","url":"https:\/\/secure.gravatar.com\/avatar\/948b492cce32b586ac2db0eaa926ee87024f7afe218d73b397ea5ddfc5f43ea1?s=96&d=mm&r=g","contentUrl":"https:\/\/secure.gravatar.com\/avatar\/948b492cce32b586ac2db0eaa926ee87024f7afe218d73b397ea5ddfc5f43ea1?s=96&d=mm&r=g","caption":"admin"},"sameAs":["https:\/\/encompaniastj.org"],"url":"https:\/\/encompaniastj.org\/pt-pt\/author\/sjdigital\/"}]}},"_links":{"self":[{"href":"https:\/\/encompaniastj.org\/pt-pt\/wp-json\/wp\/v2\/posts\/9660","targetHints":{"allow":["GET"]}}],"collection":[{"href":"https:\/\/encompaniastj.org\/pt-pt\/wp-json\/wp\/v2\/posts"}],"about":[{"href":"https:\/\/encompaniastj.org\/pt-pt\/wp-json\/wp\/v2\/types\/post"}],"author":[{"embeddable":true,"href":"https:\/\/encompaniastj.org\/pt-pt\/wp-json\/wp\/v2\/users\/1"}],"replies":[{"embeddable":true,"href":"https:\/\/encompaniastj.org\/pt-pt\/wp-json\/wp\/v2\/comments?post=9660"}],"version-history":[{"count":1,"href":"https:\/\/encompaniastj.org\/pt-pt\/wp-json\/wp\/v2\/posts\/9660\/revisions"}],"predecessor-version":[{"id":9661,"href":"https:\/\/encompaniastj.org\/pt-pt\/wp-json\/wp\/v2\/posts\/9660\/revisions\/9661"}],"wp:featuredmedia":[{"embeddable":true,"href":"https:\/\/encompaniastj.org\/pt-pt\/wp-json\/wp\/v2\/media\/7029"}],"wp:attachment":[{"href":"https:\/\/encompaniastj.org\/pt-pt\/wp-json\/wp\/v2\/media?parent=9660"}],"wp:term":[{"taxonomy":"category","embeddable":true,"href":"https:\/\/encompaniastj.org\/pt-pt\/wp-json\/wp\/v2\/categories?post=9660"},{"taxonomy":"post_tag","embeddable":true,"href":"https:\/\/encompaniastj.org\/pt-pt\/wp-json\/wp\/v2\/tags?post=9660"}],"curies":[{"name":"wp","href":"https:\/\/api.w.org\/{rel}","templated":true}]}}