{"id":9528,"date":"2019-04-23T13:59:41","date_gmt":"2019-04-23T11:59:41","guid":{"rendered":"https:\/\/encompaniastj.org\/mta-centro-de-elvas\/"},"modified":"2025-07-07T16:20:05","modified_gmt":"2025-07-07T14:20:05","slug":"mta-centro-de-elvas","status":"publish","type":"post","link":"https:\/\/encompaniastj.org\/pt-pt\/mta-centro-de-elvas\/","title":{"rendered":"MTA- Centro de Elvas"},"content":{"rendered":"\n<p>Quaresma \u201cPassos para primavera\u201d<\/p>\n\n\n\n<p>Logo no in\u00edcio da Quaresma, a equipa\ncoordenadora do MTA, reuniu-se para a elabora\u00e7\u00e3o do projeto, <strong>\u201cQuaresma \/ P\u00e1scoa\u201d, <\/strong>a fim de\naproveitarmos este tempo forte, para crescermos um pouco mais na F\u00e9 e na\nCaridade j\u00e1 que como diz Teresa, <strong>\u201cnisto\nconsiste a perfei\u00e7\u00e3o, no amor de Deus e do pr\u00f3ximo\u201d . <\/strong>Demos o nome ao\nnossos projeto<strong>, \u201c PASSOS PARA A\nPRIMAVERA\u201d <\/strong>pois isto sab\u00edamos que quer\u00edamos fazer, ir dando passos ao n\u00edvel\nda Interioridade e da Solidariedade para chegarmos \u00e0 P\u00e1scoa mais parecidos com\nJesus no Amor e na Paix\u00e3o pelo Reino. Quer\u00edamos ser disc\u00edpulos mission\u00e1rios \u00e0\nmaneira de Henrique de Oss\u00f3, sendo Luz, no nosso tempo, como ele foi no seu.\nComo no nosso centro existem os tr\u00eas ramos do MTA, program\u00e1mos atividades e\na\u00e7\u00f5es para crian\u00e7as, jovens e adultos quer no \u00e2mbito da Interioridade quer no\n\u00e2mbito da Solidariedade. <\/p>\n\n\n\n<p>No \u00e2mbito da Interioridade, um dia\nintensivo de <strong>ora\u00e7\u00e3o e reflex\u00e3o,<\/strong> para\ncada ramo, de modo a empaparmo-nos do Esp\u00edrito de Jesus pela escuta da Palavra\nde cada domingo, pela reflex\u00e3o da mensagem do Papa para a Quaresma e para o dia\nmundial da Juventude, com momentos fortes de sil\u00eancio e tempos de partilha <\/p>\n\n\n\n<p>No\n\u00e2mbito da Solidariedade intensific\u00e1mos as atividades dos projetos sociais que,\nno nosso centro, s\u00e3o muito intensas ao longo de todos os dias do ano, mas que,\nneste tempo da Quaresma 2019, tornamos mais significativas algumas a\u00e7\u00f5es\nsociais pois sabemos que o Jejum que Deus aprecia \u00e9 o amor aos pobres e\ncarenciados e a aten\u00e7\u00e3o aos que est\u00e3o mais sozinhos e vulner\u00e1veis. Para a\nangaria\u00e7\u00e3o de produtos para a elabora\u00e7\u00e3o de mais de 400 cabazes de alimentos\npara fam\u00edlias carenciadas, fizemos uma recolha de alimentos nas principais\nsuperf\u00edcies comerciais da cidade que contou com o apoio de jovens e adultos do\nMTA, quer para estar a recolher alimentos nos supermercados, quer para a\nelabora\u00e7\u00e3o dos cabazes, quer para os ir entregar \u00e0s fam\u00edlias passando com elas\nmomentos de conv\u00edvio, partilha e escuta dos muitos problemas que t\u00eam,\nprocurando minorar a sua solid\u00e3o e tentando ajudar na supera\u00e7\u00e3o das suas\ndificuldades.<\/p>\n\n\n\n<p>Visitamos um centro de crian\u00e7as em\nrisco, brincamos com elas no jardim e passamos um tempo de conv\u00edvio num centro\nde \u201cSem abrigo\u201d<\/p>\n\n\n\n<p>Distribu\u00edmos refei\u00e7\u00f5es quentes, a\npessoas que vivem na rua, ou vivendo acantonadas em pequenas casas, s\u00e3o muito\ncarenciadas. <\/p>\n\n\n\n<p>N\u00e3o ficamos indiferentes \u00e0s v\u00edtimas do\nFurac\u00e3o Idai de Mo\u00e7ambique, fazendo chegar, tamb\u00e9m a nossa ajuda monet\u00e1ria\natrav\u00e9s da Caritas e enviando caixas de roupa atrav\u00e9s dos CTT de Portugal <\/p>\n\n\n\n<p>Na Semana Santa, fomos convidados a\nparticipar nas celebra\u00e7\u00f5es pr\u00f3prias destes dias, tendo ficado a cargo do MTA do\nnosso centro a organiza\u00e7\u00e3o da Via Sacra p\u00fablica com um percurso de cerca de 3\nkm pelas ruas da cidade. No S\u00e1bado Santo reuniu-se um pequeno grupo de jovens\nna sala do MTA para uma pequena reflex\u00e3o e ora\u00e7\u00e3o de a\u00e7\u00e3o de gra\u00e7as por tudo o\nque foi a viv\u00eancia do nosso projeto, <strong>\u201cPassos\npara a Primavera\u201d<\/strong> que no nosso centro MTA foi muito significativo e ajudou\na florir uma nova Primavera na P\u00e1scoa de Cristo.&nbsp;&nbsp;&nbsp;&nbsp;&nbsp;&nbsp;&nbsp;&nbsp;&nbsp;&nbsp; <\/p>\n\n\n\n<p>Depois de um pequeno lanche desejamos\nuns aos outros uma santa P\u00e1scoa porque sabemos, pela F\u00e9, que Cristo vive no\nmeio de n\u00f3s.<\/p>\n\n\n\n<p>Maria de F\u00e1tima Magalh\u00e3es STJ &nbsp;&nbsp;&nbsp;&nbsp;&nbsp;&nbsp;&nbsp;&nbsp;&nbsp;&nbsp;&nbsp;&nbsp;&nbsp;&nbsp;&nbsp;&nbsp;&nbsp;&nbsp;&nbsp;&nbsp;&nbsp;&nbsp;&nbsp;&nbsp;&nbsp;&nbsp;&nbsp;&nbsp;&nbsp;&nbsp;&nbsp;&nbsp;&nbsp;&nbsp;&nbsp;&nbsp;&nbsp;&nbsp;&nbsp;&nbsp;&nbsp;&nbsp;&nbsp;<\/p>\n","protected":false},"excerpt":{"rendered":"<p>Quaresma \u201cPassos para primavera\u201d Logo no in\u00edcio da Quaresma, a equipa coordenadora do MTA, reuniu-se para a elabora\u00e7\u00e3o do projeto, \u201cQuaresma \/ P\u00e1scoa\u201d, a fim de aproveitarmos este tempo forte, [&hellip;]<\/p>\n","protected":false},"author":1,"featured_media":6908,"comment_status":"open","ping_status":"open","sticky":false,"template":"","format":"standard","meta":{"_acf_changed":false,"footnotes":""},"categories":[61,68],"tags":[],"class_list":["post-9528","post","type-post","status-publish","format-standard","has-post-thumbnail","hentry","category-noticias","category-outras"],"acf":[],"yoast_head":"<!-- This site is optimized with the Yoast SEO plugin v27.5 - https:\/\/yoast.com\/product\/yoast-seo-wordpress\/ -->\n<title>MTA- Centro de Elvas - En Compa\u00f1\u00eda STJ<\/title>\n<meta name=\"robots\" content=\"index, follow, max-snippet:-1, max-image-preview:large, max-video-preview:-1\" \/>\n<link rel=\"canonical\" href=\"https:\/\/encompaniastj.org\/pt-pt\/mta-centro-de-elvas\/\" \/>\n<meta property=\"og:locale\" content=\"pt_PT\" \/>\n<meta property=\"og:type\" content=\"article\" \/>\n<meta property=\"og:title\" content=\"MTA- Centro de Elvas - En Compa\u00f1\u00eda STJ\" \/>\n<meta property=\"og:description\" content=\"Quaresma \u201cPassos para primavera\u201d Logo no in\u00edcio da Quaresma, a equipa coordenadora do MTA, reuniu-se para a elabora\u00e7\u00e3o do projeto, \u201cQuaresma \/ P\u00e1scoa\u201d, a fim de aproveitarmos este tempo forte, [&hellip;]\" \/>\n<meta property=\"og:url\" content=\"https:\/\/encompaniastj.org\/pt-pt\/mta-centro-de-elvas\/\" \/>\n<meta property=\"og:site_name\" content=\"En Compa\u00f1\u00eda STJ\" \/>\n<meta property=\"article:published_time\" content=\"2019-04-23T11:59:41+00:00\" \/>\n<meta property=\"article:modified_time\" content=\"2025-07-07T14:20:05+00:00\" \/>\n<meta property=\"og:image\" content=\"https:\/\/encompaniastj.org\/wp-content\/uploads\/2025\/05\/mta-2.jpg\" \/>\n\t<meta property=\"og:image:width\" content=\"758\" \/>\n\t<meta property=\"og:image:height\" content=\"453\" \/>\n\t<meta property=\"og:image:type\" content=\"image\/jpeg\" \/>\n<meta name=\"author\" content=\"admin\" \/>\n<meta name=\"twitter:card\" content=\"summary_large_image\" \/>\n<meta name=\"twitter:label1\" content=\"Escrito por\" \/>\n\t<meta name=\"twitter:data1\" content=\"admin\" \/>\n\t<meta name=\"twitter:label2\" content=\"Tempo estimado de leitura\" \/>\n\t<meta name=\"twitter:data2\" content=\"3 minutos\" \/>\n<script type=\"application\/ld+json\" class=\"yoast-schema-graph\">{\"@context\":\"https:\\\/\\\/schema.org\",\"@graph\":[{\"@type\":\"Article\",\"@id\":\"https:\\\/\\\/encompaniastj.org\\\/pt-pt\\\/mta-centro-de-elvas\\\/#article\",\"isPartOf\":{\"@id\":\"https:\\\/\\\/encompaniastj.org\\\/pt-pt\\\/mta-centro-de-elvas\\\/\"},\"author\":{\"name\":\"admin\",\"@id\":\"https:\\\/\\\/encompaniastj.org\\\/pt-pt\\\/#\\\/schema\\\/person\\\/520e7ecc314793d40091993c2a02b651\"},\"headline\":\"MTA- Centro de Elvas\",\"datePublished\":\"2019-04-23T11:59:41+00:00\",\"dateModified\":\"2025-07-07T14:20:05+00:00\",\"mainEntityOfPage\":{\"@id\":\"https:\\\/\\\/encompaniastj.org\\\/pt-pt\\\/mta-centro-de-elvas\\\/\"},\"wordCount\":661,\"commentCount\":0,\"publisher\":{\"@id\":\"https:\\\/\\\/encompaniastj.org\\\/pt-pt\\\/#organization\"},\"image\":{\"@id\":\"https:\\\/\\\/encompaniastj.org\\\/pt-pt\\\/mta-centro-de-elvas\\\/#primaryimage\"},\"thumbnailUrl\":\"https:\\\/\\\/encompaniastj.org\\\/wp-content\\\/uploads\\\/2025\\\/05\\\/mta-2.jpg\",\"articleSection\":[\"Noticias\",\"Outras\"],\"inLanguage\":\"pt-PT\",\"potentialAction\":[{\"@type\":\"CommentAction\",\"name\":\"Comment\",\"target\":[\"https:\\\/\\\/encompaniastj.org\\\/pt-pt\\\/mta-centro-de-elvas\\\/#respond\"]}]},{\"@type\":\"WebPage\",\"@id\":\"https:\\\/\\\/encompaniastj.org\\\/pt-pt\\\/mta-centro-de-elvas\\\/\",\"url\":\"https:\\\/\\\/encompaniastj.org\\\/pt-pt\\\/mta-centro-de-elvas\\\/\",\"name\":\"MTA- Centro de Elvas - En Compa\u00f1\u00eda STJ\",\"isPartOf\":{\"@id\":\"https:\\\/\\\/encompaniastj.org\\\/pt-pt\\\/#website\"},\"primaryImageOfPage\":{\"@id\":\"https:\\\/\\\/encompaniastj.org\\\/pt-pt\\\/mta-centro-de-elvas\\\/#primaryimage\"},\"image\":{\"@id\":\"https:\\\/\\\/encompaniastj.org\\\/pt-pt\\\/mta-centro-de-elvas\\\/#primaryimage\"},\"thumbnailUrl\":\"https:\\\/\\\/encompaniastj.org\\\/wp-content\\\/uploads\\\/2025\\\/05\\\/mta-2.jpg\",\"datePublished\":\"2019-04-23T11:59:41+00:00\",\"dateModified\":\"2025-07-07T14:20:05+00:00\",\"breadcrumb\":{\"@id\":\"https:\\\/\\\/encompaniastj.org\\\/pt-pt\\\/mta-centro-de-elvas\\\/#breadcrumb\"},\"inLanguage\":\"pt-PT\",\"potentialAction\":[{\"@type\":\"ReadAction\",\"target\":[\"https:\\\/\\\/encompaniastj.org\\\/pt-pt\\\/mta-centro-de-elvas\\\/\"]}]},{\"@type\":\"ImageObject\",\"inLanguage\":\"pt-PT\",\"@id\":\"https:\\\/\\\/encompaniastj.org\\\/pt-pt\\\/mta-centro-de-elvas\\\/#primaryimage\",\"url\":\"https:\\\/\\\/encompaniastj.org\\\/wp-content\\\/uploads\\\/2025\\\/05\\\/mta-2.jpg\",\"contentUrl\":\"https:\\\/\\\/encompaniastj.org\\\/wp-content\\\/uploads\\\/2025\\\/05\\\/mta-2.jpg\",\"width\":758,\"height\":453},{\"@type\":\"BreadcrumbList\",\"@id\":\"https:\\\/\\\/encompaniastj.org\\\/pt-pt\\\/mta-centro-de-elvas\\\/#breadcrumb\",\"itemListElement\":[{\"@type\":\"ListItem\",\"position\":1,\"name\":\"Portada\",\"item\":\"https:\\\/\\\/encompaniastj.org\\\/pt-pt\\\/\"},{\"@type\":\"ListItem\",\"position\":2,\"name\":\"MTA- Centro de Elvas\"}]},{\"@type\":\"WebSite\",\"@id\":\"https:\\\/\\\/encompaniastj.org\\\/pt-pt\\\/#website\",\"url\":\"https:\\\/\\\/encompaniastj.org\\\/pt-pt\\\/\",\"name\":\"En Compa\u00f1\u00eda STJ\",\"description\":\"Bolet\u00edn de la Compa\u00f1\u00eda de Santa Teresa de Jes\u00fas\",\"publisher\":{\"@id\":\"https:\\\/\\\/encompaniastj.org\\\/pt-pt\\\/#organization\"},\"potentialAction\":[{\"@type\":\"SearchAction\",\"target\":{\"@type\":\"EntryPoint\",\"urlTemplate\":\"https:\\\/\\\/encompaniastj.org\\\/pt-pt\\\/?s={search_term_string}\"},\"query-input\":{\"@type\":\"PropertyValueSpecification\",\"valueRequired\":true,\"valueName\":\"search_term_string\"}}],\"inLanguage\":\"pt-PT\"},{\"@type\":\"Organization\",\"@id\":\"https:\\\/\\\/encompaniastj.org\\\/pt-pt\\\/#organization\",\"name\":\"Compa\u00f1\u00eda de Santa Teresa de Jes\u00fas\",\"url\":\"https:\\\/\\\/encompaniastj.org\\\/pt-pt\\\/\",\"logo\":{\"@type\":\"ImageObject\",\"inLanguage\":\"pt-PT\",\"@id\":\"https:\\\/\\\/encompaniastj.org\\\/pt-pt\\\/#\\\/schema\\\/logo\\\/image\\\/\",\"url\":\"https:\\\/\\\/encompaniastj.org\\\/wp-content\\\/uploads\\\/2025\\\/04\\\/logo_provincias02-1-3.png\",\"contentUrl\":\"https:\\\/\\\/encompaniastj.org\\\/wp-content\\\/uploads\\\/2025\\\/04\\\/logo_provincias02-1-3.png\",\"width\":2368,\"height\":825,\"caption\":\"Compa\u00f1\u00eda de Santa Teresa de Jes\u00fas\"},\"image\":{\"@id\":\"https:\\\/\\\/encompaniastj.org\\\/pt-pt\\\/#\\\/schema\\\/logo\\\/image\\\/\"}},{\"@type\":\"Person\",\"@id\":\"https:\\\/\\\/encompaniastj.org\\\/pt-pt\\\/#\\\/schema\\\/person\\\/520e7ecc314793d40091993c2a02b651\",\"name\":\"admin\",\"image\":{\"@type\":\"ImageObject\",\"inLanguage\":\"pt-PT\",\"@id\":\"https:\\\/\\\/secure.gravatar.com\\\/avatar\\\/948b492cce32b586ac2db0eaa926ee87024f7afe218d73b397ea5ddfc5f43ea1?s=96&d=mm&r=g\",\"url\":\"https:\\\/\\\/secure.gravatar.com\\\/avatar\\\/948b492cce32b586ac2db0eaa926ee87024f7afe218d73b397ea5ddfc5f43ea1?s=96&d=mm&r=g\",\"contentUrl\":\"https:\\\/\\\/secure.gravatar.com\\\/avatar\\\/948b492cce32b586ac2db0eaa926ee87024f7afe218d73b397ea5ddfc5f43ea1?s=96&d=mm&r=g\",\"caption\":\"admin\"},\"sameAs\":[\"https:\\\/\\\/encompaniastj.org\"],\"url\":\"https:\\\/\\\/encompaniastj.org\\\/pt-pt\\\/author\\\/sjdigital\\\/\"}]}<\/script>\n<!-- \/ Yoast SEO plugin. -->","yoast_head_json":{"title":"MTA- Centro de Elvas - En Compa\u00f1\u00eda STJ","robots":{"index":"index","follow":"follow","max-snippet":"max-snippet:-1","max-image-preview":"max-image-preview:large","max-video-preview":"max-video-preview:-1"},"canonical":"https:\/\/encompaniastj.org\/pt-pt\/mta-centro-de-elvas\/","og_locale":"pt_PT","og_type":"article","og_title":"MTA- Centro de Elvas - En Compa\u00f1\u00eda STJ","og_description":"Quaresma \u201cPassos para primavera\u201d Logo no in\u00edcio da Quaresma, a equipa coordenadora do MTA, reuniu-se para a elabora\u00e7\u00e3o do projeto, \u201cQuaresma \/ P\u00e1scoa\u201d, a fim de aproveitarmos este tempo forte, [&hellip;]","og_url":"https:\/\/encompaniastj.org\/pt-pt\/mta-centro-de-elvas\/","og_site_name":"En Compa\u00f1\u00eda STJ","article_published_time":"2019-04-23T11:59:41+00:00","article_modified_time":"2025-07-07T14:20:05+00:00","og_image":[{"width":758,"height":453,"url":"https:\/\/encompaniastj.org\/wp-content\/uploads\/2025\/05\/mta-2.jpg","type":"image\/jpeg"}],"author":"admin","twitter_card":"summary_large_image","twitter_misc":{"Escrito por":"admin","Tempo estimado de leitura":"3 minutos"},"schema":{"@context":"https:\/\/schema.org","@graph":[{"@type":"Article","@id":"https:\/\/encompaniastj.org\/pt-pt\/mta-centro-de-elvas\/#article","isPartOf":{"@id":"https:\/\/encompaniastj.org\/pt-pt\/mta-centro-de-elvas\/"},"author":{"name":"admin","@id":"https:\/\/encompaniastj.org\/pt-pt\/#\/schema\/person\/520e7ecc314793d40091993c2a02b651"},"headline":"MTA- Centro de Elvas","datePublished":"2019-04-23T11:59:41+00:00","dateModified":"2025-07-07T14:20:05+00:00","mainEntityOfPage":{"@id":"https:\/\/encompaniastj.org\/pt-pt\/mta-centro-de-elvas\/"},"wordCount":661,"commentCount":0,"publisher":{"@id":"https:\/\/encompaniastj.org\/pt-pt\/#organization"},"image":{"@id":"https:\/\/encompaniastj.org\/pt-pt\/mta-centro-de-elvas\/#primaryimage"},"thumbnailUrl":"https:\/\/encompaniastj.org\/wp-content\/uploads\/2025\/05\/mta-2.jpg","articleSection":["Noticias","Outras"],"inLanguage":"pt-PT","potentialAction":[{"@type":"CommentAction","name":"Comment","target":["https:\/\/encompaniastj.org\/pt-pt\/mta-centro-de-elvas\/#respond"]}]},{"@type":"WebPage","@id":"https:\/\/encompaniastj.org\/pt-pt\/mta-centro-de-elvas\/","url":"https:\/\/encompaniastj.org\/pt-pt\/mta-centro-de-elvas\/","name":"MTA- Centro de Elvas - En Compa\u00f1\u00eda STJ","isPartOf":{"@id":"https:\/\/encompaniastj.org\/pt-pt\/#website"},"primaryImageOfPage":{"@id":"https:\/\/encompaniastj.org\/pt-pt\/mta-centro-de-elvas\/#primaryimage"},"image":{"@id":"https:\/\/encompaniastj.org\/pt-pt\/mta-centro-de-elvas\/#primaryimage"},"thumbnailUrl":"https:\/\/encompaniastj.org\/wp-content\/uploads\/2025\/05\/mta-2.jpg","datePublished":"2019-04-23T11:59:41+00:00","dateModified":"2025-07-07T14:20:05+00:00","breadcrumb":{"@id":"https:\/\/encompaniastj.org\/pt-pt\/mta-centro-de-elvas\/#breadcrumb"},"inLanguage":"pt-PT","potentialAction":[{"@type":"ReadAction","target":["https:\/\/encompaniastj.org\/pt-pt\/mta-centro-de-elvas\/"]}]},{"@type":"ImageObject","inLanguage":"pt-PT","@id":"https:\/\/encompaniastj.org\/pt-pt\/mta-centro-de-elvas\/#primaryimage","url":"https:\/\/encompaniastj.org\/wp-content\/uploads\/2025\/05\/mta-2.jpg","contentUrl":"https:\/\/encompaniastj.org\/wp-content\/uploads\/2025\/05\/mta-2.jpg","width":758,"height":453},{"@type":"BreadcrumbList","@id":"https:\/\/encompaniastj.org\/pt-pt\/mta-centro-de-elvas\/#breadcrumb","itemListElement":[{"@type":"ListItem","position":1,"name":"Portada","item":"https:\/\/encompaniastj.org\/pt-pt\/"},{"@type":"ListItem","position":2,"name":"MTA- Centro de Elvas"}]},{"@type":"WebSite","@id":"https:\/\/encompaniastj.org\/pt-pt\/#website","url":"https:\/\/encompaniastj.org\/pt-pt\/","name":"En Compa\u00f1\u00eda STJ","description":"Bolet\u00edn de la Compa\u00f1\u00eda de Santa Teresa de Jes\u00fas","publisher":{"@id":"https:\/\/encompaniastj.org\/pt-pt\/#organization"},"potentialAction":[{"@type":"SearchAction","target":{"@type":"EntryPoint","urlTemplate":"https:\/\/encompaniastj.org\/pt-pt\/?s={search_term_string}"},"query-input":{"@type":"PropertyValueSpecification","valueRequired":true,"valueName":"search_term_string"}}],"inLanguage":"pt-PT"},{"@type":"Organization","@id":"https:\/\/encompaniastj.org\/pt-pt\/#organization","name":"Compa\u00f1\u00eda de Santa Teresa de Jes\u00fas","url":"https:\/\/encompaniastj.org\/pt-pt\/","logo":{"@type":"ImageObject","inLanguage":"pt-PT","@id":"https:\/\/encompaniastj.org\/pt-pt\/#\/schema\/logo\/image\/","url":"https:\/\/encompaniastj.org\/wp-content\/uploads\/2025\/04\/logo_provincias02-1-3.png","contentUrl":"https:\/\/encompaniastj.org\/wp-content\/uploads\/2025\/04\/logo_provincias02-1-3.png","width":2368,"height":825,"caption":"Compa\u00f1\u00eda de Santa Teresa de Jes\u00fas"},"image":{"@id":"https:\/\/encompaniastj.org\/pt-pt\/#\/schema\/logo\/image\/"}},{"@type":"Person","@id":"https:\/\/encompaniastj.org\/pt-pt\/#\/schema\/person\/520e7ecc314793d40091993c2a02b651","name":"admin","image":{"@type":"ImageObject","inLanguage":"pt-PT","@id":"https:\/\/secure.gravatar.com\/avatar\/948b492cce32b586ac2db0eaa926ee87024f7afe218d73b397ea5ddfc5f43ea1?s=96&d=mm&r=g","url":"https:\/\/secure.gravatar.com\/avatar\/948b492cce32b586ac2db0eaa926ee87024f7afe218d73b397ea5ddfc5f43ea1?s=96&d=mm&r=g","contentUrl":"https:\/\/secure.gravatar.com\/avatar\/948b492cce32b586ac2db0eaa926ee87024f7afe218d73b397ea5ddfc5f43ea1?s=96&d=mm&r=g","caption":"admin"},"sameAs":["https:\/\/encompaniastj.org"],"url":"https:\/\/encompaniastj.org\/pt-pt\/author\/sjdigital\/"}]}},"_links":{"self":[{"href":"https:\/\/encompaniastj.org\/pt-pt\/wp-json\/wp\/v2\/posts\/9528","targetHints":{"allow":["GET"]}}],"collection":[{"href":"https:\/\/encompaniastj.org\/pt-pt\/wp-json\/wp\/v2\/posts"}],"about":[{"href":"https:\/\/encompaniastj.org\/pt-pt\/wp-json\/wp\/v2\/types\/post"}],"author":[{"embeddable":true,"href":"https:\/\/encompaniastj.org\/pt-pt\/wp-json\/wp\/v2\/users\/1"}],"replies":[{"embeddable":true,"href":"https:\/\/encompaniastj.org\/pt-pt\/wp-json\/wp\/v2\/comments?post=9528"}],"version-history":[{"count":1,"href":"https:\/\/encompaniastj.org\/pt-pt\/wp-json\/wp\/v2\/posts\/9528\/revisions"}],"predecessor-version":[{"id":9529,"href":"https:\/\/encompaniastj.org\/pt-pt\/wp-json\/wp\/v2\/posts\/9528\/revisions\/9529"}],"wp:featuredmedia":[{"embeddable":true,"href":"https:\/\/encompaniastj.org\/pt-pt\/wp-json\/wp\/v2\/media\/6908"}],"wp:attachment":[{"href":"https:\/\/encompaniastj.org\/pt-pt\/wp-json\/wp\/v2\/media?parent=9528"}],"wp:term":[{"taxonomy":"category","embeddable":true,"href":"https:\/\/encompaniastj.org\/pt-pt\/wp-json\/wp\/v2\/categories?post=9528"},{"taxonomy":"post_tag","embeddable":true,"href":"https:\/\/encompaniastj.org\/pt-pt\/wp-json\/wp\/v2\/tags?post=9528"}],"curies":[{"name":"wp","href":"https:\/\/api.w.org\/{rel}","templated":true}]}}