{"id":9346,"date":"2019-02-03T22:55:59","date_gmt":"2019-02-03T21:55:59","guid":{"rendered":"https:\/\/encompaniastj.org\/mta-portugal-celebracoes-de-santo-henrique\/"},"modified":"2025-07-07T16:19:39","modified_gmt":"2025-07-07T14:19:39","slug":"mta-portugal-celebracoes-de-santo-henrique","status":"publish","type":"post","link":"https:\/\/encompaniastj.org\/pt-pt\/mta-portugal-celebracoes-de-santo-henrique\/","title":{"rendered":"MTA Portugal: Celebra\u00e7\u00f5es de Santo Henrique"},"content":{"rendered":"\n<p>Uma vez mais, o MTA Portugal fez quest\u00e3o de celebrar a festa de\nSt. Henrique de Oss\u00f3, dando gra\u00e7as pela vida e obra do seu fundador.<\/p>\n\n\n\n<p>Individualmente, ou unindo-se \u00e0 restante Fam\u00edlia Teresiana e\ncomunidades locais, os v\u00e1rios centros do MTA Portugal, e at\u00e9 um grupo de jovens\nem Lisboa, esfor\u00e7aram-se por n\u00e3o deixar a data passar em branco, ainda para\nmais, sendo a festa utilizada para renovar o compromisso como membros do MTA.<\/p>\n\n\n\n<p>Crian\u00e7as, jovens e adultos, um pouco por todo o pa\u00eds, fizeram quest\u00e3o de afirmar que queriam ser parte do\nsonho de Henrique, sendo \"ap\u00f3stolos no pr\u00f3prio ambiente\", e, como\nprova, receberam os respetivos s\u00edmbolos desse compromisso.<\/p>\n\n\n\n<p>TxJ!<\/p>\n\n\n\n<ul class=\"wp-block-gallery columns-3 is-cropped wp-block-gallery-1 is-layout-flex wp-block-gallery-is-layout-flex\"><li class=\"blocks-gallery-item\"><figure><a href=\"https:\/\/encompaniastj.org\/wp-content\/uploads\/2025\/05\/redux-TORRES-VEDRAS-4.jpg\"><img decoding=\"async\" src=\"https:\/\/encompaniastj.org\/wp-content\/uploads\/2025\/05\/redux-TORRES-VEDRAS-4.jpg\" alt=\"\" data-id=\"3356\" data-link=\"https:\/\/encompaniastj.org\/pt-pt\/?attachment_id=3356\" class=\"wp-image-3356\"\/><\/a><\/figure><\/li><li class=\"blocks-gallery-item\"><figure><a href=\"https:\/\/encompaniastj.org\/wp-content\/uploads\/2025\/05\/redux-TORRES-VEDRAS-1.jpg\"><img decoding=\"async\" src=\"https:\/\/encompaniastj.org\/wp-content\/uploads\/2025\/05\/redux-TORRES-VEDRAS-1.jpg\" alt=\"\" data-id=\"3354\" data-link=\"https:\/\/encompaniastj.org\/pt-pt\/?attachment_id=3354\" class=\"wp-image-3354\"\/><\/a><\/figure><\/li><li class=\"blocks-gallery-item\"><figure><a href=\"https:\/\/encompaniastj.org\/wp-content\/uploads\/2025\/05\/redux-SANTO-TIRSO-18.jpg\"><img decoding=\"async\" src=\"https:\/\/encompaniastj.org\/wp-content\/uploads\/2025\/05\/redux-SANTO-TIRSO-18.jpg\" alt=\"\" data-id=\"3352\" data-link=\"https:\/\/encompaniastj.org\/pt-pt\/?attachment_id=3352\" class=\"wp-image-3352\"\/><\/a><\/figure><\/li><li class=\"blocks-gallery-item\"><figure><a href=\"https:\/\/encompaniastj.org\/wp-content\/uploads\/2025\/05\/redux-SANTO-TIRSO-12.jpg\"><img decoding=\"async\" src=\"https:\/\/encompaniastj.org\/wp-content\/uploads\/2025\/05\/redux-SANTO-TIRSO-12.jpg\" alt=\"\" data-id=\"3350\" data-link=\"https:\/\/encompaniastj.org\/pt-pt\/?attachment_id=3350\" class=\"wp-image-3350\"\/><\/a><\/figure><\/li><li class=\"blocks-gallery-item\"><figure><a href=\"https:\/\/encompaniastj.org\/wp-content\/uploads\/2025\/05\/redux-LISBOA.jpg\"><img decoding=\"async\" src=\"https:\/\/encompaniastj.org\/wp-content\/uploads\/2025\/05\/redux-LISBOA.jpg\" alt=\"\" data-id=\"3348\" data-link=\"https:\/\/encompaniastj.org\/pt-pt\/?attachment_id=3348\" class=\"wp-image-3348\"\/><\/a><\/figure><\/li><li class=\"blocks-gallery-item\"><figure><a href=\"https:\/\/encompaniastj.org\/wp-content\/uploads\/2025\/05\/redux-ELVAS-1.jpg\"><img decoding=\"async\" src=\"https:\/\/encompaniastj.org\/wp-content\/uploads\/2025\/05\/redux-ELVAS-1.jpg\" alt=\"\" data-id=\"3346\" data-link=\"https:\/\/encompaniastj.org\/pt-pt\/?attachment_id=3346\" class=\"wp-image-3346\"\/><\/a><\/figure><\/li><li class=\"blocks-gallery-item\"><figure><a href=\"https:\/\/encompaniastj.org\/wp-content\/uploads\/2025\/05\/redux-BRAGA-12.jpg\"><img decoding=\"async\" src=\"https:\/\/encompaniastj.org\/wp-content\/uploads\/2025\/05\/redux-BRAGA-12.jpg\" alt=\"\" data-id=\"3344\" data-link=\"https:\/\/encompaniastj.org\/pt-pt\/?attachment_id=3344\" class=\"wp-image-3344\"\/><\/a><\/figure><\/li><li class=\"blocks-gallery-item\"><figure><a href=\"https:\/\/encompaniastj.org\/wp-content\/uploads\/2025\/05\/redux-BRAGA-7.jpg\"><img decoding=\"async\" src=\"https:\/\/encompaniastj.org\/wp-content\/uploads\/2025\/05\/redux-BRAGA-7.jpg\" alt=\"\" data-id=\"3342\" data-link=\"https:\/\/encompaniastj.org\/pt-pt\/?attachment_id=3342\" class=\"wp-image-3342\"\/><\/a><\/figure><\/li><li class=\"blocks-gallery-item\"><figure><a href=\"https:\/\/encompaniastj.org\/wp-content\/uploads\/2025\/05\/redux-ALPALHAO-19-1024x576-1.jpg\"><img decoding=\"async\" src=\"https:\/\/encompaniastj.org\/wp-content\/uploads\/2025\/05\/redux-ALPALHAO-19-1024x576-1.jpg\" alt=\"\" data-id=\"3340\" data-link=\"https:\/\/encompaniastj.org\/pt-pt\/?attachment_id=3340\" class=\"wp-image-3340\"\/><\/a><\/figure><\/li><li class=\"blocks-gallery-item\"><figure><a href=\"https:\/\/encompaniastj.org\/wp-content\/uploads\/2025\/05\/redux-ALPALHAO-7-1024x576-1.jpg\"><img decoding=\"async\" src=\"https:\/\/encompaniastj.org\/wp-content\/uploads\/2025\/05\/redux-ALPALHAO-7-1024x576-1.jpg\" alt=\"\" data-id=\"3338\" data-link=\"https:\/\/encompaniastj.org\/pt-pt\/?attachment_id=3338\" class=\"wp-image-3338\"\/><\/a><\/figure><\/li><li class=\"blocks-gallery-item\"><figure><a href=\"https:\/\/encompaniastj.org\/wp-content\/uploads\/2025\/05\/redux-ALPALHAO-1-1024x576-1.jpg\"><img decoding=\"async\" src=\"https:\/\/encompaniastj.org\/wp-content\/uploads\/2025\/05\/redux-ALPALHAO-1-1024x576-1.jpg\" alt=\"\" data-id=\"3336\" data-link=\"https:\/\/encompaniastj.org\/pt-pt\/?attachment_id=3336\" class=\"wp-image-3336\"\/><\/a><figcaption>dav<\/figcaption><\/figure><\/li><\/ul>\n","protected":false},"excerpt":{"rendered":"<p>Uma vez mais, o MTA Portugal fez quest\u00e3o de celebrar a festa de St. Henrique de Oss\u00f3, dando gra\u00e7as pela vida e obra do seu fundador. Individualmente, ou unindo-se \u00e0 [&hellip;]<\/p>\n","protected":false},"author":1,"featured_media":6722,"comment_status":"open","ping_status":"open","sticky":false,"template":"","format":"standard","meta":{"_acf_changed":false,"footnotes":""},"categories":[61,68],"tags":[],"class_list":["post-9346","post","type-post","status-publish","format-standard","has-post-thumbnail","hentry","category-noticias","category-outras"],"acf":[],"yoast_head":"<!-- This site is optimized with the Yoast SEO plugin v27.5 - https:\/\/yoast.com\/product\/yoast-seo-wordpress\/ -->\n<title>MTA Portugal: Celebra\u00e7\u00f5es de Santo Henrique - En Compa\u00f1\u00eda STJ<\/title>\n<meta name=\"robots\" content=\"index, follow, max-snippet:-1, max-image-preview:large, max-video-preview:-1\" \/>\n<link rel=\"canonical\" href=\"https:\/\/encompaniastj.org\/pt-pt\/mta-portugal-celebracoes-de-santo-henrique\/\" \/>\n<meta property=\"og:locale\" content=\"pt_PT\" \/>\n<meta property=\"og:type\" content=\"article\" \/>\n<meta property=\"og:title\" content=\"MTA Portugal: Celebra\u00e7\u00f5es de Santo Henrique - En Compa\u00f1\u00eda STJ\" \/>\n<meta property=\"og:description\" content=\"Uma vez mais, o MTA Portugal fez quest\u00e3o de celebrar a festa de St. Henrique de Oss\u00f3, dando gra\u00e7as pela vida e obra do seu fundador. Individualmente, ou unindo-se \u00e0 [&hellip;]\" \/>\n<meta property=\"og:url\" content=\"https:\/\/encompaniastj.org\/pt-pt\/mta-portugal-celebracoes-de-santo-henrique\/\" \/>\n<meta property=\"og:site_name\" content=\"En Compa\u00f1\u00eda STJ\" \/>\n<meta property=\"article:published_time\" content=\"2019-02-03T21:55:59+00:00\" \/>\n<meta property=\"article:modified_time\" content=\"2025-07-07T14:19:39+00:00\" \/>\n<meta property=\"og:image\" content=\"https:\/\/encompaniastj.org\/wp-content\/uploads\/2025\/05\/cabeza-SANTO-TIRSO-3.jpg\" \/>\n\t<meta property=\"og:image:width\" content=\"1920\" \/>\n\t<meta property=\"og:image:height\" content=\"1080\" \/>\n\t<meta property=\"og:image:type\" content=\"image\/jpeg\" \/>\n<meta name=\"author\" content=\"admin\" \/>\n<meta name=\"twitter:card\" content=\"summary_large_image\" \/>\n<meta name=\"twitter:label1\" content=\"Escrito por\" \/>\n\t<meta name=\"twitter:data1\" content=\"admin\" \/>\n\t<meta name=\"twitter:label2\" content=\"Tempo estimado de leitura\" \/>\n\t<meta name=\"twitter:data2\" content=\"1 minuto\" \/>\n<script type=\"application\/ld+json\" class=\"yoast-schema-graph\">{\"@context\":\"https:\\\/\\\/schema.org\",\"@graph\":[{\"@type\":\"Article\",\"@id\":\"https:\\\/\\\/encompaniastj.org\\\/pt-pt\\\/mta-portugal-celebracoes-de-santo-henrique\\\/#article\",\"isPartOf\":{\"@id\":\"https:\\\/\\\/encompaniastj.org\\\/pt-pt\\\/mta-portugal-celebracoes-de-santo-henrique\\\/\"},\"author\":{\"name\":\"admin\",\"@id\":\"https:\\\/\\\/encompaniastj.org\\\/pt-pt\\\/#\\\/schema\\\/person\\\/520e7ecc314793d40091993c2a02b651\"},\"headline\":\"MTA Portugal: Celebra\u00e7\u00f5es de Santo Henrique\",\"datePublished\":\"2019-02-03T21:55:59+00:00\",\"dateModified\":\"2025-07-07T14:19:39+00:00\",\"mainEntityOfPage\":{\"@id\":\"https:\\\/\\\/encompaniastj.org\\\/pt-pt\\\/mta-portugal-celebracoes-de-santo-henrique\\\/\"},\"wordCount\":130,\"commentCount\":0,\"publisher\":{\"@id\":\"https:\\\/\\\/encompaniastj.org\\\/pt-pt\\\/#organization\"},\"image\":{\"@id\":\"https:\\\/\\\/encompaniastj.org\\\/pt-pt\\\/mta-portugal-celebracoes-de-santo-henrique\\\/#primaryimage\"},\"thumbnailUrl\":\"https:\\\/\\\/encompaniastj.org\\\/wp-content\\\/uploads\\\/2025\\\/05\\\/cabeza-SANTO-TIRSO-3.jpg\",\"articleSection\":[\"Noticias\",\"Outras\"],\"inLanguage\":\"pt-PT\",\"potentialAction\":[{\"@type\":\"CommentAction\",\"name\":\"Comment\",\"target\":[\"https:\\\/\\\/encompaniastj.org\\\/pt-pt\\\/mta-portugal-celebracoes-de-santo-henrique\\\/#respond\"]}]},{\"@type\":\"WebPage\",\"@id\":\"https:\\\/\\\/encompaniastj.org\\\/pt-pt\\\/mta-portugal-celebracoes-de-santo-henrique\\\/\",\"url\":\"https:\\\/\\\/encompaniastj.org\\\/pt-pt\\\/mta-portugal-celebracoes-de-santo-henrique\\\/\",\"name\":\"MTA Portugal: Celebra\u00e7\u00f5es de Santo Henrique - En Compa\u00f1\u00eda STJ\",\"isPartOf\":{\"@id\":\"https:\\\/\\\/encompaniastj.org\\\/pt-pt\\\/#website\"},\"primaryImageOfPage\":{\"@id\":\"https:\\\/\\\/encompaniastj.org\\\/pt-pt\\\/mta-portugal-celebracoes-de-santo-henrique\\\/#primaryimage\"},\"image\":{\"@id\":\"https:\\\/\\\/encompaniastj.org\\\/pt-pt\\\/mta-portugal-celebracoes-de-santo-henrique\\\/#primaryimage\"},\"thumbnailUrl\":\"https:\\\/\\\/encompaniastj.org\\\/wp-content\\\/uploads\\\/2025\\\/05\\\/cabeza-SANTO-TIRSO-3.jpg\",\"datePublished\":\"2019-02-03T21:55:59+00:00\",\"dateModified\":\"2025-07-07T14:19:39+00:00\",\"breadcrumb\":{\"@id\":\"https:\\\/\\\/encompaniastj.org\\\/pt-pt\\\/mta-portugal-celebracoes-de-santo-henrique\\\/#breadcrumb\"},\"inLanguage\":\"pt-PT\",\"potentialAction\":[{\"@type\":\"ReadAction\",\"target\":[\"https:\\\/\\\/encompaniastj.org\\\/pt-pt\\\/mta-portugal-celebracoes-de-santo-henrique\\\/\"]}]},{\"@type\":\"ImageObject\",\"inLanguage\":\"pt-PT\",\"@id\":\"https:\\\/\\\/encompaniastj.org\\\/pt-pt\\\/mta-portugal-celebracoes-de-santo-henrique\\\/#primaryimage\",\"url\":\"https:\\\/\\\/encompaniastj.org\\\/wp-content\\\/uploads\\\/2025\\\/05\\\/cabeza-SANTO-TIRSO-3.jpg\",\"contentUrl\":\"https:\\\/\\\/encompaniastj.org\\\/wp-content\\\/uploads\\\/2025\\\/05\\\/cabeza-SANTO-TIRSO-3.jpg\",\"width\":1920,\"height\":1080},{\"@type\":\"BreadcrumbList\",\"@id\":\"https:\\\/\\\/encompaniastj.org\\\/pt-pt\\\/mta-portugal-celebracoes-de-santo-henrique\\\/#breadcrumb\",\"itemListElement\":[{\"@type\":\"ListItem\",\"position\":1,\"name\":\"Portada\",\"item\":\"https:\\\/\\\/encompaniastj.org\\\/pt-pt\\\/\"},{\"@type\":\"ListItem\",\"position\":2,\"name\":\"MTA Portugal: Celebra\u00e7\u00f5es de Santo Henrique\"}]},{\"@type\":\"WebSite\",\"@id\":\"https:\\\/\\\/encompaniastj.org\\\/pt-pt\\\/#website\",\"url\":\"https:\\\/\\\/encompaniastj.org\\\/pt-pt\\\/\",\"name\":\"En Compa\u00f1\u00eda STJ\",\"description\":\"Bolet\u00edn de la Compa\u00f1\u00eda de Santa Teresa de Jes\u00fas\",\"publisher\":{\"@id\":\"https:\\\/\\\/encompaniastj.org\\\/pt-pt\\\/#organization\"},\"potentialAction\":[{\"@type\":\"SearchAction\",\"target\":{\"@type\":\"EntryPoint\",\"urlTemplate\":\"https:\\\/\\\/encompaniastj.org\\\/pt-pt\\\/?s={search_term_string}\"},\"query-input\":{\"@type\":\"PropertyValueSpecification\",\"valueRequired\":true,\"valueName\":\"search_term_string\"}}],\"inLanguage\":\"pt-PT\"},{\"@type\":\"Organization\",\"@id\":\"https:\\\/\\\/encompaniastj.org\\\/pt-pt\\\/#organization\",\"name\":\"Compa\u00f1\u00eda de Santa Teresa de Jes\u00fas\",\"url\":\"https:\\\/\\\/encompaniastj.org\\\/pt-pt\\\/\",\"logo\":{\"@type\":\"ImageObject\",\"inLanguage\":\"pt-PT\",\"@id\":\"https:\\\/\\\/encompaniastj.org\\\/pt-pt\\\/#\\\/schema\\\/logo\\\/image\\\/\",\"url\":\"https:\\\/\\\/encompaniastj.org\\\/wp-content\\\/uploads\\\/2025\\\/04\\\/logo_provincias02-1-3.png\",\"contentUrl\":\"https:\\\/\\\/encompaniastj.org\\\/wp-content\\\/uploads\\\/2025\\\/04\\\/logo_provincias02-1-3.png\",\"width\":2368,\"height\":825,\"caption\":\"Compa\u00f1\u00eda de Santa Teresa de Jes\u00fas\"},\"image\":{\"@id\":\"https:\\\/\\\/encompaniastj.org\\\/pt-pt\\\/#\\\/schema\\\/logo\\\/image\\\/\"}},{\"@type\":\"Person\",\"@id\":\"https:\\\/\\\/encompaniastj.org\\\/pt-pt\\\/#\\\/schema\\\/person\\\/520e7ecc314793d40091993c2a02b651\",\"name\":\"admin\",\"image\":{\"@type\":\"ImageObject\",\"inLanguage\":\"pt-PT\",\"@id\":\"https:\\\/\\\/secure.gravatar.com\\\/avatar\\\/948b492cce32b586ac2db0eaa926ee87024f7afe218d73b397ea5ddfc5f43ea1?s=96&d=mm&r=g\",\"url\":\"https:\\\/\\\/secure.gravatar.com\\\/avatar\\\/948b492cce32b586ac2db0eaa926ee87024f7afe218d73b397ea5ddfc5f43ea1?s=96&d=mm&r=g\",\"contentUrl\":\"https:\\\/\\\/secure.gravatar.com\\\/avatar\\\/948b492cce32b586ac2db0eaa926ee87024f7afe218d73b397ea5ddfc5f43ea1?s=96&d=mm&r=g\",\"caption\":\"admin\"},\"sameAs\":[\"https:\\\/\\\/encompaniastj.org\"],\"url\":\"https:\\\/\\\/encompaniastj.org\\\/pt-pt\\\/author\\\/sjdigital\\\/\"}]}<\/script>\n<!-- \/ Yoast SEO plugin. -->","yoast_head_json":{"title":"MTA Portugal: Celebra\u00e7\u00f5es de Santo Henrique - En Compa\u00f1\u00eda STJ","robots":{"index":"index","follow":"follow","max-snippet":"max-snippet:-1","max-image-preview":"max-image-preview:large","max-video-preview":"max-video-preview:-1"},"canonical":"https:\/\/encompaniastj.org\/pt-pt\/mta-portugal-celebracoes-de-santo-henrique\/","og_locale":"pt_PT","og_type":"article","og_title":"MTA Portugal: Celebra\u00e7\u00f5es de Santo Henrique - En Compa\u00f1\u00eda STJ","og_description":"Uma vez mais, o MTA Portugal fez quest\u00e3o de celebrar a festa de St. Henrique de Oss\u00f3, dando gra\u00e7as pela vida e obra do seu fundador. Individualmente, ou unindo-se \u00e0 [&hellip;]","og_url":"https:\/\/encompaniastj.org\/pt-pt\/mta-portugal-celebracoes-de-santo-henrique\/","og_site_name":"En Compa\u00f1\u00eda STJ","article_published_time":"2019-02-03T21:55:59+00:00","article_modified_time":"2025-07-07T14:19:39+00:00","og_image":[{"width":1920,"height":1080,"url":"https:\/\/encompaniastj.org\/wp-content\/uploads\/2025\/05\/cabeza-SANTO-TIRSO-3.jpg","type":"image\/jpeg"}],"author":"admin","twitter_card":"summary_large_image","twitter_misc":{"Escrito por":"admin","Tempo estimado de leitura":"1 minuto"},"schema":{"@context":"https:\/\/schema.org","@graph":[{"@type":"Article","@id":"https:\/\/encompaniastj.org\/pt-pt\/mta-portugal-celebracoes-de-santo-henrique\/#article","isPartOf":{"@id":"https:\/\/encompaniastj.org\/pt-pt\/mta-portugal-celebracoes-de-santo-henrique\/"},"author":{"name":"admin","@id":"https:\/\/encompaniastj.org\/pt-pt\/#\/schema\/person\/520e7ecc314793d40091993c2a02b651"},"headline":"MTA Portugal: Celebra\u00e7\u00f5es de Santo Henrique","datePublished":"2019-02-03T21:55:59+00:00","dateModified":"2025-07-07T14:19:39+00:00","mainEntityOfPage":{"@id":"https:\/\/encompaniastj.org\/pt-pt\/mta-portugal-celebracoes-de-santo-henrique\/"},"wordCount":130,"commentCount":0,"publisher":{"@id":"https:\/\/encompaniastj.org\/pt-pt\/#organization"},"image":{"@id":"https:\/\/encompaniastj.org\/pt-pt\/mta-portugal-celebracoes-de-santo-henrique\/#primaryimage"},"thumbnailUrl":"https:\/\/encompaniastj.org\/wp-content\/uploads\/2025\/05\/cabeza-SANTO-TIRSO-3.jpg","articleSection":["Noticias","Outras"],"inLanguage":"pt-PT","potentialAction":[{"@type":"CommentAction","name":"Comment","target":["https:\/\/encompaniastj.org\/pt-pt\/mta-portugal-celebracoes-de-santo-henrique\/#respond"]}]},{"@type":"WebPage","@id":"https:\/\/encompaniastj.org\/pt-pt\/mta-portugal-celebracoes-de-santo-henrique\/","url":"https:\/\/encompaniastj.org\/pt-pt\/mta-portugal-celebracoes-de-santo-henrique\/","name":"MTA Portugal: Celebra\u00e7\u00f5es de Santo Henrique - En Compa\u00f1\u00eda STJ","isPartOf":{"@id":"https:\/\/encompaniastj.org\/pt-pt\/#website"},"primaryImageOfPage":{"@id":"https:\/\/encompaniastj.org\/pt-pt\/mta-portugal-celebracoes-de-santo-henrique\/#primaryimage"},"image":{"@id":"https:\/\/encompaniastj.org\/pt-pt\/mta-portugal-celebracoes-de-santo-henrique\/#primaryimage"},"thumbnailUrl":"https:\/\/encompaniastj.org\/wp-content\/uploads\/2025\/05\/cabeza-SANTO-TIRSO-3.jpg","datePublished":"2019-02-03T21:55:59+00:00","dateModified":"2025-07-07T14:19:39+00:00","breadcrumb":{"@id":"https:\/\/encompaniastj.org\/pt-pt\/mta-portugal-celebracoes-de-santo-henrique\/#breadcrumb"},"inLanguage":"pt-PT","potentialAction":[{"@type":"ReadAction","target":["https:\/\/encompaniastj.org\/pt-pt\/mta-portugal-celebracoes-de-santo-henrique\/"]}]},{"@type":"ImageObject","inLanguage":"pt-PT","@id":"https:\/\/encompaniastj.org\/pt-pt\/mta-portugal-celebracoes-de-santo-henrique\/#primaryimage","url":"https:\/\/encompaniastj.org\/wp-content\/uploads\/2025\/05\/cabeza-SANTO-TIRSO-3.jpg","contentUrl":"https:\/\/encompaniastj.org\/wp-content\/uploads\/2025\/05\/cabeza-SANTO-TIRSO-3.jpg","width":1920,"height":1080},{"@type":"BreadcrumbList","@id":"https:\/\/encompaniastj.org\/pt-pt\/mta-portugal-celebracoes-de-santo-henrique\/#breadcrumb","itemListElement":[{"@type":"ListItem","position":1,"name":"Portada","item":"https:\/\/encompaniastj.org\/pt-pt\/"},{"@type":"ListItem","position":2,"name":"MTA Portugal: Celebra\u00e7\u00f5es de Santo Henrique"}]},{"@type":"WebSite","@id":"https:\/\/encompaniastj.org\/pt-pt\/#website","url":"https:\/\/encompaniastj.org\/pt-pt\/","name":"En Compa\u00f1\u00eda STJ","description":"Bolet\u00edn de la Compa\u00f1\u00eda de Santa Teresa de Jes\u00fas","publisher":{"@id":"https:\/\/encompaniastj.org\/pt-pt\/#organization"},"potentialAction":[{"@type":"SearchAction","target":{"@type":"EntryPoint","urlTemplate":"https:\/\/encompaniastj.org\/pt-pt\/?s={search_term_string}"},"query-input":{"@type":"PropertyValueSpecification","valueRequired":true,"valueName":"search_term_string"}}],"inLanguage":"pt-PT"},{"@type":"Organization","@id":"https:\/\/encompaniastj.org\/pt-pt\/#organization","name":"Compa\u00f1\u00eda de Santa Teresa de Jes\u00fas","url":"https:\/\/encompaniastj.org\/pt-pt\/","logo":{"@type":"ImageObject","inLanguage":"pt-PT","@id":"https:\/\/encompaniastj.org\/pt-pt\/#\/schema\/logo\/image\/","url":"https:\/\/encompaniastj.org\/wp-content\/uploads\/2025\/04\/logo_provincias02-1-3.png","contentUrl":"https:\/\/encompaniastj.org\/wp-content\/uploads\/2025\/04\/logo_provincias02-1-3.png","width":2368,"height":825,"caption":"Compa\u00f1\u00eda de Santa Teresa de Jes\u00fas"},"image":{"@id":"https:\/\/encompaniastj.org\/pt-pt\/#\/schema\/logo\/image\/"}},{"@type":"Person","@id":"https:\/\/encompaniastj.org\/pt-pt\/#\/schema\/person\/520e7ecc314793d40091993c2a02b651","name":"admin","image":{"@type":"ImageObject","inLanguage":"pt-PT","@id":"https:\/\/secure.gravatar.com\/avatar\/948b492cce32b586ac2db0eaa926ee87024f7afe218d73b397ea5ddfc5f43ea1?s=96&d=mm&r=g","url":"https:\/\/secure.gravatar.com\/avatar\/948b492cce32b586ac2db0eaa926ee87024f7afe218d73b397ea5ddfc5f43ea1?s=96&d=mm&r=g","contentUrl":"https:\/\/secure.gravatar.com\/avatar\/948b492cce32b586ac2db0eaa926ee87024f7afe218d73b397ea5ddfc5f43ea1?s=96&d=mm&r=g","caption":"admin"},"sameAs":["https:\/\/encompaniastj.org"],"url":"https:\/\/encompaniastj.org\/pt-pt\/author\/sjdigital\/"}]}},"_links":{"self":[{"href":"https:\/\/encompaniastj.org\/pt-pt\/wp-json\/wp\/v2\/posts\/9346","targetHints":{"allow":["GET"]}}],"collection":[{"href":"https:\/\/encompaniastj.org\/pt-pt\/wp-json\/wp\/v2\/posts"}],"about":[{"href":"https:\/\/encompaniastj.org\/pt-pt\/wp-json\/wp\/v2\/types\/post"}],"author":[{"embeddable":true,"href":"https:\/\/encompaniastj.org\/pt-pt\/wp-json\/wp\/v2\/users\/1"}],"replies":[{"embeddable":true,"href":"https:\/\/encompaniastj.org\/pt-pt\/wp-json\/wp\/v2\/comments?post=9346"}],"version-history":[{"count":1,"href":"https:\/\/encompaniastj.org\/pt-pt\/wp-json\/wp\/v2\/posts\/9346\/revisions"}],"predecessor-version":[{"id":9347,"href":"https:\/\/encompaniastj.org\/pt-pt\/wp-json\/wp\/v2\/posts\/9346\/revisions\/9347"}],"wp:featuredmedia":[{"embeddable":true,"href":"https:\/\/encompaniastj.org\/pt-pt\/wp-json\/wp\/v2\/media\/6722"}],"wp:attachment":[{"href":"https:\/\/encompaniastj.org\/pt-pt\/wp-json\/wp\/v2\/media?parent=9346"}],"wp:term":[{"taxonomy":"category","embeddable":true,"href":"https:\/\/encompaniastj.org\/pt-pt\/wp-json\/wp\/v2\/categories?post=9346"},{"taxonomy":"post_tag","embeddable":true,"href":"https:\/\/encompaniastj.org\/pt-pt\/wp-json\/wp\/v2\/tags?post=9346"}],"curies":[{"name":"wp","href":"https:\/\/api.w.org\/{rel}","templated":true}]}}