{"id":9304,"date":"2019-01-26T19:30:56","date_gmt":"2019-01-26T18:30:56","guid":{"rendered":"https:\/\/encompaniastj.org\/comunidade-teresiana-barcelona-casa-madre-residencia\/"},"modified":"2025-07-07T16:19:33","modified_gmt":"2025-07-07T14:19:33","slug":"comunidade-teresiana-barcelona-casa-madre-residencia","status":"publish","type":"post","link":"https:\/\/encompaniastj.org\/pt-pt\/comunidade-teresiana-barcelona-casa-madre-residencia\/","title":{"rendered":"Comunidade Teresiana Barcelona-Casa Madre-Resid\u00eancia"},"content":{"rendered":"\n<p>A nossa comunidade mergulha profundamente as suas ra\u00edzes na terra da Companhia. Quando em 1888 esta ia crescendo, Santo Henrique de Oss\u00f3 viu a necessidade de estabelecer em Barcelona, uma Casa pr\u00f3pria com dois fins: poder ter um Col\u00e9gio num espa\u00e7o mais amplo que o que lhe ofereciam os alugados at\u00e9 ao momento, e oferecer a possibilidade de que as Irm\u00e3s jovens, cada vez mais numerosas, pudessem estudar nesta cidade. Em 1990 o seu sonho tornou-se realidade: a Casa Madre, ou Casa Geral de Estudos come\u00e7ou a funcionar. N\u00e3o entramos em pormenores da compra do palacete por uma peseta nem da despesa da constru\u00e7\u00e3o ao arquitecto Gaud\u00ed, porque excedem a dimens\u00e3o deste artigo<\/p>\n\n\n\n<p>A Comunidade ocupava-se do Col\u00e9gio, atendia ao Governo Geral e alojava um juniorado formado por numerosas irm\u00e3s, que estudavam na Universidade. Com os anos, o Governo Geral e o Juniorado trasladaram-se a Roma. Quando em 1994 se reestruturou a prov\u00edncia Santa Teresa, pass\u00e1mos a formar parte da mesma, mas divididas em duas Comunidades. A nossa que, como Casa Madre, seguia ocupando-se dos assuntos da Companhia em Espanha e a do Col\u00e9gio, rec\u00e9m-constru\u00eddo, que se centrou nele mesmo<\/p>\n\n\n\n<p>At\u00e9 aqui, os dados hist\u00f3ricos. Na actualidade, formamos um grupo de 19 irm\u00e3s, todas idosas, pois as nossas idades oscilam entre os 77 e os 99 anos. Sabemos que j\u00e1 nos passou o tempo de \u201cfazer\u201d e dedicamo-nos a \u201cser\u201d. Temos muito clara a nossa miss\u00e3o: desde a retaguarda, estamos atentas a quanto sucede no mundo, na Igreja, na Companhia, para apoiar com a nossa ora\u00e7\u00e3o e sacrif\u00edcio todo o trabalho apost\u00f3lico das nossas irm\u00e3s. Tentamos, com o nosso modo de viver, ser refer\u00eancia de vida teresiana e, sobretudo, ajudamo-nos a viver com alegria e esperan\u00e7a este momento crucial da nossa vida. Acolhemos, como Casa Madre, a todas as irm\u00e3s de comunidades pr\u00f3ximas que necessitam qualquer esp\u00e9cie de cuidados m\u00e9dicos.<\/p>\n\n\n\n<p>Se quiserdes passar algum dia connosco, comprovareis que a nossa alegria baseia-se no agradecimento por tanto bem que recebemos de Deus e dos nossos irm\u00e3os\/\u00e3s, e vereis que n\u00e3o fazemos mais que partilhar de gra\u00e7a, o que de gra\u00e7a recebemos.<\/p>\n\n\n\n<ul class=\"wp-block-gallery columns-3 is-cropped wp-block-gallery-1 is-layout-flex wp-block-gallery-is-layout-flex\"><li class=\"blocks-gallery-item\"><figure><a href=\"https:\/\/encompaniastj.org\/wp-content\/uploads\/2025\/05\/3-Algunos-talleres.jpg\"><img decoding=\"async\" src=\"https:\/\/encompaniastj.org\/wp-content\/uploads\/2025\/05\/3-Algunos-talleres.jpg\" alt=\"\" data-id=\"3126\" data-link=\"https:\/\/encompaniastj.org\/?attachment_id=3126\" class=\"wp-image-3126\"\/><\/a><\/figure><\/li><li class=\"blocks-gallery-item\"><figure><a href=\"https:\/\/encompaniastj.org\/wp-content\/uploads\/2025\/05\/Ganduxer-colegio.jpg\"><img decoding=\"async\" src=\"https:\/\/encompaniastj.org\/wp-content\/uploads\/2025\/05\/Ganduxer-colegio.jpg\" alt=\"\" data-id=\"3128\" data-link=\"https:\/\/encompaniastj.org\/?attachment_id=3128\" class=\"wp-image-3128\"\/><\/a><\/figure><\/li><li class=\"blocks-gallery-item\"><figure><a href=\"https:\/\/encompaniastj.org\/wp-content\/uploads\/2025\/05\/2-Celebrando-la-Navidad-con-las-del-Colegio.jpg\"><img decoding=\"async\" src=\"https:\/\/encompaniastj.org\/wp-content\/uploads\/2025\/05\/2-Celebrando-la-Navidad-con-las-del-Colegio.jpg\" alt=\"\" data-id=\"3124\" data-link=\"https:\/\/encompaniastj.org\/?attachment_id=3124\" class=\"wp-image-3124\"\/><\/a><\/figure><\/li><\/ul>\n\n\n\n<figure class=\"wp-block-image\"><img decoding=\"async\" src=\"https:\/\/encompaniastj.org\/wp-content\/uploads\/2025\/05\/r-1-Orla-Cdad.-Casa-Madre.jpg\" alt=\"\" class=\"wp-image-3413\"\/><\/figure>\n","protected":false},"excerpt":{"rendered":"<p>A nossa comunidade mergulha profundamente as suas ra\u00edzes na terra da Companhia. Quando em 1888 esta ia crescendo, Santo Henrique de Oss\u00f3 viu a necessidade de estabelecer em Barcelona, uma [&hellip;]<\/p>\n","protected":false},"author":1,"featured_media":6671,"comment_status":"open","ping_status":"open","sticky":false,"template":"","format":"standard","meta":{"_acf_changed":false,"footnotes":""},"categories":[67,66],"tags":[],"class_list":["post-9304","post","type-post","status-publish","format-standard","has-post-thumbnail","hentry","category-comunidades-conhecemo-nos","category-conhecemo-nos"],"acf":[],"yoast_head":"<!-- This site is optimized with the Yoast SEO plugin v27.5 - https:\/\/yoast.com\/product\/yoast-seo-wordpress\/ -->\n<title>Comunidade Teresiana Barcelona-Casa Madre-Resid\u00eancia - En Compa\u00f1\u00eda STJ<\/title>\n<meta name=\"robots\" content=\"index, follow, max-snippet:-1, max-image-preview:large, max-video-preview:-1\" \/>\n<link rel=\"canonical\" href=\"https:\/\/encompaniastj.org\/pt-pt\/comunidade-teresiana-barcelona-casa-madre-residencia\/\" \/>\n<meta property=\"og:locale\" content=\"pt_PT\" \/>\n<meta property=\"og:type\" content=\"article\" \/>\n<meta property=\"og:title\" content=\"Comunidade Teresiana Barcelona-Casa Madre-Resid\u00eancia - En Compa\u00f1\u00eda STJ\" \/>\n<meta property=\"og:description\" content=\"A nossa comunidade mergulha profundamente as suas ra\u00edzes na terra da Companhia. Quando em 1888 esta ia crescendo, Santo Henrique de Oss\u00f3 viu a necessidade de estabelecer em Barcelona, uma [&hellip;]\" \/>\n<meta property=\"og:url\" content=\"https:\/\/encompaniastj.org\/pt-pt\/comunidade-teresiana-barcelona-casa-madre-residencia\/\" \/>\n<meta property=\"og:site_name\" content=\"En Compa\u00f1\u00eda STJ\" \/>\n<meta property=\"article:published_time\" content=\"2019-01-26T18:30:56+00:00\" \/>\n<meta property=\"article:modified_time\" content=\"2025-07-07T14:19:33+00:00\" \/>\n<meta property=\"og:image\" content=\"https:\/\/encompaniastj.org\/wp-content\/uploads\/2025\/05\/2-Celebrando-la-Navidad-con-las-del-Colegio.jpg\" \/>\n\t<meta property=\"og:image:width\" content=\"1600\" \/>\n\t<meta property=\"og:image:height\" content=\"900\" \/>\n\t<meta property=\"og:image:type\" content=\"image\/jpeg\" \/>\n<meta name=\"author\" content=\"admin\" \/>\n<meta name=\"twitter:card\" content=\"summary_large_image\" \/>\n<meta name=\"twitter:label1\" content=\"Escrito por\" \/>\n\t<meta name=\"twitter:data1\" content=\"admin\" \/>\n\t<meta name=\"twitter:label2\" content=\"Tempo estimado de leitura\" \/>\n\t<meta name=\"twitter:data2\" content=\"2 minutos\" \/>\n<script type=\"application\/ld+json\" class=\"yoast-schema-graph\">{\"@context\":\"https:\\\/\\\/schema.org\",\"@graph\":[{\"@type\":\"Article\",\"@id\":\"https:\\\/\\\/encompaniastj.org\\\/pt-pt\\\/comunidade-teresiana-barcelona-casa-madre-residencia\\\/#article\",\"isPartOf\":{\"@id\":\"https:\\\/\\\/encompaniastj.org\\\/pt-pt\\\/comunidade-teresiana-barcelona-casa-madre-residencia\\\/\"},\"author\":{\"name\":\"admin\",\"@id\":\"https:\\\/\\\/encompaniastj.org\\\/pt-pt\\\/#\\\/schema\\\/person\\\/520e7ecc314793d40091993c2a02b651\"},\"headline\":\"Comunidade Teresiana Barcelona-Casa Madre-Resid\u00eancia\",\"datePublished\":\"2019-01-26T18:30:56+00:00\",\"dateModified\":\"2025-07-07T14:19:33+00:00\",\"mainEntityOfPage\":{\"@id\":\"https:\\\/\\\/encompaniastj.org\\\/pt-pt\\\/comunidade-teresiana-barcelona-casa-madre-residencia\\\/\"},\"wordCount\":383,\"commentCount\":0,\"publisher\":{\"@id\":\"https:\\\/\\\/encompaniastj.org\\\/pt-pt\\\/#organization\"},\"image\":{\"@id\":\"https:\\\/\\\/encompaniastj.org\\\/pt-pt\\\/comunidade-teresiana-barcelona-casa-madre-residencia\\\/#primaryimage\"},\"thumbnailUrl\":\"https:\\\/\\\/encompaniastj.org\\\/wp-content\\\/uploads\\\/2025\\\/05\\\/2-Celebrando-la-Navidad-con-las-del-Colegio.jpg\",\"articleSection\":[\"Comunidades\",\"Conhecemo-nos\"],\"inLanguage\":\"pt-PT\",\"potentialAction\":[{\"@type\":\"CommentAction\",\"name\":\"Comment\",\"target\":[\"https:\\\/\\\/encompaniastj.org\\\/pt-pt\\\/comunidade-teresiana-barcelona-casa-madre-residencia\\\/#respond\"]}]},{\"@type\":\"WebPage\",\"@id\":\"https:\\\/\\\/encompaniastj.org\\\/pt-pt\\\/comunidade-teresiana-barcelona-casa-madre-residencia\\\/\",\"url\":\"https:\\\/\\\/encompaniastj.org\\\/pt-pt\\\/comunidade-teresiana-barcelona-casa-madre-residencia\\\/\",\"name\":\"Comunidade Teresiana Barcelona-Casa Madre-Resid\u00eancia - En Compa\u00f1\u00eda STJ\",\"isPartOf\":{\"@id\":\"https:\\\/\\\/encompaniastj.org\\\/pt-pt\\\/#website\"},\"primaryImageOfPage\":{\"@id\":\"https:\\\/\\\/encompaniastj.org\\\/pt-pt\\\/comunidade-teresiana-barcelona-casa-madre-residencia\\\/#primaryimage\"},\"image\":{\"@id\":\"https:\\\/\\\/encompaniastj.org\\\/pt-pt\\\/comunidade-teresiana-barcelona-casa-madre-residencia\\\/#primaryimage\"},\"thumbnailUrl\":\"https:\\\/\\\/encompaniastj.org\\\/wp-content\\\/uploads\\\/2025\\\/05\\\/2-Celebrando-la-Navidad-con-las-del-Colegio.jpg\",\"datePublished\":\"2019-01-26T18:30:56+00:00\",\"dateModified\":\"2025-07-07T14:19:33+00:00\",\"breadcrumb\":{\"@id\":\"https:\\\/\\\/encompaniastj.org\\\/pt-pt\\\/comunidade-teresiana-barcelona-casa-madre-residencia\\\/#breadcrumb\"},\"inLanguage\":\"pt-PT\",\"potentialAction\":[{\"@type\":\"ReadAction\",\"target\":[\"https:\\\/\\\/encompaniastj.org\\\/pt-pt\\\/comunidade-teresiana-barcelona-casa-madre-residencia\\\/\"]}]},{\"@type\":\"ImageObject\",\"inLanguage\":\"pt-PT\",\"@id\":\"https:\\\/\\\/encompaniastj.org\\\/pt-pt\\\/comunidade-teresiana-barcelona-casa-madre-residencia\\\/#primaryimage\",\"url\":\"https:\\\/\\\/encompaniastj.org\\\/wp-content\\\/uploads\\\/2025\\\/05\\\/2-Celebrando-la-Navidad-con-las-del-Colegio.jpg\",\"contentUrl\":\"https:\\\/\\\/encompaniastj.org\\\/wp-content\\\/uploads\\\/2025\\\/05\\\/2-Celebrando-la-Navidad-con-las-del-Colegio.jpg\",\"width\":1600,\"height\":900},{\"@type\":\"BreadcrumbList\",\"@id\":\"https:\\\/\\\/encompaniastj.org\\\/pt-pt\\\/comunidade-teresiana-barcelona-casa-madre-residencia\\\/#breadcrumb\",\"itemListElement\":[{\"@type\":\"ListItem\",\"position\":1,\"name\":\"Portada\",\"item\":\"https:\\\/\\\/encompaniastj.org\\\/pt-pt\\\/\"},{\"@type\":\"ListItem\",\"position\":2,\"name\":\"Comunidade Teresiana Barcelona-Casa Madre-Resid\u00eancia\"}]},{\"@type\":\"WebSite\",\"@id\":\"https:\\\/\\\/encompaniastj.org\\\/pt-pt\\\/#website\",\"url\":\"https:\\\/\\\/encompaniastj.org\\\/pt-pt\\\/\",\"name\":\"En Compa\u00f1\u00eda STJ\",\"description\":\"Bolet\u00edn de la Compa\u00f1\u00eda de Santa Teresa de Jes\u00fas\",\"publisher\":{\"@id\":\"https:\\\/\\\/encompaniastj.org\\\/pt-pt\\\/#organization\"},\"potentialAction\":[{\"@type\":\"SearchAction\",\"target\":{\"@type\":\"EntryPoint\",\"urlTemplate\":\"https:\\\/\\\/encompaniastj.org\\\/pt-pt\\\/?s={search_term_string}\"},\"query-input\":{\"@type\":\"PropertyValueSpecification\",\"valueRequired\":true,\"valueName\":\"search_term_string\"}}],\"inLanguage\":\"pt-PT\"},{\"@type\":\"Organization\",\"@id\":\"https:\\\/\\\/encompaniastj.org\\\/pt-pt\\\/#organization\",\"name\":\"Compa\u00f1\u00eda de Santa Teresa de Jes\u00fas\",\"url\":\"https:\\\/\\\/encompaniastj.org\\\/pt-pt\\\/\",\"logo\":{\"@type\":\"ImageObject\",\"inLanguage\":\"pt-PT\",\"@id\":\"https:\\\/\\\/encompaniastj.org\\\/pt-pt\\\/#\\\/schema\\\/logo\\\/image\\\/\",\"url\":\"https:\\\/\\\/encompaniastj.org\\\/wp-content\\\/uploads\\\/2025\\\/04\\\/logo_provincias02-1-3.png\",\"contentUrl\":\"https:\\\/\\\/encompaniastj.org\\\/wp-content\\\/uploads\\\/2025\\\/04\\\/logo_provincias02-1-3.png\",\"width\":2368,\"height\":825,\"caption\":\"Compa\u00f1\u00eda de Santa Teresa de Jes\u00fas\"},\"image\":{\"@id\":\"https:\\\/\\\/encompaniastj.org\\\/pt-pt\\\/#\\\/schema\\\/logo\\\/image\\\/\"}},{\"@type\":\"Person\",\"@id\":\"https:\\\/\\\/encompaniastj.org\\\/pt-pt\\\/#\\\/schema\\\/person\\\/520e7ecc314793d40091993c2a02b651\",\"name\":\"admin\",\"image\":{\"@type\":\"ImageObject\",\"inLanguage\":\"pt-PT\",\"@id\":\"https:\\\/\\\/secure.gravatar.com\\\/avatar\\\/948b492cce32b586ac2db0eaa926ee87024f7afe218d73b397ea5ddfc5f43ea1?s=96&d=mm&r=g\",\"url\":\"https:\\\/\\\/secure.gravatar.com\\\/avatar\\\/948b492cce32b586ac2db0eaa926ee87024f7afe218d73b397ea5ddfc5f43ea1?s=96&d=mm&r=g\",\"contentUrl\":\"https:\\\/\\\/secure.gravatar.com\\\/avatar\\\/948b492cce32b586ac2db0eaa926ee87024f7afe218d73b397ea5ddfc5f43ea1?s=96&d=mm&r=g\",\"caption\":\"admin\"},\"sameAs\":[\"https:\\\/\\\/encompaniastj.org\"],\"url\":\"https:\\\/\\\/encompaniastj.org\\\/pt-pt\\\/author\\\/sjdigital\\\/\"}]}<\/script>\n<!-- \/ Yoast SEO plugin. -->","yoast_head_json":{"title":"Comunidade Teresiana Barcelona-Casa Madre-Resid\u00eancia - En Compa\u00f1\u00eda STJ","robots":{"index":"index","follow":"follow","max-snippet":"max-snippet:-1","max-image-preview":"max-image-preview:large","max-video-preview":"max-video-preview:-1"},"canonical":"https:\/\/encompaniastj.org\/pt-pt\/comunidade-teresiana-barcelona-casa-madre-residencia\/","og_locale":"pt_PT","og_type":"article","og_title":"Comunidade Teresiana Barcelona-Casa Madre-Resid\u00eancia - En Compa\u00f1\u00eda STJ","og_description":"A nossa comunidade mergulha profundamente as suas ra\u00edzes na terra da Companhia. Quando em 1888 esta ia crescendo, Santo Henrique de Oss\u00f3 viu a necessidade de estabelecer em Barcelona, uma [&hellip;]","og_url":"https:\/\/encompaniastj.org\/pt-pt\/comunidade-teresiana-barcelona-casa-madre-residencia\/","og_site_name":"En Compa\u00f1\u00eda STJ","article_published_time":"2019-01-26T18:30:56+00:00","article_modified_time":"2025-07-07T14:19:33+00:00","og_image":[{"width":1600,"height":900,"url":"https:\/\/encompaniastj.org\/wp-content\/uploads\/2025\/05\/2-Celebrando-la-Navidad-con-las-del-Colegio.jpg","type":"image\/jpeg"}],"author":"admin","twitter_card":"summary_large_image","twitter_misc":{"Escrito por":"admin","Tempo estimado de leitura":"2 minutos"},"schema":{"@context":"https:\/\/schema.org","@graph":[{"@type":"Article","@id":"https:\/\/encompaniastj.org\/pt-pt\/comunidade-teresiana-barcelona-casa-madre-residencia\/#article","isPartOf":{"@id":"https:\/\/encompaniastj.org\/pt-pt\/comunidade-teresiana-barcelona-casa-madre-residencia\/"},"author":{"name":"admin","@id":"https:\/\/encompaniastj.org\/pt-pt\/#\/schema\/person\/520e7ecc314793d40091993c2a02b651"},"headline":"Comunidade Teresiana Barcelona-Casa Madre-Resid\u00eancia","datePublished":"2019-01-26T18:30:56+00:00","dateModified":"2025-07-07T14:19:33+00:00","mainEntityOfPage":{"@id":"https:\/\/encompaniastj.org\/pt-pt\/comunidade-teresiana-barcelona-casa-madre-residencia\/"},"wordCount":383,"commentCount":0,"publisher":{"@id":"https:\/\/encompaniastj.org\/pt-pt\/#organization"},"image":{"@id":"https:\/\/encompaniastj.org\/pt-pt\/comunidade-teresiana-barcelona-casa-madre-residencia\/#primaryimage"},"thumbnailUrl":"https:\/\/encompaniastj.org\/wp-content\/uploads\/2025\/05\/2-Celebrando-la-Navidad-con-las-del-Colegio.jpg","articleSection":["Comunidades","Conhecemo-nos"],"inLanguage":"pt-PT","potentialAction":[{"@type":"CommentAction","name":"Comment","target":["https:\/\/encompaniastj.org\/pt-pt\/comunidade-teresiana-barcelona-casa-madre-residencia\/#respond"]}]},{"@type":"WebPage","@id":"https:\/\/encompaniastj.org\/pt-pt\/comunidade-teresiana-barcelona-casa-madre-residencia\/","url":"https:\/\/encompaniastj.org\/pt-pt\/comunidade-teresiana-barcelona-casa-madre-residencia\/","name":"Comunidade Teresiana Barcelona-Casa Madre-Resid\u00eancia - En Compa\u00f1\u00eda STJ","isPartOf":{"@id":"https:\/\/encompaniastj.org\/pt-pt\/#website"},"primaryImageOfPage":{"@id":"https:\/\/encompaniastj.org\/pt-pt\/comunidade-teresiana-barcelona-casa-madre-residencia\/#primaryimage"},"image":{"@id":"https:\/\/encompaniastj.org\/pt-pt\/comunidade-teresiana-barcelona-casa-madre-residencia\/#primaryimage"},"thumbnailUrl":"https:\/\/encompaniastj.org\/wp-content\/uploads\/2025\/05\/2-Celebrando-la-Navidad-con-las-del-Colegio.jpg","datePublished":"2019-01-26T18:30:56+00:00","dateModified":"2025-07-07T14:19:33+00:00","breadcrumb":{"@id":"https:\/\/encompaniastj.org\/pt-pt\/comunidade-teresiana-barcelona-casa-madre-residencia\/#breadcrumb"},"inLanguage":"pt-PT","potentialAction":[{"@type":"ReadAction","target":["https:\/\/encompaniastj.org\/pt-pt\/comunidade-teresiana-barcelona-casa-madre-residencia\/"]}]},{"@type":"ImageObject","inLanguage":"pt-PT","@id":"https:\/\/encompaniastj.org\/pt-pt\/comunidade-teresiana-barcelona-casa-madre-residencia\/#primaryimage","url":"https:\/\/encompaniastj.org\/wp-content\/uploads\/2025\/05\/2-Celebrando-la-Navidad-con-las-del-Colegio.jpg","contentUrl":"https:\/\/encompaniastj.org\/wp-content\/uploads\/2025\/05\/2-Celebrando-la-Navidad-con-las-del-Colegio.jpg","width":1600,"height":900},{"@type":"BreadcrumbList","@id":"https:\/\/encompaniastj.org\/pt-pt\/comunidade-teresiana-barcelona-casa-madre-residencia\/#breadcrumb","itemListElement":[{"@type":"ListItem","position":1,"name":"Portada","item":"https:\/\/encompaniastj.org\/pt-pt\/"},{"@type":"ListItem","position":2,"name":"Comunidade Teresiana Barcelona-Casa Madre-Resid\u00eancia"}]},{"@type":"WebSite","@id":"https:\/\/encompaniastj.org\/pt-pt\/#website","url":"https:\/\/encompaniastj.org\/pt-pt\/","name":"En Compa\u00f1\u00eda STJ","description":"Bolet\u00edn de la Compa\u00f1\u00eda de Santa Teresa de Jes\u00fas","publisher":{"@id":"https:\/\/encompaniastj.org\/pt-pt\/#organization"},"potentialAction":[{"@type":"SearchAction","target":{"@type":"EntryPoint","urlTemplate":"https:\/\/encompaniastj.org\/pt-pt\/?s={search_term_string}"},"query-input":{"@type":"PropertyValueSpecification","valueRequired":true,"valueName":"search_term_string"}}],"inLanguage":"pt-PT"},{"@type":"Organization","@id":"https:\/\/encompaniastj.org\/pt-pt\/#organization","name":"Compa\u00f1\u00eda de Santa Teresa de Jes\u00fas","url":"https:\/\/encompaniastj.org\/pt-pt\/","logo":{"@type":"ImageObject","inLanguage":"pt-PT","@id":"https:\/\/encompaniastj.org\/pt-pt\/#\/schema\/logo\/image\/","url":"https:\/\/encompaniastj.org\/wp-content\/uploads\/2025\/04\/logo_provincias02-1-3.png","contentUrl":"https:\/\/encompaniastj.org\/wp-content\/uploads\/2025\/04\/logo_provincias02-1-3.png","width":2368,"height":825,"caption":"Compa\u00f1\u00eda de Santa Teresa de Jes\u00fas"},"image":{"@id":"https:\/\/encompaniastj.org\/pt-pt\/#\/schema\/logo\/image\/"}},{"@type":"Person","@id":"https:\/\/encompaniastj.org\/pt-pt\/#\/schema\/person\/520e7ecc314793d40091993c2a02b651","name":"admin","image":{"@type":"ImageObject","inLanguage":"pt-PT","@id":"https:\/\/secure.gravatar.com\/avatar\/948b492cce32b586ac2db0eaa926ee87024f7afe218d73b397ea5ddfc5f43ea1?s=96&d=mm&r=g","url":"https:\/\/secure.gravatar.com\/avatar\/948b492cce32b586ac2db0eaa926ee87024f7afe218d73b397ea5ddfc5f43ea1?s=96&d=mm&r=g","contentUrl":"https:\/\/secure.gravatar.com\/avatar\/948b492cce32b586ac2db0eaa926ee87024f7afe218d73b397ea5ddfc5f43ea1?s=96&d=mm&r=g","caption":"admin"},"sameAs":["https:\/\/encompaniastj.org"],"url":"https:\/\/encompaniastj.org\/pt-pt\/author\/sjdigital\/"}]}},"_links":{"self":[{"href":"https:\/\/encompaniastj.org\/pt-pt\/wp-json\/wp\/v2\/posts\/9304","targetHints":{"allow":["GET"]}}],"collection":[{"href":"https:\/\/encompaniastj.org\/pt-pt\/wp-json\/wp\/v2\/posts"}],"about":[{"href":"https:\/\/encompaniastj.org\/pt-pt\/wp-json\/wp\/v2\/types\/post"}],"author":[{"embeddable":true,"href":"https:\/\/encompaniastj.org\/pt-pt\/wp-json\/wp\/v2\/users\/1"}],"replies":[{"embeddable":true,"href":"https:\/\/encompaniastj.org\/pt-pt\/wp-json\/wp\/v2\/comments?post=9304"}],"version-history":[{"count":1,"href":"https:\/\/encompaniastj.org\/pt-pt\/wp-json\/wp\/v2\/posts\/9304\/revisions"}],"predecessor-version":[{"id":9305,"href":"https:\/\/encompaniastj.org\/pt-pt\/wp-json\/wp\/v2\/posts\/9304\/revisions\/9305"}],"wp:featuredmedia":[{"embeddable":true,"href":"https:\/\/encompaniastj.org\/pt-pt\/wp-json\/wp\/v2\/media\/6671"}],"wp:attachment":[{"href":"https:\/\/encompaniastj.org\/pt-pt\/wp-json\/wp\/v2\/media?parent=9304"}],"wp:term":[{"taxonomy":"category","embeddable":true,"href":"https:\/\/encompaniastj.org\/pt-pt\/wp-json\/wp\/v2\/categories?post=9304"},{"taxonomy":"post_tag","embeddable":true,"href":"https:\/\/encompaniastj.org\/pt-pt\/wp-json\/wp\/v2\/tags?post=9304"}],"curies":[{"name":"wp","href":"https:\/\/api.w.org\/{rel}","templated":true}]}}