{"id":9278,"date":"2019-01-01T10:00:23","date_gmt":"2019-01-01T09:00:23","guid":{"rendered":"https:\/\/encompaniastj.org\/casa-de-oracao-santa-teresa-zaragoza\/"},"modified":"2025-07-07T16:19:30","modified_gmt":"2025-07-07T14:19:30","slug":"casa-de-oracao-santa-teresa-zaragoza","status":"publish","type":"post","link":"https:\/\/encompaniastj.org\/pt-pt\/casa-de-oracao-santa-teresa-zaragoza\/","title":{"rendered":"Casa de Ora\u00e7\u00e3o Santa Teresa  Zaragoza"},"content":{"rendered":"<p>A Casa de Ora\u00e7\u00e3o Santa Teresa iniciou a sua atividade em 1985, com uma miss\u00e3o educativa espec\u00edfica no \u00e2mbito da espiritualidade. Atualmente somos uma comunidade de seis irm\u00e3s: Carmina Pardo, Margarita Aguirre, M\u00aa Pilar Armis\u00e9n, Carmen Melchor, M\u00aa Jos\u00e9 Palos e Imaculada Villarrubia, da Prov\u00edncia Teresiana da Europa, em Zaragoza. A nossa casa est\u00e1 no campo, a 7 quil\u00f3metros da cidade. Um lugar tranquilo e silencioso, ideal para o retiro e a solid\u00e3o.<\/p>\n<p>Num mundo, no qual h\u00e1 tanta sede de Deus e busca de sentido da vida, a nossa casa oferece a quem, no meio da superficialidade, do ru\u00eddo e da pressa, busca fazer sil\u00eancio e encontrar-se com Deus. A miss\u00e3o da comunidade \u00e9 acolher, testemunhar com o nosso modo de vida simples e fraterno, e acompanhar as pessoas e o grupo que queiram realizar uma experi\u00eancia de ora\u00e7\u00e3o, interioriza\u00e7\u00e3o, personaliza\u00e7\u00e3o, espiritualidade\u2026<\/p>\n<p>Entre n\u00f3s h\u00e1 diversidade de compromissos e tarefas tamb\u00e9m fora de casa, mas todas nos sentimos comprometidas e implicadas nesta miss\u00e3o, respons\u00e1veis por criar um ambiente adequado.<\/p>\n<p>Dada a realidade que estamos vivendo de marginaliza\u00e7\u00e3o, deteriora\u00e7\u00e3o do planeta, viol\u00eancia, pobreza crescente\u2026 a nossa proposta para o ano 2019 \u00e9 <em>favorecer todo o cuidado, mediante o exerc\u00edcio da aten\u00e7\u00e3o<\/em>. Concretizamos o objetivo no nosso projeto comunit\u00e1rio com ac\u00e7\u00f5es avali\u00e1veis.<\/p>\n<p>A casa est\u00e1 aberta para todas aquelas pessoas que necessitam:<\/p>\n<ul>\n<li>entrar dentro de si<\/li>\n<li>reflectir sobre a sua vida<\/li>\n<li>fazer um projeto pessoal<\/li>\n<li>viver um encontro com Deus, a s\u00f3s com Deus\u2026<\/li>\n<\/ul>\n<p>Aqui podes encontrar um lugar, um ambiente e uma comunidade, onde podes fazer a tua experi\u00eancia pessoal ao teu ritmo. Para isso oferecemos:<\/p>\n<ul>\n<li>a comunidade de acolhimento, que ora e celebra a eucaristia<\/li>\n<li>acompanhamento personalizado se o desejares<\/li>\n<li>hospedagem na casa. H\u00e1 12 quartos com casa de banho completa.<\/li>\n<li>uma ermida, se quiseres um retiro maior.<\/li>\n<\/ul>\n<p>Ainda h\u00e1 atividades para pequenos grupos, como podeis ver no calend\u00e1rio do ano 2018-2019.<\/p>\n<p>Irm\u00e3s e comunidades da prov\u00edncia\u2026! Leigas teresianas e teresianos de It\u00e1lia, Portugal e Espanha, tendes as portas abertas\u2026Esperamos por v\u00f3s!<\/p>\n<p>Comunidade da <a href=\"https:\/\/www.casaoracionstj.org\/\">Casa de Ora\u00e7\u00e3o\u00a0\u00a0\u00a0<\/a><\/p>\n\n","protected":false},"excerpt":{"rendered":"<p>A Casa de Ora\u00e7\u00e3o Santa Teresa iniciou a sua atividade em 1985, com uma miss\u00e3o educativa espec\u00edfica no \u00e2mbito da espiritualidade. Atualmente somos uma comunidade de seis irm\u00e3s: Carmina Pardo, [&hellip;]<\/p>\n","protected":false},"author":1,"featured_media":6645,"comment_status":"open","ping_status":"open","sticky":false,"template":"","format":"standard","meta":{"_acf_changed":false,"footnotes":""},"categories":[66,70],"tags":[],"class_list":["post-9278","post","type-post","status-publish","format-standard","has-post-thumbnail","hentry","category-conhecemo-nos","category-projetos"],"acf":[],"yoast_head":"<!-- This site is optimized with the Yoast SEO plugin v27.5 - https:\/\/yoast.com\/product\/yoast-seo-wordpress\/ -->\n<title>Casa de Ora\u00e7\u00e3o Santa Teresa Zaragoza - En Compa\u00f1\u00eda STJ<\/title>\n<meta name=\"robots\" content=\"index, follow, max-snippet:-1, max-image-preview:large, max-video-preview:-1\" \/>\n<link rel=\"canonical\" href=\"https:\/\/encompaniastj.org\/pt-pt\/casa-de-oracao-santa-teresa-zaragoza\/\" \/>\n<meta property=\"og:locale\" content=\"pt_PT\" \/>\n<meta property=\"og:type\" content=\"article\" \/>\n<meta property=\"og:title\" content=\"Casa de Ora\u00e7\u00e3o Santa Teresa Zaragoza - En Compa\u00f1\u00eda STJ\" \/>\n<meta property=\"og:description\" content=\"A Casa de Ora\u00e7\u00e3o Santa Teresa iniciou a sua atividade em 1985, com uma miss\u00e3o educativa espec\u00edfica no \u00e2mbito da espiritualidade. Atualmente somos uma comunidade de seis irm\u00e3s: Carmina Pardo, [&hellip;]\" \/>\n<meta property=\"og:url\" content=\"https:\/\/encompaniastj.org\/pt-pt\/casa-de-oracao-santa-teresa-zaragoza\/\" \/>\n<meta property=\"og:site_name\" content=\"En Compa\u00f1\u00eda STJ\" \/>\n<meta property=\"article:published_time\" content=\"2019-01-01T09:00:23+00:00\" \/>\n<meta property=\"article:modified_time\" content=\"2025-07-07T14:19:30+00:00\" \/>\n<meta property=\"og:image\" content=\"https:\/\/encompaniastj.org\/wp-content\/uploads\/2025\/05\/redux-Exterior-casa-de-oracion-1.jpg\" \/>\n\t<meta property=\"og:image:width\" content=\"1920\" \/>\n\t<meta property=\"og:image:height\" content=\"1080\" \/>\n\t<meta property=\"og:image:type\" content=\"image\/jpeg\" \/>\n<meta name=\"author\" content=\"admin\" \/>\n<meta name=\"twitter:card\" content=\"summary_large_image\" \/>\n<meta name=\"twitter:label1\" content=\"Escrito por\" \/>\n\t<meta name=\"twitter:data1\" content=\"admin\" \/>\n\t<meta name=\"twitter:label2\" content=\"Tempo estimado de leitura\" \/>\n\t<meta name=\"twitter:data2\" content=\"2 minutos\" \/>\n<script type=\"application\/ld+json\" class=\"yoast-schema-graph\">{\"@context\":\"https:\\\/\\\/schema.org\",\"@graph\":[{\"@type\":\"Article\",\"@id\":\"https:\\\/\\\/encompaniastj.org\\\/pt-pt\\\/casa-de-oracao-santa-teresa-zaragoza\\\/#article\",\"isPartOf\":{\"@id\":\"https:\\\/\\\/encompaniastj.org\\\/pt-pt\\\/casa-de-oracao-santa-teresa-zaragoza\\\/\"},\"author\":{\"name\":\"admin\",\"@id\":\"https:\\\/\\\/encompaniastj.org\\\/pt-pt\\\/#\\\/schema\\\/person\\\/520e7ecc314793d40091993c2a02b651\"},\"headline\":\"Casa de Ora\u00e7\u00e3o Santa Teresa Zaragoza\",\"datePublished\":\"2019-01-01T09:00:23+00:00\",\"dateModified\":\"2025-07-07T14:19:30+00:00\",\"mainEntityOfPage\":{\"@id\":\"https:\\\/\\\/encompaniastj.org\\\/pt-pt\\\/casa-de-oracao-santa-teresa-zaragoza\\\/\"},\"wordCount\":439,\"commentCount\":0,\"publisher\":{\"@id\":\"https:\\\/\\\/encompaniastj.org\\\/pt-pt\\\/#organization\"},\"image\":{\"@id\":\"https:\\\/\\\/encompaniastj.org\\\/pt-pt\\\/casa-de-oracao-santa-teresa-zaragoza\\\/#primaryimage\"},\"thumbnailUrl\":\"https:\\\/\\\/encompaniastj.org\\\/wp-content\\\/uploads\\\/2025\\\/05\\\/redux-Exterior-casa-de-oracion-1.jpg\",\"articleSection\":[\"Conhecemo-nos\",\"Projetos\"],\"inLanguage\":\"pt-PT\",\"potentialAction\":[{\"@type\":\"CommentAction\",\"name\":\"Comment\",\"target\":[\"https:\\\/\\\/encompaniastj.org\\\/pt-pt\\\/casa-de-oracao-santa-teresa-zaragoza\\\/#respond\"]}]},{\"@type\":\"WebPage\",\"@id\":\"https:\\\/\\\/encompaniastj.org\\\/pt-pt\\\/casa-de-oracao-santa-teresa-zaragoza\\\/\",\"url\":\"https:\\\/\\\/encompaniastj.org\\\/pt-pt\\\/casa-de-oracao-santa-teresa-zaragoza\\\/\",\"name\":\"Casa de Ora\u00e7\u00e3o Santa Teresa Zaragoza - En Compa\u00f1\u00eda STJ\",\"isPartOf\":{\"@id\":\"https:\\\/\\\/encompaniastj.org\\\/pt-pt\\\/#website\"},\"primaryImageOfPage\":{\"@id\":\"https:\\\/\\\/encompaniastj.org\\\/pt-pt\\\/casa-de-oracao-santa-teresa-zaragoza\\\/#primaryimage\"},\"image\":{\"@id\":\"https:\\\/\\\/encompaniastj.org\\\/pt-pt\\\/casa-de-oracao-santa-teresa-zaragoza\\\/#primaryimage\"},\"thumbnailUrl\":\"https:\\\/\\\/encompaniastj.org\\\/wp-content\\\/uploads\\\/2025\\\/05\\\/redux-Exterior-casa-de-oracion-1.jpg\",\"datePublished\":\"2019-01-01T09:00:23+00:00\",\"dateModified\":\"2025-07-07T14:19:30+00:00\",\"breadcrumb\":{\"@id\":\"https:\\\/\\\/encompaniastj.org\\\/pt-pt\\\/casa-de-oracao-santa-teresa-zaragoza\\\/#breadcrumb\"},\"inLanguage\":\"pt-PT\",\"potentialAction\":[{\"@type\":\"ReadAction\",\"target\":[\"https:\\\/\\\/encompaniastj.org\\\/pt-pt\\\/casa-de-oracao-santa-teresa-zaragoza\\\/\"]}]},{\"@type\":\"ImageObject\",\"inLanguage\":\"pt-PT\",\"@id\":\"https:\\\/\\\/encompaniastj.org\\\/pt-pt\\\/casa-de-oracao-santa-teresa-zaragoza\\\/#primaryimage\",\"url\":\"https:\\\/\\\/encompaniastj.org\\\/wp-content\\\/uploads\\\/2025\\\/05\\\/redux-Exterior-casa-de-oracion-1.jpg\",\"contentUrl\":\"https:\\\/\\\/encompaniastj.org\\\/wp-content\\\/uploads\\\/2025\\\/05\\\/redux-Exterior-casa-de-oracion-1.jpg\",\"width\":1920,\"height\":1080},{\"@type\":\"BreadcrumbList\",\"@id\":\"https:\\\/\\\/encompaniastj.org\\\/pt-pt\\\/casa-de-oracao-santa-teresa-zaragoza\\\/#breadcrumb\",\"itemListElement\":[{\"@type\":\"ListItem\",\"position\":1,\"name\":\"Portada\",\"item\":\"https:\\\/\\\/encompaniastj.org\\\/pt-pt\\\/\"},{\"@type\":\"ListItem\",\"position\":2,\"name\":\"Casa de Ora\u00e7\u00e3o Santa Teresa Zaragoza\"}]},{\"@type\":\"WebSite\",\"@id\":\"https:\\\/\\\/encompaniastj.org\\\/pt-pt\\\/#website\",\"url\":\"https:\\\/\\\/encompaniastj.org\\\/pt-pt\\\/\",\"name\":\"En Compa\u00f1\u00eda STJ\",\"description\":\"Bolet\u00edn de la Compa\u00f1\u00eda de Santa Teresa de Jes\u00fas\",\"publisher\":{\"@id\":\"https:\\\/\\\/encompaniastj.org\\\/pt-pt\\\/#organization\"},\"potentialAction\":[{\"@type\":\"SearchAction\",\"target\":{\"@type\":\"EntryPoint\",\"urlTemplate\":\"https:\\\/\\\/encompaniastj.org\\\/pt-pt\\\/?s={search_term_string}\"},\"query-input\":{\"@type\":\"PropertyValueSpecification\",\"valueRequired\":true,\"valueName\":\"search_term_string\"}}],\"inLanguage\":\"pt-PT\"},{\"@type\":\"Organization\",\"@id\":\"https:\\\/\\\/encompaniastj.org\\\/pt-pt\\\/#organization\",\"name\":\"Compa\u00f1\u00eda de Santa Teresa de Jes\u00fas\",\"url\":\"https:\\\/\\\/encompaniastj.org\\\/pt-pt\\\/\",\"logo\":{\"@type\":\"ImageObject\",\"inLanguage\":\"pt-PT\",\"@id\":\"https:\\\/\\\/encompaniastj.org\\\/pt-pt\\\/#\\\/schema\\\/logo\\\/image\\\/\",\"url\":\"https:\\\/\\\/encompaniastj.org\\\/wp-content\\\/uploads\\\/2025\\\/04\\\/logo_provincias02-1-3.png\",\"contentUrl\":\"https:\\\/\\\/encompaniastj.org\\\/wp-content\\\/uploads\\\/2025\\\/04\\\/logo_provincias02-1-3.png\",\"width\":2368,\"height\":825,\"caption\":\"Compa\u00f1\u00eda de Santa Teresa de Jes\u00fas\"},\"image\":{\"@id\":\"https:\\\/\\\/encompaniastj.org\\\/pt-pt\\\/#\\\/schema\\\/logo\\\/image\\\/\"}},{\"@type\":\"Person\",\"@id\":\"https:\\\/\\\/encompaniastj.org\\\/pt-pt\\\/#\\\/schema\\\/person\\\/520e7ecc314793d40091993c2a02b651\",\"name\":\"admin\",\"image\":{\"@type\":\"ImageObject\",\"inLanguage\":\"pt-PT\",\"@id\":\"https:\\\/\\\/secure.gravatar.com\\\/avatar\\\/948b492cce32b586ac2db0eaa926ee87024f7afe218d73b397ea5ddfc5f43ea1?s=96&d=mm&r=g\",\"url\":\"https:\\\/\\\/secure.gravatar.com\\\/avatar\\\/948b492cce32b586ac2db0eaa926ee87024f7afe218d73b397ea5ddfc5f43ea1?s=96&d=mm&r=g\",\"contentUrl\":\"https:\\\/\\\/secure.gravatar.com\\\/avatar\\\/948b492cce32b586ac2db0eaa926ee87024f7afe218d73b397ea5ddfc5f43ea1?s=96&d=mm&r=g\",\"caption\":\"admin\"},\"sameAs\":[\"https:\\\/\\\/encompaniastj.org\"],\"url\":\"https:\\\/\\\/encompaniastj.org\\\/pt-pt\\\/author\\\/sjdigital\\\/\"}]}<\/script>\n<!-- \/ Yoast SEO plugin. -->","yoast_head_json":{"title":"Casa de Ora\u00e7\u00e3o Santa Teresa Zaragoza - En Compa\u00f1\u00eda STJ","robots":{"index":"index","follow":"follow","max-snippet":"max-snippet:-1","max-image-preview":"max-image-preview:large","max-video-preview":"max-video-preview:-1"},"canonical":"https:\/\/encompaniastj.org\/pt-pt\/casa-de-oracao-santa-teresa-zaragoza\/","og_locale":"pt_PT","og_type":"article","og_title":"Casa de Ora\u00e7\u00e3o Santa Teresa Zaragoza - En Compa\u00f1\u00eda STJ","og_description":"A Casa de Ora\u00e7\u00e3o Santa Teresa iniciou a sua atividade em 1985, com uma miss\u00e3o educativa espec\u00edfica no \u00e2mbito da espiritualidade. Atualmente somos uma comunidade de seis irm\u00e3s: Carmina Pardo, [&hellip;]","og_url":"https:\/\/encompaniastj.org\/pt-pt\/casa-de-oracao-santa-teresa-zaragoza\/","og_site_name":"En Compa\u00f1\u00eda STJ","article_published_time":"2019-01-01T09:00:23+00:00","article_modified_time":"2025-07-07T14:19:30+00:00","og_image":[{"width":1920,"height":1080,"url":"https:\/\/encompaniastj.org\/wp-content\/uploads\/2025\/05\/redux-Exterior-casa-de-oracion-1.jpg","type":"image\/jpeg"}],"author":"admin","twitter_card":"summary_large_image","twitter_misc":{"Escrito por":"admin","Tempo estimado de leitura":"2 minutos"},"schema":{"@context":"https:\/\/schema.org","@graph":[{"@type":"Article","@id":"https:\/\/encompaniastj.org\/pt-pt\/casa-de-oracao-santa-teresa-zaragoza\/#article","isPartOf":{"@id":"https:\/\/encompaniastj.org\/pt-pt\/casa-de-oracao-santa-teresa-zaragoza\/"},"author":{"name":"admin","@id":"https:\/\/encompaniastj.org\/pt-pt\/#\/schema\/person\/520e7ecc314793d40091993c2a02b651"},"headline":"Casa de Ora\u00e7\u00e3o Santa Teresa Zaragoza","datePublished":"2019-01-01T09:00:23+00:00","dateModified":"2025-07-07T14:19:30+00:00","mainEntityOfPage":{"@id":"https:\/\/encompaniastj.org\/pt-pt\/casa-de-oracao-santa-teresa-zaragoza\/"},"wordCount":439,"commentCount":0,"publisher":{"@id":"https:\/\/encompaniastj.org\/pt-pt\/#organization"},"image":{"@id":"https:\/\/encompaniastj.org\/pt-pt\/casa-de-oracao-santa-teresa-zaragoza\/#primaryimage"},"thumbnailUrl":"https:\/\/encompaniastj.org\/wp-content\/uploads\/2025\/05\/redux-Exterior-casa-de-oracion-1.jpg","articleSection":["Conhecemo-nos","Projetos"],"inLanguage":"pt-PT","potentialAction":[{"@type":"CommentAction","name":"Comment","target":["https:\/\/encompaniastj.org\/pt-pt\/casa-de-oracao-santa-teresa-zaragoza\/#respond"]}]},{"@type":"WebPage","@id":"https:\/\/encompaniastj.org\/pt-pt\/casa-de-oracao-santa-teresa-zaragoza\/","url":"https:\/\/encompaniastj.org\/pt-pt\/casa-de-oracao-santa-teresa-zaragoza\/","name":"Casa de Ora\u00e7\u00e3o Santa Teresa Zaragoza - En Compa\u00f1\u00eda STJ","isPartOf":{"@id":"https:\/\/encompaniastj.org\/pt-pt\/#website"},"primaryImageOfPage":{"@id":"https:\/\/encompaniastj.org\/pt-pt\/casa-de-oracao-santa-teresa-zaragoza\/#primaryimage"},"image":{"@id":"https:\/\/encompaniastj.org\/pt-pt\/casa-de-oracao-santa-teresa-zaragoza\/#primaryimage"},"thumbnailUrl":"https:\/\/encompaniastj.org\/wp-content\/uploads\/2025\/05\/redux-Exterior-casa-de-oracion-1.jpg","datePublished":"2019-01-01T09:00:23+00:00","dateModified":"2025-07-07T14:19:30+00:00","breadcrumb":{"@id":"https:\/\/encompaniastj.org\/pt-pt\/casa-de-oracao-santa-teresa-zaragoza\/#breadcrumb"},"inLanguage":"pt-PT","potentialAction":[{"@type":"ReadAction","target":["https:\/\/encompaniastj.org\/pt-pt\/casa-de-oracao-santa-teresa-zaragoza\/"]}]},{"@type":"ImageObject","inLanguage":"pt-PT","@id":"https:\/\/encompaniastj.org\/pt-pt\/casa-de-oracao-santa-teresa-zaragoza\/#primaryimage","url":"https:\/\/encompaniastj.org\/wp-content\/uploads\/2025\/05\/redux-Exterior-casa-de-oracion-1.jpg","contentUrl":"https:\/\/encompaniastj.org\/wp-content\/uploads\/2025\/05\/redux-Exterior-casa-de-oracion-1.jpg","width":1920,"height":1080},{"@type":"BreadcrumbList","@id":"https:\/\/encompaniastj.org\/pt-pt\/casa-de-oracao-santa-teresa-zaragoza\/#breadcrumb","itemListElement":[{"@type":"ListItem","position":1,"name":"Portada","item":"https:\/\/encompaniastj.org\/pt-pt\/"},{"@type":"ListItem","position":2,"name":"Casa de Ora\u00e7\u00e3o Santa Teresa Zaragoza"}]},{"@type":"WebSite","@id":"https:\/\/encompaniastj.org\/pt-pt\/#website","url":"https:\/\/encompaniastj.org\/pt-pt\/","name":"En Compa\u00f1\u00eda STJ","description":"Bolet\u00edn de la Compa\u00f1\u00eda de Santa Teresa de Jes\u00fas","publisher":{"@id":"https:\/\/encompaniastj.org\/pt-pt\/#organization"},"potentialAction":[{"@type":"SearchAction","target":{"@type":"EntryPoint","urlTemplate":"https:\/\/encompaniastj.org\/pt-pt\/?s={search_term_string}"},"query-input":{"@type":"PropertyValueSpecification","valueRequired":true,"valueName":"search_term_string"}}],"inLanguage":"pt-PT"},{"@type":"Organization","@id":"https:\/\/encompaniastj.org\/pt-pt\/#organization","name":"Compa\u00f1\u00eda de Santa Teresa de Jes\u00fas","url":"https:\/\/encompaniastj.org\/pt-pt\/","logo":{"@type":"ImageObject","inLanguage":"pt-PT","@id":"https:\/\/encompaniastj.org\/pt-pt\/#\/schema\/logo\/image\/","url":"https:\/\/encompaniastj.org\/wp-content\/uploads\/2025\/04\/logo_provincias02-1-3.png","contentUrl":"https:\/\/encompaniastj.org\/wp-content\/uploads\/2025\/04\/logo_provincias02-1-3.png","width":2368,"height":825,"caption":"Compa\u00f1\u00eda de Santa Teresa de Jes\u00fas"},"image":{"@id":"https:\/\/encompaniastj.org\/pt-pt\/#\/schema\/logo\/image\/"}},{"@type":"Person","@id":"https:\/\/encompaniastj.org\/pt-pt\/#\/schema\/person\/520e7ecc314793d40091993c2a02b651","name":"admin","image":{"@type":"ImageObject","inLanguage":"pt-PT","@id":"https:\/\/secure.gravatar.com\/avatar\/948b492cce32b586ac2db0eaa926ee87024f7afe218d73b397ea5ddfc5f43ea1?s=96&d=mm&r=g","url":"https:\/\/secure.gravatar.com\/avatar\/948b492cce32b586ac2db0eaa926ee87024f7afe218d73b397ea5ddfc5f43ea1?s=96&d=mm&r=g","contentUrl":"https:\/\/secure.gravatar.com\/avatar\/948b492cce32b586ac2db0eaa926ee87024f7afe218d73b397ea5ddfc5f43ea1?s=96&d=mm&r=g","caption":"admin"},"sameAs":["https:\/\/encompaniastj.org"],"url":"https:\/\/encompaniastj.org\/pt-pt\/author\/sjdigital\/"}]}},"_links":{"self":[{"href":"https:\/\/encompaniastj.org\/pt-pt\/wp-json\/wp\/v2\/posts\/9278","targetHints":{"allow":["GET"]}}],"collection":[{"href":"https:\/\/encompaniastj.org\/pt-pt\/wp-json\/wp\/v2\/posts"}],"about":[{"href":"https:\/\/encompaniastj.org\/pt-pt\/wp-json\/wp\/v2\/types\/post"}],"author":[{"embeddable":true,"href":"https:\/\/encompaniastj.org\/pt-pt\/wp-json\/wp\/v2\/users\/1"}],"replies":[{"embeddable":true,"href":"https:\/\/encompaniastj.org\/pt-pt\/wp-json\/wp\/v2\/comments?post=9278"}],"version-history":[{"count":1,"href":"https:\/\/encompaniastj.org\/pt-pt\/wp-json\/wp\/v2\/posts\/9278\/revisions"}],"predecessor-version":[{"id":9279,"href":"https:\/\/encompaniastj.org\/pt-pt\/wp-json\/wp\/v2\/posts\/9278\/revisions\/9279"}],"wp:featuredmedia":[{"embeddable":true,"href":"https:\/\/encompaniastj.org\/pt-pt\/wp-json\/wp\/v2\/media\/6645"}],"wp:attachment":[{"href":"https:\/\/encompaniastj.org\/pt-pt\/wp-json\/wp\/v2\/media?parent=9278"}],"wp:term":[{"taxonomy":"category","embeddable":true,"href":"https:\/\/encompaniastj.org\/pt-pt\/wp-json\/wp\/v2\/categories?post=9278"},{"taxonomy":"post_tag","embeddable":true,"href":"https:\/\/encompaniastj.org\/pt-pt\/wp-json\/wp\/v2\/tags?post=9278"}],"curies":[{"name":"wp","href":"https:\/\/api.w.org\/{rel}","templated":true}]}}