{"id":9264,"date":"2018-12-29T12:05:51","date_gmt":"2018-12-29T11:05:51","guid":{"rendered":"https:\/\/encompaniastj.org\/colegio-maria-imaculada-mora-fundacion-escuela-teresiana\/"},"modified":"2025-07-07T16:19:28","modified_gmt":"2025-07-07T14:19:28","slug":"colegio-maria-imaculada-mora-fundacion-escuela-teresiana","status":"publish","type":"post","link":"https:\/\/encompaniastj.org\/pt-pt\/colegio-maria-imaculada-mora-fundacion-escuela-teresiana\/","title":{"rendered":"Col\u00e9gio Maria Imaculada \u2013 Mora (Fundaci\u00f3n Escuela Teresiana)"},"content":{"rendered":"<p>A hist\u00f3ria do nosso col\u00e9gio tem que ver com uma viagem de comboio: a que realizavam os membros da Junta encarregada de buscar uma congrega\u00e7\u00e3o que assumisse o centro que praticamente j\u00e1 estava constru\u00eddo na rua Honda, num palacete cedido por D\u00aa Maria Martin-Maestro Millas. Eram os primeiros vinte anos e em Mora j\u00e1 existiam escolas dependentes da C\u00e2mara Municipal. O novo col\u00e9gio pretendia transmitir os valores evang\u00e9licos e os conhecimentos human\u00edsticos e cient\u00edficos.<\/p>\n<p>A Junta Gestora viajava para encontrar-se com a congrega\u00e7\u00e3o das Damas Negras quando se encontrou na mesma carruagem com uma Irm\u00e3 Teresiana. Ela contou-lhes a sua miss\u00e3o, os lugares onde estavam estabelecidas e o carisma ligado a Santa Teresa de \u00c1vila. O seu relato convenceu-os e o encontro foi o in\u00edcio do col\u00e9gio Maria Imaculada, que come\u00e7ou a funcionar no ano lectivo de 1920-1921.<\/p>\n<p>Desde esse momento, as Teresianas de Mora formaram centenas de alunas e alunos, a quem abriram a mente \u00e0 ci\u00eancia e o cora\u00e7\u00e3o ao amor. Na atualidade, forma parte da Funda\u00e7\u00e3o Escola Teresiana, e conta com alunos dos n\u00edveis de Infantil, Prim\u00e1ria e Secund\u00e1ria.<\/p>\n<p>O projeto do qual estamos especialmente orgulhosos \u00e9 o de <strong>\u201cAlunos Ajudantes\u201d<\/strong>, que est\u00e1 a funcionar j\u00e1 h\u00e1 dez anos e envolve toda a comunidade educativa. Consiste na selec\u00e7\u00e3o e forma\u00e7\u00e3o de um grupo de 24 alunos, desde 5\u00ba de Prim\u00e1ria at\u00e9 4\u00ba de Secund\u00e1ria, que cumprem as seguintes fun\u00e7\u00f5es:<\/p>\n<ul>\n<li>Acolher os alunos rec\u00e9m chegados ao centro e facilitar a sua integra\u00e7\u00e3o nalgum grupo, tanto na aula como fora dela. Ainda os informam sobre os aspetos fundamentais da Pastoral Teresiana como o quarto de hora, conv\u00edvios, festas, etc.<\/li>\n<li>Detectar e ajudar os alunos que est\u00e3o passando um mau momento, escutando-os e dando-lhes aten\u00e7\u00e3o.<\/li>\n<li>Intervir quando algum aluno se meta com outro companheiro, tentando sempre chegar a um acordo.<\/li>\n<li>Detectar conflitos, analis\u00e1-los e buscar poss\u00edveis solu\u00e7\u00f5es antes que aumentem.<\/li>\n<\/ul>\n<p>O col\u00e9gio recebeu um reconhecimento da C\u00e2mara Municipal de Mora por este programa no qual os alunos p\u00f5em em pr\u00e1tica valores crist\u00e3os como a gratuidade, a compreens\u00e3o e a solidariedade.<\/p>\n\n<p>&nbsp;<\/p>\n","protected":false},"excerpt":{"rendered":"<p>A hist\u00f3ria do nosso col\u00e9gio tem que ver com uma viagem de comboio: a que realizavam os membros da Junta encarregada de buscar uma congrega\u00e7\u00e3o que assumisse o centro que [&hellip;]<\/p>\n","protected":false},"author":1,"featured_media":6634,"comment_status":"open","ping_status":"open","sticky":false,"template":"","format":"standard","meta":{"_acf_changed":false,"footnotes":""},"categories":[66,70],"tags":[],"class_list":["post-9264","post","type-post","status-publish","format-standard","has-post-thumbnail","hentry","category-conhecemo-nos","category-projetos"],"acf":[],"yoast_head":"<!-- This site is optimized with the Yoast SEO plugin v27.5 - https:\/\/yoast.com\/product\/yoast-seo-wordpress\/ -->\n<title>Col\u00e9gio Maria Imaculada \u2013 Mora (Fundaci\u00f3n Escuela Teresiana) - En Compa\u00f1\u00eda STJ<\/title>\n<meta name=\"robots\" content=\"index, follow, max-snippet:-1, max-image-preview:large, max-video-preview:-1\" \/>\n<link rel=\"canonical\" href=\"https:\/\/encompaniastj.org\/pt-pt\/colegio-maria-imaculada-mora-fundacion-escuela-teresiana\/\" \/>\n<meta property=\"og:locale\" content=\"pt_PT\" \/>\n<meta property=\"og:type\" content=\"article\" \/>\n<meta property=\"og:title\" content=\"Col\u00e9gio Maria Imaculada \u2013 Mora (Fundaci\u00f3n Escuela Teresiana) - En Compa\u00f1\u00eda STJ\" \/>\n<meta property=\"og:description\" content=\"A hist\u00f3ria do nosso col\u00e9gio tem que ver com uma viagem de comboio: a que realizavam os membros da Junta encarregada de buscar uma congrega\u00e7\u00e3o que assumisse o centro que [&hellip;]\" \/>\n<meta property=\"og:url\" content=\"https:\/\/encompaniastj.org\/pt-pt\/colegio-maria-imaculada-mora-fundacion-escuela-teresiana\/\" \/>\n<meta property=\"og:site_name\" content=\"En Compa\u00f1\u00eda STJ\" \/>\n<meta property=\"article:published_time\" content=\"2018-12-29T11:05:51+00:00\" \/>\n<meta property=\"article:modified_time\" content=\"2025-07-07T14:19:28+00:00\" \/>\n<meta property=\"og:image\" content=\"https:\/\/encompaniastj.org\/wp-content\/uploads\/2025\/05\/redux-0Mora-Alumnos-Ayudantes.jpg\" \/>\n\t<meta property=\"og:image:width\" content=\"1920\" \/>\n\t<meta property=\"og:image:height\" content=\"1080\" \/>\n\t<meta property=\"og:image:type\" content=\"image\/jpeg\" \/>\n<meta name=\"author\" content=\"admin\" \/>\n<meta name=\"twitter:card\" content=\"summary_large_image\" \/>\n<meta name=\"twitter:label1\" content=\"Escrito por\" \/>\n\t<meta name=\"twitter:data1\" content=\"admin\" \/>\n\t<meta name=\"twitter:label2\" content=\"Tempo estimado de leitura\" \/>\n\t<meta name=\"twitter:data2\" content=\"3 minutos\" \/>\n<script type=\"application\/ld+json\" class=\"yoast-schema-graph\">{\"@context\":\"https:\\\/\\\/schema.org\",\"@graph\":[{\"@type\":\"Article\",\"@id\":\"https:\\\/\\\/encompaniastj.org\\\/pt-pt\\\/colegio-maria-imaculada-mora-fundacion-escuela-teresiana\\\/#article\",\"isPartOf\":{\"@id\":\"https:\\\/\\\/encompaniastj.org\\\/pt-pt\\\/colegio-maria-imaculada-mora-fundacion-escuela-teresiana\\\/\"},\"author\":{\"name\":\"admin\",\"@id\":\"https:\\\/\\\/encompaniastj.org\\\/pt-pt\\\/#\\\/schema\\\/person\\\/520e7ecc314793d40091993c2a02b651\"},\"headline\":\"Col\u00e9gio Maria Imaculada \u2013 Mora (Fundaci\u00f3n Escuela Teresiana)\",\"datePublished\":\"2018-12-29T11:05:51+00:00\",\"dateModified\":\"2025-07-07T14:19:28+00:00\",\"mainEntityOfPage\":{\"@id\":\"https:\\\/\\\/encompaniastj.org\\\/pt-pt\\\/colegio-maria-imaculada-mora-fundacion-escuela-teresiana\\\/\"},\"wordCount\":518,\"commentCount\":0,\"publisher\":{\"@id\":\"https:\\\/\\\/encompaniastj.org\\\/pt-pt\\\/#organization\"},\"image\":{\"@id\":\"https:\\\/\\\/encompaniastj.org\\\/pt-pt\\\/colegio-maria-imaculada-mora-fundacion-escuela-teresiana\\\/#primaryimage\"},\"thumbnailUrl\":\"https:\\\/\\\/encompaniastj.org\\\/wp-content\\\/uploads\\\/2025\\\/05\\\/redux-0Mora-Alumnos-Ayudantes.jpg\",\"articleSection\":[\"Conhecemo-nos\",\"Projetos\"],\"inLanguage\":\"pt-PT\",\"potentialAction\":[{\"@type\":\"CommentAction\",\"name\":\"Comment\",\"target\":[\"https:\\\/\\\/encompaniastj.org\\\/pt-pt\\\/colegio-maria-imaculada-mora-fundacion-escuela-teresiana\\\/#respond\"]}]},{\"@type\":\"WebPage\",\"@id\":\"https:\\\/\\\/encompaniastj.org\\\/pt-pt\\\/colegio-maria-imaculada-mora-fundacion-escuela-teresiana\\\/\",\"url\":\"https:\\\/\\\/encompaniastj.org\\\/pt-pt\\\/colegio-maria-imaculada-mora-fundacion-escuela-teresiana\\\/\",\"name\":\"Col\u00e9gio Maria Imaculada \u2013 Mora (Fundaci\u00f3n Escuela Teresiana) - En Compa\u00f1\u00eda STJ\",\"isPartOf\":{\"@id\":\"https:\\\/\\\/encompaniastj.org\\\/pt-pt\\\/#website\"},\"primaryImageOfPage\":{\"@id\":\"https:\\\/\\\/encompaniastj.org\\\/pt-pt\\\/colegio-maria-imaculada-mora-fundacion-escuela-teresiana\\\/#primaryimage\"},\"image\":{\"@id\":\"https:\\\/\\\/encompaniastj.org\\\/pt-pt\\\/colegio-maria-imaculada-mora-fundacion-escuela-teresiana\\\/#primaryimage\"},\"thumbnailUrl\":\"https:\\\/\\\/encompaniastj.org\\\/wp-content\\\/uploads\\\/2025\\\/05\\\/redux-0Mora-Alumnos-Ayudantes.jpg\",\"datePublished\":\"2018-12-29T11:05:51+00:00\",\"dateModified\":\"2025-07-07T14:19:28+00:00\",\"breadcrumb\":{\"@id\":\"https:\\\/\\\/encompaniastj.org\\\/pt-pt\\\/colegio-maria-imaculada-mora-fundacion-escuela-teresiana\\\/#breadcrumb\"},\"inLanguage\":\"pt-PT\",\"potentialAction\":[{\"@type\":\"ReadAction\",\"target\":[\"https:\\\/\\\/encompaniastj.org\\\/pt-pt\\\/colegio-maria-imaculada-mora-fundacion-escuela-teresiana\\\/\"]}]},{\"@type\":\"ImageObject\",\"inLanguage\":\"pt-PT\",\"@id\":\"https:\\\/\\\/encompaniastj.org\\\/pt-pt\\\/colegio-maria-imaculada-mora-fundacion-escuela-teresiana\\\/#primaryimage\",\"url\":\"https:\\\/\\\/encompaniastj.org\\\/wp-content\\\/uploads\\\/2025\\\/05\\\/redux-0Mora-Alumnos-Ayudantes.jpg\",\"contentUrl\":\"https:\\\/\\\/encompaniastj.org\\\/wp-content\\\/uploads\\\/2025\\\/05\\\/redux-0Mora-Alumnos-Ayudantes.jpg\",\"width\":1920,\"height\":1080},{\"@type\":\"BreadcrumbList\",\"@id\":\"https:\\\/\\\/encompaniastj.org\\\/pt-pt\\\/colegio-maria-imaculada-mora-fundacion-escuela-teresiana\\\/#breadcrumb\",\"itemListElement\":[{\"@type\":\"ListItem\",\"position\":1,\"name\":\"Portada\",\"item\":\"https:\\\/\\\/encompaniastj.org\\\/pt-pt\\\/\"},{\"@type\":\"ListItem\",\"position\":2,\"name\":\"Col\u00e9gio Maria Imaculada \u2013 Mora (Fundaci\u00f3n Escuela Teresiana)\"}]},{\"@type\":\"WebSite\",\"@id\":\"https:\\\/\\\/encompaniastj.org\\\/pt-pt\\\/#website\",\"url\":\"https:\\\/\\\/encompaniastj.org\\\/pt-pt\\\/\",\"name\":\"En Compa\u00f1\u00eda STJ\",\"description\":\"Bolet\u00edn de la Compa\u00f1\u00eda de Santa Teresa de Jes\u00fas\",\"publisher\":{\"@id\":\"https:\\\/\\\/encompaniastj.org\\\/pt-pt\\\/#organization\"},\"potentialAction\":[{\"@type\":\"SearchAction\",\"target\":{\"@type\":\"EntryPoint\",\"urlTemplate\":\"https:\\\/\\\/encompaniastj.org\\\/pt-pt\\\/?s={search_term_string}\"},\"query-input\":{\"@type\":\"PropertyValueSpecification\",\"valueRequired\":true,\"valueName\":\"search_term_string\"}}],\"inLanguage\":\"pt-PT\"},{\"@type\":\"Organization\",\"@id\":\"https:\\\/\\\/encompaniastj.org\\\/pt-pt\\\/#organization\",\"name\":\"Compa\u00f1\u00eda de Santa Teresa de Jes\u00fas\",\"url\":\"https:\\\/\\\/encompaniastj.org\\\/pt-pt\\\/\",\"logo\":{\"@type\":\"ImageObject\",\"inLanguage\":\"pt-PT\",\"@id\":\"https:\\\/\\\/encompaniastj.org\\\/pt-pt\\\/#\\\/schema\\\/logo\\\/image\\\/\",\"url\":\"https:\\\/\\\/encompaniastj.org\\\/wp-content\\\/uploads\\\/2025\\\/04\\\/logo_provincias02-1-3.png\",\"contentUrl\":\"https:\\\/\\\/encompaniastj.org\\\/wp-content\\\/uploads\\\/2025\\\/04\\\/logo_provincias02-1-3.png\",\"width\":2368,\"height\":825,\"caption\":\"Compa\u00f1\u00eda de Santa Teresa de Jes\u00fas\"},\"image\":{\"@id\":\"https:\\\/\\\/encompaniastj.org\\\/pt-pt\\\/#\\\/schema\\\/logo\\\/image\\\/\"}},{\"@type\":\"Person\",\"@id\":\"https:\\\/\\\/encompaniastj.org\\\/pt-pt\\\/#\\\/schema\\\/person\\\/520e7ecc314793d40091993c2a02b651\",\"name\":\"admin\",\"image\":{\"@type\":\"ImageObject\",\"inLanguage\":\"pt-PT\",\"@id\":\"https:\\\/\\\/secure.gravatar.com\\\/avatar\\\/948b492cce32b586ac2db0eaa926ee87024f7afe218d73b397ea5ddfc5f43ea1?s=96&d=mm&r=g\",\"url\":\"https:\\\/\\\/secure.gravatar.com\\\/avatar\\\/948b492cce32b586ac2db0eaa926ee87024f7afe218d73b397ea5ddfc5f43ea1?s=96&d=mm&r=g\",\"contentUrl\":\"https:\\\/\\\/secure.gravatar.com\\\/avatar\\\/948b492cce32b586ac2db0eaa926ee87024f7afe218d73b397ea5ddfc5f43ea1?s=96&d=mm&r=g\",\"caption\":\"admin\"},\"sameAs\":[\"https:\\\/\\\/encompaniastj.org\"],\"url\":\"https:\\\/\\\/encompaniastj.org\\\/pt-pt\\\/author\\\/sjdigital\\\/\"}]}<\/script>\n<!-- \/ Yoast SEO plugin. -->","yoast_head_json":{"title":"Col\u00e9gio Maria Imaculada \u2013 Mora (Fundaci\u00f3n Escuela Teresiana) - En Compa\u00f1\u00eda STJ","robots":{"index":"index","follow":"follow","max-snippet":"max-snippet:-1","max-image-preview":"max-image-preview:large","max-video-preview":"max-video-preview:-1"},"canonical":"https:\/\/encompaniastj.org\/pt-pt\/colegio-maria-imaculada-mora-fundacion-escuela-teresiana\/","og_locale":"pt_PT","og_type":"article","og_title":"Col\u00e9gio Maria Imaculada \u2013 Mora (Fundaci\u00f3n Escuela Teresiana) - En Compa\u00f1\u00eda STJ","og_description":"A hist\u00f3ria do nosso col\u00e9gio tem que ver com uma viagem de comboio: a que realizavam os membros da Junta encarregada de buscar uma congrega\u00e7\u00e3o que assumisse o centro que [&hellip;]","og_url":"https:\/\/encompaniastj.org\/pt-pt\/colegio-maria-imaculada-mora-fundacion-escuela-teresiana\/","og_site_name":"En Compa\u00f1\u00eda STJ","article_published_time":"2018-12-29T11:05:51+00:00","article_modified_time":"2025-07-07T14:19:28+00:00","og_image":[{"width":1920,"height":1080,"url":"https:\/\/encompaniastj.org\/wp-content\/uploads\/2025\/05\/redux-0Mora-Alumnos-Ayudantes.jpg","type":"image\/jpeg"}],"author":"admin","twitter_card":"summary_large_image","twitter_misc":{"Escrito por":"admin","Tempo estimado de leitura":"3 minutos"},"schema":{"@context":"https:\/\/schema.org","@graph":[{"@type":"Article","@id":"https:\/\/encompaniastj.org\/pt-pt\/colegio-maria-imaculada-mora-fundacion-escuela-teresiana\/#article","isPartOf":{"@id":"https:\/\/encompaniastj.org\/pt-pt\/colegio-maria-imaculada-mora-fundacion-escuela-teresiana\/"},"author":{"name":"admin","@id":"https:\/\/encompaniastj.org\/pt-pt\/#\/schema\/person\/520e7ecc314793d40091993c2a02b651"},"headline":"Col\u00e9gio Maria Imaculada \u2013 Mora (Fundaci\u00f3n Escuela Teresiana)","datePublished":"2018-12-29T11:05:51+00:00","dateModified":"2025-07-07T14:19:28+00:00","mainEntityOfPage":{"@id":"https:\/\/encompaniastj.org\/pt-pt\/colegio-maria-imaculada-mora-fundacion-escuela-teresiana\/"},"wordCount":518,"commentCount":0,"publisher":{"@id":"https:\/\/encompaniastj.org\/pt-pt\/#organization"},"image":{"@id":"https:\/\/encompaniastj.org\/pt-pt\/colegio-maria-imaculada-mora-fundacion-escuela-teresiana\/#primaryimage"},"thumbnailUrl":"https:\/\/encompaniastj.org\/wp-content\/uploads\/2025\/05\/redux-0Mora-Alumnos-Ayudantes.jpg","articleSection":["Conhecemo-nos","Projetos"],"inLanguage":"pt-PT","potentialAction":[{"@type":"CommentAction","name":"Comment","target":["https:\/\/encompaniastj.org\/pt-pt\/colegio-maria-imaculada-mora-fundacion-escuela-teresiana\/#respond"]}]},{"@type":"WebPage","@id":"https:\/\/encompaniastj.org\/pt-pt\/colegio-maria-imaculada-mora-fundacion-escuela-teresiana\/","url":"https:\/\/encompaniastj.org\/pt-pt\/colegio-maria-imaculada-mora-fundacion-escuela-teresiana\/","name":"Col\u00e9gio Maria Imaculada \u2013 Mora (Fundaci\u00f3n Escuela Teresiana) - En Compa\u00f1\u00eda STJ","isPartOf":{"@id":"https:\/\/encompaniastj.org\/pt-pt\/#website"},"primaryImageOfPage":{"@id":"https:\/\/encompaniastj.org\/pt-pt\/colegio-maria-imaculada-mora-fundacion-escuela-teresiana\/#primaryimage"},"image":{"@id":"https:\/\/encompaniastj.org\/pt-pt\/colegio-maria-imaculada-mora-fundacion-escuela-teresiana\/#primaryimage"},"thumbnailUrl":"https:\/\/encompaniastj.org\/wp-content\/uploads\/2025\/05\/redux-0Mora-Alumnos-Ayudantes.jpg","datePublished":"2018-12-29T11:05:51+00:00","dateModified":"2025-07-07T14:19:28+00:00","breadcrumb":{"@id":"https:\/\/encompaniastj.org\/pt-pt\/colegio-maria-imaculada-mora-fundacion-escuela-teresiana\/#breadcrumb"},"inLanguage":"pt-PT","potentialAction":[{"@type":"ReadAction","target":["https:\/\/encompaniastj.org\/pt-pt\/colegio-maria-imaculada-mora-fundacion-escuela-teresiana\/"]}]},{"@type":"ImageObject","inLanguage":"pt-PT","@id":"https:\/\/encompaniastj.org\/pt-pt\/colegio-maria-imaculada-mora-fundacion-escuela-teresiana\/#primaryimage","url":"https:\/\/encompaniastj.org\/wp-content\/uploads\/2025\/05\/redux-0Mora-Alumnos-Ayudantes.jpg","contentUrl":"https:\/\/encompaniastj.org\/wp-content\/uploads\/2025\/05\/redux-0Mora-Alumnos-Ayudantes.jpg","width":1920,"height":1080},{"@type":"BreadcrumbList","@id":"https:\/\/encompaniastj.org\/pt-pt\/colegio-maria-imaculada-mora-fundacion-escuela-teresiana\/#breadcrumb","itemListElement":[{"@type":"ListItem","position":1,"name":"Portada","item":"https:\/\/encompaniastj.org\/pt-pt\/"},{"@type":"ListItem","position":2,"name":"Col\u00e9gio Maria Imaculada \u2013 Mora (Fundaci\u00f3n Escuela Teresiana)"}]},{"@type":"WebSite","@id":"https:\/\/encompaniastj.org\/pt-pt\/#website","url":"https:\/\/encompaniastj.org\/pt-pt\/","name":"En Compa\u00f1\u00eda STJ","description":"Bolet\u00edn de la Compa\u00f1\u00eda de Santa Teresa de Jes\u00fas","publisher":{"@id":"https:\/\/encompaniastj.org\/pt-pt\/#organization"},"potentialAction":[{"@type":"SearchAction","target":{"@type":"EntryPoint","urlTemplate":"https:\/\/encompaniastj.org\/pt-pt\/?s={search_term_string}"},"query-input":{"@type":"PropertyValueSpecification","valueRequired":true,"valueName":"search_term_string"}}],"inLanguage":"pt-PT"},{"@type":"Organization","@id":"https:\/\/encompaniastj.org\/pt-pt\/#organization","name":"Compa\u00f1\u00eda de Santa Teresa de Jes\u00fas","url":"https:\/\/encompaniastj.org\/pt-pt\/","logo":{"@type":"ImageObject","inLanguage":"pt-PT","@id":"https:\/\/encompaniastj.org\/pt-pt\/#\/schema\/logo\/image\/","url":"https:\/\/encompaniastj.org\/wp-content\/uploads\/2025\/04\/logo_provincias02-1-3.png","contentUrl":"https:\/\/encompaniastj.org\/wp-content\/uploads\/2025\/04\/logo_provincias02-1-3.png","width":2368,"height":825,"caption":"Compa\u00f1\u00eda de Santa Teresa de Jes\u00fas"},"image":{"@id":"https:\/\/encompaniastj.org\/pt-pt\/#\/schema\/logo\/image\/"}},{"@type":"Person","@id":"https:\/\/encompaniastj.org\/pt-pt\/#\/schema\/person\/520e7ecc314793d40091993c2a02b651","name":"admin","image":{"@type":"ImageObject","inLanguage":"pt-PT","@id":"https:\/\/secure.gravatar.com\/avatar\/948b492cce32b586ac2db0eaa926ee87024f7afe218d73b397ea5ddfc5f43ea1?s=96&d=mm&r=g","url":"https:\/\/secure.gravatar.com\/avatar\/948b492cce32b586ac2db0eaa926ee87024f7afe218d73b397ea5ddfc5f43ea1?s=96&d=mm&r=g","contentUrl":"https:\/\/secure.gravatar.com\/avatar\/948b492cce32b586ac2db0eaa926ee87024f7afe218d73b397ea5ddfc5f43ea1?s=96&d=mm&r=g","caption":"admin"},"sameAs":["https:\/\/encompaniastj.org"],"url":"https:\/\/encompaniastj.org\/pt-pt\/author\/sjdigital\/"}]}},"_links":{"self":[{"href":"https:\/\/encompaniastj.org\/pt-pt\/wp-json\/wp\/v2\/posts\/9264","targetHints":{"allow":["GET"]}}],"collection":[{"href":"https:\/\/encompaniastj.org\/pt-pt\/wp-json\/wp\/v2\/posts"}],"about":[{"href":"https:\/\/encompaniastj.org\/pt-pt\/wp-json\/wp\/v2\/types\/post"}],"author":[{"embeddable":true,"href":"https:\/\/encompaniastj.org\/pt-pt\/wp-json\/wp\/v2\/users\/1"}],"replies":[{"embeddable":true,"href":"https:\/\/encompaniastj.org\/pt-pt\/wp-json\/wp\/v2\/comments?post=9264"}],"version-history":[{"count":1,"href":"https:\/\/encompaniastj.org\/pt-pt\/wp-json\/wp\/v2\/posts\/9264\/revisions"}],"predecessor-version":[{"id":9265,"href":"https:\/\/encompaniastj.org\/pt-pt\/wp-json\/wp\/v2\/posts\/9264\/revisions\/9265"}],"wp:featuredmedia":[{"embeddable":true,"href":"https:\/\/encompaniastj.org\/pt-pt\/wp-json\/wp\/v2\/media\/6634"}],"wp:attachment":[{"href":"https:\/\/encompaniastj.org\/pt-pt\/wp-json\/wp\/v2\/media?parent=9264"}],"wp:term":[{"taxonomy":"category","embeddable":true,"href":"https:\/\/encompaniastj.org\/pt-pt\/wp-json\/wp\/v2\/categories?post=9264"},{"taxonomy":"post_tag","embeddable":true,"href":"https:\/\/encompaniastj.org\/pt-pt\/wp-json\/wp\/v2\/tags?post=9264"}],"curies":[{"name":"wp","href":"https:\/\/api.w.org\/{rel}","templated":true}]}}