{"id":9260,"date":"2019-01-01T10:00:26","date_gmt":"2019-01-01T09:00:26","guid":{"rendered":"https:\/\/encompaniastj.org\/comunidade-teresiana-de-santo-tirso\/"},"modified":"2025-07-07T16:19:28","modified_gmt":"2025-07-07T14:19:28","slug":"comunidade-teresiana-de-santo-tirso","status":"publish","type":"post","link":"https:\/\/encompaniastj.org\/pt-pt\/comunidade-teresiana-de-santo-tirso\/","title":{"rendered":"Comunidade Teresiana de Santo Tirso"},"content":{"rendered":"<p>A Comunidade est\u00e1 localizada na cidade de Santo Tirso, a 22 quil\u00f3metros do Porto. Sede de concelho, \u00e9 uma cidade pequena, mas muito acolhedora. \u00c9 caracterizada pelo desenvolvimento do com\u00e9rcio e da ind\u00fastria, nomeadamente os t\u00eaxteis.<\/p>\n<p>Desde 2008, esta zona tem vindo a sofrer com o encerramento de algumas f\u00e1bricas o que provocou um forte aumento da taxa de desemprego. Atualmente, v\u00e3o surgindo algumas ind\u00fastrias pequenas, familiares, mas ainda n\u00e3o \u00e9 o suficiente para fazer face \u00e0s dificuldades econ\u00f3micas.<\/p>\n<p>As teresianas chegaram a esta cidade a 29 de dezembro de 1896. Ao encerrar-se a comunidade de Fraga, distrito de Viseu, as Irm\u00e3s vieram para Santa Cristina do Couto \u2013 Santo Tirso, a pedido do P\u00e1roco da freguesia, que reconhecendo o valor educativo e evangelizador das Teresianas solicitou a sua vinda.<\/p>\n<p>Ao longo dos anos, a presen\u00e7a teresiana foi sofrendo com algumas altera\u00e7\u00f5es pol\u00edticas, nomeadamente, a laiciza\u00e7\u00e3o da sociedade. Em 1910 a expuls\u00e3o das congrega\u00e7\u00f5es religiosas fez com que as irm\u00e3s abandonassem esta terra e fossem para Espanha, abrindo-se assim uma oportunidade da Companhia chegar ao Brasil.<\/p>\n<p>Em 1936, quando politicamente as coisas estavam mais tranquilas, antigas alunas pediram \u00e0s irm\u00e3s para regressarem, cedendo as pr\u00f3prias instala\u00e7\u00f5es da sua casa. Em 1956, as irm\u00e3s compraram uma casa com bastante terreno, local onde atualmente est\u00e1 a Comunidade e o Col\u00e9gio.<\/p>\n<p>A comunidade \u00e9 formada por 9 irm\u00e3s: Celeste Monteiro, Ol\u00edvia Campos, M\u00aa de Jesus Correia, Lurdes Gomes, F\u00e1tima Teixeira, Beatriz Nogueira, Concei\u00e7\u00e3o Marques, Ana Maria Cunha e M\u00aa Jos\u00e9 Silva.<\/p>\n<p>Realiza a sua a\u00e7\u00e3o evangelizadora: no Col\u00e9gio \u2013 doc\u00eancia, administra\u00e7\u00e3o, dire\u00e7\u00e3o titular, apoio a diversos servi\u00e7os como cantina, bar, reprografia\u2026; inserida na Par\u00f3quia - na catequese infantil, na liturgia, equipa vicarial e equipa do conselho paroquial, no acompanhamento a idosos e apoio a pessoas desfavorecidas em colabora\u00e7\u00e3o com a Institui\u00e7\u00e3o ASAS e Par\u00f3quia, apoio, das mais diversas formas, \u00e0 Maria Jos\u00e9, uma irm\u00e3 que trabalha com jovens, com o MTA, voluntariado e acompanhamento a jovens.<\/p>\n<p>Somos conscientes das dificuldades que o Col\u00e9gio, atualmente est\u00e1 a passar, devido a v\u00e1rios fatores de cariz econ\u00f3mico e financeiro, contudo, convencidas e esperan\u00e7osas que, com os indicadores s\u00f3cio-econ\u00f3micos a darem sinais positivos de retoma e o esfor\u00e7o de todos \u2013 leigos e irm\u00e3s \u2013, a situa\u00e7\u00e3o de crise do Vale do Ave ser\u00e1 ultrapassada, para que a presen\u00e7a teresiana possa continuar nesta parcela de Portugal, dando resposta aos desafios da sociedade tirsense, privilegiando a educa\u00e7\u00e3o e evangeliza\u00e7\u00e3o.<\/p>\n\n","protected":false},"excerpt":{"rendered":"<p>A Comunidade est\u00e1 localizada na cidade de Santo Tirso, a 22 quil\u00f3metros do Porto. Sede de concelho, \u00e9 uma cidade pequena, mas muito acolhedora. \u00c9 caracterizada pelo desenvolvimento do com\u00e9rcio [&hellip;]<\/p>\n","protected":false},"author":1,"featured_media":6631,"comment_status":"open","ping_status":"open","sticky":false,"template":"","format":"standard","meta":{"_acf_changed":false,"footnotes":""},"categories":[67,66],"tags":[],"class_list":["post-9260","post","type-post","status-publish","format-standard","has-post-thumbnail","hentry","category-comunidades-conhecemo-nos","category-conhecemo-nos"],"acf":[],"yoast_head":"<!-- This site is optimized with the Yoast SEO plugin v27.5 - https:\/\/yoast.com\/product\/yoast-seo-wordpress\/ -->\n<title>Comunidade Teresiana de Santo Tirso - En Compa\u00f1\u00eda STJ<\/title>\n<meta name=\"robots\" content=\"index, follow, max-snippet:-1, max-image-preview:large, max-video-preview:-1\" \/>\n<link rel=\"canonical\" href=\"https:\/\/encompaniastj.org\/pt-pt\/comunidade-teresiana-de-santo-tirso\/\" \/>\n<meta property=\"og:locale\" content=\"pt_PT\" \/>\n<meta property=\"og:type\" content=\"article\" \/>\n<meta property=\"og:title\" content=\"Comunidade Teresiana de Santo Tirso - En Compa\u00f1\u00eda STJ\" \/>\n<meta property=\"og:description\" content=\"A Comunidade est\u00e1 localizada na cidade de Santo Tirso, a 22 quil\u00f3metros do Porto. Sede de concelho, \u00e9 uma cidade pequena, mas muito acolhedora. \u00c9 caracterizada pelo desenvolvimento do com\u00e9rcio [&hellip;]\" \/>\n<meta property=\"og:url\" content=\"https:\/\/encompaniastj.org\/pt-pt\/comunidade-teresiana-de-santo-tirso\/\" \/>\n<meta property=\"og:site_name\" content=\"En Compa\u00f1\u00eda STJ\" \/>\n<meta property=\"article:published_time\" content=\"2019-01-01T09:00:26+00:00\" \/>\n<meta property=\"article:modified_time\" content=\"2025-07-07T14:19:28+00:00\" \/>\n<meta property=\"og:image\" content=\"https:\/\/encompaniastj.org\/wp-content\/uploads\/2025\/05\/redux-comunidad-santo-tirso.jpg\" \/>\n\t<meta property=\"og:image:width\" content=\"1920\" \/>\n\t<meta property=\"og:image:height\" content=\"1080\" \/>\n\t<meta property=\"og:image:type\" content=\"image\/jpeg\" \/>\n<meta name=\"author\" content=\"admin\" \/>\n<meta name=\"twitter:card\" content=\"summary_large_image\" \/>\n<meta name=\"twitter:label1\" content=\"Escrito por\" \/>\n\t<meta name=\"twitter:data1\" content=\"admin\" \/>\n\t<meta name=\"twitter:label2\" content=\"Tempo estimado de leitura\" \/>\n\t<meta name=\"twitter:data2\" content=\"3 minutos\" \/>\n<script type=\"application\/ld+json\" class=\"yoast-schema-graph\">{\"@context\":\"https:\\\/\\\/schema.org\",\"@graph\":[{\"@type\":\"Article\",\"@id\":\"https:\\\/\\\/encompaniastj.org\\\/pt-pt\\\/comunidade-teresiana-de-santo-tirso\\\/#article\",\"isPartOf\":{\"@id\":\"https:\\\/\\\/encompaniastj.org\\\/pt-pt\\\/comunidade-teresiana-de-santo-tirso\\\/\"},\"author\":{\"name\":\"admin\",\"@id\":\"https:\\\/\\\/encompaniastj.org\\\/pt-pt\\\/#\\\/schema\\\/person\\\/520e7ecc314793d40091993c2a02b651\"},\"headline\":\"Comunidade Teresiana de Santo Tirso\",\"datePublished\":\"2019-01-01T09:00:26+00:00\",\"dateModified\":\"2025-07-07T14:19:28+00:00\",\"mainEntityOfPage\":{\"@id\":\"https:\\\/\\\/encompaniastj.org\\\/pt-pt\\\/comunidade-teresiana-de-santo-tirso\\\/\"},\"wordCount\":524,\"commentCount\":0,\"publisher\":{\"@id\":\"https:\\\/\\\/encompaniastj.org\\\/pt-pt\\\/#organization\"},\"image\":{\"@id\":\"https:\\\/\\\/encompaniastj.org\\\/pt-pt\\\/comunidade-teresiana-de-santo-tirso\\\/#primaryimage\"},\"thumbnailUrl\":\"https:\\\/\\\/encompaniastj.org\\\/wp-content\\\/uploads\\\/2025\\\/05\\\/redux-comunidad-santo-tirso.jpg\",\"articleSection\":[\"Comunidades\",\"Conhecemo-nos\"],\"inLanguage\":\"pt-PT\",\"potentialAction\":[{\"@type\":\"CommentAction\",\"name\":\"Comment\",\"target\":[\"https:\\\/\\\/encompaniastj.org\\\/pt-pt\\\/comunidade-teresiana-de-santo-tirso\\\/#respond\"]}]},{\"@type\":\"WebPage\",\"@id\":\"https:\\\/\\\/encompaniastj.org\\\/pt-pt\\\/comunidade-teresiana-de-santo-tirso\\\/\",\"url\":\"https:\\\/\\\/encompaniastj.org\\\/pt-pt\\\/comunidade-teresiana-de-santo-tirso\\\/\",\"name\":\"Comunidade Teresiana de Santo Tirso - En Compa\u00f1\u00eda STJ\",\"isPartOf\":{\"@id\":\"https:\\\/\\\/encompaniastj.org\\\/pt-pt\\\/#website\"},\"primaryImageOfPage\":{\"@id\":\"https:\\\/\\\/encompaniastj.org\\\/pt-pt\\\/comunidade-teresiana-de-santo-tirso\\\/#primaryimage\"},\"image\":{\"@id\":\"https:\\\/\\\/encompaniastj.org\\\/pt-pt\\\/comunidade-teresiana-de-santo-tirso\\\/#primaryimage\"},\"thumbnailUrl\":\"https:\\\/\\\/encompaniastj.org\\\/wp-content\\\/uploads\\\/2025\\\/05\\\/redux-comunidad-santo-tirso.jpg\",\"datePublished\":\"2019-01-01T09:00:26+00:00\",\"dateModified\":\"2025-07-07T14:19:28+00:00\",\"breadcrumb\":{\"@id\":\"https:\\\/\\\/encompaniastj.org\\\/pt-pt\\\/comunidade-teresiana-de-santo-tirso\\\/#breadcrumb\"},\"inLanguage\":\"pt-PT\",\"potentialAction\":[{\"@type\":\"ReadAction\",\"target\":[\"https:\\\/\\\/encompaniastj.org\\\/pt-pt\\\/comunidade-teresiana-de-santo-tirso\\\/\"]}]},{\"@type\":\"ImageObject\",\"inLanguage\":\"pt-PT\",\"@id\":\"https:\\\/\\\/encompaniastj.org\\\/pt-pt\\\/comunidade-teresiana-de-santo-tirso\\\/#primaryimage\",\"url\":\"https:\\\/\\\/encompaniastj.org\\\/wp-content\\\/uploads\\\/2025\\\/05\\\/redux-comunidad-santo-tirso.jpg\",\"contentUrl\":\"https:\\\/\\\/encompaniastj.org\\\/wp-content\\\/uploads\\\/2025\\\/05\\\/redux-comunidad-santo-tirso.jpg\",\"width\":1920,\"height\":1080},{\"@type\":\"BreadcrumbList\",\"@id\":\"https:\\\/\\\/encompaniastj.org\\\/pt-pt\\\/comunidade-teresiana-de-santo-tirso\\\/#breadcrumb\",\"itemListElement\":[{\"@type\":\"ListItem\",\"position\":1,\"name\":\"Portada\",\"item\":\"https:\\\/\\\/encompaniastj.org\\\/pt-pt\\\/\"},{\"@type\":\"ListItem\",\"position\":2,\"name\":\"Comunidade Teresiana de Santo Tirso\"}]},{\"@type\":\"WebSite\",\"@id\":\"https:\\\/\\\/encompaniastj.org\\\/pt-pt\\\/#website\",\"url\":\"https:\\\/\\\/encompaniastj.org\\\/pt-pt\\\/\",\"name\":\"En Compa\u00f1\u00eda STJ\",\"description\":\"Bolet\u00edn de la Compa\u00f1\u00eda de Santa Teresa de Jes\u00fas\",\"publisher\":{\"@id\":\"https:\\\/\\\/encompaniastj.org\\\/pt-pt\\\/#organization\"},\"potentialAction\":[{\"@type\":\"SearchAction\",\"target\":{\"@type\":\"EntryPoint\",\"urlTemplate\":\"https:\\\/\\\/encompaniastj.org\\\/pt-pt\\\/?s={search_term_string}\"},\"query-input\":{\"@type\":\"PropertyValueSpecification\",\"valueRequired\":true,\"valueName\":\"search_term_string\"}}],\"inLanguage\":\"pt-PT\"},{\"@type\":\"Organization\",\"@id\":\"https:\\\/\\\/encompaniastj.org\\\/pt-pt\\\/#organization\",\"name\":\"Compa\u00f1\u00eda de Santa Teresa de Jes\u00fas\",\"url\":\"https:\\\/\\\/encompaniastj.org\\\/pt-pt\\\/\",\"logo\":{\"@type\":\"ImageObject\",\"inLanguage\":\"pt-PT\",\"@id\":\"https:\\\/\\\/encompaniastj.org\\\/pt-pt\\\/#\\\/schema\\\/logo\\\/image\\\/\",\"url\":\"https:\\\/\\\/encompaniastj.org\\\/wp-content\\\/uploads\\\/2025\\\/04\\\/logo_provincias02-1-3.png\",\"contentUrl\":\"https:\\\/\\\/encompaniastj.org\\\/wp-content\\\/uploads\\\/2025\\\/04\\\/logo_provincias02-1-3.png\",\"width\":2368,\"height\":825,\"caption\":\"Compa\u00f1\u00eda de Santa Teresa de Jes\u00fas\"},\"image\":{\"@id\":\"https:\\\/\\\/encompaniastj.org\\\/pt-pt\\\/#\\\/schema\\\/logo\\\/image\\\/\"}},{\"@type\":\"Person\",\"@id\":\"https:\\\/\\\/encompaniastj.org\\\/pt-pt\\\/#\\\/schema\\\/person\\\/520e7ecc314793d40091993c2a02b651\",\"name\":\"admin\",\"image\":{\"@type\":\"ImageObject\",\"inLanguage\":\"pt-PT\",\"@id\":\"https:\\\/\\\/secure.gravatar.com\\\/avatar\\\/948b492cce32b586ac2db0eaa926ee87024f7afe218d73b397ea5ddfc5f43ea1?s=96&d=mm&r=g\",\"url\":\"https:\\\/\\\/secure.gravatar.com\\\/avatar\\\/948b492cce32b586ac2db0eaa926ee87024f7afe218d73b397ea5ddfc5f43ea1?s=96&d=mm&r=g\",\"contentUrl\":\"https:\\\/\\\/secure.gravatar.com\\\/avatar\\\/948b492cce32b586ac2db0eaa926ee87024f7afe218d73b397ea5ddfc5f43ea1?s=96&d=mm&r=g\",\"caption\":\"admin\"},\"sameAs\":[\"https:\\\/\\\/encompaniastj.org\"],\"url\":\"https:\\\/\\\/encompaniastj.org\\\/pt-pt\\\/author\\\/sjdigital\\\/\"}]}<\/script>\n<!-- \/ Yoast SEO plugin. -->","yoast_head_json":{"title":"Comunidade Teresiana de Santo Tirso - En Compa\u00f1\u00eda STJ","robots":{"index":"index","follow":"follow","max-snippet":"max-snippet:-1","max-image-preview":"max-image-preview:large","max-video-preview":"max-video-preview:-1"},"canonical":"https:\/\/encompaniastj.org\/pt-pt\/comunidade-teresiana-de-santo-tirso\/","og_locale":"pt_PT","og_type":"article","og_title":"Comunidade Teresiana de Santo Tirso - En Compa\u00f1\u00eda STJ","og_description":"A Comunidade est\u00e1 localizada na cidade de Santo Tirso, a 22 quil\u00f3metros do Porto. Sede de concelho, \u00e9 uma cidade pequena, mas muito acolhedora. \u00c9 caracterizada pelo desenvolvimento do com\u00e9rcio [&hellip;]","og_url":"https:\/\/encompaniastj.org\/pt-pt\/comunidade-teresiana-de-santo-tirso\/","og_site_name":"En Compa\u00f1\u00eda STJ","article_published_time":"2019-01-01T09:00:26+00:00","article_modified_time":"2025-07-07T14:19:28+00:00","og_image":[{"width":1920,"height":1080,"url":"https:\/\/encompaniastj.org\/wp-content\/uploads\/2025\/05\/redux-comunidad-santo-tirso.jpg","type":"image\/jpeg"}],"author":"admin","twitter_card":"summary_large_image","twitter_misc":{"Escrito por":"admin","Tempo estimado de leitura":"3 minutos"},"schema":{"@context":"https:\/\/schema.org","@graph":[{"@type":"Article","@id":"https:\/\/encompaniastj.org\/pt-pt\/comunidade-teresiana-de-santo-tirso\/#article","isPartOf":{"@id":"https:\/\/encompaniastj.org\/pt-pt\/comunidade-teresiana-de-santo-tirso\/"},"author":{"name":"admin","@id":"https:\/\/encompaniastj.org\/pt-pt\/#\/schema\/person\/520e7ecc314793d40091993c2a02b651"},"headline":"Comunidade Teresiana de Santo Tirso","datePublished":"2019-01-01T09:00:26+00:00","dateModified":"2025-07-07T14:19:28+00:00","mainEntityOfPage":{"@id":"https:\/\/encompaniastj.org\/pt-pt\/comunidade-teresiana-de-santo-tirso\/"},"wordCount":524,"commentCount":0,"publisher":{"@id":"https:\/\/encompaniastj.org\/pt-pt\/#organization"},"image":{"@id":"https:\/\/encompaniastj.org\/pt-pt\/comunidade-teresiana-de-santo-tirso\/#primaryimage"},"thumbnailUrl":"https:\/\/encompaniastj.org\/wp-content\/uploads\/2025\/05\/redux-comunidad-santo-tirso.jpg","articleSection":["Comunidades","Conhecemo-nos"],"inLanguage":"pt-PT","potentialAction":[{"@type":"CommentAction","name":"Comment","target":["https:\/\/encompaniastj.org\/pt-pt\/comunidade-teresiana-de-santo-tirso\/#respond"]}]},{"@type":"WebPage","@id":"https:\/\/encompaniastj.org\/pt-pt\/comunidade-teresiana-de-santo-tirso\/","url":"https:\/\/encompaniastj.org\/pt-pt\/comunidade-teresiana-de-santo-tirso\/","name":"Comunidade Teresiana de Santo Tirso - En Compa\u00f1\u00eda STJ","isPartOf":{"@id":"https:\/\/encompaniastj.org\/pt-pt\/#website"},"primaryImageOfPage":{"@id":"https:\/\/encompaniastj.org\/pt-pt\/comunidade-teresiana-de-santo-tirso\/#primaryimage"},"image":{"@id":"https:\/\/encompaniastj.org\/pt-pt\/comunidade-teresiana-de-santo-tirso\/#primaryimage"},"thumbnailUrl":"https:\/\/encompaniastj.org\/wp-content\/uploads\/2025\/05\/redux-comunidad-santo-tirso.jpg","datePublished":"2019-01-01T09:00:26+00:00","dateModified":"2025-07-07T14:19:28+00:00","breadcrumb":{"@id":"https:\/\/encompaniastj.org\/pt-pt\/comunidade-teresiana-de-santo-tirso\/#breadcrumb"},"inLanguage":"pt-PT","potentialAction":[{"@type":"ReadAction","target":["https:\/\/encompaniastj.org\/pt-pt\/comunidade-teresiana-de-santo-tirso\/"]}]},{"@type":"ImageObject","inLanguage":"pt-PT","@id":"https:\/\/encompaniastj.org\/pt-pt\/comunidade-teresiana-de-santo-tirso\/#primaryimage","url":"https:\/\/encompaniastj.org\/wp-content\/uploads\/2025\/05\/redux-comunidad-santo-tirso.jpg","contentUrl":"https:\/\/encompaniastj.org\/wp-content\/uploads\/2025\/05\/redux-comunidad-santo-tirso.jpg","width":1920,"height":1080},{"@type":"BreadcrumbList","@id":"https:\/\/encompaniastj.org\/pt-pt\/comunidade-teresiana-de-santo-tirso\/#breadcrumb","itemListElement":[{"@type":"ListItem","position":1,"name":"Portada","item":"https:\/\/encompaniastj.org\/pt-pt\/"},{"@type":"ListItem","position":2,"name":"Comunidade Teresiana de Santo Tirso"}]},{"@type":"WebSite","@id":"https:\/\/encompaniastj.org\/pt-pt\/#website","url":"https:\/\/encompaniastj.org\/pt-pt\/","name":"En Compa\u00f1\u00eda STJ","description":"Bolet\u00edn de la Compa\u00f1\u00eda de Santa Teresa de Jes\u00fas","publisher":{"@id":"https:\/\/encompaniastj.org\/pt-pt\/#organization"},"potentialAction":[{"@type":"SearchAction","target":{"@type":"EntryPoint","urlTemplate":"https:\/\/encompaniastj.org\/pt-pt\/?s={search_term_string}"},"query-input":{"@type":"PropertyValueSpecification","valueRequired":true,"valueName":"search_term_string"}}],"inLanguage":"pt-PT"},{"@type":"Organization","@id":"https:\/\/encompaniastj.org\/pt-pt\/#organization","name":"Compa\u00f1\u00eda de Santa Teresa de Jes\u00fas","url":"https:\/\/encompaniastj.org\/pt-pt\/","logo":{"@type":"ImageObject","inLanguage":"pt-PT","@id":"https:\/\/encompaniastj.org\/pt-pt\/#\/schema\/logo\/image\/","url":"https:\/\/encompaniastj.org\/wp-content\/uploads\/2025\/04\/logo_provincias02-1-3.png","contentUrl":"https:\/\/encompaniastj.org\/wp-content\/uploads\/2025\/04\/logo_provincias02-1-3.png","width":2368,"height":825,"caption":"Compa\u00f1\u00eda de Santa Teresa de Jes\u00fas"},"image":{"@id":"https:\/\/encompaniastj.org\/pt-pt\/#\/schema\/logo\/image\/"}},{"@type":"Person","@id":"https:\/\/encompaniastj.org\/pt-pt\/#\/schema\/person\/520e7ecc314793d40091993c2a02b651","name":"admin","image":{"@type":"ImageObject","inLanguage":"pt-PT","@id":"https:\/\/secure.gravatar.com\/avatar\/948b492cce32b586ac2db0eaa926ee87024f7afe218d73b397ea5ddfc5f43ea1?s=96&d=mm&r=g","url":"https:\/\/secure.gravatar.com\/avatar\/948b492cce32b586ac2db0eaa926ee87024f7afe218d73b397ea5ddfc5f43ea1?s=96&d=mm&r=g","contentUrl":"https:\/\/secure.gravatar.com\/avatar\/948b492cce32b586ac2db0eaa926ee87024f7afe218d73b397ea5ddfc5f43ea1?s=96&d=mm&r=g","caption":"admin"},"sameAs":["https:\/\/encompaniastj.org"],"url":"https:\/\/encompaniastj.org\/pt-pt\/author\/sjdigital\/"}]}},"_links":{"self":[{"href":"https:\/\/encompaniastj.org\/pt-pt\/wp-json\/wp\/v2\/posts\/9260","targetHints":{"allow":["GET"]}}],"collection":[{"href":"https:\/\/encompaniastj.org\/pt-pt\/wp-json\/wp\/v2\/posts"}],"about":[{"href":"https:\/\/encompaniastj.org\/pt-pt\/wp-json\/wp\/v2\/types\/post"}],"author":[{"embeddable":true,"href":"https:\/\/encompaniastj.org\/pt-pt\/wp-json\/wp\/v2\/users\/1"}],"replies":[{"embeddable":true,"href":"https:\/\/encompaniastj.org\/pt-pt\/wp-json\/wp\/v2\/comments?post=9260"}],"version-history":[{"count":1,"href":"https:\/\/encompaniastj.org\/pt-pt\/wp-json\/wp\/v2\/posts\/9260\/revisions"}],"predecessor-version":[{"id":9261,"href":"https:\/\/encompaniastj.org\/pt-pt\/wp-json\/wp\/v2\/posts\/9260\/revisions\/9261"}],"wp:featuredmedia":[{"embeddable":true,"href":"https:\/\/encompaniastj.org\/pt-pt\/wp-json\/wp\/v2\/media\/6631"}],"wp:attachment":[{"href":"https:\/\/encompaniastj.org\/pt-pt\/wp-json\/wp\/v2\/media?parent=9260"}],"wp:term":[{"taxonomy":"category","embeddable":true,"href":"https:\/\/encompaniastj.org\/pt-pt\/wp-json\/wp\/v2\/categories?post=9260"},{"taxonomy":"post_tag","embeddable":true,"href":"https:\/\/encompaniastj.org\/pt-pt\/wp-json\/wp\/v2\/tags?post=9260"}],"curies":[{"name":"wp","href":"https:\/\/api.w.org\/{rel}","templated":true}]}}