{"id":14137,"date":"2020-02-16T19:36:28","date_gmt":"2020-02-16T18:36:28","guid":{"rendered":"https:\/\/encompaniastj.org\/irma-ma-jesus-arzubialde-17-de-janeiro-de-2020-san-sebastian-residencia\/"},"modified":"2025-10-14T09:04:15","modified_gmt":"2025-10-14T07:04:15","slug":"irma-ma-jesus-arzubialde-17-de-janeiro-de-2020-san-sebastian-residencia","status":"publish","type":"post","link":"https:\/\/encompaniastj.org\/pt-pt\/irma-ma-jesus-arzubialde-17-de-janeiro-de-2020-san-sebastian-residencia\/","title":{"rendered":"Irm\u00e3 M\u00aa Jes\u00fas Arzubialde. 17 de janeiro de 2020 (San Sebasti\u00e1n - Resid\u00eancia)"},"content":{"rendered":"\n<p>A nossa irm\u00e3\nfaleceu \u00e0s oito horas da noite de 17 de janeiro de 2020 na paz do Senhor\ncom a idade de 90 anos.<\/p>\n\n<p>A nossa irm\u00e3\ntem sido uma boa mulher, \u00edntegra, leal e, acima de tudo, uma fiel seguidora de\nJesus.<\/p>\n\n<p>Filha de um basco\ne de uma carioca, era forte, aut\u00f3noma, dispon\u00edvel, humilde, generosa, sempre \u00e0\ndisposi\u00e7\u00e3o para ajudar, acolher e acompanhar. Quando estava decidida a fazer algo, estava decidida a faz\u00ea-lo\n. <\/p>\n\n<p>Nasce em San Sebasti\u00e1n,\nnuma fam\u00edlia de profundas ra\u00edzes crist\u00e3s. Estuda no Col\u00e9gio Teresiano\nda Calle Zabaleta, e assim, desde o in\u00edcio da sua vida,\na sua personalidade foi alimentada pelo esp\u00edrito do Evangelho e de Jesus, vivido em casa e\nna escola. Estes foram os fundamentos que a levaram a dar a sua vida \u00e0 Companhia em\n.  <\/p>\n\n<p>Exerce o seu\napostolado em v\u00e1rios campos.\nPrimeiro como educadora de inf\u00e2ncia e depois como administradora e ec\u00f3noma da\n; mas, embora desempenhasse estes cargos com grande esmero, a sua carater\u00edstica distintiva era saber ficar em segundo plano. <\/p>\n\n<p>Nasceu no dia 2,\ne viveu quase sempre assim, com a eleg\u00e2ncia dos simples e a limpeza do\ncora\u00e7\u00e3o. Na verdade, nunca quis uma grandeza acima das suas capacidades. Viveu\nprofundamente a sua rela\u00e7\u00e3o com Jesus.    <\/p>\n\n<p>Nos \u00faltimos\nanos que viveu entre n\u00f3s, deixou-nos exemplos palp\u00e1veis desta intimidade.\nPassava longos per\u00edodos de tempo na capela e, numa ocasi\u00e3o, a Irm\u00e3 Coordenadora, preocupada<x id=\"gid_2\"><\/x>porque fazia frio na capela, perguntou-lhe o que fazias aqui? \"ESTAR COM JESUS\"\nfoi a sua resposta.  <\/p>\n\n<p>  Poder\u00edamos dizer muitas virtudes a seu respeito, mas\npara destacar algumas citaremos: a sua capacidade de adapta\u00e7\u00e3o, o seu bom senso\n, a sua disposi\u00e7\u00e3o para a vida comunit\u00e1ria e a sua profundidade. Era uma verdadeira teresiana\ne, por isso, dispon\u00edvel, de modo que soube aceitar em obedi\u00eancia o que a Companhia lhe manifestava como vontade de Deus\n. Prudente e carinhosa\nhumilde e respons\u00e1vel, muito educada no trato com os outros e muito independente e aut\u00f3noma.  <\/p>\n\n<p>Pouco mais de um\nm\u00eas foi o que n\u00e3o p\u00f4de fazer e apenas dois dias de cama em que\nentrou numa lenta e suave agonia.\nE assim, como tem sido a sua passagem por esta vida, em sil\u00eancio e em paz, deixa este mundo para ir ao encontro do abra\u00e7o do Pai. <\/p>\n","protected":false},"excerpt":{"rendered":"<p>A nossa irm\u00e3 faleceu \u00e0s oito horas da noite de 17 de janeiro de 2020 na paz do Senhor com a idade de 90 anos. A nossa irm\u00e3 tem sido [&hellip;]<\/p>\n","protected":false},"author":1,"featured_media":7311,"comment_status":"open","ping_status":"open","sticky":false,"template":"","format":"standard","meta":{"_acf_changed":false,"footnotes":""},"categories":[63],"tags":[],"class_list":["post-14137","post","type-post","status-publish","format-standard","has-post-thumbnail","hentry","category-fallecimientos"],"acf":[],"yoast_head":"<!-- This site is optimized with the Yoast SEO plugin v27.5 - https:\/\/yoast.com\/product\/yoast-seo-wordpress\/ -->\n<title>Irm\u00e3 M\u00aa Jes\u00fas Arzubialde. 17 de janeiro de 2020 (San Sebasti\u00e1n - Resid\u00eancia) - En Compa\u00f1\u00eda STJ<\/title>\n<meta name=\"robots\" content=\"index, follow, max-snippet:-1, max-image-preview:large, max-video-preview:-1\" \/>\n<link rel=\"canonical\" href=\"https:\/\/encompaniastj.org\/pt-pt\/irma-ma-jesus-arzubialde-17-de-janeiro-de-2020-san-sebastian-residencia\/\" \/>\n<meta property=\"og:locale\" content=\"pt_PT\" \/>\n<meta property=\"og:type\" content=\"article\" \/>\n<meta property=\"og:title\" content=\"Irm\u00e3 M\u00aa Jes\u00fas Arzubialde. 17 de janeiro de 2020 (San Sebasti\u00e1n - Resid\u00eancia) - En Compa\u00f1\u00eda STJ\" \/>\n<meta property=\"og:description\" content=\"A nossa irm\u00e3 faleceu \u00e0s oito horas da noite de 17 de janeiro de 2020 na paz do Senhor com a idade de 90 anos. A nossa irm\u00e3 tem sido [&hellip;]\" \/>\n<meta property=\"og:url\" content=\"https:\/\/encompaniastj.org\/pt-pt\/irma-ma-jesus-arzubialde-17-de-janeiro-de-2020-san-sebastian-residencia\/\" \/>\n<meta property=\"og:site_name\" content=\"En Compa\u00f1\u00eda STJ\" \/>\n<meta property=\"article:published_time\" content=\"2020-02-16T18:36:28+00:00\" \/>\n<meta property=\"article:modified_time\" content=\"2025-10-14T07:04:15+00:00\" \/>\n<meta property=\"og:image\" content=\"https:\/\/encompaniastj.org\/wp-content\/uploads\/2025\/05\/Ma-Jesus-Arzubialde.jpg\" \/>\n\t<meta property=\"og:image:width\" content=\"1920\" \/>\n\t<meta property=\"og:image:height\" content=\"1280\" \/>\n\t<meta property=\"og:image:type\" content=\"image\/jpeg\" \/>\n<meta name=\"author\" content=\"admin\" \/>\n<meta name=\"twitter:card\" content=\"summary_large_image\" \/>\n<meta name=\"twitter:label1\" content=\"Escrito por\" \/>\n\t<meta name=\"twitter:data1\" content=\"admin\" \/>\n\t<meta name=\"twitter:label2\" content=\"Tempo estimado de leitura\" \/>\n\t<meta name=\"twitter:data2\" content=\"2 minutos\" \/>\n<script type=\"application\/ld+json\" class=\"yoast-schema-graph\">{\"@context\":\"https:\\\/\\\/schema.org\",\"@graph\":[{\"@type\":\"Article\",\"@id\":\"https:\\\/\\\/encompaniastj.org\\\/pt-pt\\\/irma-ma-jesus-arzubialde-17-de-janeiro-de-2020-san-sebastian-residencia\\\/#article\",\"isPartOf\":{\"@id\":\"https:\\\/\\\/encompaniastj.org\\\/pt-pt\\\/irma-ma-jesus-arzubialde-17-de-janeiro-de-2020-san-sebastian-residencia\\\/\"},\"author\":{\"name\":\"admin\",\"@id\":\"https:\\\/\\\/encompaniastj.org\\\/pt-pt\\\/#\\\/schema\\\/person\\\/520e7ecc314793d40091993c2a02b651\"},\"headline\":\"Irm\u00e3 M\u00aa Jes\u00fas Arzubialde. 17 de janeiro de 2020 (San Sebasti\u00e1n - Resid\u00eancia)\",\"datePublished\":\"2020-02-16T18:36:28+00:00\",\"dateModified\":\"2025-10-14T07:04:15+00:00\",\"mainEntityOfPage\":{\"@id\":\"https:\\\/\\\/encompaniastj.org\\\/pt-pt\\\/irma-ma-jesus-arzubialde-17-de-janeiro-de-2020-san-sebastian-residencia\\\/\"},\"wordCount\":420,\"commentCount\":0,\"publisher\":{\"@id\":\"https:\\\/\\\/encompaniastj.org\\\/pt-pt\\\/#organization\"},\"image\":{\"@id\":\"https:\\\/\\\/encompaniastj.org\\\/pt-pt\\\/irma-ma-jesus-arzubialde-17-de-janeiro-de-2020-san-sebastian-residencia\\\/#primaryimage\"},\"thumbnailUrl\":\"https:\\\/\\\/encompaniastj.org\\\/wp-content\\\/uploads\\\/2025\\\/05\\\/Ma-Jesus-Arzubialde.jpg\",\"articleSection\":[\"Fallecimientos\"],\"inLanguage\":\"pt-PT\",\"potentialAction\":[{\"@type\":\"CommentAction\",\"name\":\"Comment\",\"target\":[\"https:\\\/\\\/encompaniastj.org\\\/pt-pt\\\/irma-ma-jesus-arzubialde-17-de-janeiro-de-2020-san-sebastian-residencia\\\/#respond\"]}]},{\"@type\":\"WebPage\",\"@id\":\"https:\\\/\\\/encompaniastj.org\\\/pt-pt\\\/irma-ma-jesus-arzubialde-17-de-janeiro-de-2020-san-sebastian-residencia\\\/\",\"url\":\"https:\\\/\\\/encompaniastj.org\\\/pt-pt\\\/irma-ma-jesus-arzubialde-17-de-janeiro-de-2020-san-sebastian-residencia\\\/\",\"name\":\"Irm\u00e3 M\u00aa Jes\u00fas Arzubialde. 17 de janeiro de 2020 (San Sebasti\u00e1n - Resid\u00eancia) - En Compa\u00f1\u00eda STJ\",\"isPartOf\":{\"@id\":\"https:\\\/\\\/encompaniastj.org\\\/pt-pt\\\/#website\"},\"primaryImageOfPage\":{\"@id\":\"https:\\\/\\\/encompaniastj.org\\\/pt-pt\\\/irma-ma-jesus-arzubialde-17-de-janeiro-de-2020-san-sebastian-residencia\\\/#primaryimage\"},\"image\":{\"@id\":\"https:\\\/\\\/encompaniastj.org\\\/pt-pt\\\/irma-ma-jesus-arzubialde-17-de-janeiro-de-2020-san-sebastian-residencia\\\/#primaryimage\"},\"thumbnailUrl\":\"https:\\\/\\\/encompaniastj.org\\\/wp-content\\\/uploads\\\/2025\\\/05\\\/Ma-Jesus-Arzubialde.jpg\",\"datePublished\":\"2020-02-16T18:36:28+00:00\",\"dateModified\":\"2025-10-14T07:04:15+00:00\",\"breadcrumb\":{\"@id\":\"https:\\\/\\\/encompaniastj.org\\\/pt-pt\\\/irma-ma-jesus-arzubialde-17-de-janeiro-de-2020-san-sebastian-residencia\\\/#breadcrumb\"},\"inLanguage\":\"pt-PT\",\"potentialAction\":[{\"@type\":\"ReadAction\",\"target\":[\"https:\\\/\\\/encompaniastj.org\\\/pt-pt\\\/irma-ma-jesus-arzubialde-17-de-janeiro-de-2020-san-sebastian-residencia\\\/\"]}]},{\"@type\":\"ImageObject\",\"inLanguage\":\"pt-PT\",\"@id\":\"https:\\\/\\\/encompaniastj.org\\\/pt-pt\\\/irma-ma-jesus-arzubialde-17-de-janeiro-de-2020-san-sebastian-residencia\\\/#primaryimage\",\"url\":\"https:\\\/\\\/encompaniastj.org\\\/wp-content\\\/uploads\\\/2025\\\/05\\\/Ma-Jesus-Arzubialde.jpg\",\"contentUrl\":\"https:\\\/\\\/encompaniastj.org\\\/wp-content\\\/uploads\\\/2025\\\/05\\\/Ma-Jesus-Arzubialde.jpg\",\"width\":1920,\"height\":1280},{\"@type\":\"BreadcrumbList\",\"@id\":\"https:\\\/\\\/encompaniastj.org\\\/pt-pt\\\/irma-ma-jesus-arzubialde-17-de-janeiro-de-2020-san-sebastian-residencia\\\/#breadcrumb\",\"itemListElement\":[{\"@type\":\"ListItem\",\"position\":1,\"name\":\"Portada\",\"item\":\"https:\\\/\\\/encompaniastj.org\\\/pt-pt\\\/\"},{\"@type\":\"ListItem\",\"position\":2,\"name\":\"Irm\u00e3 M\u00aa Jes\u00fas Arzubialde. 17 de janeiro de 2020 (San Sebasti\u00e1n - Resid\u00eancia)\"}]},{\"@type\":\"WebSite\",\"@id\":\"https:\\\/\\\/encompaniastj.org\\\/pt-pt\\\/#website\",\"url\":\"https:\\\/\\\/encompaniastj.org\\\/pt-pt\\\/\",\"name\":\"En Compa\u00f1\u00eda STJ\",\"description\":\"Bolet\u00edn de la Compa\u00f1\u00eda de Santa Teresa de Jes\u00fas\",\"publisher\":{\"@id\":\"https:\\\/\\\/encompaniastj.org\\\/pt-pt\\\/#organization\"},\"potentialAction\":[{\"@type\":\"SearchAction\",\"target\":{\"@type\":\"EntryPoint\",\"urlTemplate\":\"https:\\\/\\\/encompaniastj.org\\\/pt-pt\\\/?s={search_term_string}\"},\"query-input\":{\"@type\":\"PropertyValueSpecification\",\"valueRequired\":true,\"valueName\":\"search_term_string\"}}],\"inLanguage\":\"pt-PT\"},{\"@type\":\"Organization\",\"@id\":\"https:\\\/\\\/encompaniastj.org\\\/pt-pt\\\/#organization\",\"name\":\"Compa\u00f1\u00eda de Santa Teresa de Jes\u00fas\",\"url\":\"https:\\\/\\\/encompaniastj.org\\\/pt-pt\\\/\",\"logo\":{\"@type\":\"ImageObject\",\"inLanguage\":\"pt-PT\",\"@id\":\"https:\\\/\\\/encompaniastj.org\\\/pt-pt\\\/#\\\/schema\\\/logo\\\/image\\\/\",\"url\":\"https:\\\/\\\/encompaniastj.org\\\/wp-content\\\/uploads\\\/2025\\\/04\\\/logo_provincias02-1-3.png\",\"contentUrl\":\"https:\\\/\\\/encompaniastj.org\\\/wp-content\\\/uploads\\\/2025\\\/04\\\/logo_provincias02-1-3.png\",\"width\":2368,\"height\":825,\"caption\":\"Compa\u00f1\u00eda de Santa Teresa de Jes\u00fas\"},\"image\":{\"@id\":\"https:\\\/\\\/encompaniastj.org\\\/pt-pt\\\/#\\\/schema\\\/logo\\\/image\\\/\"}},{\"@type\":\"Person\",\"@id\":\"https:\\\/\\\/encompaniastj.org\\\/pt-pt\\\/#\\\/schema\\\/person\\\/520e7ecc314793d40091993c2a02b651\",\"name\":\"admin\",\"image\":{\"@type\":\"ImageObject\",\"inLanguage\":\"pt-PT\",\"@id\":\"https:\\\/\\\/secure.gravatar.com\\\/avatar\\\/948b492cce32b586ac2db0eaa926ee87024f7afe218d73b397ea5ddfc5f43ea1?s=96&d=mm&r=g\",\"url\":\"https:\\\/\\\/secure.gravatar.com\\\/avatar\\\/948b492cce32b586ac2db0eaa926ee87024f7afe218d73b397ea5ddfc5f43ea1?s=96&d=mm&r=g\",\"contentUrl\":\"https:\\\/\\\/secure.gravatar.com\\\/avatar\\\/948b492cce32b586ac2db0eaa926ee87024f7afe218d73b397ea5ddfc5f43ea1?s=96&d=mm&r=g\",\"caption\":\"admin\"},\"sameAs\":[\"https:\\\/\\\/encompaniastj.org\"],\"url\":\"https:\\\/\\\/encompaniastj.org\\\/pt-pt\\\/author\\\/sjdigital\\\/\"}]}<\/script>\n<!-- \/ Yoast SEO plugin. -->","yoast_head_json":{"title":"Irm\u00e3 M\u00aa Jes\u00fas Arzubialde. 17 de janeiro de 2020 (San Sebasti\u00e1n - Resid\u00eancia) - En Compa\u00f1\u00eda STJ","robots":{"index":"index","follow":"follow","max-snippet":"max-snippet:-1","max-image-preview":"max-image-preview:large","max-video-preview":"max-video-preview:-1"},"canonical":"https:\/\/encompaniastj.org\/pt-pt\/irma-ma-jesus-arzubialde-17-de-janeiro-de-2020-san-sebastian-residencia\/","og_locale":"pt_PT","og_type":"article","og_title":"Irm\u00e3 M\u00aa Jes\u00fas Arzubialde. 17 de janeiro de 2020 (San Sebasti\u00e1n - Resid\u00eancia) - En Compa\u00f1\u00eda STJ","og_description":"A nossa irm\u00e3 faleceu \u00e0s oito horas da noite de 17 de janeiro de 2020 na paz do Senhor com a idade de 90 anos. A nossa irm\u00e3 tem sido [&hellip;]","og_url":"https:\/\/encompaniastj.org\/pt-pt\/irma-ma-jesus-arzubialde-17-de-janeiro-de-2020-san-sebastian-residencia\/","og_site_name":"En Compa\u00f1\u00eda STJ","article_published_time":"2020-02-16T18:36:28+00:00","article_modified_time":"2025-10-14T07:04:15+00:00","og_image":[{"width":1920,"height":1280,"url":"https:\/\/encompaniastj.org\/wp-content\/uploads\/2025\/05\/Ma-Jesus-Arzubialde.jpg","type":"image\/jpeg"}],"author":"admin","twitter_card":"summary_large_image","twitter_misc":{"Escrito por":"admin","Tempo estimado de leitura":"2 minutos"},"schema":{"@context":"https:\/\/schema.org","@graph":[{"@type":"Article","@id":"https:\/\/encompaniastj.org\/pt-pt\/irma-ma-jesus-arzubialde-17-de-janeiro-de-2020-san-sebastian-residencia\/#article","isPartOf":{"@id":"https:\/\/encompaniastj.org\/pt-pt\/irma-ma-jesus-arzubialde-17-de-janeiro-de-2020-san-sebastian-residencia\/"},"author":{"name":"admin","@id":"https:\/\/encompaniastj.org\/pt-pt\/#\/schema\/person\/520e7ecc314793d40091993c2a02b651"},"headline":"Irm\u00e3 M\u00aa Jes\u00fas Arzubialde. 17 de janeiro de 2020 (San Sebasti\u00e1n - Resid\u00eancia)","datePublished":"2020-02-16T18:36:28+00:00","dateModified":"2025-10-14T07:04:15+00:00","mainEntityOfPage":{"@id":"https:\/\/encompaniastj.org\/pt-pt\/irma-ma-jesus-arzubialde-17-de-janeiro-de-2020-san-sebastian-residencia\/"},"wordCount":420,"commentCount":0,"publisher":{"@id":"https:\/\/encompaniastj.org\/pt-pt\/#organization"},"image":{"@id":"https:\/\/encompaniastj.org\/pt-pt\/irma-ma-jesus-arzubialde-17-de-janeiro-de-2020-san-sebastian-residencia\/#primaryimage"},"thumbnailUrl":"https:\/\/encompaniastj.org\/wp-content\/uploads\/2025\/05\/Ma-Jesus-Arzubialde.jpg","articleSection":["Fallecimientos"],"inLanguage":"pt-PT","potentialAction":[{"@type":"CommentAction","name":"Comment","target":["https:\/\/encompaniastj.org\/pt-pt\/irma-ma-jesus-arzubialde-17-de-janeiro-de-2020-san-sebastian-residencia\/#respond"]}]},{"@type":"WebPage","@id":"https:\/\/encompaniastj.org\/pt-pt\/irma-ma-jesus-arzubialde-17-de-janeiro-de-2020-san-sebastian-residencia\/","url":"https:\/\/encompaniastj.org\/pt-pt\/irma-ma-jesus-arzubialde-17-de-janeiro-de-2020-san-sebastian-residencia\/","name":"Irm\u00e3 M\u00aa Jes\u00fas Arzubialde. 17 de janeiro de 2020 (San Sebasti\u00e1n - Resid\u00eancia) - En Compa\u00f1\u00eda STJ","isPartOf":{"@id":"https:\/\/encompaniastj.org\/pt-pt\/#website"},"primaryImageOfPage":{"@id":"https:\/\/encompaniastj.org\/pt-pt\/irma-ma-jesus-arzubialde-17-de-janeiro-de-2020-san-sebastian-residencia\/#primaryimage"},"image":{"@id":"https:\/\/encompaniastj.org\/pt-pt\/irma-ma-jesus-arzubialde-17-de-janeiro-de-2020-san-sebastian-residencia\/#primaryimage"},"thumbnailUrl":"https:\/\/encompaniastj.org\/wp-content\/uploads\/2025\/05\/Ma-Jesus-Arzubialde.jpg","datePublished":"2020-02-16T18:36:28+00:00","dateModified":"2025-10-14T07:04:15+00:00","breadcrumb":{"@id":"https:\/\/encompaniastj.org\/pt-pt\/irma-ma-jesus-arzubialde-17-de-janeiro-de-2020-san-sebastian-residencia\/#breadcrumb"},"inLanguage":"pt-PT","potentialAction":[{"@type":"ReadAction","target":["https:\/\/encompaniastj.org\/pt-pt\/irma-ma-jesus-arzubialde-17-de-janeiro-de-2020-san-sebastian-residencia\/"]}]},{"@type":"ImageObject","inLanguage":"pt-PT","@id":"https:\/\/encompaniastj.org\/pt-pt\/irma-ma-jesus-arzubialde-17-de-janeiro-de-2020-san-sebastian-residencia\/#primaryimage","url":"https:\/\/encompaniastj.org\/wp-content\/uploads\/2025\/05\/Ma-Jesus-Arzubialde.jpg","contentUrl":"https:\/\/encompaniastj.org\/wp-content\/uploads\/2025\/05\/Ma-Jesus-Arzubialde.jpg","width":1920,"height":1280},{"@type":"BreadcrumbList","@id":"https:\/\/encompaniastj.org\/pt-pt\/irma-ma-jesus-arzubialde-17-de-janeiro-de-2020-san-sebastian-residencia\/#breadcrumb","itemListElement":[{"@type":"ListItem","position":1,"name":"Portada","item":"https:\/\/encompaniastj.org\/pt-pt\/"},{"@type":"ListItem","position":2,"name":"Irm\u00e3 M\u00aa Jes\u00fas Arzubialde. 17 de janeiro de 2020 (San Sebasti\u00e1n - Resid\u00eancia)"}]},{"@type":"WebSite","@id":"https:\/\/encompaniastj.org\/pt-pt\/#website","url":"https:\/\/encompaniastj.org\/pt-pt\/","name":"En Compa\u00f1\u00eda STJ","description":"Bolet\u00edn de la Compa\u00f1\u00eda de Santa Teresa de Jes\u00fas","publisher":{"@id":"https:\/\/encompaniastj.org\/pt-pt\/#organization"},"potentialAction":[{"@type":"SearchAction","target":{"@type":"EntryPoint","urlTemplate":"https:\/\/encompaniastj.org\/pt-pt\/?s={search_term_string}"},"query-input":{"@type":"PropertyValueSpecification","valueRequired":true,"valueName":"search_term_string"}}],"inLanguage":"pt-PT"},{"@type":"Organization","@id":"https:\/\/encompaniastj.org\/pt-pt\/#organization","name":"Compa\u00f1\u00eda de Santa Teresa de Jes\u00fas","url":"https:\/\/encompaniastj.org\/pt-pt\/","logo":{"@type":"ImageObject","inLanguage":"pt-PT","@id":"https:\/\/encompaniastj.org\/pt-pt\/#\/schema\/logo\/image\/","url":"https:\/\/encompaniastj.org\/wp-content\/uploads\/2025\/04\/logo_provincias02-1-3.png","contentUrl":"https:\/\/encompaniastj.org\/wp-content\/uploads\/2025\/04\/logo_provincias02-1-3.png","width":2368,"height":825,"caption":"Compa\u00f1\u00eda de Santa Teresa de Jes\u00fas"},"image":{"@id":"https:\/\/encompaniastj.org\/pt-pt\/#\/schema\/logo\/image\/"}},{"@type":"Person","@id":"https:\/\/encompaniastj.org\/pt-pt\/#\/schema\/person\/520e7ecc314793d40091993c2a02b651","name":"admin","image":{"@type":"ImageObject","inLanguage":"pt-PT","@id":"https:\/\/secure.gravatar.com\/avatar\/948b492cce32b586ac2db0eaa926ee87024f7afe218d73b397ea5ddfc5f43ea1?s=96&d=mm&r=g","url":"https:\/\/secure.gravatar.com\/avatar\/948b492cce32b586ac2db0eaa926ee87024f7afe218d73b397ea5ddfc5f43ea1?s=96&d=mm&r=g","contentUrl":"https:\/\/secure.gravatar.com\/avatar\/948b492cce32b586ac2db0eaa926ee87024f7afe218d73b397ea5ddfc5f43ea1?s=96&d=mm&r=g","caption":"admin"},"sameAs":["https:\/\/encompaniastj.org"],"url":"https:\/\/encompaniastj.org\/pt-pt\/author\/sjdigital\/"}]}},"_links":{"self":[{"href":"https:\/\/encompaniastj.org\/pt-pt\/wp-json\/wp\/v2\/posts\/14137","targetHints":{"allow":["GET"]}}],"collection":[{"href":"https:\/\/encompaniastj.org\/pt-pt\/wp-json\/wp\/v2\/posts"}],"about":[{"href":"https:\/\/encompaniastj.org\/pt-pt\/wp-json\/wp\/v2\/types\/post"}],"author":[{"embeddable":true,"href":"https:\/\/encompaniastj.org\/pt-pt\/wp-json\/wp\/v2\/users\/1"}],"replies":[{"embeddable":true,"href":"https:\/\/encompaniastj.org\/pt-pt\/wp-json\/wp\/v2\/comments?post=14137"}],"version-history":[{"count":1,"href":"https:\/\/encompaniastj.org\/pt-pt\/wp-json\/wp\/v2\/posts\/14137\/revisions"}],"predecessor-version":[{"id":14138,"href":"https:\/\/encompaniastj.org\/pt-pt\/wp-json\/wp\/v2\/posts\/14137\/revisions\/14138"}],"wp:featuredmedia":[{"embeddable":true,"href":"https:\/\/encompaniastj.org\/pt-pt\/wp-json\/wp\/v2\/media\/7311"}],"wp:attachment":[{"href":"https:\/\/encompaniastj.org\/pt-pt\/wp-json\/wp\/v2\/media?parent=14137"}],"wp:term":[{"taxonomy":"category","embeddable":true,"href":"https:\/\/encompaniastj.org\/pt-pt\/wp-json\/wp\/v2\/categories?post=14137"},{"taxonomy":"post_tag","embeddable":true,"href":"https:\/\/encompaniastj.org\/pt-pt\/wp-json\/wp\/v2\/tags?post=14137"}],"curies":[{"name":"wp","href":"https:\/\/api.w.org\/{rel}","templated":true}]}}