{"id":14119,"date":"2020-12-16T17:32:19","date_gmt":"2020-12-16T16:32:19","guid":{"rendered":"https:\/\/encompaniastj.org\/centro-social-teresiano-de-verim-3\/"},"modified":"2025-10-14T09:03:53","modified_gmt":"2025-10-14T07:03:53","slug":"centro-social-teresiano-de-verim-3","status":"publish","type":"post","link":"https:\/\/encompaniastj.org\/pt-pt\/centro-social-teresiano-de-verim-3\/","title":{"rendered":"Centro Social Teresiano de Verim"},"content":{"rendered":"\n<p>Verim \u00e9 uma pequena aldeia situada no concelho de\nP\u00f3voa de Lanhoso e que faz fronteira com o concelho de Braga. Na maioria das<x id=\"gid_1\"><\/x>vezes, esta aldeia \u00e9 confundida com Ver\u00edn, na nossa vizinha Espanha. Mas, a\ngrande diferen\u00e7a entre as duas terras est\u00e1 no <strong>Centro Social Teresiano de\nVerim<\/strong>.  <\/p>\n\n<p>N\u00e3o podemos falar desta casa sem esquecer o legado deixado\n\u00e0 antiga Prov\u00edncia Teresiana de Maria Imaculada pelo Sr. Manuel In\u00e1cio<x id=\"gid_1\"><\/x>de Matos Vieira e pela Irm\u00e3 Maria Luzia Matos Vieira. Para concretizar o desejo<x id=\"gid_2\"><\/x>do doador da casa e do terreno da herdade, foi constitu\u00edda uma comunidade<x id=\"gid_3\"><\/x>com irm\u00e3s preparadas para levar a cabo os objectivos propostos.<x id=\"gid_4\"><\/x>A partir da\u00ed, toda a obra foi crescendo. Inicialmente, o apoio foi dado<x id=\"gid_5\"><\/x>\u00e0s crian\u00e7as atrav\u00e9s do ATL (Atenci\u00f3n en el Tiempo Libre) e do Jardim de Inf\u00e2ncia<x id=\"gid_6\"><\/x>. Atualmente, o n\u00edvel das crian\u00e7as \u00e9 coberto pelo CATL<x id=\"gid_7\"><\/x>(Centro de Apoio aos Tempos Livres), que funciona antes<x id=\"gid_8\"><\/x>da escola e depois da escola com actividades e acompanhamento<x id=\"gid_9\"><\/x>para estudo e transporte. Tamb\u00e9m durante as f\u00e9rias, o centro est\u00e1\naberto para receber crian\u00e7as e adolescentes para ocuparem os seus tempos livres.     <\/p>\n\n<p>Em agosto de 1998, foi criado o Servi\u00e7o de Apoio Domicili\u00e1rio\npara idosos. Esta foi uma forma de aproximar o Centro<x id=\"gid_1\"><\/x>da popula\u00e7\u00e3o e assim tamb\u00e9m criar postos de trabalho. \u00c9 uma atividade que d\u00e1<x id=\"gid_2\"><\/x>resposta \u00e0s necessidades de refei\u00e7\u00f5es, higiene pessoal e habitacional,<x id=\"gid_3\"><\/x>servi\u00e7o de enfermagem, acompanhamento m\u00e9dico, apoio na gest\u00e3o de medicamentos<x id=\"gid_4\"><\/x>(atrav\u00e9s de um protocolo com a Farm\u00e1cia de Amares), visita das irm\u00e3s aos<x id=\"gid_5\"><\/x>lares...entre outros servi\u00e7os. O Centro est\u00e1 aberto de segunda a domingo,\nembora aos fins-de-semana o servi\u00e7o de cantina seja reduzido.     <\/p>\n\n<p>\nH\u00e1 mais de vinte anos que o Centro organiza, \u00e0s ter\u00e7as e sextas-feiras de manh\u00e3, uma s\u00e9rie de actividades para tirar os\nidosos da sua solid\u00e3o e dar-lhes vida. Acolhemo-los nas\nnossas instala\u00e7\u00f5es para fazer gin\u00e1stica geri\u00e1trica, aulas de m\u00fasica (cantam\ne dan\u00e7am), terapia do riso... Fazemos tamb\u00e9m um acompanhamento da sa\u00fade, passeios e\ncomemora\u00e7\u00f5es de datas importantes (anivers\u00e1rios, queda da folha, colheita\n, etc.). Outras actividades s\u00e3o a forma\u00e7\u00e3o religiosa, a eucaristia mensal\n, com lanche e conv\u00edvio, trabalhos manuais... <\/p>\n\n<p>A atividade durante 2020 foi suspensa devido \u00e0\nCOVID-19; infelizmente, o mundo est\u00e1 a sofrer com esta pandemia e os\nidosos, especialmente devido ao distanciamento social. Estavam habituados<x id=\"gid_2\"><\/x>a sair de casa, a receber os seus familiares... e agora est\u00e3o<x id=\"gid_3\"><\/x>\"paralisados\". Nesta situa\u00e7\u00e3o, o Centro tem tentado chegar aos utentes em\natrav\u00e9s de visitas, teleconfer\u00eancias, apoio na compra de medicamentos e\nalimentos.  <\/p>\n\n<p>Vamos aproveitar ao m\u00e1ximo o que temos para estar perto de todos e passar\neste momento: temos que aceitar tudo o que vivemos, passamos, nada \u00e9 eterno, nada\n\u00e9 passageiro, faz parte da nossa vida, dos nossos encontros e\ndesencontros. Se \u00e9 ou n\u00e3o \u00e9... n\u00e3o \u00e9 o que importa. O mais importante \u00e9 como\nguardamos o que vivemos dentro de n\u00f3s. Algo aconteceu. Quanto ao futuro, ele trar\u00e1\noutras coisas, outras oportunidades.      <\/p>\n\n<ul class=\"wp-block-gallery columns-3 is-cropped wp-block-gallery-1 is-layout-flex wp-block-gallery-is-layout-flex\"><li class=\"blocks-gallery-item\"><figure><img decoding=\"async\" src=\"https:\/\/encompaniastj.org\/wp-content\/uploads\/2025\/05\/verim3.jpg\" alt=\"\" data-id=\"7266\" data-link=\"https:\/\/encompaniastj.org\/centro-social-teresiano-de-verim\/verim3\/\" class=\"wp-image-7266\"\/><\/figure><\/li><li class=\"blocks-gallery-item\"><figure><img decoding=\"async\" src=\"https:\/\/encompaniastj.org\/wp-content\/uploads\/2025\/05\/verim2.jpg\" alt=\"\" data-id=\"7264\" data-link=\"https:\/\/encompaniastj.org\/centro-social-teresiano-de-verim\/verim2\/\" class=\"wp-image-7264\"\/><\/figure><\/li><li class=\"blocks-gallery-item\"><figure><img decoding=\"async\" src=\"https:\/\/encompaniastj.org\/wp-content\/uploads\/2025\/05\/verim1.jpg\" alt=\"\" data-id=\"7262\" data-link=\"https:\/\/encompaniastj.org\/centro-social-teresiano-de-verim\/verim1\/\" class=\"wp-image-7262\"\/><\/figure><\/li><\/ul>\n","protected":false},"excerpt":{"rendered":"<p>Verim \u00e9 uma pequena aldeia situada no concelho de P\u00f3voa de Lanhoso e que faz fronteira com o concelho de Braga. Na maioria dasvezes, esta aldeia \u00e9 confundida com Ver\u00edn, [&hellip;]<\/p>\n","protected":false},"author":1,"featured_media":7619,"comment_status":"open","ping_status":"open","sticky":false,"template":"","format":"standard","meta":{"_acf_changed":false,"footnotes":""},"categories":[59,60],"tags":[],"class_list":["post-14119","post","type-post","status-publish","format-standard","has-post-thumbnail","hentry","category-nos-conocemos","category-proyectos"],"acf":[],"yoast_head":"<!-- This site is optimized with the Yoast SEO plugin v27.5 - https:\/\/yoast.com\/product\/yoast-seo-wordpress\/ -->\n<title>Centro Social Teresiano de Verim - En Compa\u00f1\u00eda STJ<\/title>\n<meta name=\"robots\" content=\"index, follow, max-snippet:-1, max-image-preview:large, max-video-preview:-1\" \/>\n<link rel=\"canonical\" href=\"https:\/\/encompaniastj.org\/pt-pt\/centro-social-teresiano-de-verim-3\/\" \/>\n<meta property=\"og:locale\" content=\"pt_PT\" \/>\n<meta property=\"og:type\" content=\"article\" \/>\n<meta property=\"og:title\" content=\"Centro Social Teresiano de Verim - En Compa\u00f1\u00eda STJ\" \/>\n<meta property=\"og:description\" content=\"Verim \u00e9 uma pequena aldeia situada no concelho de P\u00f3voa de Lanhoso e que faz fronteira com o concelho de Braga. Na maioria dasvezes, esta aldeia \u00e9 confundida com Ver\u00edn, [&hellip;]\" \/>\n<meta property=\"og:url\" content=\"https:\/\/encompaniastj.org\/pt-pt\/centro-social-teresiano-de-verim-3\/\" \/>\n<meta property=\"og:site_name\" content=\"En Compa\u00f1\u00eda STJ\" \/>\n<meta property=\"article:published_time\" content=\"2020-12-16T16:32:19+00:00\" \/>\n<meta property=\"article:modified_time\" content=\"2025-10-14T07:03:53+00:00\" \/>\n<meta property=\"og:image\" content=\"https:\/\/encompaniastj.org\/wp-content\/uploads\/2025\/05\/verim2.jpg\" \/>\n\t<meta property=\"og:image:width\" content=\"960\" \/>\n\t<meta property=\"og:image:height\" content=\"720\" \/>\n\t<meta property=\"og:image:type\" content=\"image\/jpeg\" \/>\n<meta name=\"author\" content=\"admin\" \/>\n<meta name=\"twitter:card\" content=\"summary_large_image\" \/>\n<meta name=\"twitter:label1\" content=\"Escrito por\" \/>\n\t<meta name=\"twitter:data1\" content=\"admin\" \/>\n\t<meta name=\"twitter:label2\" content=\"Tempo estimado de leitura\" \/>\n\t<meta name=\"twitter:data2\" content=\"3 minutos\" \/>\n<script type=\"application\/ld+json\" class=\"yoast-schema-graph\">{\"@context\":\"https:\\\/\\\/schema.org\",\"@graph\":[{\"@type\":\"Article\",\"@id\":\"https:\\\/\\\/encompaniastj.org\\\/pt-pt\\\/centro-social-teresiano-de-verim-3\\\/#article\",\"isPartOf\":{\"@id\":\"https:\\\/\\\/encompaniastj.org\\\/pt-pt\\\/centro-social-teresiano-de-verim-3\\\/\"},\"author\":{\"name\":\"admin\",\"@id\":\"https:\\\/\\\/encompaniastj.org\\\/pt-pt\\\/#\\\/schema\\\/person\\\/520e7ecc314793d40091993c2a02b651\"},\"headline\":\"Centro Social Teresiano de Verim\",\"datePublished\":\"2020-12-16T16:32:19+00:00\",\"dateModified\":\"2025-10-14T07:03:53+00:00\",\"mainEntityOfPage\":{\"@id\":\"https:\\\/\\\/encompaniastj.org\\\/pt-pt\\\/centro-social-teresiano-de-verim-3\\\/\"},\"wordCount\":533,\"commentCount\":0,\"publisher\":{\"@id\":\"https:\\\/\\\/encompaniastj.org\\\/pt-pt\\\/#organization\"},\"image\":{\"@id\":\"https:\\\/\\\/encompaniastj.org\\\/pt-pt\\\/centro-social-teresiano-de-verim-3\\\/#primaryimage\"},\"thumbnailUrl\":\"https:\\\/\\\/encompaniastj.org\\\/wp-content\\\/uploads\\\/2025\\\/05\\\/verim2.jpg\",\"articleSection\":[\"Nos conocemos\",\"Proyectos\"],\"inLanguage\":\"pt-PT\",\"potentialAction\":[{\"@type\":\"CommentAction\",\"name\":\"Comment\",\"target\":[\"https:\\\/\\\/encompaniastj.org\\\/pt-pt\\\/centro-social-teresiano-de-verim-3\\\/#respond\"]}]},{\"@type\":\"WebPage\",\"@id\":\"https:\\\/\\\/encompaniastj.org\\\/pt-pt\\\/centro-social-teresiano-de-verim-3\\\/\",\"url\":\"https:\\\/\\\/encompaniastj.org\\\/pt-pt\\\/centro-social-teresiano-de-verim-3\\\/\",\"name\":\"Centro Social Teresiano de Verim - En Compa\u00f1\u00eda STJ\",\"isPartOf\":{\"@id\":\"https:\\\/\\\/encompaniastj.org\\\/pt-pt\\\/#website\"},\"primaryImageOfPage\":{\"@id\":\"https:\\\/\\\/encompaniastj.org\\\/pt-pt\\\/centro-social-teresiano-de-verim-3\\\/#primaryimage\"},\"image\":{\"@id\":\"https:\\\/\\\/encompaniastj.org\\\/pt-pt\\\/centro-social-teresiano-de-verim-3\\\/#primaryimage\"},\"thumbnailUrl\":\"https:\\\/\\\/encompaniastj.org\\\/wp-content\\\/uploads\\\/2025\\\/05\\\/verim2.jpg\",\"datePublished\":\"2020-12-16T16:32:19+00:00\",\"dateModified\":\"2025-10-14T07:03:53+00:00\",\"breadcrumb\":{\"@id\":\"https:\\\/\\\/encompaniastj.org\\\/pt-pt\\\/centro-social-teresiano-de-verim-3\\\/#breadcrumb\"},\"inLanguage\":\"pt-PT\",\"potentialAction\":[{\"@type\":\"ReadAction\",\"target\":[\"https:\\\/\\\/encompaniastj.org\\\/pt-pt\\\/centro-social-teresiano-de-verim-3\\\/\"]}]},{\"@type\":\"ImageObject\",\"inLanguage\":\"pt-PT\",\"@id\":\"https:\\\/\\\/encompaniastj.org\\\/pt-pt\\\/centro-social-teresiano-de-verim-3\\\/#primaryimage\",\"url\":\"https:\\\/\\\/encompaniastj.org\\\/wp-content\\\/uploads\\\/2025\\\/05\\\/verim2.jpg\",\"contentUrl\":\"https:\\\/\\\/encompaniastj.org\\\/wp-content\\\/uploads\\\/2025\\\/05\\\/verim2.jpg\",\"width\":960,\"height\":720},{\"@type\":\"BreadcrumbList\",\"@id\":\"https:\\\/\\\/encompaniastj.org\\\/pt-pt\\\/centro-social-teresiano-de-verim-3\\\/#breadcrumb\",\"itemListElement\":[{\"@type\":\"ListItem\",\"position\":1,\"name\":\"Portada\",\"item\":\"https:\\\/\\\/encompaniastj.org\\\/pt-pt\\\/\"},{\"@type\":\"ListItem\",\"position\":2,\"name\":\"Centro Social Teresiano de Verim\"}]},{\"@type\":\"WebSite\",\"@id\":\"https:\\\/\\\/encompaniastj.org\\\/pt-pt\\\/#website\",\"url\":\"https:\\\/\\\/encompaniastj.org\\\/pt-pt\\\/\",\"name\":\"En Compa\u00f1\u00eda STJ\",\"description\":\"Bolet\u00edn de la Compa\u00f1\u00eda de Santa Teresa de Jes\u00fas\",\"publisher\":{\"@id\":\"https:\\\/\\\/encompaniastj.org\\\/pt-pt\\\/#organization\"},\"potentialAction\":[{\"@type\":\"SearchAction\",\"target\":{\"@type\":\"EntryPoint\",\"urlTemplate\":\"https:\\\/\\\/encompaniastj.org\\\/pt-pt\\\/?s={search_term_string}\"},\"query-input\":{\"@type\":\"PropertyValueSpecification\",\"valueRequired\":true,\"valueName\":\"search_term_string\"}}],\"inLanguage\":\"pt-PT\"},{\"@type\":\"Organization\",\"@id\":\"https:\\\/\\\/encompaniastj.org\\\/pt-pt\\\/#organization\",\"name\":\"Compa\u00f1\u00eda de Santa Teresa de Jes\u00fas\",\"url\":\"https:\\\/\\\/encompaniastj.org\\\/pt-pt\\\/\",\"logo\":{\"@type\":\"ImageObject\",\"inLanguage\":\"pt-PT\",\"@id\":\"https:\\\/\\\/encompaniastj.org\\\/pt-pt\\\/#\\\/schema\\\/logo\\\/image\\\/\",\"url\":\"https:\\\/\\\/encompaniastj.org\\\/wp-content\\\/uploads\\\/2025\\\/04\\\/logo_provincias02-1-3.png\",\"contentUrl\":\"https:\\\/\\\/encompaniastj.org\\\/wp-content\\\/uploads\\\/2025\\\/04\\\/logo_provincias02-1-3.png\",\"width\":2368,\"height\":825,\"caption\":\"Compa\u00f1\u00eda de Santa Teresa de Jes\u00fas\"},\"image\":{\"@id\":\"https:\\\/\\\/encompaniastj.org\\\/pt-pt\\\/#\\\/schema\\\/logo\\\/image\\\/\"}},{\"@type\":\"Person\",\"@id\":\"https:\\\/\\\/encompaniastj.org\\\/pt-pt\\\/#\\\/schema\\\/person\\\/520e7ecc314793d40091993c2a02b651\",\"name\":\"admin\",\"image\":{\"@type\":\"ImageObject\",\"inLanguage\":\"pt-PT\",\"@id\":\"https:\\\/\\\/secure.gravatar.com\\\/avatar\\\/948b492cce32b586ac2db0eaa926ee87024f7afe218d73b397ea5ddfc5f43ea1?s=96&d=mm&r=g\",\"url\":\"https:\\\/\\\/secure.gravatar.com\\\/avatar\\\/948b492cce32b586ac2db0eaa926ee87024f7afe218d73b397ea5ddfc5f43ea1?s=96&d=mm&r=g\",\"contentUrl\":\"https:\\\/\\\/secure.gravatar.com\\\/avatar\\\/948b492cce32b586ac2db0eaa926ee87024f7afe218d73b397ea5ddfc5f43ea1?s=96&d=mm&r=g\",\"caption\":\"admin\"},\"sameAs\":[\"https:\\\/\\\/encompaniastj.org\"],\"url\":\"https:\\\/\\\/encompaniastj.org\\\/pt-pt\\\/author\\\/sjdigital\\\/\"}]}<\/script>\n<!-- \/ Yoast SEO plugin. -->","yoast_head_json":{"title":"Centro Social Teresiano de Verim - En Compa\u00f1\u00eda STJ","robots":{"index":"index","follow":"follow","max-snippet":"max-snippet:-1","max-image-preview":"max-image-preview:large","max-video-preview":"max-video-preview:-1"},"canonical":"https:\/\/encompaniastj.org\/pt-pt\/centro-social-teresiano-de-verim-3\/","og_locale":"pt_PT","og_type":"article","og_title":"Centro Social Teresiano de Verim - En Compa\u00f1\u00eda STJ","og_description":"Verim \u00e9 uma pequena aldeia situada no concelho de P\u00f3voa de Lanhoso e que faz fronteira com o concelho de Braga. Na maioria dasvezes, esta aldeia \u00e9 confundida com Ver\u00edn, [&hellip;]","og_url":"https:\/\/encompaniastj.org\/pt-pt\/centro-social-teresiano-de-verim-3\/","og_site_name":"En Compa\u00f1\u00eda STJ","article_published_time":"2020-12-16T16:32:19+00:00","article_modified_time":"2025-10-14T07:03:53+00:00","og_image":[{"width":960,"height":720,"url":"https:\/\/encompaniastj.org\/wp-content\/uploads\/2025\/05\/verim2.jpg","type":"image\/jpeg"}],"author":"admin","twitter_card":"summary_large_image","twitter_misc":{"Escrito por":"admin","Tempo estimado de leitura":"3 minutos"},"schema":{"@context":"https:\/\/schema.org","@graph":[{"@type":"Article","@id":"https:\/\/encompaniastj.org\/pt-pt\/centro-social-teresiano-de-verim-3\/#article","isPartOf":{"@id":"https:\/\/encompaniastj.org\/pt-pt\/centro-social-teresiano-de-verim-3\/"},"author":{"name":"admin","@id":"https:\/\/encompaniastj.org\/pt-pt\/#\/schema\/person\/520e7ecc314793d40091993c2a02b651"},"headline":"Centro Social Teresiano de Verim","datePublished":"2020-12-16T16:32:19+00:00","dateModified":"2025-10-14T07:03:53+00:00","mainEntityOfPage":{"@id":"https:\/\/encompaniastj.org\/pt-pt\/centro-social-teresiano-de-verim-3\/"},"wordCount":533,"commentCount":0,"publisher":{"@id":"https:\/\/encompaniastj.org\/pt-pt\/#organization"},"image":{"@id":"https:\/\/encompaniastj.org\/pt-pt\/centro-social-teresiano-de-verim-3\/#primaryimage"},"thumbnailUrl":"https:\/\/encompaniastj.org\/wp-content\/uploads\/2025\/05\/verim2.jpg","articleSection":["Nos conocemos","Proyectos"],"inLanguage":"pt-PT","potentialAction":[{"@type":"CommentAction","name":"Comment","target":["https:\/\/encompaniastj.org\/pt-pt\/centro-social-teresiano-de-verim-3\/#respond"]}]},{"@type":"WebPage","@id":"https:\/\/encompaniastj.org\/pt-pt\/centro-social-teresiano-de-verim-3\/","url":"https:\/\/encompaniastj.org\/pt-pt\/centro-social-teresiano-de-verim-3\/","name":"Centro Social Teresiano de Verim - En Compa\u00f1\u00eda STJ","isPartOf":{"@id":"https:\/\/encompaniastj.org\/pt-pt\/#website"},"primaryImageOfPage":{"@id":"https:\/\/encompaniastj.org\/pt-pt\/centro-social-teresiano-de-verim-3\/#primaryimage"},"image":{"@id":"https:\/\/encompaniastj.org\/pt-pt\/centro-social-teresiano-de-verim-3\/#primaryimage"},"thumbnailUrl":"https:\/\/encompaniastj.org\/wp-content\/uploads\/2025\/05\/verim2.jpg","datePublished":"2020-12-16T16:32:19+00:00","dateModified":"2025-10-14T07:03:53+00:00","breadcrumb":{"@id":"https:\/\/encompaniastj.org\/pt-pt\/centro-social-teresiano-de-verim-3\/#breadcrumb"},"inLanguage":"pt-PT","potentialAction":[{"@type":"ReadAction","target":["https:\/\/encompaniastj.org\/pt-pt\/centro-social-teresiano-de-verim-3\/"]}]},{"@type":"ImageObject","inLanguage":"pt-PT","@id":"https:\/\/encompaniastj.org\/pt-pt\/centro-social-teresiano-de-verim-3\/#primaryimage","url":"https:\/\/encompaniastj.org\/wp-content\/uploads\/2025\/05\/verim2.jpg","contentUrl":"https:\/\/encompaniastj.org\/wp-content\/uploads\/2025\/05\/verim2.jpg","width":960,"height":720},{"@type":"BreadcrumbList","@id":"https:\/\/encompaniastj.org\/pt-pt\/centro-social-teresiano-de-verim-3\/#breadcrumb","itemListElement":[{"@type":"ListItem","position":1,"name":"Portada","item":"https:\/\/encompaniastj.org\/pt-pt\/"},{"@type":"ListItem","position":2,"name":"Centro Social Teresiano de Verim"}]},{"@type":"WebSite","@id":"https:\/\/encompaniastj.org\/pt-pt\/#website","url":"https:\/\/encompaniastj.org\/pt-pt\/","name":"En Compa\u00f1\u00eda STJ","description":"Bolet\u00edn de la Compa\u00f1\u00eda de Santa Teresa de Jes\u00fas","publisher":{"@id":"https:\/\/encompaniastj.org\/pt-pt\/#organization"},"potentialAction":[{"@type":"SearchAction","target":{"@type":"EntryPoint","urlTemplate":"https:\/\/encompaniastj.org\/pt-pt\/?s={search_term_string}"},"query-input":{"@type":"PropertyValueSpecification","valueRequired":true,"valueName":"search_term_string"}}],"inLanguage":"pt-PT"},{"@type":"Organization","@id":"https:\/\/encompaniastj.org\/pt-pt\/#organization","name":"Compa\u00f1\u00eda de Santa Teresa de Jes\u00fas","url":"https:\/\/encompaniastj.org\/pt-pt\/","logo":{"@type":"ImageObject","inLanguage":"pt-PT","@id":"https:\/\/encompaniastj.org\/pt-pt\/#\/schema\/logo\/image\/","url":"https:\/\/encompaniastj.org\/wp-content\/uploads\/2025\/04\/logo_provincias02-1-3.png","contentUrl":"https:\/\/encompaniastj.org\/wp-content\/uploads\/2025\/04\/logo_provincias02-1-3.png","width":2368,"height":825,"caption":"Compa\u00f1\u00eda de Santa Teresa de Jes\u00fas"},"image":{"@id":"https:\/\/encompaniastj.org\/pt-pt\/#\/schema\/logo\/image\/"}},{"@type":"Person","@id":"https:\/\/encompaniastj.org\/pt-pt\/#\/schema\/person\/520e7ecc314793d40091993c2a02b651","name":"admin","image":{"@type":"ImageObject","inLanguage":"pt-PT","@id":"https:\/\/secure.gravatar.com\/avatar\/948b492cce32b586ac2db0eaa926ee87024f7afe218d73b397ea5ddfc5f43ea1?s=96&d=mm&r=g","url":"https:\/\/secure.gravatar.com\/avatar\/948b492cce32b586ac2db0eaa926ee87024f7afe218d73b397ea5ddfc5f43ea1?s=96&d=mm&r=g","contentUrl":"https:\/\/secure.gravatar.com\/avatar\/948b492cce32b586ac2db0eaa926ee87024f7afe218d73b397ea5ddfc5f43ea1?s=96&d=mm&r=g","caption":"admin"},"sameAs":["https:\/\/encompaniastj.org"],"url":"https:\/\/encompaniastj.org\/pt-pt\/author\/sjdigital\/"}]}},"_links":{"self":[{"href":"https:\/\/encompaniastj.org\/pt-pt\/wp-json\/wp\/v2\/posts\/14119","targetHints":{"allow":["GET"]}}],"collection":[{"href":"https:\/\/encompaniastj.org\/pt-pt\/wp-json\/wp\/v2\/posts"}],"about":[{"href":"https:\/\/encompaniastj.org\/pt-pt\/wp-json\/wp\/v2\/types\/post"}],"author":[{"embeddable":true,"href":"https:\/\/encompaniastj.org\/pt-pt\/wp-json\/wp\/v2\/users\/1"}],"replies":[{"embeddable":true,"href":"https:\/\/encompaniastj.org\/pt-pt\/wp-json\/wp\/v2\/comments?post=14119"}],"version-history":[{"count":1,"href":"https:\/\/encompaniastj.org\/pt-pt\/wp-json\/wp\/v2\/posts\/14119\/revisions"}],"predecessor-version":[{"id":14121,"href":"https:\/\/encompaniastj.org\/pt-pt\/wp-json\/wp\/v2\/posts\/14119\/revisions\/14121"}],"wp:featuredmedia":[{"embeddable":true,"href":"https:\/\/encompaniastj.org\/pt-pt\/wp-json\/wp\/v2\/media\/7619"}],"wp:attachment":[{"href":"https:\/\/encompaniastj.org\/pt-pt\/wp-json\/wp\/v2\/media?parent=14119"}],"wp:term":[{"taxonomy":"category","embeddable":true,"href":"https:\/\/encompaniastj.org\/pt-pt\/wp-json\/wp\/v2\/categories?post=14119"},{"taxonomy":"post_tag","embeddable":true,"href":"https:\/\/encompaniastj.org\/pt-pt\/wp-json\/wp\/v2\/tags?post=14119"}],"curies":[{"name":"wp","href":"https:\/\/api.w.org\/{rel}","templated":true}]}}