{"id":14112,"date":"2021-02-08T14:11:15","date_gmt":"2021-02-08T13:11:15","guid":{"rendered":"https:\/\/encompaniastj.org\/reuniao-de-coordenadores-fevereiro-de-2021\/"},"modified":"2025-10-14T09:03:52","modified_gmt":"2025-10-14T07:03:52","slug":"reuniao-de-coordenadores-fevereiro-de-2021","status":"publish","type":"post","link":"https:\/\/encompaniastj.org\/pt-pt\/reuniao-de-coordenadores-fevereiro-de-2021\/","title":{"rendered":"Reuni\u00e3o de coordenadores - fevereiro de 2021"},"content":{"rendered":"\n<p>No dia 6 de fevereiro,\n, reuniu-se a equipa alargada de governo da prov\u00edncia, mais uma vez\nem modo online, embora desta vez, com um maior uso da tecnologia por\nparte de todos n\u00f3s. Como sempre, foi uma alegria \"reencontrarmo-nos\", mesmo que fosse apenas em\natrav\u00e9s do ecr\u00e3. Os primeiros minutos foram dedicados a cumprimentos informais e\na perguntas que reflectiam o nosso interesse uns pelos outros e que fazem com que\nnos sintamos e vivamos como uma fam\u00edlia.    <\/p>\n\n<p>Isabel del Valle\nnos acolheu \"na f\u00e9\", porque problemas t\u00e9cnicos fizeram com que\nn\u00e3o pud\u00e9ssemos ver o rosto umas das outras. Come\u00e7ou por recordar as irm\u00e3s que, por diversos\nmotivos, n\u00e3o puderam estar fisicamente connosco mas que, de alguma forma,\nnos acompanharam a partir do lugar que a vida lhes colocou nesse momento.   <\/p>\n\n<p>Depois,\natrav\u00e9s de v\u00e1rias imagens muito sugestivas, encorajou-nos a estar perto das\n\"nossas terras\", sustentando e apoiando o seu crescimento para dar frutos de\nsa\u00fade, e a ser mulheres fortes que\nse constroem umas \u00e0s outras em vez de se destru\u00edrem.\nCom a palavra do dia, recordou-nos a import\u00e2ncia de sermos criativas no amor:\n<em>\"n\u00e3o te esque\u00e7as de fazer o bem e de\najudar-te uns aos outros\", <\/em>s\u00e3o estes os sacrif\u00edcios que agradam a Deus....  <\/p>\n\n<p>A Upe\ninformou-nos ent\u00e3o que estavam previstas algumas ac\u00e7\u00f5es de forma\u00e7\u00e3o para a EGA.\nO tempo e as circunst\u00e2ncias dir\u00e3o como realiz\u00e1-las.<\/p>\n\n<p>De seguida, Isabel\nRobles explicou a din\u00e2mica do trabalho que ir\u00edamos seguir e Amelia e Rita\nmotivaram os temas sobre os quais, em pequenos grupos, ir\u00edamos partilhar\nsignificados: Interculturalidade, Caminho Samaritano de Jesus e Sinodalidade.  <\/p>\n\n<p>Com a riqueza\nque a comunica\u00e7\u00e3o em pequenos grupos sempre traz, volt\u00e1mos \u00e0 assembleia\npara partilhar:  <\/p>\n\n<ul class=\"wp-block-list\"><li>as chaves e os meios que\npercebe no tema da interculturalidade para reconstruir o tecido comunit\u00e1rio\ne<\/li><li>as chaves e os meios que\npercebe para reconstruir, a partir do caminho samaritano de Jesus, o nosso\ncontexto-ambiente.<\/li><\/ul>\n\n<p>Uma partilha enriquecedora\nque nos fez perceber, mais uma vez, que as opini\u00f5es, vis\u00f5es e\nsignificados de cada um, colocados em comum, alargam a nossa vis\u00e3o.  <\/p>\n\n<p>Depois de uma pequena pausa\npara o almo\u00e7o, inici\u00e1mos os trabalhos da tarde com a partilha dos\nconvites da Sinodalidade para a reconstru\u00e7\u00e3o do tecido\nda Igreja ETP-STJ.<\/p>\n\n<p>Chegou o momento\nde informar. A Ir. Isabel del Valle reavivou a nossa mem\u00f3ria com uma\nrevis\u00e3o do processo de discernimento vivido na Prov\u00edncia desde que o Cap\u00edtulo Provincial, em\nmar\u00e7o de 2018, o colocou como uma das prioridades\ndo sex\u00e9nio. Tamb\u00e9m nos deu a conhecer as dificuldades que, por causa da pandemia,\nforam experimentadas na realiza\u00e7\u00e3o de alguns\ndi\u00e1logos com a presen\u00e7a e nos modos que gostar\u00edamos. E terminou\nafirmando: \"quando n\u00e3o h\u00e1 certezas nem garantias absolutas, s\u00f3 podemos\ncontar com a confian\u00e7a\".     <\/p>\n\n<p>\nDepois,\nPepi e Asunci\u00f3n informaram-nos sobre os passos dados em rela\u00e7\u00e3o a alguns acordos capitulares: a revis\u00e3o do modelo organizativo da delega\u00e7\u00e3o da\neduca\u00e7\u00e3o, a venda da Casa Geral e a modifica\u00e7\u00e3o de alguns artigos\ndas Constitui\u00e7\u00f5es. Registamos o processo, por vezes mais lento do que gostar\u00edamos\nmas sempre na perspetiva do poss\u00edvel.   <\/p>\n\n<p>Termin\u00e1mos, como quer\n, dando gra\u00e7as e descansando juntos n'Ele. Acolhemos\no dia e a vida por detr\u00e1s de tudo o que partilh\u00e1mos, com a certeza e a\nseguran\u00e7a que o Salmo 22 nos oferece: <\/p>\n\n<p><em>Eu estou em ti, dentro de ti. Vivo em ti, em\nti por dentro. <\/em><\/p>\n\n<p><em>Mesmo que a vida pare\u00e7a distrair-te, eu\nn\u00e3o me separo de ti, estou em ti!<\/em><\/p>\n\n<p><em>Mesmo que a tua vida te doa, eu vivo-a contigo.<\/em><\/p>\n\n<p><em>E contigo e comigo est\u00e3o aqueles que tu\namas e que eu amo.<\/em><\/p>\n\n<p><em>Mist\u00e9rio e dom da Comunh\u00e3o: Neles eu\nfa\u00e7o-me presente.<\/em><\/p>\n","protected":false},"excerpt":{"rendered":"<p>No dia 6 de fevereiro, , reuniu-se a equipa alargada de governo da prov\u00edncia, mais uma vez em modo online, embora desta vez, com um maior uso da tecnologia por [&hellip;]<\/p>\n","protected":false},"author":1,"featured_media":7670,"comment_status":"open","ping_status":"open","sticky":false,"template":"","format":"standard","meta":{"_acf_changed":false,"footnotes":""},"categories":[61,62],"tags":[],"class_list":["post-14112","post","type-post","status-publish","format-standard","has-post-thumbnail","hentry","category-noticias","category-otras"],"acf":[],"yoast_head":"<!-- This site is optimized with the Yoast SEO plugin v27.5 - https:\/\/yoast.com\/product\/yoast-seo-wordpress\/ -->\n<title>Reuni\u00e3o de coordenadores - fevereiro de 2021 - En Compa\u00f1\u00eda STJ<\/title>\n<meta name=\"robots\" content=\"index, follow, max-snippet:-1, max-image-preview:large, max-video-preview:-1\" \/>\n<link rel=\"canonical\" href=\"https:\/\/encompaniastj.org\/pt-pt\/reuniao-de-coordenadores-fevereiro-de-2021\/\" \/>\n<meta property=\"og:locale\" content=\"pt_PT\" \/>\n<meta property=\"og:type\" content=\"article\" \/>\n<meta property=\"og:title\" content=\"Reuni\u00e3o de coordenadores - fevereiro de 2021 - En Compa\u00f1\u00eda STJ\" \/>\n<meta property=\"og:description\" content=\"No dia 6 de fevereiro, , reuniu-se a equipa alargada de governo da prov\u00edncia, mais uma vez em modo online, embora desta vez, com um maior uso da tecnologia por [&hellip;]\" \/>\n<meta property=\"og:url\" content=\"https:\/\/encompaniastj.org\/pt-pt\/reuniao-de-coordenadores-fevereiro-de-2021\/\" \/>\n<meta property=\"og:site_name\" content=\"En Compa\u00f1\u00eda STJ\" \/>\n<meta property=\"article:published_time\" content=\"2021-02-08T13:11:15+00:00\" \/>\n<meta property=\"article:modified_time\" content=\"2025-10-14T07:03:52+00:00\" \/>\n<meta property=\"og:image\" content=\"https:\/\/encompaniastj.org\/wp-content\/uploads\/2025\/05\/coordinadoras.jpg\" \/>\n\t<meta property=\"og:image:width\" content=\"646\" \/>\n\t<meta property=\"og:image:height\" content=\"651\" \/>\n\t<meta property=\"og:image:type\" content=\"image\/jpeg\" \/>\n<meta name=\"author\" content=\"admin\" \/>\n<meta name=\"twitter:card\" content=\"summary_large_image\" \/>\n<meta name=\"twitter:label1\" content=\"Escrito por\" \/>\n\t<meta name=\"twitter:data1\" content=\"admin\" \/>\n\t<meta name=\"twitter:label2\" content=\"Tempo estimado de leitura\" \/>\n\t<meta name=\"twitter:data2\" content=\"3 minutos\" \/>\n<script type=\"application\/ld+json\" class=\"yoast-schema-graph\">{\"@context\":\"https:\\\/\\\/schema.org\",\"@graph\":[{\"@type\":\"Article\",\"@id\":\"https:\\\/\\\/encompaniastj.org\\\/pt-pt\\\/reuniao-de-coordenadores-fevereiro-de-2021\\\/#article\",\"isPartOf\":{\"@id\":\"https:\\\/\\\/encompaniastj.org\\\/pt-pt\\\/reuniao-de-coordenadores-fevereiro-de-2021\\\/\"},\"author\":{\"name\":\"admin\",\"@id\":\"https:\\\/\\\/encompaniastj.org\\\/pt-pt\\\/#\\\/schema\\\/person\\\/520e7ecc314793d40091993c2a02b651\"},\"headline\":\"Reuni\u00e3o de coordenadores - fevereiro de 2021\",\"datePublished\":\"2021-02-08T13:11:15+00:00\",\"dateModified\":\"2025-10-14T07:03:52+00:00\",\"mainEntityOfPage\":{\"@id\":\"https:\\\/\\\/encompaniastj.org\\\/pt-pt\\\/reuniao-de-coordenadores-fevereiro-de-2021\\\/\"},\"wordCount\":675,\"commentCount\":0,\"publisher\":{\"@id\":\"https:\\\/\\\/encompaniastj.org\\\/pt-pt\\\/#organization\"},\"image\":{\"@id\":\"https:\\\/\\\/encompaniastj.org\\\/pt-pt\\\/reuniao-de-coordenadores-fevereiro-de-2021\\\/#primaryimage\"},\"thumbnailUrl\":\"https:\\\/\\\/encompaniastj.org\\\/wp-content\\\/uploads\\\/2025\\\/05\\\/coordinadoras.jpg\",\"articleSection\":[\"Noticias\",\"Otras\"],\"inLanguage\":\"pt-PT\",\"potentialAction\":[{\"@type\":\"CommentAction\",\"name\":\"Comment\",\"target\":[\"https:\\\/\\\/encompaniastj.org\\\/pt-pt\\\/reuniao-de-coordenadores-fevereiro-de-2021\\\/#respond\"]}]},{\"@type\":\"WebPage\",\"@id\":\"https:\\\/\\\/encompaniastj.org\\\/pt-pt\\\/reuniao-de-coordenadores-fevereiro-de-2021\\\/\",\"url\":\"https:\\\/\\\/encompaniastj.org\\\/pt-pt\\\/reuniao-de-coordenadores-fevereiro-de-2021\\\/\",\"name\":\"Reuni\u00e3o de coordenadores - fevereiro de 2021 - En Compa\u00f1\u00eda STJ\",\"isPartOf\":{\"@id\":\"https:\\\/\\\/encompaniastj.org\\\/pt-pt\\\/#website\"},\"primaryImageOfPage\":{\"@id\":\"https:\\\/\\\/encompaniastj.org\\\/pt-pt\\\/reuniao-de-coordenadores-fevereiro-de-2021\\\/#primaryimage\"},\"image\":{\"@id\":\"https:\\\/\\\/encompaniastj.org\\\/pt-pt\\\/reuniao-de-coordenadores-fevereiro-de-2021\\\/#primaryimage\"},\"thumbnailUrl\":\"https:\\\/\\\/encompaniastj.org\\\/wp-content\\\/uploads\\\/2025\\\/05\\\/coordinadoras.jpg\",\"datePublished\":\"2021-02-08T13:11:15+00:00\",\"dateModified\":\"2025-10-14T07:03:52+00:00\",\"breadcrumb\":{\"@id\":\"https:\\\/\\\/encompaniastj.org\\\/pt-pt\\\/reuniao-de-coordenadores-fevereiro-de-2021\\\/#breadcrumb\"},\"inLanguage\":\"pt-PT\",\"potentialAction\":[{\"@type\":\"ReadAction\",\"target\":[\"https:\\\/\\\/encompaniastj.org\\\/pt-pt\\\/reuniao-de-coordenadores-fevereiro-de-2021\\\/\"]}]},{\"@type\":\"ImageObject\",\"inLanguage\":\"pt-PT\",\"@id\":\"https:\\\/\\\/encompaniastj.org\\\/pt-pt\\\/reuniao-de-coordenadores-fevereiro-de-2021\\\/#primaryimage\",\"url\":\"https:\\\/\\\/encompaniastj.org\\\/wp-content\\\/uploads\\\/2025\\\/05\\\/coordinadoras.jpg\",\"contentUrl\":\"https:\\\/\\\/encompaniastj.org\\\/wp-content\\\/uploads\\\/2025\\\/05\\\/coordinadoras.jpg\",\"width\":646,\"height\":651},{\"@type\":\"BreadcrumbList\",\"@id\":\"https:\\\/\\\/encompaniastj.org\\\/pt-pt\\\/reuniao-de-coordenadores-fevereiro-de-2021\\\/#breadcrumb\",\"itemListElement\":[{\"@type\":\"ListItem\",\"position\":1,\"name\":\"Portada\",\"item\":\"https:\\\/\\\/encompaniastj.org\\\/pt-pt\\\/\"},{\"@type\":\"ListItem\",\"position\":2,\"name\":\"Reuni\u00e3o de coordenadores - fevereiro de 2021\"}]},{\"@type\":\"WebSite\",\"@id\":\"https:\\\/\\\/encompaniastj.org\\\/pt-pt\\\/#website\",\"url\":\"https:\\\/\\\/encompaniastj.org\\\/pt-pt\\\/\",\"name\":\"En Compa\u00f1\u00eda STJ\",\"description\":\"Bolet\u00edn de la Compa\u00f1\u00eda de Santa Teresa de Jes\u00fas\",\"publisher\":{\"@id\":\"https:\\\/\\\/encompaniastj.org\\\/pt-pt\\\/#organization\"},\"potentialAction\":[{\"@type\":\"SearchAction\",\"target\":{\"@type\":\"EntryPoint\",\"urlTemplate\":\"https:\\\/\\\/encompaniastj.org\\\/pt-pt\\\/?s={search_term_string}\"},\"query-input\":{\"@type\":\"PropertyValueSpecification\",\"valueRequired\":true,\"valueName\":\"search_term_string\"}}],\"inLanguage\":\"pt-PT\"},{\"@type\":\"Organization\",\"@id\":\"https:\\\/\\\/encompaniastj.org\\\/pt-pt\\\/#organization\",\"name\":\"Compa\u00f1\u00eda de Santa Teresa de Jes\u00fas\",\"url\":\"https:\\\/\\\/encompaniastj.org\\\/pt-pt\\\/\",\"logo\":{\"@type\":\"ImageObject\",\"inLanguage\":\"pt-PT\",\"@id\":\"https:\\\/\\\/encompaniastj.org\\\/pt-pt\\\/#\\\/schema\\\/logo\\\/image\\\/\",\"url\":\"https:\\\/\\\/encompaniastj.org\\\/wp-content\\\/uploads\\\/2025\\\/04\\\/logo_provincias02-1-3.png\",\"contentUrl\":\"https:\\\/\\\/encompaniastj.org\\\/wp-content\\\/uploads\\\/2025\\\/04\\\/logo_provincias02-1-3.png\",\"width\":2368,\"height\":825,\"caption\":\"Compa\u00f1\u00eda de Santa Teresa de Jes\u00fas\"},\"image\":{\"@id\":\"https:\\\/\\\/encompaniastj.org\\\/pt-pt\\\/#\\\/schema\\\/logo\\\/image\\\/\"}},{\"@type\":\"Person\",\"@id\":\"https:\\\/\\\/encompaniastj.org\\\/pt-pt\\\/#\\\/schema\\\/person\\\/520e7ecc314793d40091993c2a02b651\",\"name\":\"admin\",\"image\":{\"@type\":\"ImageObject\",\"inLanguage\":\"pt-PT\",\"@id\":\"https:\\\/\\\/secure.gravatar.com\\\/avatar\\\/948b492cce32b586ac2db0eaa926ee87024f7afe218d73b397ea5ddfc5f43ea1?s=96&d=mm&r=g\",\"url\":\"https:\\\/\\\/secure.gravatar.com\\\/avatar\\\/948b492cce32b586ac2db0eaa926ee87024f7afe218d73b397ea5ddfc5f43ea1?s=96&d=mm&r=g\",\"contentUrl\":\"https:\\\/\\\/secure.gravatar.com\\\/avatar\\\/948b492cce32b586ac2db0eaa926ee87024f7afe218d73b397ea5ddfc5f43ea1?s=96&d=mm&r=g\",\"caption\":\"admin\"},\"sameAs\":[\"https:\\\/\\\/encompaniastj.org\"],\"url\":\"https:\\\/\\\/encompaniastj.org\\\/pt-pt\\\/author\\\/sjdigital\\\/\"}]}<\/script>\n<!-- \/ Yoast SEO plugin. -->","yoast_head_json":{"title":"Reuni\u00e3o de coordenadores - fevereiro de 2021 - En Compa\u00f1\u00eda STJ","robots":{"index":"index","follow":"follow","max-snippet":"max-snippet:-1","max-image-preview":"max-image-preview:large","max-video-preview":"max-video-preview:-1"},"canonical":"https:\/\/encompaniastj.org\/pt-pt\/reuniao-de-coordenadores-fevereiro-de-2021\/","og_locale":"pt_PT","og_type":"article","og_title":"Reuni\u00e3o de coordenadores - fevereiro de 2021 - En Compa\u00f1\u00eda STJ","og_description":"No dia 6 de fevereiro, , reuniu-se a equipa alargada de governo da prov\u00edncia, mais uma vez em modo online, embora desta vez, com um maior uso da tecnologia por [&hellip;]","og_url":"https:\/\/encompaniastj.org\/pt-pt\/reuniao-de-coordenadores-fevereiro-de-2021\/","og_site_name":"En Compa\u00f1\u00eda STJ","article_published_time":"2021-02-08T13:11:15+00:00","article_modified_time":"2025-10-14T07:03:52+00:00","og_image":[{"width":646,"height":651,"url":"https:\/\/encompaniastj.org\/wp-content\/uploads\/2025\/05\/coordinadoras.jpg","type":"image\/jpeg"}],"author":"admin","twitter_card":"summary_large_image","twitter_misc":{"Escrito por":"admin","Tempo estimado de leitura":"3 minutos"},"schema":{"@context":"https:\/\/schema.org","@graph":[{"@type":"Article","@id":"https:\/\/encompaniastj.org\/pt-pt\/reuniao-de-coordenadores-fevereiro-de-2021\/#article","isPartOf":{"@id":"https:\/\/encompaniastj.org\/pt-pt\/reuniao-de-coordenadores-fevereiro-de-2021\/"},"author":{"name":"admin","@id":"https:\/\/encompaniastj.org\/pt-pt\/#\/schema\/person\/520e7ecc314793d40091993c2a02b651"},"headline":"Reuni\u00e3o de coordenadores - fevereiro de 2021","datePublished":"2021-02-08T13:11:15+00:00","dateModified":"2025-10-14T07:03:52+00:00","mainEntityOfPage":{"@id":"https:\/\/encompaniastj.org\/pt-pt\/reuniao-de-coordenadores-fevereiro-de-2021\/"},"wordCount":675,"commentCount":0,"publisher":{"@id":"https:\/\/encompaniastj.org\/pt-pt\/#organization"},"image":{"@id":"https:\/\/encompaniastj.org\/pt-pt\/reuniao-de-coordenadores-fevereiro-de-2021\/#primaryimage"},"thumbnailUrl":"https:\/\/encompaniastj.org\/wp-content\/uploads\/2025\/05\/coordinadoras.jpg","articleSection":["Noticias","Otras"],"inLanguage":"pt-PT","potentialAction":[{"@type":"CommentAction","name":"Comment","target":["https:\/\/encompaniastj.org\/pt-pt\/reuniao-de-coordenadores-fevereiro-de-2021\/#respond"]}]},{"@type":"WebPage","@id":"https:\/\/encompaniastj.org\/pt-pt\/reuniao-de-coordenadores-fevereiro-de-2021\/","url":"https:\/\/encompaniastj.org\/pt-pt\/reuniao-de-coordenadores-fevereiro-de-2021\/","name":"Reuni\u00e3o de coordenadores - fevereiro de 2021 - En Compa\u00f1\u00eda STJ","isPartOf":{"@id":"https:\/\/encompaniastj.org\/pt-pt\/#website"},"primaryImageOfPage":{"@id":"https:\/\/encompaniastj.org\/pt-pt\/reuniao-de-coordenadores-fevereiro-de-2021\/#primaryimage"},"image":{"@id":"https:\/\/encompaniastj.org\/pt-pt\/reuniao-de-coordenadores-fevereiro-de-2021\/#primaryimage"},"thumbnailUrl":"https:\/\/encompaniastj.org\/wp-content\/uploads\/2025\/05\/coordinadoras.jpg","datePublished":"2021-02-08T13:11:15+00:00","dateModified":"2025-10-14T07:03:52+00:00","breadcrumb":{"@id":"https:\/\/encompaniastj.org\/pt-pt\/reuniao-de-coordenadores-fevereiro-de-2021\/#breadcrumb"},"inLanguage":"pt-PT","potentialAction":[{"@type":"ReadAction","target":["https:\/\/encompaniastj.org\/pt-pt\/reuniao-de-coordenadores-fevereiro-de-2021\/"]}]},{"@type":"ImageObject","inLanguage":"pt-PT","@id":"https:\/\/encompaniastj.org\/pt-pt\/reuniao-de-coordenadores-fevereiro-de-2021\/#primaryimage","url":"https:\/\/encompaniastj.org\/wp-content\/uploads\/2025\/05\/coordinadoras.jpg","contentUrl":"https:\/\/encompaniastj.org\/wp-content\/uploads\/2025\/05\/coordinadoras.jpg","width":646,"height":651},{"@type":"BreadcrumbList","@id":"https:\/\/encompaniastj.org\/pt-pt\/reuniao-de-coordenadores-fevereiro-de-2021\/#breadcrumb","itemListElement":[{"@type":"ListItem","position":1,"name":"Portada","item":"https:\/\/encompaniastj.org\/pt-pt\/"},{"@type":"ListItem","position":2,"name":"Reuni\u00e3o de coordenadores - fevereiro de 2021"}]},{"@type":"WebSite","@id":"https:\/\/encompaniastj.org\/pt-pt\/#website","url":"https:\/\/encompaniastj.org\/pt-pt\/","name":"En Compa\u00f1\u00eda STJ","description":"Bolet\u00edn de la Compa\u00f1\u00eda de Santa Teresa de Jes\u00fas","publisher":{"@id":"https:\/\/encompaniastj.org\/pt-pt\/#organization"},"potentialAction":[{"@type":"SearchAction","target":{"@type":"EntryPoint","urlTemplate":"https:\/\/encompaniastj.org\/pt-pt\/?s={search_term_string}"},"query-input":{"@type":"PropertyValueSpecification","valueRequired":true,"valueName":"search_term_string"}}],"inLanguage":"pt-PT"},{"@type":"Organization","@id":"https:\/\/encompaniastj.org\/pt-pt\/#organization","name":"Compa\u00f1\u00eda de Santa Teresa de Jes\u00fas","url":"https:\/\/encompaniastj.org\/pt-pt\/","logo":{"@type":"ImageObject","inLanguage":"pt-PT","@id":"https:\/\/encompaniastj.org\/pt-pt\/#\/schema\/logo\/image\/","url":"https:\/\/encompaniastj.org\/wp-content\/uploads\/2025\/04\/logo_provincias02-1-3.png","contentUrl":"https:\/\/encompaniastj.org\/wp-content\/uploads\/2025\/04\/logo_provincias02-1-3.png","width":2368,"height":825,"caption":"Compa\u00f1\u00eda de Santa Teresa de Jes\u00fas"},"image":{"@id":"https:\/\/encompaniastj.org\/pt-pt\/#\/schema\/logo\/image\/"}},{"@type":"Person","@id":"https:\/\/encompaniastj.org\/pt-pt\/#\/schema\/person\/520e7ecc314793d40091993c2a02b651","name":"admin","image":{"@type":"ImageObject","inLanguage":"pt-PT","@id":"https:\/\/secure.gravatar.com\/avatar\/948b492cce32b586ac2db0eaa926ee87024f7afe218d73b397ea5ddfc5f43ea1?s=96&d=mm&r=g","url":"https:\/\/secure.gravatar.com\/avatar\/948b492cce32b586ac2db0eaa926ee87024f7afe218d73b397ea5ddfc5f43ea1?s=96&d=mm&r=g","contentUrl":"https:\/\/secure.gravatar.com\/avatar\/948b492cce32b586ac2db0eaa926ee87024f7afe218d73b397ea5ddfc5f43ea1?s=96&d=mm&r=g","caption":"admin"},"sameAs":["https:\/\/encompaniastj.org"],"url":"https:\/\/encompaniastj.org\/pt-pt\/author\/sjdigital\/"}]}},"_links":{"self":[{"href":"https:\/\/encompaniastj.org\/pt-pt\/wp-json\/wp\/v2\/posts\/14112","targetHints":{"allow":["GET"]}}],"collection":[{"href":"https:\/\/encompaniastj.org\/pt-pt\/wp-json\/wp\/v2\/posts"}],"about":[{"href":"https:\/\/encompaniastj.org\/pt-pt\/wp-json\/wp\/v2\/types\/post"}],"author":[{"embeddable":true,"href":"https:\/\/encompaniastj.org\/pt-pt\/wp-json\/wp\/v2\/users\/1"}],"replies":[{"embeddable":true,"href":"https:\/\/encompaniastj.org\/pt-pt\/wp-json\/wp\/v2\/comments?post=14112"}],"version-history":[{"count":1,"href":"https:\/\/encompaniastj.org\/pt-pt\/wp-json\/wp\/v2\/posts\/14112\/revisions"}],"predecessor-version":[{"id":14114,"href":"https:\/\/encompaniastj.org\/pt-pt\/wp-json\/wp\/v2\/posts\/14112\/revisions\/14114"}],"wp:featuredmedia":[{"embeddable":true,"href":"https:\/\/encompaniastj.org\/pt-pt\/wp-json\/wp\/v2\/media\/7670"}],"wp:attachment":[{"href":"https:\/\/encompaniastj.org\/pt-pt\/wp-json\/wp\/v2\/media?parent=14112"}],"wp:term":[{"taxonomy":"category","embeddable":true,"href":"https:\/\/encompaniastj.org\/pt-pt\/wp-json\/wp\/v2\/categories?post=14112"},{"taxonomy":"post_tag","embeddable":true,"href":"https:\/\/encompaniastj.org\/pt-pt\/wp-json\/wp\/v2\/tags?post=14112"}],"curies":[{"name":"wp","href":"https:\/\/api.w.org\/{rel}","templated":true}]}}