{"id":14111,"date":"2021-01-09T18:22:58","date_gmt":"2021-01-09T17:22:58","guid":{"rendered":"https:\/\/encompaniastj.org\/religiosos-nos-bairros-populares-de-raval-e-ciutat-vella-novos-encontros-durante-a-pandemia\/"},"modified":"2025-10-14T09:03:52","modified_gmt":"2025-10-14T07:03:52","slug":"religiosos-nos-bairros-populares-de-raval-e-ciutat-vella-novos-encontros-durante-a-pandemia","status":"publish","type":"post","link":"https:\/\/encompaniastj.org\/pt-pt\/religiosos-nos-bairros-populares-de-raval-e-ciutat-vella-novos-encontros-durante-a-pandemia\/","title":{"rendered":"Religiosos nos bairros populares de Raval e Ciutat Vella: novos &#8220;Encontros&#8221; durante a pandemia"},"content":{"rendered":"\n<p>H\u00e1 mais de 30 anos que as comunidades de religiosos que vivem em\nRaval e Ciutat Vella se re\u00fanem todas as \u00faltimas sextas-feiras do m\u00eas num dos\napartamentos em que vive cada comunidade, aquele que serve de anfitri\u00e3o.<\/p>\n\n<p>A pandemia impediu-nos\nde o fazer, mas encontr\u00e1mos no \"Zoom\" uma forma de nos encontrarmos, em\nmenos por teleconfer\u00eancia.<\/p>\n\n<p>O encontro tem sempre\nestes dois elementos fundamentais: uma Eucaristia muito participativa\n\u00e0 volta de uma mesa, no ch\u00e3o do local onde nos encontramos, onde\n\u00e9 explicada ou comentada de forma especial, com base no Evangelho ou nas duas leituras,\no que est\u00e1 a acontecer no bairro nesse momento. \nSegue-se o jantar, preparado pela comunidade de acolhimento.  <\/p>\n\n<p>\nUma s\u00e9rie de iniciativas interessantes no bairro, como Cintra ou Benallar, e a an\u00e1lise de situa\u00e7\u00f5es especiais que\nviveu, surgiram destes encontros, em\n, onde cada um exp\u00f5e as suas actividades.<\/p>\n\n<p>Na v\u00e9spera do Natal,\ntodos os anos, este encontro tem um car\u00e1cter muito especial. Normalmente preparamo-lo com<x id=\"gid_1\"><\/x>tempo, cada comunidade apresenta algo e, em comum, fazemos um pres\u00e9pio vivo,<x id=\"gid_2\"><\/x>uma representa\u00e7\u00e3o, um concurso, etc. Fazemos presentes uns para os outros, que s\u00e3o distribu\u00eddos\natrav\u00e9s de um jogo, e celebramos\njuntos, com um jantar, o nascimento de Jesus.  <\/p>\n\n<p>Este ano t\u00ednhamos de\nfaz\u00ea-lo de uma forma especial, e assim foi. Cada comunidade preparou algo que apresentar\u00edamos no Zoom\n.   <\/p>\n\n<p>A vida realmente\nmudou com a pandemia de uma forma muito especial. Mas pudemos sentir<x id=\"gid_1\"><\/x>a unidade que existe entre todas as comunidades deste bairro. Num ambiente de<x id=\"gid_2\"><\/x>simplicidade que nos aproxima da simplicidade infantil de que nos fala Jesus,<x id=\"gid_3\"><\/x>todos apareceram nas caixas do ecr\u00e3 com um s\u00edmbolo de Natal:<x id=\"gid_4\"><\/x>gorros de Pai Natal, toucados de pastor, estrelas, enfeites de Natal, etc. N\u00e3o faltaram\nc\u00e2nticos de Natal e anedotas\nsobre o que cada uma das comunidades\nreunidas em linha tinha vivido durante as festas de Natal.    <\/p>\n","protected":false},"excerpt":{"rendered":"<p>H\u00e1 mais de 30 anos que as comunidades de religiosos que vivem em Raval e Ciutat Vella se re\u00fanem todas as \u00faltimas sextas-feiras do m\u00eas num dos apartamentos em que [&hellip;]<\/p>\n","protected":false},"author":1,"featured_media":7627,"comment_status":"open","ping_status":"open","sticky":false,"template":"","format":"standard","meta":{"_acf_changed":false,"footnotes":""},"categories":[61,62],"tags":[],"class_list":["post-14111","post","type-post","status-publish","format-standard","has-post-thumbnail","hentry","category-noticias","category-otras"],"acf":[],"yoast_head":"<!-- This site is optimized with the Yoast SEO plugin v27.5 - https:\/\/yoast.com\/product\/yoast-seo-wordpress\/ -->\n<title>Religiosos nos bairros populares de Raval e Ciutat Vella: novos &quot;Encontros&quot; durante a pandemia - En Compa\u00f1\u00eda STJ<\/title>\n<meta name=\"robots\" content=\"index, follow, max-snippet:-1, max-image-preview:large, max-video-preview:-1\" \/>\n<link rel=\"canonical\" href=\"https:\/\/encompaniastj.org\/pt-pt\/religiosos-nos-bairros-populares-de-raval-e-ciutat-vella-novos-encontros-durante-a-pandemia\/\" \/>\n<meta property=\"og:locale\" content=\"pt_PT\" \/>\n<meta property=\"og:type\" content=\"article\" \/>\n<meta property=\"og:title\" content=\"Religiosos nos bairros populares de Raval e Ciutat Vella: novos &quot;Encontros&quot; durante a pandemia - En Compa\u00f1\u00eda STJ\" \/>\n<meta property=\"og:description\" content=\"H\u00e1 mais de 30 anos que as comunidades de religiosos que vivem em Raval e Ciutat Vella se re\u00fanem todas as \u00faltimas sextas-feiras do m\u00eas num dos apartamentos em que [&hellip;]\" \/>\n<meta property=\"og:url\" content=\"https:\/\/encompaniastj.org\/pt-pt\/religiosos-nos-bairros-populares-de-raval-e-ciutat-vella-novos-encontros-durante-a-pandemia\/\" \/>\n<meta property=\"og:site_name\" content=\"En Compa\u00f1\u00eda STJ\" \/>\n<meta property=\"article:published_time\" content=\"2021-01-09T17:22:58+00:00\" \/>\n<meta property=\"article:modified_time\" content=\"2025-10-14T07:03:52+00:00\" \/>\n<meta property=\"og:image\" content=\"https:\/\/encompaniastj.org\/wp-content\/uploads\/2025\/05\/raval2.jpg\" \/>\n\t<meta property=\"og:image:width\" content=\"444\" \/>\n\t<meta property=\"og:image:height\" content=\"201\" \/>\n\t<meta property=\"og:image:type\" content=\"image\/jpeg\" \/>\n<meta name=\"author\" content=\"admin\" \/>\n<meta name=\"twitter:card\" content=\"summary_large_image\" \/>\n<meta name=\"twitter:label1\" content=\"Escrito por\" \/>\n\t<meta name=\"twitter:data1\" content=\"admin\" \/>\n\t<meta name=\"twitter:label2\" content=\"Tempo estimado de leitura\" \/>\n\t<meta name=\"twitter:data2\" content=\"2 minutos\" \/>\n<script type=\"application\/ld+json\" class=\"yoast-schema-graph\">{\"@context\":\"https:\\\/\\\/schema.org\",\"@graph\":[{\"@type\":\"Article\",\"@id\":\"https:\\\/\\\/encompaniastj.org\\\/pt-pt\\\/religiosos-nos-bairros-populares-de-raval-e-ciutat-vella-novos-encontros-durante-a-pandemia\\\/#article\",\"isPartOf\":{\"@id\":\"https:\\\/\\\/encompaniastj.org\\\/pt-pt\\\/religiosos-nos-bairros-populares-de-raval-e-ciutat-vella-novos-encontros-durante-a-pandemia\\\/\"},\"author\":{\"name\":\"admin\",\"@id\":\"https:\\\/\\\/encompaniastj.org\\\/pt-pt\\\/#\\\/schema\\\/person\\\/520e7ecc314793d40091993c2a02b651\"},\"headline\":\"Religiosos nos bairros populares de Raval e Ciutat Vella: novos &#8220;Encontros&#8221; durante a pandemia\",\"datePublished\":\"2021-01-09T17:22:58+00:00\",\"dateModified\":\"2025-10-14T07:03:52+00:00\",\"mainEntityOfPage\":{\"@id\":\"https:\\\/\\\/encompaniastj.org\\\/pt-pt\\\/religiosos-nos-bairros-populares-de-raval-e-ciutat-vella-novos-encontros-durante-a-pandemia\\\/\"},\"wordCount\":342,\"commentCount\":0,\"publisher\":{\"@id\":\"https:\\\/\\\/encompaniastj.org\\\/pt-pt\\\/#organization\"},\"image\":{\"@id\":\"https:\\\/\\\/encompaniastj.org\\\/pt-pt\\\/religiosos-nos-bairros-populares-de-raval-e-ciutat-vella-novos-encontros-durante-a-pandemia\\\/#primaryimage\"},\"thumbnailUrl\":\"https:\\\/\\\/encompaniastj.org\\\/wp-content\\\/uploads\\\/2025\\\/05\\\/raval2.jpg\",\"articleSection\":[\"Noticias\",\"Otras\"],\"inLanguage\":\"pt-PT\",\"potentialAction\":[{\"@type\":\"CommentAction\",\"name\":\"Comment\",\"target\":[\"https:\\\/\\\/encompaniastj.org\\\/pt-pt\\\/religiosos-nos-bairros-populares-de-raval-e-ciutat-vella-novos-encontros-durante-a-pandemia\\\/#respond\"]}]},{\"@type\":\"WebPage\",\"@id\":\"https:\\\/\\\/encompaniastj.org\\\/pt-pt\\\/religiosos-nos-bairros-populares-de-raval-e-ciutat-vella-novos-encontros-durante-a-pandemia\\\/\",\"url\":\"https:\\\/\\\/encompaniastj.org\\\/pt-pt\\\/religiosos-nos-bairros-populares-de-raval-e-ciutat-vella-novos-encontros-durante-a-pandemia\\\/\",\"name\":\"Religiosos nos bairros populares de Raval e Ciutat Vella: novos \\\"Encontros\\\" durante a pandemia - En Compa\u00f1\u00eda STJ\",\"isPartOf\":{\"@id\":\"https:\\\/\\\/encompaniastj.org\\\/pt-pt\\\/#website\"},\"primaryImageOfPage\":{\"@id\":\"https:\\\/\\\/encompaniastj.org\\\/pt-pt\\\/religiosos-nos-bairros-populares-de-raval-e-ciutat-vella-novos-encontros-durante-a-pandemia\\\/#primaryimage\"},\"image\":{\"@id\":\"https:\\\/\\\/encompaniastj.org\\\/pt-pt\\\/religiosos-nos-bairros-populares-de-raval-e-ciutat-vella-novos-encontros-durante-a-pandemia\\\/#primaryimage\"},\"thumbnailUrl\":\"https:\\\/\\\/encompaniastj.org\\\/wp-content\\\/uploads\\\/2025\\\/05\\\/raval2.jpg\",\"datePublished\":\"2021-01-09T17:22:58+00:00\",\"dateModified\":\"2025-10-14T07:03:52+00:00\",\"breadcrumb\":{\"@id\":\"https:\\\/\\\/encompaniastj.org\\\/pt-pt\\\/religiosos-nos-bairros-populares-de-raval-e-ciutat-vella-novos-encontros-durante-a-pandemia\\\/#breadcrumb\"},\"inLanguage\":\"pt-PT\",\"potentialAction\":[{\"@type\":\"ReadAction\",\"target\":[\"https:\\\/\\\/encompaniastj.org\\\/pt-pt\\\/religiosos-nos-bairros-populares-de-raval-e-ciutat-vella-novos-encontros-durante-a-pandemia\\\/\"]}]},{\"@type\":\"ImageObject\",\"inLanguage\":\"pt-PT\",\"@id\":\"https:\\\/\\\/encompaniastj.org\\\/pt-pt\\\/religiosos-nos-bairros-populares-de-raval-e-ciutat-vella-novos-encontros-durante-a-pandemia\\\/#primaryimage\",\"url\":\"https:\\\/\\\/encompaniastj.org\\\/wp-content\\\/uploads\\\/2025\\\/05\\\/raval2.jpg\",\"contentUrl\":\"https:\\\/\\\/encompaniastj.org\\\/wp-content\\\/uploads\\\/2025\\\/05\\\/raval2.jpg\",\"width\":444,\"height\":201},{\"@type\":\"BreadcrumbList\",\"@id\":\"https:\\\/\\\/encompaniastj.org\\\/pt-pt\\\/religiosos-nos-bairros-populares-de-raval-e-ciutat-vella-novos-encontros-durante-a-pandemia\\\/#breadcrumb\",\"itemListElement\":[{\"@type\":\"ListItem\",\"position\":1,\"name\":\"Portada\",\"item\":\"https:\\\/\\\/encompaniastj.org\\\/pt-pt\\\/\"},{\"@type\":\"ListItem\",\"position\":2,\"name\":\"Religiosos nos bairros populares de Raval e Ciutat Vella: novos \u00abEncontros\u00bb durante a pandemia\"}]},{\"@type\":\"WebSite\",\"@id\":\"https:\\\/\\\/encompaniastj.org\\\/pt-pt\\\/#website\",\"url\":\"https:\\\/\\\/encompaniastj.org\\\/pt-pt\\\/\",\"name\":\"En Compa\u00f1\u00eda STJ\",\"description\":\"Bolet\u00edn de la Compa\u00f1\u00eda de Santa Teresa de Jes\u00fas\",\"publisher\":{\"@id\":\"https:\\\/\\\/encompaniastj.org\\\/pt-pt\\\/#organization\"},\"potentialAction\":[{\"@type\":\"SearchAction\",\"target\":{\"@type\":\"EntryPoint\",\"urlTemplate\":\"https:\\\/\\\/encompaniastj.org\\\/pt-pt\\\/?s={search_term_string}\"},\"query-input\":{\"@type\":\"PropertyValueSpecification\",\"valueRequired\":true,\"valueName\":\"search_term_string\"}}],\"inLanguage\":\"pt-PT\"},{\"@type\":\"Organization\",\"@id\":\"https:\\\/\\\/encompaniastj.org\\\/pt-pt\\\/#organization\",\"name\":\"Compa\u00f1\u00eda de Santa Teresa de Jes\u00fas\",\"url\":\"https:\\\/\\\/encompaniastj.org\\\/pt-pt\\\/\",\"logo\":{\"@type\":\"ImageObject\",\"inLanguage\":\"pt-PT\",\"@id\":\"https:\\\/\\\/encompaniastj.org\\\/pt-pt\\\/#\\\/schema\\\/logo\\\/image\\\/\",\"url\":\"https:\\\/\\\/encompaniastj.org\\\/wp-content\\\/uploads\\\/2025\\\/04\\\/logo_provincias02-1-3.png\",\"contentUrl\":\"https:\\\/\\\/encompaniastj.org\\\/wp-content\\\/uploads\\\/2025\\\/04\\\/logo_provincias02-1-3.png\",\"width\":2368,\"height\":825,\"caption\":\"Compa\u00f1\u00eda de Santa Teresa de Jes\u00fas\"},\"image\":{\"@id\":\"https:\\\/\\\/encompaniastj.org\\\/pt-pt\\\/#\\\/schema\\\/logo\\\/image\\\/\"}},{\"@type\":\"Person\",\"@id\":\"https:\\\/\\\/encompaniastj.org\\\/pt-pt\\\/#\\\/schema\\\/person\\\/520e7ecc314793d40091993c2a02b651\",\"name\":\"admin\",\"image\":{\"@type\":\"ImageObject\",\"inLanguage\":\"pt-PT\",\"@id\":\"https:\\\/\\\/secure.gravatar.com\\\/avatar\\\/948b492cce32b586ac2db0eaa926ee87024f7afe218d73b397ea5ddfc5f43ea1?s=96&d=mm&r=g\",\"url\":\"https:\\\/\\\/secure.gravatar.com\\\/avatar\\\/948b492cce32b586ac2db0eaa926ee87024f7afe218d73b397ea5ddfc5f43ea1?s=96&d=mm&r=g\",\"contentUrl\":\"https:\\\/\\\/secure.gravatar.com\\\/avatar\\\/948b492cce32b586ac2db0eaa926ee87024f7afe218d73b397ea5ddfc5f43ea1?s=96&d=mm&r=g\",\"caption\":\"admin\"},\"sameAs\":[\"https:\\\/\\\/encompaniastj.org\"],\"url\":\"https:\\\/\\\/encompaniastj.org\\\/pt-pt\\\/author\\\/sjdigital\\\/\"}]}<\/script>\n<!-- \/ Yoast SEO plugin. -->","yoast_head_json":{"title":"Religiosos nos bairros populares de Raval e Ciutat Vella: novos \"Encontros\" durante a pandemia - En Compa\u00f1\u00eda STJ","robots":{"index":"index","follow":"follow","max-snippet":"max-snippet:-1","max-image-preview":"max-image-preview:large","max-video-preview":"max-video-preview:-1"},"canonical":"https:\/\/encompaniastj.org\/pt-pt\/religiosos-nos-bairros-populares-de-raval-e-ciutat-vella-novos-encontros-durante-a-pandemia\/","og_locale":"pt_PT","og_type":"article","og_title":"Religiosos nos bairros populares de Raval e Ciutat Vella: novos \"Encontros\" durante a pandemia - En Compa\u00f1\u00eda STJ","og_description":"H\u00e1 mais de 30 anos que as comunidades de religiosos que vivem em Raval e Ciutat Vella se re\u00fanem todas as \u00faltimas sextas-feiras do m\u00eas num dos apartamentos em que [&hellip;]","og_url":"https:\/\/encompaniastj.org\/pt-pt\/religiosos-nos-bairros-populares-de-raval-e-ciutat-vella-novos-encontros-durante-a-pandemia\/","og_site_name":"En Compa\u00f1\u00eda STJ","article_published_time":"2021-01-09T17:22:58+00:00","article_modified_time":"2025-10-14T07:03:52+00:00","og_image":[{"width":444,"height":201,"url":"https:\/\/encompaniastj.org\/wp-content\/uploads\/2025\/05\/raval2.jpg","type":"image\/jpeg"}],"author":"admin","twitter_card":"summary_large_image","twitter_misc":{"Escrito por":"admin","Tempo estimado de leitura":"2 minutos"},"schema":{"@context":"https:\/\/schema.org","@graph":[{"@type":"Article","@id":"https:\/\/encompaniastj.org\/pt-pt\/religiosos-nos-bairros-populares-de-raval-e-ciutat-vella-novos-encontros-durante-a-pandemia\/#article","isPartOf":{"@id":"https:\/\/encompaniastj.org\/pt-pt\/religiosos-nos-bairros-populares-de-raval-e-ciutat-vella-novos-encontros-durante-a-pandemia\/"},"author":{"name":"admin","@id":"https:\/\/encompaniastj.org\/pt-pt\/#\/schema\/person\/520e7ecc314793d40091993c2a02b651"},"headline":"Religiosos nos bairros populares de Raval e Ciutat Vella: novos &#8220;Encontros&#8221; durante a pandemia","datePublished":"2021-01-09T17:22:58+00:00","dateModified":"2025-10-14T07:03:52+00:00","mainEntityOfPage":{"@id":"https:\/\/encompaniastj.org\/pt-pt\/religiosos-nos-bairros-populares-de-raval-e-ciutat-vella-novos-encontros-durante-a-pandemia\/"},"wordCount":342,"commentCount":0,"publisher":{"@id":"https:\/\/encompaniastj.org\/pt-pt\/#organization"},"image":{"@id":"https:\/\/encompaniastj.org\/pt-pt\/religiosos-nos-bairros-populares-de-raval-e-ciutat-vella-novos-encontros-durante-a-pandemia\/#primaryimage"},"thumbnailUrl":"https:\/\/encompaniastj.org\/wp-content\/uploads\/2025\/05\/raval2.jpg","articleSection":["Noticias","Otras"],"inLanguage":"pt-PT","potentialAction":[{"@type":"CommentAction","name":"Comment","target":["https:\/\/encompaniastj.org\/pt-pt\/religiosos-nos-bairros-populares-de-raval-e-ciutat-vella-novos-encontros-durante-a-pandemia\/#respond"]}]},{"@type":"WebPage","@id":"https:\/\/encompaniastj.org\/pt-pt\/religiosos-nos-bairros-populares-de-raval-e-ciutat-vella-novos-encontros-durante-a-pandemia\/","url":"https:\/\/encompaniastj.org\/pt-pt\/religiosos-nos-bairros-populares-de-raval-e-ciutat-vella-novos-encontros-durante-a-pandemia\/","name":"Religiosos nos bairros populares de Raval e Ciutat Vella: novos \"Encontros\" durante a pandemia - En Compa\u00f1\u00eda STJ","isPartOf":{"@id":"https:\/\/encompaniastj.org\/pt-pt\/#website"},"primaryImageOfPage":{"@id":"https:\/\/encompaniastj.org\/pt-pt\/religiosos-nos-bairros-populares-de-raval-e-ciutat-vella-novos-encontros-durante-a-pandemia\/#primaryimage"},"image":{"@id":"https:\/\/encompaniastj.org\/pt-pt\/religiosos-nos-bairros-populares-de-raval-e-ciutat-vella-novos-encontros-durante-a-pandemia\/#primaryimage"},"thumbnailUrl":"https:\/\/encompaniastj.org\/wp-content\/uploads\/2025\/05\/raval2.jpg","datePublished":"2021-01-09T17:22:58+00:00","dateModified":"2025-10-14T07:03:52+00:00","breadcrumb":{"@id":"https:\/\/encompaniastj.org\/pt-pt\/religiosos-nos-bairros-populares-de-raval-e-ciutat-vella-novos-encontros-durante-a-pandemia\/#breadcrumb"},"inLanguage":"pt-PT","potentialAction":[{"@type":"ReadAction","target":["https:\/\/encompaniastj.org\/pt-pt\/religiosos-nos-bairros-populares-de-raval-e-ciutat-vella-novos-encontros-durante-a-pandemia\/"]}]},{"@type":"ImageObject","inLanguage":"pt-PT","@id":"https:\/\/encompaniastj.org\/pt-pt\/religiosos-nos-bairros-populares-de-raval-e-ciutat-vella-novos-encontros-durante-a-pandemia\/#primaryimage","url":"https:\/\/encompaniastj.org\/wp-content\/uploads\/2025\/05\/raval2.jpg","contentUrl":"https:\/\/encompaniastj.org\/wp-content\/uploads\/2025\/05\/raval2.jpg","width":444,"height":201},{"@type":"BreadcrumbList","@id":"https:\/\/encompaniastj.org\/pt-pt\/religiosos-nos-bairros-populares-de-raval-e-ciutat-vella-novos-encontros-durante-a-pandemia\/#breadcrumb","itemListElement":[{"@type":"ListItem","position":1,"name":"Portada","item":"https:\/\/encompaniastj.org\/pt-pt\/"},{"@type":"ListItem","position":2,"name":"Religiosos nos bairros populares de Raval e Ciutat Vella: novos \u00abEncontros\u00bb durante a pandemia"}]},{"@type":"WebSite","@id":"https:\/\/encompaniastj.org\/pt-pt\/#website","url":"https:\/\/encompaniastj.org\/pt-pt\/","name":"En Compa\u00f1\u00eda STJ","description":"Bolet\u00edn de la Compa\u00f1\u00eda de Santa Teresa de Jes\u00fas","publisher":{"@id":"https:\/\/encompaniastj.org\/pt-pt\/#organization"},"potentialAction":[{"@type":"SearchAction","target":{"@type":"EntryPoint","urlTemplate":"https:\/\/encompaniastj.org\/pt-pt\/?s={search_term_string}"},"query-input":{"@type":"PropertyValueSpecification","valueRequired":true,"valueName":"search_term_string"}}],"inLanguage":"pt-PT"},{"@type":"Organization","@id":"https:\/\/encompaniastj.org\/pt-pt\/#organization","name":"Compa\u00f1\u00eda de Santa Teresa de Jes\u00fas","url":"https:\/\/encompaniastj.org\/pt-pt\/","logo":{"@type":"ImageObject","inLanguage":"pt-PT","@id":"https:\/\/encompaniastj.org\/pt-pt\/#\/schema\/logo\/image\/","url":"https:\/\/encompaniastj.org\/wp-content\/uploads\/2025\/04\/logo_provincias02-1-3.png","contentUrl":"https:\/\/encompaniastj.org\/wp-content\/uploads\/2025\/04\/logo_provincias02-1-3.png","width":2368,"height":825,"caption":"Compa\u00f1\u00eda de Santa Teresa de Jes\u00fas"},"image":{"@id":"https:\/\/encompaniastj.org\/pt-pt\/#\/schema\/logo\/image\/"}},{"@type":"Person","@id":"https:\/\/encompaniastj.org\/pt-pt\/#\/schema\/person\/520e7ecc314793d40091993c2a02b651","name":"admin","image":{"@type":"ImageObject","inLanguage":"pt-PT","@id":"https:\/\/secure.gravatar.com\/avatar\/948b492cce32b586ac2db0eaa926ee87024f7afe218d73b397ea5ddfc5f43ea1?s=96&d=mm&r=g","url":"https:\/\/secure.gravatar.com\/avatar\/948b492cce32b586ac2db0eaa926ee87024f7afe218d73b397ea5ddfc5f43ea1?s=96&d=mm&r=g","contentUrl":"https:\/\/secure.gravatar.com\/avatar\/948b492cce32b586ac2db0eaa926ee87024f7afe218d73b397ea5ddfc5f43ea1?s=96&d=mm&r=g","caption":"admin"},"sameAs":["https:\/\/encompaniastj.org"],"url":"https:\/\/encompaniastj.org\/pt-pt\/author\/sjdigital\/"}]}},"_links":{"self":[{"href":"https:\/\/encompaniastj.org\/pt-pt\/wp-json\/wp\/v2\/posts\/14111","targetHints":{"allow":["GET"]}}],"collection":[{"href":"https:\/\/encompaniastj.org\/pt-pt\/wp-json\/wp\/v2\/posts"}],"about":[{"href":"https:\/\/encompaniastj.org\/pt-pt\/wp-json\/wp\/v2\/types\/post"}],"author":[{"embeddable":true,"href":"https:\/\/encompaniastj.org\/pt-pt\/wp-json\/wp\/v2\/users\/1"}],"replies":[{"embeddable":true,"href":"https:\/\/encompaniastj.org\/pt-pt\/wp-json\/wp\/v2\/comments?post=14111"}],"version-history":[{"count":1,"href":"https:\/\/encompaniastj.org\/pt-pt\/wp-json\/wp\/v2\/posts\/14111\/revisions"}],"predecessor-version":[{"id":14113,"href":"https:\/\/encompaniastj.org\/pt-pt\/wp-json\/wp\/v2\/posts\/14111\/revisions\/14113"}],"wp:featuredmedia":[{"embeddable":true,"href":"https:\/\/encompaniastj.org\/pt-pt\/wp-json\/wp\/v2\/media\/7627"}],"wp:attachment":[{"href":"https:\/\/encompaniastj.org\/pt-pt\/wp-json\/wp\/v2\/media?parent=14111"}],"wp:term":[{"taxonomy":"category","embeddable":true,"href":"https:\/\/encompaniastj.org\/pt-pt\/wp-json\/wp\/v2\/categories?post=14111"},{"taxonomy":"post_tag","embeddable":true,"href":"https:\/\/encompaniastj.org\/pt-pt\/wp-json\/wp\/v2\/tags?post=14111"}],"curies":[{"name":"wp","href":"https:\/\/api.w.org\/{rel}","templated":true}]}}