{"id":14108,"date":"2021-02-23T07:04:35","date_gmt":"2021-02-23T06:04:35","guid":{"rendered":"https:\/\/encompaniastj.org\/pastoral-vocacional-juvenil-teresiana\/"},"modified":"2025-10-14T09:03:52","modified_gmt":"2025-10-14T07:03:52","slug":"pastoral-vocacional-juvenil-teresiana","status":"publish","type":"post","link":"https:\/\/encompaniastj.org\/pt-pt\/pastoral-vocacional-juvenil-teresiana\/","title":{"rendered":"Pastoral Vocacional Juvenil Teresiana"},"content":{"rendered":"\n<p>Querida fam\u00edlia teresiana,  <\/p>\n\n<p>  \u00c9\naltura de nos apresentarmos! Somos o <strong>grupo da Pastoral Vocacional Juvenil Teresiana\nTeresiana (Pastoral Vocacional<\/strong> Juvenil <strong>Teresiana<\/strong> ) da Prov\u00edncia Teresiana da Europa, que iniciou o seu caminho\nh\u00e1 alguns meses.   <\/p>\n\n<p>  Como\ncada equipa que nasce, somos acompanhados por muitos <strong>DESEJOS<\/strong> (grandes desejos, \"para\nque as obras tamb\u00e9m sejam grandes\"), <strong>PERGUNTAS<\/strong> que nos levam a procurar outros com\n, e a firme <strong>CONVIC\u00c7\u00c3O<\/strong> de que <strong>\"A JUVENTUDE \u00c9 A<\/strong> <strong>FOR\u00c7A\n<\/strong> RENOVAR <strong>O CARISMA\"<\/strong><a href=\"#_ftn1\">[1]<\/a>.\n<\/p>\n\n<p>  Sabemos\nque a miss\u00e3o que partilhamos \u00e9 apaixonante e urgente. Que bom se, como\nfruto desta busca, encontrarmos o que melhor ajuda, melhor acompanha,\nmais motiva... os jovens na busca do <strong>sonho de Deus para as suas vidas<\/strong>,\nno <strong>conhecimento de Jesus<\/strong> e no <strong>compromisso com o Evangelho<\/strong>,\ndo nosso carisma! Que dom poder faz\u00ea-lo juntos, com a riqueza que<x id=\"gid_8\"><\/x>traz a cada um de n\u00f3s! Tudo nos convida a acreditar, a confiar e a celebrar esta sede que\nnos guia.     <\/p>\n\n<p>  N\u00f3s\napresent\u00e1mo-nos:<\/p>\n\n<ul class=\"wp-block-list\"><li><strong>CRISTINA MOLINA<\/strong>. Estudante universit\u00e1ria e\nex-aluna do col\u00e9gio Jes\u00fas Maestro de Madrid. Comprometida, sem pensar, com\nqualquer projeto que implique ajudar os outros e transformar a sociedade.\nPublicit\u00e1ria, criativa, com vontade de difundir o carisma teresiano a todos os\njovens que fazem parte ou querem fazer parte desta maravilhosa comunidade.  <\/li><li><strong>DIEGO MART\u00cdN<\/strong>. Estudante da USAL e de\nCOSCYL e ex-aluno do col\u00e9gio Santa Teresa de Jes\u00fas de Salamanca.\nDeterminado e empenhado em conseguir um mundo melhor e em transformar a sociedade.\nHerdeiro e educado nos valores de Teresa de Jes\u00fas e entusiasmado por continuar\na difundir este entusiasmo a todos os jovens. <\/li><li><strong>RITA MALPIQUE<\/strong>. Antiga aluna da escola<x id=\"gid_1\"><\/x>Elvas e eterna teresiana. Trabalho na Embaixada da Argentina, mas sinto-me<x id=\"gid_2\"><\/x>uma cidad\u00e3 do mundo. Vivo com o desejo de ser ap\u00f3stolo no meu pr\u00f3prio ambiente.\nTento todos os dias dar o melhor de mim e viver a minha f\u00e9 em comunidade.   <\/li><li><strong>EVA CAZALLA<\/strong>. Educadora teresiana no col\u00e9gio<x id=\"gid_1\"><\/x>Santa Teresa de Jes\u00fas em Salamanca. Apaixonada por rEvoluir a educa\u00e7\u00e3o<x id=\"gid_2\"><\/x>atrav\u00e9s de projectos que empoderam os estudantes e os convertem em transformadores sociais<x id=\"gid_3\"><\/x>. Sinto-me chamada a acompanhar os jovens pela\nm\u00e3o de Teresa de Jesus e, com eles, aprender a pensar, sentir e amar como\nJesus.   <\/li><li><strong>PEPI GARC\u00cdA STJ.<\/strong> Teresiana que quer seguir Jesus em\ncomunidade. Agradecida por partilhar o caminho com irm\u00e3s e leigos que acreditam<x id=\"gid_2\"><\/x>na for\u00e7a transformadora e humanizadora da educa\u00e7\u00e3o teresiana. Confiante em\no dom que s\u00e3o os jovens para tornar realidade outro mundo poss\u00edvel.  <\/li><li><strong>MAUGE\nARANDA STJ<\/strong>. Teresiana. Platonicamente apaixonada por Teresa de Jesus.<x id=\"gid_2\"><\/x>Sorte<x id=\"gid_3\"><\/x>de viver como educadora no col\u00e9gio Enrique de Oss\u00f3 em Telde (Gran<x id=\"gid_4\"><\/x>Canaria). Interessa-me e vibro com a espiritualidade, as migra\u00e7\u00f5es e os direitos humanos, a literatura...\n. Considero-me aprendiz de um projeto apaixonante\n: a m\u00edstica da educa\u00e7\u00e3o teresiana.    <\/li><\/ul>\n\n<p>Contamos ainda com uma <strong>equipa de liaisons<\/strong>\nque promovem o WYVLP a n\u00edvel local. Contamos tamb\u00e9m com todos v\u00f3s, de onde quer que\nestejas: com as tuas ora\u00e7\u00f5es e o teu apoio.   <\/p>\n\n<p>Aqui estamos n\u00f3s, hoje de forma virtual, com um grande abra\u00e7o\nque chega a cada um de v\u00f3s.<\/p>\n\n<p>Cristina,\nRita, Diego, Eva, Pepi stj e Mauge stj<br\/><\/p>\n\n<figure class=\"wp-block-image\"><img decoding=\"async\" src=\"https:\/\/encompaniastj.org\/wp-content\/uploads\/2025\/05\/WhatsApp-Image-2021-02-20-at-20.32.11.jpeg\" alt=\"\" class=\"wp-image-7528\"\/><\/figure>\n\n<hr class=\"wp-block-separator\"\/>\n\n<p><a href=\"#_ftnref1\">[1]<\/a> Documento conclusivo da CIT JLWP, 2015.<\/p>\n","protected":false},"excerpt":{"rendered":"<p>Querida fam\u00edlia teresiana, \u00c9 altura de nos apresentarmos! Somos o grupo da Pastoral Vocacional Juvenil Teresiana Teresiana (Pastoral Vocacional Juvenil Teresiana ) da Prov\u00edncia Teresiana da Europa, que iniciou o [&hellip;]<\/p>\n","protected":false},"author":1,"featured_media":7672,"comment_status":"open","ping_status":"open","sticky":false,"template":"","format":"standard","meta":{"_acf_changed":false,"footnotes":""},"categories":[61,64],"tags":[],"class_list":["post-14108","post","type-post","status-publish","format-standard","has-post-thumbnail","hentry","category-noticias","category-pjvt"],"acf":[],"yoast_head":"<!-- This site is optimized with the Yoast SEO plugin v27.5 - https:\/\/yoast.com\/product\/yoast-seo-wordpress\/ -->\n<title>Pastoral Vocacional Juvenil Teresiana - En Compa\u00f1\u00eda STJ<\/title>\n<meta name=\"robots\" content=\"index, follow, max-snippet:-1, max-image-preview:large, max-video-preview:-1\" \/>\n<link rel=\"canonical\" href=\"https:\/\/encompaniastj.org\/pt-pt\/pastoral-vocacional-juvenil-teresiana\/\" \/>\n<meta property=\"og:locale\" content=\"pt_PT\" \/>\n<meta property=\"og:type\" content=\"article\" \/>\n<meta property=\"og:title\" content=\"Pastoral Vocacional Juvenil Teresiana - En Compa\u00f1\u00eda STJ\" \/>\n<meta property=\"og:description\" content=\"Querida fam\u00edlia teresiana, \u00c9 altura de nos apresentarmos! Somos o grupo da Pastoral Vocacional Juvenil Teresiana Teresiana (Pastoral Vocacional Juvenil Teresiana ) da Prov\u00edncia Teresiana da Europa, que iniciou o [&hellip;]\" \/>\n<meta property=\"og:url\" content=\"https:\/\/encompaniastj.org\/pt-pt\/pastoral-vocacional-juvenil-teresiana\/\" \/>\n<meta property=\"og:site_name\" content=\"En Compa\u00f1\u00eda STJ\" \/>\n<meta property=\"article:published_time\" content=\"2021-02-23T06:04:35+00:00\" \/>\n<meta property=\"article:modified_time\" content=\"2025-10-14T07:03:52+00:00\" \/>\n<meta property=\"og:image\" content=\"https:\/\/encompaniastj.org\/wp-content\/uploads\/2025\/05\/WhatsApp-Image-2021-02-20-at-20.32.11.jpeg\" \/>\n\t<meta property=\"og:image:width\" content=\"1024\" \/>\n\t<meta property=\"og:image:height\" content=\"1024\" \/>\n\t<meta property=\"og:image:type\" content=\"image\/jpeg\" \/>\n<meta name=\"author\" content=\"admin\" \/>\n<meta name=\"twitter:card\" content=\"summary_large_image\" \/>\n<meta name=\"twitter:label1\" content=\"Escrito por\" \/>\n\t<meta name=\"twitter:data1\" content=\"admin\" \/>\n\t<meta name=\"twitter:label2\" content=\"Tempo estimado de leitura\" \/>\n\t<meta name=\"twitter:data2\" content=\"3 minutos\" \/>\n<script type=\"application\/ld+json\" class=\"yoast-schema-graph\">{\"@context\":\"https:\\\/\\\/schema.org\",\"@graph\":[{\"@type\":\"Article\",\"@id\":\"https:\\\/\\\/encompaniastj.org\\\/pt-pt\\\/pastoral-vocacional-juvenil-teresiana\\\/#article\",\"isPartOf\":{\"@id\":\"https:\\\/\\\/encompaniastj.org\\\/pt-pt\\\/pastoral-vocacional-juvenil-teresiana\\\/\"},\"author\":{\"name\":\"admin\",\"@id\":\"https:\\\/\\\/encompaniastj.org\\\/pt-pt\\\/#\\\/schema\\\/person\\\/520e7ecc314793d40091993c2a02b651\"},\"headline\":\"Pastoral Vocacional Juvenil Teresiana\",\"datePublished\":\"2021-02-23T06:04:35+00:00\",\"dateModified\":\"2025-10-14T07:03:52+00:00\",\"mainEntityOfPage\":{\"@id\":\"https:\\\/\\\/encompaniastj.org\\\/pt-pt\\\/pastoral-vocacional-juvenil-teresiana\\\/\"},\"wordCount\":560,\"commentCount\":0,\"publisher\":{\"@id\":\"https:\\\/\\\/encompaniastj.org\\\/pt-pt\\\/#organization\"},\"image\":{\"@id\":\"https:\\\/\\\/encompaniastj.org\\\/pt-pt\\\/pastoral-vocacional-juvenil-teresiana\\\/#primaryimage\"},\"thumbnailUrl\":\"https:\\\/\\\/encompaniastj.org\\\/wp-content\\\/uploads\\\/2025\\\/05\\\/WhatsApp-Image-2021-02-20-at-20.32.11.jpeg\",\"articleSection\":[\"Noticias\",\"PJVT\"],\"inLanguage\":\"pt-PT\",\"potentialAction\":[{\"@type\":\"CommentAction\",\"name\":\"Comment\",\"target\":[\"https:\\\/\\\/encompaniastj.org\\\/pt-pt\\\/pastoral-vocacional-juvenil-teresiana\\\/#respond\"]}]},{\"@type\":\"WebPage\",\"@id\":\"https:\\\/\\\/encompaniastj.org\\\/pt-pt\\\/pastoral-vocacional-juvenil-teresiana\\\/\",\"url\":\"https:\\\/\\\/encompaniastj.org\\\/pt-pt\\\/pastoral-vocacional-juvenil-teresiana\\\/\",\"name\":\"Pastoral Vocacional Juvenil Teresiana - En Compa\u00f1\u00eda STJ\",\"isPartOf\":{\"@id\":\"https:\\\/\\\/encompaniastj.org\\\/pt-pt\\\/#website\"},\"primaryImageOfPage\":{\"@id\":\"https:\\\/\\\/encompaniastj.org\\\/pt-pt\\\/pastoral-vocacional-juvenil-teresiana\\\/#primaryimage\"},\"image\":{\"@id\":\"https:\\\/\\\/encompaniastj.org\\\/pt-pt\\\/pastoral-vocacional-juvenil-teresiana\\\/#primaryimage\"},\"thumbnailUrl\":\"https:\\\/\\\/encompaniastj.org\\\/wp-content\\\/uploads\\\/2025\\\/05\\\/WhatsApp-Image-2021-02-20-at-20.32.11.jpeg\",\"datePublished\":\"2021-02-23T06:04:35+00:00\",\"dateModified\":\"2025-10-14T07:03:52+00:00\",\"breadcrumb\":{\"@id\":\"https:\\\/\\\/encompaniastj.org\\\/pt-pt\\\/pastoral-vocacional-juvenil-teresiana\\\/#breadcrumb\"},\"inLanguage\":\"pt-PT\",\"potentialAction\":[{\"@type\":\"ReadAction\",\"target\":[\"https:\\\/\\\/encompaniastj.org\\\/pt-pt\\\/pastoral-vocacional-juvenil-teresiana\\\/\"]}]},{\"@type\":\"ImageObject\",\"inLanguage\":\"pt-PT\",\"@id\":\"https:\\\/\\\/encompaniastj.org\\\/pt-pt\\\/pastoral-vocacional-juvenil-teresiana\\\/#primaryimage\",\"url\":\"https:\\\/\\\/encompaniastj.org\\\/wp-content\\\/uploads\\\/2025\\\/05\\\/WhatsApp-Image-2021-02-20-at-20.32.11.jpeg\",\"contentUrl\":\"https:\\\/\\\/encompaniastj.org\\\/wp-content\\\/uploads\\\/2025\\\/05\\\/WhatsApp-Image-2021-02-20-at-20.32.11.jpeg\",\"width\":1024,\"height\":1024},{\"@type\":\"BreadcrumbList\",\"@id\":\"https:\\\/\\\/encompaniastj.org\\\/pt-pt\\\/pastoral-vocacional-juvenil-teresiana\\\/#breadcrumb\",\"itemListElement\":[{\"@type\":\"ListItem\",\"position\":1,\"name\":\"Portada\",\"item\":\"https:\\\/\\\/encompaniastj.org\\\/pt-pt\\\/\"},{\"@type\":\"ListItem\",\"position\":2,\"name\":\"Pastoral Vocacional Juvenil Teresiana\"}]},{\"@type\":\"WebSite\",\"@id\":\"https:\\\/\\\/encompaniastj.org\\\/pt-pt\\\/#website\",\"url\":\"https:\\\/\\\/encompaniastj.org\\\/pt-pt\\\/\",\"name\":\"En Compa\u00f1\u00eda STJ\",\"description\":\"Bolet\u00edn de la Compa\u00f1\u00eda de Santa Teresa de Jes\u00fas\",\"publisher\":{\"@id\":\"https:\\\/\\\/encompaniastj.org\\\/pt-pt\\\/#organization\"},\"potentialAction\":[{\"@type\":\"SearchAction\",\"target\":{\"@type\":\"EntryPoint\",\"urlTemplate\":\"https:\\\/\\\/encompaniastj.org\\\/pt-pt\\\/?s={search_term_string}\"},\"query-input\":{\"@type\":\"PropertyValueSpecification\",\"valueRequired\":true,\"valueName\":\"search_term_string\"}}],\"inLanguage\":\"pt-PT\"},{\"@type\":\"Organization\",\"@id\":\"https:\\\/\\\/encompaniastj.org\\\/pt-pt\\\/#organization\",\"name\":\"Compa\u00f1\u00eda de Santa Teresa de Jes\u00fas\",\"url\":\"https:\\\/\\\/encompaniastj.org\\\/pt-pt\\\/\",\"logo\":{\"@type\":\"ImageObject\",\"inLanguage\":\"pt-PT\",\"@id\":\"https:\\\/\\\/encompaniastj.org\\\/pt-pt\\\/#\\\/schema\\\/logo\\\/image\\\/\",\"url\":\"https:\\\/\\\/encompaniastj.org\\\/wp-content\\\/uploads\\\/2025\\\/04\\\/logo_provincias02-1-3.png\",\"contentUrl\":\"https:\\\/\\\/encompaniastj.org\\\/wp-content\\\/uploads\\\/2025\\\/04\\\/logo_provincias02-1-3.png\",\"width\":2368,\"height\":825,\"caption\":\"Compa\u00f1\u00eda de Santa Teresa de Jes\u00fas\"},\"image\":{\"@id\":\"https:\\\/\\\/encompaniastj.org\\\/pt-pt\\\/#\\\/schema\\\/logo\\\/image\\\/\"}},{\"@type\":\"Person\",\"@id\":\"https:\\\/\\\/encompaniastj.org\\\/pt-pt\\\/#\\\/schema\\\/person\\\/520e7ecc314793d40091993c2a02b651\",\"name\":\"admin\",\"image\":{\"@type\":\"ImageObject\",\"inLanguage\":\"pt-PT\",\"@id\":\"https:\\\/\\\/secure.gravatar.com\\\/avatar\\\/948b492cce32b586ac2db0eaa926ee87024f7afe218d73b397ea5ddfc5f43ea1?s=96&d=mm&r=g\",\"url\":\"https:\\\/\\\/secure.gravatar.com\\\/avatar\\\/948b492cce32b586ac2db0eaa926ee87024f7afe218d73b397ea5ddfc5f43ea1?s=96&d=mm&r=g\",\"contentUrl\":\"https:\\\/\\\/secure.gravatar.com\\\/avatar\\\/948b492cce32b586ac2db0eaa926ee87024f7afe218d73b397ea5ddfc5f43ea1?s=96&d=mm&r=g\",\"caption\":\"admin\"},\"sameAs\":[\"https:\\\/\\\/encompaniastj.org\"],\"url\":\"https:\\\/\\\/encompaniastj.org\\\/pt-pt\\\/author\\\/sjdigital\\\/\"}]}<\/script>\n<!-- \/ Yoast SEO plugin. -->","yoast_head_json":{"title":"Pastoral Vocacional Juvenil Teresiana - En Compa\u00f1\u00eda STJ","robots":{"index":"index","follow":"follow","max-snippet":"max-snippet:-1","max-image-preview":"max-image-preview:large","max-video-preview":"max-video-preview:-1"},"canonical":"https:\/\/encompaniastj.org\/pt-pt\/pastoral-vocacional-juvenil-teresiana\/","og_locale":"pt_PT","og_type":"article","og_title":"Pastoral Vocacional Juvenil Teresiana - En Compa\u00f1\u00eda STJ","og_description":"Querida fam\u00edlia teresiana, \u00c9 altura de nos apresentarmos! Somos o grupo da Pastoral Vocacional Juvenil Teresiana Teresiana (Pastoral Vocacional Juvenil Teresiana ) da Prov\u00edncia Teresiana da Europa, que iniciou o [&hellip;]","og_url":"https:\/\/encompaniastj.org\/pt-pt\/pastoral-vocacional-juvenil-teresiana\/","og_site_name":"En Compa\u00f1\u00eda STJ","article_published_time":"2021-02-23T06:04:35+00:00","article_modified_time":"2025-10-14T07:03:52+00:00","og_image":[{"width":1024,"height":1024,"url":"https:\/\/encompaniastj.org\/wp-content\/uploads\/2025\/05\/WhatsApp-Image-2021-02-20-at-20.32.11.jpeg","type":"image\/jpeg"}],"author":"admin","twitter_card":"summary_large_image","twitter_misc":{"Escrito por":"admin","Tempo estimado de leitura":"3 minutos"},"schema":{"@context":"https:\/\/schema.org","@graph":[{"@type":"Article","@id":"https:\/\/encompaniastj.org\/pt-pt\/pastoral-vocacional-juvenil-teresiana\/#article","isPartOf":{"@id":"https:\/\/encompaniastj.org\/pt-pt\/pastoral-vocacional-juvenil-teresiana\/"},"author":{"name":"admin","@id":"https:\/\/encompaniastj.org\/pt-pt\/#\/schema\/person\/520e7ecc314793d40091993c2a02b651"},"headline":"Pastoral Vocacional Juvenil Teresiana","datePublished":"2021-02-23T06:04:35+00:00","dateModified":"2025-10-14T07:03:52+00:00","mainEntityOfPage":{"@id":"https:\/\/encompaniastj.org\/pt-pt\/pastoral-vocacional-juvenil-teresiana\/"},"wordCount":560,"commentCount":0,"publisher":{"@id":"https:\/\/encompaniastj.org\/pt-pt\/#organization"},"image":{"@id":"https:\/\/encompaniastj.org\/pt-pt\/pastoral-vocacional-juvenil-teresiana\/#primaryimage"},"thumbnailUrl":"https:\/\/encompaniastj.org\/wp-content\/uploads\/2025\/05\/WhatsApp-Image-2021-02-20-at-20.32.11.jpeg","articleSection":["Noticias","PJVT"],"inLanguage":"pt-PT","potentialAction":[{"@type":"CommentAction","name":"Comment","target":["https:\/\/encompaniastj.org\/pt-pt\/pastoral-vocacional-juvenil-teresiana\/#respond"]}]},{"@type":"WebPage","@id":"https:\/\/encompaniastj.org\/pt-pt\/pastoral-vocacional-juvenil-teresiana\/","url":"https:\/\/encompaniastj.org\/pt-pt\/pastoral-vocacional-juvenil-teresiana\/","name":"Pastoral Vocacional Juvenil Teresiana - En Compa\u00f1\u00eda STJ","isPartOf":{"@id":"https:\/\/encompaniastj.org\/pt-pt\/#website"},"primaryImageOfPage":{"@id":"https:\/\/encompaniastj.org\/pt-pt\/pastoral-vocacional-juvenil-teresiana\/#primaryimage"},"image":{"@id":"https:\/\/encompaniastj.org\/pt-pt\/pastoral-vocacional-juvenil-teresiana\/#primaryimage"},"thumbnailUrl":"https:\/\/encompaniastj.org\/wp-content\/uploads\/2025\/05\/WhatsApp-Image-2021-02-20-at-20.32.11.jpeg","datePublished":"2021-02-23T06:04:35+00:00","dateModified":"2025-10-14T07:03:52+00:00","breadcrumb":{"@id":"https:\/\/encompaniastj.org\/pt-pt\/pastoral-vocacional-juvenil-teresiana\/#breadcrumb"},"inLanguage":"pt-PT","potentialAction":[{"@type":"ReadAction","target":["https:\/\/encompaniastj.org\/pt-pt\/pastoral-vocacional-juvenil-teresiana\/"]}]},{"@type":"ImageObject","inLanguage":"pt-PT","@id":"https:\/\/encompaniastj.org\/pt-pt\/pastoral-vocacional-juvenil-teresiana\/#primaryimage","url":"https:\/\/encompaniastj.org\/wp-content\/uploads\/2025\/05\/WhatsApp-Image-2021-02-20-at-20.32.11.jpeg","contentUrl":"https:\/\/encompaniastj.org\/wp-content\/uploads\/2025\/05\/WhatsApp-Image-2021-02-20-at-20.32.11.jpeg","width":1024,"height":1024},{"@type":"BreadcrumbList","@id":"https:\/\/encompaniastj.org\/pt-pt\/pastoral-vocacional-juvenil-teresiana\/#breadcrumb","itemListElement":[{"@type":"ListItem","position":1,"name":"Portada","item":"https:\/\/encompaniastj.org\/pt-pt\/"},{"@type":"ListItem","position":2,"name":"Pastoral Vocacional Juvenil Teresiana"}]},{"@type":"WebSite","@id":"https:\/\/encompaniastj.org\/pt-pt\/#website","url":"https:\/\/encompaniastj.org\/pt-pt\/","name":"En Compa\u00f1\u00eda STJ","description":"Bolet\u00edn de la Compa\u00f1\u00eda de Santa Teresa de Jes\u00fas","publisher":{"@id":"https:\/\/encompaniastj.org\/pt-pt\/#organization"},"potentialAction":[{"@type":"SearchAction","target":{"@type":"EntryPoint","urlTemplate":"https:\/\/encompaniastj.org\/pt-pt\/?s={search_term_string}"},"query-input":{"@type":"PropertyValueSpecification","valueRequired":true,"valueName":"search_term_string"}}],"inLanguage":"pt-PT"},{"@type":"Organization","@id":"https:\/\/encompaniastj.org\/pt-pt\/#organization","name":"Compa\u00f1\u00eda de Santa Teresa de Jes\u00fas","url":"https:\/\/encompaniastj.org\/pt-pt\/","logo":{"@type":"ImageObject","inLanguage":"pt-PT","@id":"https:\/\/encompaniastj.org\/pt-pt\/#\/schema\/logo\/image\/","url":"https:\/\/encompaniastj.org\/wp-content\/uploads\/2025\/04\/logo_provincias02-1-3.png","contentUrl":"https:\/\/encompaniastj.org\/wp-content\/uploads\/2025\/04\/logo_provincias02-1-3.png","width":2368,"height":825,"caption":"Compa\u00f1\u00eda de Santa Teresa de Jes\u00fas"},"image":{"@id":"https:\/\/encompaniastj.org\/pt-pt\/#\/schema\/logo\/image\/"}},{"@type":"Person","@id":"https:\/\/encompaniastj.org\/pt-pt\/#\/schema\/person\/520e7ecc314793d40091993c2a02b651","name":"admin","image":{"@type":"ImageObject","inLanguage":"pt-PT","@id":"https:\/\/secure.gravatar.com\/avatar\/948b492cce32b586ac2db0eaa926ee87024f7afe218d73b397ea5ddfc5f43ea1?s=96&d=mm&r=g","url":"https:\/\/secure.gravatar.com\/avatar\/948b492cce32b586ac2db0eaa926ee87024f7afe218d73b397ea5ddfc5f43ea1?s=96&d=mm&r=g","contentUrl":"https:\/\/secure.gravatar.com\/avatar\/948b492cce32b586ac2db0eaa926ee87024f7afe218d73b397ea5ddfc5f43ea1?s=96&d=mm&r=g","caption":"admin"},"sameAs":["https:\/\/encompaniastj.org"],"url":"https:\/\/encompaniastj.org\/pt-pt\/author\/sjdigital\/"}]}},"_links":{"self":[{"href":"https:\/\/encompaniastj.org\/pt-pt\/wp-json\/wp\/v2\/posts\/14108","targetHints":{"allow":["GET"]}}],"collection":[{"href":"https:\/\/encompaniastj.org\/pt-pt\/wp-json\/wp\/v2\/posts"}],"about":[{"href":"https:\/\/encompaniastj.org\/pt-pt\/wp-json\/wp\/v2\/types\/post"}],"author":[{"embeddable":true,"href":"https:\/\/encompaniastj.org\/pt-pt\/wp-json\/wp\/v2\/users\/1"}],"replies":[{"embeddable":true,"href":"https:\/\/encompaniastj.org\/pt-pt\/wp-json\/wp\/v2\/comments?post=14108"}],"version-history":[{"count":1,"href":"https:\/\/encompaniastj.org\/pt-pt\/wp-json\/wp\/v2\/posts\/14108\/revisions"}],"predecessor-version":[{"id":14110,"href":"https:\/\/encompaniastj.org\/pt-pt\/wp-json\/wp\/v2\/posts\/14108\/revisions\/14110"}],"wp:featuredmedia":[{"embeddable":true,"href":"https:\/\/encompaniastj.org\/pt-pt\/wp-json\/wp\/v2\/media\/7672"}],"wp:attachment":[{"href":"https:\/\/encompaniastj.org\/pt-pt\/wp-json\/wp\/v2\/media?parent=14108"}],"wp:term":[{"taxonomy":"category","embeddable":true,"href":"https:\/\/encompaniastj.org\/pt-pt\/wp-json\/wp\/v2\/categories?post=14108"},{"taxonomy":"post_tag","embeddable":true,"href":"https:\/\/encompaniastj.org\/pt-pt\/wp-json\/wp\/v2\/tags?post=14108"}],"curies":[{"name":"wp","href":"https:\/\/api.w.org\/{rel}","templated":true}]}}