{"id":14099,"date":"2021-02-24T12:52:07","date_gmt":"2021-02-24T11:52:07","guid":{"rendered":"https:\/\/encompaniastj.org\/tu-por-outro-lado\/"},"modified":"2025-10-14T09:03:33","modified_gmt":"2025-10-14T07:03:33","slug":"tu-por-outro-lado","status":"publish","type":"post","link":"https:\/\/encompaniastj.org\/pt-pt\/tu-por-outro-lado\/","title":{"rendered":"TU, POR OUTRO LADO&#8230;"},"content":{"rendered":"\n<p>Recentemente, ouvimo-la repetidamente\nno in\u00edcio da Quaresma. Depois de ter observado a rotina e o vazio que\nacompanhavam algumas das ac\u00e7\u00f5es tradicionalmente prescritas pela lei, Jesus disse\naos seus disc\u00edpulos: <strong>\n  <em>tu, pelo contr\u00e1rio<\/em>\n<\/strong>... convidando-os a algo\nnovo: \u00e0 transpar\u00eancia e \u00e0 verdade, a agir n\u00e3o para serem vistos pelos outros e\npela apar\u00eancia, nem para dar a entender que faziam o que faziam... mas na verdade do cora\u00e7\u00e3o,\nem contacto consigo mesmos e diante de Deus, que <em>v\u00ea no que est\u00e1 escondido<\/em>. Jesus pediu-te uma escolha pessoal e uma mudan\u00e7a,\noutro caminho.  <\/p>\n\n<p>Isto\", diz Mateus no cap\u00edtulo 6\ndo seu Evangelho, \"\u00e9 o que Jesus disse <em>naquele\ntempo<\/em> e <em>aos seus disc\u00edpulos<\/em>. Hoje ou\u00e7o-o\n, diz-mo a mim, t\u00e3o diretamente como ontem: <strong>\n  <em>tu<\/em>\n<\/strong><em>... <\/em>E fala-me de mudan\u00e7a, de n\u00e3o permanecer o mesmo perante o que\nse torna sem ar e sem vida. <strong>\n  <em>Tu, por outro lado<\/em>\n<\/strong><em>... <\/em>Eu, mudan\u00e7a? <\/p>\n\n<p>Li recentemente um convite para deixarmos de esperar que tudo aconte\u00e7a,\npara deixarmos de esperar que esta situa\u00e7\u00e3o que vivemos com a pandemia e o confinamento mude\napenas esperando que morra e se desgaste: <em>na realidade, o que procuramos \u00e9 que tudo aconte\u00e7a para podermos \"continuar \u00e0 nossa maneira\"\no que n\u00e3o muda ou o que n\u00e3o sabemos mudar.... a pandemia conseguiu\ninstalar-se tamb\u00e9m nas nossas esperan\u00e7as e por isso n\u00e3o sabemos dizer se as coisas est\u00e3o\nmelhores... ou se estou apenas a habituar-me \u00e0 sobreviv\u00eancia... porque j\u00e1 n\u00e3o h\u00e1 espa\u00e7o\npara o futuro.<a href=\"#_ftn1\"><strong>[1]<\/strong><\/a>.<\/em><\/p>\n\n<p>\u00c9 evidente que nos \u00e9 pedida uma mudan\u00e7a que renove a vida e n\u00e3o\nnos empurre para uma rotina depressiva, ou para a espera est\u00e9ril do que n\u00e3o volta. E<x id=\"gid_1\"><\/x>\u00e9 tamb\u00e9m claro que para al\u00e9m de n\u00f3s, ou talvez muito perto de n\u00f3s, h\u00e1 um outro grande<x id=\"gid_2\"><\/x>grupo de pessoas a quem a mudan\u00e7a foi drasticamente imposta, a quem<x id=\"gid_3\"><\/x>a vida mudou sem que pud\u00e9ssemos escolher: pessoas sem trabalho, sem casa,<x id=\"gid_4\"><\/x>nas filas da fome, sem cuidados m\u00e9dicos, sem poderem oferecer aos seus filhos<x id=\"gid_5\"><\/x>as coisas mais necess\u00e1rias... Para todos n\u00f3s, de formas muito diferentes, o desafio<x id=\"gid_6\"><\/x>\u00e9-nos imposto para enfrentar uma nova realidade em que s\u00f3 podemos escolher \"o como\". O texto prossegue dizendo\n:    <em>Terminar,\ndeixar ir, mudar, tomar decis\u00f5es, abra\u00e7ar a vida, p\u00f4r-se a caminho, considerar\nconcluir o que n\u00e3o deve e n\u00e3o pode voltar. Envolve criatividade e, claro,\nf\u00e9. <\/em><\/p>\n\n<p>\nLembrar-nos-emos facilmente\ndaquela imagem, durante a \u00faltima tempestade de neve, de milhares de\ncamionistas bloqueados nas suas estradas... Ouvi um deles dizer com humor\nque eram <em>engenheiros<\/em>, e acrescentou que\ntinham de encontrar uma <em>forma de<\/em> viver durante aqueles dias, quase sem meios. Nesta\nmudan\u00e7a brusca e dif\u00edcil, os companheiros reconheceram-se e a solidariedade surgiu no meio da\nprecariedade. <\/p>\n\n<p><em>Uma vez que as circunst\u00e2ncias mudaram, a forma de se comportar tem de mudar<\/em>,\ndisse Enrique de Oss\u00f3 com uma criatividade insaci\u00e1vel, procurando novas respostas\npara novos problemas e sintomas de <em>um\nmundo que envelhece e de uma sociedade que pode ser curada, mas que tem uma camada de cinzas como\ne precisa de uma m\u00e3o para ati\u00e7ar o fogo que carrega\ndentro de si.<\/em> Hoje as circunst\u00e2ncias mudaram... que mudan\u00e7a de conduta, que\nnovo olhar est\u00e1 a tomar forma e que decis\u00f5es est\u00e3o a ser constru\u00eddas com os outros...?<\/p>\n\n<p><strong>\n  <em>Tu<\/em>\n<\/strong><em>... <\/em>eu?<\/p>\n\n<p><strong>\n  <em>Por outro lado<\/em>\n<\/strong><em>... <\/em>S\u00f3 podemos escolher o futuro hoje. \u00c9\nverdade que tamb\u00e9m o Evangelho est\u00e1 cheio de <em>se quiseres.<\/em> <br\/><\/p>\n\n<hr class=\"wp-block-separator\"\/>\n\n<p><a href=\"#_ftnref1\">[1]<\/a> L.A.\nGonzalo, editor da revista VR. fevereiro de 2021. NO. 2. Vol. 131.   <\/p>\n","protected":false},"excerpt":{"rendered":"<p>Recentemente, ouvimo-la repetidamente no in\u00edcio da Quaresma. Depois de ter observado a rotina e o vazio que acompanhavam algumas das ac\u00e7\u00f5es tradicionalmente prescritas pela lei, Jesus disse aos seus disc\u00edpulos: [&hellip;]<\/p>\n","protected":false},"author":1,"featured_media":7676,"comment_status":"open","ping_status":"open","sticky":false,"template":"","format":"standard","meta":{"_acf_changed":false,"footnotes":""},"categories":[61,77],"tags":[],"class_list":["post-14099","post","type-post","status-publish","format-standard","has-post-thumbnail","hentry","category-noticias","category-palabras"],"acf":[],"yoast_head":"<!-- This site is optimized with the Yoast SEO plugin v27.5 - https:\/\/yoast.com\/product\/yoast-seo-wordpress\/ -->\n<title>TU, POR OUTRO LADO... - En Compa\u00f1\u00eda STJ<\/title>\n<meta name=\"robots\" content=\"index, follow, max-snippet:-1, max-image-preview:large, max-video-preview:-1\" \/>\n<link rel=\"canonical\" href=\"https:\/\/encompaniastj.org\/pt-pt\/tu-por-outro-lado\/\" \/>\n<meta property=\"og:locale\" content=\"pt_PT\" \/>\n<meta property=\"og:type\" content=\"article\" \/>\n<meta property=\"og:title\" content=\"TU, POR OUTRO LADO... - En Compa\u00f1\u00eda STJ\" \/>\n<meta property=\"og:description\" content=\"Recentemente, ouvimo-la repetidamente no in\u00edcio da Quaresma. Depois de ter observado a rotina e o vazio que acompanhavam algumas das ac\u00e7\u00f5es tradicionalmente prescritas pela lei, Jesus disse aos seus disc\u00edpulos: [&hellip;]\" \/>\n<meta property=\"og:url\" content=\"https:\/\/encompaniastj.org\/pt-pt\/tu-por-outro-lado\/\" \/>\n<meta property=\"og:site_name\" content=\"En Compa\u00f1\u00eda STJ\" \/>\n<meta property=\"article:published_time\" content=\"2021-02-24T11:52:07+00:00\" \/>\n<meta property=\"article:modified_time\" content=\"2025-10-14T07:03:33+00:00\" \/>\n<meta property=\"og:image\" content=\"https:\/\/encompaniastj.org\/wp-content\/uploads\/2025\/05\/I-CANT-DO-IT-1.jpg\" \/>\n\t<meta property=\"og:image:width\" content=\"600\" \/>\n\t<meta property=\"og:image:height\" content=\"338\" \/>\n\t<meta property=\"og:image:type\" content=\"image\/jpeg\" \/>\n<meta name=\"author\" content=\"admin\" \/>\n<meta name=\"twitter:card\" content=\"summary_large_image\" \/>\n<meta name=\"twitter:label1\" content=\"Escrito por\" \/>\n\t<meta name=\"twitter:data1\" content=\"admin\" \/>\n\t<meta name=\"twitter:label2\" content=\"Tempo estimado de leitura\" \/>\n\t<meta name=\"twitter:data2\" content=\"3 minutos\" \/>\n<script type=\"application\/ld+json\" class=\"yoast-schema-graph\">{\"@context\":\"https:\\\/\\\/schema.org\",\"@graph\":[{\"@type\":\"Article\",\"@id\":\"https:\\\/\\\/encompaniastj.org\\\/pt-pt\\\/tu-por-outro-lado\\\/#article\",\"isPartOf\":{\"@id\":\"https:\\\/\\\/encompaniastj.org\\\/pt-pt\\\/tu-por-outro-lado\\\/\"},\"author\":{\"name\":\"admin\",\"@id\":\"https:\\\/\\\/encompaniastj.org\\\/pt-pt\\\/#\\\/schema\\\/person\\\/520e7ecc314793d40091993c2a02b651\"},\"headline\":\"TU, POR OUTRO LADO&#8230;\",\"datePublished\":\"2021-02-24T11:52:07+00:00\",\"dateModified\":\"2025-10-14T07:03:33+00:00\",\"mainEntityOfPage\":{\"@id\":\"https:\\\/\\\/encompaniastj.org\\\/pt-pt\\\/tu-por-outro-lado\\\/\"},\"wordCount\":617,\"commentCount\":0,\"publisher\":{\"@id\":\"https:\\\/\\\/encompaniastj.org\\\/pt-pt\\\/#organization\"},\"image\":{\"@id\":\"https:\\\/\\\/encompaniastj.org\\\/pt-pt\\\/tu-por-outro-lado\\\/#primaryimage\"},\"thumbnailUrl\":\"https:\\\/\\\/encompaniastj.org\\\/wp-content\\\/uploads\\\/2025\\\/05\\\/I-CANT-DO-IT-1.jpg\",\"articleSection\":[\"Noticias\",\"Palabras\"],\"inLanguage\":\"pt-PT\",\"potentialAction\":[{\"@type\":\"CommentAction\",\"name\":\"Comment\",\"target\":[\"https:\\\/\\\/encompaniastj.org\\\/pt-pt\\\/tu-por-outro-lado\\\/#respond\"]}]},{\"@type\":\"WebPage\",\"@id\":\"https:\\\/\\\/encompaniastj.org\\\/pt-pt\\\/tu-por-outro-lado\\\/\",\"url\":\"https:\\\/\\\/encompaniastj.org\\\/pt-pt\\\/tu-por-outro-lado\\\/\",\"name\":\"TU, POR OUTRO LADO... - En Compa\u00f1\u00eda STJ\",\"isPartOf\":{\"@id\":\"https:\\\/\\\/encompaniastj.org\\\/pt-pt\\\/#website\"},\"primaryImageOfPage\":{\"@id\":\"https:\\\/\\\/encompaniastj.org\\\/pt-pt\\\/tu-por-outro-lado\\\/#primaryimage\"},\"image\":{\"@id\":\"https:\\\/\\\/encompaniastj.org\\\/pt-pt\\\/tu-por-outro-lado\\\/#primaryimage\"},\"thumbnailUrl\":\"https:\\\/\\\/encompaniastj.org\\\/wp-content\\\/uploads\\\/2025\\\/05\\\/I-CANT-DO-IT-1.jpg\",\"datePublished\":\"2021-02-24T11:52:07+00:00\",\"dateModified\":\"2025-10-14T07:03:33+00:00\",\"breadcrumb\":{\"@id\":\"https:\\\/\\\/encompaniastj.org\\\/pt-pt\\\/tu-por-outro-lado\\\/#breadcrumb\"},\"inLanguage\":\"pt-PT\",\"potentialAction\":[{\"@type\":\"ReadAction\",\"target\":[\"https:\\\/\\\/encompaniastj.org\\\/pt-pt\\\/tu-por-outro-lado\\\/\"]}]},{\"@type\":\"ImageObject\",\"inLanguage\":\"pt-PT\",\"@id\":\"https:\\\/\\\/encompaniastj.org\\\/pt-pt\\\/tu-por-outro-lado\\\/#primaryimage\",\"url\":\"https:\\\/\\\/encompaniastj.org\\\/wp-content\\\/uploads\\\/2025\\\/05\\\/I-CANT-DO-IT-1.jpg\",\"contentUrl\":\"https:\\\/\\\/encompaniastj.org\\\/wp-content\\\/uploads\\\/2025\\\/05\\\/I-CANT-DO-IT-1.jpg\",\"width\":600,\"height\":338},{\"@type\":\"BreadcrumbList\",\"@id\":\"https:\\\/\\\/encompaniastj.org\\\/pt-pt\\\/tu-por-outro-lado\\\/#breadcrumb\",\"itemListElement\":[{\"@type\":\"ListItem\",\"position\":1,\"name\":\"Portada\",\"item\":\"https:\\\/\\\/encompaniastj.org\\\/pt-pt\\\/\"},{\"@type\":\"ListItem\",\"position\":2,\"name\":\"TU, POR OUTRO LADO&#8230;\"}]},{\"@type\":\"WebSite\",\"@id\":\"https:\\\/\\\/encompaniastj.org\\\/pt-pt\\\/#website\",\"url\":\"https:\\\/\\\/encompaniastj.org\\\/pt-pt\\\/\",\"name\":\"En Compa\u00f1\u00eda STJ\",\"description\":\"Bolet\u00edn de la Compa\u00f1\u00eda de Santa Teresa de Jes\u00fas\",\"publisher\":{\"@id\":\"https:\\\/\\\/encompaniastj.org\\\/pt-pt\\\/#organization\"},\"potentialAction\":[{\"@type\":\"SearchAction\",\"target\":{\"@type\":\"EntryPoint\",\"urlTemplate\":\"https:\\\/\\\/encompaniastj.org\\\/pt-pt\\\/?s={search_term_string}\"},\"query-input\":{\"@type\":\"PropertyValueSpecification\",\"valueRequired\":true,\"valueName\":\"search_term_string\"}}],\"inLanguage\":\"pt-PT\"},{\"@type\":\"Organization\",\"@id\":\"https:\\\/\\\/encompaniastj.org\\\/pt-pt\\\/#organization\",\"name\":\"Compa\u00f1\u00eda de Santa Teresa de Jes\u00fas\",\"url\":\"https:\\\/\\\/encompaniastj.org\\\/pt-pt\\\/\",\"logo\":{\"@type\":\"ImageObject\",\"inLanguage\":\"pt-PT\",\"@id\":\"https:\\\/\\\/encompaniastj.org\\\/pt-pt\\\/#\\\/schema\\\/logo\\\/image\\\/\",\"url\":\"https:\\\/\\\/encompaniastj.org\\\/wp-content\\\/uploads\\\/2025\\\/04\\\/logo_provincias02-1-3.png\",\"contentUrl\":\"https:\\\/\\\/encompaniastj.org\\\/wp-content\\\/uploads\\\/2025\\\/04\\\/logo_provincias02-1-3.png\",\"width\":2368,\"height\":825,\"caption\":\"Compa\u00f1\u00eda de Santa Teresa de Jes\u00fas\"},\"image\":{\"@id\":\"https:\\\/\\\/encompaniastj.org\\\/pt-pt\\\/#\\\/schema\\\/logo\\\/image\\\/\"}},{\"@type\":\"Person\",\"@id\":\"https:\\\/\\\/encompaniastj.org\\\/pt-pt\\\/#\\\/schema\\\/person\\\/520e7ecc314793d40091993c2a02b651\",\"name\":\"admin\",\"image\":{\"@type\":\"ImageObject\",\"inLanguage\":\"pt-PT\",\"@id\":\"https:\\\/\\\/secure.gravatar.com\\\/avatar\\\/948b492cce32b586ac2db0eaa926ee87024f7afe218d73b397ea5ddfc5f43ea1?s=96&d=mm&r=g\",\"url\":\"https:\\\/\\\/secure.gravatar.com\\\/avatar\\\/948b492cce32b586ac2db0eaa926ee87024f7afe218d73b397ea5ddfc5f43ea1?s=96&d=mm&r=g\",\"contentUrl\":\"https:\\\/\\\/secure.gravatar.com\\\/avatar\\\/948b492cce32b586ac2db0eaa926ee87024f7afe218d73b397ea5ddfc5f43ea1?s=96&d=mm&r=g\",\"caption\":\"admin\"},\"sameAs\":[\"https:\\\/\\\/encompaniastj.org\"],\"url\":\"https:\\\/\\\/encompaniastj.org\\\/pt-pt\\\/author\\\/sjdigital\\\/\"}]}<\/script>\n<!-- \/ Yoast SEO plugin. -->","yoast_head_json":{"title":"TU, POR OUTRO LADO... - En Compa\u00f1\u00eda STJ","robots":{"index":"index","follow":"follow","max-snippet":"max-snippet:-1","max-image-preview":"max-image-preview:large","max-video-preview":"max-video-preview:-1"},"canonical":"https:\/\/encompaniastj.org\/pt-pt\/tu-por-outro-lado\/","og_locale":"pt_PT","og_type":"article","og_title":"TU, POR OUTRO LADO... - En Compa\u00f1\u00eda STJ","og_description":"Recentemente, ouvimo-la repetidamente no in\u00edcio da Quaresma. Depois de ter observado a rotina e o vazio que acompanhavam algumas das ac\u00e7\u00f5es tradicionalmente prescritas pela lei, Jesus disse aos seus disc\u00edpulos: [&hellip;]","og_url":"https:\/\/encompaniastj.org\/pt-pt\/tu-por-outro-lado\/","og_site_name":"En Compa\u00f1\u00eda STJ","article_published_time":"2021-02-24T11:52:07+00:00","article_modified_time":"2025-10-14T07:03:33+00:00","og_image":[{"width":600,"height":338,"url":"https:\/\/encompaniastj.org\/wp-content\/uploads\/2025\/05\/I-CANT-DO-IT-1.jpg","type":"image\/jpeg"}],"author":"admin","twitter_card":"summary_large_image","twitter_misc":{"Escrito por":"admin","Tempo estimado de leitura":"3 minutos"},"schema":{"@context":"https:\/\/schema.org","@graph":[{"@type":"Article","@id":"https:\/\/encompaniastj.org\/pt-pt\/tu-por-outro-lado\/#article","isPartOf":{"@id":"https:\/\/encompaniastj.org\/pt-pt\/tu-por-outro-lado\/"},"author":{"name":"admin","@id":"https:\/\/encompaniastj.org\/pt-pt\/#\/schema\/person\/520e7ecc314793d40091993c2a02b651"},"headline":"TU, POR OUTRO LADO&#8230;","datePublished":"2021-02-24T11:52:07+00:00","dateModified":"2025-10-14T07:03:33+00:00","mainEntityOfPage":{"@id":"https:\/\/encompaniastj.org\/pt-pt\/tu-por-outro-lado\/"},"wordCount":617,"commentCount":0,"publisher":{"@id":"https:\/\/encompaniastj.org\/pt-pt\/#organization"},"image":{"@id":"https:\/\/encompaniastj.org\/pt-pt\/tu-por-outro-lado\/#primaryimage"},"thumbnailUrl":"https:\/\/encompaniastj.org\/wp-content\/uploads\/2025\/05\/I-CANT-DO-IT-1.jpg","articleSection":["Noticias","Palabras"],"inLanguage":"pt-PT","potentialAction":[{"@type":"CommentAction","name":"Comment","target":["https:\/\/encompaniastj.org\/pt-pt\/tu-por-outro-lado\/#respond"]}]},{"@type":"WebPage","@id":"https:\/\/encompaniastj.org\/pt-pt\/tu-por-outro-lado\/","url":"https:\/\/encompaniastj.org\/pt-pt\/tu-por-outro-lado\/","name":"TU, POR OUTRO LADO... - En Compa\u00f1\u00eda STJ","isPartOf":{"@id":"https:\/\/encompaniastj.org\/pt-pt\/#website"},"primaryImageOfPage":{"@id":"https:\/\/encompaniastj.org\/pt-pt\/tu-por-outro-lado\/#primaryimage"},"image":{"@id":"https:\/\/encompaniastj.org\/pt-pt\/tu-por-outro-lado\/#primaryimage"},"thumbnailUrl":"https:\/\/encompaniastj.org\/wp-content\/uploads\/2025\/05\/I-CANT-DO-IT-1.jpg","datePublished":"2021-02-24T11:52:07+00:00","dateModified":"2025-10-14T07:03:33+00:00","breadcrumb":{"@id":"https:\/\/encompaniastj.org\/pt-pt\/tu-por-outro-lado\/#breadcrumb"},"inLanguage":"pt-PT","potentialAction":[{"@type":"ReadAction","target":["https:\/\/encompaniastj.org\/pt-pt\/tu-por-outro-lado\/"]}]},{"@type":"ImageObject","inLanguage":"pt-PT","@id":"https:\/\/encompaniastj.org\/pt-pt\/tu-por-outro-lado\/#primaryimage","url":"https:\/\/encompaniastj.org\/wp-content\/uploads\/2025\/05\/I-CANT-DO-IT-1.jpg","contentUrl":"https:\/\/encompaniastj.org\/wp-content\/uploads\/2025\/05\/I-CANT-DO-IT-1.jpg","width":600,"height":338},{"@type":"BreadcrumbList","@id":"https:\/\/encompaniastj.org\/pt-pt\/tu-por-outro-lado\/#breadcrumb","itemListElement":[{"@type":"ListItem","position":1,"name":"Portada","item":"https:\/\/encompaniastj.org\/pt-pt\/"},{"@type":"ListItem","position":2,"name":"TU, POR OUTRO LADO&#8230;"}]},{"@type":"WebSite","@id":"https:\/\/encompaniastj.org\/pt-pt\/#website","url":"https:\/\/encompaniastj.org\/pt-pt\/","name":"En Compa\u00f1\u00eda STJ","description":"Bolet\u00edn de la Compa\u00f1\u00eda de Santa Teresa de Jes\u00fas","publisher":{"@id":"https:\/\/encompaniastj.org\/pt-pt\/#organization"},"potentialAction":[{"@type":"SearchAction","target":{"@type":"EntryPoint","urlTemplate":"https:\/\/encompaniastj.org\/pt-pt\/?s={search_term_string}"},"query-input":{"@type":"PropertyValueSpecification","valueRequired":true,"valueName":"search_term_string"}}],"inLanguage":"pt-PT"},{"@type":"Organization","@id":"https:\/\/encompaniastj.org\/pt-pt\/#organization","name":"Compa\u00f1\u00eda de Santa Teresa de Jes\u00fas","url":"https:\/\/encompaniastj.org\/pt-pt\/","logo":{"@type":"ImageObject","inLanguage":"pt-PT","@id":"https:\/\/encompaniastj.org\/pt-pt\/#\/schema\/logo\/image\/","url":"https:\/\/encompaniastj.org\/wp-content\/uploads\/2025\/04\/logo_provincias02-1-3.png","contentUrl":"https:\/\/encompaniastj.org\/wp-content\/uploads\/2025\/04\/logo_provincias02-1-3.png","width":2368,"height":825,"caption":"Compa\u00f1\u00eda de Santa Teresa de Jes\u00fas"},"image":{"@id":"https:\/\/encompaniastj.org\/pt-pt\/#\/schema\/logo\/image\/"}},{"@type":"Person","@id":"https:\/\/encompaniastj.org\/pt-pt\/#\/schema\/person\/520e7ecc314793d40091993c2a02b651","name":"admin","image":{"@type":"ImageObject","inLanguage":"pt-PT","@id":"https:\/\/secure.gravatar.com\/avatar\/948b492cce32b586ac2db0eaa926ee87024f7afe218d73b397ea5ddfc5f43ea1?s=96&d=mm&r=g","url":"https:\/\/secure.gravatar.com\/avatar\/948b492cce32b586ac2db0eaa926ee87024f7afe218d73b397ea5ddfc5f43ea1?s=96&d=mm&r=g","contentUrl":"https:\/\/secure.gravatar.com\/avatar\/948b492cce32b586ac2db0eaa926ee87024f7afe218d73b397ea5ddfc5f43ea1?s=96&d=mm&r=g","caption":"admin"},"sameAs":["https:\/\/encompaniastj.org"],"url":"https:\/\/encompaniastj.org\/pt-pt\/author\/sjdigital\/"}]}},"_links":{"self":[{"href":"https:\/\/encompaniastj.org\/pt-pt\/wp-json\/wp\/v2\/posts\/14099","targetHints":{"allow":["GET"]}}],"collection":[{"href":"https:\/\/encompaniastj.org\/pt-pt\/wp-json\/wp\/v2\/posts"}],"about":[{"href":"https:\/\/encompaniastj.org\/pt-pt\/wp-json\/wp\/v2\/types\/post"}],"author":[{"embeddable":true,"href":"https:\/\/encompaniastj.org\/pt-pt\/wp-json\/wp\/v2\/users\/1"}],"replies":[{"embeddable":true,"href":"https:\/\/encompaniastj.org\/pt-pt\/wp-json\/wp\/v2\/comments?post=14099"}],"version-history":[{"count":1,"href":"https:\/\/encompaniastj.org\/pt-pt\/wp-json\/wp\/v2\/posts\/14099\/revisions"}],"predecessor-version":[{"id":14102,"href":"https:\/\/encompaniastj.org\/pt-pt\/wp-json\/wp\/v2\/posts\/14099\/revisions\/14102"}],"wp:featuredmedia":[{"embeddable":true,"href":"https:\/\/encompaniastj.org\/pt-pt\/wp-json\/wp\/v2\/media\/7676"}],"wp:attachment":[{"href":"https:\/\/encompaniastj.org\/pt-pt\/wp-json\/wp\/v2\/media?parent=14099"}],"wp:term":[{"taxonomy":"category","embeddable":true,"href":"https:\/\/encompaniastj.org\/pt-pt\/wp-json\/wp\/v2\/categories?post=14099"},{"taxonomy":"post_tag","embeddable":true,"href":"https:\/\/encompaniastj.org\/pt-pt\/wp-json\/wp\/v2\/tags?post=14099"}],"curies":[{"name":"wp","href":"https:\/\/api.w.org\/{rel}","templated":true}]}}