{"id":14095,"date":"2021-02-28T12:38:51","date_gmt":"2021-02-28T11:38:51","guid":{"rendered":"https:\/\/encompaniastj.org\/benita-rodriguez-rodriguez-28-de-fevereiro-de-2021-barcelona-casa-mae-residencia\/"},"modified":"2025-10-14T09:03:32","modified_gmt":"2025-10-14T07:03:32","slug":"benita-rodriguez-rodriguez-28-de-fevereiro-de-2021-barcelona-casa-mae-residencia","status":"publish","type":"post","link":"https:\/\/encompaniastj.org\/pt-pt\/benita-rodriguez-rodriguez-28-de-fevereiro-de-2021-barcelona-casa-mae-residencia\/","title":{"rendered":"Benita Rodr\u00edguez Rodr\u00edguez. 28 de fevereiro de 2021. (Barcelona, Casa-M\u00e3e-Resid\u00eancia)"},"content":{"rendered":"\n<p>Santa\nTeresa expressou a enorme confian\u00e7a que\nsentia ao pensar na morte, porque ia encontrar-se com Jesus, a quem\ntinha amado sobre todas as coisas. Esta \u00e9 a confian\u00e7a de todo o teresiano, e\nfoi o que Benita viveu e\no que a sustentou durante toda a sua vida. <\/p>\n\n<p>Nasceu\nem Mora de Toledo em 1936, pouco antes do in\u00edcio da guerra de Espanha, da qual\nn\u00e3o se lembrava, mas cujas consequ\u00eancias viveu em primeira m\u00e3o\nnessa \u00e9poca de racionamento de alimentos e de ajustes de contas pol\u00edticos,\ne sociais. Ama a sua fam\u00edlia e viveu sempre muito perto dela. Passa algum tempo\nem Mora a cuidar da sua m\u00e3e e, quando tem dificuldade em visit\u00e1-los, as suas irm\u00e3s v\u00e3o a Barcelona para a\nconhecer.  <\/p>\n\n<p>Entra na Companhia\nem 1958 e, no final do seu tempo de novi\u00e7a em Tortosa, \u00e9\ndestinada a Barcelona, Ganduxer. Nunca teve outra miss\u00e3o e cuidou sempre da portaria\nat\u00e9 \u00e0 sua reforma. Por este motivo e pelo seu car\u00e1cter atencioso e acolhedor\n, conquistou a amizade de gera\u00e7\u00f5es e gera\u00e7\u00f5es de fam\u00edlias, para\nas quais ainda a recordam\ncom amor. Era tamb\u00e9m uma ex\u00edmia condutora e era admir\u00e1vel para n\u00f3s que uma pessoa t\u00e3o pequena\npudesse conduzir uma carrinha t\u00e3o grande.  <\/p>\n\n<p>Agradecemos a Deus pela sua vida\n. Que descanses em paz.   <\/p>\n","protected":false},"excerpt":{"rendered":"<p>Santa Teresa expressou a enorme confian\u00e7a que sentia ao pensar na morte, porque ia encontrar-se com Jesus, a quem tinha amado sobre todas as coisas. Esta \u00e9 a confian\u00e7a de [&hellip;]<\/p>\n","protected":false},"author":1,"featured_media":7677,"comment_status":"open","ping_status":"open","sticky":false,"template":"","format":"standard","meta":{"_acf_changed":false,"footnotes":""},"categories":[63],"tags":[],"class_list":["post-14095","post","type-post","status-publish","format-standard","has-post-thumbnail","hentry","category-fallecimientos"],"acf":[],"yoast_head":"<!-- This site is optimized with the Yoast SEO plugin v27.5 - https:\/\/yoast.com\/product\/yoast-seo-wordpress\/ -->\n<title>Benita Rodr\u00edguez Rodr\u00edguez. 28 de fevereiro de 2021. (Barcelona, Casa-M\u00e3e-Resid\u00eancia) - En Compa\u00f1\u00eda STJ<\/title>\n<meta name=\"robots\" content=\"index, follow, max-snippet:-1, max-image-preview:large, max-video-preview:-1\" \/>\n<link rel=\"canonical\" href=\"https:\/\/encompaniastj.org\/pt-pt\/benita-rodriguez-rodriguez-28-de-fevereiro-de-2021-barcelona-casa-mae-residencia\/\" \/>\n<meta property=\"og:locale\" content=\"pt_PT\" \/>\n<meta property=\"og:type\" content=\"article\" \/>\n<meta property=\"og:title\" content=\"Benita Rodr\u00edguez Rodr\u00edguez. 28 de fevereiro de 2021. (Barcelona, Casa-M\u00e3e-Resid\u00eancia) - En Compa\u00f1\u00eda STJ\" \/>\n<meta property=\"og:description\" content=\"Santa Teresa expressou a enorme confian\u00e7a que sentia ao pensar na morte, porque ia encontrar-se com Jesus, a quem tinha amado sobre todas as coisas. Esta \u00e9 a confian\u00e7a de [&hellip;]\" \/>\n<meta property=\"og:url\" content=\"https:\/\/encompaniastj.org\/pt-pt\/benita-rodriguez-rodriguez-28-de-fevereiro-de-2021-barcelona-casa-mae-residencia\/\" \/>\n<meta property=\"og:site_name\" content=\"En Compa\u00f1\u00eda STJ\" \/>\n<meta property=\"article:published_time\" content=\"2021-02-28T11:38:51+00:00\" \/>\n<meta property=\"article:modified_time\" content=\"2025-10-14T07:03:32+00:00\" \/>\n<meta property=\"og:image\" content=\"https:\/\/encompaniastj.org\/wp-content\/uploads\/2025\/05\/almond-blossoms-1229138_640.jpg\" \/>\n\t<meta property=\"og:image:width\" content=\"640\" \/>\n\t<meta property=\"og:image:height\" content=\"480\" \/>\n\t<meta property=\"og:image:type\" content=\"image\/jpeg\" \/>\n<meta name=\"author\" content=\"admin\" \/>\n<meta name=\"twitter:card\" content=\"summary_large_image\" \/>\n<meta name=\"twitter:label1\" content=\"Escrito por\" \/>\n\t<meta name=\"twitter:data1\" content=\"admin\" \/>\n\t<meta name=\"twitter:label2\" content=\"Tempo estimado de leitura\" \/>\n\t<meta name=\"twitter:data2\" content=\"1 minuto\" \/>\n<script type=\"application\/ld+json\" class=\"yoast-schema-graph\">{\"@context\":\"https:\\\/\\\/schema.org\",\"@graph\":[{\"@type\":\"Article\",\"@id\":\"https:\\\/\\\/encompaniastj.org\\\/pt-pt\\\/benita-rodriguez-rodriguez-28-de-fevereiro-de-2021-barcelona-casa-mae-residencia\\\/#article\",\"isPartOf\":{\"@id\":\"https:\\\/\\\/encompaniastj.org\\\/pt-pt\\\/benita-rodriguez-rodriguez-28-de-fevereiro-de-2021-barcelona-casa-mae-residencia\\\/\"},\"author\":{\"name\":\"admin\",\"@id\":\"https:\\\/\\\/encompaniastj.org\\\/pt-pt\\\/#\\\/schema\\\/person\\\/520e7ecc314793d40091993c2a02b651\"},\"headline\":\"Benita Rodr\u00edguez Rodr\u00edguez. 28 de fevereiro de 2021. (Barcelona, Casa-M\u00e3e-Resid\u00eancia)\",\"datePublished\":\"2021-02-28T11:38:51+00:00\",\"dateModified\":\"2025-10-14T07:03:32+00:00\",\"mainEntityOfPage\":{\"@id\":\"https:\\\/\\\/encompaniastj.org\\\/pt-pt\\\/benita-rodriguez-rodriguez-28-de-fevereiro-de-2021-barcelona-casa-mae-residencia\\\/\"},\"wordCount\":247,\"commentCount\":0,\"publisher\":{\"@id\":\"https:\\\/\\\/encompaniastj.org\\\/pt-pt\\\/#organization\"},\"image\":{\"@id\":\"https:\\\/\\\/encompaniastj.org\\\/pt-pt\\\/benita-rodriguez-rodriguez-28-de-fevereiro-de-2021-barcelona-casa-mae-residencia\\\/#primaryimage\"},\"thumbnailUrl\":\"https:\\\/\\\/encompaniastj.org\\\/wp-content\\\/uploads\\\/2025\\\/05\\\/almond-blossoms-1229138_640.jpg\",\"articleSection\":[\"Fallecimientos\"],\"inLanguage\":\"pt-PT\",\"potentialAction\":[{\"@type\":\"CommentAction\",\"name\":\"Comment\",\"target\":[\"https:\\\/\\\/encompaniastj.org\\\/pt-pt\\\/benita-rodriguez-rodriguez-28-de-fevereiro-de-2021-barcelona-casa-mae-residencia\\\/#respond\"]}]},{\"@type\":\"WebPage\",\"@id\":\"https:\\\/\\\/encompaniastj.org\\\/pt-pt\\\/benita-rodriguez-rodriguez-28-de-fevereiro-de-2021-barcelona-casa-mae-residencia\\\/\",\"url\":\"https:\\\/\\\/encompaniastj.org\\\/pt-pt\\\/benita-rodriguez-rodriguez-28-de-fevereiro-de-2021-barcelona-casa-mae-residencia\\\/\",\"name\":\"Benita Rodr\u00edguez Rodr\u00edguez. 28 de fevereiro de 2021. (Barcelona, Casa-M\u00e3e-Resid\u00eancia) - En Compa\u00f1\u00eda STJ\",\"isPartOf\":{\"@id\":\"https:\\\/\\\/encompaniastj.org\\\/pt-pt\\\/#website\"},\"primaryImageOfPage\":{\"@id\":\"https:\\\/\\\/encompaniastj.org\\\/pt-pt\\\/benita-rodriguez-rodriguez-28-de-fevereiro-de-2021-barcelona-casa-mae-residencia\\\/#primaryimage\"},\"image\":{\"@id\":\"https:\\\/\\\/encompaniastj.org\\\/pt-pt\\\/benita-rodriguez-rodriguez-28-de-fevereiro-de-2021-barcelona-casa-mae-residencia\\\/#primaryimage\"},\"thumbnailUrl\":\"https:\\\/\\\/encompaniastj.org\\\/wp-content\\\/uploads\\\/2025\\\/05\\\/almond-blossoms-1229138_640.jpg\",\"datePublished\":\"2021-02-28T11:38:51+00:00\",\"dateModified\":\"2025-10-14T07:03:32+00:00\",\"breadcrumb\":{\"@id\":\"https:\\\/\\\/encompaniastj.org\\\/pt-pt\\\/benita-rodriguez-rodriguez-28-de-fevereiro-de-2021-barcelona-casa-mae-residencia\\\/#breadcrumb\"},\"inLanguage\":\"pt-PT\",\"potentialAction\":[{\"@type\":\"ReadAction\",\"target\":[\"https:\\\/\\\/encompaniastj.org\\\/pt-pt\\\/benita-rodriguez-rodriguez-28-de-fevereiro-de-2021-barcelona-casa-mae-residencia\\\/\"]}]},{\"@type\":\"ImageObject\",\"inLanguage\":\"pt-PT\",\"@id\":\"https:\\\/\\\/encompaniastj.org\\\/pt-pt\\\/benita-rodriguez-rodriguez-28-de-fevereiro-de-2021-barcelona-casa-mae-residencia\\\/#primaryimage\",\"url\":\"https:\\\/\\\/encompaniastj.org\\\/wp-content\\\/uploads\\\/2025\\\/05\\\/almond-blossoms-1229138_640.jpg\",\"contentUrl\":\"https:\\\/\\\/encompaniastj.org\\\/wp-content\\\/uploads\\\/2025\\\/05\\\/almond-blossoms-1229138_640.jpg\",\"width\":640,\"height\":480},{\"@type\":\"BreadcrumbList\",\"@id\":\"https:\\\/\\\/encompaniastj.org\\\/pt-pt\\\/benita-rodriguez-rodriguez-28-de-fevereiro-de-2021-barcelona-casa-mae-residencia\\\/#breadcrumb\",\"itemListElement\":[{\"@type\":\"ListItem\",\"position\":1,\"name\":\"Portada\",\"item\":\"https:\\\/\\\/encompaniastj.org\\\/pt-pt\\\/\"},{\"@type\":\"ListItem\",\"position\":2,\"name\":\"Benita Rodr\u00edguez Rodr\u00edguez. 28 de fevereiro de 2021. (Barcelona, Casa-M\u00e3e-Resid\u00eancia)\"}]},{\"@type\":\"WebSite\",\"@id\":\"https:\\\/\\\/encompaniastj.org\\\/pt-pt\\\/#website\",\"url\":\"https:\\\/\\\/encompaniastj.org\\\/pt-pt\\\/\",\"name\":\"En Compa\u00f1\u00eda STJ\",\"description\":\"Bolet\u00edn de la Compa\u00f1\u00eda de Santa Teresa de Jes\u00fas\",\"publisher\":{\"@id\":\"https:\\\/\\\/encompaniastj.org\\\/pt-pt\\\/#organization\"},\"potentialAction\":[{\"@type\":\"SearchAction\",\"target\":{\"@type\":\"EntryPoint\",\"urlTemplate\":\"https:\\\/\\\/encompaniastj.org\\\/pt-pt\\\/?s={search_term_string}\"},\"query-input\":{\"@type\":\"PropertyValueSpecification\",\"valueRequired\":true,\"valueName\":\"search_term_string\"}}],\"inLanguage\":\"pt-PT\"},{\"@type\":\"Organization\",\"@id\":\"https:\\\/\\\/encompaniastj.org\\\/pt-pt\\\/#organization\",\"name\":\"Compa\u00f1\u00eda de Santa Teresa de Jes\u00fas\",\"url\":\"https:\\\/\\\/encompaniastj.org\\\/pt-pt\\\/\",\"logo\":{\"@type\":\"ImageObject\",\"inLanguage\":\"pt-PT\",\"@id\":\"https:\\\/\\\/encompaniastj.org\\\/pt-pt\\\/#\\\/schema\\\/logo\\\/image\\\/\",\"url\":\"https:\\\/\\\/encompaniastj.org\\\/wp-content\\\/uploads\\\/2025\\\/04\\\/logo_provincias02-1-3.png\",\"contentUrl\":\"https:\\\/\\\/encompaniastj.org\\\/wp-content\\\/uploads\\\/2025\\\/04\\\/logo_provincias02-1-3.png\",\"width\":2368,\"height\":825,\"caption\":\"Compa\u00f1\u00eda de Santa Teresa de Jes\u00fas\"},\"image\":{\"@id\":\"https:\\\/\\\/encompaniastj.org\\\/pt-pt\\\/#\\\/schema\\\/logo\\\/image\\\/\"}},{\"@type\":\"Person\",\"@id\":\"https:\\\/\\\/encompaniastj.org\\\/pt-pt\\\/#\\\/schema\\\/person\\\/520e7ecc314793d40091993c2a02b651\",\"name\":\"admin\",\"image\":{\"@type\":\"ImageObject\",\"inLanguage\":\"pt-PT\",\"@id\":\"https:\\\/\\\/secure.gravatar.com\\\/avatar\\\/948b492cce32b586ac2db0eaa926ee87024f7afe218d73b397ea5ddfc5f43ea1?s=96&d=mm&r=g\",\"url\":\"https:\\\/\\\/secure.gravatar.com\\\/avatar\\\/948b492cce32b586ac2db0eaa926ee87024f7afe218d73b397ea5ddfc5f43ea1?s=96&d=mm&r=g\",\"contentUrl\":\"https:\\\/\\\/secure.gravatar.com\\\/avatar\\\/948b492cce32b586ac2db0eaa926ee87024f7afe218d73b397ea5ddfc5f43ea1?s=96&d=mm&r=g\",\"caption\":\"admin\"},\"sameAs\":[\"https:\\\/\\\/encompaniastj.org\"],\"url\":\"https:\\\/\\\/encompaniastj.org\\\/pt-pt\\\/author\\\/sjdigital\\\/\"}]}<\/script>\n<!-- \/ Yoast SEO plugin. -->","yoast_head_json":{"title":"Benita Rodr\u00edguez Rodr\u00edguez. 28 de fevereiro de 2021. (Barcelona, Casa-M\u00e3e-Resid\u00eancia) - En Compa\u00f1\u00eda STJ","robots":{"index":"index","follow":"follow","max-snippet":"max-snippet:-1","max-image-preview":"max-image-preview:large","max-video-preview":"max-video-preview:-1"},"canonical":"https:\/\/encompaniastj.org\/pt-pt\/benita-rodriguez-rodriguez-28-de-fevereiro-de-2021-barcelona-casa-mae-residencia\/","og_locale":"pt_PT","og_type":"article","og_title":"Benita Rodr\u00edguez Rodr\u00edguez. 28 de fevereiro de 2021. (Barcelona, Casa-M\u00e3e-Resid\u00eancia) - En Compa\u00f1\u00eda STJ","og_description":"Santa Teresa expressou a enorme confian\u00e7a que sentia ao pensar na morte, porque ia encontrar-se com Jesus, a quem tinha amado sobre todas as coisas. Esta \u00e9 a confian\u00e7a de [&hellip;]","og_url":"https:\/\/encompaniastj.org\/pt-pt\/benita-rodriguez-rodriguez-28-de-fevereiro-de-2021-barcelona-casa-mae-residencia\/","og_site_name":"En Compa\u00f1\u00eda STJ","article_published_time":"2021-02-28T11:38:51+00:00","article_modified_time":"2025-10-14T07:03:32+00:00","og_image":[{"width":640,"height":480,"url":"https:\/\/encompaniastj.org\/wp-content\/uploads\/2025\/05\/almond-blossoms-1229138_640.jpg","type":"image\/jpeg"}],"author":"admin","twitter_card":"summary_large_image","twitter_misc":{"Escrito por":"admin","Tempo estimado de leitura":"1 minuto"},"schema":{"@context":"https:\/\/schema.org","@graph":[{"@type":"Article","@id":"https:\/\/encompaniastj.org\/pt-pt\/benita-rodriguez-rodriguez-28-de-fevereiro-de-2021-barcelona-casa-mae-residencia\/#article","isPartOf":{"@id":"https:\/\/encompaniastj.org\/pt-pt\/benita-rodriguez-rodriguez-28-de-fevereiro-de-2021-barcelona-casa-mae-residencia\/"},"author":{"name":"admin","@id":"https:\/\/encompaniastj.org\/pt-pt\/#\/schema\/person\/520e7ecc314793d40091993c2a02b651"},"headline":"Benita Rodr\u00edguez Rodr\u00edguez. 28 de fevereiro de 2021. (Barcelona, Casa-M\u00e3e-Resid\u00eancia)","datePublished":"2021-02-28T11:38:51+00:00","dateModified":"2025-10-14T07:03:32+00:00","mainEntityOfPage":{"@id":"https:\/\/encompaniastj.org\/pt-pt\/benita-rodriguez-rodriguez-28-de-fevereiro-de-2021-barcelona-casa-mae-residencia\/"},"wordCount":247,"commentCount":0,"publisher":{"@id":"https:\/\/encompaniastj.org\/pt-pt\/#organization"},"image":{"@id":"https:\/\/encompaniastj.org\/pt-pt\/benita-rodriguez-rodriguez-28-de-fevereiro-de-2021-barcelona-casa-mae-residencia\/#primaryimage"},"thumbnailUrl":"https:\/\/encompaniastj.org\/wp-content\/uploads\/2025\/05\/almond-blossoms-1229138_640.jpg","articleSection":["Fallecimientos"],"inLanguage":"pt-PT","potentialAction":[{"@type":"CommentAction","name":"Comment","target":["https:\/\/encompaniastj.org\/pt-pt\/benita-rodriguez-rodriguez-28-de-fevereiro-de-2021-barcelona-casa-mae-residencia\/#respond"]}]},{"@type":"WebPage","@id":"https:\/\/encompaniastj.org\/pt-pt\/benita-rodriguez-rodriguez-28-de-fevereiro-de-2021-barcelona-casa-mae-residencia\/","url":"https:\/\/encompaniastj.org\/pt-pt\/benita-rodriguez-rodriguez-28-de-fevereiro-de-2021-barcelona-casa-mae-residencia\/","name":"Benita Rodr\u00edguez Rodr\u00edguez. 28 de fevereiro de 2021. (Barcelona, Casa-M\u00e3e-Resid\u00eancia) - En Compa\u00f1\u00eda STJ","isPartOf":{"@id":"https:\/\/encompaniastj.org\/pt-pt\/#website"},"primaryImageOfPage":{"@id":"https:\/\/encompaniastj.org\/pt-pt\/benita-rodriguez-rodriguez-28-de-fevereiro-de-2021-barcelona-casa-mae-residencia\/#primaryimage"},"image":{"@id":"https:\/\/encompaniastj.org\/pt-pt\/benita-rodriguez-rodriguez-28-de-fevereiro-de-2021-barcelona-casa-mae-residencia\/#primaryimage"},"thumbnailUrl":"https:\/\/encompaniastj.org\/wp-content\/uploads\/2025\/05\/almond-blossoms-1229138_640.jpg","datePublished":"2021-02-28T11:38:51+00:00","dateModified":"2025-10-14T07:03:32+00:00","breadcrumb":{"@id":"https:\/\/encompaniastj.org\/pt-pt\/benita-rodriguez-rodriguez-28-de-fevereiro-de-2021-barcelona-casa-mae-residencia\/#breadcrumb"},"inLanguage":"pt-PT","potentialAction":[{"@type":"ReadAction","target":["https:\/\/encompaniastj.org\/pt-pt\/benita-rodriguez-rodriguez-28-de-fevereiro-de-2021-barcelona-casa-mae-residencia\/"]}]},{"@type":"ImageObject","inLanguage":"pt-PT","@id":"https:\/\/encompaniastj.org\/pt-pt\/benita-rodriguez-rodriguez-28-de-fevereiro-de-2021-barcelona-casa-mae-residencia\/#primaryimage","url":"https:\/\/encompaniastj.org\/wp-content\/uploads\/2025\/05\/almond-blossoms-1229138_640.jpg","contentUrl":"https:\/\/encompaniastj.org\/wp-content\/uploads\/2025\/05\/almond-blossoms-1229138_640.jpg","width":640,"height":480},{"@type":"BreadcrumbList","@id":"https:\/\/encompaniastj.org\/pt-pt\/benita-rodriguez-rodriguez-28-de-fevereiro-de-2021-barcelona-casa-mae-residencia\/#breadcrumb","itemListElement":[{"@type":"ListItem","position":1,"name":"Portada","item":"https:\/\/encompaniastj.org\/pt-pt\/"},{"@type":"ListItem","position":2,"name":"Benita Rodr\u00edguez Rodr\u00edguez. 28 de fevereiro de 2021. (Barcelona, Casa-M\u00e3e-Resid\u00eancia)"}]},{"@type":"WebSite","@id":"https:\/\/encompaniastj.org\/pt-pt\/#website","url":"https:\/\/encompaniastj.org\/pt-pt\/","name":"En Compa\u00f1\u00eda STJ","description":"Bolet\u00edn de la Compa\u00f1\u00eda de Santa Teresa de Jes\u00fas","publisher":{"@id":"https:\/\/encompaniastj.org\/pt-pt\/#organization"},"potentialAction":[{"@type":"SearchAction","target":{"@type":"EntryPoint","urlTemplate":"https:\/\/encompaniastj.org\/pt-pt\/?s={search_term_string}"},"query-input":{"@type":"PropertyValueSpecification","valueRequired":true,"valueName":"search_term_string"}}],"inLanguage":"pt-PT"},{"@type":"Organization","@id":"https:\/\/encompaniastj.org\/pt-pt\/#organization","name":"Compa\u00f1\u00eda de Santa Teresa de Jes\u00fas","url":"https:\/\/encompaniastj.org\/pt-pt\/","logo":{"@type":"ImageObject","inLanguage":"pt-PT","@id":"https:\/\/encompaniastj.org\/pt-pt\/#\/schema\/logo\/image\/","url":"https:\/\/encompaniastj.org\/wp-content\/uploads\/2025\/04\/logo_provincias02-1-3.png","contentUrl":"https:\/\/encompaniastj.org\/wp-content\/uploads\/2025\/04\/logo_provincias02-1-3.png","width":2368,"height":825,"caption":"Compa\u00f1\u00eda de Santa Teresa de Jes\u00fas"},"image":{"@id":"https:\/\/encompaniastj.org\/pt-pt\/#\/schema\/logo\/image\/"}},{"@type":"Person","@id":"https:\/\/encompaniastj.org\/pt-pt\/#\/schema\/person\/520e7ecc314793d40091993c2a02b651","name":"admin","image":{"@type":"ImageObject","inLanguage":"pt-PT","@id":"https:\/\/secure.gravatar.com\/avatar\/948b492cce32b586ac2db0eaa926ee87024f7afe218d73b397ea5ddfc5f43ea1?s=96&d=mm&r=g","url":"https:\/\/secure.gravatar.com\/avatar\/948b492cce32b586ac2db0eaa926ee87024f7afe218d73b397ea5ddfc5f43ea1?s=96&d=mm&r=g","contentUrl":"https:\/\/secure.gravatar.com\/avatar\/948b492cce32b586ac2db0eaa926ee87024f7afe218d73b397ea5ddfc5f43ea1?s=96&d=mm&r=g","caption":"admin"},"sameAs":["https:\/\/encompaniastj.org"],"url":"https:\/\/encompaniastj.org\/pt-pt\/author\/sjdigital\/"}]}},"_links":{"self":[{"href":"https:\/\/encompaniastj.org\/pt-pt\/wp-json\/wp\/v2\/posts\/14095","targetHints":{"allow":["GET"]}}],"collection":[{"href":"https:\/\/encompaniastj.org\/pt-pt\/wp-json\/wp\/v2\/posts"}],"about":[{"href":"https:\/\/encompaniastj.org\/pt-pt\/wp-json\/wp\/v2\/types\/post"}],"author":[{"embeddable":true,"href":"https:\/\/encompaniastj.org\/pt-pt\/wp-json\/wp\/v2\/users\/1"}],"replies":[{"embeddable":true,"href":"https:\/\/encompaniastj.org\/pt-pt\/wp-json\/wp\/v2\/comments?post=14095"}],"version-history":[{"count":1,"href":"https:\/\/encompaniastj.org\/pt-pt\/wp-json\/wp\/v2\/posts\/14095\/revisions"}],"predecessor-version":[{"id":14097,"href":"https:\/\/encompaniastj.org\/pt-pt\/wp-json\/wp\/v2\/posts\/14095\/revisions\/14097"}],"wp:featuredmedia":[{"embeddable":true,"href":"https:\/\/encompaniastj.org\/pt-pt\/wp-json\/wp\/v2\/media\/7677"}],"wp:attachment":[{"href":"https:\/\/encompaniastj.org\/pt-pt\/wp-json\/wp\/v2\/media?parent=14095"}],"wp:term":[{"taxonomy":"category","embeddable":true,"href":"https:\/\/encompaniastj.org\/pt-pt\/wp-json\/wp\/v2\/categories?post=14095"},{"taxonomy":"post_tag","embeddable":true,"href":"https:\/\/encompaniastj.org\/pt-pt\/wp-json\/wp\/v2\/tags?post=14095"}],"curies":[{"name":"wp","href":"https:\/\/api.w.org\/{rel}","templated":true}]}}