{"id":14049,"date":"2020-11-16T10:25:09","date_gmt":"2020-11-16T09:25:09","guid":{"rendered":"https:\/\/encompaniastj.org\/sr-gertrudis-carrero-rodriguez-16-de-novembro-de-2020-huelva-residencia\/"},"modified":"2025-10-14T09:02:22","modified_gmt":"2025-10-14T07:02:22","slug":"sr-gertrudis-carrero-rodriguez-16-de-novembro-de-2020-huelva-residencia","status":"publish","type":"post","link":"https:\/\/encompaniastj.org\/pt-pt\/sr-gertrudis-carrero-rodriguez-16-de-novembro-de-2020-huelva-residencia\/","title":{"rendered":"Sr. Gertrudis Carrero Rodr\u00edguez. 16 de novembro de 2020. (Huelva-Resid\u00eancia)"},"content":{"rendered":"\n<p><strong><em>\"Se n\u00e3o te tornares como crian\u00e7as, n\u00e3o entrar\u00e1s no reino dos c\u00e9us\".<\/em><\/strong><\/p>\n\n<p>Com esta certeza, despedimo-nos da nossa irm\u00e3 Gertrudis no dia 16 de novembro de 2020. N\u00e3o sabemos se a idade, a covid, o alzheimer ou qualquer outra coisa a ajudou a fazer parte da Igreja que goza de Deus para sempre. <\/p>\n\n<p>Deixa-nos recorda\u00e7\u00f5es preciosas, a nossa irm\u00e3 sabia despertar o melhor de cada um de n\u00f3s: sorrisos, ternura, momentos de conv\u00edvio \u00e0 sua volta, muitas oportunidades de cuidar dela porque era totalmente dependente.<\/p>\n\n<p>Gertrudis nasceu em Aljaraque, uma aldeia de Huelva, h\u00e1 96 anos e esteve na Sociedade durante 79 anos. Tinha uma irm\u00e3 que pertencia \u00e0 Sociedade, a sua irm\u00e3 Ros\u00e1rio, de quem se orgulhava e que recordava com carinho e admira\u00e7\u00e3o, mas que morreu muito jovem. <\/p>\n\n<p>Gertrudes foi uma daquelas irm\u00e3s que entrou na Companhia ainda muito jovem e sempre se sentiu privilegiada por ter dado ao Senhor os primeiros frutos do amor. Passa os primeiros anos da sua vida religiosa em Cuba, que tamb\u00e9m estava no seu cora\u00e7\u00e3o. Quando regressou a Espanha, passou algum tempo em Madrid e, a partir de 1965, na sua querida Huelva.  <\/p>\n\n<p>Distingue-se pelo seu grande amor \u00e0 sua terra, \u00e0 sua gente e aos seus costumes. Era um homem de cora\u00e7\u00e3o e tinha tamb\u00e9m o dom natural de exprimir em verso o que trazia dentro de si. S\u00e3o muitos os escritos que conservamos e que falam da sua sensibilidade e humanidade.  <\/p>\n\n<p>\"N\u00e3o h\u00e1 pessoa t\u00e3o vazia como aquela que est\u00e1 cheia de si mesma, como vive mal quem vive s\u00f3 para si\". Esta \u00e9 uma pequena amostra do que ela escreveu de forma simples e profunda. Foi uma mulher que se entregou com entusiasmo ao servi\u00e7o dos outros e podemos dizer que \"tinha um cora\u00e7\u00e3o cheio de nomes\".  <\/p>\n\n<p>Era alegre e jovial, acolhedora com as crian\u00e7as e as fam\u00edlias na portaria e primorosa no cuidado das \"coisas do Senhor\" na sacristia.<\/p>\n\n<p>O Senhor que se faz presente de tantas maneiras, reconhecemos a sua presen\u00e7a como Senhor da VIDA e da hist\u00f3ria na vida e na morte de Gertrudes.<\/p>\n","protected":false},"excerpt":{"rendered":"<p>&#8220;Se n\u00e3o te tornares como crian\u00e7as, n\u00e3o entrar\u00e1s no reino dos c\u00e9us&#8221;. Com esta certeza, despedimo-nos da nossa irm\u00e3 Gertrudis no dia 16 de novembro de 2020. N\u00e3o sabemos se [&hellip;]<\/p>\n","protected":false},"author":1,"featured_media":7593,"comment_status":"open","ping_status":"open","sticky":false,"template":"","format":"standard","meta":{"_acf_changed":false,"footnotes":""},"categories":[63],"tags":[],"class_list":["post-14049","post","type-post","status-publish","format-standard","has-post-thumbnail","hentry","category-fallecimientos"],"acf":[],"yoast_head":"<!-- This site is optimized with the Yoast SEO plugin v27.5 - https:\/\/yoast.com\/product\/yoast-seo-wordpress\/ -->\n<title>Sr. Gertrudis Carrero Rodr\u00edguez. 16 de novembro de 2020. (Huelva-Resid\u00eancia) - En Compa\u00f1\u00eda STJ<\/title>\n<meta name=\"robots\" content=\"index, follow, max-snippet:-1, max-image-preview:large, max-video-preview:-1\" \/>\n<link rel=\"canonical\" href=\"https:\/\/encompaniastj.org\/pt-pt\/sr-gertrudis-carrero-rodriguez-16-de-novembro-de-2020-huelva-residencia\/\" \/>\n<meta property=\"og:locale\" content=\"pt_PT\" \/>\n<meta property=\"og:type\" content=\"article\" \/>\n<meta property=\"og:title\" content=\"Sr. Gertrudis Carrero Rodr\u00edguez. 16 de novembro de 2020. (Huelva-Resid\u00eancia) - En Compa\u00f1\u00eda STJ\" \/>\n<meta property=\"og:description\" content=\"&#8220;Se n\u00e3o te tornares como crian\u00e7as, n\u00e3o entrar\u00e1s no reino dos c\u00e9us&#8221;. Com esta certeza, despedimo-nos da nossa irm\u00e3 Gertrudis no dia 16 de novembro de 2020. N\u00e3o sabemos se [&hellip;]\" \/>\n<meta property=\"og:url\" content=\"https:\/\/encompaniastj.org\/pt-pt\/sr-gertrudis-carrero-rodriguez-16-de-novembro-de-2020-huelva-residencia\/\" \/>\n<meta property=\"og:site_name\" content=\"En Compa\u00f1\u00eda STJ\" \/>\n<meta property=\"article:published_time\" content=\"2020-11-16T09:25:09+00:00\" \/>\n<meta property=\"article:modified_time\" content=\"2025-10-14T07:02:22+00:00\" \/>\n<meta property=\"og:image\" content=\"https:\/\/encompaniastj.org\/wp-content\/uploads\/2025\/05\/huelva-5042669_1280.jpg\" \/>\n\t<meta property=\"og:image:width\" content=\"1280\" \/>\n\t<meta property=\"og:image:height\" content=\"512\" \/>\n\t<meta property=\"og:image:type\" content=\"image\/jpeg\" \/>\n<meta name=\"author\" content=\"admin\" \/>\n<meta name=\"twitter:card\" content=\"summary_large_image\" \/>\n<meta name=\"twitter:label1\" content=\"Escrito por\" \/>\n\t<meta name=\"twitter:data1\" content=\"admin\" \/>\n\t<meta name=\"twitter:label2\" content=\"Tempo estimado de leitura\" \/>\n\t<meta name=\"twitter:data2\" content=\"2 minutos\" \/>\n<script type=\"application\/ld+json\" class=\"yoast-schema-graph\">{\"@context\":\"https:\\\/\\\/schema.org\",\"@graph\":[{\"@type\":\"Article\",\"@id\":\"https:\\\/\\\/encompaniastj.org\\\/pt-pt\\\/sr-gertrudis-carrero-rodriguez-16-de-novembro-de-2020-huelva-residencia\\\/#article\",\"isPartOf\":{\"@id\":\"https:\\\/\\\/encompaniastj.org\\\/pt-pt\\\/sr-gertrudis-carrero-rodriguez-16-de-novembro-de-2020-huelva-residencia\\\/\"},\"author\":{\"name\":\"admin\",\"@id\":\"https:\\\/\\\/encompaniastj.org\\\/pt-pt\\\/#\\\/schema\\\/person\\\/520e7ecc314793d40091993c2a02b651\"},\"headline\":\"Sr. Gertrudis Carrero Rodr\u00edguez. 16 de novembro de 2020. (Huelva-Resid\u00eancia)\",\"datePublished\":\"2020-11-16T09:25:09+00:00\",\"dateModified\":\"2025-10-14T07:02:22+00:00\",\"mainEntityOfPage\":{\"@id\":\"https:\\\/\\\/encompaniastj.org\\\/pt-pt\\\/sr-gertrudis-carrero-rodriguez-16-de-novembro-de-2020-huelva-residencia\\\/\"},\"wordCount\":373,\"commentCount\":0,\"publisher\":{\"@id\":\"https:\\\/\\\/encompaniastj.org\\\/pt-pt\\\/#organization\"},\"image\":{\"@id\":\"https:\\\/\\\/encompaniastj.org\\\/pt-pt\\\/sr-gertrudis-carrero-rodriguez-16-de-novembro-de-2020-huelva-residencia\\\/#primaryimage\"},\"thumbnailUrl\":\"https:\\\/\\\/encompaniastj.org\\\/wp-content\\\/uploads\\\/2025\\\/05\\\/huelva-5042669_1280.jpg\",\"articleSection\":[\"Fallecimientos\"],\"inLanguage\":\"pt-PT\",\"potentialAction\":[{\"@type\":\"CommentAction\",\"name\":\"Comment\",\"target\":[\"https:\\\/\\\/encompaniastj.org\\\/pt-pt\\\/sr-gertrudis-carrero-rodriguez-16-de-novembro-de-2020-huelva-residencia\\\/#respond\"]}]},{\"@type\":\"WebPage\",\"@id\":\"https:\\\/\\\/encompaniastj.org\\\/pt-pt\\\/sr-gertrudis-carrero-rodriguez-16-de-novembro-de-2020-huelva-residencia\\\/\",\"url\":\"https:\\\/\\\/encompaniastj.org\\\/pt-pt\\\/sr-gertrudis-carrero-rodriguez-16-de-novembro-de-2020-huelva-residencia\\\/\",\"name\":\"Sr. Gertrudis Carrero Rodr\u00edguez. 16 de novembro de 2020. (Huelva-Resid\u00eancia) - En Compa\u00f1\u00eda STJ\",\"isPartOf\":{\"@id\":\"https:\\\/\\\/encompaniastj.org\\\/pt-pt\\\/#website\"},\"primaryImageOfPage\":{\"@id\":\"https:\\\/\\\/encompaniastj.org\\\/pt-pt\\\/sr-gertrudis-carrero-rodriguez-16-de-novembro-de-2020-huelva-residencia\\\/#primaryimage\"},\"image\":{\"@id\":\"https:\\\/\\\/encompaniastj.org\\\/pt-pt\\\/sr-gertrudis-carrero-rodriguez-16-de-novembro-de-2020-huelva-residencia\\\/#primaryimage\"},\"thumbnailUrl\":\"https:\\\/\\\/encompaniastj.org\\\/wp-content\\\/uploads\\\/2025\\\/05\\\/huelva-5042669_1280.jpg\",\"datePublished\":\"2020-11-16T09:25:09+00:00\",\"dateModified\":\"2025-10-14T07:02:22+00:00\",\"breadcrumb\":{\"@id\":\"https:\\\/\\\/encompaniastj.org\\\/pt-pt\\\/sr-gertrudis-carrero-rodriguez-16-de-novembro-de-2020-huelva-residencia\\\/#breadcrumb\"},\"inLanguage\":\"pt-PT\",\"potentialAction\":[{\"@type\":\"ReadAction\",\"target\":[\"https:\\\/\\\/encompaniastj.org\\\/pt-pt\\\/sr-gertrudis-carrero-rodriguez-16-de-novembro-de-2020-huelva-residencia\\\/\"]}]},{\"@type\":\"ImageObject\",\"inLanguage\":\"pt-PT\",\"@id\":\"https:\\\/\\\/encompaniastj.org\\\/pt-pt\\\/sr-gertrudis-carrero-rodriguez-16-de-novembro-de-2020-huelva-residencia\\\/#primaryimage\",\"url\":\"https:\\\/\\\/encompaniastj.org\\\/wp-content\\\/uploads\\\/2025\\\/05\\\/huelva-5042669_1280.jpg\",\"contentUrl\":\"https:\\\/\\\/encompaniastj.org\\\/wp-content\\\/uploads\\\/2025\\\/05\\\/huelva-5042669_1280.jpg\",\"width\":1280,\"height\":512},{\"@type\":\"BreadcrumbList\",\"@id\":\"https:\\\/\\\/encompaniastj.org\\\/pt-pt\\\/sr-gertrudis-carrero-rodriguez-16-de-novembro-de-2020-huelva-residencia\\\/#breadcrumb\",\"itemListElement\":[{\"@type\":\"ListItem\",\"position\":1,\"name\":\"Portada\",\"item\":\"https:\\\/\\\/encompaniastj.org\\\/pt-pt\\\/\"},{\"@type\":\"ListItem\",\"position\":2,\"name\":\"Sr. Gertrudis Carrero Rodr\u00edguez. 16 de novembro de 2020. (Huelva-Resid\u00eancia)\"}]},{\"@type\":\"WebSite\",\"@id\":\"https:\\\/\\\/encompaniastj.org\\\/pt-pt\\\/#website\",\"url\":\"https:\\\/\\\/encompaniastj.org\\\/pt-pt\\\/\",\"name\":\"En Compa\u00f1\u00eda STJ\",\"description\":\"Bolet\u00edn de la Compa\u00f1\u00eda de Santa Teresa de Jes\u00fas\",\"publisher\":{\"@id\":\"https:\\\/\\\/encompaniastj.org\\\/pt-pt\\\/#organization\"},\"potentialAction\":[{\"@type\":\"SearchAction\",\"target\":{\"@type\":\"EntryPoint\",\"urlTemplate\":\"https:\\\/\\\/encompaniastj.org\\\/pt-pt\\\/?s={search_term_string}\"},\"query-input\":{\"@type\":\"PropertyValueSpecification\",\"valueRequired\":true,\"valueName\":\"search_term_string\"}}],\"inLanguage\":\"pt-PT\"},{\"@type\":\"Organization\",\"@id\":\"https:\\\/\\\/encompaniastj.org\\\/pt-pt\\\/#organization\",\"name\":\"Compa\u00f1\u00eda de Santa Teresa de Jes\u00fas\",\"url\":\"https:\\\/\\\/encompaniastj.org\\\/pt-pt\\\/\",\"logo\":{\"@type\":\"ImageObject\",\"inLanguage\":\"pt-PT\",\"@id\":\"https:\\\/\\\/encompaniastj.org\\\/pt-pt\\\/#\\\/schema\\\/logo\\\/image\\\/\",\"url\":\"https:\\\/\\\/encompaniastj.org\\\/wp-content\\\/uploads\\\/2025\\\/04\\\/logo_provincias02-1-3.png\",\"contentUrl\":\"https:\\\/\\\/encompaniastj.org\\\/wp-content\\\/uploads\\\/2025\\\/04\\\/logo_provincias02-1-3.png\",\"width\":2368,\"height\":825,\"caption\":\"Compa\u00f1\u00eda de Santa Teresa de Jes\u00fas\"},\"image\":{\"@id\":\"https:\\\/\\\/encompaniastj.org\\\/pt-pt\\\/#\\\/schema\\\/logo\\\/image\\\/\"}},{\"@type\":\"Person\",\"@id\":\"https:\\\/\\\/encompaniastj.org\\\/pt-pt\\\/#\\\/schema\\\/person\\\/520e7ecc314793d40091993c2a02b651\",\"name\":\"admin\",\"image\":{\"@type\":\"ImageObject\",\"inLanguage\":\"pt-PT\",\"@id\":\"https:\\\/\\\/secure.gravatar.com\\\/avatar\\\/948b492cce32b586ac2db0eaa926ee87024f7afe218d73b397ea5ddfc5f43ea1?s=96&d=mm&r=g\",\"url\":\"https:\\\/\\\/secure.gravatar.com\\\/avatar\\\/948b492cce32b586ac2db0eaa926ee87024f7afe218d73b397ea5ddfc5f43ea1?s=96&d=mm&r=g\",\"contentUrl\":\"https:\\\/\\\/secure.gravatar.com\\\/avatar\\\/948b492cce32b586ac2db0eaa926ee87024f7afe218d73b397ea5ddfc5f43ea1?s=96&d=mm&r=g\",\"caption\":\"admin\"},\"sameAs\":[\"https:\\\/\\\/encompaniastj.org\"],\"url\":\"https:\\\/\\\/encompaniastj.org\\\/pt-pt\\\/author\\\/sjdigital\\\/\"}]}<\/script>\n<!-- \/ Yoast SEO plugin. -->","yoast_head_json":{"title":"Sr. Gertrudis Carrero Rodr\u00edguez. 16 de novembro de 2020. (Huelva-Resid\u00eancia) - En Compa\u00f1\u00eda STJ","robots":{"index":"index","follow":"follow","max-snippet":"max-snippet:-1","max-image-preview":"max-image-preview:large","max-video-preview":"max-video-preview:-1"},"canonical":"https:\/\/encompaniastj.org\/pt-pt\/sr-gertrudis-carrero-rodriguez-16-de-novembro-de-2020-huelva-residencia\/","og_locale":"pt_PT","og_type":"article","og_title":"Sr. Gertrudis Carrero Rodr\u00edguez. 16 de novembro de 2020. (Huelva-Resid\u00eancia) - En Compa\u00f1\u00eda STJ","og_description":"&#8220;Se n\u00e3o te tornares como crian\u00e7as, n\u00e3o entrar\u00e1s no reino dos c\u00e9us&#8221;. Com esta certeza, despedimo-nos da nossa irm\u00e3 Gertrudis no dia 16 de novembro de 2020. N\u00e3o sabemos se [&hellip;]","og_url":"https:\/\/encompaniastj.org\/pt-pt\/sr-gertrudis-carrero-rodriguez-16-de-novembro-de-2020-huelva-residencia\/","og_site_name":"En Compa\u00f1\u00eda STJ","article_published_time":"2020-11-16T09:25:09+00:00","article_modified_time":"2025-10-14T07:02:22+00:00","og_image":[{"width":1280,"height":512,"url":"https:\/\/encompaniastj.org\/wp-content\/uploads\/2025\/05\/huelva-5042669_1280.jpg","type":"image\/jpeg"}],"author":"admin","twitter_card":"summary_large_image","twitter_misc":{"Escrito por":"admin","Tempo estimado de leitura":"2 minutos"},"schema":{"@context":"https:\/\/schema.org","@graph":[{"@type":"Article","@id":"https:\/\/encompaniastj.org\/pt-pt\/sr-gertrudis-carrero-rodriguez-16-de-novembro-de-2020-huelva-residencia\/#article","isPartOf":{"@id":"https:\/\/encompaniastj.org\/pt-pt\/sr-gertrudis-carrero-rodriguez-16-de-novembro-de-2020-huelva-residencia\/"},"author":{"name":"admin","@id":"https:\/\/encompaniastj.org\/pt-pt\/#\/schema\/person\/520e7ecc314793d40091993c2a02b651"},"headline":"Sr. Gertrudis Carrero Rodr\u00edguez. 16 de novembro de 2020. (Huelva-Resid\u00eancia)","datePublished":"2020-11-16T09:25:09+00:00","dateModified":"2025-10-14T07:02:22+00:00","mainEntityOfPage":{"@id":"https:\/\/encompaniastj.org\/pt-pt\/sr-gertrudis-carrero-rodriguez-16-de-novembro-de-2020-huelva-residencia\/"},"wordCount":373,"commentCount":0,"publisher":{"@id":"https:\/\/encompaniastj.org\/pt-pt\/#organization"},"image":{"@id":"https:\/\/encompaniastj.org\/pt-pt\/sr-gertrudis-carrero-rodriguez-16-de-novembro-de-2020-huelva-residencia\/#primaryimage"},"thumbnailUrl":"https:\/\/encompaniastj.org\/wp-content\/uploads\/2025\/05\/huelva-5042669_1280.jpg","articleSection":["Fallecimientos"],"inLanguage":"pt-PT","potentialAction":[{"@type":"CommentAction","name":"Comment","target":["https:\/\/encompaniastj.org\/pt-pt\/sr-gertrudis-carrero-rodriguez-16-de-novembro-de-2020-huelva-residencia\/#respond"]}]},{"@type":"WebPage","@id":"https:\/\/encompaniastj.org\/pt-pt\/sr-gertrudis-carrero-rodriguez-16-de-novembro-de-2020-huelva-residencia\/","url":"https:\/\/encompaniastj.org\/pt-pt\/sr-gertrudis-carrero-rodriguez-16-de-novembro-de-2020-huelva-residencia\/","name":"Sr. Gertrudis Carrero Rodr\u00edguez. 16 de novembro de 2020. (Huelva-Resid\u00eancia) - En Compa\u00f1\u00eda STJ","isPartOf":{"@id":"https:\/\/encompaniastj.org\/pt-pt\/#website"},"primaryImageOfPage":{"@id":"https:\/\/encompaniastj.org\/pt-pt\/sr-gertrudis-carrero-rodriguez-16-de-novembro-de-2020-huelva-residencia\/#primaryimage"},"image":{"@id":"https:\/\/encompaniastj.org\/pt-pt\/sr-gertrudis-carrero-rodriguez-16-de-novembro-de-2020-huelva-residencia\/#primaryimage"},"thumbnailUrl":"https:\/\/encompaniastj.org\/wp-content\/uploads\/2025\/05\/huelva-5042669_1280.jpg","datePublished":"2020-11-16T09:25:09+00:00","dateModified":"2025-10-14T07:02:22+00:00","breadcrumb":{"@id":"https:\/\/encompaniastj.org\/pt-pt\/sr-gertrudis-carrero-rodriguez-16-de-novembro-de-2020-huelva-residencia\/#breadcrumb"},"inLanguage":"pt-PT","potentialAction":[{"@type":"ReadAction","target":["https:\/\/encompaniastj.org\/pt-pt\/sr-gertrudis-carrero-rodriguez-16-de-novembro-de-2020-huelva-residencia\/"]}]},{"@type":"ImageObject","inLanguage":"pt-PT","@id":"https:\/\/encompaniastj.org\/pt-pt\/sr-gertrudis-carrero-rodriguez-16-de-novembro-de-2020-huelva-residencia\/#primaryimage","url":"https:\/\/encompaniastj.org\/wp-content\/uploads\/2025\/05\/huelva-5042669_1280.jpg","contentUrl":"https:\/\/encompaniastj.org\/wp-content\/uploads\/2025\/05\/huelva-5042669_1280.jpg","width":1280,"height":512},{"@type":"BreadcrumbList","@id":"https:\/\/encompaniastj.org\/pt-pt\/sr-gertrudis-carrero-rodriguez-16-de-novembro-de-2020-huelva-residencia\/#breadcrumb","itemListElement":[{"@type":"ListItem","position":1,"name":"Portada","item":"https:\/\/encompaniastj.org\/pt-pt\/"},{"@type":"ListItem","position":2,"name":"Sr. Gertrudis Carrero Rodr\u00edguez. 16 de novembro de 2020. (Huelva-Resid\u00eancia)"}]},{"@type":"WebSite","@id":"https:\/\/encompaniastj.org\/pt-pt\/#website","url":"https:\/\/encompaniastj.org\/pt-pt\/","name":"En Compa\u00f1\u00eda STJ","description":"Bolet\u00edn de la Compa\u00f1\u00eda de Santa Teresa de Jes\u00fas","publisher":{"@id":"https:\/\/encompaniastj.org\/pt-pt\/#organization"},"potentialAction":[{"@type":"SearchAction","target":{"@type":"EntryPoint","urlTemplate":"https:\/\/encompaniastj.org\/pt-pt\/?s={search_term_string}"},"query-input":{"@type":"PropertyValueSpecification","valueRequired":true,"valueName":"search_term_string"}}],"inLanguage":"pt-PT"},{"@type":"Organization","@id":"https:\/\/encompaniastj.org\/pt-pt\/#organization","name":"Compa\u00f1\u00eda de Santa Teresa de Jes\u00fas","url":"https:\/\/encompaniastj.org\/pt-pt\/","logo":{"@type":"ImageObject","inLanguage":"pt-PT","@id":"https:\/\/encompaniastj.org\/pt-pt\/#\/schema\/logo\/image\/","url":"https:\/\/encompaniastj.org\/wp-content\/uploads\/2025\/04\/logo_provincias02-1-3.png","contentUrl":"https:\/\/encompaniastj.org\/wp-content\/uploads\/2025\/04\/logo_provincias02-1-3.png","width":2368,"height":825,"caption":"Compa\u00f1\u00eda de Santa Teresa de Jes\u00fas"},"image":{"@id":"https:\/\/encompaniastj.org\/pt-pt\/#\/schema\/logo\/image\/"}},{"@type":"Person","@id":"https:\/\/encompaniastj.org\/pt-pt\/#\/schema\/person\/520e7ecc314793d40091993c2a02b651","name":"admin","image":{"@type":"ImageObject","inLanguage":"pt-PT","@id":"https:\/\/secure.gravatar.com\/avatar\/948b492cce32b586ac2db0eaa926ee87024f7afe218d73b397ea5ddfc5f43ea1?s=96&d=mm&r=g","url":"https:\/\/secure.gravatar.com\/avatar\/948b492cce32b586ac2db0eaa926ee87024f7afe218d73b397ea5ddfc5f43ea1?s=96&d=mm&r=g","contentUrl":"https:\/\/secure.gravatar.com\/avatar\/948b492cce32b586ac2db0eaa926ee87024f7afe218d73b397ea5ddfc5f43ea1?s=96&d=mm&r=g","caption":"admin"},"sameAs":["https:\/\/encompaniastj.org"],"url":"https:\/\/encompaniastj.org\/pt-pt\/author\/sjdigital\/"}]}},"_links":{"self":[{"href":"https:\/\/encompaniastj.org\/pt-pt\/wp-json\/wp\/v2\/posts\/14049","targetHints":{"allow":["GET"]}}],"collection":[{"href":"https:\/\/encompaniastj.org\/pt-pt\/wp-json\/wp\/v2\/posts"}],"about":[{"href":"https:\/\/encompaniastj.org\/pt-pt\/wp-json\/wp\/v2\/types\/post"}],"author":[{"embeddable":true,"href":"https:\/\/encompaniastj.org\/pt-pt\/wp-json\/wp\/v2\/users\/1"}],"replies":[{"embeddable":true,"href":"https:\/\/encompaniastj.org\/pt-pt\/wp-json\/wp\/v2\/comments?post=14049"}],"version-history":[{"count":1,"href":"https:\/\/encompaniastj.org\/pt-pt\/wp-json\/wp\/v2\/posts\/14049\/revisions"}],"predecessor-version":[{"id":14052,"href":"https:\/\/encompaniastj.org\/pt-pt\/wp-json\/wp\/v2\/posts\/14049\/revisions\/14052"}],"wp:featuredmedia":[{"embeddable":true,"href":"https:\/\/encompaniastj.org\/pt-pt\/wp-json\/wp\/v2\/media\/7593"}],"wp:attachment":[{"href":"https:\/\/encompaniastj.org\/pt-pt\/wp-json\/wp\/v2\/media?parent=14049"}],"wp:term":[{"taxonomy":"category","embeddable":true,"href":"https:\/\/encompaniastj.org\/pt-pt\/wp-json\/wp\/v2\/categories?post=14049"},{"taxonomy":"post_tag","embeddable":true,"href":"https:\/\/encompaniastj.org\/pt-pt\/wp-json\/wp\/v2\/tags?post=14049"}],"curies":[{"name":"wp","href":"https:\/\/api.w.org\/{rel}","templated":true}]}}