{"id":14045,"date":"2020-11-25T16:44:00","date_gmt":"2020-11-25T15:44:00","guid":{"rendered":"https:\/\/encompaniastj.org\/tira-o-filho-ou-o-burro-do-poco\/"},"modified":"2025-10-14T09:02:22","modified_gmt":"2025-10-14T07:02:22","slug":"tira-o-filho-ou-o-burro-do-poco","status":"publish","type":"post","link":"https:\/\/encompaniastj.org\/pt-pt\/tira-o-filho-ou-o-burro-do-poco\/","title":{"rendered":"TIRA O FILHO OU O BURRO DO PO\u00c7O"},"content":{"rendered":"\n<p>Palavras que me chamaram a aten\u00e7\u00e3o\nquando ouvi Jesus diz\u00ea-las depois de uma pergunta que salva\nvidas, e com outra pergunta a seguir, em que a resposta j\u00e1 vai. Dirige-se\naos fariseus: <\/p>\n\n<p><em>\u00c9 permitido a\n<strong>curar<\/strong> no Sabbath?<\/em><\/p>\n\n<p><em>Sup\u00f5e\nque uma crian\u00e7a ou um burro cai num po\u00e7o, <\/em><em>o\n<strong>n\u00e3o<\/strong> o tira logo <strong>de<\/strong> l\u00e1, <strong>mesmo que<\/strong> seja s\u00e1bado?<\/em><\/p>\n\n<p>\n\u00c9 um exemplo, como\nsempre, de vida... e o facto \u00e9 que o que toca a nossa vida, o que nos toca de perto, \u00e9 o que melhor podemos compreender. \u00c9 tamb\u00e9m o que mais nos ajuda a\ncolocarmo-nos na pele dos outros, dos que est\u00e3o fora ou em casa. E \u00e9 uma oportunidade\ntodos os dias...  <\/p>\n\n<p>Explica-o depois de lhe ter dado\na m\u00e3o e de ter curado uma pessoa que sofria no s\u00e1bado, enquanto\nalguns fariseus o observavam. N\u00e3o o diz antes, como se pedisse autoriza\u00e7\u00e3o... \u00e9\nclaro. Corre o risco, \u00e9 t\u00e3o livre! E s\u00f3 procura o bem das pessoas. S\u00f3\no bem. E, ao faz\u00ea-lo, mostra como \u00e9 Deus.     <\/p>\n\n<p><em>Todos os dias nos \u00e9 oferecida uma nova oportunidade, uma nova etapa\n. N\u00e3o temos que esperar tudo daqueles que nos governam... Desfrutamos<x id=\"gid_1\"><\/x>de um espa\u00e7o de corresponsabilidade capaz de iniciar e gerar novos processos e<x id=\"gid_2\"><\/x>transforma\u00e7\u00f5es. Participemos ativamente na reabilita\u00e7\u00e3o e al\u00edvio das\nsociedades feridas. Hoje temos uma grande oportunidade de manifestar a nossa\ness\u00eancia fraterna.<a href=\"#_ftn1\">\n  <strong>[1]<\/strong>\n<\/a>.   <\/em><\/p>\n\n<p><em>A nossa ess\u00eancia fraterna<\/em>: <em>ser\u00e1 <strong>que<\/strong>\n<\/em>- o filho ou o burro - <em>n\u00e3o o leva <strong>imediatamente<\/strong> para fora<\/em>? <strong>\n  <em>mesmo que<\/em>\n<\/strong><em>\nmesmo que seja s\u00e1bado?<\/em> Leva-o imediatamente para fora. Mesmo que seja s\u00e1bado. N\u00e3o tenhas d\u00favidas. Se tens\nfraternidade essencial.   <\/p>\n\n<p>Estamos ainda em plena pandemia\ne sentimos que este tempo e as suas dificuldades s\u00e3o cada vez maiores. Mas\ntamb\u00e9m reconhecemos que temos condi\u00e7\u00f5es, possibilidades de cuidados e meios que\nmuitos n\u00e3o t\u00eam ou acabaram de perder: trabalho, casa, fam\u00edlia... No meio deste\nmundo e destas circunst\u00e2ncias, como podemos viver <em>a nossa ess\u00eancia fraterna<\/em>?   <\/p>\n\n<p><em>Procuremos os outros e assumamos a realidade que\nnos corresponde sem medo da dor ou da impot\u00eancia, porque nela reside todo o bem\nque Deus semeou no cora\u00e7\u00e3o do ser humano. As dificuldades que\nparecem enormes s\u00e3o a oportunidade de crescer, e n\u00e3o a desculpa para a tristeza\ninerte que favorece a subjuga\u00e7\u00e3o. Mas n\u00e3o o fa\u00e7amos sozinhos, individualmente.\nO samaritano procurou um hospedeiro que pudesse cuidar daquele homem, como\nsomos convidados a convocar e a encontrar-nos num \"n\u00f3s\" que \u00e9\nmais forte do que a soma das pequenas individualidades.<a href=\"#_ftn2\">\n  <strong>[2]<\/strong>\n<\/a>.  \n<\/em><\/p>\n\n<p>Quando \u00e9 que \u00e9 permitido curar, cuidar dos outros, fazer\nalguma coisa pelos outros? n\u00e3o ter\u00e1 de ser ao mesmo tempo? Em breve ouviremos:<em> consolai o meu povo... preparai o caminho para\nSenhor... ficai atentos, pois n\u00e3o sabeis nem o dia nem a hora <\/em>. Hesitaremos em <em>tirar do po\u00e7o o filho ou o burro<\/em>?    <\/p>\n\n<p><em>Uns aos outros\ndesperta e ajuda-te mutuamente<\/em>, diz Teresa\nde Jesus, com quem aprendemos o caminho<a href=\"#_ftn3\">[3].<\/a><br\/><\/p>\n\n<hr class=\"wp-block-separator\"\/>\n\n<p>[<a href=\"#_ftnref1\">1]<\/a> Papa Francisco. Fratelli tutti, 77. <\/p>\n\n<p>[<a href=\"#_ftnref2\">2]<\/a> Ibid. 78<\/p>\n\n<p><a href=\"#_ftnref3\">[3]<\/a> Teresa\nde Jesus. Caminho de Perfei\u00e7\u00e3o 12, 3. <\/p>\n","protected":false},"excerpt":{"rendered":"<p>Palavras que me chamaram a aten\u00e7\u00e3o quando ouvi Jesus diz\u00ea-las depois de uma pergunta que salva vidas, e com outra pergunta a seguir, em que a resposta j\u00e1 vai. Dirige-se [&hellip;]<\/p>\n","protected":false},"author":1,"featured_media":7594,"comment_status":"open","ping_status":"open","sticky":false,"template":"","format":"standard","meta":{"_acf_changed":false,"footnotes":""},"categories":[77],"tags":[],"class_list":["post-14045","post","type-post","status-publish","format-standard","has-post-thumbnail","hentry","category-palabras"],"acf":[],"yoast_head":"<!-- This site is optimized with the Yoast SEO plugin v27.5 - https:\/\/yoast.com\/product\/yoast-seo-wordpress\/ -->\n<title>TIRA O FILHO OU O BURRO DO PO\u00c7O - En Compa\u00f1\u00eda STJ<\/title>\n<meta name=\"robots\" content=\"index, follow, max-snippet:-1, max-image-preview:large, max-video-preview:-1\" \/>\n<link rel=\"canonical\" href=\"https:\/\/encompaniastj.org\/pt-pt\/tira-o-filho-ou-o-burro-do-poco\/\" \/>\n<meta property=\"og:locale\" content=\"pt_PT\" \/>\n<meta property=\"og:type\" content=\"article\" \/>\n<meta property=\"og:title\" content=\"TIRA O FILHO OU O BURRO DO PO\u00c7O - En Compa\u00f1\u00eda STJ\" \/>\n<meta property=\"og:description\" content=\"Palavras que me chamaram a aten\u00e7\u00e3o quando ouvi Jesus diz\u00ea-las depois de uma pergunta que salva vidas, e com outra pergunta a seguir, em que a resposta j\u00e1 vai. Dirige-se [&hellip;]\" \/>\n<meta property=\"og:url\" content=\"https:\/\/encompaniastj.org\/pt-pt\/tira-o-filho-ou-o-burro-do-poco\/\" \/>\n<meta property=\"og:site_name\" content=\"En Compa\u00f1\u00eda STJ\" \/>\n<meta property=\"article:published_time\" content=\"2020-11-25T15:44:00+00:00\" \/>\n<meta property=\"article:modified_time\" content=\"2025-10-14T07:02:22+00:00\" \/>\n<meta property=\"og:image\" content=\"https:\/\/encompaniastj.org\/wp-content\/uploads\/2025\/05\/palabrasnov.jpg\" \/>\n\t<meta property=\"og:image:width\" content=\"300\" \/>\n\t<meta property=\"og:image:height\" content=\"392\" \/>\n\t<meta property=\"og:image:type\" content=\"image\/jpeg\" \/>\n<meta name=\"author\" content=\"admin\" \/>\n<meta name=\"twitter:card\" content=\"summary_large_image\" \/>\n<meta name=\"twitter:label1\" content=\"Escrito por\" \/>\n\t<meta name=\"twitter:data1\" content=\"admin\" \/>\n\t<meta name=\"twitter:label2\" content=\"Tempo estimado de leitura\" \/>\n\t<meta name=\"twitter:data2\" content=\"3 minutos\" \/>\n<script type=\"application\/ld+json\" class=\"yoast-schema-graph\">{\"@context\":\"https:\\\/\\\/schema.org\",\"@graph\":[{\"@type\":\"Article\",\"@id\":\"https:\\\/\\\/encompaniastj.org\\\/pt-pt\\\/tira-o-filho-ou-o-burro-do-poco\\\/#article\",\"isPartOf\":{\"@id\":\"https:\\\/\\\/encompaniastj.org\\\/pt-pt\\\/tira-o-filho-ou-o-burro-do-poco\\\/\"},\"author\":{\"name\":\"admin\",\"@id\":\"https:\\\/\\\/encompaniastj.org\\\/pt-pt\\\/#\\\/schema\\\/person\\\/520e7ecc314793d40091993c2a02b651\"},\"headline\":\"TIRA O FILHO OU O BURRO DO PO\u00c7O\",\"datePublished\":\"2020-11-25T15:44:00+00:00\",\"dateModified\":\"2025-10-14T07:02:22+00:00\",\"mainEntityOfPage\":{\"@id\":\"https:\\\/\\\/encompaniastj.org\\\/pt-pt\\\/tira-o-filho-ou-o-burro-do-poco\\\/\"},\"wordCount\":536,\"commentCount\":0,\"publisher\":{\"@id\":\"https:\\\/\\\/encompaniastj.org\\\/pt-pt\\\/#organization\"},\"image\":{\"@id\":\"https:\\\/\\\/encompaniastj.org\\\/pt-pt\\\/tira-o-filho-ou-o-burro-do-poco\\\/#primaryimage\"},\"thumbnailUrl\":\"https:\\\/\\\/encompaniastj.org\\\/wp-content\\\/uploads\\\/2025\\\/05\\\/palabrasnov.jpg\",\"articleSection\":[\"Palabras\"],\"inLanguage\":\"pt-PT\",\"potentialAction\":[{\"@type\":\"CommentAction\",\"name\":\"Comment\",\"target\":[\"https:\\\/\\\/encompaniastj.org\\\/pt-pt\\\/tira-o-filho-ou-o-burro-do-poco\\\/#respond\"]}]},{\"@type\":\"WebPage\",\"@id\":\"https:\\\/\\\/encompaniastj.org\\\/pt-pt\\\/tira-o-filho-ou-o-burro-do-poco\\\/\",\"url\":\"https:\\\/\\\/encompaniastj.org\\\/pt-pt\\\/tira-o-filho-ou-o-burro-do-poco\\\/\",\"name\":\"TIRA O FILHO OU O BURRO DO PO\u00c7O - En Compa\u00f1\u00eda STJ\",\"isPartOf\":{\"@id\":\"https:\\\/\\\/encompaniastj.org\\\/pt-pt\\\/#website\"},\"primaryImageOfPage\":{\"@id\":\"https:\\\/\\\/encompaniastj.org\\\/pt-pt\\\/tira-o-filho-ou-o-burro-do-poco\\\/#primaryimage\"},\"image\":{\"@id\":\"https:\\\/\\\/encompaniastj.org\\\/pt-pt\\\/tira-o-filho-ou-o-burro-do-poco\\\/#primaryimage\"},\"thumbnailUrl\":\"https:\\\/\\\/encompaniastj.org\\\/wp-content\\\/uploads\\\/2025\\\/05\\\/palabrasnov.jpg\",\"datePublished\":\"2020-11-25T15:44:00+00:00\",\"dateModified\":\"2025-10-14T07:02:22+00:00\",\"breadcrumb\":{\"@id\":\"https:\\\/\\\/encompaniastj.org\\\/pt-pt\\\/tira-o-filho-ou-o-burro-do-poco\\\/#breadcrumb\"},\"inLanguage\":\"pt-PT\",\"potentialAction\":[{\"@type\":\"ReadAction\",\"target\":[\"https:\\\/\\\/encompaniastj.org\\\/pt-pt\\\/tira-o-filho-ou-o-burro-do-poco\\\/\"]}]},{\"@type\":\"ImageObject\",\"inLanguage\":\"pt-PT\",\"@id\":\"https:\\\/\\\/encompaniastj.org\\\/pt-pt\\\/tira-o-filho-ou-o-burro-do-poco\\\/#primaryimage\",\"url\":\"https:\\\/\\\/encompaniastj.org\\\/wp-content\\\/uploads\\\/2025\\\/05\\\/palabrasnov.jpg\",\"contentUrl\":\"https:\\\/\\\/encompaniastj.org\\\/wp-content\\\/uploads\\\/2025\\\/05\\\/palabrasnov.jpg\",\"width\":300,\"height\":392},{\"@type\":\"BreadcrumbList\",\"@id\":\"https:\\\/\\\/encompaniastj.org\\\/pt-pt\\\/tira-o-filho-ou-o-burro-do-poco\\\/#breadcrumb\",\"itemListElement\":[{\"@type\":\"ListItem\",\"position\":1,\"name\":\"Portada\",\"item\":\"https:\\\/\\\/encompaniastj.org\\\/pt-pt\\\/\"},{\"@type\":\"ListItem\",\"position\":2,\"name\":\"TIRA O FILHO OU O BURRO DO PO\u00c7O\"}]},{\"@type\":\"WebSite\",\"@id\":\"https:\\\/\\\/encompaniastj.org\\\/pt-pt\\\/#website\",\"url\":\"https:\\\/\\\/encompaniastj.org\\\/pt-pt\\\/\",\"name\":\"En Compa\u00f1\u00eda STJ\",\"description\":\"Bolet\u00edn de la Compa\u00f1\u00eda de Santa Teresa de Jes\u00fas\",\"publisher\":{\"@id\":\"https:\\\/\\\/encompaniastj.org\\\/pt-pt\\\/#organization\"},\"potentialAction\":[{\"@type\":\"SearchAction\",\"target\":{\"@type\":\"EntryPoint\",\"urlTemplate\":\"https:\\\/\\\/encompaniastj.org\\\/pt-pt\\\/?s={search_term_string}\"},\"query-input\":{\"@type\":\"PropertyValueSpecification\",\"valueRequired\":true,\"valueName\":\"search_term_string\"}}],\"inLanguage\":\"pt-PT\"},{\"@type\":\"Organization\",\"@id\":\"https:\\\/\\\/encompaniastj.org\\\/pt-pt\\\/#organization\",\"name\":\"Compa\u00f1\u00eda de Santa Teresa de Jes\u00fas\",\"url\":\"https:\\\/\\\/encompaniastj.org\\\/pt-pt\\\/\",\"logo\":{\"@type\":\"ImageObject\",\"inLanguage\":\"pt-PT\",\"@id\":\"https:\\\/\\\/encompaniastj.org\\\/pt-pt\\\/#\\\/schema\\\/logo\\\/image\\\/\",\"url\":\"https:\\\/\\\/encompaniastj.org\\\/wp-content\\\/uploads\\\/2025\\\/04\\\/logo_provincias02-1-3.png\",\"contentUrl\":\"https:\\\/\\\/encompaniastj.org\\\/wp-content\\\/uploads\\\/2025\\\/04\\\/logo_provincias02-1-3.png\",\"width\":2368,\"height\":825,\"caption\":\"Compa\u00f1\u00eda de Santa Teresa de Jes\u00fas\"},\"image\":{\"@id\":\"https:\\\/\\\/encompaniastj.org\\\/pt-pt\\\/#\\\/schema\\\/logo\\\/image\\\/\"}},{\"@type\":\"Person\",\"@id\":\"https:\\\/\\\/encompaniastj.org\\\/pt-pt\\\/#\\\/schema\\\/person\\\/520e7ecc314793d40091993c2a02b651\",\"name\":\"admin\",\"image\":{\"@type\":\"ImageObject\",\"inLanguage\":\"pt-PT\",\"@id\":\"https:\\\/\\\/secure.gravatar.com\\\/avatar\\\/948b492cce32b586ac2db0eaa926ee87024f7afe218d73b397ea5ddfc5f43ea1?s=96&d=mm&r=g\",\"url\":\"https:\\\/\\\/secure.gravatar.com\\\/avatar\\\/948b492cce32b586ac2db0eaa926ee87024f7afe218d73b397ea5ddfc5f43ea1?s=96&d=mm&r=g\",\"contentUrl\":\"https:\\\/\\\/secure.gravatar.com\\\/avatar\\\/948b492cce32b586ac2db0eaa926ee87024f7afe218d73b397ea5ddfc5f43ea1?s=96&d=mm&r=g\",\"caption\":\"admin\"},\"sameAs\":[\"https:\\\/\\\/encompaniastj.org\"],\"url\":\"https:\\\/\\\/encompaniastj.org\\\/pt-pt\\\/author\\\/sjdigital\\\/\"}]}<\/script>\n<!-- \/ Yoast SEO plugin. -->","yoast_head_json":{"title":"TIRA O FILHO OU O BURRO DO PO\u00c7O - En Compa\u00f1\u00eda STJ","robots":{"index":"index","follow":"follow","max-snippet":"max-snippet:-1","max-image-preview":"max-image-preview:large","max-video-preview":"max-video-preview:-1"},"canonical":"https:\/\/encompaniastj.org\/pt-pt\/tira-o-filho-ou-o-burro-do-poco\/","og_locale":"pt_PT","og_type":"article","og_title":"TIRA O FILHO OU O BURRO DO PO\u00c7O - En Compa\u00f1\u00eda STJ","og_description":"Palavras que me chamaram a aten\u00e7\u00e3o quando ouvi Jesus diz\u00ea-las depois de uma pergunta que salva vidas, e com outra pergunta a seguir, em que a resposta j\u00e1 vai. Dirige-se [&hellip;]","og_url":"https:\/\/encompaniastj.org\/pt-pt\/tira-o-filho-ou-o-burro-do-poco\/","og_site_name":"En Compa\u00f1\u00eda STJ","article_published_time":"2020-11-25T15:44:00+00:00","article_modified_time":"2025-10-14T07:02:22+00:00","og_image":[{"width":300,"height":392,"url":"https:\/\/encompaniastj.org\/wp-content\/uploads\/2025\/05\/palabrasnov.jpg","type":"image\/jpeg"}],"author":"admin","twitter_card":"summary_large_image","twitter_misc":{"Escrito por":"admin","Tempo estimado de leitura":"3 minutos"},"schema":{"@context":"https:\/\/schema.org","@graph":[{"@type":"Article","@id":"https:\/\/encompaniastj.org\/pt-pt\/tira-o-filho-ou-o-burro-do-poco\/#article","isPartOf":{"@id":"https:\/\/encompaniastj.org\/pt-pt\/tira-o-filho-ou-o-burro-do-poco\/"},"author":{"name":"admin","@id":"https:\/\/encompaniastj.org\/pt-pt\/#\/schema\/person\/520e7ecc314793d40091993c2a02b651"},"headline":"TIRA O FILHO OU O BURRO DO PO\u00c7O","datePublished":"2020-11-25T15:44:00+00:00","dateModified":"2025-10-14T07:02:22+00:00","mainEntityOfPage":{"@id":"https:\/\/encompaniastj.org\/pt-pt\/tira-o-filho-ou-o-burro-do-poco\/"},"wordCount":536,"commentCount":0,"publisher":{"@id":"https:\/\/encompaniastj.org\/pt-pt\/#organization"},"image":{"@id":"https:\/\/encompaniastj.org\/pt-pt\/tira-o-filho-ou-o-burro-do-poco\/#primaryimage"},"thumbnailUrl":"https:\/\/encompaniastj.org\/wp-content\/uploads\/2025\/05\/palabrasnov.jpg","articleSection":["Palabras"],"inLanguage":"pt-PT","potentialAction":[{"@type":"CommentAction","name":"Comment","target":["https:\/\/encompaniastj.org\/pt-pt\/tira-o-filho-ou-o-burro-do-poco\/#respond"]}]},{"@type":"WebPage","@id":"https:\/\/encompaniastj.org\/pt-pt\/tira-o-filho-ou-o-burro-do-poco\/","url":"https:\/\/encompaniastj.org\/pt-pt\/tira-o-filho-ou-o-burro-do-poco\/","name":"TIRA O FILHO OU O BURRO DO PO\u00c7O - En Compa\u00f1\u00eda STJ","isPartOf":{"@id":"https:\/\/encompaniastj.org\/pt-pt\/#website"},"primaryImageOfPage":{"@id":"https:\/\/encompaniastj.org\/pt-pt\/tira-o-filho-ou-o-burro-do-poco\/#primaryimage"},"image":{"@id":"https:\/\/encompaniastj.org\/pt-pt\/tira-o-filho-ou-o-burro-do-poco\/#primaryimage"},"thumbnailUrl":"https:\/\/encompaniastj.org\/wp-content\/uploads\/2025\/05\/palabrasnov.jpg","datePublished":"2020-11-25T15:44:00+00:00","dateModified":"2025-10-14T07:02:22+00:00","breadcrumb":{"@id":"https:\/\/encompaniastj.org\/pt-pt\/tira-o-filho-ou-o-burro-do-poco\/#breadcrumb"},"inLanguage":"pt-PT","potentialAction":[{"@type":"ReadAction","target":["https:\/\/encompaniastj.org\/pt-pt\/tira-o-filho-ou-o-burro-do-poco\/"]}]},{"@type":"ImageObject","inLanguage":"pt-PT","@id":"https:\/\/encompaniastj.org\/pt-pt\/tira-o-filho-ou-o-burro-do-poco\/#primaryimage","url":"https:\/\/encompaniastj.org\/wp-content\/uploads\/2025\/05\/palabrasnov.jpg","contentUrl":"https:\/\/encompaniastj.org\/wp-content\/uploads\/2025\/05\/palabrasnov.jpg","width":300,"height":392},{"@type":"BreadcrumbList","@id":"https:\/\/encompaniastj.org\/pt-pt\/tira-o-filho-ou-o-burro-do-poco\/#breadcrumb","itemListElement":[{"@type":"ListItem","position":1,"name":"Portada","item":"https:\/\/encompaniastj.org\/pt-pt\/"},{"@type":"ListItem","position":2,"name":"TIRA O FILHO OU O BURRO DO PO\u00c7O"}]},{"@type":"WebSite","@id":"https:\/\/encompaniastj.org\/pt-pt\/#website","url":"https:\/\/encompaniastj.org\/pt-pt\/","name":"En Compa\u00f1\u00eda STJ","description":"Bolet\u00edn de la Compa\u00f1\u00eda de Santa Teresa de Jes\u00fas","publisher":{"@id":"https:\/\/encompaniastj.org\/pt-pt\/#organization"},"potentialAction":[{"@type":"SearchAction","target":{"@type":"EntryPoint","urlTemplate":"https:\/\/encompaniastj.org\/pt-pt\/?s={search_term_string}"},"query-input":{"@type":"PropertyValueSpecification","valueRequired":true,"valueName":"search_term_string"}}],"inLanguage":"pt-PT"},{"@type":"Organization","@id":"https:\/\/encompaniastj.org\/pt-pt\/#organization","name":"Compa\u00f1\u00eda de Santa Teresa de Jes\u00fas","url":"https:\/\/encompaniastj.org\/pt-pt\/","logo":{"@type":"ImageObject","inLanguage":"pt-PT","@id":"https:\/\/encompaniastj.org\/pt-pt\/#\/schema\/logo\/image\/","url":"https:\/\/encompaniastj.org\/wp-content\/uploads\/2025\/04\/logo_provincias02-1-3.png","contentUrl":"https:\/\/encompaniastj.org\/wp-content\/uploads\/2025\/04\/logo_provincias02-1-3.png","width":2368,"height":825,"caption":"Compa\u00f1\u00eda de Santa Teresa de Jes\u00fas"},"image":{"@id":"https:\/\/encompaniastj.org\/pt-pt\/#\/schema\/logo\/image\/"}},{"@type":"Person","@id":"https:\/\/encompaniastj.org\/pt-pt\/#\/schema\/person\/520e7ecc314793d40091993c2a02b651","name":"admin","image":{"@type":"ImageObject","inLanguage":"pt-PT","@id":"https:\/\/secure.gravatar.com\/avatar\/948b492cce32b586ac2db0eaa926ee87024f7afe218d73b397ea5ddfc5f43ea1?s=96&d=mm&r=g","url":"https:\/\/secure.gravatar.com\/avatar\/948b492cce32b586ac2db0eaa926ee87024f7afe218d73b397ea5ddfc5f43ea1?s=96&d=mm&r=g","contentUrl":"https:\/\/secure.gravatar.com\/avatar\/948b492cce32b586ac2db0eaa926ee87024f7afe218d73b397ea5ddfc5f43ea1?s=96&d=mm&r=g","caption":"admin"},"sameAs":["https:\/\/encompaniastj.org"],"url":"https:\/\/encompaniastj.org\/pt-pt\/author\/sjdigital\/"}]}},"_links":{"self":[{"href":"https:\/\/encompaniastj.org\/pt-pt\/wp-json\/wp\/v2\/posts\/14045","targetHints":{"allow":["GET"]}}],"collection":[{"href":"https:\/\/encompaniastj.org\/pt-pt\/wp-json\/wp\/v2\/posts"}],"about":[{"href":"https:\/\/encompaniastj.org\/pt-pt\/wp-json\/wp\/v2\/types\/post"}],"author":[{"embeddable":true,"href":"https:\/\/encompaniastj.org\/pt-pt\/wp-json\/wp\/v2\/users\/1"}],"replies":[{"embeddable":true,"href":"https:\/\/encompaniastj.org\/pt-pt\/wp-json\/wp\/v2\/comments?post=14045"}],"version-history":[{"count":1,"href":"https:\/\/encompaniastj.org\/pt-pt\/wp-json\/wp\/v2\/posts\/14045\/revisions"}],"predecessor-version":[{"id":14047,"href":"https:\/\/encompaniastj.org\/pt-pt\/wp-json\/wp\/v2\/posts\/14045\/revisions\/14047"}],"wp:featuredmedia":[{"embeddable":true,"href":"https:\/\/encompaniastj.org\/pt-pt\/wp-json\/wp\/v2\/media\/7594"}],"wp:attachment":[{"href":"https:\/\/encompaniastj.org\/pt-pt\/wp-json\/wp\/v2\/media?parent=14045"}],"wp:term":[{"taxonomy":"category","embeddable":true,"href":"https:\/\/encompaniastj.org\/pt-pt\/wp-json\/wp\/v2\/categories?post=14045"},{"taxonomy":"post_tag","embeddable":true,"href":"https:\/\/encompaniastj.org\/pt-pt\/wp-json\/wp\/v2\/tags?post=14045"}],"curies":[{"name":"wp","href":"https:\/\/api.w.org\/{rel}","templated":true}]}}