{"id":14038,"date":"2020-12-03T14:26:23","date_gmt":"2020-12-03T13:26:23","guid":{"rendered":"https:\/\/encompaniastj.org\/sr-ma-dolores-ibarguren-iturzaeta-3-de-dezembro-de-2020-san-sebastian-residencia\/"},"modified":"2025-10-14T09:02:21","modified_gmt":"2025-10-14T07:02:21","slug":"sr-ma-dolores-ibarguren-iturzaeta-3-de-dezembro-de-2020-san-sebastian-residencia","status":"publish","type":"post","link":"https:\/\/encompaniastj.org\/pt-pt\/sr-ma-dolores-ibarguren-iturzaeta-3-de-dezembro-de-2020-san-sebastian-residencia\/","title":{"rendered":"Sr. M\u00aa Dolores Ibarguren Iturzaeta. 3 de dezembro de 2020. (San Sebastian-Resid\u00eancia)"},"content":{"rendered":"\n<p>No dia 3 de dezembro despedimo-nos da nossa irm\u00e3 M\u00aa\nDolores de Cristo Rey Ibarguren Iturzaeta e, ao faz\u00ea-lo, despedimo-nos de uma boa mulher,\n\u00edntegra, leal e fiel seguidora de Jesus.<\/p>\n\n<p>Nasce na bela aldeia de Aia, numa\nfam\u00edlia de profundas ra\u00edzes crist\u00e3s, o que faz com que desde o in\u00edcio da sua\nvida se alimente do esp\u00edrito evang\u00e9lico que se vive em casa. Esta foi a base\nque a levou a entregar a sua vida a Deus, consagrando-se a Ele na Companhia de\nSanta Teresa desde 1956. <\/p>\n\n<p>A sua\nmem\u00f3ria est\u00e1 ligada aos aspectos fundamentais da sua atividade de enfermeira,\n, que exerceu durante anos na Comunidade Ganduxer, onde ajudou muitas irm\u00e3s a\nmorrer com paz e carinho, como n\u00f3s cuid\u00e1mos dela aqui.<\/p>\n\n<p>Ao longo de toda a sua vida,\ntem estado de boa sa\u00fade e esta boa condi\u00e7\u00e3o f\u00edsica, juntamente com\ne uma grande for\u00e7a de car\u00e1cter, permitiu-lhe ser uma mulher ativa, trabalhadora\ne organizada.<\/p>\n\n<p>Ela chegou\na esta casa no final do ver\u00e3o de 2018, e aqueles de n\u00f3s que viveram com ela durante este\ncurto per\u00edodo da sua vida, puderam ver que a sua r\u00e1pida deteriora\u00e7\u00e3o foi\nacompanhada por uma reviravolta total no seu temperamento. Ela, que n\u00e3o era dada a\nmelindres ou contempla\u00e7\u00f5es, no final da sua vida mostrou que tinha um cora\u00e7\u00e3o terno,\ngrata a car\u00edcias, doadora de ternura temperada com uma pitada de\nmal\u00edcia quando te piscava o olho em sinal de gratid\u00e3o ou prazer. <\/p>\n\n<p>No dia em que a Igreja celebrou a festa de S.\nFrancisco Xavier, despedimo-nos de Maria Dolores, adeus a uma verdadeira Teresiana\nque entregou a sua vida ao servi\u00e7o do Reino e que agora diz com o Nosso\nPai as palavras que disse a si mesmo:<\/p>\n\n<p>\"Deus cuidou de mim e de todos os meus bens; nada me\nfaltar\u00e1. Deus \u00e9 sol\u00edcito e cuidadoso para comigo\". <\/p>\n","protected":false},"excerpt":{"rendered":"<p>No dia 3 de dezembro despedimo-nos da nossa irm\u00e3 M\u00aa Dolores de Cristo Rey Ibarguren Iturzaeta e, ao faz\u00ea-lo, despedimo-nos de uma boa mulher, \u00edntegra, leal e fiel seguidora de [&hellip;]<\/p>\n","protected":false},"author":1,"featured_media":7601,"comment_status":"open","ping_status":"open","sticky":false,"template":"","format":"standard","meta":{"_acf_changed":false,"footnotes":""},"categories":[63],"tags":[],"class_list":["post-14038","post","type-post","status-publish","format-standard","has-post-thumbnail","hentry","category-fallecimientos"],"acf":[],"yoast_head":"<!-- This site is optimized with the Yoast SEO plugin v27.5 - https:\/\/yoast.com\/product\/yoast-seo-wordpress\/ -->\n<title>Sr. M\u00aa Dolores Ibarguren Iturzaeta. 3 de dezembro de 2020. (San Sebastian-Resid\u00eancia) - En Compa\u00f1\u00eda STJ<\/title>\n<meta name=\"robots\" content=\"index, follow, max-snippet:-1, max-image-preview:large, max-video-preview:-1\" \/>\n<link rel=\"canonical\" href=\"https:\/\/encompaniastj.org\/pt-pt\/sr-ma-dolores-ibarguren-iturzaeta-3-de-dezembro-de-2020-san-sebastian-residencia\/\" \/>\n<meta property=\"og:locale\" content=\"pt_PT\" \/>\n<meta property=\"og:type\" content=\"article\" \/>\n<meta property=\"og:title\" content=\"Sr. M\u00aa Dolores Ibarguren Iturzaeta. 3 de dezembro de 2020. (San Sebastian-Resid\u00eancia) - En Compa\u00f1\u00eda STJ\" \/>\n<meta property=\"og:description\" content=\"No dia 3 de dezembro despedimo-nos da nossa irm\u00e3 M\u00aa Dolores de Cristo Rey Ibarguren Iturzaeta e, ao faz\u00ea-lo, despedimo-nos de uma boa mulher, \u00edntegra, leal e fiel seguidora de [&hellip;]\" \/>\n<meta property=\"og:url\" content=\"https:\/\/encompaniastj.org\/pt-pt\/sr-ma-dolores-ibarguren-iturzaeta-3-de-dezembro-de-2020-san-sebastian-residencia\/\" \/>\n<meta property=\"og:site_name\" content=\"En Compa\u00f1\u00eda STJ\" \/>\n<meta property=\"article:published_time\" content=\"2020-12-03T13:26:23+00:00\" \/>\n<meta property=\"article:modified_time\" content=\"2025-10-14T07:02:21+00:00\" \/>\n<meta property=\"og:image\" content=\"https:\/\/encompaniastj.org\/wp-content\/uploads\/2025\/05\/autumn-3846345_1280.jpg\" \/>\n\t<meta property=\"og:image:width\" content=\"1280\" \/>\n\t<meta property=\"og:image:height\" content=\"719\" \/>\n\t<meta property=\"og:image:type\" content=\"image\/jpeg\" \/>\n<meta name=\"author\" content=\"admin\" \/>\n<meta name=\"twitter:card\" content=\"summary_large_image\" \/>\n<meta name=\"twitter:label1\" content=\"Escrito por\" \/>\n\t<meta name=\"twitter:data1\" content=\"admin\" \/>\n\t<meta name=\"twitter:label2\" content=\"Tempo estimado de leitura\" \/>\n\t<meta name=\"twitter:data2\" content=\"2 minutos\" \/>\n<script type=\"application\/ld+json\" class=\"yoast-schema-graph\">{\"@context\":\"https:\\\/\\\/schema.org\",\"@graph\":[{\"@type\":\"Article\",\"@id\":\"https:\\\/\\\/encompaniastj.org\\\/pt-pt\\\/sr-ma-dolores-ibarguren-iturzaeta-3-de-dezembro-de-2020-san-sebastian-residencia\\\/#article\",\"isPartOf\":{\"@id\":\"https:\\\/\\\/encompaniastj.org\\\/pt-pt\\\/sr-ma-dolores-ibarguren-iturzaeta-3-de-dezembro-de-2020-san-sebastian-residencia\\\/\"},\"author\":{\"name\":\"admin\",\"@id\":\"https:\\\/\\\/encompaniastj.org\\\/pt-pt\\\/#\\\/schema\\\/person\\\/520e7ecc314793d40091993c2a02b651\"},\"headline\":\"Sr. M\u00aa Dolores Ibarguren Iturzaeta. 3 de dezembro de 2020. (San Sebastian-Resid\u00eancia)\",\"datePublished\":\"2020-12-03T13:26:23+00:00\",\"dateModified\":\"2025-10-14T07:02:21+00:00\",\"mainEntityOfPage\":{\"@id\":\"https:\\\/\\\/encompaniastj.org\\\/pt-pt\\\/sr-ma-dolores-ibarguren-iturzaeta-3-de-dezembro-de-2020-san-sebastian-residencia\\\/\"},\"wordCount\":343,\"commentCount\":0,\"publisher\":{\"@id\":\"https:\\\/\\\/encompaniastj.org\\\/pt-pt\\\/#organization\"},\"image\":{\"@id\":\"https:\\\/\\\/encompaniastj.org\\\/pt-pt\\\/sr-ma-dolores-ibarguren-iturzaeta-3-de-dezembro-de-2020-san-sebastian-residencia\\\/#primaryimage\"},\"thumbnailUrl\":\"https:\\\/\\\/encompaniastj.org\\\/wp-content\\\/uploads\\\/2025\\\/05\\\/autumn-3846345_1280.jpg\",\"articleSection\":[\"Fallecimientos\"],\"inLanguage\":\"pt-PT\",\"potentialAction\":[{\"@type\":\"CommentAction\",\"name\":\"Comment\",\"target\":[\"https:\\\/\\\/encompaniastj.org\\\/pt-pt\\\/sr-ma-dolores-ibarguren-iturzaeta-3-de-dezembro-de-2020-san-sebastian-residencia\\\/#respond\"]}]},{\"@type\":\"WebPage\",\"@id\":\"https:\\\/\\\/encompaniastj.org\\\/pt-pt\\\/sr-ma-dolores-ibarguren-iturzaeta-3-de-dezembro-de-2020-san-sebastian-residencia\\\/\",\"url\":\"https:\\\/\\\/encompaniastj.org\\\/pt-pt\\\/sr-ma-dolores-ibarguren-iturzaeta-3-de-dezembro-de-2020-san-sebastian-residencia\\\/\",\"name\":\"Sr. M\u00aa Dolores Ibarguren Iturzaeta. 3 de dezembro de 2020. (San Sebastian-Resid\u00eancia) - En Compa\u00f1\u00eda STJ\",\"isPartOf\":{\"@id\":\"https:\\\/\\\/encompaniastj.org\\\/pt-pt\\\/#website\"},\"primaryImageOfPage\":{\"@id\":\"https:\\\/\\\/encompaniastj.org\\\/pt-pt\\\/sr-ma-dolores-ibarguren-iturzaeta-3-de-dezembro-de-2020-san-sebastian-residencia\\\/#primaryimage\"},\"image\":{\"@id\":\"https:\\\/\\\/encompaniastj.org\\\/pt-pt\\\/sr-ma-dolores-ibarguren-iturzaeta-3-de-dezembro-de-2020-san-sebastian-residencia\\\/#primaryimage\"},\"thumbnailUrl\":\"https:\\\/\\\/encompaniastj.org\\\/wp-content\\\/uploads\\\/2025\\\/05\\\/autumn-3846345_1280.jpg\",\"datePublished\":\"2020-12-03T13:26:23+00:00\",\"dateModified\":\"2025-10-14T07:02:21+00:00\",\"breadcrumb\":{\"@id\":\"https:\\\/\\\/encompaniastj.org\\\/pt-pt\\\/sr-ma-dolores-ibarguren-iturzaeta-3-de-dezembro-de-2020-san-sebastian-residencia\\\/#breadcrumb\"},\"inLanguage\":\"pt-PT\",\"potentialAction\":[{\"@type\":\"ReadAction\",\"target\":[\"https:\\\/\\\/encompaniastj.org\\\/pt-pt\\\/sr-ma-dolores-ibarguren-iturzaeta-3-de-dezembro-de-2020-san-sebastian-residencia\\\/\"]}]},{\"@type\":\"ImageObject\",\"inLanguage\":\"pt-PT\",\"@id\":\"https:\\\/\\\/encompaniastj.org\\\/pt-pt\\\/sr-ma-dolores-ibarguren-iturzaeta-3-de-dezembro-de-2020-san-sebastian-residencia\\\/#primaryimage\",\"url\":\"https:\\\/\\\/encompaniastj.org\\\/wp-content\\\/uploads\\\/2025\\\/05\\\/autumn-3846345_1280.jpg\",\"contentUrl\":\"https:\\\/\\\/encompaniastj.org\\\/wp-content\\\/uploads\\\/2025\\\/05\\\/autumn-3846345_1280.jpg\",\"width\":1280,\"height\":719},{\"@type\":\"BreadcrumbList\",\"@id\":\"https:\\\/\\\/encompaniastj.org\\\/pt-pt\\\/sr-ma-dolores-ibarguren-iturzaeta-3-de-dezembro-de-2020-san-sebastian-residencia\\\/#breadcrumb\",\"itemListElement\":[{\"@type\":\"ListItem\",\"position\":1,\"name\":\"Portada\",\"item\":\"https:\\\/\\\/encompaniastj.org\\\/pt-pt\\\/\"},{\"@type\":\"ListItem\",\"position\":2,\"name\":\"Sr. M\u00aa Dolores Ibarguren Iturzaeta. 3 de dezembro de 2020. (San Sebastian-Resid\u00eancia)\"}]},{\"@type\":\"WebSite\",\"@id\":\"https:\\\/\\\/encompaniastj.org\\\/pt-pt\\\/#website\",\"url\":\"https:\\\/\\\/encompaniastj.org\\\/pt-pt\\\/\",\"name\":\"En Compa\u00f1\u00eda STJ\",\"description\":\"Bolet\u00edn de la Compa\u00f1\u00eda de Santa Teresa de Jes\u00fas\",\"publisher\":{\"@id\":\"https:\\\/\\\/encompaniastj.org\\\/pt-pt\\\/#organization\"},\"potentialAction\":[{\"@type\":\"SearchAction\",\"target\":{\"@type\":\"EntryPoint\",\"urlTemplate\":\"https:\\\/\\\/encompaniastj.org\\\/pt-pt\\\/?s={search_term_string}\"},\"query-input\":{\"@type\":\"PropertyValueSpecification\",\"valueRequired\":true,\"valueName\":\"search_term_string\"}}],\"inLanguage\":\"pt-PT\"},{\"@type\":\"Organization\",\"@id\":\"https:\\\/\\\/encompaniastj.org\\\/pt-pt\\\/#organization\",\"name\":\"Compa\u00f1\u00eda de Santa Teresa de Jes\u00fas\",\"url\":\"https:\\\/\\\/encompaniastj.org\\\/pt-pt\\\/\",\"logo\":{\"@type\":\"ImageObject\",\"inLanguage\":\"pt-PT\",\"@id\":\"https:\\\/\\\/encompaniastj.org\\\/pt-pt\\\/#\\\/schema\\\/logo\\\/image\\\/\",\"url\":\"https:\\\/\\\/encompaniastj.org\\\/wp-content\\\/uploads\\\/2025\\\/04\\\/logo_provincias02-1-3.png\",\"contentUrl\":\"https:\\\/\\\/encompaniastj.org\\\/wp-content\\\/uploads\\\/2025\\\/04\\\/logo_provincias02-1-3.png\",\"width\":2368,\"height\":825,\"caption\":\"Compa\u00f1\u00eda de Santa Teresa de Jes\u00fas\"},\"image\":{\"@id\":\"https:\\\/\\\/encompaniastj.org\\\/pt-pt\\\/#\\\/schema\\\/logo\\\/image\\\/\"}},{\"@type\":\"Person\",\"@id\":\"https:\\\/\\\/encompaniastj.org\\\/pt-pt\\\/#\\\/schema\\\/person\\\/520e7ecc314793d40091993c2a02b651\",\"name\":\"admin\",\"image\":{\"@type\":\"ImageObject\",\"inLanguage\":\"pt-PT\",\"@id\":\"https:\\\/\\\/secure.gravatar.com\\\/avatar\\\/948b492cce32b586ac2db0eaa926ee87024f7afe218d73b397ea5ddfc5f43ea1?s=96&d=mm&r=g\",\"url\":\"https:\\\/\\\/secure.gravatar.com\\\/avatar\\\/948b492cce32b586ac2db0eaa926ee87024f7afe218d73b397ea5ddfc5f43ea1?s=96&d=mm&r=g\",\"contentUrl\":\"https:\\\/\\\/secure.gravatar.com\\\/avatar\\\/948b492cce32b586ac2db0eaa926ee87024f7afe218d73b397ea5ddfc5f43ea1?s=96&d=mm&r=g\",\"caption\":\"admin\"},\"sameAs\":[\"https:\\\/\\\/encompaniastj.org\"],\"url\":\"https:\\\/\\\/encompaniastj.org\\\/pt-pt\\\/author\\\/sjdigital\\\/\"}]}<\/script>\n<!-- \/ Yoast SEO plugin. -->","yoast_head_json":{"title":"Sr. M\u00aa Dolores Ibarguren Iturzaeta. 3 de dezembro de 2020. (San Sebastian-Resid\u00eancia) - En Compa\u00f1\u00eda STJ","robots":{"index":"index","follow":"follow","max-snippet":"max-snippet:-1","max-image-preview":"max-image-preview:large","max-video-preview":"max-video-preview:-1"},"canonical":"https:\/\/encompaniastj.org\/pt-pt\/sr-ma-dolores-ibarguren-iturzaeta-3-de-dezembro-de-2020-san-sebastian-residencia\/","og_locale":"pt_PT","og_type":"article","og_title":"Sr. M\u00aa Dolores Ibarguren Iturzaeta. 3 de dezembro de 2020. (San Sebastian-Resid\u00eancia) - En Compa\u00f1\u00eda STJ","og_description":"No dia 3 de dezembro despedimo-nos da nossa irm\u00e3 M\u00aa Dolores de Cristo Rey Ibarguren Iturzaeta e, ao faz\u00ea-lo, despedimo-nos de uma boa mulher, \u00edntegra, leal e fiel seguidora de [&hellip;]","og_url":"https:\/\/encompaniastj.org\/pt-pt\/sr-ma-dolores-ibarguren-iturzaeta-3-de-dezembro-de-2020-san-sebastian-residencia\/","og_site_name":"En Compa\u00f1\u00eda STJ","article_published_time":"2020-12-03T13:26:23+00:00","article_modified_time":"2025-10-14T07:02:21+00:00","og_image":[{"width":1280,"height":719,"url":"https:\/\/encompaniastj.org\/wp-content\/uploads\/2025\/05\/autumn-3846345_1280.jpg","type":"image\/jpeg"}],"author":"admin","twitter_card":"summary_large_image","twitter_misc":{"Escrito por":"admin","Tempo estimado de leitura":"2 minutos"},"schema":{"@context":"https:\/\/schema.org","@graph":[{"@type":"Article","@id":"https:\/\/encompaniastj.org\/pt-pt\/sr-ma-dolores-ibarguren-iturzaeta-3-de-dezembro-de-2020-san-sebastian-residencia\/#article","isPartOf":{"@id":"https:\/\/encompaniastj.org\/pt-pt\/sr-ma-dolores-ibarguren-iturzaeta-3-de-dezembro-de-2020-san-sebastian-residencia\/"},"author":{"name":"admin","@id":"https:\/\/encompaniastj.org\/pt-pt\/#\/schema\/person\/520e7ecc314793d40091993c2a02b651"},"headline":"Sr. M\u00aa Dolores Ibarguren Iturzaeta. 3 de dezembro de 2020. (San Sebastian-Resid\u00eancia)","datePublished":"2020-12-03T13:26:23+00:00","dateModified":"2025-10-14T07:02:21+00:00","mainEntityOfPage":{"@id":"https:\/\/encompaniastj.org\/pt-pt\/sr-ma-dolores-ibarguren-iturzaeta-3-de-dezembro-de-2020-san-sebastian-residencia\/"},"wordCount":343,"commentCount":0,"publisher":{"@id":"https:\/\/encompaniastj.org\/pt-pt\/#organization"},"image":{"@id":"https:\/\/encompaniastj.org\/pt-pt\/sr-ma-dolores-ibarguren-iturzaeta-3-de-dezembro-de-2020-san-sebastian-residencia\/#primaryimage"},"thumbnailUrl":"https:\/\/encompaniastj.org\/wp-content\/uploads\/2025\/05\/autumn-3846345_1280.jpg","articleSection":["Fallecimientos"],"inLanguage":"pt-PT","potentialAction":[{"@type":"CommentAction","name":"Comment","target":["https:\/\/encompaniastj.org\/pt-pt\/sr-ma-dolores-ibarguren-iturzaeta-3-de-dezembro-de-2020-san-sebastian-residencia\/#respond"]}]},{"@type":"WebPage","@id":"https:\/\/encompaniastj.org\/pt-pt\/sr-ma-dolores-ibarguren-iturzaeta-3-de-dezembro-de-2020-san-sebastian-residencia\/","url":"https:\/\/encompaniastj.org\/pt-pt\/sr-ma-dolores-ibarguren-iturzaeta-3-de-dezembro-de-2020-san-sebastian-residencia\/","name":"Sr. M\u00aa Dolores Ibarguren Iturzaeta. 3 de dezembro de 2020. (San Sebastian-Resid\u00eancia) - En Compa\u00f1\u00eda STJ","isPartOf":{"@id":"https:\/\/encompaniastj.org\/pt-pt\/#website"},"primaryImageOfPage":{"@id":"https:\/\/encompaniastj.org\/pt-pt\/sr-ma-dolores-ibarguren-iturzaeta-3-de-dezembro-de-2020-san-sebastian-residencia\/#primaryimage"},"image":{"@id":"https:\/\/encompaniastj.org\/pt-pt\/sr-ma-dolores-ibarguren-iturzaeta-3-de-dezembro-de-2020-san-sebastian-residencia\/#primaryimage"},"thumbnailUrl":"https:\/\/encompaniastj.org\/wp-content\/uploads\/2025\/05\/autumn-3846345_1280.jpg","datePublished":"2020-12-03T13:26:23+00:00","dateModified":"2025-10-14T07:02:21+00:00","breadcrumb":{"@id":"https:\/\/encompaniastj.org\/pt-pt\/sr-ma-dolores-ibarguren-iturzaeta-3-de-dezembro-de-2020-san-sebastian-residencia\/#breadcrumb"},"inLanguage":"pt-PT","potentialAction":[{"@type":"ReadAction","target":["https:\/\/encompaniastj.org\/pt-pt\/sr-ma-dolores-ibarguren-iturzaeta-3-de-dezembro-de-2020-san-sebastian-residencia\/"]}]},{"@type":"ImageObject","inLanguage":"pt-PT","@id":"https:\/\/encompaniastj.org\/pt-pt\/sr-ma-dolores-ibarguren-iturzaeta-3-de-dezembro-de-2020-san-sebastian-residencia\/#primaryimage","url":"https:\/\/encompaniastj.org\/wp-content\/uploads\/2025\/05\/autumn-3846345_1280.jpg","contentUrl":"https:\/\/encompaniastj.org\/wp-content\/uploads\/2025\/05\/autumn-3846345_1280.jpg","width":1280,"height":719},{"@type":"BreadcrumbList","@id":"https:\/\/encompaniastj.org\/pt-pt\/sr-ma-dolores-ibarguren-iturzaeta-3-de-dezembro-de-2020-san-sebastian-residencia\/#breadcrumb","itemListElement":[{"@type":"ListItem","position":1,"name":"Portada","item":"https:\/\/encompaniastj.org\/pt-pt\/"},{"@type":"ListItem","position":2,"name":"Sr. M\u00aa Dolores Ibarguren Iturzaeta. 3 de dezembro de 2020. (San Sebastian-Resid\u00eancia)"}]},{"@type":"WebSite","@id":"https:\/\/encompaniastj.org\/pt-pt\/#website","url":"https:\/\/encompaniastj.org\/pt-pt\/","name":"En Compa\u00f1\u00eda STJ","description":"Bolet\u00edn de la Compa\u00f1\u00eda de Santa Teresa de Jes\u00fas","publisher":{"@id":"https:\/\/encompaniastj.org\/pt-pt\/#organization"},"potentialAction":[{"@type":"SearchAction","target":{"@type":"EntryPoint","urlTemplate":"https:\/\/encompaniastj.org\/pt-pt\/?s={search_term_string}"},"query-input":{"@type":"PropertyValueSpecification","valueRequired":true,"valueName":"search_term_string"}}],"inLanguage":"pt-PT"},{"@type":"Organization","@id":"https:\/\/encompaniastj.org\/pt-pt\/#organization","name":"Compa\u00f1\u00eda de Santa Teresa de Jes\u00fas","url":"https:\/\/encompaniastj.org\/pt-pt\/","logo":{"@type":"ImageObject","inLanguage":"pt-PT","@id":"https:\/\/encompaniastj.org\/pt-pt\/#\/schema\/logo\/image\/","url":"https:\/\/encompaniastj.org\/wp-content\/uploads\/2025\/04\/logo_provincias02-1-3.png","contentUrl":"https:\/\/encompaniastj.org\/wp-content\/uploads\/2025\/04\/logo_provincias02-1-3.png","width":2368,"height":825,"caption":"Compa\u00f1\u00eda de Santa Teresa de Jes\u00fas"},"image":{"@id":"https:\/\/encompaniastj.org\/pt-pt\/#\/schema\/logo\/image\/"}},{"@type":"Person","@id":"https:\/\/encompaniastj.org\/pt-pt\/#\/schema\/person\/520e7ecc314793d40091993c2a02b651","name":"admin","image":{"@type":"ImageObject","inLanguage":"pt-PT","@id":"https:\/\/secure.gravatar.com\/avatar\/948b492cce32b586ac2db0eaa926ee87024f7afe218d73b397ea5ddfc5f43ea1?s=96&d=mm&r=g","url":"https:\/\/secure.gravatar.com\/avatar\/948b492cce32b586ac2db0eaa926ee87024f7afe218d73b397ea5ddfc5f43ea1?s=96&d=mm&r=g","contentUrl":"https:\/\/secure.gravatar.com\/avatar\/948b492cce32b586ac2db0eaa926ee87024f7afe218d73b397ea5ddfc5f43ea1?s=96&d=mm&r=g","caption":"admin"},"sameAs":["https:\/\/encompaniastj.org"],"url":"https:\/\/encompaniastj.org\/pt-pt\/author\/sjdigital\/"}]}},"_links":{"self":[{"href":"https:\/\/encompaniastj.org\/pt-pt\/wp-json\/wp\/v2\/posts\/14038","targetHints":{"allow":["GET"]}}],"collection":[{"href":"https:\/\/encompaniastj.org\/pt-pt\/wp-json\/wp\/v2\/posts"}],"about":[{"href":"https:\/\/encompaniastj.org\/pt-pt\/wp-json\/wp\/v2\/types\/post"}],"author":[{"embeddable":true,"href":"https:\/\/encompaniastj.org\/pt-pt\/wp-json\/wp\/v2\/users\/1"}],"replies":[{"embeddable":true,"href":"https:\/\/encompaniastj.org\/pt-pt\/wp-json\/wp\/v2\/comments?post=14038"}],"version-history":[{"count":1,"href":"https:\/\/encompaniastj.org\/pt-pt\/wp-json\/wp\/v2\/posts\/14038\/revisions"}],"predecessor-version":[{"id":14040,"href":"https:\/\/encompaniastj.org\/pt-pt\/wp-json\/wp\/v2\/posts\/14038\/revisions\/14040"}],"wp:featuredmedia":[{"embeddable":true,"href":"https:\/\/encompaniastj.org\/pt-pt\/wp-json\/wp\/v2\/media\/7601"}],"wp:attachment":[{"href":"https:\/\/encompaniastj.org\/pt-pt\/wp-json\/wp\/v2\/media?parent=14038"}],"wp:term":[{"taxonomy":"category","embeddable":true,"href":"https:\/\/encompaniastj.org\/pt-pt\/wp-json\/wp\/v2\/categories?post=14038"},{"taxonomy":"post_tag","embeddable":true,"href":"https:\/\/encompaniastj.org\/pt-pt\/wp-json\/wp\/v2\/tags?post=14038"}],"curies":[{"name":"wp","href":"https:\/\/api.w.org\/{rel}","templated":true}]}}