{"id":14037,"date":"2020-10-31T15:44:34","date_gmt":"2020-10-31T14:44:34","guid":{"rendered":"https:\/\/encompaniastj.org\/projeto-nudo\/"},"modified":"2025-10-14T09:02:21","modified_gmt":"2025-10-14T07:02:21","slug":"projeto-nudo","status":"publish","type":"post","link":"https:\/\/encompaniastj.org\/pt-pt\/projeto-nudo\/","title":{"rendered":"Projeto NUDO"},"content":{"rendered":"\n<p>Em 2008,\nna Prov\u00edncia do Sagrado\nCora\u00e7\u00e3o, iniciou-se um projeto de espiritualidade que pretende dar\nresposta \u00e0 preocupa\u00e7\u00e3o da Fam\u00edlia Teresiana\nde reler Teresa de Jesus a partir da voca\u00e7\u00e3o\n<strong>transformadora da sociedade que\nEnrique de Oss\u00f3 <\/strong>cultivou e\nnos transmitiu atrav\u00e9s do carisma teresiano.<\/p>\n\n<p>Para tornar Teresa conhecida e amada, para\ntornar Jesus conhecido e amado, e tudo isto para transformar o mundo segundo o sonho de Deus\n.<\/p>\n\n<p>A m\u00edstica,\ntal como nos chega atrav\u00e9s\nda experi\u00eancia teresiana,\n\u00e9 a fonte da nossa miss\u00e3o. Partimos da convic\u00e7\u00e3o de que a<x id=\"gid_3\"><\/x>espiritualidade teresiana \u00e9 uma proposta valiosa para todos, atual e significativa para o nosso tempo. O\nobjetivo do projeto \u00e9 p\u00f4r as pessoas em contacto\ncom esta espiritualidade, p\u00f4r as pessoas em contacto\ncom Teresa de Jesus,  \n<strong>\"Enteresianizar\" o mundo, como sonhou no seu tempo Enrique\nde Oss\u00f3. Esta \u00e9 a nossa miss\u00e3o <\/strong>.<\/p>\n\n<p>Para viver eficazmente esta miss\u00e3o\n, temos em conta um <strong>duplo desafio<\/strong>. Por um lado, a nossa pr\u00f3pria experi\u00eancia pessoal \u00e9 desafiada e dinamizada pela<x id=\"gid_2\"><\/x>espiritualidade teresiana. Implica um compromisso de viv\u00ea-la, estud\u00e1-la, refletir sobre ela,<x id=\"gid_3\"><\/x>desvend\u00e1-la em equipa. Por outro lado,\ntamb\u00e9m a partir da experi\u00eancia\ndo nosso tempo, desafiamos a pr\u00f3pria\nespiritualidade teresiana para que possa integrar-se, dialogar e partilhar com os homens e mulheres de hoje, as suas\nbuscas e a sua experi\u00eancia de vida.   <\/p>\n\n<p>Faz parte da nossa miss\u00e3o <strong>desvendar a pedagogia <\/strong>que cria\ncondi\u00e7\u00f5es de possibilidade para aprofundar a espiritualidade, a pesquisa e o desenvolvimento da proposta\n. A metodologia<strong>a\u00e7\u00e3o-reflex\u00e3o-a\u00e7\u00e3o\n<\/strong>ajuda-nos neste prop\u00f3sito. <br\/><\/p>\n\n<p>No \u00e2mbito da\nnova Prov\u00edncia da Europa, o Projectonudo \u00e9 concebido como parte da\nmiss\u00e3o de espiritualidade. A nossa proposta \u00e9 dirigida a: <\/p>\n\n<ul class=\"wp-block-list\"><li>Acompanhamento pessoal e orante\ndo itiner\u00e1rio espiritual teresiano.<\/li><li>Rel\u00ea as Fontes\npara conheceres melhor Teresa de Jesus e as suas obras.<\/li><li>Experi\u00eancia de ora\u00e7\u00e3o a partir da mistagogia e das\nnovas l\u00ednguas.<\/li><\/ul>\n\n<p>Atualmente, 5 irm\u00e3s e 2 leigos teresianos fazem parte da equipa\nProyectonudo. Desde o in\u00edcio que<x id=\"gid_1\"><\/x>consideramos importante a abertura, que, juntamente com o apelo a viver a<x id=\"gid_2\"><\/x>espiritualidade como miss\u00e3o e a avalia\u00e7\u00e3o dos diferentes talentos, s\u00e3o<x id=\"gid_3\"><\/x>crit\u00e9rios que podem ajudar no discernimento das irm\u00e3s e\/ou leigos que<x id=\"gid_4\"><\/x>desejem juntar-se ao projeto. Da mesma forma, parece-nos\npositivo ter colaboradores que enriquecem as propostas.  <em><\/em><\/p>\n\n<p>Acolhemos mais uma vez o convite de Teresa de\nJesus:<\/p>\n\n<p>Est\u00e1 na hora de andares!<\/p>\n","protected":false},"excerpt":{"rendered":"<p>Em 2008, na Prov\u00edncia do Sagrado Cora\u00e7\u00e3o, iniciou-se um projeto de espiritualidade que pretende dar resposta \u00e0 preocupa\u00e7\u00e3o da Fam\u00edlia Teresiana de reler Teresa de Jesus a partir da voca\u00e7\u00e3o [&hellip;]<\/p>\n","protected":false},"author":1,"featured_media":7591,"comment_status":"open","ping_status":"open","sticky":false,"template":"","format":"standard","meta":{"_acf_changed":false,"footnotes":""},"categories":[59,60],"tags":[],"class_list":["post-14037","post","type-post","status-publish","format-standard","has-post-thumbnail","hentry","category-nos-conocemos","category-proyectos"],"acf":[],"yoast_head":"<!-- This site is optimized with the Yoast SEO plugin v27.5 - https:\/\/yoast.com\/product\/yoast-seo-wordpress\/ -->\n<title>Projeto NUDO - En Compa\u00f1\u00eda STJ<\/title>\n<meta name=\"robots\" content=\"index, follow, max-snippet:-1, max-image-preview:large, max-video-preview:-1\" \/>\n<link rel=\"canonical\" href=\"https:\/\/encompaniastj.org\/pt-pt\/projeto-nudo\/\" \/>\n<meta property=\"og:locale\" content=\"pt_PT\" \/>\n<meta property=\"og:type\" content=\"article\" \/>\n<meta property=\"og:title\" content=\"Projeto NUDO - En Compa\u00f1\u00eda STJ\" \/>\n<meta property=\"og:description\" content=\"Em 2008, na Prov\u00edncia do Sagrado Cora\u00e7\u00e3o, iniciou-se um projeto de espiritualidade que pretende dar resposta \u00e0 preocupa\u00e7\u00e3o da Fam\u00edlia Teresiana de reler Teresa de Jesus a partir da voca\u00e7\u00e3o [&hellip;]\" \/>\n<meta property=\"og:url\" content=\"https:\/\/encompaniastj.org\/pt-pt\/projeto-nudo\/\" \/>\n<meta property=\"og:site_name\" content=\"En Compa\u00f1\u00eda STJ\" \/>\n<meta property=\"article:published_time\" content=\"2020-10-31T14:44:34+00:00\" \/>\n<meta property=\"article:modified_time\" content=\"2025-10-14T07:02:21+00:00\" \/>\n<meta property=\"og:image\" content=\"https:\/\/encompaniastj.org\/wp-content\/uploads\/2025\/05\/11.jpg\" \/>\n\t<meta property=\"og:image:width\" content=\"391\" \/>\n\t<meta property=\"og:image:height\" content=\"201\" \/>\n\t<meta property=\"og:image:type\" content=\"image\/jpeg\" \/>\n<meta name=\"author\" content=\"admin\" \/>\n<meta name=\"twitter:card\" content=\"summary_large_image\" \/>\n<meta name=\"twitter:label1\" content=\"Escrito por\" \/>\n\t<meta name=\"twitter:data1\" content=\"admin\" \/>\n\t<meta name=\"twitter:label2\" content=\"Tempo estimado de leitura\" \/>\n\t<meta name=\"twitter:data2\" content=\"2 minutos\" \/>\n<script type=\"application\/ld+json\" class=\"yoast-schema-graph\">{\"@context\":\"https:\\\/\\\/schema.org\",\"@graph\":[{\"@type\":\"Article\",\"@id\":\"https:\\\/\\\/encompaniastj.org\\\/pt-pt\\\/projeto-nudo\\\/#article\",\"isPartOf\":{\"@id\":\"https:\\\/\\\/encompaniastj.org\\\/pt-pt\\\/projeto-nudo\\\/\"},\"author\":{\"name\":\"admin\",\"@id\":\"https:\\\/\\\/encompaniastj.org\\\/pt-pt\\\/#\\\/schema\\\/person\\\/520e7ecc314793d40091993c2a02b651\"},\"headline\":\"Projeto NUDO\",\"datePublished\":\"2020-10-31T14:44:34+00:00\",\"dateModified\":\"2025-10-14T07:02:21+00:00\",\"mainEntityOfPage\":{\"@id\":\"https:\\\/\\\/encompaniastj.org\\\/pt-pt\\\/projeto-nudo\\\/\"},\"wordCount\":419,\"commentCount\":0,\"publisher\":{\"@id\":\"https:\\\/\\\/encompaniastj.org\\\/pt-pt\\\/#organization\"},\"image\":{\"@id\":\"https:\\\/\\\/encompaniastj.org\\\/pt-pt\\\/projeto-nudo\\\/#primaryimage\"},\"thumbnailUrl\":\"https:\\\/\\\/encompaniastj.org\\\/wp-content\\\/uploads\\\/2025\\\/05\\\/11.jpg\",\"articleSection\":[\"Nos conocemos\",\"Proyectos\"],\"inLanguage\":\"pt-PT\",\"potentialAction\":[{\"@type\":\"CommentAction\",\"name\":\"Comment\",\"target\":[\"https:\\\/\\\/encompaniastj.org\\\/pt-pt\\\/projeto-nudo\\\/#respond\"]}]},{\"@type\":\"WebPage\",\"@id\":\"https:\\\/\\\/encompaniastj.org\\\/pt-pt\\\/projeto-nudo\\\/\",\"url\":\"https:\\\/\\\/encompaniastj.org\\\/pt-pt\\\/projeto-nudo\\\/\",\"name\":\"Projeto NUDO - En Compa\u00f1\u00eda STJ\",\"isPartOf\":{\"@id\":\"https:\\\/\\\/encompaniastj.org\\\/pt-pt\\\/#website\"},\"primaryImageOfPage\":{\"@id\":\"https:\\\/\\\/encompaniastj.org\\\/pt-pt\\\/projeto-nudo\\\/#primaryimage\"},\"image\":{\"@id\":\"https:\\\/\\\/encompaniastj.org\\\/pt-pt\\\/projeto-nudo\\\/#primaryimage\"},\"thumbnailUrl\":\"https:\\\/\\\/encompaniastj.org\\\/wp-content\\\/uploads\\\/2025\\\/05\\\/11.jpg\",\"datePublished\":\"2020-10-31T14:44:34+00:00\",\"dateModified\":\"2025-10-14T07:02:21+00:00\",\"breadcrumb\":{\"@id\":\"https:\\\/\\\/encompaniastj.org\\\/pt-pt\\\/projeto-nudo\\\/#breadcrumb\"},\"inLanguage\":\"pt-PT\",\"potentialAction\":[{\"@type\":\"ReadAction\",\"target\":[\"https:\\\/\\\/encompaniastj.org\\\/pt-pt\\\/projeto-nudo\\\/\"]}]},{\"@type\":\"ImageObject\",\"inLanguage\":\"pt-PT\",\"@id\":\"https:\\\/\\\/encompaniastj.org\\\/pt-pt\\\/projeto-nudo\\\/#primaryimage\",\"url\":\"https:\\\/\\\/encompaniastj.org\\\/wp-content\\\/uploads\\\/2025\\\/05\\\/11.jpg\",\"contentUrl\":\"https:\\\/\\\/encompaniastj.org\\\/wp-content\\\/uploads\\\/2025\\\/05\\\/11.jpg\",\"width\":391,\"height\":201},{\"@type\":\"BreadcrumbList\",\"@id\":\"https:\\\/\\\/encompaniastj.org\\\/pt-pt\\\/projeto-nudo\\\/#breadcrumb\",\"itemListElement\":[{\"@type\":\"ListItem\",\"position\":1,\"name\":\"Portada\",\"item\":\"https:\\\/\\\/encompaniastj.org\\\/pt-pt\\\/\"},{\"@type\":\"ListItem\",\"position\":2,\"name\":\"Projeto NUDO\"}]},{\"@type\":\"WebSite\",\"@id\":\"https:\\\/\\\/encompaniastj.org\\\/pt-pt\\\/#website\",\"url\":\"https:\\\/\\\/encompaniastj.org\\\/pt-pt\\\/\",\"name\":\"En Compa\u00f1\u00eda STJ\",\"description\":\"Bolet\u00edn de la Compa\u00f1\u00eda de Santa Teresa de Jes\u00fas\",\"publisher\":{\"@id\":\"https:\\\/\\\/encompaniastj.org\\\/pt-pt\\\/#organization\"},\"potentialAction\":[{\"@type\":\"SearchAction\",\"target\":{\"@type\":\"EntryPoint\",\"urlTemplate\":\"https:\\\/\\\/encompaniastj.org\\\/pt-pt\\\/?s={search_term_string}\"},\"query-input\":{\"@type\":\"PropertyValueSpecification\",\"valueRequired\":true,\"valueName\":\"search_term_string\"}}],\"inLanguage\":\"pt-PT\"},{\"@type\":\"Organization\",\"@id\":\"https:\\\/\\\/encompaniastj.org\\\/pt-pt\\\/#organization\",\"name\":\"Compa\u00f1\u00eda de Santa Teresa de Jes\u00fas\",\"url\":\"https:\\\/\\\/encompaniastj.org\\\/pt-pt\\\/\",\"logo\":{\"@type\":\"ImageObject\",\"inLanguage\":\"pt-PT\",\"@id\":\"https:\\\/\\\/encompaniastj.org\\\/pt-pt\\\/#\\\/schema\\\/logo\\\/image\\\/\",\"url\":\"https:\\\/\\\/encompaniastj.org\\\/wp-content\\\/uploads\\\/2025\\\/04\\\/logo_provincias02-1-3.png\",\"contentUrl\":\"https:\\\/\\\/encompaniastj.org\\\/wp-content\\\/uploads\\\/2025\\\/04\\\/logo_provincias02-1-3.png\",\"width\":2368,\"height\":825,\"caption\":\"Compa\u00f1\u00eda de Santa Teresa de Jes\u00fas\"},\"image\":{\"@id\":\"https:\\\/\\\/encompaniastj.org\\\/pt-pt\\\/#\\\/schema\\\/logo\\\/image\\\/\"}},{\"@type\":\"Person\",\"@id\":\"https:\\\/\\\/encompaniastj.org\\\/pt-pt\\\/#\\\/schema\\\/person\\\/520e7ecc314793d40091993c2a02b651\",\"name\":\"admin\",\"image\":{\"@type\":\"ImageObject\",\"inLanguage\":\"pt-PT\",\"@id\":\"https:\\\/\\\/secure.gravatar.com\\\/avatar\\\/948b492cce32b586ac2db0eaa926ee87024f7afe218d73b397ea5ddfc5f43ea1?s=96&d=mm&r=g\",\"url\":\"https:\\\/\\\/secure.gravatar.com\\\/avatar\\\/948b492cce32b586ac2db0eaa926ee87024f7afe218d73b397ea5ddfc5f43ea1?s=96&d=mm&r=g\",\"contentUrl\":\"https:\\\/\\\/secure.gravatar.com\\\/avatar\\\/948b492cce32b586ac2db0eaa926ee87024f7afe218d73b397ea5ddfc5f43ea1?s=96&d=mm&r=g\",\"caption\":\"admin\"},\"sameAs\":[\"https:\\\/\\\/encompaniastj.org\"],\"url\":\"https:\\\/\\\/encompaniastj.org\\\/pt-pt\\\/author\\\/sjdigital\\\/\"}]}<\/script>\n<!-- \/ Yoast SEO plugin. -->","yoast_head_json":{"title":"Projeto NUDO - En Compa\u00f1\u00eda STJ","robots":{"index":"index","follow":"follow","max-snippet":"max-snippet:-1","max-image-preview":"max-image-preview:large","max-video-preview":"max-video-preview:-1"},"canonical":"https:\/\/encompaniastj.org\/pt-pt\/projeto-nudo\/","og_locale":"pt_PT","og_type":"article","og_title":"Projeto NUDO - En Compa\u00f1\u00eda STJ","og_description":"Em 2008, na Prov\u00edncia do Sagrado Cora\u00e7\u00e3o, iniciou-se um projeto de espiritualidade que pretende dar resposta \u00e0 preocupa\u00e7\u00e3o da Fam\u00edlia Teresiana de reler Teresa de Jesus a partir da voca\u00e7\u00e3o [&hellip;]","og_url":"https:\/\/encompaniastj.org\/pt-pt\/projeto-nudo\/","og_site_name":"En Compa\u00f1\u00eda STJ","article_published_time":"2020-10-31T14:44:34+00:00","article_modified_time":"2025-10-14T07:02:21+00:00","og_image":[{"width":391,"height":201,"url":"https:\/\/encompaniastj.org\/wp-content\/uploads\/2025\/05\/11.jpg","type":"image\/jpeg"}],"author":"admin","twitter_card":"summary_large_image","twitter_misc":{"Escrito por":"admin","Tempo estimado de leitura":"2 minutos"},"schema":{"@context":"https:\/\/schema.org","@graph":[{"@type":"Article","@id":"https:\/\/encompaniastj.org\/pt-pt\/projeto-nudo\/#article","isPartOf":{"@id":"https:\/\/encompaniastj.org\/pt-pt\/projeto-nudo\/"},"author":{"name":"admin","@id":"https:\/\/encompaniastj.org\/pt-pt\/#\/schema\/person\/520e7ecc314793d40091993c2a02b651"},"headline":"Projeto NUDO","datePublished":"2020-10-31T14:44:34+00:00","dateModified":"2025-10-14T07:02:21+00:00","mainEntityOfPage":{"@id":"https:\/\/encompaniastj.org\/pt-pt\/projeto-nudo\/"},"wordCount":419,"commentCount":0,"publisher":{"@id":"https:\/\/encompaniastj.org\/pt-pt\/#organization"},"image":{"@id":"https:\/\/encompaniastj.org\/pt-pt\/projeto-nudo\/#primaryimage"},"thumbnailUrl":"https:\/\/encompaniastj.org\/wp-content\/uploads\/2025\/05\/11.jpg","articleSection":["Nos conocemos","Proyectos"],"inLanguage":"pt-PT","potentialAction":[{"@type":"CommentAction","name":"Comment","target":["https:\/\/encompaniastj.org\/pt-pt\/projeto-nudo\/#respond"]}]},{"@type":"WebPage","@id":"https:\/\/encompaniastj.org\/pt-pt\/projeto-nudo\/","url":"https:\/\/encompaniastj.org\/pt-pt\/projeto-nudo\/","name":"Projeto NUDO - En Compa\u00f1\u00eda STJ","isPartOf":{"@id":"https:\/\/encompaniastj.org\/pt-pt\/#website"},"primaryImageOfPage":{"@id":"https:\/\/encompaniastj.org\/pt-pt\/projeto-nudo\/#primaryimage"},"image":{"@id":"https:\/\/encompaniastj.org\/pt-pt\/projeto-nudo\/#primaryimage"},"thumbnailUrl":"https:\/\/encompaniastj.org\/wp-content\/uploads\/2025\/05\/11.jpg","datePublished":"2020-10-31T14:44:34+00:00","dateModified":"2025-10-14T07:02:21+00:00","breadcrumb":{"@id":"https:\/\/encompaniastj.org\/pt-pt\/projeto-nudo\/#breadcrumb"},"inLanguage":"pt-PT","potentialAction":[{"@type":"ReadAction","target":["https:\/\/encompaniastj.org\/pt-pt\/projeto-nudo\/"]}]},{"@type":"ImageObject","inLanguage":"pt-PT","@id":"https:\/\/encompaniastj.org\/pt-pt\/projeto-nudo\/#primaryimage","url":"https:\/\/encompaniastj.org\/wp-content\/uploads\/2025\/05\/11.jpg","contentUrl":"https:\/\/encompaniastj.org\/wp-content\/uploads\/2025\/05\/11.jpg","width":391,"height":201},{"@type":"BreadcrumbList","@id":"https:\/\/encompaniastj.org\/pt-pt\/projeto-nudo\/#breadcrumb","itemListElement":[{"@type":"ListItem","position":1,"name":"Portada","item":"https:\/\/encompaniastj.org\/pt-pt\/"},{"@type":"ListItem","position":2,"name":"Projeto NUDO"}]},{"@type":"WebSite","@id":"https:\/\/encompaniastj.org\/pt-pt\/#website","url":"https:\/\/encompaniastj.org\/pt-pt\/","name":"En Compa\u00f1\u00eda STJ","description":"Bolet\u00edn de la Compa\u00f1\u00eda de Santa Teresa de Jes\u00fas","publisher":{"@id":"https:\/\/encompaniastj.org\/pt-pt\/#organization"},"potentialAction":[{"@type":"SearchAction","target":{"@type":"EntryPoint","urlTemplate":"https:\/\/encompaniastj.org\/pt-pt\/?s={search_term_string}"},"query-input":{"@type":"PropertyValueSpecification","valueRequired":true,"valueName":"search_term_string"}}],"inLanguage":"pt-PT"},{"@type":"Organization","@id":"https:\/\/encompaniastj.org\/pt-pt\/#organization","name":"Compa\u00f1\u00eda de Santa Teresa de Jes\u00fas","url":"https:\/\/encompaniastj.org\/pt-pt\/","logo":{"@type":"ImageObject","inLanguage":"pt-PT","@id":"https:\/\/encompaniastj.org\/pt-pt\/#\/schema\/logo\/image\/","url":"https:\/\/encompaniastj.org\/wp-content\/uploads\/2025\/04\/logo_provincias02-1-3.png","contentUrl":"https:\/\/encompaniastj.org\/wp-content\/uploads\/2025\/04\/logo_provincias02-1-3.png","width":2368,"height":825,"caption":"Compa\u00f1\u00eda de Santa Teresa de Jes\u00fas"},"image":{"@id":"https:\/\/encompaniastj.org\/pt-pt\/#\/schema\/logo\/image\/"}},{"@type":"Person","@id":"https:\/\/encompaniastj.org\/pt-pt\/#\/schema\/person\/520e7ecc314793d40091993c2a02b651","name":"admin","image":{"@type":"ImageObject","inLanguage":"pt-PT","@id":"https:\/\/secure.gravatar.com\/avatar\/948b492cce32b586ac2db0eaa926ee87024f7afe218d73b397ea5ddfc5f43ea1?s=96&d=mm&r=g","url":"https:\/\/secure.gravatar.com\/avatar\/948b492cce32b586ac2db0eaa926ee87024f7afe218d73b397ea5ddfc5f43ea1?s=96&d=mm&r=g","contentUrl":"https:\/\/secure.gravatar.com\/avatar\/948b492cce32b586ac2db0eaa926ee87024f7afe218d73b397ea5ddfc5f43ea1?s=96&d=mm&r=g","caption":"admin"},"sameAs":["https:\/\/encompaniastj.org"],"url":"https:\/\/encompaniastj.org\/pt-pt\/author\/sjdigital\/"}]}},"_links":{"self":[{"href":"https:\/\/encompaniastj.org\/pt-pt\/wp-json\/wp\/v2\/posts\/14037","targetHints":{"allow":["GET"]}}],"collection":[{"href":"https:\/\/encompaniastj.org\/pt-pt\/wp-json\/wp\/v2\/posts"}],"about":[{"href":"https:\/\/encompaniastj.org\/pt-pt\/wp-json\/wp\/v2\/types\/post"}],"author":[{"embeddable":true,"href":"https:\/\/encompaniastj.org\/pt-pt\/wp-json\/wp\/v2\/users\/1"}],"replies":[{"embeddable":true,"href":"https:\/\/encompaniastj.org\/pt-pt\/wp-json\/wp\/v2\/comments?post=14037"}],"version-history":[{"count":1,"href":"https:\/\/encompaniastj.org\/pt-pt\/wp-json\/wp\/v2\/posts\/14037\/revisions"}],"predecessor-version":[{"id":14039,"href":"https:\/\/encompaniastj.org\/pt-pt\/wp-json\/wp\/v2\/posts\/14037\/revisions\/14039"}],"wp:featuredmedia":[{"embeddable":true,"href":"https:\/\/encompaniastj.org\/pt-pt\/wp-json\/wp\/v2\/media\/7591"}],"wp:attachment":[{"href":"https:\/\/encompaniastj.org\/pt-pt\/wp-json\/wp\/v2\/media?parent=14037"}],"wp:term":[{"taxonomy":"category","embeddable":true,"href":"https:\/\/encompaniastj.org\/pt-pt\/wp-json\/wp\/v2\/categories?post=14037"},{"taxonomy":"post_tag","embeddable":true,"href":"https:\/\/encompaniastj.org\/pt-pt\/wp-json\/wp\/v2\/tags?post=14037"}],"curies":[{"name":"wp","href":"https:\/\/api.w.org\/{rel}","templated":true}]}}