{"id":14030,"date":"2020-12-14T11:08:58","date_gmt":"2020-12-14T10:08:58","guid":{"rendered":"https:\/\/encompaniastj.org\/colegio-santa-teresa-de-jesus-vilanova-i-la-geltru-barcelona\/"},"modified":"2025-10-14T09:02:02","modified_gmt":"2025-10-14T07:02:02","slug":"colegio-santa-teresa-de-jesus-vilanova-i-la-geltru-barcelona","status":"publish","type":"post","link":"https:\/\/encompaniastj.org\/pt-pt\/colegio-santa-teresa-de-jesus-vilanova-i-la-geltru-barcelona\/","title":{"rendered":"Col\u00e9gio Santa Teresa de Jes\u00fas - Vilanova i La Geltr\u00fa (Barcelona)"},"content":{"rendered":"\n<p>Desde o cora\u00e7\u00e3o de Vilanova i la Geltr\u00fa, na Rambla\nPrincipal 71, mais de 800 alunos, 60 professores, o pessoal da Administra\u00e7\u00e3o\ne Servi\u00e7os e a Associa\u00e7\u00e3o de Pais do nosso col\u00e9gio seguem em\no trabalho que a Companhia de Santa Teresa de Jesus iniciou em\na nossa cidade em 1884.<\/p>\n\n<p>Desde o final do s\u00e9culo XIX at\u00e9 aos dias de hoje, o\nedif\u00edcio adaptou-se aos tempos; o pessoal mudou, mas o\nesp\u00edrito de uma escola que se preocupa com o acolhimento, o tratamento personalizado, a\nfamiliaridade e a qualidade na educa\u00e7\u00e3o, estiveram sempre presentes\nno trabalho educativo que o centro tem oferecido.<\/p>\n\n<p>Os valores da obra de Enrique de Oss\u00f3 e o carisma de Santa\nTeresa de Jesus inspiraram sempre o nosso trabalho acad\u00e9mico, o nosso\nacompanhamento pastoral e o nosso trabalho como educadores. A marca que deix\u00e1mos\nem centenas de fam\u00edlias e na nossa cidade \u00e9 o testemunho da nossa vontade de\nservir os outros, e da confian\u00e7a que tantas pessoas depositaram no nosso projeto educativo e pastoral durante\nmais de 130 anos. <\/p>\n\n<p>Atualmente, dispomos de dois cursos subsidiados desde a creche (3\nanos) at\u00e9 ao 4\u00ba ano da E.S.O.; dois cursos de forma\u00e7\u00e3o profissional interm\u00e9dia\n(Actividades Comerciais e Gest\u00e3o Administrativa), tamb\u00e9m subsidiados; e um curso de forma\u00e7\u00e3o de n\u00edvel superior em Educa\u00e7\u00e3o de Inf\u00e2ncia\n, para dar continuidade\nao trabalho de Enrique de Oss\u00f3 na forma\u00e7\u00e3o de futuros educadores\nde inf\u00e2ncia. Oferecemos tamb\u00e9m uma ampla gama de actividades extracurriculares\npara complementar a oferta educativa dos nossos alunos. <\/p>\n\n<p>Sempre estivemos empenhados em implementar a inova\u00e7\u00e3o na nossa oferta educativa\n. Assim, levamos a cabo os projectos actuais de Integr\u00e0TIC\n(tecnologias da comunica\u00e7\u00e3o), FEAC (Fam\u00edlia i Escola Acci\u00f3 Compartida),\nMedia\u00e7\u00e3o Escolar, Agenda-21, \"Desing for Change\", EIxYou (Escola de L\u00ednguas),\n\"English Language Conversation Assistant\",\no trabalho dos ambientes em\nEducaci\u00f3n Infantil, e muitos outros que nos conectam com as necessidades do nosso\ntempo e com o esp\u00edrito de integra\u00e7\u00e3o na vida cultural, social e econ\u00f3mica da nossa cidade e territ\u00f3rio. \n\nAcreditamos nas pessoas, na sua capacidade de serem\ntransformadoras e criadoras de um mundo mais justo e igualit\u00e1rio, baseado nos\nvalores democr\u00e1ticos e nos valores teresianos que est\u00e3o sempre\npresentes no nosso quotidiano.\n\n\n\n<\/p>\n\n<ul class=\"wp-block-gallery columns-3 is-cropped wp-block-gallery-1 is-layout-flex wp-block-gallery-is-layout-flex\"><li class=\"blocks-gallery-item\"><figure><img decoding=\"async\" src=\"https:\/\/encompaniastj.org\/wp-content\/uploads\/2025\/05\/3B-Taller-de-sang-I.jpg\" alt=\"\" data-id=\"7231\" data-link=\"https:\/\/encompaniastj.org\/?attachment_id=7231\" class=\"wp-image-7231\"\/><\/figure><\/li><li class=\"blocks-gallery-item\"><figure><img decoding=\"async\" src=\"https:\/\/encompaniastj.org\/wp-content\/uploads\/2025\/05\/amb-cicles.jpg\" alt=\"\" data-id=\"7233\" data-link=\"https:\/\/encompaniastj.org\/?attachment_id=7233\" class=\"wp-image-7233\"\/><\/figure><\/li><li class=\"blocks-gallery-item\"><figure><img decoding=\"async\" src=\"https:\/\/encompaniastj.org\/wp-content\/uploads\/2025\/05\/IMG-0967.jpg\" alt=\"\" data-id=\"7235\" data-link=\"https:\/\/encompaniastj.org\/?attachment_id=7235\" class=\"wp-image-7235\"\/><\/figure><\/li><li class=\"blocks-gallery-item\"><figure><img decoding=\"async\" src=\"https:\/\/encompaniastj.org\/wp-content\/uploads\/2025\/05\/IMG-9097.jpg\" alt=\"\" data-id=\"7237\" data-link=\"https:\/\/encompaniastj.org\/?attachment_id=7237\" class=\"wp-image-7237\"\/><\/figure><\/li><li class=\"blocks-gallery-item\"><figure><img decoding=\"async\" src=\"https:\/\/encompaniastj.org\/wp-content\/uploads\/2025\/05\/IMG-9098.jpg\" alt=\"\" data-id=\"7239\" data-link=\"https:\/\/encompaniastj.org\/?attachment_id=7239\" class=\"wp-image-7239\"\/><\/figure><\/li><li class=\"blocks-gallery-item\"><figure><img decoding=\"async\" src=\"https:\/\/encompaniastj.org\/wp-content\/uploads\/2025\/05\/TREBALL-EN-EQUIP-04-scaled.jpg\" alt=\"\" data-id=\"7241\" data-link=\"https:\/\/encompaniastj.org\/?attachment_id=7241\" class=\"wp-image-7241\"\/><\/figure><\/li><\/ul>\n","protected":false},"excerpt":{"rendered":"<p>Desde o cora\u00e7\u00e3o de Vilanova i la Geltr\u00fa, na Rambla Principal 71, mais de 800 alunos, 60 professores, o pessoal da Administra\u00e7\u00e3o e Servi\u00e7os e a Associa\u00e7\u00e3o de Pais do [&hellip;]<\/p>\n","protected":false},"author":1,"featured_media":7611,"comment_status":"open","ping_status":"open","sticky":false,"template":"","format":"standard","meta":{"_acf_changed":false,"footnotes":""},"categories":[59,60],"tags":[],"class_list":["post-14030","post","type-post","status-publish","format-standard","has-post-thumbnail","hentry","category-nos-conocemos","category-proyectos"],"acf":[],"yoast_head":"<!-- This site is optimized with the Yoast SEO plugin v27.5 - https:\/\/yoast.com\/product\/yoast-seo-wordpress\/ -->\n<title>Col\u00e9gio Santa Teresa de Jes\u00fas - Vilanova i La Geltr\u00fa (Barcelona) - En Compa\u00f1\u00eda STJ<\/title>\n<meta name=\"robots\" content=\"index, follow, max-snippet:-1, max-image-preview:large, max-video-preview:-1\" \/>\n<link rel=\"canonical\" href=\"https:\/\/encompaniastj.org\/pt-pt\/colegio-santa-teresa-de-jesus-vilanova-i-la-geltru-barcelona\/\" \/>\n<meta property=\"og:locale\" content=\"pt_PT\" \/>\n<meta property=\"og:type\" content=\"article\" \/>\n<meta property=\"og:title\" content=\"Col\u00e9gio Santa Teresa de Jes\u00fas - Vilanova i La Geltr\u00fa (Barcelona) - En Compa\u00f1\u00eda STJ\" \/>\n<meta property=\"og:description\" content=\"Desde o cora\u00e7\u00e3o de Vilanova i la Geltr\u00fa, na Rambla Principal 71, mais de 800 alunos, 60 professores, o pessoal da Administra\u00e7\u00e3o e Servi\u00e7os e a Associa\u00e7\u00e3o de Pais do [&hellip;]\" \/>\n<meta property=\"og:url\" content=\"https:\/\/encompaniastj.org\/pt-pt\/colegio-santa-teresa-de-jesus-vilanova-i-la-geltru-barcelona\/\" \/>\n<meta property=\"og:site_name\" content=\"En Compa\u00f1\u00eda STJ\" \/>\n<meta property=\"article:published_time\" content=\"2020-12-14T10:08:58+00:00\" \/>\n<meta property=\"article:modified_time\" content=\"2025-10-14T07:02:02+00:00\" \/>\n<meta property=\"og:image\" content=\"https:\/\/encompaniastj.org\/wp-content\/uploads\/2025\/05\/IMG-0967.jpg\" \/>\n\t<meta property=\"og:image:width\" content=\"828\" \/>\n\t<meta property=\"og:image:height\" content=\"592\" \/>\n\t<meta property=\"og:image:type\" content=\"image\/jpeg\" \/>\n<meta name=\"author\" content=\"admin\" \/>\n<meta name=\"twitter:card\" content=\"summary_large_image\" \/>\n<meta name=\"twitter:label1\" content=\"Escrito por\" \/>\n\t<meta name=\"twitter:data1\" content=\"admin\" \/>\n\t<meta name=\"twitter:label2\" content=\"Tempo estimado de leitura\" \/>\n\t<meta name=\"twitter:data2\" content=\"2 minutos\" \/>\n<script type=\"application\/ld+json\" class=\"yoast-schema-graph\">{\"@context\":\"https:\\\/\\\/schema.org\",\"@graph\":[{\"@type\":\"Article\",\"@id\":\"https:\\\/\\\/encompaniastj.org\\\/pt-pt\\\/colegio-santa-teresa-de-jesus-vilanova-i-la-geltru-barcelona\\\/#article\",\"isPartOf\":{\"@id\":\"https:\\\/\\\/encompaniastj.org\\\/pt-pt\\\/colegio-santa-teresa-de-jesus-vilanova-i-la-geltru-barcelona\\\/\"},\"author\":{\"name\":\"admin\",\"@id\":\"https:\\\/\\\/encompaniastj.org\\\/pt-pt\\\/#\\\/schema\\\/person\\\/520e7ecc314793d40091993c2a02b651\"},\"headline\":\"Col\u00e9gio Santa Teresa de Jes\u00fas - Vilanova i La Geltr\u00fa (Barcelona)\",\"datePublished\":\"2020-12-14T10:08:58+00:00\",\"dateModified\":\"2025-10-14T07:02:02+00:00\",\"mainEntityOfPage\":{\"@id\":\"https:\\\/\\\/encompaniastj.org\\\/pt-pt\\\/colegio-santa-teresa-de-jesus-vilanova-i-la-geltru-barcelona\\\/\"},\"wordCount\":406,\"commentCount\":0,\"publisher\":{\"@id\":\"https:\\\/\\\/encompaniastj.org\\\/pt-pt\\\/#organization\"},\"image\":{\"@id\":\"https:\\\/\\\/encompaniastj.org\\\/pt-pt\\\/colegio-santa-teresa-de-jesus-vilanova-i-la-geltru-barcelona\\\/#primaryimage\"},\"thumbnailUrl\":\"https:\\\/\\\/encompaniastj.org\\\/wp-content\\\/uploads\\\/2025\\\/05\\\/IMG-0967.jpg\",\"articleSection\":[\"Nos conocemos\",\"Proyectos\"],\"inLanguage\":\"pt-PT\",\"potentialAction\":[{\"@type\":\"CommentAction\",\"name\":\"Comment\",\"target\":[\"https:\\\/\\\/encompaniastj.org\\\/pt-pt\\\/colegio-santa-teresa-de-jesus-vilanova-i-la-geltru-barcelona\\\/#respond\"]}]},{\"@type\":\"WebPage\",\"@id\":\"https:\\\/\\\/encompaniastj.org\\\/pt-pt\\\/colegio-santa-teresa-de-jesus-vilanova-i-la-geltru-barcelona\\\/\",\"url\":\"https:\\\/\\\/encompaniastj.org\\\/pt-pt\\\/colegio-santa-teresa-de-jesus-vilanova-i-la-geltru-barcelona\\\/\",\"name\":\"Col\u00e9gio Santa Teresa de Jes\u00fas - Vilanova i La Geltr\u00fa (Barcelona) - En Compa\u00f1\u00eda STJ\",\"isPartOf\":{\"@id\":\"https:\\\/\\\/encompaniastj.org\\\/pt-pt\\\/#website\"},\"primaryImageOfPage\":{\"@id\":\"https:\\\/\\\/encompaniastj.org\\\/pt-pt\\\/colegio-santa-teresa-de-jesus-vilanova-i-la-geltru-barcelona\\\/#primaryimage\"},\"image\":{\"@id\":\"https:\\\/\\\/encompaniastj.org\\\/pt-pt\\\/colegio-santa-teresa-de-jesus-vilanova-i-la-geltru-barcelona\\\/#primaryimage\"},\"thumbnailUrl\":\"https:\\\/\\\/encompaniastj.org\\\/wp-content\\\/uploads\\\/2025\\\/05\\\/IMG-0967.jpg\",\"datePublished\":\"2020-12-14T10:08:58+00:00\",\"dateModified\":\"2025-10-14T07:02:02+00:00\",\"breadcrumb\":{\"@id\":\"https:\\\/\\\/encompaniastj.org\\\/pt-pt\\\/colegio-santa-teresa-de-jesus-vilanova-i-la-geltru-barcelona\\\/#breadcrumb\"},\"inLanguage\":\"pt-PT\",\"potentialAction\":[{\"@type\":\"ReadAction\",\"target\":[\"https:\\\/\\\/encompaniastj.org\\\/pt-pt\\\/colegio-santa-teresa-de-jesus-vilanova-i-la-geltru-barcelona\\\/\"]}]},{\"@type\":\"ImageObject\",\"inLanguage\":\"pt-PT\",\"@id\":\"https:\\\/\\\/encompaniastj.org\\\/pt-pt\\\/colegio-santa-teresa-de-jesus-vilanova-i-la-geltru-barcelona\\\/#primaryimage\",\"url\":\"https:\\\/\\\/encompaniastj.org\\\/wp-content\\\/uploads\\\/2025\\\/05\\\/IMG-0967.jpg\",\"contentUrl\":\"https:\\\/\\\/encompaniastj.org\\\/wp-content\\\/uploads\\\/2025\\\/05\\\/IMG-0967.jpg\",\"width\":828,\"height\":592},{\"@type\":\"BreadcrumbList\",\"@id\":\"https:\\\/\\\/encompaniastj.org\\\/pt-pt\\\/colegio-santa-teresa-de-jesus-vilanova-i-la-geltru-barcelona\\\/#breadcrumb\",\"itemListElement\":[{\"@type\":\"ListItem\",\"position\":1,\"name\":\"Portada\",\"item\":\"https:\\\/\\\/encompaniastj.org\\\/pt-pt\\\/\"},{\"@type\":\"ListItem\",\"position\":2,\"name\":\"Col\u00e9gio Santa Teresa de Jes\u00fas - Vilanova i La Geltr\u00fa (Barcelona)\"}]},{\"@type\":\"WebSite\",\"@id\":\"https:\\\/\\\/encompaniastj.org\\\/pt-pt\\\/#website\",\"url\":\"https:\\\/\\\/encompaniastj.org\\\/pt-pt\\\/\",\"name\":\"En Compa\u00f1\u00eda STJ\",\"description\":\"Bolet\u00edn de la Compa\u00f1\u00eda de Santa Teresa de Jes\u00fas\",\"publisher\":{\"@id\":\"https:\\\/\\\/encompaniastj.org\\\/pt-pt\\\/#organization\"},\"potentialAction\":[{\"@type\":\"SearchAction\",\"target\":{\"@type\":\"EntryPoint\",\"urlTemplate\":\"https:\\\/\\\/encompaniastj.org\\\/pt-pt\\\/?s={search_term_string}\"},\"query-input\":{\"@type\":\"PropertyValueSpecification\",\"valueRequired\":true,\"valueName\":\"search_term_string\"}}],\"inLanguage\":\"pt-PT\"},{\"@type\":\"Organization\",\"@id\":\"https:\\\/\\\/encompaniastj.org\\\/pt-pt\\\/#organization\",\"name\":\"Compa\u00f1\u00eda de Santa Teresa de Jes\u00fas\",\"url\":\"https:\\\/\\\/encompaniastj.org\\\/pt-pt\\\/\",\"logo\":{\"@type\":\"ImageObject\",\"inLanguage\":\"pt-PT\",\"@id\":\"https:\\\/\\\/encompaniastj.org\\\/pt-pt\\\/#\\\/schema\\\/logo\\\/image\\\/\",\"url\":\"https:\\\/\\\/encompaniastj.org\\\/wp-content\\\/uploads\\\/2025\\\/04\\\/logo_provincias02-1-3.png\",\"contentUrl\":\"https:\\\/\\\/encompaniastj.org\\\/wp-content\\\/uploads\\\/2025\\\/04\\\/logo_provincias02-1-3.png\",\"width\":2368,\"height\":825,\"caption\":\"Compa\u00f1\u00eda de Santa Teresa de Jes\u00fas\"},\"image\":{\"@id\":\"https:\\\/\\\/encompaniastj.org\\\/pt-pt\\\/#\\\/schema\\\/logo\\\/image\\\/\"}},{\"@type\":\"Person\",\"@id\":\"https:\\\/\\\/encompaniastj.org\\\/pt-pt\\\/#\\\/schema\\\/person\\\/520e7ecc314793d40091993c2a02b651\",\"name\":\"admin\",\"image\":{\"@type\":\"ImageObject\",\"inLanguage\":\"pt-PT\",\"@id\":\"https:\\\/\\\/secure.gravatar.com\\\/avatar\\\/948b492cce32b586ac2db0eaa926ee87024f7afe218d73b397ea5ddfc5f43ea1?s=96&d=mm&r=g\",\"url\":\"https:\\\/\\\/secure.gravatar.com\\\/avatar\\\/948b492cce32b586ac2db0eaa926ee87024f7afe218d73b397ea5ddfc5f43ea1?s=96&d=mm&r=g\",\"contentUrl\":\"https:\\\/\\\/secure.gravatar.com\\\/avatar\\\/948b492cce32b586ac2db0eaa926ee87024f7afe218d73b397ea5ddfc5f43ea1?s=96&d=mm&r=g\",\"caption\":\"admin\"},\"sameAs\":[\"https:\\\/\\\/encompaniastj.org\"],\"url\":\"https:\\\/\\\/encompaniastj.org\\\/pt-pt\\\/author\\\/sjdigital\\\/\"}]}<\/script>\n<!-- \/ Yoast SEO plugin. -->","yoast_head_json":{"title":"Col\u00e9gio Santa Teresa de Jes\u00fas - Vilanova i La Geltr\u00fa (Barcelona) - En Compa\u00f1\u00eda STJ","robots":{"index":"index","follow":"follow","max-snippet":"max-snippet:-1","max-image-preview":"max-image-preview:large","max-video-preview":"max-video-preview:-1"},"canonical":"https:\/\/encompaniastj.org\/pt-pt\/colegio-santa-teresa-de-jesus-vilanova-i-la-geltru-barcelona\/","og_locale":"pt_PT","og_type":"article","og_title":"Col\u00e9gio Santa Teresa de Jes\u00fas - Vilanova i La Geltr\u00fa (Barcelona) - En Compa\u00f1\u00eda STJ","og_description":"Desde o cora\u00e7\u00e3o de Vilanova i la Geltr\u00fa, na Rambla Principal 71, mais de 800 alunos, 60 professores, o pessoal da Administra\u00e7\u00e3o e Servi\u00e7os e a Associa\u00e7\u00e3o de Pais do [&hellip;]","og_url":"https:\/\/encompaniastj.org\/pt-pt\/colegio-santa-teresa-de-jesus-vilanova-i-la-geltru-barcelona\/","og_site_name":"En Compa\u00f1\u00eda STJ","article_published_time":"2020-12-14T10:08:58+00:00","article_modified_time":"2025-10-14T07:02:02+00:00","og_image":[{"width":828,"height":592,"url":"https:\/\/encompaniastj.org\/wp-content\/uploads\/2025\/05\/IMG-0967.jpg","type":"image\/jpeg"}],"author":"admin","twitter_card":"summary_large_image","twitter_misc":{"Escrito por":"admin","Tempo estimado de leitura":"2 minutos"},"schema":{"@context":"https:\/\/schema.org","@graph":[{"@type":"Article","@id":"https:\/\/encompaniastj.org\/pt-pt\/colegio-santa-teresa-de-jesus-vilanova-i-la-geltru-barcelona\/#article","isPartOf":{"@id":"https:\/\/encompaniastj.org\/pt-pt\/colegio-santa-teresa-de-jesus-vilanova-i-la-geltru-barcelona\/"},"author":{"name":"admin","@id":"https:\/\/encompaniastj.org\/pt-pt\/#\/schema\/person\/520e7ecc314793d40091993c2a02b651"},"headline":"Col\u00e9gio Santa Teresa de Jes\u00fas - Vilanova i La Geltr\u00fa (Barcelona)","datePublished":"2020-12-14T10:08:58+00:00","dateModified":"2025-10-14T07:02:02+00:00","mainEntityOfPage":{"@id":"https:\/\/encompaniastj.org\/pt-pt\/colegio-santa-teresa-de-jesus-vilanova-i-la-geltru-barcelona\/"},"wordCount":406,"commentCount":0,"publisher":{"@id":"https:\/\/encompaniastj.org\/pt-pt\/#organization"},"image":{"@id":"https:\/\/encompaniastj.org\/pt-pt\/colegio-santa-teresa-de-jesus-vilanova-i-la-geltru-barcelona\/#primaryimage"},"thumbnailUrl":"https:\/\/encompaniastj.org\/wp-content\/uploads\/2025\/05\/IMG-0967.jpg","articleSection":["Nos conocemos","Proyectos"],"inLanguage":"pt-PT","potentialAction":[{"@type":"CommentAction","name":"Comment","target":["https:\/\/encompaniastj.org\/pt-pt\/colegio-santa-teresa-de-jesus-vilanova-i-la-geltru-barcelona\/#respond"]}]},{"@type":"WebPage","@id":"https:\/\/encompaniastj.org\/pt-pt\/colegio-santa-teresa-de-jesus-vilanova-i-la-geltru-barcelona\/","url":"https:\/\/encompaniastj.org\/pt-pt\/colegio-santa-teresa-de-jesus-vilanova-i-la-geltru-barcelona\/","name":"Col\u00e9gio Santa Teresa de Jes\u00fas - Vilanova i La Geltr\u00fa (Barcelona) - En Compa\u00f1\u00eda STJ","isPartOf":{"@id":"https:\/\/encompaniastj.org\/pt-pt\/#website"},"primaryImageOfPage":{"@id":"https:\/\/encompaniastj.org\/pt-pt\/colegio-santa-teresa-de-jesus-vilanova-i-la-geltru-barcelona\/#primaryimage"},"image":{"@id":"https:\/\/encompaniastj.org\/pt-pt\/colegio-santa-teresa-de-jesus-vilanova-i-la-geltru-barcelona\/#primaryimage"},"thumbnailUrl":"https:\/\/encompaniastj.org\/wp-content\/uploads\/2025\/05\/IMG-0967.jpg","datePublished":"2020-12-14T10:08:58+00:00","dateModified":"2025-10-14T07:02:02+00:00","breadcrumb":{"@id":"https:\/\/encompaniastj.org\/pt-pt\/colegio-santa-teresa-de-jesus-vilanova-i-la-geltru-barcelona\/#breadcrumb"},"inLanguage":"pt-PT","potentialAction":[{"@type":"ReadAction","target":["https:\/\/encompaniastj.org\/pt-pt\/colegio-santa-teresa-de-jesus-vilanova-i-la-geltru-barcelona\/"]}]},{"@type":"ImageObject","inLanguage":"pt-PT","@id":"https:\/\/encompaniastj.org\/pt-pt\/colegio-santa-teresa-de-jesus-vilanova-i-la-geltru-barcelona\/#primaryimage","url":"https:\/\/encompaniastj.org\/wp-content\/uploads\/2025\/05\/IMG-0967.jpg","contentUrl":"https:\/\/encompaniastj.org\/wp-content\/uploads\/2025\/05\/IMG-0967.jpg","width":828,"height":592},{"@type":"BreadcrumbList","@id":"https:\/\/encompaniastj.org\/pt-pt\/colegio-santa-teresa-de-jesus-vilanova-i-la-geltru-barcelona\/#breadcrumb","itemListElement":[{"@type":"ListItem","position":1,"name":"Portada","item":"https:\/\/encompaniastj.org\/pt-pt\/"},{"@type":"ListItem","position":2,"name":"Col\u00e9gio Santa Teresa de Jes\u00fas - Vilanova i La Geltr\u00fa (Barcelona)"}]},{"@type":"WebSite","@id":"https:\/\/encompaniastj.org\/pt-pt\/#website","url":"https:\/\/encompaniastj.org\/pt-pt\/","name":"En Compa\u00f1\u00eda STJ","description":"Bolet\u00edn de la Compa\u00f1\u00eda de Santa Teresa de Jes\u00fas","publisher":{"@id":"https:\/\/encompaniastj.org\/pt-pt\/#organization"},"potentialAction":[{"@type":"SearchAction","target":{"@type":"EntryPoint","urlTemplate":"https:\/\/encompaniastj.org\/pt-pt\/?s={search_term_string}"},"query-input":{"@type":"PropertyValueSpecification","valueRequired":true,"valueName":"search_term_string"}}],"inLanguage":"pt-PT"},{"@type":"Organization","@id":"https:\/\/encompaniastj.org\/pt-pt\/#organization","name":"Compa\u00f1\u00eda de Santa Teresa de Jes\u00fas","url":"https:\/\/encompaniastj.org\/pt-pt\/","logo":{"@type":"ImageObject","inLanguage":"pt-PT","@id":"https:\/\/encompaniastj.org\/pt-pt\/#\/schema\/logo\/image\/","url":"https:\/\/encompaniastj.org\/wp-content\/uploads\/2025\/04\/logo_provincias02-1-3.png","contentUrl":"https:\/\/encompaniastj.org\/wp-content\/uploads\/2025\/04\/logo_provincias02-1-3.png","width":2368,"height":825,"caption":"Compa\u00f1\u00eda de Santa Teresa de Jes\u00fas"},"image":{"@id":"https:\/\/encompaniastj.org\/pt-pt\/#\/schema\/logo\/image\/"}},{"@type":"Person","@id":"https:\/\/encompaniastj.org\/pt-pt\/#\/schema\/person\/520e7ecc314793d40091993c2a02b651","name":"admin","image":{"@type":"ImageObject","inLanguage":"pt-PT","@id":"https:\/\/secure.gravatar.com\/avatar\/948b492cce32b586ac2db0eaa926ee87024f7afe218d73b397ea5ddfc5f43ea1?s=96&d=mm&r=g","url":"https:\/\/secure.gravatar.com\/avatar\/948b492cce32b586ac2db0eaa926ee87024f7afe218d73b397ea5ddfc5f43ea1?s=96&d=mm&r=g","contentUrl":"https:\/\/secure.gravatar.com\/avatar\/948b492cce32b586ac2db0eaa926ee87024f7afe218d73b397ea5ddfc5f43ea1?s=96&d=mm&r=g","caption":"admin"},"sameAs":["https:\/\/encompaniastj.org"],"url":"https:\/\/encompaniastj.org\/pt-pt\/author\/sjdigital\/"}]}},"_links":{"self":[{"href":"https:\/\/encompaniastj.org\/pt-pt\/wp-json\/wp\/v2\/posts\/14030","targetHints":{"allow":["GET"]}}],"collection":[{"href":"https:\/\/encompaniastj.org\/pt-pt\/wp-json\/wp\/v2\/posts"}],"about":[{"href":"https:\/\/encompaniastj.org\/pt-pt\/wp-json\/wp\/v2\/types\/post"}],"author":[{"embeddable":true,"href":"https:\/\/encompaniastj.org\/pt-pt\/wp-json\/wp\/v2\/users\/1"}],"replies":[{"embeddable":true,"href":"https:\/\/encompaniastj.org\/pt-pt\/wp-json\/wp\/v2\/comments?post=14030"}],"version-history":[{"count":1,"href":"https:\/\/encompaniastj.org\/pt-pt\/wp-json\/wp\/v2\/posts\/14030\/revisions"}],"predecessor-version":[{"id":14032,"href":"https:\/\/encompaniastj.org\/pt-pt\/wp-json\/wp\/v2\/posts\/14030\/revisions\/14032"}],"wp:featuredmedia":[{"embeddable":true,"href":"https:\/\/encompaniastj.org\/pt-pt\/wp-json\/wp\/v2\/media\/7611"}],"wp:attachment":[{"href":"https:\/\/encompaniastj.org\/pt-pt\/wp-json\/wp\/v2\/media?parent=14030"}],"wp:term":[{"taxonomy":"category","embeddable":true,"href":"https:\/\/encompaniastj.org\/pt-pt\/wp-json\/wp\/v2\/categories?post=14030"},{"taxonomy":"post_tag","embeddable":true,"href":"https:\/\/encompaniastj.org\/pt-pt\/wp-json\/wp\/v2\/tags?post=14030"}],"curies":[{"name":"wp","href":"https:\/\/api.w.org\/{rel}","templated":true}]}}