{"id":14025,"date":"2021-01-09T18:47:24","date_gmt":"2021-01-09T17:47:24","guid":{"rendered":"https:\/\/encompaniastj.org\/eulalia-regidor-gomez-4-de-janeiro-de-2021-avila-residencia\/"},"modified":"2025-10-14T09:02:02","modified_gmt":"2025-10-14T07:02:02","slug":"eulalia-regidor-gomez-4-de-janeiro-de-2021-avila-residencia","status":"publish","type":"post","link":"https:\/\/encompaniastj.org\/pt-pt\/eulalia-regidor-gomez-4-de-janeiro-de-2021-avila-residencia\/","title":{"rendered":"Eulalia Regidor G\u00f3mez. 4 de janeiro de 2021 (\u00c1vila-Residencia)"},"content":{"rendered":"\n<p>\"Encher\u00e1s\nde alegria a minha alma, quando me sentar \u00e0 tua direita PARA SEMPRE\" (Salmo 15). Isto foi\ncumprido para a nossa querida irm\u00e3 Eul\u00e1lia na madrugada de 4 de janeiro de 2021\ntendo acabado de completar 95 anos de idade e 73 anos na Companhia.   <\/p>\n\n<p>Nasceu\nem Ba\u00f1os de Montemayor (C\u00e1ceres) e entrou no noviciado de Tortosa na\nfornada da Imaculada Concei\u00e7\u00e3o em 1947.<\/p>\n\n<p>Foi\ndestinada \u00e0s comunidades de Madrid (Goya), Vilanova i la Geltr\u00fa, Tarragona, Pamplona, onde fez a profiss\u00e3o perp\u00e9tua\n, Barcelona (Ganduxer), Mora de\nToledo; chegou \u00e0 resid\u00eancia teresiana de \u00c1vila a 9 de setembro de 1999 e\npassou os \u00faltimos 21 anos da sua vida.<\/p>\n\n<p>Eul\u00e1lia\nera uma irm\u00e3 discreta e af\u00e1vel. Estava sempre preocupada com os outros e interessava-se<x id=\"gid_1\"><\/x>por tudo o que a pudesse aproximar de Deus. Passava muito tempo no orat\u00f3rio\n\"aprendendo a bondade de Jesus\" que depois partilhava dentro e fora de casa.\nTinha tamb\u00e9m uma grande devo\u00e7\u00e3o a Nossa Senhora. Gostava muito de, no final dos\nseus dias, ler a \u00faltima enc\u00edclica\ndo Papa Francisco: \"Fratelli tutti\".   <\/p>\n\n<p>Alunos\ne ex-alunos, pais, irm\u00e3s... Testemunham a sua requintada\nbondade e delicadeza na portaria, um dos principais lugares onde viveu\na sua miss\u00e3o de educadora teresiana.  <\/p>\n\n<p>Era f\u00e1cil para\nEul\u00e1lia exprimir o seu afeto e a sua preocupa\u00e7\u00e3o com os outros, o que muito nos agradece! \n<\/p>\n\n<p>Estamos\ncertos de que a Companhia tem uma intercessora junto de Jesus e sabemos que\ntanto as irm\u00e3s como a sua fam\u00edlia, de quem era muito pr\u00f3xima, e todas as\npessoas que tiveram a sorte de se cruzar com ela, se sentir\u00e3o fortalecidas com o seu apoio.<\/p>\n\n<p>  Obrigado, Senhor, pela sua vida que tanto ensinou a todos n\u00f3s que tivemos a sorte de a conhecer e de conviver com ela\n.<\/p>\n","protected":false},"excerpt":{"rendered":"<p>&#8220;Encher\u00e1s de alegria a minha alma, quando me sentar \u00e0 tua direita PARA SEMPRE&#8221; (Salmo 15). Isto foi cumprido para a nossa querida irm\u00e3 Eul\u00e1lia na madrugada de 4 de [&hellip;]<\/p>\n","protected":false},"author":1,"featured_media":7407,"comment_status":"open","ping_status":"open","sticky":false,"template":"","format":"standard","meta":{"_acf_changed":false,"footnotes":""},"categories":[63],"tags":[],"class_list":["post-14025","post","type-post","status-publish","format-standard","has-post-thumbnail","hentry","category-fallecimientos"],"acf":[],"yoast_head":"<!-- This site is optimized with the Yoast SEO plugin v27.5 - https:\/\/yoast.com\/product\/yoast-seo-wordpress\/ -->\n<title>Eulalia Regidor G\u00f3mez. 4 de janeiro de 2021 (\u00c1vila-Residencia) - En Compa\u00f1\u00eda STJ<\/title>\n<meta name=\"robots\" content=\"index, follow, max-snippet:-1, max-image-preview:large, max-video-preview:-1\" \/>\n<link rel=\"canonical\" href=\"https:\/\/encompaniastj.org\/pt-pt\/eulalia-regidor-gomez-4-de-janeiro-de-2021-avila-residencia\/\" \/>\n<meta property=\"og:locale\" content=\"pt_PT\" \/>\n<meta property=\"og:type\" content=\"article\" \/>\n<meta property=\"og:title\" content=\"Eulalia Regidor G\u00f3mez. 4 de janeiro de 2021 (\u00c1vila-Residencia) - En Compa\u00f1\u00eda STJ\" \/>\n<meta property=\"og:description\" content=\"&#8220;Encher\u00e1s de alegria a minha alma, quando me sentar \u00e0 tua direita PARA SEMPRE&#8221; (Salmo 15). Isto foi cumprido para a nossa querida irm\u00e3 Eul\u00e1lia na madrugada de 4 de [&hellip;]\" \/>\n<meta property=\"og:url\" content=\"https:\/\/encompaniastj.org\/pt-pt\/eulalia-regidor-gomez-4-de-janeiro-de-2021-avila-residencia\/\" \/>\n<meta property=\"og:site_name\" content=\"En Compa\u00f1\u00eda STJ\" \/>\n<meta property=\"article:published_time\" content=\"2021-01-09T17:47:24+00:00\" \/>\n<meta property=\"article:modified_time\" content=\"2025-10-14T07:02:02+00:00\" \/>\n<meta property=\"og:image\" content=\"https:\/\/encompaniastj.org\/wp-content\/uploads\/2025\/05\/primavera.jpg\" \/>\n\t<meta property=\"og:image:width\" content=\"1920\" \/>\n\t<meta property=\"og:image:height\" content=\"1221\" \/>\n\t<meta property=\"og:image:type\" content=\"image\/jpeg\" \/>\n<meta name=\"author\" content=\"admin\" \/>\n<meta name=\"twitter:card\" content=\"summary_large_image\" \/>\n<meta name=\"twitter:label1\" content=\"Escrito por\" \/>\n\t<meta name=\"twitter:data1\" content=\"admin\" \/>\n\t<meta name=\"twitter:label2\" content=\"Tempo estimado de leitura\" \/>\n\t<meta name=\"twitter:data2\" content=\"2 minutos\" \/>\n<script type=\"application\/ld+json\" class=\"yoast-schema-graph\">{\"@context\":\"https:\\\/\\\/schema.org\",\"@graph\":[{\"@type\":\"Article\",\"@id\":\"https:\\\/\\\/encompaniastj.org\\\/pt-pt\\\/eulalia-regidor-gomez-4-de-janeiro-de-2021-avila-residencia\\\/#article\",\"isPartOf\":{\"@id\":\"https:\\\/\\\/encompaniastj.org\\\/pt-pt\\\/eulalia-regidor-gomez-4-de-janeiro-de-2021-avila-residencia\\\/\"},\"author\":{\"name\":\"admin\",\"@id\":\"https:\\\/\\\/encompaniastj.org\\\/pt-pt\\\/#\\\/schema\\\/person\\\/520e7ecc314793d40091993c2a02b651\"},\"headline\":\"Eulalia Regidor G\u00f3mez. 4 de janeiro de 2021 (\u00c1vila-Residencia)\",\"datePublished\":\"2021-01-09T17:47:24+00:00\",\"dateModified\":\"2025-10-14T07:02:02+00:00\",\"mainEntityOfPage\":{\"@id\":\"https:\\\/\\\/encompaniastj.org\\\/pt-pt\\\/eulalia-regidor-gomez-4-de-janeiro-de-2021-avila-residencia\\\/\"},\"wordCount\":313,\"commentCount\":0,\"publisher\":{\"@id\":\"https:\\\/\\\/encompaniastj.org\\\/pt-pt\\\/#organization\"},\"image\":{\"@id\":\"https:\\\/\\\/encompaniastj.org\\\/pt-pt\\\/eulalia-regidor-gomez-4-de-janeiro-de-2021-avila-residencia\\\/#primaryimage\"},\"thumbnailUrl\":\"https:\\\/\\\/encompaniastj.org\\\/wp-content\\\/uploads\\\/2025\\\/05\\\/primavera.jpg\",\"articleSection\":[\"Fallecimientos\"],\"inLanguage\":\"pt-PT\",\"potentialAction\":[{\"@type\":\"CommentAction\",\"name\":\"Comment\",\"target\":[\"https:\\\/\\\/encompaniastj.org\\\/pt-pt\\\/eulalia-regidor-gomez-4-de-janeiro-de-2021-avila-residencia\\\/#respond\"]}]},{\"@type\":\"WebPage\",\"@id\":\"https:\\\/\\\/encompaniastj.org\\\/pt-pt\\\/eulalia-regidor-gomez-4-de-janeiro-de-2021-avila-residencia\\\/\",\"url\":\"https:\\\/\\\/encompaniastj.org\\\/pt-pt\\\/eulalia-regidor-gomez-4-de-janeiro-de-2021-avila-residencia\\\/\",\"name\":\"Eulalia Regidor G\u00f3mez. 4 de janeiro de 2021 (\u00c1vila-Residencia) - En Compa\u00f1\u00eda STJ\",\"isPartOf\":{\"@id\":\"https:\\\/\\\/encompaniastj.org\\\/pt-pt\\\/#website\"},\"primaryImageOfPage\":{\"@id\":\"https:\\\/\\\/encompaniastj.org\\\/pt-pt\\\/eulalia-regidor-gomez-4-de-janeiro-de-2021-avila-residencia\\\/#primaryimage\"},\"image\":{\"@id\":\"https:\\\/\\\/encompaniastj.org\\\/pt-pt\\\/eulalia-regidor-gomez-4-de-janeiro-de-2021-avila-residencia\\\/#primaryimage\"},\"thumbnailUrl\":\"https:\\\/\\\/encompaniastj.org\\\/wp-content\\\/uploads\\\/2025\\\/05\\\/primavera.jpg\",\"datePublished\":\"2021-01-09T17:47:24+00:00\",\"dateModified\":\"2025-10-14T07:02:02+00:00\",\"breadcrumb\":{\"@id\":\"https:\\\/\\\/encompaniastj.org\\\/pt-pt\\\/eulalia-regidor-gomez-4-de-janeiro-de-2021-avila-residencia\\\/#breadcrumb\"},\"inLanguage\":\"pt-PT\",\"potentialAction\":[{\"@type\":\"ReadAction\",\"target\":[\"https:\\\/\\\/encompaniastj.org\\\/pt-pt\\\/eulalia-regidor-gomez-4-de-janeiro-de-2021-avila-residencia\\\/\"]}]},{\"@type\":\"ImageObject\",\"inLanguage\":\"pt-PT\",\"@id\":\"https:\\\/\\\/encompaniastj.org\\\/pt-pt\\\/eulalia-regidor-gomez-4-de-janeiro-de-2021-avila-residencia\\\/#primaryimage\",\"url\":\"https:\\\/\\\/encompaniastj.org\\\/wp-content\\\/uploads\\\/2025\\\/05\\\/primavera.jpg\",\"contentUrl\":\"https:\\\/\\\/encompaniastj.org\\\/wp-content\\\/uploads\\\/2025\\\/05\\\/primavera.jpg\",\"width\":1920,\"height\":1221},{\"@type\":\"BreadcrumbList\",\"@id\":\"https:\\\/\\\/encompaniastj.org\\\/pt-pt\\\/eulalia-regidor-gomez-4-de-janeiro-de-2021-avila-residencia\\\/#breadcrumb\",\"itemListElement\":[{\"@type\":\"ListItem\",\"position\":1,\"name\":\"Portada\",\"item\":\"https:\\\/\\\/encompaniastj.org\\\/pt-pt\\\/\"},{\"@type\":\"ListItem\",\"position\":2,\"name\":\"Eulalia Regidor G\u00f3mez. 4 de janeiro de 2021 (\u00c1vila-Residencia)\"}]},{\"@type\":\"WebSite\",\"@id\":\"https:\\\/\\\/encompaniastj.org\\\/pt-pt\\\/#website\",\"url\":\"https:\\\/\\\/encompaniastj.org\\\/pt-pt\\\/\",\"name\":\"En Compa\u00f1\u00eda STJ\",\"description\":\"Bolet\u00edn de la Compa\u00f1\u00eda de Santa Teresa de Jes\u00fas\",\"publisher\":{\"@id\":\"https:\\\/\\\/encompaniastj.org\\\/pt-pt\\\/#organization\"},\"potentialAction\":[{\"@type\":\"SearchAction\",\"target\":{\"@type\":\"EntryPoint\",\"urlTemplate\":\"https:\\\/\\\/encompaniastj.org\\\/pt-pt\\\/?s={search_term_string}\"},\"query-input\":{\"@type\":\"PropertyValueSpecification\",\"valueRequired\":true,\"valueName\":\"search_term_string\"}}],\"inLanguage\":\"pt-PT\"},{\"@type\":\"Organization\",\"@id\":\"https:\\\/\\\/encompaniastj.org\\\/pt-pt\\\/#organization\",\"name\":\"Compa\u00f1\u00eda de Santa Teresa de Jes\u00fas\",\"url\":\"https:\\\/\\\/encompaniastj.org\\\/pt-pt\\\/\",\"logo\":{\"@type\":\"ImageObject\",\"inLanguage\":\"pt-PT\",\"@id\":\"https:\\\/\\\/encompaniastj.org\\\/pt-pt\\\/#\\\/schema\\\/logo\\\/image\\\/\",\"url\":\"https:\\\/\\\/encompaniastj.org\\\/wp-content\\\/uploads\\\/2025\\\/04\\\/logo_provincias02-1-3.png\",\"contentUrl\":\"https:\\\/\\\/encompaniastj.org\\\/wp-content\\\/uploads\\\/2025\\\/04\\\/logo_provincias02-1-3.png\",\"width\":2368,\"height\":825,\"caption\":\"Compa\u00f1\u00eda de Santa Teresa de Jes\u00fas\"},\"image\":{\"@id\":\"https:\\\/\\\/encompaniastj.org\\\/pt-pt\\\/#\\\/schema\\\/logo\\\/image\\\/\"}},{\"@type\":\"Person\",\"@id\":\"https:\\\/\\\/encompaniastj.org\\\/pt-pt\\\/#\\\/schema\\\/person\\\/520e7ecc314793d40091993c2a02b651\",\"name\":\"admin\",\"image\":{\"@type\":\"ImageObject\",\"inLanguage\":\"pt-PT\",\"@id\":\"https:\\\/\\\/secure.gravatar.com\\\/avatar\\\/948b492cce32b586ac2db0eaa926ee87024f7afe218d73b397ea5ddfc5f43ea1?s=96&d=mm&r=g\",\"url\":\"https:\\\/\\\/secure.gravatar.com\\\/avatar\\\/948b492cce32b586ac2db0eaa926ee87024f7afe218d73b397ea5ddfc5f43ea1?s=96&d=mm&r=g\",\"contentUrl\":\"https:\\\/\\\/secure.gravatar.com\\\/avatar\\\/948b492cce32b586ac2db0eaa926ee87024f7afe218d73b397ea5ddfc5f43ea1?s=96&d=mm&r=g\",\"caption\":\"admin\"},\"sameAs\":[\"https:\\\/\\\/encompaniastj.org\"],\"url\":\"https:\\\/\\\/encompaniastj.org\\\/pt-pt\\\/author\\\/sjdigital\\\/\"}]}<\/script>\n<!-- \/ Yoast SEO plugin. -->","yoast_head_json":{"title":"Eulalia Regidor G\u00f3mez. 4 de janeiro de 2021 (\u00c1vila-Residencia) - En Compa\u00f1\u00eda STJ","robots":{"index":"index","follow":"follow","max-snippet":"max-snippet:-1","max-image-preview":"max-image-preview:large","max-video-preview":"max-video-preview:-1"},"canonical":"https:\/\/encompaniastj.org\/pt-pt\/eulalia-regidor-gomez-4-de-janeiro-de-2021-avila-residencia\/","og_locale":"pt_PT","og_type":"article","og_title":"Eulalia Regidor G\u00f3mez. 4 de janeiro de 2021 (\u00c1vila-Residencia) - En Compa\u00f1\u00eda STJ","og_description":"&#8220;Encher\u00e1s de alegria a minha alma, quando me sentar \u00e0 tua direita PARA SEMPRE&#8221; (Salmo 15). Isto foi cumprido para a nossa querida irm\u00e3 Eul\u00e1lia na madrugada de 4 de [&hellip;]","og_url":"https:\/\/encompaniastj.org\/pt-pt\/eulalia-regidor-gomez-4-de-janeiro-de-2021-avila-residencia\/","og_site_name":"En Compa\u00f1\u00eda STJ","article_published_time":"2021-01-09T17:47:24+00:00","article_modified_time":"2025-10-14T07:02:02+00:00","og_image":[{"width":1920,"height":1221,"url":"https:\/\/encompaniastj.org\/wp-content\/uploads\/2025\/05\/primavera.jpg","type":"image\/jpeg"}],"author":"admin","twitter_card":"summary_large_image","twitter_misc":{"Escrito por":"admin","Tempo estimado de leitura":"2 minutos"},"schema":{"@context":"https:\/\/schema.org","@graph":[{"@type":"Article","@id":"https:\/\/encompaniastj.org\/pt-pt\/eulalia-regidor-gomez-4-de-janeiro-de-2021-avila-residencia\/#article","isPartOf":{"@id":"https:\/\/encompaniastj.org\/pt-pt\/eulalia-regidor-gomez-4-de-janeiro-de-2021-avila-residencia\/"},"author":{"name":"admin","@id":"https:\/\/encompaniastj.org\/pt-pt\/#\/schema\/person\/520e7ecc314793d40091993c2a02b651"},"headline":"Eulalia Regidor G\u00f3mez. 4 de janeiro de 2021 (\u00c1vila-Residencia)","datePublished":"2021-01-09T17:47:24+00:00","dateModified":"2025-10-14T07:02:02+00:00","mainEntityOfPage":{"@id":"https:\/\/encompaniastj.org\/pt-pt\/eulalia-regidor-gomez-4-de-janeiro-de-2021-avila-residencia\/"},"wordCount":313,"commentCount":0,"publisher":{"@id":"https:\/\/encompaniastj.org\/pt-pt\/#organization"},"image":{"@id":"https:\/\/encompaniastj.org\/pt-pt\/eulalia-regidor-gomez-4-de-janeiro-de-2021-avila-residencia\/#primaryimage"},"thumbnailUrl":"https:\/\/encompaniastj.org\/wp-content\/uploads\/2025\/05\/primavera.jpg","articleSection":["Fallecimientos"],"inLanguage":"pt-PT","potentialAction":[{"@type":"CommentAction","name":"Comment","target":["https:\/\/encompaniastj.org\/pt-pt\/eulalia-regidor-gomez-4-de-janeiro-de-2021-avila-residencia\/#respond"]}]},{"@type":"WebPage","@id":"https:\/\/encompaniastj.org\/pt-pt\/eulalia-regidor-gomez-4-de-janeiro-de-2021-avila-residencia\/","url":"https:\/\/encompaniastj.org\/pt-pt\/eulalia-regidor-gomez-4-de-janeiro-de-2021-avila-residencia\/","name":"Eulalia Regidor G\u00f3mez. 4 de janeiro de 2021 (\u00c1vila-Residencia) - En Compa\u00f1\u00eda STJ","isPartOf":{"@id":"https:\/\/encompaniastj.org\/pt-pt\/#website"},"primaryImageOfPage":{"@id":"https:\/\/encompaniastj.org\/pt-pt\/eulalia-regidor-gomez-4-de-janeiro-de-2021-avila-residencia\/#primaryimage"},"image":{"@id":"https:\/\/encompaniastj.org\/pt-pt\/eulalia-regidor-gomez-4-de-janeiro-de-2021-avila-residencia\/#primaryimage"},"thumbnailUrl":"https:\/\/encompaniastj.org\/wp-content\/uploads\/2025\/05\/primavera.jpg","datePublished":"2021-01-09T17:47:24+00:00","dateModified":"2025-10-14T07:02:02+00:00","breadcrumb":{"@id":"https:\/\/encompaniastj.org\/pt-pt\/eulalia-regidor-gomez-4-de-janeiro-de-2021-avila-residencia\/#breadcrumb"},"inLanguage":"pt-PT","potentialAction":[{"@type":"ReadAction","target":["https:\/\/encompaniastj.org\/pt-pt\/eulalia-regidor-gomez-4-de-janeiro-de-2021-avila-residencia\/"]}]},{"@type":"ImageObject","inLanguage":"pt-PT","@id":"https:\/\/encompaniastj.org\/pt-pt\/eulalia-regidor-gomez-4-de-janeiro-de-2021-avila-residencia\/#primaryimage","url":"https:\/\/encompaniastj.org\/wp-content\/uploads\/2025\/05\/primavera.jpg","contentUrl":"https:\/\/encompaniastj.org\/wp-content\/uploads\/2025\/05\/primavera.jpg","width":1920,"height":1221},{"@type":"BreadcrumbList","@id":"https:\/\/encompaniastj.org\/pt-pt\/eulalia-regidor-gomez-4-de-janeiro-de-2021-avila-residencia\/#breadcrumb","itemListElement":[{"@type":"ListItem","position":1,"name":"Portada","item":"https:\/\/encompaniastj.org\/pt-pt\/"},{"@type":"ListItem","position":2,"name":"Eulalia Regidor G\u00f3mez. 4 de janeiro de 2021 (\u00c1vila-Residencia)"}]},{"@type":"WebSite","@id":"https:\/\/encompaniastj.org\/pt-pt\/#website","url":"https:\/\/encompaniastj.org\/pt-pt\/","name":"En Compa\u00f1\u00eda STJ","description":"Bolet\u00edn de la Compa\u00f1\u00eda de Santa Teresa de Jes\u00fas","publisher":{"@id":"https:\/\/encompaniastj.org\/pt-pt\/#organization"},"potentialAction":[{"@type":"SearchAction","target":{"@type":"EntryPoint","urlTemplate":"https:\/\/encompaniastj.org\/pt-pt\/?s={search_term_string}"},"query-input":{"@type":"PropertyValueSpecification","valueRequired":true,"valueName":"search_term_string"}}],"inLanguage":"pt-PT"},{"@type":"Organization","@id":"https:\/\/encompaniastj.org\/pt-pt\/#organization","name":"Compa\u00f1\u00eda de Santa Teresa de Jes\u00fas","url":"https:\/\/encompaniastj.org\/pt-pt\/","logo":{"@type":"ImageObject","inLanguage":"pt-PT","@id":"https:\/\/encompaniastj.org\/pt-pt\/#\/schema\/logo\/image\/","url":"https:\/\/encompaniastj.org\/wp-content\/uploads\/2025\/04\/logo_provincias02-1-3.png","contentUrl":"https:\/\/encompaniastj.org\/wp-content\/uploads\/2025\/04\/logo_provincias02-1-3.png","width":2368,"height":825,"caption":"Compa\u00f1\u00eda de Santa Teresa de Jes\u00fas"},"image":{"@id":"https:\/\/encompaniastj.org\/pt-pt\/#\/schema\/logo\/image\/"}},{"@type":"Person","@id":"https:\/\/encompaniastj.org\/pt-pt\/#\/schema\/person\/520e7ecc314793d40091993c2a02b651","name":"admin","image":{"@type":"ImageObject","inLanguage":"pt-PT","@id":"https:\/\/secure.gravatar.com\/avatar\/948b492cce32b586ac2db0eaa926ee87024f7afe218d73b397ea5ddfc5f43ea1?s=96&d=mm&r=g","url":"https:\/\/secure.gravatar.com\/avatar\/948b492cce32b586ac2db0eaa926ee87024f7afe218d73b397ea5ddfc5f43ea1?s=96&d=mm&r=g","contentUrl":"https:\/\/secure.gravatar.com\/avatar\/948b492cce32b586ac2db0eaa926ee87024f7afe218d73b397ea5ddfc5f43ea1?s=96&d=mm&r=g","caption":"admin"},"sameAs":["https:\/\/encompaniastj.org"],"url":"https:\/\/encompaniastj.org\/pt-pt\/author\/sjdigital\/"}]}},"_links":{"self":[{"href":"https:\/\/encompaniastj.org\/pt-pt\/wp-json\/wp\/v2\/posts\/14025","targetHints":{"allow":["GET"]}}],"collection":[{"href":"https:\/\/encompaniastj.org\/pt-pt\/wp-json\/wp\/v2\/posts"}],"about":[{"href":"https:\/\/encompaniastj.org\/pt-pt\/wp-json\/wp\/v2\/types\/post"}],"author":[{"embeddable":true,"href":"https:\/\/encompaniastj.org\/pt-pt\/wp-json\/wp\/v2\/users\/1"}],"replies":[{"embeddable":true,"href":"https:\/\/encompaniastj.org\/pt-pt\/wp-json\/wp\/v2\/comments?post=14025"}],"version-history":[{"count":1,"href":"https:\/\/encompaniastj.org\/pt-pt\/wp-json\/wp\/v2\/posts\/14025\/revisions"}],"predecessor-version":[{"id":14027,"href":"https:\/\/encompaniastj.org\/pt-pt\/wp-json\/wp\/v2\/posts\/14025\/revisions\/14027"}],"wp:featuredmedia":[{"embeddable":true,"href":"https:\/\/encompaniastj.org\/pt-pt\/wp-json\/wp\/v2\/media\/7407"}],"wp:attachment":[{"href":"https:\/\/encompaniastj.org\/pt-pt\/wp-json\/wp\/v2\/media?parent=14025"}],"wp:term":[{"taxonomy":"category","embeddable":true,"href":"https:\/\/encompaniastj.org\/pt-pt\/wp-json\/wp\/v2\/categories?post=14025"},{"taxonomy":"post_tag","embeddable":true,"href":"https:\/\/encompaniastj.org\/pt-pt\/wp-json\/wp\/v2\/tags?post=14025"}],"curies":[{"name":"wp","href":"https:\/\/api.w.org\/{rel}","templated":true}]}}