{"id":14022,"date":"2020-12-14T11:26:25","date_gmt":"2020-12-14T10:26:25","guid":{"rendered":"https:\/\/encompaniastj.org\/emiliana-san-jose-redondo-14-de-dezembro-de-2020-roma-via-fregene\/"},"modified":"2025-10-14T09:02:01","modified_gmt":"2025-10-14T07:02:01","slug":"emiliana-san-jose-redondo-14-de-dezembro-de-2020-roma-via-fregene","status":"publish","type":"post","link":"https:\/\/encompaniastj.org\/pt-pt\/emiliana-san-jose-redondo-14-de-dezembro-de-2020-roma-via-fregene\/","title":{"rendered":"Emiliana San Jos\u00e9 Redondo. 14 de dezembro de 2020. (Roma - Via Fregene)"},"content":{"rendered":"\n<p>A \"Suor\" Emiliana era o \"anjo da guarda\n\" do Instituto Santa Teresa de Roma e, em particular, das crian\u00e7as\ndo jardim de inf\u00e2ncia e das suas fam\u00edlias.<\/p>\n\n<p>Nascida numa pequena aldeia, M\u00e9lida de Pe\u00f1afiel,\nem Valladolid, a 8 de agosto de 1925, cedo sentiu o desejo de dedicar a sua\nvida a Jesus, e assim, com 17 anos, entrou no Noviciado de Tortosa\nem 1942. Depois de 6 meses de \"pr\u00e9-noviciado\", entra no<x id=\"gid_3\"><\/x>noviciado no final do mesmo ano. No final deste per\u00edodo, \u00e9 enviada para<x id=\"gid_4\"><\/x>Barcelona-Ganduxer onde permanece apenas um ano, e em 1947 chega a It\u00e1lia,<x id=\"gid_5\"><\/x>com destino a P\u00e1dua. Em 1970 foi enviada para Roma, onde permaneceu at\u00e9 ao fim da sua vida.\n.   <\/p>\n\n<p>A Emiliana foi sempre uma boa pessoa, acolhedora,\nmuito respons\u00e1vel e \"dedicada\" a qualquer servi\u00e7o que lhe fosse pedido. A sua paix\u00e3o\neram as crian\u00e7as, os pequeninos do Jardim de Inf\u00e2ncia, de quem cuidou\ndurante v\u00e1rios anos, e por isso as suas fam\u00edlias e, sobretudo, os seus av\u00f3s, recordam-na com\nmuito afeto e ternura. <\/p>\n\n<p>Nunca ficou de bra\u00e7os cruzados, de tal modo que, depois de ter deixado o ensino, quis encarregar-se de acolher os mais pequenos que, por raz\u00f5es diversas dos pais, chegavam \u00e0 escola de manh\u00e3 cedo: parava com eles, ensinava-os a rezar e contava-lhes hist\u00f3rias.<\/p>\n\n<p>Tamb\u00e9m gostava de estar no jardim, cuidar das plantas e contemplar as flores. Cuidou e cuidou apaixonadamente e f\u00ea-lo at\u00e9 aos \u00faltimos dias da sua vida. Com a bela idade de 96 anos e 48 anos de vida religiosa, o Senhor chamou-a e certamente levou-a para os seus bra\u00e7os no dia 14 de dezembro de 2020. Agradecemos a Deus pela sua vida e pela sua dedica\u00e7\u00e3o.     <\/p>\n\n<p><\/p>\n\n<p><\/p>\n","protected":false},"excerpt":{"rendered":"<p>A &#8220;Suor&#8221; Emiliana era o &#8220;anjo da guarda &#8221; do Instituto Santa Teresa de Roma e, em particular, das crian\u00e7as do jardim de inf\u00e2ncia e das suas fam\u00edlias. Nascida numa [&hellip;]<\/p>\n","protected":false},"author":1,"featured_media":7616,"comment_status":"open","ping_status":"open","sticky":false,"template":"","format":"standard","meta":{"_acf_changed":false,"footnotes":""},"categories":[63],"tags":[],"class_list":["post-14022","post","type-post","status-publish","format-standard","has-post-thumbnail","hentry","category-fallecimientos"],"acf":[],"yoast_head":"<!-- This site is optimized with the Yoast SEO plugin v27.5 - https:\/\/yoast.com\/product\/yoast-seo-wordpress\/ -->\n<title>Emiliana San Jos\u00e9 Redondo. 14 de dezembro de 2020. (Roma - Via Fregene) - En Compa\u00f1\u00eda STJ<\/title>\n<meta name=\"robots\" content=\"index, follow, max-snippet:-1, max-image-preview:large, max-video-preview:-1\" \/>\n<link rel=\"canonical\" href=\"https:\/\/encompaniastj.org\/pt-pt\/emiliana-san-jose-redondo-14-de-dezembro-de-2020-roma-via-fregene\/\" \/>\n<meta property=\"og:locale\" content=\"pt_PT\" \/>\n<meta property=\"og:type\" content=\"article\" \/>\n<meta property=\"og:title\" content=\"Emiliana San Jos\u00e9 Redondo. 14 de dezembro de 2020. (Roma - Via Fregene) - En Compa\u00f1\u00eda STJ\" \/>\n<meta property=\"og:description\" content=\"A &#8220;Suor&#8221; Emiliana era o &#8220;anjo da guarda &#8221; do Instituto Santa Teresa de Roma e, em particular, das crian\u00e7as do jardim de inf\u00e2ncia e das suas fam\u00edlias. Nascida numa [&hellip;]\" \/>\n<meta property=\"og:url\" content=\"https:\/\/encompaniastj.org\/pt-pt\/emiliana-san-jose-redondo-14-de-dezembro-de-2020-roma-via-fregene\/\" \/>\n<meta property=\"og:site_name\" content=\"En Compa\u00f1\u00eda STJ\" \/>\n<meta property=\"article:published_time\" content=\"2020-12-14T10:26:25+00:00\" \/>\n<meta property=\"article:modified_time\" content=\"2025-10-14T07:02:01+00:00\" \/>\n<meta property=\"og:image\" content=\"https:\/\/encompaniastj.org\/wp-content\/uploads\/2025\/05\/rome-4124391_1280.jpg\" \/>\n\t<meta property=\"og:image:width\" content=\"1280\" \/>\n\t<meta property=\"og:image:height\" content=\"896\" \/>\n\t<meta property=\"og:image:type\" content=\"image\/jpeg\" \/>\n<meta name=\"author\" content=\"admin\" \/>\n<meta name=\"twitter:card\" content=\"summary_large_image\" \/>\n<meta name=\"twitter:label1\" content=\"Escrito por\" \/>\n\t<meta name=\"twitter:data1\" content=\"admin\" \/>\n\t<meta name=\"twitter:label2\" content=\"Tempo estimado de leitura\" \/>\n\t<meta name=\"twitter:data2\" content=\"1 minuto\" \/>\n<script type=\"application\/ld+json\" class=\"yoast-schema-graph\">{\"@context\":\"https:\\\/\\\/schema.org\",\"@graph\":[{\"@type\":\"Article\",\"@id\":\"https:\\\/\\\/encompaniastj.org\\\/pt-pt\\\/emiliana-san-jose-redondo-14-de-dezembro-de-2020-roma-via-fregene\\\/#article\",\"isPartOf\":{\"@id\":\"https:\\\/\\\/encompaniastj.org\\\/pt-pt\\\/emiliana-san-jose-redondo-14-de-dezembro-de-2020-roma-via-fregene\\\/\"},\"author\":{\"name\":\"admin\",\"@id\":\"https:\\\/\\\/encompaniastj.org\\\/pt-pt\\\/#\\\/schema\\\/person\\\/520e7ecc314793d40091993c2a02b651\"},\"headline\":\"Emiliana San Jos\u00e9 Redondo. 14 de dezembro de 2020. (Roma - Via Fregene)\",\"datePublished\":\"2020-12-14T10:26:25+00:00\",\"dateModified\":\"2025-10-14T07:02:01+00:00\",\"mainEntityOfPage\":{\"@id\":\"https:\\\/\\\/encompaniastj.org\\\/pt-pt\\\/emiliana-san-jose-redondo-14-de-dezembro-de-2020-roma-via-fregene\\\/\"},\"wordCount\":301,\"commentCount\":0,\"publisher\":{\"@id\":\"https:\\\/\\\/encompaniastj.org\\\/pt-pt\\\/#organization\"},\"image\":{\"@id\":\"https:\\\/\\\/encompaniastj.org\\\/pt-pt\\\/emiliana-san-jose-redondo-14-de-dezembro-de-2020-roma-via-fregene\\\/#primaryimage\"},\"thumbnailUrl\":\"https:\\\/\\\/encompaniastj.org\\\/wp-content\\\/uploads\\\/2025\\\/05\\\/rome-4124391_1280.jpg\",\"articleSection\":[\"Fallecimientos\"],\"inLanguage\":\"pt-PT\",\"potentialAction\":[{\"@type\":\"CommentAction\",\"name\":\"Comment\",\"target\":[\"https:\\\/\\\/encompaniastj.org\\\/pt-pt\\\/emiliana-san-jose-redondo-14-de-dezembro-de-2020-roma-via-fregene\\\/#respond\"]}]},{\"@type\":\"WebPage\",\"@id\":\"https:\\\/\\\/encompaniastj.org\\\/pt-pt\\\/emiliana-san-jose-redondo-14-de-dezembro-de-2020-roma-via-fregene\\\/\",\"url\":\"https:\\\/\\\/encompaniastj.org\\\/pt-pt\\\/emiliana-san-jose-redondo-14-de-dezembro-de-2020-roma-via-fregene\\\/\",\"name\":\"Emiliana San Jos\u00e9 Redondo. 14 de dezembro de 2020. (Roma - Via Fregene) - En Compa\u00f1\u00eda STJ\",\"isPartOf\":{\"@id\":\"https:\\\/\\\/encompaniastj.org\\\/pt-pt\\\/#website\"},\"primaryImageOfPage\":{\"@id\":\"https:\\\/\\\/encompaniastj.org\\\/pt-pt\\\/emiliana-san-jose-redondo-14-de-dezembro-de-2020-roma-via-fregene\\\/#primaryimage\"},\"image\":{\"@id\":\"https:\\\/\\\/encompaniastj.org\\\/pt-pt\\\/emiliana-san-jose-redondo-14-de-dezembro-de-2020-roma-via-fregene\\\/#primaryimage\"},\"thumbnailUrl\":\"https:\\\/\\\/encompaniastj.org\\\/wp-content\\\/uploads\\\/2025\\\/05\\\/rome-4124391_1280.jpg\",\"datePublished\":\"2020-12-14T10:26:25+00:00\",\"dateModified\":\"2025-10-14T07:02:01+00:00\",\"breadcrumb\":{\"@id\":\"https:\\\/\\\/encompaniastj.org\\\/pt-pt\\\/emiliana-san-jose-redondo-14-de-dezembro-de-2020-roma-via-fregene\\\/#breadcrumb\"},\"inLanguage\":\"pt-PT\",\"potentialAction\":[{\"@type\":\"ReadAction\",\"target\":[\"https:\\\/\\\/encompaniastj.org\\\/pt-pt\\\/emiliana-san-jose-redondo-14-de-dezembro-de-2020-roma-via-fregene\\\/\"]}]},{\"@type\":\"ImageObject\",\"inLanguage\":\"pt-PT\",\"@id\":\"https:\\\/\\\/encompaniastj.org\\\/pt-pt\\\/emiliana-san-jose-redondo-14-de-dezembro-de-2020-roma-via-fregene\\\/#primaryimage\",\"url\":\"https:\\\/\\\/encompaniastj.org\\\/wp-content\\\/uploads\\\/2025\\\/05\\\/rome-4124391_1280.jpg\",\"contentUrl\":\"https:\\\/\\\/encompaniastj.org\\\/wp-content\\\/uploads\\\/2025\\\/05\\\/rome-4124391_1280.jpg\",\"width\":1280,\"height\":896},{\"@type\":\"BreadcrumbList\",\"@id\":\"https:\\\/\\\/encompaniastj.org\\\/pt-pt\\\/emiliana-san-jose-redondo-14-de-dezembro-de-2020-roma-via-fregene\\\/#breadcrumb\",\"itemListElement\":[{\"@type\":\"ListItem\",\"position\":1,\"name\":\"Portada\",\"item\":\"https:\\\/\\\/encompaniastj.org\\\/pt-pt\\\/\"},{\"@type\":\"ListItem\",\"position\":2,\"name\":\"Emiliana San Jos\u00e9 Redondo. 14 de dezembro de 2020. (Roma - Via Fregene)\"}]},{\"@type\":\"WebSite\",\"@id\":\"https:\\\/\\\/encompaniastj.org\\\/pt-pt\\\/#website\",\"url\":\"https:\\\/\\\/encompaniastj.org\\\/pt-pt\\\/\",\"name\":\"En Compa\u00f1\u00eda STJ\",\"description\":\"Bolet\u00edn de la Compa\u00f1\u00eda de Santa Teresa de Jes\u00fas\",\"publisher\":{\"@id\":\"https:\\\/\\\/encompaniastj.org\\\/pt-pt\\\/#organization\"},\"potentialAction\":[{\"@type\":\"SearchAction\",\"target\":{\"@type\":\"EntryPoint\",\"urlTemplate\":\"https:\\\/\\\/encompaniastj.org\\\/pt-pt\\\/?s={search_term_string}\"},\"query-input\":{\"@type\":\"PropertyValueSpecification\",\"valueRequired\":true,\"valueName\":\"search_term_string\"}}],\"inLanguage\":\"pt-PT\"},{\"@type\":\"Organization\",\"@id\":\"https:\\\/\\\/encompaniastj.org\\\/pt-pt\\\/#organization\",\"name\":\"Compa\u00f1\u00eda de Santa Teresa de Jes\u00fas\",\"url\":\"https:\\\/\\\/encompaniastj.org\\\/pt-pt\\\/\",\"logo\":{\"@type\":\"ImageObject\",\"inLanguage\":\"pt-PT\",\"@id\":\"https:\\\/\\\/encompaniastj.org\\\/pt-pt\\\/#\\\/schema\\\/logo\\\/image\\\/\",\"url\":\"https:\\\/\\\/encompaniastj.org\\\/wp-content\\\/uploads\\\/2025\\\/04\\\/logo_provincias02-1-3.png\",\"contentUrl\":\"https:\\\/\\\/encompaniastj.org\\\/wp-content\\\/uploads\\\/2025\\\/04\\\/logo_provincias02-1-3.png\",\"width\":2368,\"height\":825,\"caption\":\"Compa\u00f1\u00eda de Santa Teresa de Jes\u00fas\"},\"image\":{\"@id\":\"https:\\\/\\\/encompaniastj.org\\\/pt-pt\\\/#\\\/schema\\\/logo\\\/image\\\/\"}},{\"@type\":\"Person\",\"@id\":\"https:\\\/\\\/encompaniastj.org\\\/pt-pt\\\/#\\\/schema\\\/person\\\/520e7ecc314793d40091993c2a02b651\",\"name\":\"admin\",\"image\":{\"@type\":\"ImageObject\",\"inLanguage\":\"pt-PT\",\"@id\":\"https:\\\/\\\/secure.gravatar.com\\\/avatar\\\/948b492cce32b586ac2db0eaa926ee87024f7afe218d73b397ea5ddfc5f43ea1?s=96&d=mm&r=g\",\"url\":\"https:\\\/\\\/secure.gravatar.com\\\/avatar\\\/948b492cce32b586ac2db0eaa926ee87024f7afe218d73b397ea5ddfc5f43ea1?s=96&d=mm&r=g\",\"contentUrl\":\"https:\\\/\\\/secure.gravatar.com\\\/avatar\\\/948b492cce32b586ac2db0eaa926ee87024f7afe218d73b397ea5ddfc5f43ea1?s=96&d=mm&r=g\",\"caption\":\"admin\"},\"sameAs\":[\"https:\\\/\\\/encompaniastj.org\"],\"url\":\"https:\\\/\\\/encompaniastj.org\\\/pt-pt\\\/author\\\/sjdigital\\\/\"}]}<\/script>\n<!-- \/ Yoast SEO plugin. -->","yoast_head_json":{"title":"Emiliana San Jos\u00e9 Redondo. 14 de dezembro de 2020. (Roma - Via Fregene) - En Compa\u00f1\u00eda STJ","robots":{"index":"index","follow":"follow","max-snippet":"max-snippet:-1","max-image-preview":"max-image-preview:large","max-video-preview":"max-video-preview:-1"},"canonical":"https:\/\/encompaniastj.org\/pt-pt\/emiliana-san-jose-redondo-14-de-dezembro-de-2020-roma-via-fregene\/","og_locale":"pt_PT","og_type":"article","og_title":"Emiliana San Jos\u00e9 Redondo. 14 de dezembro de 2020. (Roma - Via Fregene) - En Compa\u00f1\u00eda STJ","og_description":"A &#8220;Suor&#8221; Emiliana era o &#8220;anjo da guarda &#8221; do Instituto Santa Teresa de Roma e, em particular, das crian\u00e7as do jardim de inf\u00e2ncia e das suas fam\u00edlias. Nascida numa [&hellip;]","og_url":"https:\/\/encompaniastj.org\/pt-pt\/emiliana-san-jose-redondo-14-de-dezembro-de-2020-roma-via-fregene\/","og_site_name":"En Compa\u00f1\u00eda STJ","article_published_time":"2020-12-14T10:26:25+00:00","article_modified_time":"2025-10-14T07:02:01+00:00","og_image":[{"width":1280,"height":896,"url":"https:\/\/encompaniastj.org\/wp-content\/uploads\/2025\/05\/rome-4124391_1280.jpg","type":"image\/jpeg"}],"author":"admin","twitter_card":"summary_large_image","twitter_misc":{"Escrito por":"admin","Tempo estimado de leitura":"1 minuto"},"schema":{"@context":"https:\/\/schema.org","@graph":[{"@type":"Article","@id":"https:\/\/encompaniastj.org\/pt-pt\/emiliana-san-jose-redondo-14-de-dezembro-de-2020-roma-via-fregene\/#article","isPartOf":{"@id":"https:\/\/encompaniastj.org\/pt-pt\/emiliana-san-jose-redondo-14-de-dezembro-de-2020-roma-via-fregene\/"},"author":{"name":"admin","@id":"https:\/\/encompaniastj.org\/pt-pt\/#\/schema\/person\/520e7ecc314793d40091993c2a02b651"},"headline":"Emiliana San Jos\u00e9 Redondo. 14 de dezembro de 2020. (Roma - Via Fregene)","datePublished":"2020-12-14T10:26:25+00:00","dateModified":"2025-10-14T07:02:01+00:00","mainEntityOfPage":{"@id":"https:\/\/encompaniastj.org\/pt-pt\/emiliana-san-jose-redondo-14-de-dezembro-de-2020-roma-via-fregene\/"},"wordCount":301,"commentCount":0,"publisher":{"@id":"https:\/\/encompaniastj.org\/pt-pt\/#organization"},"image":{"@id":"https:\/\/encompaniastj.org\/pt-pt\/emiliana-san-jose-redondo-14-de-dezembro-de-2020-roma-via-fregene\/#primaryimage"},"thumbnailUrl":"https:\/\/encompaniastj.org\/wp-content\/uploads\/2025\/05\/rome-4124391_1280.jpg","articleSection":["Fallecimientos"],"inLanguage":"pt-PT","potentialAction":[{"@type":"CommentAction","name":"Comment","target":["https:\/\/encompaniastj.org\/pt-pt\/emiliana-san-jose-redondo-14-de-dezembro-de-2020-roma-via-fregene\/#respond"]}]},{"@type":"WebPage","@id":"https:\/\/encompaniastj.org\/pt-pt\/emiliana-san-jose-redondo-14-de-dezembro-de-2020-roma-via-fregene\/","url":"https:\/\/encompaniastj.org\/pt-pt\/emiliana-san-jose-redondo-14-de-dezembro-de-2020-roma-via-fregene\/","name":"Emiliana San Jos\u00e9 Redondo. 14 de dezembro de 2020. (Roma - Via Fregene) - En Compa\u00f1\u00eda STJ","isPartOf":{"@id":"https:\/\/encompaniastj.org\/pt-pt\/#website"},"primaryImageOfPage":{"@id":"https:\/\/encompaniastj.org\/pt-pt\/emiliana-san-jose-redondo-14-de-dezembro-de-2020-roma-via-fregene\/#primaryimage"},"image":{"@id":"https:\/\/encompaniastj.org\/pt-pt\/emiliana-san-jose-redondo-14-de-dezembro-de-2020-roma-via-fregene\/#primaryimage"},"thumbnailUrl":"https:\/\/encompaniastj.org\/wp-content\/uploads\/2025\/05\/rome-4124391_1280.jpg","datePublished":"2020-12-14T10:26:25+00:00","dateModified":"2025-10-14T07:02:01+00:00","breadcrumb":{"@id":"https:\/\/encompaniastj.org\/pt-pt\/emiliana-san-jose-redondo-14-de-dezembro-de-2020-roma-via-fregene\/#breadcrumb"},"inLanguage":"pt-PT","potentialAction":[{"@type":"ReadAction","target":["https:\/\/encompaniastj.org\/pt-pt\/emiliana-san-jose-redondo-14-de-dezembro-de-2020-roma-via-fregene\/"]}]},{"@type":"ImageObject","inLanguage":"pt-PT","@id":"https:\/\/encompaniastj.org\/pt-pt\/emiliana-san-jose-redondo-14-de-dezembro-de-2020-roma-via-fregene\/#primaryimage","url":"https:\/\/encompaniastj.org\/wp-content\/uploads\/2025\/05\/rome-4124391_1280.jpg","contentUrl":"https:\/\/encompaniastj.org\/wp-content\/uploads\/2025\/05\/rome-4124391_1280.jpg","width":1280,"height":896},{"@type":"BreadcrumbList","@id":"https:\/\/encompaniastj.org\/pt-pt\/emiliana-san-jose-redondo-14-de-dezembro-de-2020-roma-via-fregene\/#breadcrumb","itemListElement":[{"@type":"ListItem","position":1,"name":"Portada","item":"https:\/\/encompaniastj.org\/pt-pt\/"},{"@type":"ListItem","position":2,"name":"Emiliana San Jos\u00e9 Redondo. 14 de dezembro de 2020. (Roma - Via Fregene)"}]},{"@type":"WebSite","@id":"https:\/\/encompaniastj.org\/pt-pt\/#website","url":"https:\/\/encompaniastj.org\/pt-pt\/","name":"En Compa\u00f1\u00eda STJ","description":"Bolet\u00edn de la Compa\u00f1\u00eda de Santa Teresa de Jes\u00fas","publisher":{"@id":"https:\/\/encompaniastj.org\/pt-pt\/#organization"},"potentialAction":[{"@type":"SearchAction","target":{"@type":"EntryPoint","urlTemplate":"https:\/\/encompaniastj.org\/pt-pt\/?s={search_term_string}"},"query-input":{"@type":"PropertyValueSpecification","valueRequired":true,"valueName":"search_term_string"}}],"inLanguage":"pt-PT"},{"@type":"Organization","@id":"https:\/\/encompaniastj.org\/pt-pt\/#organization","name":"Compa\u00f1\u00eda de Santa Teresa de Jes\u00fas","url":"https:\/\/encompaniastj.org\/pt-pt\/","logo":{"@type":"ImageObject","inLanguage":"pt-PT","@id":"https:\/\/encompaniastj.org\/pt-pt\/#\/schema\/logo\/image\/","url":"https:\/\/encompaniastj.org\/wp-content\/uploads\/2025\/04\/logo_provincias02-1-3.png","contentUrl":"https:\/\/encompaniastj.org\/wp-content\/uploads\/2025\/04\/logo_provincias02-1-3.png","width":2368,"height":825,"caption":"Compa\u00f1\u00eda de Santa Teresa de Jes\u00fas"},"image":{"@id":"https:\/\/encompaniastj.org\/pt-pt\/#\/schema\/logo\/image\/"}},{"@type":"Person","@id":"https:\/\/encompaniastj.org\/pt-pt\/#\/schema\/person\/520e7ecc314793d40091993c2a02b651","name":"admin","image":{"@type":"ImageObject","inLanguage":"pt-PT","@id":"https:\/\/secure.gravatar.com\/avatar\/948b492cce32b586ac2db0eaa926ee87024f7afe218d73b397ea5ddfc5f43ea1?s=96&d=mm&r=g","url":"https:\/\/secure.gravatar.com\/avatar\/948b492cce32b586ac2db0eaa926ee87024f7afe218d73b397ea5ddfc5f43ea1?s=96&d=mm&r=g","contentUrl":"https:\/\/secure.gravatar.com\/avatar\/948b492cce32b586ac2db0eaa926ee87024f7afe218d73b397ea5ddfc5f43ea1?s=96&d=mm&r=g","caption":"admin"},"sameAs":["https:\/\/encompaniastj.org"],"url":"https:\/\/encompaniastj.org\/pt-pt\/author\/sjdigital\/"}]}},"_links":{"self":[{"href":"https:\/\/encompaniastj.org\/pt-pt\/wp-json\/wp\/v2\/posts\/14022","targetHints":{"allow":["GET"]}}],"collection":[{"href":"https:\/\/encompaniastj.org\/pt-pt\/wp-json\/wp\/v2\/posts"}],"about":[{"href":"https:\/\/encompaniastj.org\/pt-pt\/wp-json\/wp\/v2\/types\/post"}],"author":[{"embeddable":true,"href":"https:\/\/encompaniastj.org\/pt-pt\/wp-json\/wp\/v2\/users\/1"}],"replies":[{"embeddable":true,"href":"https:\/\/encompaniastj.org\/pt-pt\/wp-json\/wp\/v2\/comments?post=14022"}],"version-history":[{"count":1,"href":"https:\/\/encompaniastj.org\/pt-pt\/wp-json\/wp\/v2\/posts\/14022\/revisions"}],"predecessor-version":[{"id":14024,"href":"https:\/\/encompaniastj.org\/pt-pt\/wp-json\/wp\/v2\/posts\/14022\/revisions\/14024"}],"wp:featuredmedia":[{"embeddable":true,"href":"https:\/\/encompaniastj.org\/pt-pt\/wp-json\/wp\/v2\/media\/7616"}],"wp:attachment":[{"href":"https:\/\/encompaniastj.org\/pt-pt\/wp-json\/wp\/v2\/media?parent=14022"}],"wp:term":[{"taxonomy":"category","embeddable":true,"href":"https:\/\/encompaniastj.org\/pt-pt\/wp-json\/wp\/v2\/categories?post=14022"},{"taxonomy":"post_tag","embeddable":true,"href":"https:\/\/encompaniastj.org\/pt-pt\/wp-json\/wp\/v2\/tags?post=14022"}],"curies":[{"name":"wp","href":"https:\/\/api.w.org\/{rel}","templated":true}]}}