{"id":14021,"date":"2021-01-10T12:59:13","date_gmt":"2021-01-10T11:59:13","guid":{"rendered":"https:\/\/encompaniastj.org\/ma-teresa-quintana-rodriguez-10-de-janeiro-de-2021-residencia-em-oviedo\/"},"modified":"2025-10-14T09:02:01","modified_gmt":"2025-10-14T07:02:01","slug":"ma-teresa-quintana-rodriguez-10-de-janeiro-de-2021-residencia-em-oviedo","status":"publish","type":"post","link":"https:\/\/encompaniastj.org\/pt-pt\/ma-teresa-quintana-rodriguez-10-de-janeiro-de-2021-residencia-em-oviedo\/","title":{"rendered":"M\u00aa Teresa Quintana Rodr\u00edguez. 10 de janeiro de 2021. (Resid\u00eancia em Oviedo)"},"content":{"rendered":"\n<p>Na madrugada de 10 de janeiro de\ndo novo ano de 2021, M\u00aa Teresa deixou-nos.  <\/p>\n\n<p>M\u00aa Teresa nasceu em Firgas,\nGran Canaria, e da ilha veio para a pen\u00ednsula para entrar na Companhia em\nem 1950. Faz o noviciado em Tortosa e passa os anos de profiss\u00e3o tempor\u00e1ria\nem Barcelona (Ganduxer), Val\u00eancia e Santiago do Chile, onde\nIr. Carmen Barrera faz a profiss\u00e3o perp\u00e9tua. Em Espanha teve os seguintes destinos:\n: Salamanca, Valladolid, Oviedo (tr\u00eas vezes), Barcelona\n(Ganduxer), Huelva, Las Palmas (duas vezes) e San Juan de Aznalfarache.   <\/p>\n\n<p>Estuda para ser professora e mais tarde licencia-se em Ci\u00eancias Biol\u00f3gicas em\n. Trabalhou sempre como professora\ne quando se aposentou foi respons\u00e1vel pela sacristia do col\u00e9gio e colaborou no refeit\u00f3rio, aqui em Oviedo,\nsupervisionando e ajudando as crian\u00e7as menores a comer.\nTamb\u00e9m aposentada,<x id=\"gid_3\"><\/x>durante algum tempo cuidou das Irm\u00e3s doentes, cuidando das suas necessidades, assegurando que tivessem os medicamentos a tempo e fossem acompanhadas por\n.   <\/p>\n\n<p>Nos \u00faltimos anos teve v\u00e1rias doen\u00e7as\nque a limitavam, a sua extraordin\u00e1ria for\u00e7a de vontade fez com que\nandasse mais tempo do que era poss\u00edvel pensar, porque com muito esfor\u00e7o\ne lentid\u00e3o se deslocava.  <\/p>\n\n<p>Nunca se queixou das dores\ngraves que teve de suportar nos \u00faltimos anos. Era calada e reflexiva e guardava\ncoisas para si pr\u00f3pria. <\/p>\n\n<p>Ao saber da sua morte\nrecebemos testemunhos de professores da escola que a conheciam e\ntamb\u00e9m de alguns dos seus alunos. Damos gra\u00e7as a Deus pela sua vida!   <\/p>\n","protected":false},"excerpt":{"rendered":"<p>Na madrugada de 10 de janeiro de do novo ano de 2021, M\u00aa Teresa deixou-nos. M\u00aa Teresa nasceu em Firgas, Gran Canaria, e da ilha veio para a pen\u00ednsula para [&hellip;]<\/p>\n","protected":false},"author":1,"featured_media":7637,"comment_status":"open","ping_status":"open","sticky":false,"template":"","format":"standard","meta":{"_acf_changed":false,"footnotes":""},"categories":[63],"tags":[],"class_list":["post-14021","post","type-post","status-publish","format-standard","has-post-thumbnail","hentry","category-fallecimientos"],"acf":[],"yoast_head":"<!-- This site is optimized with the Yoast SEO plugin v27.5 - https:\/\/yoast.com\/product\/yoast-seo-wordpress\/ -->\n<title>M\u00aa Teresa Quintana Rodr\u00edguez. 10 de janeiro de 2021. (Resid\u00eancia em Oviedo) - En Compa\u00f1\u00eda STJ<\/title>\n<meta name=\"robots\" content=\"index, follow, max-snippet:-1, max-image-preview:large, max-video-preview:-1\" \/>\n<link rel=\"canonical\" href=\"https:\/\/encompaniastj.org\/pt-pt\/ma-teresa-quintana-rodriguez-10-de-janeiro-de-2021-residencia-em-oviedo\/\" \/>\n<meta property=\"og:locale\" content=\"pt_PT\" \/>\n<meta property=\"og:type\" content=\"article\" \/>\n<meta property=\"og:title\" content=\"M\u00aa Teresa Quintana Rodr\u00edguez. 10 de janeiro de 2021. (Resid\u00eancia em Oviedo) - En Compa\u00f1\u00eda STJ\" \/>\n<meta property=\"og:description\" content=\"Na madrugada de 10 de janeiro de do novo ano de 2021, M\u00aa Teresa deixou-nos. M\u00aa Teresa nasceu em Firgas, Gran Canaria, e da ilha veio para a pen\u00ednsula para [&hellip;]\" \/>\n<meta property=\"og:url\" content=\"https:\/\/encompaniastj.org\/pt-pt\/ma-teresa-quintana-rodriguez-10-de-janeiro-de-2021-residencia-em-oviedo\/\" \/>\n<meta property=\"og:site_name\" content=\"En Compa\u00f1\u00eda STJ\" \/>\n<meta property=\"article:published_time\" content=\"2021-01-10T11:59:13+00:00\" \/>\n<meta property=\"article:modified_time\" content=\"2025-10-14T07:02:01+00:00\" \/>\n<meta property=\"og:image\" content=\"https:\/\/encompaniastj.org\/wp-content\/uploads\/2025\/05\/leaves-5667719_640.jpg\" \/>\n\t<meta property=\"og:image:width\" content=\"640\" \/>\n\t<meta property=\"og:image:height\" content=\"351\" \/>\n\t<meta property=\"og:image:type\" content=\"image\/jpeg\" \/>\n<meta name=\"author\" content=\"admin\" \/>\n<meta name=\"twitter:card\" content=\"summary_large_image\" \/>\n<meta name=\"twitter:label1\" content=\"Escrito por\" \/>\n\t<meta name=\"twitter:data1\" content=\"admin\" \/>\n\t<meta name=\"twitter:label2\" content=\"Tempo estimado de leitura\" \/>\n\t<meta name=\"twitter:data2\" content=\"1 minuto\" \/>\n<script type=\"application\/ld+json\" class=\"yoast-schema-graph\">{\"@context\":\"https:\\\/\\\/schema.org\",\"@graph\":[{\"@type\":\"Article\",\"@id\":\"https:\\\/\\\/encompaniastj.org\\\/pt-pt\\\/ma-teresa-quintana-rodriguez-10-de-janeiro-de-2021-residencia-em-oviedo\\\/#article\",\"isPartOf\":{\"@id\":\"https:\\\/\\\/encompaniastj.org\\\/pt-pt\\\/ma-teresa-quintana-rodriguez-10-de-janeiro-de-2021-residencia-em-oviedo\\\/\"},\"author\":{\"name\":\"admin\",\"@id\":\"https:\\\/\\\/encompaniastj.org\\\/pt-pt\\\/#\\\/schema\\\/person\\\/520e7ecc314793d40091993c2a02b651\"},\"headline\":\"M\u00aa Teresa Quintana Rodr\u00edguez. 10 de janeiro de 2021. (Resid\u00eancia em Oviedo)\",\"datePublished\":\"2021-01-10T11:59:13+00:00\",\"dateModified\":\"2025-10-14T07:02:01+00:00\",\"mainEntityOfPage\":{\"@id\":\"https:\\\/\\\/encompaniastj.org\\\/pt-pt\\\/ma-teresa-quintana-rodriguez-10-de-janeiro-de-2021-residencia-em-oviedo\\\/\"},\"wordCount\":271,\"commentCount\":0,\"publisher\":{\"@id\":\"https:\\\/\\\/encompaniastj.org\\\/pt-pt\\\/#organization\"},\"image\":{\"@id\":\"https:\\\/\\\/encompaniastj.org\\\/pt-pt\\\/ma-teresa-quintana-rodriguez-10-de-janeiro-de-2021-residencia-em-oviedo\\\/#primaryimage\"},\"thumbnailUrl\":\"https:\\\/\\\/encompaniastj.org\\\/wp-content\\\/uploads\\\/2025\\\/05\\\/leaves-5667719_640.jpg\",\"articleSection\":[\"Fallecimientos\"],\"inLanguage\":\"pt-PT\",\"potentialAction\":[{\"@type\":\"CommentAction\",\"name\":\"Comment\",\"target\":[\"https:\\\/\\\/encompaniastj.org\\\/pt-pt\\\/ma-teresa-quintana-rodriguez-10-de-janeiro-de-2021-residencia-em-oviedo\\\/#respond\"]}]},{\"@type\":\"WebPage\",\"@id\":\"https:\\\/\\\/encompaniastj.org\\\/pt-pt\\\/ma-teresa-quintana-rodriguez-10-de-janeiro-de-2021-residencia-em-oviedo\\\/\",\"url\":\"https:\\\/\\\/encompaniastj.org\\\/pt-pt\\\/ma-teresa-quintana-rodriguez-10-de-janeiro-de-2021-residencia-em-oviedo\\\/\",\"name\":\"M\u00aa Teresa Quintana Rodr\u00edguez. 10 de janeiro de 2021. (Resid\u00eancia em Oviedo) - En Compa\u00f1\u00eda STJ\",\"isPartOf\":{\"@id\":\"https:\\\/\\\/encompaniastj.org\\\/pt-pt\\\/#website\"},\"primaryImageOfPage\":{\"@id\":\"https:\\\/\\\/encompaniastj.org\\\/pt-pt\\\/ma-teresa-quintana-rodriguez-10-de-janeiro-de-2021-residencia-em-oviedo\\\/#primaryimage\"},\"image\":{\"@id\":\"https:\\\/\\\/encompaniastj.org\\\/pt-pt\\\/ma-teresa-quintana-rodriguez-10-de-janeiro-de-2021-residencia-em-oviedo\\\/#primaryimage\"},\"thumbnailUrl\":\"https:\\\/\\\/encompaniastj.org\\\/wp-content\\\/uploads\\\/2025\\\/05\\\/leaves-5667719_640.jpg\",\"datePublished\":\"2021-01-10T11:59:13+00:00\",\"dateModified\":\"2025-10-14T07:02:01+00:00\",\"breadcrumb\":{\"@id\":\"https:\\\/\\\/encompaniastj.org\\\/pt-pt\\\/ma-teresa-quintana-rodriguez-10-de-janeiro-de-2021-residencia-em-oviedo\\\/#breadcrumb\"},\"inLanguage\":\"pt-PT\",\"potentialAction\":[{\"@type\":\"ReadAction\",\"target\":[\"https:\\\/\\\/encompaniastj.org\\\/pt-pt\\\/ma-teresa-quintana-rodriguez-10-de-janeiro-de-2021-residencia-em-oviedo\\\/\"]}]},{\"@type\":\"ImageObject\",\"inLanguage\":\"pt-PT\",\"@id\":\"https:\\\/\\\/encompaniastj.org\\\/pt-pt\\\/ma-teresa-quintana-rodriguez-10-de-janeiro-de-2021-residencia-em-oviedo\\\/#primaryimage\",\"url\":\"https:\\\/\\\/encompaniastj.org\\\/wp-content\\\/uploads\\\/2025\\\/05\\\/leaves-5667719_640.jpg\",\"contentUrl\":\"https:\\\/\\\/encompaniastj.org\\\/wp-content\\\/uploads\\\/2025\\\/05\\\/leaves-5667719_640.jpg\",\"width\":640,\"height\":351},{\"@type\":\"BreadcrumbList\",\"@id\":\"https:\\\/\\\/encompaniastj.org\\\/pt-pt\\\/ma-teresa-quintana-rodriguez-10-de-janeiro-de-2021-residencia-em-oviedo\\\/#breadcrumb\",\"itemListElement\":[{\"@type\":\"ListItem\",\"position\":1,\"name\":\"Portada\",\"item\":\"https:\\\/\\\/encompaniastj.org\\\/pt-pt\\\/\"},{\"@type\":\"ListItem\",\"position\":2,\"name\":\"M\u00aa Teresa Quintana Rodr\u00edguez. 10 de janeiro de 2021. (Resid\u00eancia em Oviedo)\"}]},{\"@type\":\"WebSite\",\"@id\":\"https:\\\/\\\/encompaniastj.org\\\/pt-pt\\\/#website\",\"url\":\"https:\\\/\\\/encompaniastj.org\\\/pt-pt\\\/\",\"name\":\"En Compa\u00f1\u00eda STJ\",\"description\":\"Bolet\u00edn de la Compa\u00f1\u00eda de Santa Teresa de Jes\u00fas\",\"publisher\":{\"@id\":\"https:\\\/\\\/encompaniastj.org\\\/pt-pt\\\/#organization\"},\"potentialAction\":[{\"@type\":\"SearchAction\",\"target\":{\"@type\":\"EntryPoint\",\"urlTemplate\":\"https:\\\/\\\/encompaniastj.org\\\/pt-pt\\\/?s={search_term_string}\"},\"query-input\":{\"@type\":\"PropertyValueSpecification\",\"valueRequired\":true,\"valueName\":\"search_term_string\"}}],\"inLanguage\":\"pt-PT\"},{\"@type\":\"Organization\",\"@id\":\"https:\\\/\\\/encompaniastj.org\\\/pt-pt\\\/#organization\",\"name\":\"Compa\u00f1\u00eda de Santa Teresa de Jes\u00fas\",\"url\":\"https:\\\/\\\/encompaniastj.org\\\/pt-pt\\\/\",\"logo\":{\"@type\":\"ImageObject\",\"inLanguage\":\"pt-PT\",\"@id\":\"https:\\\/\\\/encompaniastj.org\\\/pt-pt\\\/#\\\/schema\\\/logo\\\/image\\\/\",\"url\":\"https:\\\/\\\/encompaniastj.org\\\/wp-content\\\/uploads\\\/2025\\\/04\\\/logo_provincias02-1-3.png\",\"contentUrl\":\"https:\\\/\\\/encompaniastj.org\\\/wp-content\\\/uploads\\\/2025\\\/04\\\/logo_provincias02-1-3.png\",\"width\":2368,\"height\":825,\"caption\":\"Compa\u00f1\u00eda de Santa Teresa de Jes\u00fas\"},\"image\":{\"@id\":\"https:\\\/\\\/encompaniastj.org\\\/pt-pt\\\/#\\\/schema\\\/logo\\\/image\\\/\"}},{\"@type\":\"Person\",\"@id\":\"https:\\\/\\\/encompaniastj.org\\\/pt-pt\\\/#\\\/schema\\\/person\\\/520e7ecc314793d40091993c2a02b651\",\"name\":\"admin\",\"image\":{\"@type\":\"ImageObject\",\"inLanguage\":\"pt-PT\",\"@id\":\"https:\\\/\\\/secure.gravatar.com\\\/avatar\\\/948b492cce32b586ac2db0eaa926ee87024f7afe218d73b397ea5ddfc5f43ea1?s=96&d=mm&r=g\",\"url\":\"https:\\\/\\\/secure.gravatar.com\\\/avatar\\\/948b492cce32b586ac2db0eaa926ee87024f7afe218d73b397ea5ddfc5f43ea1?s=96&d=mm&r=g\",\"contentUrl\":\"https:\\\/\\\/secure.gravatar.com\\\/avatar\\\/948b492cce32b586ac2db0eaa926ee87024f7afe218d73b397ea5ddfc5f43ea1?s=96&d=mm&r=g\",\"caption\":\"admin\"},\"sameAs\":[\"https:\\\/\\\/encompaniastj.org\"],\"url\":\"https:\\\/\\\/encompaniastj.org\\\/pt-pt\\\/author\\\/sjdigital\\\/\"}]}<\/script>\n<!-- \/ Yoast SEO plugin. -->","yoast_head_json":{"title":"M\u00aa Teresa Quintana Rodr\u00edguez. 10 de janeiro de 2021. (Resid\u00eancia em Oviedo) - En Compa\u00f1\u00eda STJ","robots":{"index":"index","follow":"follow","max-snippet":"max-snippet:-1","max-image-preview":"max-image-preview:large","max-video-preview":"max-video-preview:-1"},"canonical":"https:\/\/encompaniastj.org\/pt-pt\/ma-teresa-quintana-rodriguez-10-de-janeiro-de-2021-residencia-em-oviedo\/","og_locale":"pt_PT","og_type":"article","og_title":"M\u00aa Teresa Quintana Rodr\u00edguez. 10 de janeiro de 2021. (Resid\u00eancia em Oviedo) - En Compa\u00f1\u00eda STJ","og_description":"Na madrugada de 10 de janeiro de do novo ano de 2021, M\u00aa Teresa deixou-nos. M\u00aa Teresa nasceu em Firgas, Gran Canaria, e da ilha veio para a pen\u00ednsula para [&hellip;]","og_url":"https:\/\/encompaniastj.org\/pt-pt\/ma-teresa-quintana-rodriguez-10-de-janeiro-de-2021-residencia-em-oviedo\/","og_site_name":"En Compa\u00f1\u00eda STJ","article_published_time":"2021-01-10T11:59:13+00:00","article_modified_time":"2025-10-14T07:02:01+00:00","og_image":[{"width":640,"height":351,"url":"https:\/\/encompaniastj.org\/wp-content\/uploads\/2025\/05\/leaves-5667719_640.jpg","type":"image\/jpeg"}],"author":"admin","twitter_card":"summary_large_image","twitter_misc":{"Escrito por":"admin","Tempo estimado de leitura":"1 minuto"},"schema":{"@context":"https:\/\/schema.org","@graph":[{"@type":"Article","@id":"https:\/\/encompaniastj.org\/pt-pt\/ma-teresa-quintana-rodriguez-10-de-janeiro-de-2021-residencia-em-oviedo\/#article","isPartOf":{"@id":"https:\/\/encompaniastj.org\/pt-pt\/ma-teresa-quintana-rodriguez-10-de-janeiro-de-2021-residencia-em-oviedo\/"},"author":{"name":"admin","@id":"https:\/\/encompaniastj.org\/pt-pt\/#\/schema\/person\/520e7ecc314793d40091993c2a02b651"},"headline":"M\u00aa Teresa Quintana Rodr\u00edguez. 10 de janeiro de 2021. (Resid\u00eancia em Oviedo)","datePublished":"2021-01-10T11:59:13+00:00","dateModified":"2025-10-14T07:02:01+00:00","mainEntityOfPage":{"@id":"https:\/\/encompaniastj.org\/pt-pt\/ma-teresa-quintana-rodriguez-10-de-janeiro-de-2021-residencia-em-oviedo\/"},"wordCount":271,"commentCount":0,"publisher":{"@id":"https:\/\/encompaniastj.org\/pt-pt\/#organization"},"image":{"@id":"https:\/\/encompaniastj.org\/pt-pt\/ma-teresa-quintana-rodriguez-10-de-janeiro-de-2021-residencia-em-oviedo\/#primaryimage"},"thumbnailUrl":"https:\/\/encompaniastj.org\/wp-content\/uploads\/2025\/05\/leaves-5667719_640.jpg","articleSection":["Fallecimientos"],"inLanguage":"pt-PT","potentialAction":[{"@type":"CommentAction","name":"Comment","target":["https:\/\/encompaniastj.org\/pt-pt\/ma-teresa-quintana-rodriguez-10-de-janeiro-de-2021-residencia-em-oviedo\/#respond"]}]},{"@type":"WebPage","@id":"https:\/\/encompaniastj.org\/pt-pt\/ma-teresa-quintana-rodriguez-10-de-janeiro-de-2021-residencia-em-oviedo\/","url":"https:\/\/encompaniastj.org\/pt-pt\/ma-teresa-quintana-rodriguez-10-de-janeiro-de-2021-residencia-em-oviedo\/","name":"M\u00aa Teresa Quintana Rodr\u00edguez. 10 de janeiro de 2021. (Resid\u00eancia em Oviedo) - En Compa\u00f1\u00eda STJ","isPartOf":{"@id":"https:\/\/encompaniastj.org\/pt-pt\/#website"},"primaryImageOfPage":{"@id":"https:\/\/encompaniastj.org\/pt-pt\/ma-teresa-quintana-rodriguez-10-de-janeiro-de-2021-residencia-em-oviedo\/#primaryimage"},"image":{"@id":"https:\/\/encompaniastj.org\/pt-pt\/ma-teresa-quintana-rodriguez-10-de-janeiro-de-2021-residencia-em-oviedo\/#primaryimage"},"thumbnailUrl":"https:\/\/encompaniastj.org\/wp-content\/uploads\/2025\/05\/leaves-5667719_640.jpg","datePublished":"2021-01-10T11:59:13+00:00","dateModified":"2025-10-14T07:02:01+00:00","breadcrumb":{"@id":"https:\/\/encompaniastj.org\/pt-pt\/ma-teresa-quintana-rodriguez-10-de-janeiro-de-2021-residencia-em-oviedo\/#breadcrumb"},"inLanguage":"pt-PT","potentialAction":[{"@type":"ReadAction","target":["https:\/\/encompaniastj.org\/pt-pt\/ma-teresa-quintana-rodriguez-10-de-janeiro-de-2021-residencia-em-oviedo\/"]}]},{"@type":"ImageObject","inLanguage":"pt-PT","@id":"https:\/\/encompaniastj.org\/pt-pt\/ma-teresa-quintana-rodriguez-10-de-janeiro-de-2021-residencia-em-oviedo\/#primaryimage","url":"https:\/\/encompaniastj.org\/wp-content\/uploads\/2025\/05\/leaves-5667719_640.jpg","contentUrl":"https:\/\/encompaniastj.org\/wp-content\/uploads\/2025\/05\/leaves-5667719_640.jpg","width":640,"height":351},{"@type":"BreadcrumbList","@id":"https:\/\/encompaniastj.org\/pt-pt\/ma-teresa-quintana-rodriguez-10-de-janeiro-de-2021-residencia-em-oviedo\/#breadcrumb","itemListElement":[{"@type":"ListItem","position":1,"name":"Portada","item":"https:\/\/encompaniastj.org\/pt-pt\/"},{"@type":"ListItem","position":2,"name":"M\u00aa Teresa Quintana Rodr\u00edguez. 10 de janeiro de 2021. (Resid\u00eancia em Oviedo)"}]},{"@type":"WebSite","@id":"https:\/\/encompaniastj.org\/pt-pt\/#website","url":"https:\/\/encompaniastj.org\/pt-pt\/","name":"En Compa\u00f1\u00eda STJ","description":"Bolet\u00edn de la Compa\u00f1\u00eda de Santa Teresa de Jes\u00fas","publisher":{"@id":"https:\/\/encompaniastj.org\/pt-pt\/#organization"},"potentialAction":[{"@type":"SearchAction","target":{"@type":"EntryPoint","urlTemplate":"https:\/\/encompaniastj.org\/pt-pt\/?s={search_term_string}"},"query-input":{"@type":"PropertyValueSpecification","valueRequired":true,"valueName":"search_term_string"}}],"inLanguage":"pt-PT"},{"@type":"Organization","@id":"https:\/\/encompaniastj.org\/pt-pt\/#organization","name":"Compa\u00f1\u00eda de Santa Teresa de Jes\u00fas","url":"https:\/\/encompaniastj.org\/pt-pt\/","logo":{"@type":"ImageObject","inLanguage":"pt-PT","@id":"https:\/\/encompaniastj.org\/pt-pt\/#\/schema\/logo\/image\/","url":"https:\/\/encompaniastj.org\/wp-content\/uploads\/2025\/04\/logo_provincias02-1-3.png","contentUrl":"https:\/\/encompaniastj.org\/wp-content\/uploads\/2025\/04\/logo_provincias02-1-3.png","width":2368,"height":825,"caption":"Compa\u00f1\u00eda de Santa Teresa de Jes\u00fas"},"image":{"@id":"https:\/\/encompaniastj.org\/pt-pt\/#\/schema\/logo\/image\/"}},{"@type":"Person","@id":"https:\/\/encompaniastj.org\/pt-pt\/#\/schema\/person\/520e7ecc314793d40091993c2a02b651","name":"admin","image":{"@type":"ImageObject","inLanguage":"pt-PT","@id":"https:\/\/secure.gravatar.com\/avatar\/948b492cce32b586ac2db0eaa926ee87024f7afe218d73b397ea5ddfc5f43ea1?s=96&d=mm&r=g","url":"https:\/\/secure.gravatar.com\/avatar\/948b492cce32b586ac2db0eaa926ee87024f7afe218d73b397ea5ddfc5f43ea1?s=96&d=mm&r=g","contentUrl":"https:\/\/secure.gravatar.com\/avatar\/948b492cce32b586ac2db0eaa926ee87024f7afe218d73b397ea5ddfc5f43ea1?s=96&d=mm&r=g","caption":"admin"},"sameAs":["https:\/\/encompaniastj.org"],"url":"https:\/\/encompaniastj.org\/pt-pt\/author\/sjdigital\/"}]}},"_links":{"self":[{"href":"https:\/\/encompaniastj.org\/pt-pt\/wp-json\/wp\/v2\/posts\/14021","targetHints":{"allow":["GET"]}}],"collection":[{"href":"https:\/\/encompaniastj.org\/pt-pt\/wp-json\/wp\/v2\/posts"}],"about":[{"href":"https:\/\/encompaniastj.org\/pt-pt\/wp-json\/wp\/v2\/types\/post"}],"author":[{"embeddable":true,"href":"https:\/\/encompaniastj.org\/pt-pt\/wp-json\/wp\/v2\/users\/1"}],"replies":[{"embeddable":true,"href":"https:\/\/encompaniastj.org\/pt-pt\/wp-json\/wp\/v2\/comments?post=14021"}],"version-history":[{"count":1,"href":"https:\/\/encompaniastj.org\/pt-pt\/wp-json\/wp\/v2\/posts\/14021\/revisions"}],"predecessor-version":[{"id":14023,"href":"https:\/\/encompaniastj.org\/pt-pt\/wp-json\/wp\/v2\/posts\/14021\/revisions\/14023"}],"wp:featuredmedia":[{"embeddable":true,"href":"https:\/\/encompaniastj.org\/pt-pt\/wp-json\/wp\/v2\/media\/7637"}],"wp:attachment":[{"href":"https:\/\/encompaniastj.org\/pt-pt\/wp-json\/wp\/v2\/media?parent=14021"}],"wp:term":[{"taxonomy":"category","embeddable":true,"href":"https:\/\/encompaniastj.org\/pt-pt\/wp-json\/wp\/v2\/categories?post=14021"},{"taxonomy":"post_tag","embeddable":true,"href":"https:\/\/encompaniastj.org\/pt-pt\/wp-json\/wp\/v2\/tags?post=14021"}],"curies":[{"name":"wp","href":"https:\/\/api.w.org\/{rel}","templated":true}]}}