{"id":14018,"date":"2021-01-26T08:39:41","date_gmt":"2021-01-26T07:39:41","guid":{"rendered":"https:\/\/encompaniastj.org\/e-tempo-de-nos-unirmos-e-produzirmos-frutos-de-saude\/"},"modified":"2025-10-14T09:02:00","modified_gmt":"2025-10-14T07:02:00","slug":"e-tempo-de-nos-unirmos-e-produzirmos-frutos-de-saude","status":"publish","type":"post","link":"https:\/\/encompaniastj.org\/pt-pt\/e-tempo-de-nos-unirmos-e-produzirmos-frutos-de-saude\/","title":{"rendered":"\u00c9 TEMPO DE NOS UNIRMOS E PRODUZIRMOS FRUTOS DE SA\u00daDE"},"content":{"rendered":"\n<p>Foi assim que se concretizou tudo o que\nsonhou e Enrique de Oss\u00f3 p\u00f4s em pr\u00e1tica: <em>produzir\nfrutos de sa\u00fade<\/em>. Com as crian\u00e7as, com os jovens e as mulheres, com os<x id=\"gid_3\"><\/x>oper\u00e1rios, com toda a Fam\u00edlia Teresiana, que ele chamou \"Irmandade Teresiana<x id=\"gid_4\"><\/x>Universal\" j\u00e1 em 1877. Tinha descoberto em Teresa de Jesus os meios para\nregenerar a sociedade do seu tempo <em>, tal\nvez em dez anos <\/em>- dizia - e tinha experimentado que os seus ensinamentos moviam\nna vida pr\u00e1tica a conhecermo-nos melhor e a crescer como pessoas, a procurar caminhos\npara o bem e para a verdade, a unir-nos como <em>fortes amigos\nde Deus<\/em>, a reconhecer a dignidade das pessoas e a acreditar que \u00e9\nposs\u00edvel - como da minhoca \u00e0 borboleta - a transforma\u00e7\u00e3o pessoal e social.  <\/p>\n\n<p>Em Santo Henrique o sonho foi um fogo\nno seu cora\u00e7\u00e3o que espalhou fa\u00edscas desse ardor e entusiasmo e o moveu a\np\u00f4r <em>m\u00e3os \u00e0 obra<\/em>, a procurar como\nunir cora\u00e7\u00f5es e m\u00e3os e lan\u00e7ar sementes teresianas que dessem <em>frutos de sa\u00fade<\/em>. E, como procurava o maior\nbem, tamb\u00e9m p\u00f4s as melhores condi\u00e7\u00f5es, entre elas, a de <em>se unir<\/em> para que <em>os esfor\u00e7os n\u00e3o fossem individuais e isolados<\/em>.<\/p>\n\n<p>Al\u00e9m disso, imprime a estas\npreocupa\u00e7\u00f5es apost\u00f3licas o selo teresiano da <em>determina\u00e7\u00e3o determinada<\/em>, com a qual procura n\u00e3o atrasar as ac\u00e7\u00f5es em\ntempo, tendo claro o fim e os meios: <em>\u00c9 tempo agora, porque o novo ano exige vida nova, \u00e9 tempo agora,\ndizemos n\u00f3s, de p\u00f4r em obra o que ent\u00e3o era apenas um projeto.... <\/em> <\/p>\n\n<p>Quer <em>produzir frutos de sa\u00fade<\/em>.  <\/p>\n\n<p>N\u00e3o tem d\u00favidas de que tem de\nser atrav\u00e9s da uni\u00e3o de for\u00e7as e \u00e9 por isso que pede <em>uma a\u00e7\u00e3o concertada,\npara unir, para aproximar os cora\u00e7\u00f5es, para comunicar, para que as cabe\u00e7as estejam\nde acordo....<\/em> <\/p>\n\n<p>Semeou <em>sementes teresianas, movido pelo seu amor \u00e0 Santa\ndos nossos cora\u00e7\u00f5es.<\/em><\/p>\n\n<p>Insistiu que <em>\u00e9 absolutamente essencial ter o mesmo objetivo\n, contar com as for\u00e7as e os meios dispon\u00edveis para o alcan\u00e7ar.<\/em> <\/p>\n\n<p><em>Ent\u00e3o o que \u00e9 que falta,<\/em> pergunta-se ele <em>?<\/em> <\/p>\n\n<p>Estamos em janeiro de 2021 e agora cada um de n\u00f3s, teresianos, seja qual for o v\u00ednculo que nos une\na esta fam\u00edlia, est\u00e1 a entrar\nem a\u00e7\u00e3o. Ent\u00e3o, o que falta? Tamb\u00e9m eu, como o Padre\nEnrique, preciso de dizer: <em>\u00e9 tempo, pois\no novo ano exige vida nova, \u00e9 tempo de p\u00f4r m\u00e3os \u00e0 obra o que era apenas um\nprojeto...<\/em>  <\/p>\n\n<p>Dentro de poucos dias celebraremos o 125\u00ba anivers\u00e1rio da morte de Santo Henrique de Osso,\n. Celebrar ser\u00e1 recordar,\nreconhecer, agradecer, alegrarmo-nos como fam\u00edlia teresiana... e talvez permitirmo-nos olhar\npessoalmente para ele hoje e ouvi-lo dizer-nos: <em>Que possamos apresentar-lhe <\/em>- ao Santo -<em> ap\u00f3stolos teresianos em vez dos peregrinos teresianos que lhe apresent\u00e1mos\nno ano anterior!<\/em> Acolher este seu desejo significar\u00e1 deixar tocar o nosso cora\u00e7\u00e3o,\nolhar para o momento presente da nossa vida, cada um de n\u00f3s a partir da sua voca\u00e7\u00e3o, lugar\nde vida, de rela\u00e7\u00f5es e de trabalho, e <em>p\u00f4r\nm\u00e3os \u00e0 obra <\/em>onde j\u00e1 nos esperam os que mais precisam de n\u00f3s. <\/p>\n\n<p>Por onde \u00e9 que come\u00e7amos?\n  <em>Gra\u00e7as a Deus que vimos\numa Santa que todos podemos imitar. Come, bebe, dorme, ri como n\u00f3s.\n\u00c9 af\u00e1vel no trato, com um cora\u00e7\u00e3o maternal e compassivo, amiga do bem e\nsempre encorajadora sem constranger o esp\u00edrito, mas antes alargando sempre o cora\u00e7\u00e3o\n. Como ela diz bem: \"Que nada te perturbe, que nada te assuste, s\u00f3 Deus basta! Ela\n\u00e9 a primeira a dar o exemplo.   <\/em> <\/p>\n\n<p><em>Que Jesus e a sua Teresa e que todos n\u00f3s o mere\u00e7amos com as nossas ora\u00e7\u00f5es e\nboas ac\u00e7\u00f5es, que seja uma verdade.<\/em> Nunca melhor dito! Ser\u00e1 a melhor maneira\nde honrar a sua mem\u00f3ria e <em>produzir frutos de\nsa\u00fade.<\/em> <\/p>\n","protected":false},"excerpt":{"rendered":"<p>Foi assim que se concretizou tudo o que sonhou e Enrique de Oss\u00f3 p\u00f4s em pr\u00e1tica: produzir frutos de sa\u00fade. Com as crian\u00e7as, com os jovens e as mulheres, com [&hellip;]<\/p>\n","protected":false},"author":1,"featured_media":7644,"comment_status":"open","ping_status":"open","sticky":false,"template":"","format":"standard","meta":{"_acf_changed":false,"footnotes":""},"categories":[77],"tags":[],"class_list":["post-14018","post","type-post","status-publish","format-standard","has-post-thumbnail","hentry","category-palabras"],"acf":[],"yoast_head":"<!-- This site is optimized with the Yoast SEO plugin v27.5 - https:\/\/yoast.com\/product\/yoast-seo-wordpress\/ -->\n<title>\u00c9 TEMPO DE NOS UNIRMOS E PRODUZIRMOS FRUTOS DE SA\u00daDE - En Compa\u00f1\u00eda STJ<\/title>\n<meta name=\"robots\" content=\"index, follow, max-snippet:-1, max-image-preview:large, max-video-preview:-1\" \/>\n<link rel=\"canonical\" href=\"https:\/\/encompaniastj.org\/pt-pt\/e-tempo-de-nos-unirmos-e-produzirmos-frutos-de-saude\/\" \/>\n<meta property=\"og:locale\" content=\"pt_PT\" \/>\n<meta property=\"og:type\" content=\"article\" \/>\n<meta property=\"og:title\" content=\"\u00c9 TEMPO DE NOS UNIRMOS E PRODUZIRMOS FRUTOS DE SA\u00daDE - En Compa\u00f1\u00eda STJ\" \/>\n<meta property=\"og:description\" content=\"Foi assim que se concretizou tudo o que sonhou e Enrique de Oss\u00f3 p\u00f4s em pr\u00e1tica: produzir frutos de sa\u00fade. Com as crian\u00e7as, com os jovens e as mulheres, com [&hellip;]\" \/>\n<meta property=\"og:url\" content=\"https:\/\/encompaniastj.org\/pt-pt\/e-tempo-de-nos-unirmos-e-produzirmos-frutos-de-saude\/\" \/>\n<meta property=\"og:site_name\" content=\"En Compa\u00f1\u00eda STJ\" \/>\n<meta property=\"article:published_time\" content=\"2021-01-26T07:39:41+00:00\" \/>\n<meta property=\"article:modified_time\" content=\"2025-10-14T07:02:00+00:00\" \/>\n<meta property=\"og:image\" content=\"https:\/\/encompaniastj.org\/wp-content\/uploads\/2025\/05\/GRANADA-ABIERTA.jpg\" \/>\n\t<meta property=\"og:image:width\" content=\"959\" \/>\n\t<meta property=\"og:image:height\" content=\"1279\" \/>\n\t<meta property=\"og:image:type\" content=\"image\/jpeg\" \/>\n<meta name=\"author\" content=\"admin\" \/>\n<meta name=\"twitter:card\" content=\"summary_large_image\" \/>\n<meta name=\"twitter:label1\" content=\"Escrito por\" \/>\n\t<meta name=\"twitter:data1\" content=\"admin\" \/>\n\t<meta name=\"twitter:label2\" content=\"Tempo estimado de leitura\" \/>\n\t<meta name=\"twitter:data2\" content=\"3 minutos\" \/>\n<script type=\"application\/ld+json\" class=\"yoast-schema-graph\">{\"@context\":\"https:\\\/\\\/schema.org\",\"@graph\":[{\"@type\":\"Article\",\"@id\":\"https:\\\/\\\/encompaniastj.org\\\/pt-pt\\\/e-tempo-de-nos-unirmos-e-produzirmos-frutos-de-saude\\\/#article\",\"isPartOf\":{\"@id\":\"https:\\\/\\\/encompaniastj.org\\\/pt-pt\\\/e-tempo-de-nos-unirmos-e-produzirmos-frutos-de-saude\\\/\"},\"author\":{\"name\":\"admin\",\"@id\":\"https:\\\/\\\/encompaniastj.org\\\/pt-pt\\\/#\\\/schema\\\/person\\\/520e7ecc314793d40091993c2a02b651\"},\"headline\":\"\u00c9 TEMPO DE NOS UNIRMOS E PRODUZIRMOS FRUTOS DE SA\u00daDE\",\"datePublished\":\"2021-01-26T07:39:41+00:00\",\"dateModified\":\"2025-10-14T07:02:00+00:00\",\"mainEntityOfPage\":{\"@id\":\"https:\\\/\\\/encompaniastj.org\\\/pt-pt\\\/e-tempo-de-nos-unirmos-e-produzirmos-frutos-de-saude\\\/\"},\"wordCount\":682,\"commentCount\":0,\"publisher\":{\"@id\":\"https:\\\/\\\/encompaniastj.org\\\/pt-pt\\\/#organization\"},\"image\":{\"@id\":\"https:\\\/\\\/encompaniastj.org\\\/pt-pt\\\/e-tempo-de-nos-unirmos-e-produzirmos-frutos-de-saude\\\/#primaryimage\"},\"thumbnailUrl\":\"https:\\\/\\\/encompaniastj.org\\\/wp-content\\\/uploads\\\/2025\\\/05\\\/GRANADA-ABIERTA.jpg\",\"articleSection\":[\"Palabras\"],\"inLanguage\":\"pt-PT\",\"potentialAction\":[{\"@type\":\"CommentAction\",\"name\":\"Comment\",\"target\":[\"https:\\\/\\\/encompaniastj.org\\\/pt-pt\\\/e-tempo-de-nos-unirmos-e-produzirmos-frutos-de-saude\\\/#respond\"]}]},{\"@type\":\"WebPage\",\"@id\":\"https:\\\/\\\/encompaniastj.org\\\/pt-pt\\\/e-tempo-de-nos-unirmos-e-produzirmos-frutos-de-saude\\\/\",\"url\":\"https:\\\/\\\/encompaniastj.org\\\/pt-pt\\\/e-tempo-de-nos-unirmos-e-produzirmos-frutos-de-saude\\\/\",\"name\":\"\u00c9 TEMPO DE NOS UNIRMOS E PRODUZIRMOS FRUTOS DE SA\u00daDE - En Compa\u00f1\u00eda STJ\",\"isPartOf\":{\"@id\":\"https:\\\/\\\/encompaniastj.org\\\/pt-pt\\\/#website\"},\"primaryImageOfPage\":{\"@id\":\"https:\\\/\\\/encompaniastj.org\\\/pt-pt\\\/e-tempo-de-nos-unirmos-e-produzirmos-frutos-de-saude\\\/#primaryimage\"},\"image\":{\"@id\":\"https:\\\/\\\/encompaniastj.org\\\/pt-pt\\\/e-tempo-de-nos-unirmos-e-produzirmos-frutos-de-saude\\\/#primaryimage\"},\"thumbnailUrl\":\"https:\\\/\\\/encompaniastj.org\\\/wp-content\\\/uploads\\\/2025\\\/05\\\/GRANADA-ABIERTA.jpg\",\"datePublished\":\"2021-01-26T07:39:41+00:00\",\"dateModified\":\"2025-10-14T07:02:00+00:00\",\"breadcrumb\":{\"@id\":\"https:\\\/\\\/encompaniastj.org\\\/pt-pt\\\/e-tempo-de-nos-unirmos-e-produzirmos-frutos-de-saude\\\/#breadcrumb\"},\"inLanguage\":\"pt-PT\",\"potentialAction\":[{\"@type\":\"ReadAction\",\"target\":[\"https:\\\/\\\/encompaniastj.org\\\/pt-pt\\\/e-tempo-de-nos-unirmos-e-produzirmos-frutos-de-saude\\\/\"]}]},{\"@type\":\"ImageObject\",\"inLanguage\":\"pt-PT\",\"@id\":\"https:\\\/\\\/encompaniastj.org\\\/pt-pt\\\/e-tempo-de-nos-unirmos-e-produzirmos-frutos-de-saude\\\/#primaryimage\",\"url\":\"https:\\\/\\\/encompaniastj.org\\\/wp-content\\\/uploads\\\/2025\\\/05\\\/GRANADA-ABIERTA.jpg\",\"contentUrl\":\"https:\\\/\\\/encompaniastj.org\\\/wp-content\\\/uploads\\\/2025\\\/05\\\/GRANADA-ABIERTA.jpg\",\"width\":959,\"height\":1279},{\"@type\":\"BreadcrumbList\",\"@id\":\"https:\\\/\\\/encompaniastj.org\\\/pt-pt\\\/e-tempo-de-nos-unirmos-e-produzirmos-frutos-de-saude\\\/#breadcrumb\",\"itemListElement\":[{\"@type\":\"ListItem\",\"position\":1,\"name\":\"Portada\",\"item\":\"https:\\\/\\\/encompaniastj.org\\\/pt-pt\\\/\"},{\"@type\":\"ListItem\",\"position\":2,\"name\":\"\u00c9 TEMPO DE NOS UNIRMOS E PRODUZIRMOS FRUTOS DE SA\u00daDE\"}]},{\"@type\":\"WebSite\",\"@id\":\"https:\\\/\\\/encompaniastj.org\\\/pt-pt\\\/#website\",\"url\":\"https:\\\/\\\/encompaniastj.org\\\/pt-pt\\\/\",\"name\":\"En Compa\u00f1\u00eda STJ\",\"description\":\"Bolet\u00edn de la Compa\u00f1\u00eda de Santa Teresa de Jes\u00fas\",\"publisher\":{\"@id\":\"https:\\\/\\\/encompaniastj.org\\\/pt-pt\\\/#organization\"},\"potentialAction\":[{\"@type\":\"SearchAction\",\"target\":{\"@type\":\"EntryPoint\",\"urlTemplate\":\"https:\\\/\\\/encompaniastj.org\\\/pt-pt\\\/?s={search_term_string}\"},\"query-input\":{\"@type\":\"PropertyValueSpecification\",\"valueRequired\":true,\"valueName\":\"search_term_string\"}}],\"inLanguage\":\"pt-PT\"},{\"@type\":\"Organization\",\"@id\":\"https:\\\/\\\/encompaniastj.org\\\/pt-pt\\\/#organization\",\"name\":\"Compa\u00f1\u00eda de Santa Teresa de Jes\u00fas\",\"url\":\"https:\\\/\\\/encompaniastj.org\\\/pt-pt\\\/\",\"logo\":{\"@type\":\"ImageObject\",\"inLanguage\":\"pt-PT\",\"@id\":\"https:\\\/\\\/encompaniastj.org\\\/pt-pt\\\/#\\\/schema\\\/logo\\\/image\\\/\",\"url\":\"https:\\\/\\\/encompaniastj.org\\\/wp-content\\\/uploads\\\/2025\\\/04\\\/logo_provincias02-1-3.png\",\"contentUrl\":\"https:\\\/\\\/encompaniastj.org\\\/wp-content\\\/uploads\\\/2025\\\/04\\\/logo_provincias02-1-3.png\",\"width\":2368,\"height\":825,\"caption\":\"Compa\u00f1\u00eda de Santa Teresa de Jes\u00fas\"},\"image\":{\"@id\":\"https:\\\/\\\/encompaniastj.org\\\/pt-pt\\\/#\\\/schema\\\/logo\\\/image\\\/\"}},{\"@type\":\"Person\",\"@id\":\"https:\\\/\\\/encompaniastj.org\\\/pt-pt\\\/#\\\/schema\\\/person\\\/520e7ecc314793d40091993c2a02b651\",\"name\":\"admin\",\"image\":{\"@type\":\"ImageObject\",\"inLanguage\":\"pt-PT\",\"@id\":\"https:\\\/\\\/secure.gravatar.com\\\/avatar\\\/948b492cce32b586ac2db0eaa926ee87024f7afe218d73b397ea5ddfc5f43ea1?s=96&d=mm&r=g\",\"url\":\"https:\\\/\\\/secure.gravatar.com\\\/avatar\\\/948b492cce32b586ac2db0eaa926ee87024f7afe218d73b397ea5ddfc5f43ea1?s=96&d=mm&r=g\",\"contentUrl\":\"https:\\\/\\\/secure.gravatar.com\\\/avatar\\\/948b492cce32b586ac2db0eaa926ee87024f7afe218d73b397ea5ddfc5f43ea1?s=96&d=mm&r=g\",\"caption\":\"admin\"},\"sameAs\":[\"https:\\\/\\\/encompaniastj.org\"],\"url\":\"https:\\\/\\\/encompaniastj.org\\\/pt-pt\\\/author\\\/sjdigital\\\/\"}]}<\/script>\n<!-- \/ Yoast SEO plugin. -->","yoast_head_json":{"title":"\u00c9 TEMPO DE NOS UNIRMOS E PRODUZIRMOS FRUTOS DE SA\u00daDE - En Compa\u00f1\u00eda STJ","robots":{"index":"index","follow":"follow","max-snippet":"max-snippet:-1","max-image-preview":"max-image-preview:large","max-video-preview":"max-video-preview:-1"},"canonical":"https:\/\/encompaniastj.org\/pt-pt\/e-tempo-de-nos-unirmos-e-produzirmos-frutos-de-saude\/","og_locale":"pt_PT","og_type":"article","og_title":"\u00c9 TEMPO DE NOS UNIRMOS E PRODUZIRMOS FRUTOS DE SA\u00daDE - En Compa\u00f1\u00eda STJ","og_description":"Foi assim que se concretizou tudo o que sonhou e Enrique de Oss\u00f3 p\u00f4s em pr\u00e1tica: produzir frutos de sa\u00fade. Com as crian\u00e7as, com os jovens e as mulheres, com [&hellip;]","og_url":"https:\/\/encompaniastj.org\/pt-pt\/e-tempo-de-nos-unirmos-e-produzirmos-frutos-de-saude\/","og_site_name":"En Compa\u00f1\u00eda STJ","article_published_time":"2021-01-26T07:39:41+00:00","article_modified_time":"2025-10-14T07:02:00+00:00","og_image":[{"width":959,"height":1279,"url":"https:\/\/encompaniastj.org\/wp-content\/uploads\/2025\/05\/GRANADA-ABIERTA.jpg","type":"image\/jpeg"}],"author":"admin","twitter_card":"summary_large_image","twitter_misc":{"Escrito por":"admin","Tempo estimado de leitura":"3 minutos"},"schema":{"@context":"https:\/\/schema.org","@graph":[{"@type":"Article","@id":"https:\/\/encompaniastj.org\/pt-pt\/e-tempo-de-nos-unirmos-e-produzirmos-frutos-de-saude\/#article","isPartOf":{"@id":"https:\/\/encompaniastj.org\/pt-pt\/e-tempo-de-nos-unirmos-e-produzirmos-frutos-de-saude\/"},"author":{"name":"admin","@id":"https:\/\/encompaniastj.org\/pt-pt\/#\/schema\/person\/520e7ecc314793d40091993c2a02b651"},"headline":"\u00c9 TEMPO DE NOS UNIRMOS E PRODUZIRMOS FRUTOS DE SA\u00daDE","datePublished":"2021-01-26T07:39:41+00:00","dateModified":"2025-10-14T07:02:00+00:00","mainEntityOfPage":{"@id":"https:\/\/encompaniastj.org\/pt-pt\/e-tempo-de-nos-unirmos-e-produzirmos-frutos-de-saude\/"},"wordCount":682,"commentCount":0,"publisher":{"@id":"https:\/\/encompaniastj.org\/pt-pt\/#organization"},"image":{"@id":"https:\/\/encompaniastj.org\/pt-pt\/e-tempo-de-nos-unirmos-e-produzirmos-frutos-de-saude\/#primaryimage"},"thumbnailUrl":"https:\/\/encompaniastj.org\/wp-content\/uploads\/2025\/05\/GRANADA-ABIERTA.jpg","articleSection":["Palabras"],"inLanguage":"pt-PT","potentialAction":[{"@type":"CommentAction","name":"Comment","target":["https:\/\/encompaniastj.org\/pt-pt\/e-tempo-de-nos-unirmos-e-produzirmos-frutos-de-saude\/#respond"]}]},{"@type":"WebPage","@id":"https:\/\/encompaniastj.org\/pt-pt\/e-tempo-de-nos-unirmos-e-produzirmos-frutos-de-saude\/","url":"https:\/\/encompaniastj.org\/pt-pt\/e-tempo-de-nos-unirmos-e-produzirmos-frutos-de-saude\/","name":"\u00c9 TEMPO DE NOS UNIRMOS E PRODUZIRMOS FRUTOS DE SA\u00daDE - En Compa\u00f1\u00eda STJ","isPartOf":{"@id":"https:\/\/encompaniastj.org\/pt-pt\/#website"},"primaryImageOfPage":{"@id":"https:\/\/encompaniastj.org\/pt-pt\/e-tempo-de-nos-unirmos-e-produzirmos-frutos-de-saude\/#primaryimage"},"image":{"@id":"https:\/\/encompaniastj.org\/pt-pt\/e-tempo-de-nos-unirmos-e-produzirmos-frutos-de-saude\/#primaryimage"},"thumbnailUrl":"https:\/\/encompaniastj.org\/wp-content\/uploads\/2025\/05\/GRANADA-ABIERTA.jpg","datePublished":"2021-01-26T07:39:41+00:00","dateModified":"2025-10-14T07:02:00+00:00","breadcrumb":{"@id":"https:\/\/encompaniastj.org\/pt-pt\/e-tempo-de-nos-unirmos-e-produzirmos-frutos-de-saude\/#breadcrumb"},"inLanguage":"pt-PT","potentialAction":[{"@type":"ReadAction","target":["https:\/\/encompaniastj.org\/pt-pt\/e-tempo-de-nos-unirmos-e-produzirmos-frutos-de-saude\/"]}]},{"@type":"ImageObject","inLanguage":"pt-PT","@id":"https:\/\/encompaniastj.org\/pt-pt\/e-tempo-de-nos-unirmos-e-produzirmos-frutos-de-saude\/#primaryimage","url":"https:\/\/encompaniastj.org\/wp-content\/uploads\/2025\/05\/GRANADA-ABIERTA.jpg","contentUrl":"https:\/\/encompaniastj.org\/wp-content\/uploads\/2025\/05\/GRANADA-ABIERTA.jpg","width":959,"height":1279},{"@type":"BreadcrumbList","@id":"https:\/\/encompaniastj.org\/pt-pt\/e-tempo-de-nos-unirmos-e-produzirmos-frutos-de-saude\/#breadcrumb","itemListElement":[{"@type":"ListItem","position":1,"name":"Portada","item":"https:\/\/encompaniastj.org\/pt-pt\/"},{"@type":"ListItem","position":2,"name":"\u00c9 TEMPO DE NOS UNIRMOS E PRODUZIRMOS FRUTOS DE SA\u00daDE"}]},{"@type":"WebSite","@id":"https:\/\/encompaniastj.org\/pt-pt\/#website","url":"https:\/\/encompaniastj.org\/pt-pt\/","name":"En Compa\u00f1\u00eda STJ","description":"Bolet\u00edn de la Compa\u00f1\u00eda de Santa Teresa de Jes\u00fas","publisher":{"@id":"https:\/\/encompaniastj.org\/pt-pt\/#organization"},"potentialAction":[{"@type":"SearchAction","target":{"@type":"EntryPoint","urlTemplate":"https:\/\/encompaniastj.org\/pt-pt\/?s={search_term_string}"},"query-input":{"@type":"PropertyValueSpecification","valueRequired":true,"valueName":"search_term_string"}}],"inLanguage":"pt-PT"},{"@type":"Organization","@id":"https:\/\/encompaniastj.org\/pt-pt\/#organization","name":"Compa\u00f1\u00eda de Santa Teresa de Jes\u00fas","url":"https:\/\/encompaniastj.org\/pt-pt\/","logo":{"@type":"ImageObject","inLanguage":"pt-PT","@id":"https:\/\/encompaniastj.org\/pt-pt\/#\/schema\/logo\/image\/","url":"https:\/\/encompaniastj.org\/wp-content\/uploads\/2025\/04\/logo_provincias02-1-3.png","contentUrl":"https:\/\/encompaniastj.org\/wp-content\/uploads\/2025\/04\/logo_provincias02-1-3.png","width":2368,"height":825,"caption":"Compa\u00f1\u00eda de Santa Teresa de Jes\u00fas"},"image":{"@id":"https:\/\/encompaniastj.org\/pt-pt\/#\/schema\/logo\/image\/"}},{"@type":"Person","@id":"https:\/\/encompaniastj.org\/pt-pt\/#\/schema\/person\/520e7ecc314793d40091993c2a02b651","name":"admin","image":{"@type":"ImageObject","inLanguage":"pt-PT","@id":"https:\/\/secure.gravatar.com\/avatar\/948b492cce32b586ac2db0eaa926ee87024f7afe218d73b397ea5ddfc5f43ea1?s=96&d=mm&r=g","url":"https:\/\/secure.gravatar.com\/avatar\/948b492cce32b586ac2db0eaa926ee87024f7afe218d73b397ea5ddfc5f43ea1?s=96&d=mm&r=g","contentUrl":"https:\/\/secure.gravatar.com\/avatar\/948b492cce32b586ac2db0eaa926ee87024f7afe218d73b397ea5ddfc5f43ea1?s=96&d=mm&r=g","caption":"admin"},"sameAs":["https:\/\/encompaniastj.org"],"url":"https:\/\/encompaniastj.org\/pt-pt\/author\/sjdigital\/"}]}},"_links":{"self":[{"href":"https:\/\/encompaniastj.org\/pt-pt\/wp-json\/wp\/v2\/posts\/14018","targetHints":{"allow":["GET"]}}],"collection":[{"href":"https:\/\/encompaniastj.org\/pt-pt\/wp-json\/wp\/v2\/posts"}],"about":[{"href":"https:\/\/encompaniastj.org\/pt-pt\/wp-json\/wp\/v2\/types\/post"}],"author":[{"embeddable":true,"href":"https:\/\/encompaniastj.org\/pt-pt\/wp-json\/wp\/v2\/users\/1"}],"replies":[{"embeddable":true,"href":"https:\/\/encompaniastj.org\/pt-pt\/wp-json\/wp\/v2\/comments?post=14018"}],"version-history":[{"count":1,"href":"https:\/\/encompaniastj.org\/pt-pt\/wp-json\/wp\/v2\/posts\/14018\/revisions"}],"predecessor-version":[{"id":14019,"href":"https:\/\/encompaniastj.org\/pt-pt\/wp-json\/wp\/v2\/posts\/14018\/revisions\/14019"}],"wp:featuredmedia":[{"embeddable":true,"href":"https:\/\/encompaniastj.org\/pt-pt\/wp-json\/wp\/v2\/media\/7644"}],"wp:attachment":[{"href":"https:\/\/encompaniastj.org\/pt-pt\/wp-json\/wp\/v2\/media?parent=14018"}],"wp:term":[{"taxonomy":"category","embeddable":true,"href":"https:\/\/encompaniastj.org\/pt-pt\/wp-json\/wp\/v2\/categories?post=14018"},{"taxonomy":"post_tag","embeddable":true,"href":"https:\/\/encompaniastj.org\/pt-pt\/wp-json\/wp\/v2\/tags?post=14018"}],"curies":[{"name":"wp","href":"https:\/\/api.w.org\/{rel}","templated":true}]}}